{"id":28936,"date":"2017-12-22T14:12:33","date_gmt":"2017-12-22T14:12:33","guid":{"rendered":"https:\/\/www.institutodeengenharia.org.br\/?p=28936"},"modified":"2017-12-22T14:51:49","modified_gmt":"2017-12-22T14:51:49","slug":"franca-e-o-primeiro-pais-a-proibir-a-extracao-de-combustiveis-fosseis","status":"publish","type":"post","link":"https:\/\/www.institutodeengenharia.org.br\/site\/2017\/12\/22\/franca-e-o-primeiro-pais-a-proibir-a-extracao-de-combustiveis-fosseis\/","title":{"rendered":"Fran\u00e7a \u00e9 o primeiro pa\u00eds a proibir a extra\u00e7\u00e3o de combust\u00edveis f\u00f3sseis"},"content":{"rendered":"<p>A Fran\u00e7a aprovou um projeto de lei que pro\u00edbe a extra\u00e7\u00e3o de combust\u00edvel f\u00f3ssil ap\u00f3s um voto na Assembl\u00e9ia Nacional francesa. Come\u00e7ando imediatamente, n\u00e3o ser\u00e3o concedidas novas licen\u00e7as para extrair combust\u00edveis f\u00f3sseis, enquanto as licen\u00e7as existentes n\u00e3o ser\u00e3o renovadas ap\u00f3s 2040. Neste ponto, a produ\u00e7\u00e3o de petr\u00f3leo na Fran\u00e7a e seus territ\u00f3rios chegar\u00e1 ao fim.<\/p>\n<p>\u00c9 certo que o ato \u00e9 em grande parte simb\u00f3lico. A Fran\u00e7a n\u00e3o \u00e9 uma das principais na\u00e7\u00f5es produtoras de petr\u00f3leo do mundo \u2013 at\u00e9 99% do petr\u00f3leo do pa\u00eds \u00e9 importado. Isso significa que, na realidade, o projeto de lei afetar\u00e1 apenas uma por\u00e7\u00e3o muito pequena de combust\u00edveis f\u00f3sseis extra\u00eddos internamente e nos territ\u00f3rios ultramarinos do pa\u00eds. A Fran\u00e7a extrai cerca de 815 mil toneladas de petr\u00f3leo por ano. Para colocar isso em perspectiva, a Ar\u00e1bia Saudita pode produzir a mesma quantidade dentro de poucas horas.<\/p>\n<p>Mas ainda \u00e9 um passo importante na luta contra as mudan\u00e7as clim\u00e1ticas. O projeto de lei \u00e9 um primeiro hist\u00f3rico, tornando a Fran\u00e7a o primeiro pa\u00eds do mundo a se comprometer legalmente a proibir completamente a extra\u00e7\u00e3o de petr\u00f3leo e g\u00e1s com a esperan\u00e7a de que outros pa\u00edses sigam o exemplo deles. (Costa Rica emitiu uma proibi\u00e7\u00e3o tempor\u00e1ria sobre o desenvolvimento do petr\u00f3leo, mas, se n\u00e3o for renovada, isso expirar\u00e1 em 2021.)<\/p>\n<p>Em 2017, as emiss\u00f5es de di\u00f3xido de carbono aumentaram ap\u00f3s tr\u00eas anos de estabilidade, os cientistas previram que temos uma chance  de 5% de atingir nossos objetivos clim\u00e1ticos de Paris. Nas pr\u00f3prias palavras do presidente franc\u00eas Emmanuel Macron, \u00e9 hora de \u201ctornar nosso planeta novo novamente\u201d.<\/p>\n<p><b>Autor: Engenharia \u00e9<\/b><\/p>\n","protected":false},"excerpt":{"rendered":"<p>A produ\u00e7\u00e3o de petr\u00f3leo na Fran\u00e7a e seus territ\u00f3rios chegar\u00e1 ao fim.<\/p>\n","protected":false},"author":1,"featured_media":28937,"comment_status":"open","ping_status":"open","sticky":false,"template":"","format":"standard","meta":{"footnotes":""},"categories":[31,6],"tags":[],"class_list":{"0":"post-28936","1":"post","2":"type-post","3":"status-publish","4":"format-standard","5":"has-post-thumbnail","7":"category-meio-ambiente","8":"category-noticias"},"yoast_head":"<!-- This site is optimized with the Yoast SEO plugin v27.2 - https:\/\/yoast.com\/product\/yoast-seo-wordpress\/ -->\n<title>Fran\u00e7a \u00e9 o primeiro pa\u00eds a proibir a extra\u00e7\u00e3o de combust\u00edveis f\u00f3sseis - Instituto de Engenharia<\/title>\n<meta name=\"robots\" content=\"index, follow, max-snippet:-1, max-image-preview:large, max-video-preview:-1\" \/>\n<link rel=\"canonical\" href=\"https:\/\/www.institutodeengenharia.org.br\/site\/2017\/12\/22\/franca-e-o-primeiro-pais-a-proibir-a-extracao-de-combustiveis-fosseis\/\" \/>\n<meta property=\"og:locale\" content=\"pt_BR\" \/>\n<meta property=\"og:type\" content=\"article\" \/>\n<meta property=\"og:title\" content=\"Fran\u00e7a \u00e9 o primeiro pa\u00eds a proibir a extra\u00e7\u00e3o de combust\u00edveis f\u00f3sseis - Instituto de Engenharia\" \/>\n<meta property=\"og:description\" content=\"A produ\u00e7\u00e3o de petr\u00f3leo na Fran\u00e7a e seus territ\u00f3rios chegar\u00e1 ao fim.\" \/>\n<meta property=\"og:url\" content=\"https:\/\/www.institutodeengenharia.org.br\/site\/2017\/12\/22\/franca-e-o-primeiro-pais-a-proibir-a-extracao-de-combustiveis-fosseis\/\" \/>\n<meta property=\"og:site_name\" content=\"Instituto de Engenharia\" \/>\n<meta property=\"article:publisher\" content=\"https:\/\/www.facebook.com\/institutodeengenharia\" \/>\n<meta property=\"article:published_time\" content=\"2017-12-22T14:12:33+00:00\" \/>\n<meta property=\"article:modified_time\" content=\"2017-12-22T14:51:49+00:00\" \/>\n<meta property=\"og:image\" content=\"https:\/\/www.institutodeengenharia.org.br\/site\/wp-content\/uploads\/2018\/02\/extra%C3%A7%C3%A3o-de-petroleo-fran%C3%A7a-696x392.jpg\" \/>\n\t<meta property=\"og:image:width\" content=\"696\" \/>\n\t<meta property=\"og:image:height\" content=\"392\" \/>\n\t<meta property=\"og:image:type\" content=\"image\/jpeg\" \/>\n<meta name=\"author\" content=\"TMax Tecnologia\" \/>\n<meta name=\"twitter:card\" content=\"summary_large_image\" \/>\n<meta name=\"twitter:creator\" content=\"@iengenharia\" \/>\n<meta name=\"twitter:site\" content=\"@iengenharia\" \/>\n<meta name=\"twitter:label1\" content=\"Escrito por\" \/>\n\t<meta name=\"twitter:data1\" content=\"TMax Tecnologia\" \/>\n\t<meta name=\"twitter:label2\" content=\"Est. tempo de leitura\" \/>\n\t<meta name=\"twitter:data2\" content=\"2 minutos\" \/>\n<script type=\"application\/ld+json\" class=\"yoast-schema-graph\">{\"@context\":\"https:\/\/schema.org\",\"@graph\":[{\"@type\":\"Article\",\"@id\":\"https:\/\/www.institutodeengenharia.org.br\/site\/2017\/12\/22\/franca-e-o-primeiro-pais-a-proibir-a-extracao-de-combustiveis-fosseis\/#article\",\"isPartOf\":{\"@id\":\"https:\/\/www.institutodeengenharia.org.br\/site\/2017\/12\/22\/franca-e-o-primeiro-pais-a-proibir-a-extracao-de-combustiveis-fosseis\/\"},\"author\":{\"name\":\"TMax Tecnologia\",\"@id\":\"https:\/\/www.institutodeengenharia.org.br\/site\/#\/schema\/person\/3b1ff109facef084739fc2edcb9a127f\"},\"headline\":\"Fran\u00e7a \u00e9 o primeiro pa\u00eds a proibir a extra\u00e7\u00e3o de combust\u00edveis f\u00f3sseis\",\"datePublished\":\"2017-12-22T14:12:33+00:00\",\"dateModified\":\"2017-12-22T14:51:49+00:00\",\"mainEntityOfPage\":{\"@id\":\"https:\/\/www.institutodeengenharia.org.br\/site\/2017\/12\/22\/franca-e-o-primeiro-pais-a-proibir-a-extracao-de-combustiveis-fosseis\/\"},\"wordCount\":322,\"commentCount\":0,\"publisher\":{\"@id\":\"https:\/\/www.institutodeengenharia.org.br\/site\/#organization\"},\"image\":{\"@id\":\"https:\/\/www.institutodeengenharia.org.br\/site\/2017\/12\/22\/franca-e-o-primeiro-pais-a-proibir-a-extracao-de-combustiveis-fosseis\/#primaryimage\"},\"thumbnailUrl\":\"https:\/\/www.institutodeengenharia.org.br\/site\/wp-content\/uploads\/2018\/02\/extra%C3%A7%C3%A3o-de-petroleo-fran%C3%A7a-696x392.jpg\",\"articleSection\":[\"Meio Ambiente\",\"Not\u00edcias\"],\"inLanguage\":\"pt-BR\",\"potentialAction\":[{\"@type\":\"CommentAction\",\"name\":\"Comment\",\"target\":[\"https:\/\/www.institutodeengenharia.org.br\/site\/2017\/12\/22\/franca-e-o-primeiro-pais-a-proibir-a-extracao-de-combustiveis-fosseis\/#respond\"]}]},{\"@type\":\"WebPage\",\"@id\":\"https:\/\/www.institutodeengenharia.org.br\/site\/2017\/12\/22\/franca-e-o-primeiro-pais-a-proibir-a-extracao-de-combustiveis-fosseis\/\",\"url\":\"https:\/\/www.institutodeengenharia.org.br\/site\/2017\/12\/22\/franca-e-o-primeiro-pais-a-proibir-a-extracao-de-combustiveis-fosseis\/\",\"name\":\"Fran\u00e7a \u00e9 o primeiro pa\u00eds a proibir a extra\u00e7\u00e3o de combust\u00edveis f\u00f3sseis - Instituto de Engenharia\",\"isPartOf\":{\"@id\":\"https:\/\/www.institutodeengenharia.org.br\/site\/#website\"},\"primaryImageOfPage\":{\"@id\":\"https:\/\/www.institutodeengenharia.org.br\/site\/2017\/12\/22\/franca-e-o-primeiro-pais-a-proibir-a-extracao-de-combustiveis-fosseis\/#primaryimage\"},\"image\":{\"@id\":\"https:\/\/www.institutodeengenharia.org.br\/site\/2017\/12\/22\/franca-e-o-primeiro-pais-a-proibir-a-extracao-de-combustiveis-fosseis\/#primaryimage\"},\"thumbnailUrl\":\"https:\/\/www.institutodeengenharia.org.br\/site\/wp-content\/uploads\/2018\/02\/extra%C3%A7%C3%A3o-de-petroleo-fran%C3%A7a-696x392.jpg\",\"datePublished\":\"2017-12-22T14:12:33+00:00\",\"dateModified\":\"2017-12-22T14:51:49+00:00\",\"breadcrumb\":{\"@id\":\"https:\/\/www.institutodeengenharia.org.br\/site\/2017\/12\/22\/franca-e-o-primeiro-pais-a-proibir-a-extracao-de-combustiveis-fosseis\/#breadcrumb\"},\"inLanguage\":\"pt-BR\",\"potentialAction\":[{\"@type\":\"ReadAction\",\"target\":[\"https:\/\/www.institutodeengenharia.org.br\/site\/2017\/12\/22\/franca-e-o-primeiro-pais-a-proibir-a-extracao-de-combustiveis-fosseis\/\"]}]},{\"@type\":\"ImageObject\",\"inLanguage\":\"pt-BR\",\"@id\":\"https:\/\/www.institutodeengenharia.org.br\/site\/2017\/12\/22\/franca-e-o-primeiro-pais-a-proibir-a-extracao-de-combustiveis-fosseis\/#primaryimage\",\"url\":\"https:\/\/www.institutodeengenharia.org.br\/site\/wp-content\/uploads\/2018\/02\/extra%C3%A7%C3%A3o-de-petroleo-fran%C3%A7a-696x392.jpg\",\"contentUrl\":\"https:\/\/www.institutodeengenharia.org.br\/site\/wp-content\/uploads\/2018\/02\/extra%C3%A7%C3%A3o-de-petroleo-fran%C3%A7a-696x392.jpg\",\"width\":696,\"height\":392},{\"@type\":\"BreadcrumbList\",\"@id\":\"https:\/\/www.institutodeengenharia.org.br\/site\/2017\/12\/22\/franca-e-o-primeiro-pais-a-proibir-a-extracao-de-combustiveis-fosseis\/#breadcrumb\",\"itemListElement\":[{\"@type\":\"ListItem\",\"position\":1,\"name\":\"In\u00edcio\",\"item\":\"https:\/\/www.institutodeengenharia.org.br\/site\/\"},{\"@type\":\"ListItem\",\"position\":2,\"name\":\"Fran\u00e7a \u00e9 o primeiro pa\u00eds a proibir a extra\u00e7\u00e3o de combust\u00edveis f\u00f3sseis\"}]},{\"@type\":\"WebSite\",\"@id\":\"https:\/\/www.institutodeengenharia.org.br\/site\/#website\",\"url\":\"https:\/\/www.institutodeengenharia.org.br\/site\/\",\"name\":\"Instituto de Engenharia\",\"description\":\"O Instituto de Engenharia promove a Engenharia em benef\u00edcio do desenvolvimento e da qualidade de vida da sociedade.\",\"publisher\":{\"@id\":\"https:\/\/www.institutodeengenharia.org.br\/site\/#organization\"},\"potentialAction\":[{\"@type\":\"SearchAction\",\"target\":{\"@type\":\"EntryPoint\",\"urlTemplate\":\"https:\/\/www.institutodeengenharia.org.br\/site\/?s={search_term_string}\"},\"query-input\":{\"@type\":\"PropertyValueSpecification\",\"valueRequired\":true,\"valueName\":\"search_term_string\"}}],\"inLanguage\":\"pt-BR\"},{\"@type\":\"Organization\",\"@id\":\"https:\/\/www.institutodeengenharia.org.br\/site\/#organization\",\"name\":\"Instituto de Engenharia\",\"url\":\"https:\/\/www.institutodeengenharia.org.br\/site\/\",\"logo\":{\"@type\":\"ImageObject\",\"inLanguage\":\"pt-BR\",\"@id\":\"https:\/\/www.institutodeengenharia.org.br\/site\/#\/schema\/logo\/image\/\",\"url\":\"https:\/\/www.institutodeengenharia.org.br\/site\/wp-content\/uploads\/2019\/03\/logo-novo-IE2018-1.jpg\",\"contentUrl\":\"https:\/\/www.institutodeengenharia.org.br\/site\/wp-content\/uploads\/2019\/03\/logo-novo-IE2018-1.jpg\",\"width\":1486,\"height\":1879,\"caption\":\"Instituto de Engenharia\"},\"image\":{\"@id\":\"https:\/\/www.institutodeengenharia.org.br\/site\/#\/schema\/logo\/image\/\"},\"sameAs\":[\"https:\/\/www.facebook.com\/institutodeengenharia\",\"https:\/\/x.com\/iengenharia\",\"https:\/\/www.instagram.com\/institutodeengenharia\/\",\"https:\/\/www.linkedin.com\/company\/instituto-de-engenharia\/\",\"https:\/\/www.youtube.com\/channel\/UCXiCAlsSMe977vamW915HxA\"]},{\"@type\":\"Person\",\"@id\":\"https:\/\/www.institutodeengenharia.org.br\/site\/#\/schema\/person\/3b1ff109facef084739fc2edcb9a127f\",\"name\":\"TMax Tecnologia\",\"image\":{\"@type\":\"ImageObject\",\"inLanguage\":\"pt-BR\",\"@id\":\"https:\/\/secure.gravatar.com\/avatar\/f912434ef7f389c92cb311fcdae346af848465d638912574b3c669070f797701?s=96&d=mm&r=g\",\"url\":\"https:\/\/secure.gravatar.com\/avatar\/f912434ef7f389c92cb311fcdae346af848465d638912574b3c669070f797701?s=96&d=mm&r=g\",\"contentUrl\":\"https:\/\/secure.gravatar.com\/avatar\/f912434ef7f389c92cb311fcdae346af848465d638912574b3c669070f797701?s=96&d=mm&r=g\",\"caption\":\"TMax Tecnologia\"},\"url\":\"https:\/\/www.institutodeengenharia.org.br\/site\/author\/tmax\/\"}]}<\/script>\n<!-- \/ Yoast SEO plugin. -->","yoast_head_json":{"title":"Fran\u00e7a \u00e9 o primeiro pa\u00eds a proibir a extra\u00e7\u00e3o de combust\u00edveis f\u00f3sseis - Instituto de Engenharia","robots":{"index":"index","follow":"follow","max-snippet":"max-snippet:-1","max-image-preview":"max-image-preview:large","max-video-preview":"max-video-preview:-1"},"canonical":"https:\/\/www.institutodeengenharia.org.br\/site\/2017\/12\/22\/franca-e-o-primeiro-pais-a-proibir-a-extracao-de-combustiveis-fosseis\/","og_locale":"pt_BR","og_type":"article","og_title":"Fran\u00e7a \u00e9 o primeiro pa\u00eds a proibir a extra\u00e7\u00e3o de combust\u00edveis f\u00f3sseis - Instituto de Engenharia","og_description":"A produ\u00e7\u00e3o de petr\u00f3leo na Fran\u00e7a e seus territ\u00f3rios chegar\u00e1 ao fim.","og_url":"https:\/\/www.institutodeengenharia.org.br\/site\/2017\/12\/22\/franca-e-o-primeiro-pais-a-proibir-a-extracao-de-combustiveis-fosseis\/","og_site_name":"Instituto de Engenharia","article_publisher":"https:\/\/www.facebook.com\/institutodeengenharia","article_published_time":"2017-12-22T14:12:33+00:00","article_modified_time":"2017-12-22T14:51:49+00:00","og_image":[{"width":696,"height":392,"url":"https:\/\/www.institutodeengenharia.org.br\/site\/wp-content\/uploads\/2018\/02\/extra%C3%A7%C3%A3o-de-petroleo-fran%C3%A7a-696x392.jpg","type":"image\/jpeg"}],"author":"TMax Tecnologia","twitter_card":"summary_large_image","twitter_creator":"@iengenharia","twitter_site":"@iengenharia","twitter_misc":{"Escrito por":"TMax Tecnologia","Est. tempo de leitura":"2 minutos"},"schema":{"@context":"https:\/\/schema.org","@graph":[{"@type":"Article","@id":"https:\/\/www.institutodeengenharia.org.br\/site\/2017\/12\/22\/franca-e-o-primeiro-pais-a-proibir-a-extracao-de-combustiveis-fosseis\/#article","isPartOf":{"@id":"https:\/\/www.institutodeengenharia.org.br\/site\/2017\/12\/22\/franca-e-o-primeiro-pais-a-proibir-a-extracao-de-combustiveis-fosseis\/"},"author":{"name":"TMax Tecnologia","@id":"https:\/\/www.institutodeengenharia.org.br\/site\/#\/schema\/person\/3b1ff109facef084739fc2edcb9a127f"},"headline":"Fran\u00e7a \u00e9 o primeiro pa\u00eds a proibir a extra\u00e7\u00e3o de combust\u00edveis f\u00f3sseis","datePublished":"2017-12-22T14:12:33+00:00","dateModified":"2017-12-22T14:51:49+00:00","mainEntityOfPage":{"@id":"https:\/\/www.institutodeengenharia.org.br\/site\/2017\/12\/22\/franca-e-o-primeiro-pais-a-proibir-a-extracao-de-combustiveis-fosseis\/"},"wordCount":322,"commentCount":0,"publisher":{"@id":"https:\/\/www.institutodeengenharia.org.br\/site\/#organization"},"image":{"@id":"https:\/\/www.institutodeengenharia.org.br\/site\/2017\/12\/22\/franca-e-o-primeiro-pais-a-proibir-a-extracao-de-combustiveis-fosseis\/#primaryimage"},"thumbnailUrl":"https:\/\/www.institutodeengenharia.org.br\/site\/wp-content\/uploads\/2018\/02\/extra%C3%A7%C3%A3o-de-petroleo-fran%C3%A7a-696x392.jpg","articleSection":["Meio Ambiente","Not\u00edcias"],"inLanguage":"pt-BR","potentialAction":[{"@type":"CommentAction","name":"Comment","target":["https:\/\/www.institutodeengenharia.org.br\/site\/2017\/12\/22\/franca-e-o-primeiro-pais-a-proibir-a-extracao-de-combustiveis-fosseis\/#respond"]}]},{"@type":"WebPage","@id":"https:\/\/www.institutodeengenharia.org.br\/site\/2017\/12\/22\/franca-e-o-primeiro-pais-a-proibir-a-extracao-de-combustiveis-fosseis\/","url":"https:\/\/www.institutodeengenharia.org.br\/site\/2017\/12\/22\/franca-e-o-primeiro-pais-a-proibir-a-extracao-de-combustiveis-fosseis\/","name":"Fran\u00e7a \u00e9 o primeiro pa\u00eds a proibir a extra\u00e7\u00e3o de combust\u00edveis f\u00f3sseis - Instituto de Engenharia","isPartOf":{"@id":"https:\/\/www.institutodeengenharia.org.br\/site\/#website"},"primaryImageOfPage":{"@id":"https:\/\/www.institutodeengenharia.org.br\/site\/2017\/12\/22\/franca-e-o-primeiro-pais-a-proibir-a-extracao-de-combustiveis-fosseis\/#primaryimage"},"image":{"@id":"https:\/\/www.institutodeengenharia.org.br\/site\/2017\/12\/22\/franca-e-o-primeiro-pais-a-proibir-a-extracao-de-combustiveis-fosseis\/#primaryimage"},"thumbnailUrl":"https:\/\/www.institutodeengenharia.org.br\/site\/wp-content\/uploads\/2018\/02\/extra%C3%A7%C3%A3o-de-petroleo-fran%C3%A7a-696x392.jpg","datePublished":"2017-12-22T14:12:33+00:00","dateModified":"2017-12-22T14:51:49+00:00","breadcrumb":{"@id":"https:\/\/www.institutodeengenharia.org.br\/site\/2017\/12\/22\/franca-e-o-primeiro-pais-a-proibir-a-extracao-de-combustiveis-fosseis\/#breadcrumb"},"inLanguage":"pt-BR","potentialAction":[{"@type":"ReadAction","target":["https:\/\/www.institutodeengenharia.org.br\/site\/2017\/12\/22\/franca-e-o-primeiro-pais-a-proibir-a-extracao-de-combustiveis-fosseis\/"]}]},{"@type":"ImageObject","inLanguage":"pt-BR","@id":"https:\/\/www.institutodeengenharia.org.br\/site\/2017\/12\/22\/franca-e-o-primeiro-pais-a-proibir-a-extracao-de-combustiveis-fosseis\/#primaryimage","url":"https:\/\/www.institutodeengenharia.org.br\/site\/wp-content\/uploads\/2018\/02\/extra%C3%A7%C3%A3o-de-petroleo-fran%C3%A7a-696x392.jpg","contentUrl":"https:\/\/www.institutodeengenharia.org.br\/site\/wp-content\/uploads\/2018\/02\/extra%C3%A7%C3%A3o-de-petroleo-fran%C3%A7a-696x392.jpg","width":696,"height":392},{"@type":"BreadcrumbList","@id":"https:\/\/www.institutodeengenharia.org.br\/site\/2017\/12\/22\/franca-e-o-primeiro-pais-a-proibir-a-extracao-de-combustiveis-fosseis\/#breadcrumb","itemListElement":[{"@type":"ListItem","position":1,"name":"In\u00edcio","item":"https:\/\/www.institutodeengenharia.org.br\/site\/"},{"@type":"ListItem","position":2,"name":"Fran\u00e7a \u00e9 o primeiro pa\u00eds a proibir a extra\u00e7\u00e3o de combust\u00edveis f\u00f3sseis"}]},{"@type":"WebSite","@id":"https:\/\/www.institutodeengenharia.org.br\/site\/#website","url":"https:\/\/www.institutodeengenharia.org.br\/site\/","name":"Instituto de Engenharia","description":"O Instituto de Engenharia promove a Engenharia em benef\u00edcio do desenvolvimento e da qualidade de vida da sociedade.","publisher":{"@id":"https:\/\/www.institutodeengenharia.org.br\/site\/#organization"},"potentialAction":[{"@type":"SearchAction","target":{"@type":"EntryPoint","urlTemplate":"https:\/\/www.institutodeengenharia.org.br\/site\/?s={search_term_string}"},"query-input":{"@type":"PropertyValueSpecification","valueRequired":true,"valueName":"search_term_string"}}],"inLanguage":"pt-BR"},{"@type":"Organization","@id":"https:\/\/www.institutodeengenharia.org.br\/site\/#organization","name":"Instituto de Engenharia","url":"https:\/\/www.institutodeengenharia.org.br\/site\/","logo":{"@type":"ImageObject","inLanguage":"pt-BR","@id":"https:\/\/www.institutodeengenharia.org.br\/site\/#\/schema\/logo\/image\/","url":"https:\/\/www.institutodeengenharia.org.br\/site\/wp-content\/uploads\/2019\/03\/logo-novo-IE2018-1.jpg","contentUrl":"https:\/\/www.institutodeengenharia.org.br\/site\/wp-content\/uploads\/2019\/03\/logo-novo-IE2018-1.jpg","width":1486,"height":1879,"caption":"Instituto de Engenharia"},"image":{"@id":"https:\/\/www.institutodeengenharia.org.br\/site\/#\/schema\/logo\/image\/"},"sameAs":["https:\/\/www.facebook.com\/institutodeengenharia","https:\/\/x.com\/iengenharia","https:\/\/www.instagram.com\/institutodeengenharia\/","https:\/\/www.linkedin.com\/company\/instituto-de-engenharia\/","https:\/\/www.youtube.com\/channel\/UCXiCAlsSMe977vamW915HxA"]},{"@type":"Person","@id":"https:\/\/www.institutodeengenharia.org.br\/site\/#\/schema\/person\/3b1ff109facef084739fc2edcb9a127f","name":"TMax Tecnologia","image":{"@type":"ImageObject","inLanguage":"pt-BR","@id":"https:\/\/secure.gravatar.com\/avatar\/f912434ef7f389c92cb311fcdae346af848465d638912574b3c669070f797701?s=96&d=mm&r=g","url":"https:\/\/secure.gravatar.com\/avatar\/f912434ef7f389c92cb311fcdae346af848465d638912574b3c669070f797701?s=96&d=mm&r=g","contentUrl":"https:\/\/secure.gravatar.com\/avatar\/f912434ef7f389c92cb311fcdae346af848465d638912574b3c669070f797701?s=96&d=mm&r=g","caption":"TMax Tecnologia"},"url":"https:\/\/www.institutodeengenharia.org.br\/site\/author\/tmax\/"}]}},"_links":{"self":[{"href":"https:\/\/www.institutodeengenharia.org.br\/site\/wp-json\/wp\/v2\/posts\/28936","targetHints":{"allow":["GET"]}}],"collection":[{"href":"https:\/\/www.institutodeengenharia.org.br\/site\/wp-json\/wp\/v2\/posts"}],"about":[{"href":"https:\/\/www.institutodeengenharia.org.br\/site\/wp-json\/wp\/v2\/types\/post"}],"author":[{"embeddable":true,"href":"https:\/\/www.institutodeengenharia.org.br\/site\/wp-json\/wp\/v2\/users\/1"}],"replies":[{"embeddable":true,"href":"https:\/\/www.institutodeengenharia.org.br\/site\/wp-json\/wp\/v2\/comments?post=28936"}],"version-history":[{"count":0,"href":"https:\/\/www.institutodeengenharia.org.br\/site\/wp-json\/wp\/v2\/posts\/28936\/revisions"}],"wp:featuredmedia":[{"embeddable":true,"href":"https:\/\/www.institutodeengenharia.org.br\/site\/wp-json\/wp\/v2\/media\/28937"}],"wp:attachment":[{"href":"https:\/\/www.institutodeengenharia.org.br\/site\/wp-json\/wp\/v2\/media?parent=28936"}],"wp:term":[{"taxonomy":"category","embeddable":true,"href":"https:\/\/www.institutodeengenharia.org.br\/site\/wp-json\/wp\/v2\/categories?post=28936"},{"taxonomy":"post_tag","embeddable":true,"href":"https:\/\/www.institutodeengenharia.org.br\/site\/wp-json\/wp\/v2\/tags?post=28936"}],"curies":[{"name":"wp","href":"https:\/\/api.w.org\/{rel}","templated":true}]}}