{"id":28933,"date":"2017-12-21T14:12:31","date_gmt":"2017-12-21T14:12:31","guid":{"rendered":"https:\/\/www.institutodeengenharia.org.br\/?p=28933"},"modified":"2017-12-21T14:50:22","modified_gmt":"2017-12-21T14:50:22","slug":"3-milhoes-de-hectares-na-amazonia-serao-transformados-em-unidades-de-conservacao","status":"publish","type":"post","link":"https:\/\/www.institutodeengenharia.org.br\/site\/2017\/12\/21\/3-milhoes-de-hectares-na-amazonia-serao-transformados-em-unidades-de-conservacao\/","title":{"rendered":"3 milh\u00f5es de hectares na Amaz\u00f4nia ser\u00e3o transformados em unidades de conserva\u00e7\u00e3o"},"content":{"rendered":"<p>O Minist\u00e9rio do Meio Ambiente assinou nesta ter\u00e7a (19) uma parceira com o Banco Mundial, o Fundo Brasileiro para a Biodiversidade (FunBio) e a Conserva\u00e7\u00e3o Internacional (CI) com o objetivo de transformar mais tr\u00eas milh\u00f5es de hectares na Amaz\u00f4nia em unidades de conserva\u00e7\u00e3o, no prazo de cinco anos. Ao todo, ser\u00e3o investidos US$ 60 milh\u00f5es, oriundos do Fundo Mundial pelo Meio Ambiente (GEF, sigla em ingl\u00eas).<\/p>\n<p>Denominado Projeto Paisagens Sustent\u00e1veis da Amaz\u00f4nia, a parceria prev\u00ea ainda melhorar o gerenciamento de unidades de conserva\u00e7\u00e3o e aumentar a \u00e1rea sob restaura\u00e7\u00e3o e manejo sustent\u00e1vel na Amaz\u00f4nia brasileira. Segundo o minist\u00e9rio, que coordenar\u00e1 e definir\u00e1 as a\u00e7\u00f5es do projeto, a parceira apoiar\u00e1 o Programa de \u00c1reas Protegidas da Amaz\u00f4nia (Arpa), criado h\u00e1 15 anos, e que j\u00e1 transformou mais de 60 milh\u00f5es de hectares em unidades de conserva\u00e7\u00e3o na regi\u00e3o.<\/p>\n<p>\u201cConsidero o ato de hoje de grande import\u00e2ncia. Tenho dito que a gente n\u00e3o pode continuar eternamente no comando e controle como maneira de manter a Floresta Amaz\u00f4nica prestando seus servi\u00e7os ambientais. \u00c9 preciso que a gente valorize o bem ambiental. Esses recursos v\u00e3o ao encontro dessa ideia. Temos que agir, de todas as maneiras poss\u00edveis, para dar \u00e0 vertente da sustentabilidade um fortalecimento adequado\u201d, disse o ministro do Meio Ambiente, Sarney Filho, durante a solenidade de assinatura.<\/p>\n<p>O projeto prev\u00ea ainda a coopera\u00e7\u00e3o internacional entre Brasil, Col\u00f4mbia e Peru na \u00e1rea de cria\u00e7\u00e3o de \u00e1rea protegidas. Refer\u00eancia internacional no tema, o Brasil ir\u00e1 repassar aos vizinhos a sua experi\u00eancia.<\/p>\n<p>\u201cTenho o prazer de ver como esse projeto foi desenvolvido, no sentido de melhorar as condi\u00e7\u00f5es de vida das pessoas que vivem na regi\u00e3o amaz\u00f4nica e de iniciar a segunda gera\u00e7\u00e3o de projetos de \u00e1rea protegidas\u201d, disse Martin Raiser, diretor do Banco Mundial para o Brasil.<\/p>\n<p>\u201cDe um lado, a sustentabilidade econ\u00f4mica, cada vez mais recursos do Brasil se juntando aos demais doadores; e tamb\u00e9m o aspecto regional. \u00c9 o primeiro projeto na regi\u00e3o amaz\u00f4nica que tem liga\u00e7\u00f5es muito pr\u00f3ximas com a Col\u00f4mbia, o Peru, pa\u00edses que querem se beneficiar das experi\u00eancias do Brasil e aprender para repetir\u201d, acrescentou Raiser.<\/p>\n<p>Al\u00e9m do Minist\u00e9rio do Meio Ambiente, o projeto ser\u00e1 coordenado tamb\u00e9m pelo Instituto Brasileiro do Meio Ambiente e dos Recursos Naturais Renov\u00e1veis (Ibama) e o Instituto Chico Mendes de Conserva\u00e7\u00e3o da Biodiversidade (ICMBio). A defini\u00e7\u00e3o das a\u00e7\u00f5es ter\u00e3o a participa\u00e7\u00e3o dos estados do Acre, Amazonas, Rond\u00f4nia e Par\u00e1.<\/p>\n<p>A parte operacional do projeto ficar\u00e1 sob responsabilidade do Banco Mundial, Fundo Brasileiro para a Biodiversidade (Funbio) e Conserva\u00e7\u00e3o Internacional (CI).<\/p>\n<p><b>Autor: Ciclo Vivo<\/b><\/p>\n","protected":false},"excerpt":{"rendered":"<p>Ser\u00e3o investidos US$ 60 milh\u00f5es, oriundos do Fundo Mundial pelo Meio Ambiente.<\/p>\n","protected":false},"author":1,"featured_media":28934,"comment_status":"open","ping_status":"open","sticky":false,"template":"","format":"standard","meta":{"footnotes":""},"categories":[31,6],"tags":[],"class_list":{"0":"post-28933","1":"post","2":"type-post","3":"status-publish","4":"format-standard","5":"has-post-thumbnail","7":"category-meio-ambiente","8":"category-noticias"},"yoast_head":"<!-- This site is optimized with the Yoast SEO plugin v27.2 - https:\/\/yoast.com\/product\/yoast-seo-wordpress\/ -->\n<title>3 milh\u00f5es de hectares na Amaz\u00f4nia ser\u00e3o transformados em unidades de conserva\u00e7\u00e3o - Instituto de Engenharia<\/title>\n<meta name=\"robots\" content=\"index, follow, max-snippet:-1, max-image-preview:large, max-video-preview:-1\" \/>\n<link rel=\"canonical\" href=\"https:\/\/www.institutodeengenharia.org.br\/site\/2017\/12\/21\/3-milhoes-de-hectares-na-amazonia-serao-transformados-em-unidades-de-conservacao\/\" \/>\n<meta property=\"og:locale\" content=\"pt_BR\" \/>\n<meta property=\"og:type\" content=\"article\" \/>\n<meta property=\"og:title\" content=\"3 milh\u00f5es de hectares na Amaz\u00f4nia ser\u00e3o transformados em unidades de conserva\u00e7\u00e3o - Instituto de Engenharia\" \/>\n<meta property=\"og:description\" content=\"Ser\u00e3o investidos US$ 60 milh\u00f5es, oriundos do Fundo Mundial pelo Meio Ambiente.\" \/>\n<meta property=\"og:url\" content=\"https:\/\/www.institutodeengenharia.org.br\/site\/2017\/12\/21\/3-milhoes-de-hectares-na-amazonia-serao-transformados-em-unidades-de-conservacao\/\" \/>\n<meta property=\"og:site_name\" content=\"Instituto de Engenharia\" \/>\n<meta property=\"article:publisher\" content=\"https:\/\/www.facebook.com\/institutodeengenharia\" \/>\n<meta property=\"article:published_time\" content=\"2017-12-21T14:12:31+00:00\" \/>\n<meta property=\"article:modified_time\" content=\"2017-12-21T14:50:22+00:00\" \/>\n<meta property=\"og:image\" content=\"https:\/\/www.institutodeengenharia.org.br\/site\/wp-content\/uploads\/2018\/02\/amazonia-ciclovivo.jpg\" \/>\n\t<meta property=\"og:image:width\" content=\"900\" \/>\n\t<meta property=\"og:image:height\" content=\"674\" \/>\n\t<meta property=\"og:image:type\" content=\"image\/jpeg\" \/>\n<meta name=\"author\" content=\"TMax Tecnologia\" \/>\n<meta name=\"twitter:card\" content=\"summary_large_image\" \/>\n<meta name=\"twitter:creator\" content=\"@iengenharia\" \/>\n<meta name=\"twitter:site\" content=\"@iengenharia\" \/>\n<meta name=\"twitter:label1\" content=\"Escrito por\" \/>\n\t<meta name=\"twitter:data1\" content=\"TMax Tecnologia\" \/>\n\t<meta name=\"twitter:label2\" content=\"Est. tempo de leitura\" \/>\n\t<meta name=\"twitter:data2\" content=\"2 minutos\" \/>\n<script type=\"application\/ld+json\" class=\"yoast-schema-graph\">{\"@context\":\"https:\/\/schema.org\",\"@graph\":[{\"@type\":\"Article\",\"@id\":\"https:\/\/www.institutodeengenharia.org.br\/site\/2017\/12\/21\/3-milhoes-de-hectares-na-amazonia-serao-transformados-em-unidades-de-conservacao\/#article\",\"isPartOf\":{\"@id\":\"https:\/\/www.institutodeengenharia.org.br\/site\/2017\/12\/21\/3-milhoes-de-hectares-na-amazonia-serao-transformados-em-unidades-de-conservacao\/\"},\"author\":{\"name\":\"TMax Tecnologia\",\"@id\":\"https:\/\/www.institutodeengenharia.org.br\/site\/#\/schema\/person\/3b1ff109facef084739fc2edcb9a127f\"},\"headline\":\"3 milh\u00f5es de hectares na Amaz\u00f4nia ser\u00e3o transformados em unidades de conserva\u00e7\u00e3o\",\"datePublished\":\"2017-12-21T14:12:31+00:00\",\"dateModified\":\"2017-12-21T14:50:22+00:00\",\"mainEntityOfPage\":{\"@id\":\"https:\/\/www.institutodeengenharia.org.br\/site\/2017\/12\/21\/3-milhoes-de-hectares-na-amazonia-serao-transformados-em-unidades-de-conservacao\/\"},\"wordCount\":484,\"commentCount\":0,\"publisher\":{\"@id\":\"https:\/\/www.institutodeengenharia.org.br\/site\/#organization\"},\"image\":{\"@id\":\"https:\/\/www.institutodeengenharia.org.br\/site\/2017\/12\/21\/3-milhoes-de-hectares-na-amazonia-serao-transformados-em-unidades-de-conservacao\/#primaryimage\"},\"thumbnailUrl\":\"https:\/\/www.institutodeengenharia.org.br\/site\/wp-content\/uploads\/2018\/02\/amazonia-ciclovivo.jpg\",\"articleSection\":[\"Meio Ambiente\",\"Not\u00edcias\"],\"inLanguage\":\"pt-BR\",\"potentialAction\":[{\"@type\":\"CommentAction\",\"name\":\"Comment\",\"target\":[\"https:\/\/www.institutodeengenharia.org.br\/site\/2017\/12\/21\/3-milhoes-de-hectares-na-amazonia-serao-transformados-em-unidades-de-conservacao\/#respond\"]}]},{\"@type\":\"WebPage\",\"@id\":\"https:\/\/www.institutodeengenharia.org.br\/site\/2017\/12\/21\/3-milhoes-de-hectares-na-amazonia-serao-transformados-em-unidades-de-conservacao\/\",\"url\":\"https:\/\/www.institutodeengenharia.org.br\/site\/2017\/12\/21\/3-milhoes-de-hectares-na-amazonia-serao-transformados-em-unidades-de-conservacao\/\",\"name\":\"3 milh\u00f5es de hectares na Amaz\u00f4nia ser\u00e3o transformados em unidades de conserva\u00e7\u00e3o - Instituto de Engenharia\",\"isPartOf\":{\"@id\":\"https:\/\/www.institutodeengenharia.org.br\/site\/#website\"},\"primaryImageOfPage\":{\"@id\":\"https:\/\/www.institutodeengenharia.org.br\/site\/2017\/12\/21\/3-milhoes-de-hectares-na-amazonia-serao-transformados-em-unidades-de-conservacao\/#primaryimage\"},\"image\":{\"@id\":\"https:\/\/www.institutodeengenharia.org.br\/site\/2017\/12\/21\/3-milhoes-de-hectares-na-amazonia-serao-transformados-em-unidades-de-conservacao\/#primaryimage\"},\"thumbnailUrl\":\"https:\/\/www.institutodeengenharia.org.br\/site\/wp-content\/uploads\/2018\/02\/amazonia-ciclovivo.jpg\",\"datePublished\":\"2017-12-21T14:12:31+00:00\",\"dateModified\":\"2017-12-21T14:50:22+00:00\",\"breadcrumb\":{\"@id\":\"https:\/\/www.institutodeengenharia.org.br\/site\/2017\/12\/21\/3-milhoes-de-hectares-na-amazonia-serao-transformados-em-unidades-de-conservacao\/#breadcrumb\"},\"inLanguage\":\"pt-BR\",\"potentialAction\":[{\"@type\":\"ReadAction\",\"target\":[\"https:\/\/www.institutodeengenharia.org.br\/site\/2017\/12\/21\/3-milhoes-de-hectares-na-amazonia-serao-transformados-em-unidades-de-conservacao\/\"]}]},{\"@type\":\"ImageObject\",\"inLanguage\":\"pt-BR\",\"@id\":\"https:\/\/www.institutodeengenharia.org.br\/site\/2017\/12\/21\/3-milhoes-de-hectares-na-amazonia-serao-transformados-em-unidades-de-conservacao\/#primaryimage\",\"url\":\"https:\/\/www.institutodeengenharia.org.br\/site\/wp-content\/uploads\/2018\/02\/amazonia-ciclovivo.jpg\",\"contentUrl\":\"https:\/\/www.institutodeengenharia.org.br\/site\/wp-content\/uploads\/2018\/02\/amazonia-ciclovivo.jpg\",\"width\":900,\"height\":674},{\"@type\":\"BreadcrumbList\",\"@id\":\"https:\/\/www.institutodeengenharia.org.br\/site\/2017\/12\/21\/3-milhoes-de-hectares-na-amazonia-serao-transformados-em-unidades-de-conservacao\/#breadcrumb\",\"itemListElement\":[{\"@type\":\"ListItem\",\"position\":1,\"name\":\"In\u00edcio\",\"item\":\"https:\/\/www.institutodeengenharia.org.br\/site\/\"},{\"@type\":\"ListItem\",\"position\":2,\"name\":\"3 milh\u00f5es de hectares na Amaz\u00f4nia ser\u00e3o transformados em unidades de conserva\u00e7\u00e3o\"}]},{\"@type\":\"WebSite\",\"@id\":\"https:\/\/www.institutodeengenharia.org.br\/site\/#website\",\"url\":\"https:\/\/www.institutodeengenharia.org.br\/site\/\",\"name\":\"Instituto de Engenharia\",\"description\":\"O Instituto de Engenharia promove a Engenharia em benef\u00edcio do desenvolvimento e da qualidade de vida da sociedade.\",\"publisher\":{\"@id\":\"https:\/\/www.institutodeengenharia.org.br\/site\/#organization\"},\"potentialAction\":[{\"@type\":\"SearchAction\",\"target\":{\"@type\":\"EntryPoint\",\"urlTemplate\":\"https:\/\/www.institutodeengenharia.org.br\/site\/?s={search_term_string}\"},\"query-input\":{\"@type\":\"PropertyValueSpecification\",\"valueRequired\":true,\"valueName\":\"search_term_string\"}}],\"inLanguage\":\"pt-BR\"},{\"@type\":\"Organization\",\"@id\":\"https:\/\/www.institutodeengenharia.org.br\/site\/#organization\",\"name\":\"Instituto de Engenharia\",\"url\":\"https:\/\/www.institutodeengenharia.org.br\/site\/\",\"logo\":{\"@type\":\"ImageObject\",\"inLanguage\":\"pt-BR\",\"@id\":\"https:\/\/www.institutodeengenharia.org.br\/site\/#\/schema\/logo\/image\/\",\"url\":\"https:\/\/www.institutodeengenharia.org.br\/site\/wp-content\/uploads\/2019\/03\/logo-novo-IE2018-1.jpg\",\"contentUrl\":\"https:\/\/www.institutodeengenharia.org.br\/site\/wp-content\/uploads\/2019\/03\/logo-novo-IE2018-1.jpg\",\"width\":1486,\"height\":1879,\"caption\":\"Instituto de Engenharia\"},\"image\":{\"@id\":\"https:\/\/www.institutodeengenharia.org.br\/site\/#\/schema\/logo\/image\/\"},\"sameAs\":[\"https:\/\/www.facebook.com\/institutodeengenharia\",\"https:\/\/x.com\/iengenharia\",\"https:\/\/www.instagram.com\/institutodeengenharia\/\",\"https:\/\/www.linkedin.com\/company\/instituto-de-engenharia\/\",\"https:\/\/www.youtube.com\/channel\/UCXiCAlsSMe977vamW915HxA\"]},{\"@type\":\"Person\",\"@id\":\"https:\/\/www.institutodeengenharia.org.br\/site\/#\/schema\/person\/3b1ff109facef084739fc2edcb9a127f\",\"name\":\"TMax Tecnologia\",\"image\":{\"@type\":\"ImageObject\",\"inLanguage\":\"pt-BR\",\"@id\":\"https:\/\/secure.gravatar.com\/avatar\/f912434ef7f389c92cb311fcdae346af848465d638912574b3c669070f797701?s=96&d=mm&r=g\",\"url\":\"https:\/\/secure.gravatar.com\/avatar\/f912434ef7f389c92cb311fcdae346af848465d638912574b3c669070f797701?s=96&d=mm&r=g\",\"contentUrl\":\"https:\/\/secure.gravatar.com\/avatar\/f912434ef7f389c92cb311fcdae346af848465d638912574b3c669070f797701?s=96&d=mm&r=g\",\"caption\":\"TMax Tecnologia\"},\"url\":\"https:\/\/www.institutodeengenharia.org.br\/site\/author\/tmax\/\"}]}<\/script>\n<!-- \/ Yoast SEO plugin. -->","yoast_head_json":{"title":"3 milh\u00f5es de hectares na Amaz\u00f4nia ser\u00e3o transformados em unidades de conserva\u00e7\u00e3o - Instituto de Engenharia","robots":{"index":"index","follow":"follow","max-snippet":"max-snippet:-1","max-image-preview":"max-image-preview:large","max-video-preview":"max-video-preview:-1"},"canonical":"https:\/\/www.institutodeengenharia.org.br\/site\/2017\/12\/21\/3-milhoes-de-hectares-na-amazonia-serao-transformados-em-unidades-de-conservacao\/","og_locale":"pt_BR","og_type":"article","og_title":"3 milh\u00f5es de hectares na Amaz\u00f4nia ser\u00e3o transformados em unidades de conserva\u00e7\u00e3o - Instituto de Engenharia","og_description":"Ser\u00e3o investidos US$ 60 milh\u00f5es, oriundos do Fundo Mundial pelo Meio Ambiente.","og_url":"https:\/\/www.institutodeengenharia.org.br\/site\/2017\/12\/21\/3-milhoes-de-hectares-na-amazonia-serao-transformados-em-unidades-de-conservacao\/","og_site_name":"Instituto de Engenharia","article_publisher":"https:\/\/www.facebook.com\/institutodeengenharia","article_published_time":"2017-12-21T14:12:31+00:00","article_modified_time":"2017-12-21T14:50:22+00:00","og_image":[{"width":900,"height":674,"url":"https:\/\/www.institutodeengenharia.org.br\/site\/wp-content\/uploads\/2018\/02\/amazonia-ciclovivo.jpg","type":"image\/jpeg"}],"author":"TMax Tecnologia","twitter_card":"summary_large_image","twitter_creator":"@iengenharia","twitter_site":"@iengenharia","twitter_misc":{"Escrito por":"TMax Tecnologia","Est. tempo de leitura":"2 minutos"},"schema":{"@context":"https:\/\/schema.org","@graph":[{"@type":"Article","@id":"https:\/\/www.institutodeengenharia.org.br\/site\/2017\/12\/21\/3-milhoes-de-hectares-na-amazonia-serao-transformados-em-unidades-de-conservacao\/#article","isPartOf":{"@id":"https:\/\/www.institutodeengenharia.org.br\/site\/2017\/12\/21\/3-milhoes-de-hectares-na-amazonia-serao-transformados-em-unidades-de-conservacao\/"},"author":{"name":"TMax Tecnologia","@id":"https:\/\/www.institutodeengenharia.org.br\/site\/#\/schema\/person\/3b1ff109facef084739fc2edcb9a127f"},"headline":"3 milh\u00f5es de hectares na Amaz\u00f4nia ser\u00e3o transformados em unidades de conserva\u00e7\u00e3o","datePublished":"2017-12-21T14:12:31+00:00","dateModified":"2017-12-21T14:50:22+00:00","mainEntityOfPage":{"@id":"https:\/\/www.institutodeengenharia.org.br\/site\/2017\/12\/21\/3-milhoes-de-hectares-na-amazonia-serao-transformados-em-unidades-de-conservacao\/"},"wordCount":484,"commentCount":0,"publisher":{"@id":"https:\/\/www.institutodeengenharia.org.br\/site\/#organization"},"image":{"@id":"https:\/\/www.institutodeengenharia.org.br\/site\/2017\/12\/21\/3-milhoes-de-hectares-na-amazonia-serao-transformados-em-unidades-de-conservacao\/#primaryimage"},"thumbnailUrl":"https:\/\/www.institutodeengenharia.org.br\/site\/wp-content\/uploads\/2018\/02\/amazonia-ciclovivo.jpg","articleSection":["Meio Ambiente","Not\u00edcias"],"inLanguage":"pt-BR","potentialAction":[{"@type":"CommentAction","name":"Comment","target":["https:\/\/www.institutodeengenharia.org.br\/site\/2017\/12\/21\/3-milhoes-de-hectares-na-amazonia-serao-transformados-em-unidades-de-conservacao\/#respond"]}]},{"@type":"WebPage","@id":"https:\/\/www.institutodeengenharia.org.br\/site\/2017\/12\/21\/3-milhoes-de-hectares-na-amazonia-serao-transformados-em-unidades-de-conservacao\/","url":"https:\/\/www.institutodeengenharia.org.br\/site\/2017\/12\/21\/3-milhoes-de-hectares-na-amazonia-serao-transformados-em-unidades-de-conservacao\/","name":"3 milh\u00f5es de hectares na Amaz\u00f4nia ser\u00e3o transformados em unidades de conserva\u00e7\u00e3o - Instituto de Engenharia","isPartOf":{"@id":"https:\/\/www.institutodeengenharia.org.br\/site\/#website"},"primaryImageOfPage":{"@id":"https:\/\/www.institutodeengenharia.org.br\/site\/2017\/12\/21\/3-milhoes-de-hectares-na-amazonia-serao-transformados-em-unidades-de-conservacao\/#primaryimage"},"image":{"@id":"https:\/\/www.institutodeengenharia.org.br\/site\/2017\/12\/21\/3-milhoes-de-hectares-na-amazonia-serao-transformados-em-unidades-de-conservacao\/#primaryimage"},"thumbnailUrl":"https:\/\/www.institutodeengenharia.org.br\/site\/wp-content\/uploads\/2018\/02\/amazonia-ciclovivo.jpg","datePublished":"2017-12-21T14:12:31+00:00","dateModified":"2017-12-21T14:50:22+00:00","breadcrumb":{"@id":"https:\/\/www.institutodeengenharia.org.br\/site\/2017\/12\/21\/3-milhoes-de-hectares-na-amazonia-serao-transformados-em-unidades-de-conservacao\/#breadcrumb"},"inLanguage":"pt-BR","potentialAction":[{"@type":"ReadAction","target":["https:\/\/www.institutodeengenharia.org.br\/site\/2017\/12\/21\/3-milhoes-de-hectares-na-amazonia-serao-transformados-em-unidades-de-conservacao\/"]}]},{"@type":"ImageObject","inLanguage":"pt-BR","@id":"https:\/\/www.institutodeengenharia.org.br\/site\/2017\/12\/21\/3-milhoes-de-hectares-na-amazonia-serao-transformados-em-unidades-de-conservacao\/#primaryimage","url":"https:\/\/www.institutodeengenharia.org.br\/site\/wp-content\/uploads\/2018\/02\/amazonia-ciclovivo.jpg","contentUrl":"https:\/\/www.institutodeengenharia.org.br\/site\/wp-content\/uploads\/2018\/02\/amazonia-ciclovivo.jpg","width":900,"height":674},{"@type":"BreadcrumbList","@id":"https:\/\/www.institutodeengenharia.org.br\/site\/2017\/12\/21\/3-milhoes-de-hectares-na-amazonia-serao-transformados-em-unidades-de-conservacao\/#breadcrumb","itemListElement":[{"@type":"ListItem","position":1,"name":"In\u00edcio","item":"https:\/\/www.institutodeengenharia.org.br\/site\/"},{"@type":"ListItem","position":2,"name":"3 milh\u00f5es de hectares na Amaz\u00f4nia ser\u00e3o transformados em unidades de conserva\u00e7\u00e3o"}]},{"@type":"WebSite","@id":"https:\/\/www.institutodeengenharia.org.br\/site\/#website","url":"https:\/\/www.institutodeengenharia.org.br\/site\/","name":"Instituto de Engenharia","description":"O Instituto de Engenharia promove a Engenharia em benef\u00edcio do desenvolvimento e da qualidade de vida da sociedade.","publisher":{"@id":"https:\/\/www.institutodeengenharia.org.br\/site\/#organization"},"potentialAction":[{"@type":"SearchAction","target":{"@type":"EntryPoint","urlTemplate":"https:\/\/www.institutodeengenharia.org.br\/site\/?s={search_term_string}"},"query-input":{"@type":"PropertyValueSpecification","valueRequired":true,"valueName":"search_term_string"}}],"inLanguage":"pt-BR"},{"@type":"Organization","@id":"https:\/\/www.institutodeengenharia.org.br\/site\/#organization","name":"Instituto de Engenharia","url":"https:\/\/www.institutodeengenharia.org.br\/site\/","logo":{"@type":"ImageObject","inLanguage":"pt-BR","@id":"https:\/\/www.institutodeengenharia.org.br\/site\/#\/schema\/logo\/image\/","url":"https:\/\/www.institutodeengenharia.org.br\/site\/wp-content\/uploads\/2019\/03\/logo-novo-IE2018-1.jpg","contentUrl":"https:\/\/www.institutodeengenharia.org.br\/site\/wp-content\/uploads\/2019\/03\/logo-novo-IE2018-1.jpg","width":1486,"height":1879,"caption":"Instituto de Engenharia"},"image":{"@id":"https:\/\/www.institutodeengenharia.org.br\/site\/#\/schema\/logo\/image\/"},"sameAs":["https:\/\/www.facebook.com\/institutodeengenharia","https:\/\/x.com\/iengenharia","https:\/\/www.instagram.com\/institutodeengenharia\/","https:\/\/www.linkedin.com\/company\/instituto-de-engenharia\/","https:\/\/www.youtube.com\/channel\/UCXiCAlsSMe977vamW915HxA"]},{"@type":"Person","@id":"https:\/\/www.institutodeengenharia.org.br\/site\/#\/schema\/person\/3b1ff109facef084739fc2edcb9a127f","name":"TMax Tecnologia","image":{"@type":"ImageObject","inLanguage":"pt-BR","@id":"https:\/\/secure.gravatar.com\/avatar\/f912434ef7f389c92cb311fcdae346af848465d638912574b3c669070f797701?s=96&d=mm&r=g","url":"https:\/\/secure.gravatar.com\/avatar\/f912434ef7f389c92cb311fcdae346af848465d638912574b3c669070f797701?s=96&d=mm&r=g","contentUrl":"https:\/\/secure.gravatar.com\/avatar\/f912434ef7f389c92cb311fcdae346af848465d638912574b3c669070f797701?s=96&d=mm&r=g","caption":"TMax Tecnologia"},"url":"https:\/\/www.institutodeengenharia.org.br\/site\/author\/tmax\/"}]}},"_links":{"self":[{"href":"https:\/\/www.institutodeengenharia.org.br\/site\/wp-json\/wp\/v2\/posts\/28933","targetHints":{"allow":["GET"]}}],"collection":[{"href":"https:\/\/www.institutodeengenharia.org.br\/site\/wp-json\/wp\/v2\/posts"}],"about":[{"href":"https:\/\/www.institutodeengenharia.org.br\/site\/wp-json\/wp\/v2\/types\/post"}],"author":[{"embeddable":true,"href":"https:\/\/www.institutodeengenharia.org.br\/site\/wp-json\/wp\/v2\/users\/1"}],"replies":[{"embeddable":true,"href":"https:\/\/www.institutodeengenharia.org.br\/site\/wp-json\/wp\/v2\/comments?post=28933"}],"version-history":[{"count":0,"href":"https:\/\/www.institutodeengenharia.org.br\/site\/wp-json\/wp\/v2\/posts\/28933\/revisions"}],"wp:featuredmedia":[{"embeddable":true,"href":"https:\/\/www.institutodeengenharia.org.br\/site\/wp-json\/wp\/v2\/media\/28934"}],"wp:attachment":[{"href":"https:\/\/www.institutodeengenharia.org.br\/site\/wp-json\/wp\/v2\/media?parent=28933"}],"wp:term":[{"taxonomy":"category","embeddable":true,"href":"https:\/\/www.institutodeengenharia.org.br\/site\/wp-json\/wp\/v2\/categories?post=28933"},{"taxonomy":"post_tag","embeddable":true,"href":"https:\/\/www.institutodeengenharia.org.br\/site\/wp-json\/wp\/v2\/tags?post=28933"}],"curies":[{"name":"wp","href":"https:\/\/api.w.org\/{rel}","templated":true}]}}