{"id":28925,"date":"2017-12-18T14:12:24","date_gmt":"2017-12-18T14:12:24","guid":{"rendered":"https:\/\/www.institutodeengenharia.org.br\/?p=28925"},"modified":"2017-12-18T11:44:51","modified_gmt":"2017-12-18T11:44:51","slug":"discurso-de-eduardo-lafraia-presidente-do-instituto-de-engenharia-durante-cerimonia-de-entrega-do-titulo-de-eminente-engenheiro-do-ano","status":"publish","type":"post","link":"https:\/\/www.institutodeengenharia.org.br\/site\/2017\/12\/18\/discurso-de-eduardo-lafraia-presidente-do-instituto-de-engenharia-durante-cerimonia-de-entrega-do-titulo-de-eminente-engenheiro-do-ano\/","title":{"rendered":"Discurso de Eduardo Lafraia, presidente do Instituto de Engenharia, durante cerim\u00f4nia de entrega do t\u00edtulo de Eminente Engenheiro do Ano"},"content":{"rendered":"<p>Boa noite a todos.<\/p>\n<p>Estamos aqui para celebrar o Dia do Engenheiro e a premia\u00e7\u00e3o do Eminente Engenheiro do Ano de 2017. <br \/>\nVamos tamb\u00e9m premiar o incans\u00e1vel trabalho das nossas Divis\u00f5es T\u00e9cnicas e agradecer aos associados remidos que t\u00eam mais de 35 anos de colabora\u00e7\u00e3o. <\/p>\n<p>Quero iniciar ressaltando as profundas transforma\u00e7\u00f5es pelas quais o mundo passa e o papel que o futuro imp\u00f5e ao Instituto de Engenharia. <\/p>\n<p>Nos \u00faltimos 100 anos, o n\u00famero de habitantes da Terra mais do que quadruplicou. O que n\u00e3o aumentou foram os espa\u00e7os dispon\u00edveis no mundo e seus recursos naturais. Recursos finitos diante de demandas que crescem exponencialmente e sugerem cen\u00e1rios de estresse como por exemplo, a desertifica\u00e7\u00e3o, a acidifica\u00e7\u00e3o dos oceanos, as migra\u00e7\u00f5es, a demanda crescente de energia, a polui\u00e7\u00e3o qu\u00edmica, o lixo urbano, a mobilidade urbana e as altera\u00e7\u00f5es clim\u00e1ticas, entre outros.<\/p>\n<p>O Instituto de Engenharia est\u00e1 consciente deste dilema e seus desafios. E, assim, revigorando sua estrutura interna, investe no Instituto do Futuro &#8211; capaz de acompanhar e identificar as principais demandas e contribuir para suas solu\u00e7\u00f5es. A engenharia ter\u00e1 papel fundamental no equacionamento desses problemas. <\/p>\n<p>O Instituto de Engenharia, conectado com o futuro, vai colaborar ativamente com esta reformula\u00e7\u00e3o e quer ser, antes de mais nada, um centro onde os engenheiros possam conciliar o conhecimento t\u00e9cnico com o exerc\u00edcio da cidadania. <\/p>\n<p>Como? Al\u00e9m da preocupa\u00e7\u00e3o com o futuro global, quer, dentro de suas possibilidades, ajudar e estimular a concep\u00e7\u00e3o, o desenho, e a constru\u00e7\u00e3o de um projeto para o Brasil. Hoje nos sentimos numa nau sem rumo. Falta planejamento. Faltam objetivos claros. Faltam prioridades verdadeiras, que nos direcionem para a na\u00e7\u00e3o que queremos ser.<br \/>\nPrecisamos de um Projeto de Pa\u00eds:<\/p>\n<p>Que privilegie figuras de estadistas e n\u00e3o os salvadores da p\u00e1tria; <\/p>\n<p>Que nossos pol\u00edticos sejam eleitos para trabalhar por sua cidade, por seu estado, pelo Pa\u00eds, e n\u00e3o apenas pela elei\u00e7\u00e3o seguinte;<\/p>\n<p>Que quebre as amarras cartoriais e corporativas que trabalham para si pr\u00f3prias e n\u00e3o para o bem comum;<br \/>\nQue priorize a educa\u00e7\u00e3o. A educa\u00e7\u00e3o de qualidade.<br \/>\nQue valorize quem trabalha, quem empreende, quem investe, quem produz e gera emprego e desenvolvimento;<br \/>\nQue promova um Estado mais eficiente e eficaz. Simples assim.<\/p>\n<p>Estamos fazendo a nossa parte. Somos uma entidade de ades\u00e3o volunt\u00e1ria. Trabalhamos com apoio de nossos associados e de empresas que querem, como o Instituto de Engenharia faz h\u00e1 101 anos, apostar em bons projetos e no avan\u00e7o da engenharia e do Brasil. Por isso, o apoio de novos associados e novas empresas \u00e9 fundamental.<\/p>\n<p>O Instituto de Engenharia conta hoje com 31 Divis\u00f5es T\u00e9cnicas e 10 Departamentos. Entre outros trabalhos, elaboramos o projeto de Ocupa\u00e7\u00e3o Sustent\u00e1vel do Territ\u00f3rio Nacional pela Ferrovia associada ao Agroneg\u00f3cio. Ainda na \u00e1rea de log\u00edstica, est\u00e1 em discuss\u00e3o a Integra\u00e7\u00e3o do Cone Sul pelas hidrovias. Recentemente, foi lan\u00e7ado um programa de Mentoria para unir a experi\u00eancia dos engenheiros veteranos com as necessidades dos jovens engenheiros que ainda t\u00eam toda carreira pela frente. Temos realizado encontros com especialistas para debater a efici\u00eancia do estado brasileiro. Estamos ultimando o projeto de certifica\u00e7\u00e3o profissional que estimular\u00e1 os engenheiros ao aprendizado cont\u00ednuo. Em paralelo, h\u00e1 um grupo criando o modelo de neg\u00f3cios e atua\u00e7\u00e3o para o Instituto de Engenharia do Futuro. <\/p>\n<p>Lembro que esses projetos e iniciativas est\u00e3o abertos para participa\u00e7\u00e3o de todos.<\/p>\n<p>Com essa vis\u00e3o de desafios futuros e da necessidade de um projeto para o Brasil, o Instituto de Engenharia, ao escolher o nome de Pedro Parente como o Eminente Engenheiro do Ano de 2017, est\u00e1 prestigiando a gest\u00e3o eficaz, a compet\u00eancia t\u00e9cnica e a efici\u00eancia empresarial por meio de um gestor p\u00fablico e privado de sucesso, de um l\u00edder com uma s\u00f3lida carreira a servi\u00e7o do Pa\u00eds. Um executivo chamado para gerenciar duas situa\u00e7\u00f5es cr\u00edticas da hist\u00f3ria recente do Brasil: a crise de abastecimento no setor el\u00e9trico, em 2001, e a atual crise da Petrobras. <br \/>\nApesar da homenagem ser ao engenheiro Pedro Parente por sua trajet\u00f3ria, n\u00e3o posso deixar de fazer um coment\u00e1rio sobre a Petrobras.<\/p>\n<p>A empresa enfrenta esta crise num momento em que o mercado global de energia tem se transformado, alterando sua matriz de oferta. O Brasil precisa de uma empresa \u00e1gil para atuar nesse ambiente. Para nossa satisfa\u00e7\u00e3o, observamos que, apesar de tudo, j\u00e1 temos na Petrobras esta empresa. Empresa cuja capacidade no setor de petr\u00f3leo foi adquirida ao longo de muitos anos, muita luta e muita engenharia. <\/p>\n<p>\u00c9 uma empresa respeitada mundialmente, e com o comando firme de Pedro Parente ser\u00e1 preparada para cumprir seu papel nos pr\u00f3ximos 25 anos, quando ent\u00e3o o petr\u00f3leo j\u00e1 ter\u00e1 iniciado seu decl\u00ednio como fonte fundamental de energia prim\u00e1ria. <\/p>\n<p>Para sobreviver e cumprir o que o Pa\u00eds espera dela, ter\u00e1 que ser eficiente e vencedora, pois somente os campos e po\u00e7os rent\u00e1veis permanecer\u00e3o operando e produzindo riquezas. <\/p>\n<p>Pedro Parente est\u00e1 sendo homenageado por representar a virada que o Brasil precisa: a gest\u00e3o p\u00fablica eficiente, com mais autonomia, \u00e9tica, transpar\u00eancia e resultados. <\/p>\n<p>\u00c9 necess\u00e1rio tamb\u00e9m que cumpra mais um importante papel, e que \u00e9 de especial interesse desta casa: dar \u00e0 engenharia nacional a import\u00e2ncia devida e necess\u00e1ria para que o Pa\u00eds se recupere. N\u00e3o h\u00e1 recupera\u00e7\u00e3o poss\u00edvel para o Brasil sem a recupera\u00e7\u00e3o do seu setor de engenharia. <\/p>\n<p>N\u00e3o confundam minha fala com um pedido corporativo de privil\u00e9gios. Ela \u00e9 um alerta para a necessidadede criar condi\u00e7\u00f5es de igualdade de competi\u00e7\u00e3o para as empresas nacionais. A engenharia brasileira \u00e9 muito penalizada pelo custo Brasil -excesso de impostos, burocracia, falta de infraestrutura, log\u00edstica, dificuldade de licenciamentos, prazos excessivos &#8211; a lista \u00e9 longa. Empresas geram renda, geram emprego, geram riqueza. Geram progresso e desenvolvimento. <br \/>\nEsse cen\u00e1rio imp\u00f5e um dilema importante ao governo brasileiro, a nossa justi\u00e7a e a pr\u00f3pria Petrobras: o desafio de penalizar os gestores criminosos e os acionistas e, ao mesmo tempo, preservar as empresas que geram riquezas e empregos, assim como fazem outros pa\u00edses neste mundo extremamente competitivo.<\/p>\n<p>Quero finalizar enfatizando o significado maior desta cerim\u00f4nia. \u00c9 uma mensagem a todos que acreditam que, para o Brasil seguir em frente, \u00e9 preciso apostar em planejamento, em gest\u00e3o eficiente e inovadora. E reafirmar o papel da engenharia, em sua capacidade de criar e executar solu\u00e7\u00f5es para os principais problemas do Brasil.<\/p>\n<p>\u00c9 uma mensagem para a sociedade e, em especial, para os pol\u00edticos, da necessidade de gestores engajados, com autonomia e comprometidos com o uso eficiente dos recursos. \u00c9 uma mensagem para a sociedade acreditar na viabilidade de pol\u00edticas p\u00fablicas consistentes, bons projetos e escolhas t\u00e9cnicas adequadas.<\/p>\n<p>Parab\u00e9ns, Engenheiro Pedro Parente, nosso Eminente Engenheiro do Ano de 2017 e que hoje simboliza as nossas esperan\u00e7as desse projeto de Brasil.<\/p>\n<p><b>Autor: Eduardo Lafraia<\/b><\/p>\n","protected":false},"excerpt":{"rendered":"<p>T\u00edtulo foi entregue ao engenheiro Pedro Parente durante cerim\u00f4nia no Cento Fecomercio de Eventos, em 14 de dezembro <\/p>\n","protected":false},"author":1,"featured_media":0,"comment_status":"open","ping_status":"open","sticky":false,"template":"","format":"standard","meta":{"footnotes":""},"categories":[114,26],"tags":[],"class_list":{"0":"post-28925","1":"post","2":"type-post","3":"status-publish","4":"format-standard","6":"category-artigos","7":"category-infraestrutura"},"yoast_head":"<!-- This site is optimized with the Yoast SEO plugin v27.2 - https:\/\/yoast.com\/product\/yoast-seo-wordpress\/ -->\n<title>Discurso de Eduardo Lafraia, presidente do Instituto de Engenharia, durante cerim\u00f4nia de entrega do t\u00edtulo de Eminente Engenheiro do Ano - Instituto de Engenharia<\/title>\n<meta name=\"robots\" content=\"index, follow, max-snippet:-1, max-image-preview:large, max-video-preview:-1\" \/>\n<link rel=\"canonical\" href=\"https:\/\/www.institutodeengenharia.org.br\/site\/2017\/12\/18\/discurso-de-eduardo-lafraia-presidente-do-instituto-de-engenharia-durante-cerimonia-de-entrega-do-titulo-de-eminente-engenheiro-do-ano\/\" \/>\n<meta property=\"og:locale\" content=\"pt_BR\" \/>\n<meta property=\"og:type\" content=\"article\" \/>\n<meta property=\"og:title\" content=\"Discurso de Eduardo Lafraia, presidente do Instituto de Engenharia, durante cerim\u00f4nia de entrega do t\u00edtulo de Eminente Engenheiro do Ano - Instituto de Engenharia\" \/>\n<meta property=\"og:description\" content=\"T\u00edtulo foi entregue ao engenheiro Pedro Parente durante cerim\u00f4nia no Cento Fecomercio de Eventos, em 14 de dezembro\" \/>\n<meta property=\"og:url\" content=\"https:\/\/www.institutodeengenharia.org.br\/site\/2017\/12\/18\/discurso-de-eduardo-lafraia-presidente-do-instituto-de-engenharia-durante-cerimonia-de-entrega-do-titulo-de-eminente-engenheiro-do-ano\/\" \/>\n<meta property=\"og:site_name\" content=\"Instituto de Engenharia\" \/>\n<meta property=\"article:publisher\" content=\"https:\/\/www.facebook.com\/institutodeengenharia\" \/>\n<meta property=\"article:published_time\" content=\"2017-12-18T14:12:24+00:00\" \/>\n<meta name=\"author\" content=\"TMax Tecnologia\" \/>\n<meta name=\"twitter:card\" content=\"summary_large_image\" \/>\n<meta name=\"twitter:creator\" content=\"@iengenharia\" \/>\n<meta name=\"twitter:site\" content=\"@iengenharia\" \/>\n<meta name=\"twitter:label1\" content=\"Escrito por\" \/>\n\t<meta name=\"twitter:data1\" content=\"TMax Tecnologia\" \/>\n\t<meta name=\"twitter:label2\" content=\"Est. tempo de leitura\" \/>\n\t<meta name=\"twitter:data2\" content=\"6 minutos\" \/>\n<script type=\"application\/ld+json\" class=\"yoast-schema-graph\">{\"@context\":\"https:\/\/schema.org\",\"@graph\":[{\"@type\":\"Article\",\"@id\":\"https:\/\/www.institutodeengenharia.org.br\/site\/2017\/12\/18\/discurso-de-eduardo-lafraia-presidente-do-instituto-de-engenharia-durante-cerimonia-de-entrega-do-titulo-de-eminente-engenheiro-do-ano\/#article\",\"isPartOf\":{\"@id\":\"https:\/\/www.institutodeengenharia.org.br\/site\/2017\/12\/18\/discurso-de-eduardo-lafraia-presidente-do-instituto-de-engenharia-durante-cerimonia-de-entrega-do-titulo-de-eminente-engenheiro-do-ano\/\"},\"author\":{\"name\":\"TMax Tecnologia\",\"@id\":\"https:\/\/www.institutodeengenharia.org.br\/site\/#\/schema\/person\/3b1ff109facef084739fc2edcb9a127f\"},\"headline\":\"Discurso de Eduardo Lafraia, presidente do Instituto de Engenharia, durante cerim\u00f4nia de entrega do t\u00edtulo de Eminente Engenheiro do Ano\",\"datePublished\":\"2017-12-18T14:12:24+00:00\",\"mainEntityOfPage\":{\"@id\":\"https:\/\/www.institutodeengenharia.org.br\/site\/2017\/12\/18\/discurso-de-eduardo-lafraia-presidente-do-instituto-de-engenharia-durante-cerimonia-de-entrega-do-titulo-de-eminente-engenheiro-do-ano\/\"},\"wordCount\":1222,\"commentCount\":0,\"publisher\":{\"@id\":\"https:\/\/www.institutodeengenharia.org.br\/site\/#organization\"},\"articleSection\":[\"Artigos\",\"Infraestrutura\"],\"inLanguage\":\"pt-BR\",\"potentialAction\":[{\"@type\":\"CommentAction\",\"name\":\"Comment\",\"target\":[\"https:\/\/www.institutodeengenharia.org.br\/site\/2017\/12\/18\/discurso-de-eduardo-lafraia-presidente-do-instituto-de-engenharia-durante-cerimonia-de-entrega-do-titulo-de-eminente-engenheiro-do-ano\/#respond\"]}]},{\"@type\":\"WebPage\",\"@id\":\"https:\/\/www.institutodeengenharia.org.br\/site\/2017\/12\/18\/discurso-de-eduardo-lafraia-presidente-do-instituto-de-engenharia-durante-cerimonia-de-entrega-do-titulo-de-eminente-engenheiro-do-ano\/\",\"url\":\"https:\/\/www.institutodeengenharia.org.br\/site\/2017\/12\/18\/discurso-de-eduardo-lafraia-presidente-do-instituto-de-engenharia-durante-cerimonia-de-entrega-do-titulo-de-eminente-engenheiro-do-ano\/\",\"name\":\"Discurso de Eduardo Lafraia, presidente do Instituto de Engenharia, durante cerim\u00f4nia de entrega do t\u00edtulo de Eminente Engenheiro do Ano - Instituto de Engenharia\",\"isPartOf\":{\"@id\":\"https:\/\/www.institutodeengenharia.org.br\/site\/#website\"},\"datePublished\":\"2017-12-18T14:12:24+00:00\",\"breadcrumb\":{\"@id\":\"https:\/\/www.institutodeengenharia.org.br\/site\/2017\/12\/18\/discurso-de-eduardo-lafraia-presidente-do-instituto-de-engenharia-durante-cerimonia-de-entrega-do-titulo-de-eminente-engenheiro-do-ano\/#breadcrumb\"},\"inLanguage\":\"pt-BR\",\"potentialAction\":[{\"@type\":\"ReadAction\",\"target\":[\"https:\/\/www.institutodeengenharia.org.br\/site\/2017\/12\/18\/discurso-de-eduardo-lafraia-presidente-do-instituto-de-engenharia-durante-cerimonia-de-entrega-do-titulo-de-eminente-engenheiro-do-ano\/\"]}]},{\"@type\":\"BreadcrumbList\",\"@id\":\"https:\/\/www.institutodeengenharia.org.br\/site\/2017\/12\/18\/discurso-de-eduardo-lafraia-presidente-do-instituto-de-engenharia-durante-cerimonia-de-entrega-do-titulo-de-eminente-engenheiro-do-ano\/#breadcrumb\",\"itemListElement\":[{\"@type\":\"ListItem\",\"position\":1,\"name\":\"In\u00edcio\",\"item\":\"https:\/\/www.institutodeengenharia.org.br\/site\/\"},{\"@type\":\"ListItem\",\"position\":2,\"name\":\"Discurso de Eduardo Lafraia, presidente do Instituto de Engenharia, durante cerim\u00f4nia de entrega do t\u00edtulo de Eminente Engenheiro do Ano\"}]},{\"@type\":\"WebSite\",\"@id\":\"https:\/\/www.institutodeengenharia.org.br\/site\/#website\",\"url\":\"https:\/\/www.institutodeengenharia.org.br\/site\/\",\"name\":\"Instituto de Engenharia\",\"description\":\"O Instituto de Engenharia promove a Engenharia em benef\u00edcio do desenvolvimento e da qualidade de vida da sociedade.\",\"publisher\":{\"@id\":\"https:\/\/www.institutodeengenharia.org.br\/site\/#organization\"},\"potentialAction\":[{\"@type\":\"SearchAction\",\"target\":{\"@type\":\"EntryPoint\",\"urlTemplate\":\"https:\/\/www.institutodeengenharia.org.br\/site\/?s={search_term_string}\"},\"query-input\":{\"@type\":\"PropertyValueSpecification\",\"valueRequired\":true,\"valueName\":\"search_term_string\"}}],\"inLanguage\":\"pt-BR\"},{\"@type\":\"Organization\",\"@id\":\"https:\/\/www.institutodeengenharia.org.br\/site\/#organization\",\"name\":\"Instituto de Engenharia\",\"url\":\"https:\/\/www.institutodeengenharia.org.br\/site\/\",\"logo\":{\"@type\":\"ImageObject\",\"inLanguage\":\"pt-BR\",\"@id\":\"https:\/\/www.institutodeengenharia.org.br\/site\/#\/schema\/logo\/image\/\",\"url\":\"https:\/\/www.institutodeengenharia.org.br\/site\/wp-content\/uploads\/2019\/03\/logo-novo-IE2018-1.jpg\",\"contentUrl\":\"https:\/\/www.institutodeengenharia.org.br\/site\/wp-content\/uploads\/2019\/03\/logo-novo-IE2018-1.jpg\",\"width\":1486,\"height\":1879,\"caption\":\"Instituto de Engenharia\"},\"image\":{\"@id\":\"https:\/\/www.institutodeengenharia.org.br\/site\/#\/schema\/logo\/image\/\"},\"sameAs\":[\"https:\/\/www.facebook.com\/institutodeengenharia\",\"https:\/\/x.com\/iengenharia\",\"https:\/\/www.instagram.com\/institutodeengenharia\/\",\"https:\/\/www.linkedin.com\/company\/instituto-de-engenharia\/\",\"https:\/\/www.youtube.com\/channel\/UCXiCAlsSMe977vamW915HxA\"]},{\"@type\":\"Person\",\"@id\":\"https:\/\/www.institutodeengenharia.org.br\/site\/#\/schema\/person\/3b1ff109facef084739fc2edcb9a127f\",\"name\":\"TMax Tecnologia\",\"image\":{\"@type\":\"ImageObject\",\"inLanguage\":\"pt-BR\",\"@id\":\"https:\/\/secure.gravatar.com\/avatar\/f912434ef7f389c92cb311fcdae346af848465d638912574b3c669070f797701?s=96&d=mm&r=g\",\"url\":\"https:\/\/secure.gravatar.com\/avatar\/f912434ef7f389c92cb311fcdae346af848465d638912574b3c669070f797701?s=96&d=mm&r=g\",\"contentUrl\":\"https:\/\/secure.gravatar.com\/avatar\/f912434ef7f389c92cb311fcdae346af848465d638912574b3c669070f797701?s=96&d=mm&r=g\",\"caption\":\"TMax Tecnologia\"},\"url\":\"https:\/\/www.institutodeengenharia.org.br\/site\/author\/tmax\/\"}]}<\/script>\n<!-- \/ Yoast SEO plugin. -->","yoast_head_json":{"title":"Discurso de Eduardo Lafraia, presidente do Instituto de Engenharia, durante cerim\u00f4nia de entrega do t\u00edtulo de Eminente Engenheiro do Ano - Instituto de Engenharia","robots":{"index":"index","follow":"follow","max-snippet":"max-snippet:-1","max-image-preview":"max-image-preview:large","max-video-preview":"max-video-preview:-1"},"canonical":"https:\/\/www.institutodeengenharia.org.br\/site\/2017\/12\/18\/discurso-de-eduardo-lafraia-presidente-do-instituto-de-engenharia-durante-cerimonia-de-entrega-do-titulo-de-eminente-engenheiro-do-ano\/","og_locale":"pt_BR","og_type":"article","og_title":"Discurso de Eduardo Lafraia, presidente do Instituto de Engenharia, durante cerim\u00f4nia de entrega do t\u00edtulo de Eminente Engenheiro do Ano - Instituto de Engenharia","og_description":"T\u00edtulo foi entregue ao engenheiro Pedro Parente durante cerim\u00f4nia no Cento Fecomercio de Eventos, em 14 de dezembro","og_url":"https:\/\/www.institutodeengenharia.org.br\/site\/2017\/12\/18\/discurso-de-eduardo-lafraia-presidente-do-instituto-de-engenharia-durante-cerimonia-de-entrega-do-titulo-de-eminente-engenheiro-do-ano\/","og_site_name":"Instituto de Engenharia","article_publisher":"https:\/\/www.facebook.com\/institutodeengenharia","article_published_time":"2017-12-18T14:12:24+00:00","author":"TMax Tecnologia","twitter_card":"summary_large_image","twitter_creator":"@iengenharia","twitter_site":"@iengenharia","twitter_misc":{"Escrito por":"TMax Tecnologia","Est. tempo de leitura":"6 minutos"},"schema":{"@context":"https:\/\/schema.org","@graph":[{"@type":"Article","@id":"https:\/\/www.institutodeengenharia.org.br\/site\/2017\/12\/18\/discurso-de-eduardo-lafraia-presidente-do-instituto-de-engenharia-durante-cerimonia-de-entrega-do-titulo-de-eminente-engenheiro-do-ano\/#article","isPartOf":{"@id":"https:\/\/www.institutodeengenharia.org.br\/site\/2017\/12\/18\/discurso-de-eduardo-lafraia-presidente-do-instituto-de-engenharia-durante-cerimonia-de-entrega-do-titulo-de-eminente-engenheiro-do-ano\/"},"author":{"name":"TMax Tecnologia","@id":"https:\/\/www.institutodeengenharia.org.br\/site\/#\/schema\/person\/3b1ff109facef084739fc2edcb9a127f"},"headline":"Discurso de Eduardo Lafraia, presidente do Instituto de Engenharia, durante cerim\u00f4nia de entrega do t\u00edtulo de Eminente Engenheiro do Ano","datePublished":"2017-12-18T14:12:24+00:00","mainEntityOfPage":{"@id":"https:\/\/www.institutodeengenharia.org.br\/site\/2017\/12\/18\/discurso-de-eduardo-lafraia-presidente-do-instituto-de-engenharia-durante-cerimonia-de-entrega-do-titulo-de-eminente-engenheiro-do-ano\/"},"wordCount":1222,"commentCount":0,"publisher":{"@id":"https:\/\/www.institutodeengenharia.org.br\/site\/#organization"},"articleSection":["Artigos","Infraestrutura"],"inLanguage":"pt-BR","potentialAction":[{"@type":"CommentAction","name":"Comment","target":["https:\/\/www.institutodeengenharia.org.br\/site\/2017\/12\/18\/discurso-de-eduardo-lafraia-presidente-do-instituto-de-engenharia-durante-cerimonia-de-entrega-do-titulo-de-eminente-engenheiro-do-ano\/#respond"]}]},{"@type":"WebPage","@id":"https:\/\/www.institutodeengenharia.org.br\/site\/2017\/12\/18\/discurso-de-eduardo-lafraia-presidente-do-instituto-de-engenharia-durante-cerimonia-de-entrega-do-titulo-de-eminente-engenheiro-do-ano\/","url":"https:\/\/www.institutodeengenharia.org.br\/site\/2017\/12\/18\/discurso-de-eduardo-lafraia-presidente-do-instituto-de-engenharia-durante-cerimonia-de-entrega-do-titulo-de-eminente-engenheiro-do-ano\/","name":"Discurso de Eduardo Lafraia, presidente do Instituto de Engenharia, durante cerim\u00f4nia de entrega do t\u00edtulo de Eminente Engenheiro do Ano - Instituto de Engenharia","isPartOf":{"@id":"https:\/\/www.institutodeengenharia.org.br\/site\/#website"},"datePublished":"2017-12-18T14:12:24+00:00","breadcrumb":{"@id":"https:\/\/www.institutodeengenharia.org.br\/site\/2017\/12\/18\/discurso-de-eduardo-lafraia-presidente-do-instituto-de-engenharia-durante-cerimonia-de-entrega-do-titulo-de-eminente-engenheiro-do-ano\/#breadcrumb"},"inLanguage":"pt-BR","potentialAction":[{"@type":"ReadAction","target":["https:\/\/www.institutodeengenharia.org.br\/site\/2017\/12\/18\/discurso-de-eduardo-lafraia-presidente-do-instituto-de-engenharia-durante-cerimonia-de-entrega-do-titulo-de-eminente-engenheiro-do-ano\/"]}]},{"@type":"BreadcrumbList","@id":"https:\/\/www.institutodeengenharia.org.br\/site\/2017\/12\/18\/discurso-de-eduardo-lafraia-presidente-do-instituto-de-engenharia-durante-cerimonia-de-entrega-do-titulo-de-eminente-engenheiro-do-ano\/#breadcrumb","itemListElement":[{"@type":"ListItem","position":1,"name":"In\u00edcio","item":"https:\/\/www.institutodeengenharia.org.br\/site\/"},{"@type":"ListItem","position":2,"name":"Discurso de Eduardo Lafraia, presidente do Instituto de Engenharia, durante cerim\u00f4nia de entrega do t\u00edtulo de Eminente Engenheiro do Ano"}]},{"@type":"WebSite","@id":"https:\/\/www.institutodeengenharia.org.br\/site\/#website","url":"https:\/\/www.institutodeengenharia.org.br\/site\/","name":"Instituto de Engenharia","description":"O Instituto de Engenharia promove a Engenharia em benef\u00edcio do desenvolvimento e da qualidade de vida da sociedade.","publisher":{"@id":"https:\/\/www.institutodeengenharia.org.br\/site\/#organization"},"potentialAction":[{"@type":"SearchAction","target":{"@type":"EntryPoint","urlTemplate":"https:\/\/www.institutodeengenharia.org.br\/site\/?s={search_term_string}"},"query-input":{"@type":"PropertyValueSpecification","valueRequired":true,"valueName":"search_term_string"}}],"inLanguage":"pt-BR"},{"@type":"Organization","@id":"https:\/\/www.institutodeengenharia.org.br\/site\/#organization","name":"Instituto de Engenharia","url":"https:\/\/www.institutodeengenharia.org.br\/site\/","logo":{"@type":"ImageObject","inLanguage":"pt-BR","@id":"https:\/\/www.institutodeengenharia.org.br\/site\/#\/schema\/logo\/image\/","url":"https:\/\/www.institutodeengenharia.org.br\/site\/wp-content\/uploads\/2019\/03\/logo-novo-IE2018-1.jpg","contentUrl":"https:\/\/www.institutodeengenharia.org.br\/site\/wp-content\/uploads\/2019\/03\/logo-novo-IE2018-1.jpg","width":1486,"height":1879,"caption":"Instituto de Engenharia"},"image":{"@id":"https:\/\/www.institutodeengenharia.org.br\/site\/#\/schema\/logo\/image\/"},"sameAs":["https:\/\/www.facebook.com\/institutodeengenharia","https:\/\/x.com\/iengenharia","https:\/\/www.instagram.com\/institutodeengenharia\/","https:\/\/www.linkedin.com\/company\/instituto-de-engenharia\/","https:\/\/www.youtube.com\/channel\/UCXiCAlsSMe977vamW915HxA"]},{"@type":"Person","@id":"https:\/\/www.institutodeengenharia.org.br\/site\/#\/schema\/person\/3b1ff109facef084739fc2edcb9a127f","name":"TMax Tecnologia","image":{"@type":"ImageObject","inLanguage":"pt-BR","@id":"https:\/\/secure.gravatar.com\/avatar\/f912434ef7f389c92cb311fcdae346af848465d638912574b3c669070f797701?s=96&d=mm&r=g","url":"https:\/\/secure.gravatar.com\/avatar\/f912434ef7f389c92cb311fcdae346af848465d638912574b3c669070f797701?s=96&d=mm&r=g","contentUrl":"https:\/\/secure.gravatar.com\/avatar\/f912434ef7f389c92cb311fcdae346af848465d638912574b3c669070f797701?s=96&d=mm&r=g","caption":"TMax Tecnologia"},"url":"https:\/\/www.institutodeengenharia.org.br\/site\/author\/tmax\/"}]}},"_links":{"self":[{"href":"https:\/\/www.institutodeengenharia.org.br\/site\/wp-json\/wp\/v2\/posts\/28925","targetHints":{"allow":["GET"]}}],"collection":[{"href":"https:\/\/www.institutodeengenharia.org.br\/site\/wp-json\/wp\/v2\/posts"}],"about":[{"href":"https:\/\/www.institutodeengenharia.org.br\/site\/wp-json\/wp\/v2\/types\/post"}],"author":[{"embeddable":true,"href":"https:\/\/www.institutodeengenharia.org.br\/site\/wp-json\/wp\/v2\/users\/1"}],"replies":[{"embeddable":true,"href":"https:\/\/www.institutodeengenharia.org.br\/site\/wp-json\/wp\/v2\/comments?post=28925"}],"version-history":[{"count":0,"href":"https:\/\/www.institutodeengenharia.org.br\/site\/wp-json\/wp\/v2\/posts\/28925\/revisions"}],"wp:attachment":[{"href":"https:\/\/www.institutodeengenharia.org.br\/site\/wp-json\/wp\/v2\/media?parent=28925"}],"wp:term":[{"taxonomy":"category","embeddable":true,"href":"https:\/\/www.institutodeengenharia.org.br\/site\/wp-json\/wp\/v2\/categories?post=28925"},{"taxonomy":"post_tag","embeddable":true,"href":"https:\/\/www.institutodeengenharia.org.br\/site\/wp-json\/wp\/v2\/tags?post=28925"}],"curies":[{"name":"wp","href":"https:\/\/api.w.org\/{rel}","templated":true}]}}