{"id":28921,"date":"2017-12-15T14:12:21","date_gmt":"2017-12-15T14:12:21","guid":{"rendered":"https:\/\/www.institutodeengenharia.org.br\/?p=28921"},"modified":"2017-12-15T12:35:59","modified_gmt":"2017-12-15T12:35:59","slug":"instituto-de-engenharia-concede-a-pedro-parente-o-titulo-de-eminente-engenheiro-do-ano","status":"publish","type":"post","link":"https:\/\/www.institutodeengenharia.org.br\/site\/2017\/12\/15\/instituto-de-engenharia-concede-a-pedro-parente-o-titulo-de-eminente-engenheiro-do-ano\/","title":{"rendered":"Instituto de Engenharia concede a Pedro Parente o t\u00edtulo de Eminente Engenheiro do Ano"},"content":{"rendered":"<p><em><\/p>\n<p>Eduardo Lafraia (esq.), presidente do Instituto de Engenharia, entrega t\u00edtulo a Pedro Parente<\/em><\/p>\n<p>\nO Instituto de Engenharia entregou ao presidente da Petrobras, Pedro Parente, o t\u00edtulo de Eminente Engenheiro do Ano 2017, na noite de ontem. A cerim\u00f4nia aconteceu no Centro Fecomercio de Eventos, e contou com a presen\u00e7a de Jo\u00e3o Carlos Meirelles, secret\u00e1rio Estadual de Energia e Minera\u00e7\u00e3o, que representou o governador Geraldo Alckmin, e Jo\u00e3o Antonio Machado Neto, presidente do Conselho Consultivo do Instituto de Engenharia, entre outras autoridades.<\/p>\n<p>O pr\u00eamio foi entregue por Eduardo Lafraia, presidente da entidade. Ele <a target=\"_blank\" href=\"https:\/\/www.institutodeengenharia.org.br\/site\/noticias\/exibe\/id_sessao\/5\/id_noticia\/11235\/Discurso-de-Eduardo-Lafraia,-presidente-do-Instituto-de-Engenharia,-durante-cerim%C3%B4nia-de-entrega-do-t%C3%ADtulo-de-Eminente-Engenheiro-do-Ano\">ressaltou<\/a> que o Instituto de Engenharia, ao escolher o nome de Pedro Parente como o Eminente Engenheiro do Ano, est\u00e1 prestigiando a gest\u00e3o eficaz, a compet\u00eancia t\u00e9cnica e a efici\u00eancia empresarial por meio de um gestor p\u00fablico e privado de sucesso, de um l\u00edder com uma s\u00f3lida carreira a servi\u00e7o do Pa\u00eds. Lafraia, lembrou que o executivo foi chamado para gerenciar duas situa\u00e7\u00f5es cr\u00edticas da hist\u00f3ria recente do Brasil: a crise de abastecimento no setor el\u00e9trico, em 2001, e a atual crise da Petrobras. <\/p>\n<p><img loading=\"lazy\" decoding=\"async\" src=\"\/site\/userfiles\/grupo-eng-ano.jpg\" width=\"405\" height=\"270\" alt=\"\" \/><br \/>\n<em><br \/>\nDa esq. p\/ dir.: Jo\u00e3o Antonio Machado Neto, Eduardo Lafraia, Pedro Parente e Jo\u00e3o Carlos Meirelles <strong><br \/>\n<\/strong><\/em><br \/>\nA sauda\u00e7\u00e3o ao homenageado foi feita por Jo\u00e3o Carlos Meirelles que enfatizou o trabalho de Parente \u00e0 frente da Petrobras. &#8220;Ele est\u00e1 trazendo novas petroleiras e tamb\u00e9m retomando parcerias. Parente est\u00e1 deixando o Brasil que queremos mais pr\u00f3ximo.&#8221;<\/p>\n<p>Em seu discurso, o presidente da Petrobras lembrou sua forma\u00e7\u00e3o na Universidade de Bras\u00edlia, como engenheiro Eletricista. &#8220;Como engenheiro, eu n\u00e3o posso esquecer a minha casa-m\u00e3e: a Universidade de Bras\u00edlia, onde passei anos maravilhosos da minha vida estudando Engenharia Eletr\u00f4nica, engenheiro Eletricista op\u00e7\u00e3o Telecomunica\u00e7\u00f5es. Naquele momento, eu trabalhava com milliwatts e a vida me joga no megawatts. A primeira coisa que me explicaram foi para n\u00e3o colocar o dedo, como eu costumava colocar nos circuitos, que n\u00e3o iria dar certo.&#8221;<\/p>\n<p>O engenheiro tamb\u00e9m falou sobre seu atual desafio: a Petrobras. &#8220;Eu n\u00e3o tenho nenhuma d\u00favida de que uma parte relevante deste reconhecimento se deve ao fato de eu ser presidente dessa maravilhosa empresa. Estive nesta semana comemorando os 40 anos da primeira produ\u00e7\u00e3o comercial na Bacia de Campos. Dormi nessa plataforma e foi uma experi\u00eancia extraordin\u00e1ria. Tive a oportunidade de falar com essa for\u00e7a de trabalho, engenheiros que mostravam ang\u00fastias e preocupa\u00e7\u00f5es. Eu tive a oportunidade de fazer um debate intenso com eles sobre a maneira de ver o mundo. Foi um debate democr\u00e1tico. Eles apresentaram suas ideias e vis\u00f5es divergentes e, naquele ambiente, ap\u00f3s o jantar, em uma sala em uma plataforma, a 150 km da costa, local que \u00e9 o s\u00edmbolo da engenharia nacional, o s\u00edmbolo da capacidade brasileira, debatemos como tem que ser um pa\u00eds.&#8221;<\/p>\n<p>Parente encerrou seu discurso ressaltando o seu compromisso como brasileiro, profissional do setor p\u00fablico e privado e como engenheiro de continuar contribuindo para a diminui\u00e7\u00e3o da imensa dist\u00e2ncia que existe no Pa\u00eds. &#8220;Podemos ser o pa\u00eds que a gente quiser.&#8221;<\/p>\n<p>O pr\u00eamio \u00e9 concedido desde 1963 em reconhecimento aos profissionais de destacada atua\u00e7\u00e3o no meio e\/ou que tenham uma carreira marcada por cont\u00ednuas contribui\u00e7\u00f5es para a eleva\u00e7\u00e3o e para o aprimoramento da Engenharia.<\/p>\n<p><strong><br \/>\nPremia\u00e7\u00e3o das Divis\u00f5es T\u00e9cnicas<\/strong><\/p>\n<p>Na ocasi\u00e3o, tamb\u00e9m foi entregue a premia\u00e7\u00e3o das Divis\u00f5es T\u00e9cnicas. O pr\u00eamio \u00e9 concedido pelo Instituto de Engenharia aos melhores trabalhos do ano, desenvolvidos pelas Divis\u00f5es T\u00e9cnicas da Casa, analisando temas de interesse do setor p\u00fablico e os ligados ao exerc\u00edcio da profiss\u00e3o. A Divis\u00e3o T\u00e9cnica mais atuante e com melhor avalia\u00e7\u00e3o qualitativa tamb\u00e9m foram premiadas. <\/p>\n<p>O pr\u00eamio foi entregue por Jer\u00f4nimo Cabral Pereira Fagundes Neto, vice-presidente de Atividades T\u00e9cnicas.<\/p>\n<p><strong>Veja quem foram os contemplados:<\/strong><\/p>\n<p><img loading=\"lazy\" decoding=\"async\" src=\"\/site\/userfiles\/miriana-dt.jpg\" width=\"440\" height=\"293\" alt=\"\" \/><br \/>\n<em><br \/>\nDa esq. p\/ dir.: Jer\u00f4nimo Cabral, Miriana Marques, Victor Marques e Marcelo Rozenberg<\/em><\/p>\n<p>\n<strong>\u2022 Melhor trabalho do ano &#8211; Maravilhas da Engenharia<\/strong><br \/>\nAutores: Eng. Vitor Marques e Eng\u00aa Miriana Marques<\/p>\n<p><strong>\u2022 Melhor trabalho do ano analisando temas de interesse do setor p\u00fablico<br \/>\nTerritorialidade dos sistemas de transporte em S\u00e3o Paulo e no Brasil<\/strong><\/p>\n<p>Autor: Eng. Reginaldo Assis de Paiva<\/p>\n<p><strong>Melhor trabalho do ano analisando temas ligados ao exerc\u00edcio da profiss\u00e3o<\/strong><br \/>\n<strong>Modelo de contrato padr\u00e3o para contrata\u00e7\u00e3o de projetos de engenharia para a ind\u00fastria imobili\u00e1ria<\/strong><br \/>\nAutor: Eng. Marcelo Rozenberg<\/p>\n<p><img loading=\"lazy\" decoding=\"async\" src=\"\/site\/userfiles\/premio-dt(1).jpg\" width=\"459\" height=\"304\" alt=\"\" \/><br \/>\n<strong><br \/>\n<\/strong><em>Da esq. p\/ dir.: Jer\u00f4nimo Cabral, Roberto Kochen, Natan Jacob Levental, L\u00facio Martins Laginha,&nbsp;Jos\u00e9 Manoel de Oliveira Reis, Amir Hernandez Musleh e Henrique Dias de Faria<\/em><strong><em \/><\/p>\n<p>\nDivis\u00e3o T\u00e9cnica mais atuante: Divis\u00e3o de Estruturas<\/strong><br \/>\nDepartamento de Engenharia do Habitat e Infraestrutura<br \/>\nCoordenador : Eng. Natan Jacobsohn Levental <br \/>\nVice-coordenador. : Eng. L\u00facio Martins Laginha<br \/>\n<strong><br \/>\nDivis\u00e3o T\u00e9cnica com a melhor avalia\u00e7\u00e3o qualitativa:<\/strong><br \/>\n<strong>Divis\u00e3o de Constru\u00e7\u00e3o Sustent\u00e1vel e Meio Ambiente<\/strong><\/p>\n<p>Departamento de Engenharia do Habitat e Infraestrutura<br \/>\nCoordenador: Eng. Jos\u00e9 Manoel de Oliveira Reis<br \/>\nVice-coordenador.: Eng. Agnaldo Gon\u00e7alves de Almeida Junior<br \/>\nSecret\u00e1rio: Eng. Henrique Dias de Faria<\/p>\n<p><b>Autor: Isabel Dianin<\/b><\/p>\n","protected":false},"excerpt":{"rendered":"<p>Eduardo Lafraia (esq.), presidente do Instituto de Engenharia, entrega t\u00edtulo a Pedro Parente O Instituto de Engenharia entregou ao presidente da Petrobras, Pedro Parente, o t\u00edtulo de Eminente Engenheiro do Ano 2017, na noite de ontem. A cerim\u00f4nia aconteceu no Centro Fecomercio de Eventos, e contou com a presen\u00e7a de Jo\u00e3o Carlos Meirelles, secret\u00e1rio Estadual [&hellip;]<\/p>\n","protected":false},"author":1,"featured_media":28922,"comment_status":"open","ping_status":"open","sticky":false,"template":"","format":"standard","meta":{"footnotes":""},"categories":[27,6],"tags":[],"class_list":{"0":"post-28921","1":"post","2":"type-post","3":"status-publish","4":"format-standard","5":"has-post-thumbnail","7":"category-instituto-de-engenharia","8":"category-noticias"},"yoast_head":"<!-- This site is optimized with the Yoast SEO plugin v27.2 - https:\/\/yoast.com\/product\/yoast-seo-wordpress\/ -->\n<title>Instituto de Engenharia concede a Pedro Parente o t\u00edtulo de Eminente Engenheiro do Ano  - Instituto de Engenharia<\/title>\n<meta name=\"robots\" content=\"index, follow, max-snippet:-1, max-image-preview:large, max-video-preview:-1\" \/>\n<link rel=\"canonical\" href=\"https:\/\/www.institutodeengenharia.org.br\/site\/2017\/12\/15\/instituto-de-engenharia-concede-a-pedro-parente-o-titulo-de-eminente-engenheiro-do-ano\/\" \/>\n<meta property=\"og:locale\" content=\"pt_BR\" \/>\n<meta property=\"og:type\" content=\"article\" \/>\n<meta property=\"og:title\" content=\"Instituto de Engenharia concede a Pedro Parente o t\u00edtulo de Eminente Engenheiro do Ano  - Instituto de Engenharia\" \/>\n<meta property=\"og:description\" content=\"Eduardo Lafraia (esq.), presidente do Instituto de Engenharia, entrega t\u00edtulo a Pedro Parente O Instituto de Engenharia entregou ao presidente da Petrobras, Pedro Parente, o t\u00edtulo de Eminente Engenheiro do Ano 2017, na noite de ontem. A cerim\u00f4nia aconteceu no Centro Fecomercio de Eventos, e contou com a presen\u00e7a de Jo\u00e3o Carlos Meirelles, secret\u00e1rio Estadual [&hellip;]\" \/>\n<meta property=\"og:url\" content=\"https:\/\/www.institutodeengenharia.org.br\/site\/2017\/12\/15\/instituto-de-engenharia-concede-a-pedro-parente-o-titulo-de-eminente-engenheiro-do-ano\/\" \/>\n<meta property=\"og:site_name\" content=\"Instituto de Engenharia\" \/>\n<meta property=\"article:publisher\" content=\"https:\/\/www.facebook.com\/institutodeengenharia\" \/>\n<meta property=\"article:published_time\" content=\"2017-12-15T14:12:21+00:00\" \/>\n<meta property=\"og:image\" content=\"https:\/\/www.institutodeengenharia.org.br\/site\/wp-content\/uploads\/2018\/02\/premiacao(2).jpg\" \/>\n\t<meta property=\"og:image:width\" content=\"640\" \/>\n\t<meta property=\"og:image:height\" content=\"427\" \/>\n\t<meta property=\"og:image:type\" content=\"image\/jpeg\" \/>\n<meta name=\"author\" content=\"TMax Tecnologia\" \/>\n<meta name=\"twitter:card\" content=\"summary_large_image\" \/>\n<meta name=\"twitter:creator\" content=\"@iengenharia\" \/>\n<meta name=\"twitter:site\" content=\"@iengenharia\" \/>\n<meta name=\"twitter:label1\" content=\"Escrito por\" \/>\n\t<meta name=\"twitter:data1\" content=\"TMax Tecnologia\" \/>\n\t<meta name=\"twitter:label2\" content=\"Est. tempo de leitura\" \/>\n\t<meta name=\"twitter:data2\" content=\"4 minutos\" \/>\n<script type=\"application\/ld+json\" class=\"yoast-schema-graph\">{\"@context\":\"https:\/\/schema.org\",\"@graph\":[{\"@type\":\"Article\",\"@id\":\"https:\/\/www.institutodeengenharia.org.br\/site\/2017\/12\/15\/instituto-de-engenharia-concede-a-pedro-parente-o-titulo-de-eminente-engenheiro-do-ano\/#article\",\"isPartOf\":{\"@id\":\"https:\/\/www.institutodeengenharia.org.br\/site\/2017\/12\/15\/instituto-de-engenharia-concede-a-pedro-parente-o-titulo-de-eminente-engenheiro-do-ano\/\"},\"author\":{\"name\":\"TMax Tecnologia\",\"@id\":\"https:\/\/www.institutodeengenharia.org.br\/site\/#\/schema\/person\/3b1ff109facef084739fc2edcb9a127f\"},\"headline\":\"Instituto de Engenharia concede a Pedro Parente o t\u00edtulo de Eminente Engenheiro do Ano\",\"datePublished\":\"2017-12-15T14:12:21+00:00\",\"mainEntityOfPage\":{\"@id\":\"https:\/\/www.institutodeengenharia.org.br\/site\/2017\/12\/15\/instituto-de-engenharia-concede-a-pedro-parente-o-titulo-de-eminente-engenheiro-do-ano\/\"},\"wordCount\":896,\"commentCount\":0,\"publisher\":{\"@id\":\"https:\/\/www.institutodeengenharia.org.br\/site\/#organization\"},\"image\":{\"@id\":\"https:\/\/www.institutodeengenharia.org.br\/site\/2017\/12\/15\/instituto-de-engenharia-concede-a-pedro-parente-o-titulo-de-eminente-engenheiro-do-ano\/#primaryimage\"},\"thumbnailUrl\":\"https:\/\/www.institutodeengenharia.org.br\/site\/wp-content\/uploads\/2018\/02\/premiacao(2).jpg\",\"articleSection\":[\"Instituto de Engenharia\",\"Not\u00edcias\"],\"inLanguage\":\"pt-BR\",\"potentialAction\":[{\"@type\":\"CommentAction\",\"name\":\"Comment\",\"target\":[\"https:\/\/www.institutodeengenharia.org.br\/site\/2017\/12\/15\/instituto-de-engenharia-concede-a-pedro-parente-o-titulo-de-eminente-engenheiro-do-ano\/#respond\"]}]},{\"@type\":\"WebPage\",\"@id\":\"https:\/\/www.institutodeengenharia.org.br\/site\/2017\/12\/15\/instituto-de-engenharia-concede-a-pedro-parente-o-titulo-de-eminente-engenheiro-do-ano\/\",\"url\":\"https:\/\/www.institutodeengenharia.org.br\/site\/2017\/12\/15\/instituto-de-engenharia-concede-a-pedro-parente-o-titulo-de-eminente-engenheiro-do-ano\/\",\"name\":\"Instituto de Engenharia concede a Pedro Parente o t\u00edtulo de Eminente Engenheiro do Ano - Instituto de Engenharia\",\"isPartOf\":{\"@id\":\"https:\/\/www.institutodeengenharia.org.br\/site\/#website\"},\"primaryImageOfPage\":{\"@id\":\"https:\/\/www.institutodeengenharia.org.br\/site\/2017\/12\/15\/instituto-de-engenharia-concede-a-pedro-parente-o-titulo-de-eminente-engenheiro-do-ano\/#primaryimage\"},\"image\":{\"@id\":\"https:\/\/www.institutodeengenharia.org.br\/site\/2017\/12\/15\/instituto-de-engenharia-concede-a-pedro-parente-o-titulo-de-eminente-engenheiro-do-ano\/#primaryimage\"},\"thumbnailUrl\":\"https:\/\/www.institutodeengenharia.org.br\/site\/wp-content\/uploads\/2018\/02\/premiacao(2).jpg\",\"datePublished\":\"2017-12-15T14:12:21+00:00\",\"breadcrumb\":{\"@id\":\"https:\/\/www.institutodeengenharia.org.br\/site\/2017\/12\/15\/instituto-de-engenharia-concede-a-pedro-parente-o-titulo-de-eminente-engenheiro-do-ano\/#breadcrumb\"},\"inLanguage\":\"pt-BR\",\"potentialAction\":[{\"@type\":\"ReadAction\",\"target\":[\"https:\/\/www.institutodeengenharia.org.br\/site\/2017\/12\/15\/instituto-de-engenharia-concede-a-pedro-parente-o-titulo-de-eminente-engenheiro-do-ano\/\"]}]},{\"@type\":\"ImageObject\",\"inLanguage\":\"pt-BR\",\"@id\":\"https:\/\/www.institutodeengenharia.org.br\/site\/2017\/12\/15\/instituto-de-engenharia-concede-a-pedro-parente-o-titulo-de-eminente-engenheiro-do-ano\/#primaryimage\",\"url\":\"https:\/\/www.institutodeengenharia.org.br\/site\/wp-content\/uploads\/2018\/02\/premiacao(2).jpg\",\"contentUrl\":\"https:\/\/www.institutodeengenharia.org.br\/site\/wp-content\/uploads\/2018\/02\/premiacao(2).jpg\",\"width\":640,\"height\":427},{\"@type\":\"BreadcrumbList\",\"@id\":\"https:\/\/www.institutodeengenharia.org.br\/site\/2017\/12\/15\/instituto-de-engenharia-concede-a-pedro-parente-o-titulo-de-eminente-engenheiro-do-ano\/#breadcrumb\",\"itemListElement\":[{\"@type\":\"ListItem\",\"position\":1,\"name\":\"In\u00edcio\",\"item\":\"https:\/\/www.institutodeengenharia.org.br\/site\/\"},{\"@type\":\"ListItem\",\"position\":2,\"name\":\"Instituto de Engenharia concede a Pedro Parente o t\u00edtulo de Eminente Engenheiro do Ano\"}]},{\"@type\":\"WebSite\",\"@id\":\"https:\/\/www.institutodeengenharia.org.br\/site\/#website\",\"url\":\"https:\/\/www.institutodeengenharia.org.br\/site\/\",\"name\":\"Instituto de Engenharia\",\"description\":\"O Instituto de Engenharia promove a Engenharia em benef\u00edcio do desenvolvimento e da qualidade de vida da sociedade.\",\"publisher\":{\"@id\":\"https:\/\/www.institutodeengenharia.org.br\/site\/#organization\"},\"potentialAction\":[{\"@type\":\"SearchAction\",\"target\":{\"@type\":\"EntryPoint\",\"urlTemplate\":\"https:\/\/www.institutodeengenharia.org.br\/site\/?s={search_term_string}\"},\"query-input\":{\"@type\":\"PropertyValueSpecification\",\"valueRequired\":true,\"valueName\":\"search_term_string\"}}],\"inLanguage\":\"pt-BR\"},{\"@type\":\"Organization\",\"@id\":\"https:\/\/www.institutodeengenharia.org.br\/site\/#organization\",\"name\":\"Instituto de Engenharia\",\"url\":\"https:\/\/www.institutodeengenharia.org.br\/site\/\",\"logo\":{\"@type\":\"ImageObject\",\"inLanguage\":\"pt-BR\",\"@id\":\"https:\/\/www.institutodeengenharia.org.br\/site\/#\/schema\/logo\/image\/\",\"url\":\"https:\/\/www.institutodeengenharia.org.br\/site\/wp-content\/uploads\/2019\/03\/logo-novo-IE2018-1.jpg\",\"contentUrl\":\"https:\/\/www.institutodeengenharia.org.br\/site\/wp-content\/uploads\/2019\/03\/logo-novo-IE2018-1.jpg\",\"width\":1486,\"height\":1879,\"caption\":\"Instituto de Engenharia\"},\"image\":{\"@id\":\"https:\/\/www.institutodeengenharia.org.br\/site\/#\/schema\/logo\/image\/\"},\"sameAs\":[\"https:\/\/www.facebook.com\/institutodeengenharia\",\"https:\/\/x.com\/iengenharia\",\"https:\/\/www.instagram.com\/institutodeengenharia\/\",\"https:\/\/www.linkedin.com\/company\/instituto-de-engenharia\/\",\"https:\/\/www.youtube.com\/channel\/UCXiCAlsSMe977vamW915HxA\"]},{\"@type\":\"Person\",\"@id\":\"https:\/\/www.institutodeengenharia.org.br\/site\/#\/schema\/person\/3b1ff109facef084739fc2edcb9a127f\",\"name\":\"TMax Tecnologia\",\"image\":{\"@type\":\"ImageObject\",\"inLanguage\":\"pt-BR\",\"@id\":\"https:\/\/secure.gravatar.com\/avatar\/f912434ef7f389c92cb311fcdae346af848465d638912574b3c669070f797701?s=96&d=mm&r=g\",\"url\":\"https:\/\/secure.gravatar.com\/avatar\/f912434ef7f389c92cb311fcdae346af848465d638912574b3c669070f797701?s=96&d=mm&r=g\",\"contentUrl\":\"https:\/\/secure.gravatar.com\/avatar\/f912434ef7f389c92cb311fcdae346af848465d638912574b3c669070f797701?s=96&d=mm&r=g\",\"caption\":\"TMax Tecnologia\"},\"url\":\"https:\/\/www.institutodeengenharia.org.br\/site\/author\/tmax\/\"}]}<\/script>\n<!-- \/ Yoast SEO plugin. -->","yoast_head_json":{"title":"Instituto de Engenharia concede a Pedro Parente o t\u00edtulo de Eminente Engenheiro do Ano  - Instituto de Engenharia","robots":{"index":"index","follow":"follow","max-snippet":"max-snippet:-1","max-image-preview":"max-image-preview:large","max-video-preview":"max-video-preview:-1"},"canonical":"https:\/\/www.institutodeengenharia.org.br\/site\/2017\/12\/15\/instituto-de-engenharia-concede-a-pedro-parente-o-titulo-de-eminente-engenheiro-do-ano\/","og_locale":"pt_BR","og_type":"article","og_title":"Instituto de Engenharia concede a Pedro Parente o t\u00edtulo de Eminente Engenheiro do Ano  - Instituto de Engenharia","og_description":"Eduardo Lafraia (esq.), presidente do Instituto de Engenharia, entrega t\u00edtulo a Pedro Parente O Instituto de Engenharia entregou ao presidente da Petrobras, Pedro Parente, o t\u00edtulo de Eminente Engenheiro do Ano 2017, na noite de ontem. A cerim\u00f4nia aconteceu no Centro Fecomercio de Eventos, e contou com a presen\u00e7a de Jo\u00e3o Carlos Meirelles, secret\u00e1rio Estadual [&hellip;]","og_url":"https:\/\/www.institutodeengenharia.org.br\/site\/2017\/12\/15\/instituto-de-engenharia-concede-a-pedro-parente-o-titulo-de-eminente-engenheiro-do-ano\/","og_site_name":"Instituto de Engenharia","article_publisher":"https:\/\/www.facebook.com\/institutodeengenharia","article_published_time":"2017-12-15T14:12:21+00:00","og_image":[{"width":640,"height":427,"url":"https:\/\/www.institutodeengenharia.org.br\/site\/wp-content\/uploads\/2018\/02\/premiacao(2).jpg","type":"image\/jpeg"}],"author":"TMax Tecnologia","twitter_card":"summary_large_image","twitter_creator":"@iengenharia","twitter_site":"@iengenharia","twitter_misc":{"Escrito por":"TMax Tecnologia","Est. tempo de leitura":"4 minutos"},"schema":{"@context":"https:\/\/schema.org","@graph":[{"@type":"Article","@id":"https:\/\/www.institutodeengenharia.org.br\/site\/2017\/12\/15\/instituto-de-engenharia-concede-a-pedro-parente-o-titulo-de-eminente-engenheiro-do-ano\/#article","isPartOf":{"@id":"https:\/\/www.institutodeengenharia.org.br\/site\/2017\/12\/15\/instituto-de-engenharia-concede-a-pedro-parente-o-titulo-de-eminente-engenheiro-do-ano\/"},"author":{"name":"TMax Tecnologia","@id":"https:\/\/www.institutodeengenharia.org.br\/site\/#\/schema\/person\/3b1ff109facef084739fc2edcb9a127f"},"headline":"Instituto de Engenharia concede a Pedro Parente o t\u00edtulo de Eminente Engenheiro do Ano","datePublished":"2017-12-15T14:12:21+00:00","mainEntityOfPage":{"@id":"https:\/\/www.institutodeengenharia.org.br\/site\/2017\/12\/15\/instituto-de-engenharia-concede-a-pedro-parente-o-titulo-de-eminente-engenheiro-do-ano\/"},"wordCount":896,"commentCount":0,"publisher":{"@id":"https:\/\/www.institutodeengenharia.org.br\/site\/#organization"},"image":{"@id":"https:\/\/www.institutodeengenharia.org.br\/site\/2017\/12\/15\/instituto-de-engenharia-concede-a-pedro-parente-o-titulo-de-eminente-engenheiro-do-ano\/#primaryimage"},"thumbnailUrl":"https:\/\/www.institutodeengenharia.org.br\/site\/wp-content\/uploads\/2018\/02\/premiacao(2).jpg","articleSection":["Instituto de Engenharia","Not\u00edcias"],"inLanguage":"pt-BR","potentialAction":[{"@type":"CommentAction","name":"Comment","target":["https:\/\/www.institutodeengenharia.org.br\/site\/2017\/12\/15\/instituto-de-engenharia-concede-a-pedro-parente-o-titulo-de-eminente-engenheiro-do-ano\/#respond"]}]},{"@type":"WebPage","@id":"https:\/\/www.institutodeengenharia.org.br\/site\/2017\/12\/15\/instituto-de-engenharia-concede-a-pedro-parente-o-titulo-de-eminente-engenheiro-do-ano\/","url":"https:\/\/www.institutodeengenharia.org.br\/site\/2017\/12\/15\/instituto-de-engenharia-concede-a-pedro-parente-o-titulo-de-eminente-engenheiro-do-ano\/","name":"Instituto de Engenharia concede a Pedro Parente o t\u00edtulo de Eminente Engenheiro do Ano - Instituto de Engenharia","isPartOf":{"@id":"https:\/\/www.institutodeengenharia.org.br\/site\/#website"},"primaryImageOfPage":{"@id":"https:\/\/www.institutodeengenharia.org.br\/site\/2017\/12\/15\/instituto-de-engenharia-concede-a-pedro-parente-o-titulo-de-eminente-engenheiro-do-ano\/#primaryimage"},"image":{"@id":"https:\/\/www.institutodeengenharia.org.br\/site\/2017\/12\/15\/instituto-de-engenharia-concede-a-pedro-parente-o-titulo-de-eminente-engenheiro-do-ano\/#primaryimage"},"thumbnailUrl":"https:\/\/www.institutodeengenharia.org.br\/site\/wp-content\/uploads\/2018\/02\/premiacao(2).jpg","datePublished":"2017-12-15T14:12:21+00:00","breadcrumb":{"@id":"https:\/\/www.institutodeengenharia.org.br\/site\/2017\/12\/15\/instituto-de-engenharia-concede-a-pedro-parente-o-titulo-de-eminente-engenheiro-do-ano\/#breadcrumb"},"inLanguage":"pt-BR","potentialAction":[{"@type":"ReadAction","target":["https:\/\/www.institutodeengenharia.org.br\/site\/2017\/12\/15\/instituto-de-engenharia-concede-a-pedro-parente-o-titulo-de-eminente-engenheiro-do-ano\/"]}]},{"@type":"ImageObject","inLanguage":"pt-BR","@id":"https:\/\/www.institutodeengenharia.org.br\/site\/2017\/12\/15\/instituto-de-engenharia-concede-a-pedro-parente-o-titulo-de-eminente-engenheiro-do-ano\/#primaryimage","url":"https:\/\/www.institutodeengenharia.org.br\/site\/wp-content\/uploads\/2018\/02\/premiacao(2).jpg","contentUrl":"https:\/\/www.institutodeengenharia.org.br\/site\/wp-content\/uploads\/2018\/02\/premiacao(2).jpg","width":640,"height":427},{"@type":"BreadcrumbList","@id":"https:\/\/www.institutodeengenharia.org.br\/site\/2017\/12\/15\/instituto-de-engenharia-concede-a-pedro-parente-o-titulo-de-eminente-engenheiro-do-ano\/#breadcrumb","itemListElement":[{"@type":"ListItem","position":1,"name":"In\u00edcio","item":"https:\/\/www.institutodeengenharia.org.br\/site\/"},{"@type":"ListItem","position":2,"name":"Instituto de Engenharia concede a Pedro Parente o t\u00edtulo de Eminente Engenheiro do Ano"}]},{"@type":"WebSite","@id":"https:\/\/www.institutodeengenharia.org.br\/site\/#website","url":"https:\/\/www.institutodeengenharia.org.br\/site\/","name":"Instituto de Engenharia","description":"O Instituto de Engenharia promove a Engenharia em benef\u00edcio do desenvolvimento e da qualidade de vida da sociedade.","publisher":{"@id":"https:\/\/www.institutodeengenharia.org.br\/site\/#organization"},"potentialAction":[{"@type":"SearchAction","target":{"@type":"EntryPoint","urlTemplate":"https:\/\/www.institutodeengenharia.org.br\/site\/?s={search_term_string}"},"query-input":{"@type":"PropertyValueSpecification","valueRequired":true,"valueName":"search_term_string"}}],"inLanguage":"pt-BR"},{"@type":"Organization","@id":"https:\/\/www.institutodeengenharia.org.br\/site\/#organization","name":"Instituto de Engenharia","url":"https:\/\/www.institutodeengenharia.org.br\/site\/","logo":{"@type":"ImageObject","inLanguage":"pt-BR","@id":"https:\/\/www.institutodeengenharia.org.br\/site\/#\/schema\/logo\/image\/","url":"https:\/\/www.institutodeengenharia.org.br\/site\/wp-content\/uploads\/2019\/03\/logo-novo-IE2018-1.jpg","contentUrl":"https:\/\/www.institutodeengenharia.org.br\/site\/wp-content\/uploads\/2019\/03\/logo-novo-IE2018-1.jpg","width":1486,"height":1879,"caption":"Instituto de Engenharia"},"image":{"@id":"https:\/\/www.institutodeengenharia.org.br\/site\/#\/schema\/logo\/image\/"},"sameAs":["https:\/\/www.facebook.com\/institutodeengenharia","https:\/\/x.com\/iengenharia","https:\/\/www.instagram.com\/institutodeengenharia\/","https:\/\/www.linkedin.com\/company\/instituto-de-engenharia\/","https:\/\/www.youtube.com\/channel\/UCXiCAlsSMe977vamW915HxA"]},{"@type":"Person","@id":"https:\/\/www.institutodeengenharia.org.br\/site\/#\/schema\/person\/3b1ff109facef084739fc2edcb9a127f","name":"TMax Tecnologia","image":{"@type":"ImageObject","inLanguage":"pt-BR","@id":"https:\/\/secure.gravatar.com\/avatar\/f912434ef7f389c92cb311fcdae346af848465d638912574b3c669070f797701?s=96&d=mm&r=g","url":"https:\/\/secure.gravatar.com\/avatar\/f912434ef7f389c92cb311fcdae346af848465d638912574b3c669070f797701?s=96&d=mm&r=g","contentUrl":"https:\/\/secure.gravatar.com\/avatar\/f912434ef7f389c92cb311fcdae346af848465d638912574b3c669070f797701?s=96&d=mm&r=g","caption":"TMax Tecnologia"},"url":"https:\/\/www.institutodeengenharia.org.br\/site\/author\/tmax\/"}]}},"_links":{"self":[{"href":"https:\/\/www.institutodeengenharia.org.br\/site\/wp-json\/wp\/v2\/posts\/28921","targetHints":{"allow":["GET"]}}],"collection":[{"href":"https:\/\/www.institutodeengenharia.org.br\/site\/wp-json\/wp\/v2\/posts"}],"about":[{"href":"https:\/\/www.institutodeengenharia.org.br\/site\/wp-json\/wp\/v2\/types\/post"}],"author":[{"embeddable":true,"href":"https:\/\/www.institutodeengenharia.org.br\/site\/wp-json\/wp\/v2\/users\/1"}],"replies":[{"embeddable":true,"href":"https:\/\/www.institutodeengenharia.org.br\/site\/wp-json\/wp\/v2\/comments?post=28921"}],"version-history":[{"count":0,"href":"https:\/\/www.institutodeengenharia.org.br\/site\/wp-json\/wp\/v2\/posts\/28921\/revisions"}],"wp:featuredmedia":[{"embeddable":true,"href":"https:\/\/www.institutodeengenharia.org.br\/site\/wp-json\/wp\/v2\/media\/28922"}],"wp:attachment":[{"href":"https:\/\/www.institutodeengenharia.org.br\/site\/wp-json\/wp\/v2\/media?parent=28921"}],"wp:term":[{"taxonomy":"category","embeddable":true,"href":"https:\/\/www.institutodeengenharia.org.br\/site\/wp-json\/wp\/v2\/categories?post=28921"},{"taxonomy":"post_tag","embeddable":true,"href":"https:\/\/www.institutodeengenharia.org.br\/site\/wp-json\/wp\/v2\/tags?post=28921"}],"curies":[{"name":"wp","href":"https:\/\/api.w.org\/{rel}","templated":true}]}}