{"id":28886,"date":"2017-12-07T14:11:57","date_gmt":"2017-12-07T14:11:57","guid":{"rendered":"https:\/\/www.institutodeengenharia.org.br\/?p=28886"},"modified":"2017-12-07T16:25:50","modified_gmt":"2017-12-07T16:25:50","slug":"inaugurada-no-piaui-a-maior-fazenda-solar-da-america-latina","status":"publish","type":"post","link":"https:\/\/www.institutodeengenharia.org.br\/site\/2017\/12\/07\/inaugurada-no-piaui-a-maior-fazenda-solar-da-america-latina\/","title":{"rendered":"Inaugurada no Piau\u00ed a maior fazenda solar da Am\u00e9rica Latina"},"content":{"rendered":"<p>Nada menos do que 930 mil pain\u00e9is solares. Este \u00e9 um dos n\u00fameros que d\u00e1 a dimens\u00e3o da usina solar de Nova Olinda, que acaba de entrar em funcionamento completo na regi\u00e3o do semi\u00e1rido do Piau\u00ed.<\/p>\n<p>Constru\u00edda em uma \u00e1rea de 690 hectares, ela tem capacidade instalada de 292 MW e com potencial para produzir 600 GWh, eletricidade suficiente para atender a demanda de 300 mil casas. Esta \u00e9 a maior fazenda solar da Am\u00e9rica Latina.<\/p>\n<p>Um projeto da Enel Green Power, companhia multinacional de energia renov\u00e1vel, com opera\u00e7\u00f5es nos cinco continentes, a usina de Nova Olinda ficou pronta em apenas 15 meses.<\/p>\n<p>Para isso, o investimento foi de aproximadamente 300 milh\u00f5es de d\u00f3lares. Segundo a companhia, a constru\u00e7\u00e3o seguiu as normas do Creating Shared Value (CSV), modelo de neg\u00f3cio criado na Universidade de Harvard, que preconiza, entre outras coisas, o est\u00edmulo \u00e0 economia local. Na obra de Nova Olinda, foram contratados 1.700 colaboradores, mais da metade deles moradores da regi\u00e3o.<\/p>\n<p>Al\u00e9m disso, os trabalhadores receberam treinamento em eletromec\u00e2nica para poder montar os equipamentos da planta e tamb\u00e9m participaram de workshops de reciclagem criativa, utilizando material que sobrou da obra. Outra iniciativa em andamento na comunidade \u00e9 o projeto CineSolar, que como o pr\u00f3prio nome diz, emprega energia solar para a exibi\u00e7\u00e3o de filmes em locais p\u00fablicos.<\/p>\n<p>De acordo com a Enel, o funcionamento da usina de Nova Olinda e com ela, a produ\u00e7\u00e3o de energia limpa, contribuir\u00e1 para a n\u00e3o emiss\u00e3o, por ano, de 350 mil toneladas de di\u00f3xido de carbono (CO2), g\u00e1s respons\u00e1vel pelo aquecimento global.<\/p>\n<p>Al\u00e9m de Nova Olinda, a Enel tem outras usinas solares e e\u00f3licas em opera\u00e7\u00e3o no Brasil, al\u00e9m de algumas em constru\u00e7\u00e3o.<\/p>\n<p>No in\u00edcio de outubro, a empresa j\u00e1 havia inaugurado o primeiro parque solar de grande porte do pa\u00eds, em Bom Jesus da Lapa, na Bahia. Este tem capacidade de produzir 340 GWh por ano, o suficiente para atender o consumo de 166 mil resid\u00eancias.<\/p>\n<p>O Brasil \u00e9 considerado o segundo pa\u00eds do mundo em capacidade para gerar energia solar. <\/p>\n<p><iframe loading=\"lazy\" src=\"https:\/\/www.youtube.com\/embed\/E3LaY50Oa_c\" gesture=\"media\" allow=\"encrypted-media\" allowfullscreen=\"\" width=\"560\" height=\"315\" frameborder=\"0\"><\/iframe><\/p>\n<p><b>Autor: Conex\u00e3o Planeta<\/b><\/p>\n","protected":false},"excerpt":{"rendered":"<p>Nada menos do que 930 mil pain\u00e9is solares. Este \u00e9 um dos n\u00fameros que d\u00e1 a dimens\u00e3o da usina solar de Nova Olinda, que acaba de entrar em funcionamento completo na regi\u00e3o do semi\u00e1rido do Piau\u00ed. Constru\u00edda em uma \u00e1rea de 690 hectares, ela tem capacidade instalada de 292 MW e com potencial para produzir [&hellip;]<\/p>\n","protected":false},"author":1,"featured_media":28887,"comment_status":"open","ping_status":"open","sticky":false,"template":"","format":"standard","meta":{"footnotes":""},"categories":[24,6],"tags":[],"class_list":{"0":"post-28886","1":"post","2":"type-post","3":"status-publish","4":"format-standard","5":"has-post-thumbnail","7":"category-energia","8":"category-noticias"},"yoast_head":"<!-- This site is optimized with the Yoast SEO plugin v27.2 - https:\/\/yoast.com\/product\/yoast-seo-wordpress\/ -->\n<title>Inaugurada no Piau\u00ed a maior fazenda solar da Am\u00e9rica Latina - Instituto de Engenharia<\/title>\n<meta name=\"robots\" content=\"index, follow, max-snippet:-1, max-image-preview:large, max-video-preview:-1\" \/>\n<link rel=\"canonical\" href=\"https:\/\/www.institutodeengenharia.org.br\/site\/2017\/12\/07\/inaugurada-no-piaui-a-maior-fazenda-solar-da-america-latina\/\" \/>\n<meta property=\"og:locale\" content=\"pt_BR\" \/>\n<meta property=\"og:type\" content=\"article\" \/>\n<meta property=\"og:title\" content=\"Inaugurada no Piau\u00ed a maior fazenda solar da Am\u00e9rica Latina - Instituto de Engenharia\" \/>\n<meta property=\"og:description\" content=\"Nada menos do que 930 mil pain\u00e9is solares. Este \u00e9 um dos n\u00fameros que d\u00e1 a dimens\u00e3o da usina solar de Nova Olinda, que acaba de entrar em funcionamento completo na regi\u00e3o do semi\u00e1rido do Piau\u00ed. Constru\u00edda em uma \u00e1rea de 690 hectares, ela tem capacidade instalada de 292 MW e com potencial para produzir [&hellip;]\" \/>\n<meta property=\"og:url\" content=\"https:\/\/www.institutodeengenharia.org.br\/site\/2017\/12\/07\/inaugurada-no-piaui-a-maior-fazenda-solar-da-america-latina\/\" \/>\n<meta property=\"og:site_name\" content=\"Instituto de Engenharia\" \/>\n<meta property=\"article:publisher\" content=\"https:\/\/www.facebook.com\/institutodeengenharia\" \/>\n<meta property=\"article:published_time\" content=\"2017-12-07T14:11:57+00:00\" \/>\n<meta property=\"article:modified_time\" content=\"2017-12-07T16:25:50+00:00\" \/>\n<meta property=\"og:image\" content=\"https:\/\/www.institutodeengenharia.org.br\/site\/wp-content\/uploads\/2018\/02\/inaugurada-piaui-maior-usina-solar-america-latina-conexao-planeta.jpg\" \/>\n\t<meta property=\"og:image:width\" content=\"800\" \/>\n\t<meta property=\"og:image:height\" content=\"445\" \/>\n\t<meta property=\"og:image:type\" content=\"image\/jpeg\" \/>\n<meta name=\"author\" content=\"TMax Tecnologia\" \/>\n<meta name=\"twitter:card\" content=\"summary_large_image\" \/>\n<meta name=\"twitter:creator\" content=\"@iengenharia\" \/>\n<meta name=\"twitter:site\" content=\"@iengenharia\" \/>\n<meta name=\"twitter:label1\" content=\"Escrito por\" \/>\n\t<meta name=\"twitter:data1\" content=\"TMax Tecnologia\" \/>\n\t<meta name=\"twitter:label2\" content=\"Est. tempo de leitura\" \/>\n\t<meta name=\"twitter:data2\" content=\"2 minutos\" \/>\n<script type=\"application\/ld+json\" class=\"yoast-schema-graph\">{\"@context\":\"https:\/\/schema.org\",\"@graph\":[{\"@type\":\"Article\",\"@id\":\"https:\/\/www.institutodeengenharia.org.br\/site\/2017\/12\/07\/inaugurada-no-piaui-a-maior-fazenda-solar-da-america-latina\/#article\",\"isPartOf\":{\"@id\":\"https:\/\/www.institutodeengenharia.org.br\/site\/2017\/12\/07\/inaugurada-no-piaui-a-maior-fazenda-solar-da-america-latina\/\"},\"author\":{\"name\":\"TMax Tecnologia\",\"@id\":\"https:\/\/www.institutodeengenharia.org.br\/site\/#\/schema\/person\/3b1ff109facef084739fc2edcb9a127f\"},\"headline\":\"Inaugurada no Piau\u00ed a maior fazenda solar da Am\u00e9rica Latina\",\"datePublished\":\"2017-12-07T14:11:57+00:00\",\"dateModified\":\"2017-12-07T16:25:50+00:00\",\"mainEntityOfPage\":{\"@id\":\"https:\/\/www.institutodeengenharia.org.br\/site\/2017\/12\/07\/inaugurada-no-piaui-a-maior-fazenda-solar-da-america-latina\/\"},\"wordCount\":373,\"commentCount\":0,\"publisher\":{\"@id\":\"https:\/\/www.institutodeengenharia.org.br\/site\/#organization\"},\"image\":{\"@id\":\"https:\/\/www.institutodeengenharia.org.br\/site\/2017\/12\/07\/inaugurada-no-piaui-a-maior-fazenda-solar-da-america-latina\/#primaryimage\"},\"thumbnailUrl\":\"https:\/\/www.institutodeengenharia.org.br\/site\/wp-content\/uploads\/2018\/02\/inaugurada-piaui-maior-usina-solar-america-latina-conexao-planeta.jpg\",\"articleSection\":[\"Energia\",\"Not\u00edcias\"],\"inLanguage\":\"pt-BR\",\"potentialAction\":[{\"@type\":\"CommentAction\",\"name\":\"Comment\",\"target\":[\"https:\/\/www.institutodeengenharia.org.br\/site\/2017\/12\/07\/inaugurada-no-piaui-a-maior-fazenda-solar-da-america-latina\/#respond\"]}]},{\"@type\":\"WebPage\",\"@id\":\"https:\/\/www.institutodeengenharia.org.br\/site\/2017\/12\/07\/inaugurada-no-piaui-a-maior-fazenda-solar-da-america-latina\/\",\"url\":\"https:\/\/www.institutodeengenharia.org.br\/site\/2017\/12\/07\/inaugurada-no-piaui-a-maior-fazenda-solar-da-america-latina\/\",\"name\":\"Inaugurada no Piau\u00ed a maior fazenda solar da Am\u00e9rica Latina - Instituto de Engenharia\",\"isPartOf\":{\"@id\":\"https:\/\/www.institutodeengenharia.org.br\/site\/#website\"},\"primaryImageOfPage\":{\"@id\":\"https:\/\/www.institutodeengenharia.org.br\/site\/2017\/12\/07\/inaugurada-no-piaui-a-maior-fazenda-solar-da-america-latina\/#primaryimage\"},\"image\":{\"@id\":\"https:\/\/www.institutodeengenharia.org.br\/site\/2017\/12\/07\/inaugurada-no-piaui-a-maior-fazenda-solar-da-america-latina\/#primaryimage\"},\"thumbnailUrl\":\"https:\/\/www.institutodeengenharia.org.br\/site\/wp-content\/uploads\/2018\/02\/inaugurada-piaui-maior-usina-solar-america-latina-conexao-planeta.jpg\",\"datePublished\":\"2017-12-07T14:11:57+00:00\",\"dateModified\":\"2017-12-07T16:25:50+00:00\",\"breadcrumb\":{\"@id\":\"https:\/\/www.institutodeengenharia.org.br\/site\/2017\/12\/07\/inaugurada-no-piaui-a-maior-fazenda-solar-da-america-latina\/#breadcrumb\"},\"inLanguage\":\"pt-BR\",\"potentialAction\":[{\"@type\":\"ReadAction\",\"target\":[\"https:\/\/www.institutodeengenharia.org.br\/site\/2017\/12\/07\/inaugurada-no-piaui-a-maior-fazenda-solar-da-america-latina\/\"]}]},{\"@type\":\"ImageObject\",\"inLanguage\":\"pt-BR\",\"@id\":\"https:\/\/www.institutodeengenharia.org.br\/site\/2017\/12\/07\/inaugurada-no-piaui-a-maior-fazenda-solar-da-america-latina\/#primaryimage\",\"url\":\"https:\/\/www.institutodeengenharia.org.br\/site\/wp-content\/uploads\/2018\/02\/inaugurada-piaui-maior-usina-solar-america-latina-conexao-planeta.jpg\",\"contentUrl\":\"https:\/\/www.institutodeengenharia.org.br\/site\/wp-content\/uploads\/2018\/02\/inaugurada-piaui-maior-usina-solar-america-latina-conexao-planeta.jpg\",\"width\":800,\"height\":445},{\"@type\":\"BreadcrumbList\",\"@id\":\"https:\/\/www.institutodeengenharia.org.br\/site\/2017\/12\/07\/inaugurada-no-piaui-a-maior-fazenda-solar-da-america-latina\/#breadcrumb\",\"itemListElement\":[{\"@type\":\"ListItem\",\"position\":1,\"name\":\"In\u00edcio\",\"item\":\"https:\/\/www.institutodeengenharia.org.br\/site\/\"},{\"@type\":\"ListItem\",\"position\":2,\"name\":\"Inaugurada no Piau\u00ed a maior fazenda solar da Am\u00e9rica Latina\"}]},{\"@type\":\"WebSite\",\"@id\":\"https:\/\/www.institutodeengenharia.org.br\/site\/#website\",\"url\":\"https:\/\/www.institutodeengenharia.org.br\/site\/\",\"name\":\"Instituto de Engenharia\",\"description\":\"O Instituto de Engenharia promove a Engenharia em benef\u00edcio do desenvolvimento e da qualidade de vida da sociedade.\",\"publisher\":{\"@id\":\"https:\/\/www.institutodeengenharia.org.br\/site\/#organization\"},\"potentialAction\":[{\"@type\":\"SearchAction\",\"target\":{\"@type\":\"EntryPoint\",\"urlTemplate\":\"https:\/\/www.institutodeengenharia.org.br\/site\/?s={search_term_string}\"},\"query-input\":{\"@type\":\"PropertyValueSpecification\",\"valueRequired\":true,\"valueName\":\"search_term_string\"}}],\"inLanguage\":\"pt-BR\"},{\"@type\":\"Organization\",\"@id\":\"https:\/\/www.institutodeengenharia.org.br\/site\/#organization\",\"name\":\"Instituto de Engenharia\",\"url\":\"https:\/\/www.institutodeengenharia.org.br\/site\/\",\"logo\":{\"@type\":\"ImageObject\",\"inLanguage\":\"pt-BR\",\"@id\":\"https:\/\/www.institutodeengenharia.org.br\/site\/#\/schema\/logo\/image\/\",\"url\":\"https:\/\/www.institutodeengenharia.org.br\/site\/wp-content\/uploads\/2019\/03\/logo-novo-IE2018-1.jpg\",\"contentUrl\":\"https:\/\/www.institutodeengenharia.org.br\/site\/wp-content\/uploads\/2019\/03\/logo-novo-IE2018-1.jpg\",\"width\":1486,\"height\":1879,\"caption\":\"Instituto de Engenharia\"},\"image\":{\"@id\":\"https:\/\/www.institutodeengenharia.org.br\/site\/#\/schema\/logo\/image\/\"},\"sameAs\":[\"https:\/\/www.facebook.com\/institutodeengenharia\",\"https:\/\/x.com\/iengenharia\",\"https:\/\/www.instagram.com\/institutodeengenharia\/\",\"https:\/\/www.linkedin.com\/company\/instituto-de-engenharia\/\",\"https:\/\/www.youtube.com\/channel\/UCXiCAlsSMe977vamW915HxA\"]},{\"@type\":\"Person\",\"@id\":\"https:\/\/www.institutodeengenharia.org.br\/site\/#\/schema\/person\/3b1ff109facef084739fc2edcb9a127f\",\"name\":\"TMax Tecnologia\",\"image\":{\"@type\":\"ImageObject\",\"inLanguage\":\"pt-BR\",\"@id\":\"https:\/\/secure.gravatar.com\/avatar\/f912434ef7f389c92cb311fcdae346af848465d638912574b3c669070f797701?s=96&d=mm&r=g\",\"url\":\"https:\/\/secure.gravatar.com\/avatar\/f912434ef7f389c92cb311fcdae346af848465d638912574b3c669070f797701?s=96&d=mm&r=g\",\"contentUrl\":\"https:\/\/secure.gravatar.com\/avatar\/f912434ef7f389c92cb311fcdae346af848465d638912574b3c669070f797701?s=96&d=mm&r=g\",\"caption\":\"TMax Tecnologia\"},\"url\":\"https:\/\/www.institutodeengenharia.org.br\/site\/author\/tmax\/\"}]}<\/script>\n<!-- \/ Yoast SEO plugin. -->","yoast_head_json":{"title":"Inaugurada no Piau\u00ed a maior fazenda solar da Am\u00e9rica Latina - Instituto de Engenharia","robots":{"index":"index","follow":"follow","max-snippet":"max-snippet:-1","max-image-preview":"max-image-preview:large","max-video-preview":"max-video-preview:-1"},"canonical":"https:\/\/www.institutodeengenharia.org.br\/site\/2017\/12\/07\/inaugurada-no-piaui-a-maior-fazenda-solar-da-america-latina\/","og_locale":"pt_BR","og_type":"article","og_title":"Inaugurada no Piau\u00ed a maior fazenda solar da Am\u00e9rica Latina - Instituto de Engenharia","og_description":"Nada menos do que 930 mil pain\u00e9is solares. Este \u00e9 um dos n\u00fameros que d\u00e1 a dimens\u00e3o da usina solar de Nova Olinda, que acaba de entrar em funcionamento completo na regi\u00e3o do semi\u00e1rido do Piau\u00ed. Constru\u00edda em uma \u00e1rea de 690 hectares, ela tem capacidade instalada de 292 MW e com potencial para produzir [&hellip;]","og_url":"https:\/\/www.institutodeengenharia.org.br\/site\/2017\/12\/07\/inaugurada-no-piaui-a-maior-fazenda-solar-da-america-latina\/","og_site_name":"Instituto de Engenharia","article_publisher":"https:\/\/www.facebook.com\/institutodeengenharia","article_published_time":"2017-12-07T14:11:57+00:00","article_modified_time":"2017-12-07T16:25:50+00:00","og_image":[{"width":800,"height":445,"url":"https:\/\/www.institutodeengenharia.org.br\/site\/wp-content\/uploads\/2018\/02\/inaugurada-piaui-maior-usina-solar-america-latina-conexao-planeta.jpg","type":"image\/jpeg"}],"author":"TMax Tecnologia","twitter_card":"summary_large_image","twitter_creator":"@iengenharia","twitter_site":"@iengenharia","twitter_misc":{"Escrito por":"TMax Tecnologia","Est. tempo de leitura":"2 minutos"},"schema":{"@context":"https:\/\/schema.org","@graph":[{"@type":"Article","@id":"https:\/\/www.institutodeengenharia.org.br\/site\/2017\/12\/07\/inaugurada-no-piaui-a-maior-fazenda-solar-da-america-latina\/#article","isPartOf":{"@id":"https:\/\/www.institutodeengenharia.org.br\/site\/2017\/12\/07\/inaugurada-no-piaui-a-maior-fazenda-solar-da-america-latina\/"},"author":{"name":"TMax Tecnologia","@id":"https:\/\/www.institutodeengenharia.org.br\/site\/#\/schema\/person\/3b1ff109facef084739fc2edcb9a127f"},"headline":"Inaugurada no Piau\u00ed a maior fazenda solar da Am\u00e9rica Latina","datePublished":"2017-12-07T14:11:57+00:00","dateModified":"2017-12-07T16:25:50+00:00","mainEntityOfPage":{"@id":"https:\/\/www.institutodeengenharia.org.br\/site\/2017\/12\/07\/inaugurada-no-piaui-a-maior-fazenda-solar-da-america-latina\/"},"wordCount":373,"commentCount":0,"publisher":{"@id":"https:\/\/www.institutodeengenharia.org.br\/site\/#organization"},"image":{"@id":"https:\/\/www.institutodeengenharia.org.br\/site\/2017\/12\/07\/inaugurada-no-piaui-a-maior-fazenda-solar-da-america-latina\/#primaryimage"},"thumbnailUrl":"https:\/\/www.institutodeengenharia.org.br\/site\/wp-content\/uploads\/2018\/02\/inaugurada-piaui-maior-usina-solar-america-latina-conexao-planeta.jpg","articleSection":["Energia","Not\u00edcias"],"inLanguage":"pt-BR","potentialAction":[{"@type":"CommentAction","name":"Comment","target":["https:\/\/www.institutodeengenharia.org.br\/site\/2017\/12\/07\/inaugurada-no-piaui-a-maior-fazenda-solar-da-america-latina\/#respond"]}]},{"@type":"WebPage","@id":"https:\/\/www.institutodeengenharia.org.br\/site\/2017\/12\/07\/inaugurada-no-piaui-a-maior-fazenda-solar-da-america-latina\/","url":"https:\/\/www.institutodeengenharia.org.br\/site\/2017\/12\/07\/inaugurada-no-piaui-a-maior-fazenda-solar-da-america-latina\/","name":"Inaugurada no Piau\u00ed a maior fazenda solar da Am\u00e9rica Latina - Instituto de Engenharia","isPartOf":{"@id":"https:\/\/www.institutodeengenharia.org.br\/site\/#website"},"primaryImageOfPage":{"@id":"https:\/\/www.institutodeengenharia.org.br\/site\/2017\/12\/07\/inaugurada-no-piaui-a-maior-fazenda-solar-da-america-latina\/#primaryimage"},"image":{"@id":"https:\/\/www.institutodeengenharia.org.br\/site\/2017\/12\/07\/inaugurada-no-piaui-a-maior-fazenda-solar-da-america-latina\/#primaryimage"},"thumbnailUrl":"https:\/\/www.institutodeengenharia.org.br\/site\/wp-content\/uploads\/2018\/02\/inaugurada-piaui-maior-usina-solar-america-latina-conexao-planeta.jpg","datePublished":"2017-12-07T14:11:57+00:00","dateModified":"2017-12-07T16:25:50+00:00","breadcrumb":{"@id":"https:\/\/www.institutodeengenharia.org.br\/site\/2017\/12\/07\/inaugurada-no-piaui-a-maior-fazenda-solar-da-america-latina\/#breadcrumb"},"inLanguage":"pt-BR","potentialAction":[{"@type":"ReadAction","target":["https:\/\/www.institutodeengenharia.org.br\/site\/2017\/12\/07\/inaugurada-no-piaui-a-maior-fazenda-solar-da-america-latina\/"]}]},{"@type":"ImageObject","inLanguage":"pt-BR","@id":"https:\/\/www.institutodeengenharia.org.br\/site\/2017\/12\/07\/inaugurada-no-piaui-a-maior-fazenda-solar-da-america-latina\/#primaryimage","url":"https:\/\/www.institutodeengenharia.org.br\/site\/wp-content\/uploads\/2018\/02\/inaugurada-piaui-maior-usina-solar-america-latina-conexao-planeta.jpg","contentUrl":"https:\/\/www.institutodeengenharia.org.br\/site\/wp-content\/uploads\/2018\/02\/inaugurada-piaui-maior-usina-solar-america-latina-conexao-planeta.jpg","width":800,"height":445},{"@type":"BreadcrumbList","@id":"https:\/\/www.institutodeengenharia.org.br\/site\/2017\/12\/07\/inaugurada-no-piaui-a-maior-fazenda-solar-da-america-latina\/#breadcrumb","itemListElement":[{"@type":"ListItem","position":1,"name":"In\u00edcio","item":"https:\/\/www.institutodeengenharia.org.br\/site\/"},{"@type":"ListItem","position":2,"name":"Inaugurada no Piau\u00ed a maior fazenda solar da Am\u00e9rica Latina"}]},{"@type":"WebSite","@id":"https:\/\/www.institutodeengenharia.org.br\/site\/#website","url":"https:\/\/www.institutodeengenharia.org.br\/site\/","name":"Instituto de Engenharia","description":"O Instituto de Engenharia promove a Engenharia em benef\u00edcio do desenvolvimento e da qualidade de vida da sociedade.","publisher":{"@id":"https:\/\/www.institutodeengenharia.org.br\/site\/#organization"},"potentialAction":[{"@type":"SearchAction","target":{"@type":"EntryPoint","urlTemplate":"https:\/\/www.institutodeengenharia.org.br\/site\/?s={search_term_string}"},"query-input":{"@type":"PropertyValueSpecification","valueRequired":true,"valueName":"search_term_string"}}],"inLanguage":"pt-BR"},{"@type":"Organization","@id":"https:\/\/www.institutodeengenharia.org.br\/site\/#organization","name":"Instituto de Engenharia","url":"https:\/\/www.institutodeengenharia.org.br\/site\/","logo":{"@type":"ImageObject","inLanguage":"pt-BR","@id":"https:\/\/www.institutodeengenharia.org.br\/site\/#\/schema\/logo\/image\/","url":"https:\/\/www.institutodeengenharia.org.br\/site\/wp-content\/uploads\/2019\/03\/logo-novo-IE2018-1.jpg","contentUrl":"https:\/\/www.institutodeengenharia.org.br\/site\/wp-content\/uploads\/2019\/03\/logo-novo-IE2018-1.jpg","width":1486,"height":1879,"caption":"Instituto de Engenharia"},"image":{"@id":"https:\/\/www.institutodeengenharia.org.br\/site\/#\/schema\/logo\/image\/"},"sameAs":["https:\/\/www.facebook.com\/institutodeengenharia","https:\/\/x.com\/iengenharia","https:\/\/www.instagram.com\/institutodeengenharia\/","https:\/\/www.linkedin.com\/company\/instituto-de-engenharia\/","https:\/\/www.youtube.com\/channel\/UCXiCAlsSMe977vamW915HxA"]},{"@type":"Person","@id":"https:\/\/www.institutodeengenharia.org.br\/site\/#\/schema\/person\/3b1ff109facef084739fc2edcb9a127f","name":"TMax Tecnologia","image":{"@type":"ImageObject","inLanguage":"pt-BR","@id":"https:\/\/secure.gravatar.com\/avatar\/f912434ef7f389c92cb311fcdae346af848465d638912574b3c669070f797701?s=96&d=mm&r=g","url":"https:\/\/secure.gravatar.com\/avatar\/f912434ef7f389c92cb311fcdae346af848465d638912574b3c669070f797701?s=96&d=mm&r=g","contentUrl":"https:\/\/secure.gravatar.com\/avatar\/f912434ef7f389c92cb311fcdae346af848465d638912574b3c669070f797701?s=96&d=mm&r=g","caption":"TMax Tecnologia"},"url":"https:\/\/www.institutodeengenharia.org.br\/site\/author\/tmax\/"}]}},"_links":{"self":[{"href":"https:\/\/www.institutodeengenharia.org.br\/site\/wp-json\/wp\/v2\/posts\/28886","targetHints":{"allow":["GET"]}}],"collection":[{"href":"https:\/\/www.institutodeengenharia.org.br\/site\/wp-json\/wp\/v2\/posts"}],"about":[{"href":"https:\/\/www.institutodeengenharia.org.br\/site\/wp-json\/wp\/v2\/types\/post"}],"author":[{"embeddable":true,"href":"https:\/\/www.institutodeengenharia.org.br\/site\/wp-json\/wp\/v2\/users\/1"}],"replies":[{"embeddable":true,"href":"https:\/\/www.institutodeengenharia.org.br\/site\/wp-json\/wp\/v2\/comments?post=28886"}],"version-history":[{"count":0,"href":"https:\/\/www.institutodeengenharia.org.br\/site\/wp-json\/wp\/v2\/posts\/28886\/revisions"}],"wp:featuredmedia":[{"embeddable":true,"href":"https:\/\/www.institutodeengenharia.org.br\/site\/wp-json\/wp\/v2\/media\/28887"}],"wp:attachment":[{"href":"https:\/\/www.institutodeengenharia.org.br\/site\/wp-json\/wp\/v2\/media?parent=28886"}],"wp:term":[{"taxonomy":"category","embeddable":true,"href":"https:\/\/www.institutodeengenharia.org.br\/site\/wp-json\/wp\/v2\/categories?post=28886"},{"taxonomy":"post_tag","embeddable":true,"href":"https:\/\/www.institutodeengenharia.org.br\/site\/wp-json\/wp\/v2\/tags?post=28886"}],"curies":[{"name":"wp","href":"https:\/\/api.w.org\/{rel}","templated":true}]}}