{"id":28872,"date":"2017-12-06T14:11:08","date_gmt":"2017-12-06T14:11:08","guid":{"rendered":"https:\/\/www.institutodeengenharia.org.br\/?p=28872"},"modified":"2017-12-06T14:48:01","modified_gmt":"2017-12-06T14:48:01","slug":"mal-aproveitado-no-brasil-telhado-das-casas-pode-gerar-energia-e-captar-agua","status":"publish","type":"post","link":"https:\/\/www.institutodeengenharia.org.br\/site\/2017\/12\/06\/mal-aproveitado-no-brasil-telhado-das-casas-pode-gerar-energia-e-captar-agua\/","title":{"rendered":"Mal aproveitado no Brasil, telhado das casas pode gerar energia e captar \u00e1gua"},"content":{"rendered":"<p>Aos olhos da maioria das pessoas, um telhado \u00e9 apenas um telhado, afinal, sua principal fun\u00e7\u00e3o \u00e9 cobrir as constru\u00e7\u00f5es, certo?! Em parte sim. Por\u00e9m os telhados est\u00e3o ganhando uma nova funcionalidade em raz\u00e3o das pr\u00e1ticas sustent\u00e1veis, que exigem cada vez mais a cria\u00e7\u00e3o de solu\u00e7\u00f5es para preservar os recursos ambientais e diminuir o impacto das a\u00e7\u00f5es causadas pelo homem.<\/p>\n<p>\nFonte: Pixabay.<\/p>\n<p>Os telhados das casas, al\u00e9m de cobri-las, podem ser usados para captar \u00e1gua da chuva e gerar energia! Segundo a ANA (Ag\u00eancia Nacional de \u00c1guas), uma casa com 100 m\u00b2 de \u00e1rea de telhado no centro da capital paulista pode captar \u00e1gua suficiente para abastecer uma fam\u00edlia de quatro pessoas em suas necessidades de limpeza e descarga do vaso sanit\u00e1rio, por exemplo. Aqui v\u00e3o algumas solu\u00e7\u00f5es:<\/p>\n<p><strong>Miniusina solar<\/strong><\/p>\n<p>Dependendo da localiza\u00e7\u00e3o, o telhado pode ser uma miniusina solar. Um kit completo, incluindo inversores e outros acess\u00f3rios, custa cerca de R$ 15 mil e \u00e9 capaz de reduzir em at\u00e9 80% a conta de luz, com o retorno do capital investido em, no m\u00e1ximo, 12 anos. \u00c9 caro, mas o valor vem caindo 5% ao ano.<\/p>\n<p><img loading=\"lazy\" decoding=\"async\" src=\"https:\/\/blogdaengenharia.com\/wp-content\/uploads\/2017\/11\/solar-2666770_1280-300x200.jpg\" alt=\"\" width=\"620\" height=\"413\" \/><br \/>\n<em>Fonte: Pixabay.<\/em><\/p>\n<p><strong>Telhado verde<br \/>\n<\/strong><br \/>\nO telhado verde, com o plantio de certas plantas indicadas para tal, promove o isolamento t\u00e9rmico e ac\u00fastico e, se desejar, capta\u00e7\u00e3o de \u00e1gua de chuva. Al\u00e9m disso, o ar da casa fica maravilhoso. Imagine uma resid\u00eancia coberta por plantas, que al\u00e9m de manterem a casa em uma temperatura agrad\u00e1vel, deixam o ar mais puro.<\/p>\n<p>Quer experimentar algo mais simples e barato? \u00c9 poss\u00edvel pinar todo o telhado com tinta branca reflexiva e reduzir em at\u00e9 70% a temperatura no interior da constru\u00e7\u00e3o, al\u00e9m de refletir os raios solares que agravam o efeito estufa. Um projeto simples, de efic\u00e1cia indiscut\u00edvel e que assegura bem-estar pessoal e muni\u00e7\u00e3o extra contra o aquecimento global.<\/p>\n<p><b>Autor: Blog da Engenharia<\/b><\/p>\n","protected":false},"excerpt":{"rendered":"<p>Aos olhos da maioria das pessoas, um telhado \u00e9 apenas um telhado, afinal, sua principal fun\u00e7\u00e3o \u00e9 cobrir as constru\u00e7\u00f5es, certo?! Em parte sim. Por\u00e9m os telhados est\u00e3o ganhando uma nova funcionalidade em raz\u00e3o das pr\u00e1ticas sustent\u00e1veis, que exigem cada vez mais a cria\u00e7\u00e3o de solu\u00e7\u00f5es para preservar os recursos ambientais e diminuir o impacto [&hellip;]<\/p>\n","protected":false},"author":1,"featured_media":28873,"comment_status":"open","ping_status":"open","sticky":false,"template":"","format":"standard","meta":{"footnotes":""},"categories":[31,6],"tags":[],"class_list":{"0":"post-28872","1":"post","2":"type-post","3":"status-publish","4":"format-standard","5":"has-post-thumbnail","7":"category-meio-ambiente","8":"category-noticias"},"yoast_head":"<!-- This site is optimized with the Yoast SEO plugin v27.2 - https:\/\/yoast.com\/product\/yoast-seo-wordpress\/ -->\n<title>Mal aproveitado no Brasil, telhado das casas pode gerar energia e captar \u00e1gua - Instituto de Engenharia<\/title>\n<meta name=\"robots\" content=\"index, follow, max-snippet:-1, max-image-preview:large, max-video-preview:-1\" \/>\n<link rel=\"canonical\" href=\"https:\/\/www.institutodeengenharia.org.br\/site\/2017\/12\/06\/mal-aproveitado-no-brasil-telhado-das-casas-pode-gerar-energia-e-captar-agua\/\" \/>\n<meta property=\"og:locale\" content=\"pt_BR\" \/>\n<meta property=\"og:type\" content=\"article\" \/>\n<meta property=\"og:title\" content=\"Mal aproveitado no Brasil, telhado das casas pode gerar energia e captar \u00e1gua - Instituto de Engenharia\" \/>\n<meta property=\"og:description\" content=\"Aos olhos da maioria das pessoas, um telhado \u00e9 apenas um telhado, afinal, sua principal fun\u00e7\u00e3o \u00e9 cobrir as constru\u00e7\u00f5es, certo?! Em parte sim. Por\u00e9m os telhados est\u00e3o ganhando uma nova funcionalidade em raz\u00e3o das pr\u00e1ticas sustent\u00e1veis, que exigem cada vez mais a cria\u00e7\u00e3o de solu\u00e7\u00f5es para preservar os recursos ambientais e diminuir o impacto [&hellip;]\" \/>\n<meta property=\"og:url\" content=\"https:\/\/www.institutodeengenharia.org.br\/site\/2017\/12\/06\/mal-aproveitado-no-brasil-telhado-das-casas-pode-gerar-energia-e-captar-agua\/\" \/>\n<meta property=\"og:site_name\" content=\"Instituto de Engenharia\" \/>\n<meta property=\"article:publisher\" content=\"https:\/\/www.facebook.com\/institutodeengenharia\" \/>\n<meta property=\"article:published_time\" content=\"2017-12-06T14:11:08+00:00\" \/>\n<meta property=\"article:modified_time\" content=\"2017-12-06T14:48:01+00:00\" \/>\n<meta property=\"og:image\" content=\"https:\/\/www.institutodeengenharia.org.br\/site\/wp-content\/uploads\/2018\/02\/skyscraper-1697170_1280-1024x622.jpg\" \/>\n\t<meta property=\"og:image:width\" content=\"1024\" \/>\n\t<meta property=\"og:image:height\" content=\"622\" \/>\n\t<meta property=\"og:image:type\" content=\"image\/jpeg\" \/>\n<meta name=\"author\" content=\"TMax Tecnologia\" \/>\n<meta name=\"twitter:card\" content=\"summary_large_image\" \/>\n<meta name=\"twitter:creator\" content=\"@iengenharia\" \/>\n<meta name=\"twitter:site\" content=\"@iengenharia\" \/>\n<meta name=\"twitter:label1\" content=\"Escrito por\" \/>\n\t<meta name=\"twitter:data1\" content=\"TMax Tecnologia\" \/>\n\t<meta name=\"twitter:label2\" content=\"Est. tempo de leitura\" \/>\n\t<meta name=\"twitter:data2\" content=\"2 minutos\" \/>\n<script type=\"application\/ld+json\" class=\"yoast-schema-graph\">{\"@context\":\"https:\/\/schema.org\",\"@graph\":[{\"@type\":\"Article\",\"@id\":\"https:\/\/www.institutodeengenharia.org.br\/site\/2017\/12\/06\/mal-aproveitado-no-brasil-telhado-das-casas-pode-gerar-energia-e-captar-agua\/#article\",\"isPartOf\":{\"@id\":\"https:\/\/www.institutodeengenharia.org.br\/site\/2017\/12\/06\/mal-aproveitado-no-brasil-telhado-das-casas-pode-gerar-energia-e-captar-agua\/\"},\"author\":{\"name\":\"TMax Tecnologia\",\"@id\":\"https:\/\/www.institutodeengenharia.org.br\/site\/#\/schema\/person\/3b1ff109facef084739fc2edcb9a127f\"},\"headline\":\"Mal aproveitado no Brasil, telhado das casas pode gerar energia e captar \u00e1gua\",\"datePublished\":\"2017-12-06T14:11:08+00:00\",\"dateModified\":\"2017-12-06T14:48:01+00:00\",\"mainEntityOfPage\":{\"@id\":\"https:\/\/www.institutodeengenharia.org.br\/site\/2017\/12\/06\/mal-aproveitado-no-brasil-telhado-das-casas-pode-gerar-energia-e-captar-agua\/\"},\"wordCount\":341,\"commentCount\":0,\"publisher\":{\"@id\":\"https:\/\/www.institutodeengenharia.org.br\/site\/#organization\"},\"image\":{\"@id\":\"https:\/\/www.institutodeengenharia.org.br\/site\/2017\/12\/06\/mal-aproveitado-no-brasil-telhado-das-casas-pode-gerar-energia-e-captar-agua\/#primaryimage\"},\"thumbnailUrl\":\"https:\/\/www.institutodeengenharia.org.br\/site\/wp-content\/uploads\/2018\/02\/skyscraper-1697170_1280-1024x622.jpg\",\"articleSection\":[\"Meio Ambiente\",\"Not\u00edcias\"],\"inLanguage\":\"pt-BR\",\"potentialAction\":[{\"@type\":\"CommentAction\",\"name\":\"Comment\",\"target\":[\"https:\/\/www.institutodeengenharia.org.br\/site\/2017\/12\/06\/mal-aproveitado-no-brasil-telhado-das-casas-pode-gerar-energia-e-captar-agua\/#respond\"]}]},{\"@type\":\"WebPage\",\"@id\":\"https:\/\/www.institutodeengenharia.org.br\/site\/2017\/12\/06\/mal-aproveitado-no-brasil-telhado-das-casas-pode-gerar-energia-e-captar-agua\/\",\"url\":\"https:\/\/www.institutodeengenharia.org.br\/site\/2017\/12\/06\/mal-aproveitado-no-brasil-telhado-das-casas-pode-gerar-energia-e-captar-agua\/\",\"name\":\"Mal aproveitado no Brasil, telhado das casas pode gerar energia e captar \u00e1gua - Instituto de Engenharia\",\"isPartOf\":{\"@id\":\"https:\/\/www.institutodeengenharia.org.br\/site\/#website\"},\"primaryImageOfPage\":{\"@id\":\"https:\/\/www.institutodeengenharia.org.br\/site\/2017\/12\/06\/mal-aproveitado-no-brasil-telhado-das-casas-pode-gerar-energia-e-captar-agua\/#primaryimage\"},\"image\":{\"@id\":\"https:\/\/www.institutodeengenharia.org.br\/site\/2017\/12\/06\/mal-aproveitado-no-brasil-telhado-das-casas-pode-gerar-energia-e-captar-agua\/#primaryimage\"},\"thumbnailUrl\":\"https:\/\/www.institutodeengenharia.org.br\/site\/wp-content\/uploads\/2018\/02\/skyscraper-1697170_1280-1024x622.jpg\",\"datePublished\":\"2017-12-06T14:11:08+00:00\",\"dateModified\":\"2017-12-06T14:48:01+00:00\",\"breadcrumb\":{\"@id\":\"https:\/\/www.institutodeengenharia.org.br\/site\/2017\/12\/06\/mal-aproveitado-no-brasil-telhado-das-casas-pode-gerar-energia-e-captar-agua\/#breadcrumb\"},\"inLanguage\":\"pt-BR\",\"potentialAction\":[{\"@type\":\"ReadAction\",\"target\":[\"https:\/\/www.institutodeengenharia.org.br\/site\/2017\/12\/06\/mal-aproveitado-no-brasil-telhado-das-casas-pode-gerar-energia-e-captar-agua\/\"]}]},{\"@type\":\"ImageObject\",\"inLanguage\":\"pt-BR\",\"@id\":\"https:\/\/www.institutodeengenharia.org.br\/site\/2017\/12\/06\/mal-aproveitado-no-brasil-telhado-das-casas-pode-gerar-energia-e-captar-agua\/#primaryimage\",\"url\":\"https:\/\/www.institutodeengenharia.org.br\/site\/wp-content\/uploads\/2018\/02\/skyscraper-1697170_1280-1024x622.jpg\",\"contentUrl\":\"https:\/\/www.institutodeengenharia.org.br\/site\/wp-content\/uploads\/2018\/02\/skyscraper-1697170_1280-1024x622.jpg\",\"width\":1024,\"height\":622},{\"@type\":\"BreadcrumbList\",\"@id\":\"https:\/\/www.institutodeengenharia.org.br\/site\/2017\/12\/06\/mal-aproveitado-no-brasil-telhado-das-casas-pode-gerar-energia-e-captar-agua\/#breadcrumb\",\"itemListElement\":[{\"@type\":\"ListItem\",\"position\":1,\"name\":\"In\u00edcio\",\"item\":\"https:\/\/www.institutodeengenharia.org.br\/site\/\"},{\"@type\":\"ListItem\",\"position\":2,\"name\":\"Mal aproveitado no Brasil, telhado das casas pode gerar energia e captar \u00e1gua\"}]},{\"@type\":\"WebSite\",\"@id\":\"https:\/\/www.institutodeengenharia.org.br\/site\/#website\",\"url\":\"https:\/\/www.institutodeengenharia.org.br\/site\/\",\"name\":\"Instituto de Engenharia\",\"description\":\"O Instituto de Engenharia promove a Engenharia em benef\u00edcio do desenvolvimento e da qualidade de vida da sociedade.\",\"publisher\":{\"@id\":\"https:\/\/www.institutodeengenharia.org.br\/site\/#organization\"},\"potentialAction\":[{\"@type\":\"SearchAction\",\"target\":{\"@type\":\"EntryPoint\",\"urlTemplate\":\"https:\/\/www.institutodeengenharia.org.br\/site\/?s={search_term_string}\"},\"query-input\":{\"@type\":\"PropertyValueSpecification\",\"valueRequired\":true,\"valueName\":\"search_term_string\"}}],\"inLanguage\":\"pt-BR\"},{\"@type\":\"Organization\",\"@id\":\"https:\/\/www.institutodeengenharia.org.br\/site\/#organization\",\"name\":\"Instituto de Engenharia\",\"url\":\"https:\/\/www.institutodeengenharia.org.br\/site\/\",\"logo\":{\"@type\":\"ImageObject\",\"inLanguage\":\"pt-BR\",\"@id\":\"https:\/\/www.institutodeengenharia.org.br\/site\/#\/schema\/logo\/image\/\",\"url\":\"https:\/\/www.institutodeengenharia.org.br\/site\/wp-content\/uploads\/2019\/03\/logo-novo-IE2018-1.jpg\",\"contentUrl\":\"https:\/\/www.institutodeengenharia.org.br\/site\/wp-content\/uploads\/2019\/03\/logo-novo-IE2018-1.jpg\",\"width\":1486,\"height\":1879,\"caption\":\"Instituto de Engenharia\"},\"image\":{\"@id\":\"https:\/\/www.institutodeengenharia.org.br\/site\/#\/schema\/logo\/image\/\"},\"sameAs\":[\"https:\/\/www.facebook.com\/institutodeengenharia\",\"https:\/\/x.com\/iengenharia\",\"https:\/\/www.instagram.com\/institutodeengenharia\/\",\"https:\/\/www.linkedin.com\/company\/instituto-de-engenharia\/\",\"https:\/\/www.youtube.com\/channel\/UCXiCAlsSMe977vamW915HxA\"]},{\"@type\":\"Person\",\"@id\":\"https:\/\/www.institutodeengenharia.org.br\/site\/#\/schema\/person\/3b1ff109facef084739fc2edcb9a127f\",\"name\":\"TMax Tecnologia\",\"image\":{\"@type\":\"ImageObject\",\"inLanguage\":\"pt-BR\",\"@id\":\"https:\/\/secure.gravatar.com\/avatar\/f912434ef7f389c92cb311fcdae346af848465d638912574b3c669070f797701?s=96&d=mm&r=g\",\"url\":\"https:\/\/secure.gravatar.com\/avatar\/f912434ef7f389c92cb311fcdae346af848465d638912574b3c669070f797701?s=96&d=mm&r=g\",\"contentUrl\":\"https:\/\/secure.gravatar.com\/avatar\/f912434ef7f389c92cb311fcdae346af848465d638912574b3c669070f797701?s=96&d=mm&r=g\",\"caption\":\"TMax Tecnologia\"},\"url\":\"https:\/\/www.institutodeengenharia.org.br\/site\/author\/tmax\/\"}]}<\/script>\n<!-- \/ Yoast SEO plugin. -->","yoast_head_json":{"title":"Mal aproveitado no Brasil, telhado das casas pode gerar energia e captar \u00e1gua - Instituto de Engenharia","robots":{"index":"index","follow":"follow","max-snippet":"max-snippet:-1","max-image-preview":"max-image-preview:large","max-video-preview":"max-video-preview:-1"},"canonical":"https:\/\/www.institutodeengenharia.org.br\/site\/2017\/12\/06\/mal-aproveitado-no-brasil-telhado-das-casas-pode-gerar-energia-e-captar-agua\/","og_locale":"pt_BR","og_type":"article","og_title":"Mal aproveitado no Brasil, telhado das casas pode gerar energia e captar \u00e1gua - Instituto de Engenharia","og_description":"Aos olhos da maioria das pessoas, um telhado \u00e9 apenas um telhado, afinal, sua principal fun\u00e7\u00e3o \u00e9 cobrir as constru\u00e7\u00f5es, certo?! Em parte sim. Por\u00e9m os telhados est\u00e3o ganhando uma nova funcionalidade em raz\u00e3o das pr\u00e1ticas sustent\u00e1veis, que exigem cada vez mais a cria\u00e7\u00e3o de solu\u00e7\u00f5es para preservar os recursos ambientais e diminuir o impacto [&hellip;]","og_url":"https:\/\/www.institutodeengenharia.org.br\/site\/2017\/12\/06\/mal-aproveitado-no-brasil-telhado-das-casas-pode-gerar-energia-e-captar-agua\/","og_site_name":"Instituto de Engenharia","article_publisher":"https:\/\/www.facebook.com\/institutodeengenharia","article_published_time":"2017-12-06T14:11:08+00:00","article_modified_time":"2017-12-06T14:48:01+00:00","og_image":[{"width":1024,"height":622,"url":"https:\/\/www.institutodeengenharia.org.br\/site\/wp-content\/uploads\/2018\/02\/skyscraper-1697170_1280-1024x622.jpg","type":"image\/jpeg"}],"author":"TMax Tecnologia","twitter_card":"summary_large_image","twitter_creator":"@iengenharia","twitter_site":"@iengenharia","twitter_misc":{"Escrito por":"TMax Tecnologia","Est. tempo de leitura":"2 minutos"},"schema":{"@context":"https:\/\/schema.org","@graph":[{"@type":"Article","@id":"https:\/\/www.institutodeengenharia.org.br\/site\/2017\/12\/06\/mal-aproveitado-no-brasil-telhado-das-casas-pode-gerar-energia-e-captar-agua\/#article","isPartOf":{"@id":"https:\/\/www.institutodeengenharia.org.br\/site\/2017\/12\/06\/mal-aproveitado-no-brasil-telhado-das-casas-pode-gerar-energia-e-captar-agua\/"},"author":{"name":"TMax Tecnologia","@id":"https:\/\/www.institutodeengenharia.org.br\/site\/#\/schema\/person\/3b1ff109facef084739fc2edcb9a127f"},"headline":"Mal aproveitado no Brasil, telhado das casas pode gerar energia e captar \u00e1gua","datePublished":"2017-12-06T14:11:08+00:00","dateModified":"2017-12-06T14:48:01+00:00","mainEntityOfPage":{"@id":"https:\/\/www.institutodeengenharia.org.br\/site\/2017\/12\/06\/mal-aproveitado-no-brasil-telhado-das-casas-pode-gerar-energia-e-captar-agua\/"},"wordCount":341,"commentCount":0,"publisher":{"@id":"https:\/\/www.institutodeengenharia.org.br\/site\/#organization"},"image":{"@id":"https:\/\/www.institutodeengenharia.org.br\/site\/2017\/12\/06\/mal-aproveitado-no-brasil-telhado-das-casas-pode-gerar-energia-e-captar-agua\/#primaryimage"},"thumbnailUrl":"https:\/\/www.institutodeengenharia.org.br\/site\/wp-content\/uploads\/2018\/02\/skyscraper-1697170_1280-1024x622.jpg","articleSection":["Meio Ambiente","Not\u00edcias"],"inLanguage":"pt-BR","potentialAction":[{"@type":"CommentAction","name":"Comment","target":["https:\/\/www.institutodeengenharia.org.br\/site\/2017\/12\/06\/mal-aproveitado-no-brasil-telhado-das-casas-pode-gerar-energia-e-captar-agua\/#respond"]}]},{"@type":"WebPage","@id":"https:\/\/www.institutodeengenharia.org.br\/site\/2017\/12\/06\/mal-aproveitado-no-brasil-telhado-das-casas-pode-gerar-energia-e-captar-agua\/","url":"https:\/\/www.institutodeengenharia.org.br\/site\/2017\/12\/06\/mal-aproveitado-no-brasil-telhado-das-casas-pode-gerar-energia-e-captar-agua\/","name":"Mal aproveitado no Brasil, telhado das casas pode gerar energia e captar \u00e1gua - Instituto de Engenharia","isPartOf":{"@id":"https:\/\/www.institutodeengenharia.org.br\/site\/#website"},"primaryImageOfPage":{"@id":"https:\/\/www.institutodeengenharia.org.br\/site\/2017\/12\/06\/mal-aproveitado-no-brasil-telhado-das-casas-pode-gerar-energia-e-captar-agua\/#primaryimage"},"image":{"@id":"https:\/\/www.institutodeengenharia.org.br\/site\/2017\/12\/06\/mal-aproveitado-no-brasil-telhado-das-casas-pode-gerar-energia-e-captar-agua\/#primaryimage"},"thumbnailUrl":"https:\/\/www.institutodeengenharia.org.br\/site\/wp-content\/uploads\/2018\/02\/skyscraper-1697170_1280-1024x622.jpg","datePublished":"2017-12-06T14:11:08+00:00","dateModified":"2017-12-06T14:48:01+00:00","breadcrumb":{"@id":"https:\/\/www.institutodeengenharia.org.br\/site\/2017\/12\/06\/mal-aproveitado-no-brasil-telhado-das-casas-pode-gerar-energia-e-captar-agua\/#breadcrumb"},"inLanguage":"pt-BR","potentialAction":[{"@type":"ReadAction","target":["https:\/\/www.institutodeengenharia.org.br\/site\/2017\/12\/06\/mal-aproveitado-no-brasil-telhado-das-casas-pode-gerar-energia-e-captar-agua\/"]}]},{"@type":"ImageObject","inLanguage":"pt-BR","@id":"https:\/\/www.institutodeengenharia.org.br\/site\/2017\/12\/06\/mal-aproveitado-no-brasil-telhado-das-casas-pode-gerar-energia-e-captar-agua\/#primaryimage","url":"https:\/\/www.institutodeengenharia.org.br\/site\/wp-content\/uploads\/2018\/02\/skyscraper-1697170_1280-1024x622.jpg","contentUrl":"https:\/\/www.institutodeengenharia.org.br\/site\/wp-content\/uploads\/2018\/02\/skyscraper-1697170_1280-1024x622.jpg","width":1024,"height":622},{"@type":"BreadcrumbList","@id":"https:\/\/www.institutodeengenharia.org.br\/site\/2017\/12\/06\/mal-aproveitado-no-brasil-telhado-das-casas-pode-gerar-energia-e-captar-agua\/#breadcrumb","itemListElement":[{"@type":"ListItem","position":1,"name":"In\u00edcio","item":"https:\/\/www.institutodeengenharia.org.br\/site\/"},{"@type":"ListItem","position":2,"name":"Mal aproveitado no Brasil, telhado das casas pode gerar energia e captar \u00e1gua"}]},{"@type":"WebSite","@id":"https:\/\/www.institutodeengenharia.org.br\/site\/#website","url":"https:\/\/www.institutodeengenharia.org.br\/site\/","name":"Instituto de Engenharia","description":"O Instituto de Engenharia promove a Engenharia em benef\u00edcio do desenvolvimento e da qualidade de vida da sociedade.","publisher":{"@id":"https:\/\/www.institutodeengenharia.org.br\/site\/#organization"},"potentialAction":[{"@type":"SearchAction","target":{"@type":"EntryPoint","urlTemplate":"https:\/\/www.institutodeengenharia.org.br\/site\/?s={search_term_string}"},"query-input":{"@type":"PropertyValueSpecification","valueRequired":true,"valueName":"search_term_string"}}],"inLanguage":"pt-BR"},{"@type":"Organization","@id":"https:\/\/www.institutodeengenharia.org.br\/site\/#organization","name":"Instituto de Engenharia","url":"https:\/\/www.institutodeengenharia.org.br\/site\/","logo":{"@type":"ImageObject","inLanguage":"pt-BR","@id":"https:\/\/www.institutodeengenharia.org.br\/site\/#\/schema\/logo\/image\/","url":"https:\/\/www.institutodeengenharia.org.br\/site\/wp-content\/uploads\/2019\/03\/logo-novo-IE2018-1.jpg","contentUrl":"https:\/\/www.institutodeengenharia.org.br\/site\/wp-content\/uploads\/2019\/03\/logo-novo-IE2018-1.jpg","width":1486,"height":1879,"caption":"Instituto de Engenharia"},"image":{"@id":"https:\/\/www.institutodeengenharia.org.br\/site\/#\/schema\/logo\/image\/"},"sameAs":["https:\/\/www.facebook.com\/institutodeengenharia","https:\/\/x.com\/iengenharia","https:\/\/www.instagram.com\/institutodeengenharia\/","https:\/\/www.linkedin.com\/company\/instituto-de-engenharia\/","https:\/\/www.youtube.com\/channel\/UCXiCAlsSMe977vamW915HxA"]},{"@type":"Person","@id":"https:\/\/www.institutodeengenharia.org.br\/site\/#\/schema\/person\/3b1ff109facef084739fc2edcb9a127f","name":"TMax Tecnologia","image":{"@type":"ImageObject","inLanguage":"pt-BR","@id":"https:\/\/secure.gravatar.com\/avatar\/f912434ef7f389c92cb311fcdae346af848465d638912574b3c669070f797701?s=96&d=mm&r=g","url":"https:\/\/secure.gravatar.com\/avatar\/f912434ef7f389c92cb311fcdae346af848465d638912574b3c669070f797701?s=96&d=mm&r=g","contentUrl":"https:\/\/secure.gravatar.com\/avatar\/f912434ef7f389c92cb311fcdae346af848465d638912574b3c669070f797701?s=96&d=mm&r=g","caption":"TMax Tecnologia"},"url":"https:\/\/www.institutodeengenharia.org.br\/site\/author\/tmax\/"}]}},"_links":{"self":[{"href":"https:\/\/www.institutodeengenharia.org.br\/site\/wp-json\/wp\/v2\/posts\/28872","targetHints":{"allow":["GET"]}}],"collection":[{"href":"https:\/\/www.institutodeengenharia.org.br\/site\/wp-json\/wp\/v2\/posts"}],"about":[{"href":"https:\/\/www.institutodeengenharia.org.br\/site\/wp-json\/wp\/v2\/types\/post"}],"author":[{"embeddable":true,"href":"https:\/\/www.institutodeengenharia.org.br\/site\/wp-json\/wp\/v2\/users\/1"}],"replies":[{"embeddable":true,"href":"https:\/\/www.institutodeengenharia.org.br\/site\/wp-json\/wp\/v2\/comments?post=28872"}],"version-history":[{"count":0,"href":"https:\/\/www.institutodeengenharia.org.br\/site\/wp-json\/wp\/v2\/posts\/28872\/revisions"}],"wp:featuredmedia":[{"embeddable":true,"href":"https:\/\/www.institutodeengenharia.org.br\/site\/wp-json\/wp\/v2\/media\/28873"}],"wp:attachment":[{"href":"https:\/\/www.institutodeengenharia.org.br\/site\/wp-json\/wp\/v2\/media?parent=28872"}],"wp:term":[{"taxonomy":"category","embeddable":true,"href":"https:\/\/www.institutodeengenharia.org.br\/site\/wp-json\/wp\/v2\/categories?post=28872"},{"taxonomy":"post_tag","embeddable":true,"href":"https:\/\/www.institutodeengenharia.org.br\/site\/wp-json\/wp\/v2\/tags?post=28872"}],"curies":[{"name":"wp","href":"https:\/\/api.w.org\/{rel}","templated":true}]}}