{"id":28863,"date":"2017-12-04T14:11:00","date_gmt":"2017-12-04T14:11:00","guid":{"rendered":"https:\/\/www.institutodeengenharia.org.br\/?p=28863"},"modified":"2017-12-04T15:14:44","modified_gmt":"2017-12-04T15:14:44","slug":"franca-pretende-lancar-trens-autonomos-sem-motoristas","status":"publish","type":"post","link":"https:\/\/www.institutodeengenharia.org.br\/site\/2017\/12\/04\/franca-pretende-lancar-trens-autonomos-sem-motoristas\/","title":{"rendered":"Fran\u00e7a pretende lan\u00e7ar trens aut\u00f4nomos sem motoristas"},"content":{"rendered":"<p>A empresa ferrovi\u00e1ria de propriedade do governo franc\u00eas e respons\u00e1vel pela gest\u00e3o dos servi\u00e7os ferrovi\u00e1rios do pa\u00eds tem como foco o que ela chama de projeto \u201cTrem Drone\u201d. O objetivo \u00e9 desenvolver um trem capaz de realizar todo tipo de opera\u00e7\u00e3o de maneira aut\u00f4noma, como, por exemplo, as opera\u00e7\u00f5es de maquinistas, de ligar o trem, reduzir velocidade e detectar perigos na ferrovia.<\/p>\n<p>A viagem ser\u00e1 t\u00e3o sutil que, segundo os desenvolvedores, voc\u00ea n\u00e3o ser\u00e1 capaz de dizer que o trem n\u00e3o tem um condutor. Se os sensores detectarem perigo potencial em seu caminho, ele ir\u00e1 desencadear a travagem autom\u00e1tica.<br \/>\nEm \u00faltima an\u00e1lise, a empresa espera que este trem sem motorista possa fazer viagens mais eficientes, eliminando as manobras e opera\u00e7\u00f5es meramente burocr\u00e1ticas e repetitivas, embora provavelmente n\u00e3o ir\u00e1 fazer parte da lista dos trens mais r\u00e1pidos do mundo.<\/p>\n<p><img loading=\"lazy\" decoding=\"async\" src=\"https:\/\/blogdaengenharia.com\/wp-content\/uploads\/2017\/11\/trem2-blog-da-engenharia.jpg\" alt=\"\" width=\"620\" height=\"397\" \/><\/p>\n<p>As primeiras pessoas a usufru\u00edrem  deste trem ainda ter\u00e3o que esperar um pouco, j\u00e1 que sua previs\u00e3o de conclus\u00e3o \u00e9 de apenas 2023. Nesta data ser\u00e1 inaugurada uma viagem entre Paris e o sudeste da Fran\u00e7a.<br \/>\nMas n\u00e3o se preocupe, haver\u00e1 humanos a bordo al\u00e9m dos passageiros. Um motorista ainda estar\u00e1 dispon\u00edvel, embora seu papel seja basicamente o de manter a ordem e intervir caso surgir alguma emerg\u00eancia.<\/p>\n<p><b>Autor: Blog da Engenharia <\/b><\/p>\n","protected":false},"excerpt":{"rendered":"<p>Quem disse que os carros s\u00e3o a \u00fanica forma de transporte que pode se beneficiar da tecnologia que dispensa motoristas?<\/p>\n","protected":false},"author":1,"featured_media":28864,"comment_status":"open","ping_status":"open","sticky":false,"template":"","format":"standard","meta":{"footnotes":""},"categories":[6,40],"tags":[],"class_list":{"0":"post-28863","1":"post","2":"type-post","3":"status-publish","4":"format-standard","5":"has-post-thumbnail","7":"category-noticias","8":"category-tecnologia"},"yoast_head":"<!-- This site is optimized with the Yoast SEO plugin v27.2 - https:\/\/yoast.com\/product\/yoast-seo-wordpress\/ -->\n<title>Fran\u00e7a pretende lan\u00e7ar trens aut\u00f4nomos sem motoristas - Instituto de Engenharia<\/title>\n<meta name=\"robots\" content=\"index, follow, max-snippet:-1, max-image-preview:large, max-video-preview:-1\" \/>\n<link rel=\"canonical\" href=\"https:\/\/www.institutodeengenharia.org.br\/site\/2017\/12\/04\/franca-pretende-lancar-trens-autonomos-sem-motoristas\/\" \/>\n<meta property=\"og:locale\" content=\"pt_BR\" \/>\n<meta property=\"og:type\" content=\"article\" \/>\n<meta property=\"og:title\" content=\"Fran\u00e7a pretende lan\u00e7ar trens aut\u00f4nomos sem motoristas - Instituto de Engenharia\" \/>\n<meta property=\"og:description\" content=\"Quem disse que os carros s\u00e3o a \u00fanica forma de transporte que pode se beneficiar da tecnologia que dispensa motoristas?\" \/>\n<meta property=\"og:url\" content=\"https:\/\/www.institutodeengenharia.org.br\/site\/2017\/12\/04\/franca-pretende-lancar-trens-autonomos-sem-motoristas\/\" \/>\n<meta property=\"og:site_name\" content=\"Instituto de Engenharia\" \/>\n<meta property=\"article:publisher\" content=\"https:\/\/www.facebook.com\/institutodeengenharia\" \/>\n<meta property=\"article:published_time\" content=\"2017-12-04T14:11:00+00:00\" \/>\n<meta property=\"article:modified_time\" content=\"2017-12-04T15:14:44+00:00\" \/>\n<meta property=\"og:image\" content=\"https:\/\/www.institutodeengenharia.org.br\/site\/wp-content\/uploads\/2018\/02\/trem-blog-da-engenharia.jpg\" \/>\n\t<meta property=\"og:image:width\" content=\"950\" \/>\n\t<meta property=\"og:image:height\" content=\"534\" \/>\n\t<meta property=\"og:image:type\" content=\"image\/jpeg\" \/>\n<meta name=\"author\" content=\"TMax Tecnologia\" \/>\n<meta name=\"twitter:card\" content=\"summary_large_image\" \/>\n<meta name=\"twitter:creator\" content=\"@iengenharia\" \/>\n<meta name=\"twitter:site\" content=\"@iengenharia\" \/>\n<meta name=\"twitter:label1\" content=\"Escrito por\" \/>\n\t<meta name=\"twitter:data1\" content=\"TMax Tecnologia\" \/>\n\t<meta name=\"twitter:label2\" content=\"Est. tempo de leitura\" \/>\n\t<meta name=\"twitter:data2\" content=\"1 minuto\" \/>\n<script type=\"application\/ld+json\" class=\"yoast-schema-graph\">{\"@context\":\"https:\/\/schema.org\",\"@graph\":[{\"@type\":\"Article\",\"@id\":\"https:\/\/www.institutodeengenharia.org.br\/site\/2017\/12\/04\/franca-pretende-lancar-trens-autonomos-sem-motoristas\/#article\",\"isPartOf\":{\"@id\":\"https:\/\/www.institutodeengenharia.org.br\/site\/2017\/12\/04\/franca-pretende-lancar-trens-autonomos-sem-motoristas\/\"},\"author\":{\"name\":\"TMax Tecnologia\",\"@id\":\"https:\/\/www.institutodeengenharia.org.br\/site\/#\/schema\/person\/3b1ff109facef084739fc2edcb9a127f\"},\"headline\":\"Fran\u00e7a pretende lan\u00e7ar trens aut\u00f4nomos sem motoristas\",\"datePublished\":\"2017-12-04T14:11:00+00:00\",\"dateModified\":\"2017-12-04T15:14:44+00:00\",\"mainEntityOfPage\":{\"@id\":\"https:\/\/www.institutodeengenharia.org.br\/site\/2017\/12\/04\/franca-pretende-lancar-trens-autonomos-sem-motoristas\/\"},\"wordCount\":245,\"commentCount\":0,\"publisher\":{\"@id\":\"https:\/\/www.institutodeengenharia.org.br\/site\/#organization\"},\"image\":{\"@id\":\"https:\/\/www.institutodeengenharia.org.br\/site\/2017\/12\/04\/franca-pretende-lancar-trens-autonomos-sem-motoristas\/#primaryimage\"},\"thumbnailUrl\":\"https:\/\/www.institutodeengenharia.org.br\/site\/wp-content\/uploads\/2018\/02\/trem-blog-da-engenharia.jpg\",\"articleSection\":[\"Not\u00edcias\",\"Tecnologia\"],\"inLanguage\":\"pt-BR\",\"potentialAction\":[{\"@type\":\"CommentAction\",\"name\":\"Comment\",\"target\":[\"https:\/\/www.institutodeengenharia.org.br\/site\/2017\/12\/04\/franca-pretende-lancar-trens-autonomos-sem-motoristas\/#respond\"]}]},{\"@type\":\"WebPage\",\"@id\":\"https:\/\/www.institutodeengenharia.org.br\/site\/2017\/12\/04\/franca-pretende-lancar-trens-autonomos-sem-motoristas\/\",\"url\":\"https:\/\/www.institutodeengenharia.org.br\/site\/2017\/12\/04\/franca-pretende-lancar-trens-autonomos-sem-motoristas\/\",\"name\":\"Fran\u00e7a pretende lan\u00e7ar trens aut\u00f4nomos sem motoristas - Instituto de Engenharia\",\"isPartOf\":{\"@id\":\"https:\/\/www.institutodeengenharia.org.br\/site\/#website\"},\"primaryImageOfPage\":{\"@id\":\"https:\/\/www.institutodeengenharia.org.br\/site\/2017\/12\/04\/franca-pretende-lancar-trens-autonomos-sem-motoristas\/#primaryimage\"},\"image\":{\"@id\":\"https:\/\/www.institutodeengenharia.org.br\/site\/2017\/12\/04\/franca-pretende-lancar-trens-autonomos-sem-motoristas\/#primaryimage\"},\"thumbnailUrl\":\"https:\/\/www.institutodeengenharia.org.br\/site\/wp-content\/uploads\/2018\/02\/trem-blog-da-engenharia.jpg\",\"datePublished\":\"2017-12-04T14:11:00+00:00\",\"dateModified\":\"2017-12-04T15:14:44+00:00\",\"breadcrumb\":{\"@id\":\"https:\/\/www.institutodeengenharia.org.br\/site\/2017\/12\/04\/franca-pretende-lancar-trens-autonomos-sem-motoristas\/#breadcrumb\"},\"inLanguage\":\"pt-BR\",\"potentialAction\":[{\"@type\":\"ReadAction\",\"target\":[\"https:\/\/www.institutodeengenharia.org.br\/site\/2017\/12\/04\/franca-pretende-lancar-trens-autonomos-sem-motoristas\/\"]}]},{\"@type\":\"ImageObject\",\"inLanguage\":\"pt-BR\",\"@id\":\"https:\/\/www.institutodeengenharia.org.br\/site\/2017\/12\/04\/franca-pretende-lancar-trens-autonomos-sem-motoristas\/#primaryimage\",\"url\":\"https:\/\/www.institutodeengenharia.org.br\/site\/wp-content\/uploads\/2018\/02\/trem-blog-da-engenharia.jpg\",\"contentUrl\":\"https:\/\/www.institutodeengenharia.org.br\/site\/wp-content\/uploads\/2018\/02\/trem-blog-da-engenharia.jpg\",\"width\":950,\"height\":534},{\"@type\":\"BreadcrumbList\",\"@id\":\"https:\/\/www.institutodeengenharia.org.br\/site\/2017\/12\/04\/franca-pretende-lancar-trens-autonomos-sem-motoristas\/#breadcrumb\",\"itemListElement\":[{\"@type\":\"ListItem\",\"position\":1,\"name\":\"In\u00edcio\",\"item\":\"https:\/\/www.institutodeengenharia.org.br\/site\/\"},{\"@type\":\"ListItem\",\"position\":2,\"name\":\"Fran\u00e7a pretende lan\u00e7ar trens aut\u00f4nomos sem motoristas\"}]},{\"@type\":\"WebSite\",\"@id\":\"https:\/\/www.institutodeengenharia.org.br\/site\/#website\",\"url\":\"https:\/\/www.institutodeengenharia.org.br\/site\/\",\"name\":\"Instituto de Engenharia\",\"description\":\"O Instituto de Engenharia promove a Engenharia em benef\u00edcio do desenvolvimento e da qualidade de vida da sociedade.\",\"publisher\":{\"@id\":\"https:\/\/www.institutodeengenharia.org.br\/site\/#organization\"},\"potentialAction\":[{\"@type\":\"SearchAction\",\"target\":{\"@type\":\"EntryPoint\",\"urlTemplate\":\"https:\/\/www.institutodeengenharia.org.br\/site\/?s={search_term_string}\"},\"query-input\":{\"@type\":\"PropertyValueSpecification\",\"valueRequired\":true,\"valueName\":\"search_term_string\"}}],\"inLanguage\":\"pt-BR\"},{\"@type\":\"Organization\",\"@id\":\"https:\/\/www.institutodeengenharia.org.br\/site\/#organization\",\"name\":\"Instituto de Engenharia\",\"url\":\"https:\/\/www.institutodeengenharia.org.br\/site\/\",\"logo\":{\"@type\":\"ImageObject\",\"inLanguage\":\"pt-BR\",\"@id\":\"https:\/\/www.institutodeengenharia.org.br\/site\/#\/schema\/logo\/image\/\",\"url\":\"https:\/\/www.institutodeengenharia.org.br\/site\/wp-content\/uploads\/2019\/03\/logo-novo-IE2018-1.jpg\",\"contentUrl\":\"https:\/\/www.institutodeengenharia.org.br\/site\/wp-content\/uploads\/2019\/03\/logo-novo-IE2018-1.jpg\",\"width\":1486,\"height\":1879,\"caption\":\"Instituto de Engenharia\"},\"image\":{\"@id\":\"https:\/\/www.institutodeengenharia.org.br\/site\/#\/schema\/logo\/image\/\"},\"sameAs\":[\"https:\/\/www.facebook.com\/institutodeengenharia\",\"https:\/\/x.com\/iengenharia\",\"https:\/\/www.instagram.com\/institutodeengenharia\/\",\"https:\/\/www.linkedin.com\/company\/instituto-de-engenharia\/\",\"https:\/\/www.youtube.com\/channel\/UCXiCAlsSMe977vamW915HxA\"]},{\"@type\":\"Person\",\"@id\":\"https:\/\/www.institutodeengenharia.org.br\/site\/#\/schema\/person\/3b1ff109facef084739fc2edcb9a127f\",\"name\":\"TMax Tecnologia\",\"image\":{\"@type\":\"ImageObject\",\"inLanguage\":\"pt-BR\",\"@id\":\"https:\/\/secure.gravatar.com\/avatar\/f912434ef7f389c92cb311fcdae346af848465d638912574b3c669070f797701?s=96&d=mm&r=g\",\"url\":\"https:\/\/secure.gravatar.com\/avatar\/f912434ef7f389c92cb311fcdae346af848465d638912574b3c669070f797701?s=96&d=mm&r=g\",\"contentUrl\":\"https:\/\/secure.gravatar.com\/avatar\/f912434ef7f389c92cb311fcdae346af848465d638912574b3c669070f797701?s=96&d=mm&r=g\",\"caption\":\"TMax Tecnologia\"},\"url\":\"https:\/\/www.institutodeengenharia.org.br\/site\/author\/tmax\/\"}]}<\/script>\n<!-- \/ Yoast SEO plugin. -->","yoast_head_json":{"title":"Fran\u00e7a pretende lan\u00e7ar trens aut\u00f4nomos sem motoristas - Instituto de Engenharia","robots":{"index":"index","follow":"follow","max-snippet":"max-snippet:-1","max-image-preview":"max-image-preview:large","max-video-preview":"max-video-preview:-1"},"canonical":"https:\/\/www.institutodeengenharia.org.br\/site\/2017\/12\/04\/franca-pretende-lancar-trens-autonomos-sem-motoristas\/","og_locale":"pt_BR","og_type":"article","og_title":"Fran\u00e7a pretende lan\u00e7ar trens aut\u00f4nomos sem motoristas - Instituto de Engenharia","og_description":"Quem disse que os carros s\u00e3o a \u00fanica forma de transporte que pode se beneficiar da tecnologia que dispensa motoristas?","og_url":"https:\/\/www.institutodeengenharia.org.br\/site\/2017\/12\/04\/franca-pretende-lancar-trens-autonomos-sem-motoristas\/","og_site_name":"Instituto de Engenharia","article_publisher":"https:\/\/www.facebook.com\/institutodeengenharia","article_published_time":"2017-12-04T14:11:00+00:00","article_modified_time":"2017-12-04T15:14:44+00:00","og_image":[{"width":950,"height":534,"url":"https:\/\/www.institutodeengenharia.org.br\/site\/wp-content\/uploads\/2018\/02\/trem-blog-da-engenharia.jpg","type":"image\/jpeg"}],"author":"TMax Tecnologia","twitter_card":"summary_large_image","twitter_creator":"@iengenharia","twitter_site":"@iengenharia","twitter_misc":{"Escrito por":"TMax Tecnologia","Est. tempo de leitura":"1 minuto"},"schema":{"@context":"https:\/\/schema.org","@graph":[{"@type":"Article","@id":"https:\/\/www.institutodeengenharia.org.br\/site\/2017\/12\/04\/franca-pretende-lancar-trens-autonomos-sem-motoristas\/#article","isPartOf":{"@id":"https:\/\/www.institutodeengenharia.org.br\/site\/2017\/12\/04\/franca-pretende-lancar-trens-autonomos-sem-motoristas\/"},"author":{"name":"TMax Tecnologia","@id":"https:\/\/www.institutodeengenharia.org.br\/site\/#\/schema\/person\/3b1ff109facef084739fc2edcb9a127f"},"headline":"Fran\u00e7a pretende lan\u00e7ar trens aut\u00f4nomos sem motoristas","datePublished":"2017-12-04T14:11:00+00:00","dateModified":"2017-12-04T15:14:44+00:00","mainEntityOfPage":{"@id":"https:\/\/www.institutodeengenharia.org.br\/site\/2017\/12\/04\/franca-pretende-lancar-trens-autonomos-sem-motoristas\/"},"wordCount":245,"commentCount":0,"publisher":{"@id":"https:\/\/www.institutodeengenharia.org.br\/site\/#organization"},"image":{"@id":"https:\/\/www.institutodeengenharia.org.br\/site\/2017\/12\/04\/franca-pretende-lancar-trens-autonomos-sem-motoristas\/#primaryimage"},"thumbnailUrl":"https:\/\/www.institutodeengenharia.org.br\/site\/wp-content\/uploads\/2018\/02\/trem-blog-da-engenharia.jpg","articleSection":["Not\u00edcias","Tecnologia"],"inLanguage":"pt-BR","potentialAction":[{"@type":"CommentAction","name":"Comment","target":["https:\/\/www.institutodeengenharia.org.br\/site\/2017\/12\/04\/franca-pretende-lancar-trens-autonomos-sem-motoristas\/#respond"]}]},{"@type":"WebPage","@id":"https:\/\/www.institutodeengenharia.org.br\/site\/2017\/12\/04\/franca-pretende-lancar-trens-autonomos-sem-motoristas\/","url":"https:\/\/www.institutodeengenharia.org.br\/site\/2017\/12\/04\/franca-pretende-lancar-trens-autonomos-sem-motoristas\/","name":"Fran\u00e7a pretende lan\u00e7ar trens aut\u00f4nomos sem motoristas - Instituto de Engenharia","isPartOf":{"@id":"https:\/\/www.institutodeengenharia.org.br\/site\/#website"},"primaryImageOfPage":{"@id":"https:\/\/www.institutodeengenharia.org.br\/site\/2017\/12\/04\/franca-pretende-lancar-trens-autonomos-sem-motoristas\/#primaryimage"},"image":{"@id":"https:\/\/www.institutodeengenharia.org.br\/site\/2017\/12\/04\/franca-pretende-lancar-trens-autonomos-sem-motoristas\/#primaryimage"},"thumbnailUrl":"https:\/\/www.institutodeengenharia.org.br\/site\/wp-content\/uploads\/2018\/02\/trem-blog-da-engenharia.jpg","datePublished":"2017-12-04T14:11:00+00:00","dateModified":"2017-12-04T15:14:44+00:00","breadcrumb":{"@id":"https:\/\/www.institutodeengenharia.org.br\/site\/2017\/12\/04\/franca-pretende-lancar-trens-autonomos-sem-motoristas\/#breadcrumb"},"inLanguage":"pt-BR","potentialAction":[{"@type":"ReadAction","target":["https:\/\/www.institutodeengenharia.org.br\/site\/2017\/12\/04\/franca-pretende-lancar-trens-autonomos-sem-motoristas\/"]}]},{"@type":"ImageObject","inLanguage":"pt-BR","@id":"https:\/\/www.institutodeengenharia.org.br\/site\/2017\/12\/04\/franca-pretende-lancar-trens-autonomos-sem-motoristas\/#primaryimage","url":"https:\/\/www.institutodeengenharia.org.br\/site\/wp-content\/uploads\/2018\/02\/trem-blog-da-engenharia.jpg","contentUrl":"https:\/\/www.institutodeengenharia.org.br\/site\/wp-content\/uploads\/2018\/02\/trem-blog-da-engenharia.jpg","width":950,"height":534},{"@type":"BreadcrumbList","@id":"https:\/\/www.institutodeengenharia.org.br\/site\/2017\/12\/04\/franca-pretende-lancar-trens-autonomos-sem-motoristas\/#breadcrumb","itemListElement":[{"@type":"ListItem","position":1,"name":"In\u00edcio","item":"https:\/\/www.institutodeengenharia.org.br\/site\/"},{"@type":"ListItem","position":2,"name":"Fran\u00e7a pretende lan\u00e7ar trens aut\u00f4nomos sem motoristas"}]},{"@type":"WebSite","@id":"https:\/\/www.institutodeengenharia.org.br\/site\/#website","url":"https:\/\/www.institutodeengenharia.org.br\/site\/","name":"Instituto de Engenharia","description":"O Instituto de Engenharia promove a Engenharia em benef\u00edcio do desenvolvimento e da qualidade de vida da sociedade.","publisher":{"@id":"https:\/\/www.institutodeengenharia.org.br\/site\/#organization"},"potentialAction":[{"@type":"SearchAction","target":{"@type":"EntryPoint","urlTemplate":"https:\/\/www.institutodeengenharia.org.br\/site\/?s={search_term_string}"},"query-input":{"@type":"PropertyValueSpecification","valueRequired":true,"valueName":"search_term_string"}}],"inLanguage":"pt-BR"},{"@type":"Organization","@id":"https:\/\/www.institutodeengenharia.org.br\/site\/#organization","name":"Instituto de Engenharia","url":"https:\/\/www.institutodeengenharia.org.br\/site\/","logo":{"@type":"ImageObject","inLanguage":"pt-BR","@id":"https:\/\/www.institutodeengenharia.org.br\/site\/#\/schema\/logo\/image\/","url":"https:\/\/www.institutodeengenharia.org.br\/site\/wp-content\/uploads\/2019\/03\/logo-novo-IE2018-1.jpg","contentUrl":"https:\/\/www.institutodeengenharia.org.br\/site\/wp-content\/uploads\/2019\/03\/logo-novo-IE2018-1.jpg","width":1486,"height":1879,"caption":"Instituto de Engenharia"},"image":{"@id":"https:\/\/www.institutodeengenharia.org.br\/site\/#\/schema\/logo\/image\/"},"sameAs":["https:\/\/www.facebook.com\/institutodeengenharia","https:\/\/x.com\/iengenharia","https:\/\/www.instagram.com\/institutodeengenharia\/","https:\/\/www.linkedin.com\/company\/instituto-de-engenharia\/","https:\/\/www.youtube.com\/channel\/UCXiCAlsSMe977vamW915HxA"]},{"@type":"Person","@id":"https:\/\/www.institutodeengenharia.org.br\/site\/#\/schema\/person\/3b1ff109facef084739fc2edcb9a127f","name":"TMax Tecnologia","image":{"@type":"ImageObject","inLanguage":"pt-BR","@id":"https:\/\/secure.gravatar.com\/avatar\/f912434ef7f389c92cb311fcdae346af848465d638912574b3c669070f797701?s=96&d=mm&r=g","url":"https:\/\/secure.gravatar.com\/avatar\/f912434ef7f389c92cb311fcdae346af848465d638912574b3c669070f797701?s=96&d=mm&r=g","contentUrl":"https:\/\/secure.gravatar.com\/avatar\/f912434ef7f389c92cb311fcdae346af848465d638912574b3c669070f797701?s=96&d=mm&r=g","caption":"TMax Tecnologia"},"url":"https:\/\/www.institutodeengenharia.org.br\/site\/author\/tmax\/"}]}},"_links":{"self":[{"href":"https:\/\/www.institutodeengenharia.org.br\/site\/wp-json\/wp\/v2\/posts\/28863","targetHints":{"allow":["GET"]}}],"collection":[{"href":"https:\/\/www.institutodeengenharia.org.br\/site\/wp-json\/wp\/v2\/posts"}],"about":[{"href":"https:\/\/www.institutodeengenharia.org.br\/site\/wp-json\/wp\/v2\/types\/post"}],"author":[{"embeddable":true,"href":"https:\/\/www.institutodeengenharia.org.br\/site\/wp-json\/wp\/v2\/users\/1"}],"replies":[{"embeddable":true,"href":"https:\/\/www.institutodeengenharia.org.br\/site\/wp-json\/wp\/v2\/comments?post=28863"}],"version-history":[{"count":0,"href":"https:\/\/www.institutodeengenharia.org.br\/site\/wp-json\/wp\/v2\/posts\/28863\/revisions"}],"wp:featuredmedia":[{"embeddable":true,"href":"https:\/\/www.institutodeengenharia.org.br\/site\/wp-json\/wp\/v2\/media\/28864"}],"wp:attachment":[{"href":"https:\/\/www.institutodeengenharia.org.br\/site\/wp-json\/wp\/v2\/media?parent=28863"}],"wp:term":[{"taxonomy":"category","embeddable":true,"href":"https:\/\/www.institutodeengenharia.org.br\/site\/wp-json\/wp\/v2\/categories?post=28863"},{"taxonomy":"post_tag","embeddable":true,"href":"https:\/\/www.institutodeengenharia.org.br\/site\/wp-json\/wp\/v2\/tags?post=28863"}],"curies":[{"name":"wp","href":"https:\/\/api.w.org\/{rel}","templated":true}]}}