{"id":28861,"date":"2017-12-04T14:10:56","date_gmt":"2017-12-04T14:10:56","guid":{"rendered":"https:\/\/www.institutodeengenharia.org.br\/?p=28861"},"modified":"2017-12-04T15:06:42","modified_gmt":"2017-12-04T15:06:42","slug":"piaui-recebe-investimento-de-r-1-bilhao-e-instala-maior-usina-de-energia-fotovoltaica-da-america-latina","status":"publish","type":"post","link":"https:\/\/www.institutodeengenharia.org.br\/site\/2017\/12\/04\/piaui-recebe-investimento-de-r-1-bilhao-e-instala-maior-usina-de-energia-fotovoltaica-da-america-latina\/","title":{"rendered":"Piau\u00ed recebe investimento de R$ 1 bilh\u00e3o e instala maior usina de energia fotovoltaica da Am\u00e9rica Latina"},"content":{"rendered":"<p>O Piau\u00ed vem se destacando constantemente no cen\u00e1rio nacional como um dos principais estados para a realiza\u00e7\u00e3o de investimentos no campo da gera\u00e7\u00e3o de energias sustent\u00e1veis. A presen\u00e7a de \u00e1reas com ventos fortes e o sol marcante caracter\u00edstico do Nordeste s\u00e3o pontos fundamentais para a escolha dessas regi\u00f5es como local de implanta\u00e7\u00e3o de sistemas geradores de energia el\u00e9trica.<\/p>\n<p>Desde 2016, est\u00e1 tendo essa tend\u00eancia de situa\u00e7\u00f5es relacionadas \u00e0 instala\u00e7\u00e3o de mecanismos sustent\u00e1veis no Piau\u00ed como, por exemplo, a inaugura\u00e7\u00e3o do Complexo E\u00f3lico Chapada do Piau\u00ed, no munic\u00edpio de Sim\u00f5es, sudoeste do Estado. Com capacidade de gerar aproximadamente 436 MW de energia, o suficiente para abastecer uma cidade com cerca de 1 milh\u00e3o de habitantes, o complexo recebeu um investimento de R$ 1,5 bilh\u00e3o e gera 3 mil empregos diretos.<\/p>\n<p><img loading=\"lazy\" decoding=\"async\" src=\"https:\/\/blogdaengenharia.com\/wp-content\/uploads\/2017\/11\/usina2-blog-da-engenharia.jpg\" alt=\"\" width=\"620\" height=\"415\" \/><br \/>\n<em>Foto: Reprodu\u00e7\u00e3o.<\/em><\/p>\n<p><strong>Saiba mais<\/strong><\/p>\n<p>Dessa forma, o estado caminha a passos largos para se destacar cada vez mais no \u00e2mbito da gera\u00e7\u00e3o de energias limpas e, dessa vez, a fonte principal em quest\u00e3o n\u00e3o \u00e9 mais a for\u00e7a dos ventos, e sim o brilho forte e irradiante que vem do sol.<\/p>\n<p>A empresa italiana Enel S.p.A, por meio da sua subsidi\u00e1ria, realizou um investimento aproximado de US$ 300 milh\u00f5es, quase R$ 1 bilh\u00e3o de reais, para a constru\u00e7\u00e3o do Parque Solar Nova Olinda, localizado no munic\u00edpio de Ribeira do Piau\u00ed, a 377 km da capital Teresina. Durante o m\u00eas de outubro, a Secretaria Estadual do Meio Ambiente do Piau\u00ed (SEMAR) fez a entrega das Licen\u00e7as Ambientais de Opera\u00e7\u00e3o para a usina fotovoltaica e da linha de transmiss\u00e3o de 500 Kv da Nova Olinda para Alexandre Brittar, especialista ambiental da empresa.<\/p>\n<p><img loading=\"lazy\" decoding=\"async\" src=\"https:\/\/blogdaengenharia.com\/wp-content\/uploads\/2017\/11\/usina4-blog-da-engenharia.jpg\" alt=\"\" width=\"620\" height=\"413\" \/><br \/>\nFoto: Reprodu\u00e7\u00e3o.<\/p>\n<p>Estima-se que, quando completamente conclu\u00eddo, o empreendimento ser\u00e1 capaz de gerar mais de 600 GWh por ano de energia, quantidade suficiente para atender \u00e0s necessidades de consumo de energia anual de cerca de 300 mil lares brasileiros, evitando a emiss\u00e3o de cerca de 350 mil toneladas de g\u00e1s carb\u00f4nico para a atmosfera. Com essa produ\u00e7\u00e3o mais do que expressiva, a Nova Olinda se tornar\u00e1 a maior usina de energia solar da Am\u00e9rica Latina.<\/p>\n<p>O gerente da Enel no Brasil, Carlo Zorzoli, destacou que a companhia tem o interesse de continuar investindo para se consolidar no setor de energia do pa\u00eds. \u201cO governo brasileiro tem desenvolvido um processo atrativo e bem estruturado de leil\u00f5es e temos constru\u00eddo o nosso sucesso com base na tecnologia l\u00edder de mercado, excel\u00eancia em financiamentos e reputa\u00e7\u00e3o\u201d, declarou o gerente.<\/p>\n<p><img loading=\"lazy\" decoding=\"async\" src=\"https:\/\/blogdaengenharia.com\/wp-content\/uploads\/2017\/11\/usina3-blog-da-engenharia.jpg\" alt=\"\" width=\"620\" height=\"294\" \/><br \/>\n<em>Foto: Reprodu\u00e7\u00e3o.<br \/>\n<\/em><br \/>\n<strong>Futuro promissor<\/strong><\/p>\n<p>Wellington Dias, governador do estado do Piau\u00ed, destacou os demais investimentos a serem realizados nesse setor. \u201cSomando os investimentos como esse da Enel, em energia solar, do Grupo Votorantin em energia e\u00f3lica, com cerca de 3,6 bilh\u00f5es de reais tamb\u00e9m em andamento, do Grupo Tomazini, da Terracal, do Ouro Branco e da Portugal G\u00e1s e Petr\u00f3leo, teremos bilh\u00f5es de investimentos e mais empregos\u201d, ressalta.<\/p>\n<p>O cen\u00e1rio mundial de produ\u00e7\u00e3o de energia vem sofrendo uma grande quebra de barreiras quanto \u00e0 melhor forma de produzir energia el\u00e9trica. Os primeiros \u00edndices de baixa nos n\u00edveis de petr\u00f3leo deram a alerta de que essa fonte tem um prazo m\u00e1ximo de uso e acenderam uma luz vermelha nas principais empresas de gera\u00e7\u00e3o de energia.<\/p>\n<p>N\u00e3o \u00e9 mais segredo o sucesso diante da aplica\u00e7\u00e3o das energias com fontes renov\u00e1veis que n\u00e3o poluem o meio ambiente e diminuem os fatores causadores do t\u00e3o comentado Aquecimento Global. E voc\u00ea, qual a sua opini\u00e3o acerca do cen\u00e1rio da energia el\u00e9trica mundial?<\/p>\n<p><b>Autor: Blog da Engenharia<\/b><\/p>\n","protected":false},"excerpt":{"rendered":"<p>O Piau\u00ed vem se destacando constantemente no cen\u00e1rio nacional como um dos principais estados para a realiza\u00e7\u00e3o de investimentos no campo da gera\u00e7\u00e3o de energias sustent\u00e1veis. A presen\u00e7a de \u00e1reas com ventos fortes e o sol marcante caracter\u00edstico do Nordeste s\u00e3o pontos fundamentais para a escolha dessas regi\u00f5es como local de implanta\u00e7\u00e3o de sistemas geradores [&hellip;]<\/p>\n","protected":false},"author":1,"featured_media":28862,"comment_status":"open","ping_status":"open","sticky":false,"template":"","format":"standard","meta":{"footnotes":""},"categories":[24,6],"tags":[],"class_list":{"0":"post-28861","1":"post","2":"type-post","3":"status-publish","4":"format-standard","5":"has-post-thumbnail","7":"category-energia","8":"category-noticias"},"yoast_head":"<!-- This site is optimized with the Yoast SEO plugin v27.2 - https:\/\/yoast.com\/product\/yoast-seo-wordpress\/ -->\n<title>Piau\u00ed recebe investimento de R$ 1 bilh\u00e3o e instala maior usina de energia fotovoltaica da Am\u00e9rica Latina - Instituto de Engenharia<\/title>\n<meta name=\"robots\" content=\"index, follow, max-snippet:-1, max-image-preview:large, max-video-preview:-1\" \/>\n<link rel=\"canonical\" href=\"https:\/\/www.institutodeengenharia.org.br\/site\/2017\/12\/04\/piaui-recebe-investimento-de-r-1-bilhao-e-instala-maior-usina-de-energia-fotovoltaica-da-america-latina\/\" \/>\n<meta property=\"og:locale\" content=\"pt_BR\" \/>\n<meta property=\"og:type\" content=\"article\" \/>\n<meta property=\"og:title\" content=\"Piau\u00ed recebe investimento de R$ 1 bilh\u00e3o e instala maior usina de energia fotovoltaica da Am\u00e9rica Latina - Instituto de Engenharia\" \/>\n<meta property=\"og:description\" content=\"O Piau\u00ed vem se destacando constantemente no cen\u00e1rio nacional como um dos principais estados para a realiza\u00e7\u00e3o de investimentos no campo da gera\u00e7\u00e3o de energias sustent\u00e1veis. A presen\u00e7a de \u00e1reas com ventos fortes e o sol marcante caracter\u00edstico do Nordeste s\u00e3o pontos fundamentais para a escolha dessas regi\u00f5es como local de implanta\u00e7\u00e3o de sistemas geradores [&hellip;]\" \/>\n<meta property=\"og:url\" content=\"https:\/\/www.institutodeengenharia.org.br\/site\/2017\/12\/04\/piaui-recebe-investimento-de-r-1-bilhao-e-instala-maior-usina-de-energia-fotovoltaica-da-america-latina\/\" \/>\n<meta property=\"og:site_name\" content=\"Instituto de Engenharia\" \/>\n<meta property=\"article:publisher\" content=\"https:\/\/www.facebook.com\/institutodeengenharia\" \/>\n<meta property=\"article:published_time\" content=\"2017-12-04T14:10:56+00:00\" \/>\n<meta property=\"article:modified_time\" content=\"2017-12-04T15:06:42+00:00\" \/>\n<meta property=\"og:image\" content=\"https:\/\/www.institutodeengenharia.org.br\/site\/wp-content\/uploads\/2018\/02\/usina-blog-da-engenharia-1024x446.jpg\" \/>\n\t<meta property=\"og:image:width\" content=\"1024\" \/>\n\t<meta property=\"og:image:height\" content=\"446\" \/>\n\t<meta property=\"og:image:type\" content=\"image\/jpeg\" \/>\n<meta name=\"author\" content=\"TMax Tecnologia\" \/>\n<meta name=\"twitter:card\" content=\"summary_large_image\" \/>\n<meta name=\"twitter:creator\" content=\"@iengenharia\" \/>\n<meta name=\"twitter:site\" content=\"@iengenharia\" \/>\n<meta name=\"twitter:label1\" content=\"Escrito por\" \/>\n\t<meta name=\"twitter:data1\" content=\"TMax Tecnologia\" \/>\n\t<meta name=\"twitter:label2\" content=\"Est. tempo de leitura\" \/>\n\t<meta name=\"twitter:data2\" content=\"3 minutos\" \/>\n<script type=\"application\/ld+json\" class=\"yoast-schema-graph\">{\"@context\":\"https:\/\/schema.org\",\"@graph\":[{\"@type\":\"Article\",\"@id\":\"https:\/\/www.institutodeengenharia.org.br\/site\/2017\/12\/04\/piaui-recebe-investimento-de-r-1-bilhao-e-instala-maior-usina-de-energia-fotovoltaica-da-america-latina\/#article\",\"isPartOf\":{\"@id\":\"https:\/\/www.institutodeengenharia.org.br\/site\/2017\/12\/04\/piaui-recebe-investimento-de-r-1-bilhao-e-instala-maior-usina-de-energia-fotovoltaica-da-america-latina\/\"},\"author\":{\"name\":\"TMax Tecnologia\",\"@id\":\"https:\/\/www.institutodeengenharia.org.br\/site\/#\/schema\/person\/3b1ff109facef084739fc2edcb9a127f\"},\"headline\":\"Piau\u00ed recebe investimento de R$ 1 bilh\u00e3o e instala maior usina de energia fotovoltaica da Am\u00e9rica Latina\",\"datePublished\":\"2017-12-04T14:10:56+00:00\",\"dateModified\":\"2017-12-04T15:06:42+00:00\",\"mainEntityOfPage\":{\"@id\":\"https:\/\/www.institutodeengenharia.org.br\/site\/2017\/12\/04\/piaui-recebe-investimento-de-r-1-bilhao-e-instala-maior-usina-de-energia-fotovoltaica-da-america-latina\/\"},\"wordCount\":648,\"commentCount\":0,\"publisher\":{\"@id\":\"https:\/\/www.institutodeengenharia.org.br\/site\/#organization\"},\"image\":{\"@id\":\"https:\/\/www.institutodeengenharia.org.br\/site\/2017\/12\/04\/piaui-recebe-investimento-de-r-1-bilhao-e-instala-maior-usina-de-energia-fotovoltaica-da-america-latina\/#primaryimage\"},\"thumbnailUrl\":\"https:\/\/www.institutodeengenharia.org.br\/site\/wp-content\/uploads\/2018\/02\/usina-blog-da-engenharia-1024x446.jpg\",\"articleSection\":[\"Energia\",\"Not\u00edcias\"],\"inLanguage\":\"pt-BR\",\"potentialAction\":[{\"@type\":\"CommentAction\",\"name\":\"Comment\",\"target\":[\"https:\/\/www.institutodeengenharia.org.br\/site\/2017\/12\/04\/piaui-recebe-investimento-de-r-1-bilhao-e-instala-maior-usina-de-energia-fotovoltaica-da-america-latina\/#respond\"]}]},{\"@type\":\"WebPage\",\"@id\":\"https:\/\/www.institutodeengenharia.org.br\/site\/2017\/12\/04\/piaui-recebe-investimento-de-r-1-bilhao-e-instala-maior-usina-de-energia-fotovoltaica-da-america-latina\/\",\"url\":\"https:\/\/www.institutodeengenharia.org.br\/site\/2017\/12\/04\/piaui-recebe-investimento-de-r-1-bilhao-e-instala-maior-usina-de-energia-fotovoltaica-da-america-latina\/\",\"name\":\"Piau\u00ed recebe investimento de R$ 1 bilh\u00e3o e instala maior usina de energia fotovoltaica da Am\u00e9rica Latina - Instituto de Engenharia\",\"isPartOf\":{\"@id\":\"https:\/\/www.institutodeengenharia.org.br\/site\/#website\"},\"primaryImageOfPage\":{\"@id\":\"https:\/\/www.institutodeengenharia.org.br\/site\/2017\/12\/04\/piaui-recebe-investimento-de-r-1-bilhao-e-instala-maior-usina-de-energia-fotovoltaica-da-america-latina\/#primaryimage\"},\"image\":{\"@id\":\"https:\/\/www.institutodeengenharia.org.br\/site\/2017\/12\/04\/piaui-recebe-investimento-de-r-1-bilhao-e-instala-maior-usina-de-energia-fotovoltaica-da-america-latina\/#primaryimage\"},\"thumbnailUrl\":\"https:\/\/www.institutodeengenharia.org.br\/site\/wp-content\/uploads\/2018\/02\/usina-blog-da-engenharia-1024x446.jpg\",\"datePublished\":\"2017-12-04T14:10:56+00:00\",\"dateModified\":\"2017-12-04T15:06:42+00:00\",\"breadcrumb\":{\"@id\":\"https:\/\/www.institutodeengenharia.org.br\/site\/2017\/12\/04\/piaui-recebe-investimento-de-r-1-bilhao-e-instala-maior-usina-de-energia-fotovoltaica-da-america-latina\/#breadcrumb\"},\"inLanguage\":\"pt-BR\",\"potentialAction\":[{\"@type\":\"ReadAction\",\"target\":[\"https:\/\/www.institutodeengenharia.org.br\/site\/2017\/12\/04\/piaui-recebe-investimento-de-r-1-bilhao-e-instala-maior-usina-de-energia-fotovoltaica-da-america-latina\/\"]}]},{\"@type\":\"ImageObject\",\"inLanguage\":\"pt-BR\",\"@id\":\"https:\/\/www.institutodeengenharia.org.br\/site\/2017\/12\/04\/piaui-recebe-investimento-de-r-1-bilhao-e-instala-maior-usina-de-energia-fotovoltaica-da-america-latina\/#primaryimage\",\"url\":\"https:\/\/www.institutodeengenharia.org.br\/site\/wp-content\/uploads\/2018\/02\/usina-blog-da-engenharia-1024x446.jpg\",\"contentUrl\":\"https:\/\/www.institutodeengenharia.org.br\/site\/wp-content\/uploads\/2018\/02\/usina-blog-da-engenharia-1024x446.jpg\",\"width\":1024,\"height\":446},{\"@type\":\"BreadcrumbList\",\"@id\":\"https:\/\/www.institutodeengenharia.org.br\/site\/2017\/12\/04\/piaui-recebe-investimento-de-r-1-bilhao-e-instala-maior-usina-de-energia-fotovoltaica-da-america-latina\/#breadcrumb\",\"itemListElement\":[{\"@type\":\"ListItem\",\"position\":1,\"name\":\"In\u00edcio\",\"item\":\"https:\/\/www.institutodeengenharia.org.br\/site\/\"},{\"@type\":\"ListItem\",\"position\":2,\"name\":\"Piau\u00ed recebe investimento de R$ 1 bilh\u00e3o e instala maior usina de energia fotovoltaica da Am\u00e9rica Latina\"}]},{\"@type\":\"WebSite\",\"@id\":\"https:\/\/www.institutodeengenharia.org.br\/site\/#website\",\"url\":\"https:\/\/www.institutodeengenharia.org.br\/site\/\",\"name\":\"Instituto de Engenharia\",\"description\":\"O Instituto de Engenharia promove a Engenharia em benef\u00edcio do desenvolvimento e da qualidade de vida da sociedade.\",\"publisher\":{\"@id\":\"https:\/\/www.institutodeengenharia.org.br\/site\/#organization\"},\"potentialAction\":[{\"@type\":\"SearchAction\",\"target\":{\"@type\":\"EntryPoint\",\"urlTemplate\":\"https:\/\/www.institutodeengenharia.org.br\/site\/?s={search_term_string}\"},\"query-input\":{\"@type\":\"PropertyValueSpecification\",\"valueRequired\":true,\"valueName\":\"search_term_string\"}}],\"inLanguage\":\"pt-BR\"},{\"@type\":\"Organization\",\"@id\":\"https:\/\/www.institutodeengenharia.org.br\/site\/#organization\",\"name\":\"Instituto de Engenharia\",\"url\":\"https:\/\/www.institutodeengenharia.org.br\/site\/\",\"logo\":{\"@type\":\"ImageObject\",\"inLanguage\":\"pt-BR\",\"@id\":\"https:\/\/www.institutodeengenharia.org.br\/site\/#\/schema\/logo\/image\/\",\"url\":\"https:\/\/www.institutodeengenharia.org.br\/site\/wp-content\/uploads\/2019\/03\/logo-novo-IE2018-1.jpg\",\"contentUrl\":\"https:\/\/www.institutodeengenharia.org.br\/site\/wp-content\/uploads\/2019\/03\/logo-novo-IE2018-1.jpg\",\"width\":1486,\"height\":1879,\"caption\":\"Instituto de Engenharia\"},\"image\":{\"@id\":\"https:\/\/www.institutodeengenharia.org.br\/site\/#\/schema\/logo\/image\/\"},\"sameAs\":[\"https:\/\/www.facebook.com\/institutodeengenharia\",\"https:\/\/x.com\/iengenharia\",\"https:\/\/www.instagram.com\/institutodeengenharia\/\",\"https:\/\/www.linkedin.com\/company\/instituto-de-engenharia\/\",\"https:\/\/www.youtube.com\/channel\/UCXiCAlsSMe977vamW915HxA\"]},{\"@type\":\"Person\",\"@id\":\"https:\/\/www.institutodeengenharia.org.br\/site\/#\/schema\/person\/3b1ff109facef084739fc2edcb9a127f\",\"name\":\"TMax Tecnologia\",\"image\":{\"@type\":\"ImageObject\",\"inLanguage\":\"pt-BR\",\"@id\":\"https:\/\/secure.gravatar.com\/avatar\/f912434ef7f389c92cb311fcdae346af848465d638912574b3c669070f797701?s=96&d=mm&r=g\",\"url\":\"https:\/\/secure.gravatar.com\/avatar\/f912434ef7f389c92cb311fcdae346af848465d638912574b3c669070f797701?s=96&d=mm&r=g\",\"contentUrl\":\"https:\/\/secure.gravatar.com\/avatar\/f912434ef7f389c92cb311fcdae346af848465d638912574b3c669070f797701?s=96&d=mm&r=g\",\"caption\":\"TMax Tecnologia\"},\"url\":\"https:\/\/www.institutodeengenharia.org.br\/site\/author\/tmax\/\"}]}<\/script>\n<!-- \/ Yoast SEO plugin. -->","yoast_head_json":{"title":"Piau\u00ed recebe investimento de R$ 1 bilh\u00e3o e instala maior usina de energia fotovoltaica da Am\u00e9rica Latina - Instituto de Engenharia","robots":{"index":"index","follow":"follow","max-snippet":"max-snippet:-1","max-image-preview":"max-image-preview:large","max-video-preview":"max-video-preview:-1"},"canonical":"https:\/\/www.institutodeengenharia.org.br\/site\/2017\/12\/04\/piaui-recebe-investimento-de-r-1-bilhao-e-instala-maior-usina-de-energia-fotovoltaica-da-america-latina\/","og_locale":"pt_BR","og_type":"article","og_title":"Piau\u00ed recebe investimento de R$ 1 bilh\u00e3o e instala maior usina de energia fotovoltaica da Am\u00e9rica Latina - Instituto de Engenharia","og_description":"O Piau\u00ed vem se destacando constantemente no cen\u00e1rio nacional como um dos principais estados para a realiza\u00e7\u00e3o de investimentos no campo da gera\u00e7\u00e3o de energias sustent\u00e1veis. A presen\u00e7a de \u00e1reas com ventos fortes e o sol marcante caracter\u00edstico do Nordeste s\u00e3o pontos fundamentais para a escolha dessas regi\u00f5es como local de implanta\u00e7\u00e3o de sistemas geradores [&hellip;]","og_url":"https:\/\/www.institutodeengenharia.org.br\/site\/2017\/12\/04\/piaui-recebe-investimento-de-r-1-bilhao-e-instala-maior-usina-de-energia-fotovoltaica-da-america-latina\/","og_site_name":"Instituto de Engenharia","article_publisher":"https:\/\/www.facebook.com\/institutodeengenharia","article_published_time":"2017-12-04T14:10:56+00:00","article_modified_time":"2017-12-04T15:06:42+00:00","og_image":[{"width":1024,"height":446,"url":"https:\/\/www.institutodeengenharia.org.br\/site\/wp-content\/uploads\/2018\/02\/usina-blog-da-engenharia-1024x446.jpg","type":"image\/jpeg"}],"author":"TMax Tecnologia","twitter_card":"summary_large_image","twitter_creator":"@iengenharia","twitter_site":"@iengenharia","twitter_misc":{"Escrito por":"TMax Tecnologia","Est. tempo de leitura":"3 minutos"},"schema":{"@context":"https:\/\/schema.org","@graph":[{"@type":"Article","@id":"https:\/\/www.institutodeengenharia.org.br\/site\/2017\/12\/04\/piaui-recebe-investimento-de-r-1-bilhao-e-instala-maior-usina-de-energia-fotovoltaica-da-america-latina\/#article","isPartOf":{"@id":"https:\/\/www.institutodeengenharia.org.br\/site\/2017\/12\/04\/piaui-recebe-investimento-de-r-1-bilhao-e-instala-maior-usina-de-energia-fotovoltaica-da-america-latina\/"},"author":{"name":"TMax Tecnologia","@id":"https:\/\/www.institutodeengenharia.org.br\/site\/#\/schema\/person\/3b1ff109facef084739fc2edcb9a127f"},"headline":"Piau\u00ed recebe investimento de R$ 1 bilh\u00e3o e instala maior usina de energia fotovoltaica da Am\u00e9rica Latina","datePublished":"2017-12-04T14:10:56+00:00","dateModified":"2017-12-04T15:06:42+00:00","mainEntityOfPage":{"@id":"https:\/\/www.institutodeengenharia.org.br\/site\/2017\/12\/04\/piaui-recebe-investimento-de-r-1-bilhao-e-instala-maior-usina-de-energia-fotovoltaica-da-america-latina\/"},"wordCount":648,"commentCount":0,"publisher":{"@id":"https:\/\/www.institutodeengenharia.org.br\/site\/#organization"},"image":{"@id":"https:\/\/www.institutodeengenharia.org.br\/site\/2017\/12\/04\/piaui-recebe-investimento-de-r-1-bilhao-e-instala-maior-usina-de-energia-fotovoltaica-da-america-latina\/#primaryimage"},"thumbnailUrl":"https:\/\/www.institutodeengenharia.org.br\/site\/wp-content\/uploads\/2018\/02\/usina-blog-da-engenharia-1024x446.jpg","articleSection":["Energia","Not\u00edcias"],"inLanguage":"pt-BR","potentialAction":[{"@type":"CommentAction","name":"Comment","target":["https:\/\/www.institutodeengenharia.org.br\/site\/2017\/12\/04\/piaui-recebe-investimento-de-r-1-bilhao-e-instala-maior-usina-de-energia-fotovoltaica-da-america-latina\/#respond"]}]},{"@type":"WebPage","@id":"https:\/\/www.institutodeengenharia.org.br\/site\/2017\/12\/04\/piaui-recebe-investimento-de-r-1-bilhao-e-instala-maior-usina-de-energia-fotovoltaica-da-america-latina\/","url":"https:\/\/www.institutodeengenharia.org.br\/site\/2017\/12\/04\/piaui-recebe-investimento-de-r-1-bilhao-e-instala-maior-usina-de-energia-fotovoltaica-da-america-latina\/","name":"Piau\u00ed recebe investimento de R$ 1 bilh\u00e3o e instala maior usina de energia fotovoltaica da Am\u00e9rica Latina - Instituto de Engenharia","isPartOf":{"@id":"https:\/\/www.institutodeengenharia.org.br\/site\/#website"},"primaryImageOfPage":{"@id":"https:\/\/www.institutodeengenharia.org.br\/site\/2017\/12\/04\/piaui-recebe-investimento-de-r-1-bilhao-e-instala-maior-usina-de-energia-fotovoltaica-da-america-latina\/#primaryimage"},"image":{"@id":"https:\/\/www.institutodeengenharia.org.br\/site\/2017\/12\/04\/piaui-recebe-investimento-de-r-1-bilhao-e-instala-maior-usina-de-energia-fotovoltaica-da-america-latina\/#primaryimage"},"thumbnailUrl":"https:\/\/www.institutodeengenharia.org.br\/site\/wp-content\/uploads\/2018\/02\/usina-blog-da-engenharia-1024x446.jpg","datePublished":"2017-12-04T14:10:56+00:00","dateModified":"2017-12-04T15:06:42+00:00","breadcrumb":{"@id":"https:\/\/www.institutodeengenharia.org.br\/site\/2017\/12\/04\/piaui-recebe-investimento-de-r-1-bilhao-e-instala-maior-usina-de-energia-fotovoltaica-da-america-latina\/#breadcrumb"},"inLanguage":"pt-BR","potentialAction":[{"@type":"ReadAction","target":["https:\/\/www.institutodeengenharia.org.br\/site\/2017\/12\/04\/piaui-recebe-investimento-de-r-1-bilhao-e-instala-maior-usina-de-energia-fotovoltaica-da-america-latina\/"]}]},{"@type":"ImageObject","inLanguage":"pt-BR","@id":"https:\/\/www.institutodeengenharia.org.br\/site\/2017\/12\/04\/piaui-recebe-investimento-de-r-1-bilhao-e-instala-maior-usina-de-energia-fotovoltaica-da-america-latina\/#primaryimage","url":"https:\/\/www.institutodeengenharia.org.br\/site\/wp-content\/uploads\/2018\/02\/usina-blog-da-engenharia-1024x446.jpg","contentUrl":"https:\/\/www.institutodeengenharia.org.br\/site\/wp-content\/uploads\/2018\/02\/usina-blog-da-engenharia-1024x446.jpg","width":1024,"height":446},{"@type":"BreadcrumbList","@id":"https:\/\/www.institutodeengenharia.org.br\/site\/2017\/12\/04\/piaui-recebe-investimento-de-r-1-bilhao-e-instala-maior-usina-de-energia-fotovoltaica-da-america-latina\/#breadcrumb","itemListElement":[{"@type":"ListItem","position":1,"name":"In\u00edcio","item":"https:\/\/www.institutodeengenharia.org.br\/site\/"},{"@type":"ListItem","position":2,"name":"Piau\u00ed recebe investimento de R$ 1 bilh\u00e3o e instala maior usina de energia fotovoltaica da Am\u00e9rica Latina"}]},{"@type":"WebSite","@id":"https:\/\/www.institutodeengenharia.org.br\/site\/#website","url":"https:\/\/www.institutodeengenharia.org.br\/site\/","name":"Instituto de Engenharia","description":"O Instituto de Engenharia promove a Engenharia em benef\u00edcio do desenvolvimento e da qualidade de vida da sociedade.","publisher":{"@id":"https:\/\/www.institutodeengenharia.org.br\/site\/#organization"},"potentialAction":[{"@type":"SearchAction","target":{"@type":"EntryPoint","urlTemplate":"https:\/\/www.institutodeengenharia.org.br\/site\/?s={search_term_string}"},"query-input":{"@type":"PropertyValueSpecification","valueRequired":true,"valueName":"search_term_string"}}],"inLanguage":"pt-BR"},{"@type":"Organization","@id":"https:\/\/www.institutodeengenharia.org.br\/site\/#organization","name":"Instituto de Engenharia","url":"https:\/\/www.institutodeengenharia.org.br\/site\/","logo":{"@type":"ImageObject","inLanguage":"pt-BR","@id":"https:\/\/www.institutodeengenharia.org.br\/site\/#\/schema\/logo\/image\/","url":"https:\/\/www.institutodeengenharia.org.br\/site\/wp-content\/uploads\/2019\/03\/logo-novo-IE2018-1.jpg","contentUrl":"https:\/\/www.institutodeengenharia.org.br\/site\/wp-content\/uploads\/2019\/03\/logo-novo-IE2018-1.jpg","width":1486,"height":1879,"caption":"Instituto de Engenharia"},"image":{"@id":"https:\/\/www.institutodeengenharia.org.br\/site\/#\/schema\/logo\/image\/"},"sameAs":["https:\/\/www.facebook.com\/institutodeengenharia","https:\/\/x.com\/iengenharia","https:\/\/www.instagram.com\/institutodeengenharia\/","https:\/\/www.linkedin.com\/company\/instituto-de-engenharia\/","https:\/\/www.youtube.com\/channel\/UCXiCAlsSMe977vamW915HxA"]},{"@type":"Person","@id":"https:\/\/www.institutodeengenharia.org.br\/site\/#\/schema\/person\/3b1ff109facef084739fc2edcb9a127f","name":"TMax Tecnologia","image":{"@type":"ImageObject","inLanguage":"pt-BR","@id":"https:\/\/secure.gravatar.com\/avatar\/f912434ef7f389c92cb311fcdae346af848465d638912574b3c669070f797701?s=96&d=mm&r=g","url":"https:\/\/secure.gravatar.com\/avatar\/f912434ef7f389c92cb311fcdae346af848465d638912574b3c669070f797701?s=96&d=mm&r=g","contentUrl":"https:\/\/secure.gravatar.com\/avatar\/f912434ef7f389c92cb311fcdae346af848465d638912574b3c669070f797701?s=96&d=mm&r=g","caption":"TMax Tecnologia"},"url":"https:\/\/www.institutodeengenharia.org.br\/site\/author\/tmax\/"}]}},"_links":{"self":[{"href":"https:\/\/www.institutodeengenharia.org.br\/site\/wp-json\/wp\/v2\/posts\/28861","targetHints":{"allow":["GET"]}}],"collection":[{"href":"https:\/\/www.institutodeengenharia.org.br\/site\/wp-json\/wp\/v2\/posts"}],"about":[{"href":"https:\/\/www.institutodeengenharia.org.br\/site\/wp-json\/wp\/v2\/types\/post"}],"author":[{"embeddable":true,"href":"https:\/\/www.institutodeengenharia.org.br\/site\/wp-json\/wp\/v2\/users\/1"}],"replies":[{"embeddable":true,"href":"https:\/\/www.institutodeengenharia.org.br\/site\/wp-json\/wp\/v2\/comments?post=28861"}],"version-history":[{"count":0,"href":"https:\/\/www.institutodeengenharia.org.br\/site\/wp-json\/wp\/v2\/posts\/28861\/revisions"}],"wp:featuredmedia":[{"embeddable":true,"href":"https:\/\/www.institutodeengenharia.org.br\/site\/wp-json\/wp\/v2\/media\/28862"}],"wp:attachment":[{"href":"https:\/\/www.institutodeengenharia.org.br\/site\/wp-json\/wp\/v2\/media?parent=28861"}],"wp:term":[{"taxonomy":"category","embeddable":true,"href":"https:\/\/www.institutodeengenharia.org.br\/site\/wp-json\/wp\/v2\/categories?post=28861"},{"taxonomy":"post_tag","embeddable":true,"href":"https:\/\/www.institutodeengenharia.org.br\/site\/wp-json\/wp\/v2\/tags?post=28861"}],"curies":[{"name":"wp","href":"https:\/\/api.w.org\/{rel}","templated":true}]}}