{"id":28848,"date":"2017-11-30T14:10:48","date_gmt":"2017-11-30T14:10:48","guid":{"rendered":"https:\/\/www.institutodeengenharia.org.br\/?p=28848"},"modified":"2017-11-30T16:21:35","modified_gmt":"2017-11-30T16:21:35","slug":"bmw-propoe-modelo-de-ciclovia-eletrica-e-elevada-para-reduzir-transito","status":"publish","type":"post","link":"https:\/\/www.institutodeengenharia.org.br\/site\/2017\/11\/30\/bmw-propoe-modelo-de-ciclovia-eletrica-e-elevada-para-reduzir-transito\/","title":{"rendered":"BMW prop\u00f5e modelo de ciclovia el\u00e9trica e elevada para reduzir tr\u00e2nsito"},"content":{"rendered":"<p>\nFoto: BMW\/Divulga\u00e7\u00e3o<\/p>\n<p>Empresas de autom\u00f3veis incentivando o uso de bicicletas n\u00e3o \u00e9 algo comum, mas a BMW n\u00e3o parece se importar com o convencional. Exemplo disso \u00e9 que, em colabora\u00e7\u00e3o com a Universidade de Tongji e um escrit\u00f3rio de tecnologia de Xangai, ambos na China, a montadora desenvolveu um interessante projeto onde bicicletas el\u00e9tricas e scooters teriam sua pr\u00f3pria estrada elevada.<\/p>\n<p>Ciclovias elevadas n\u00e3o s\u00e3o exatamente novidade, tanto que em fevereiro foi inaugurada a maior via \u00e1rea exclusiva para bikes na China. Mas a inova\u00e7\u00e3o da BMW pode estar nos detalhes do projeto, que incluem cobertura de pain\u00e9is solares, controle de clima e tecnologia de coleta de \u00e1guas pluviais.<\/p>\n<p>Batizado de \u201cBMW Vision E\u00b3 Way\u201d, a ideia segue as premissas: elevado, el\u00e9trico e eficiente. E foi projetado para enfrentar os desafios de transporte nas \u201caglomera\u00e7\u00f5es urbanas\u201d das megacidades do futuro.<\/p>\n<p><img loading=\"lazy\" decoding=\"async\" src=\"http:\/\/cdn.ciclovivo.com.br\/wp-content\/uploads\/2017\/11\/BMW-Vision-ciclovivo1.jpg\" width=\"620\" height=\"324\" alt=\"\" \/><\/p>\n<p>\u201c[A tecnologia] Trabalha simplesmente criando espa\u00e7o para o tr\u00e1fego zero emiss\u00f5es das duas rodas. Na China, mais de um bilh\u00e3o de pessoas viver\u00e3o nas cidades at\u00e9 2050. O pa\u00eds se tornar\u00e1 a incubadora mundial de in\u00fameras inova\u00e7\u00f5es de mobilidade, afinal, existe uma necessidade urgente de a\u00e7\u00e3o\u201d, afirma Markus Seidel, chefe da BMW Technology Office China.<\/p>\n<p>O projeto defende que o modelo de ciclovia reduziria o congestionamento, as emiss\u00f5es poluentes, o tempo de viagem entre os deslocamentos e o risco de acidentes. A iniciativa ainda inclui sistemas automatizados de vigil\u00e2ncia de v\u00eddeo e intelig\u00eancia artificial, al\u00e9m de design modular e que pode ser aplicado em qualquer megacidade.<\/p>\n<p><b>Autor: Ciclo Vivo<\/b><\/p>\n","protected":false},"excerpt":{"rendered":"<p>Montadora quer criar alternativa para a proibi\u00e7\u00e3o de ve\u00edculos nos centros das cidades<\/p>\n","protected":false},"author":1,"featured_media":28849,"comment_status":"open","ping_status":"open","sticky":false,"template":"","format":"standard","meta":{"footnotes":""},"categories":[9,6],"tags":[],"class_list":{"0":"post-28848","1":"post","2":"type-post","3":"status-publish","4":"format-standard","5":"has-post-thumbnail","7":"category-centenario","8":"category-noticias"},"yoast_head":"<!-- This site is optimized with the Yoast SEO plugin v27.2 - https:\/\/yoast.com\/product\/yoast-seo-wordpress\/ -->\n<title>BMW prop\u00f5e modelo de ciclovia el\u00e9trica e elevada para reduzir tr\u00e2nsito - Instituto de Engenharia<\/title>\n<meta name=\"robots\" content=\"index, follow, max-snippet:-1, max-image-preview:large, max-video-preview:-1\" \/>\n<link rel=\"canonical\" href=\"https:\/\/www.institutodeengenharia.org.br\/site\/2017\/11\/30\/bmw-propoe-modelo-de-ciclovia-eletrica-e-elevada-para-reduzir-transito\/\" \/>\n<meta property=\"og:locale\" content=\"pt_BR\" \/>\n<meta property=\"og:type\" content=\"article\" \/>\n<meta property=\"og:title\" content=\"BMW prop\u00f5e modelo de ciclovia el\u00e9trica e elevada para reduzir tr\u00e2nsito - Instituto de Engenharia\" \/>\n<meta property=\"og:description\" content=\"Montadora quer criar alternativa para a proibi\u00e7\u00e3o de ve\u00edculos nos centros das cidades\" \/>\n<meta property=\"og:url\" content=\"https:\/\/www.institutodeengenharia.org.br\/site\/2017\/11\/30\/bmw-propoe-modelo-de-ciclovia-eletrica-e-elevada-para-reduzir-transito\/\" \/>\n<meta property=\"og:site_name\" content=\"Instituto de Engenharia\" \/>\n<meta property=\"article:publisher\" content=\"https:\/\/www.facebook.com\/institutodeengenharia\" \/>\n<meta property=\"article:published_time\" content=\"2017-11-30T14:10:48+00:00\" \/>\n<meta property=\"article:modified_time\" content=\"2017-11-30T16:21:35+00:00\" \/>\n<meta property=\"og:image\" content=\"https:\/\/www.institutodeengenharia.org.br\/site\/wp-content\/uploads\/2018\/02\/BMW-Vision-ciclovivo.jpg\" \/>\n\t<meta property=\"og:image:width\" content=\"2067\" \/>\n\t<meta property=\"og:image:height\" content=\"1080\" \/>\n\t<meta property=\"og:image:type\" content=\"image\/jpeg\" \/>\n<meta name=\"author\" content=\"TMax Tecnologia\" \/>\n<meta name=\"twitter:card\" content=\"summary_large_image\" \/>\n<meta name=\"twitter:creator\" content=\"@iengenharia\" \/>\n<meta name=\"twitter:site\" content=\"@iengenharia\" \/>\n<meta name=\"twitter:label1\" content=\"Escrito por\" \/>\n\t<meta name=\"twitter:data1\" content=\"TMax Tecnologia\" \/>\n\t<meta name=\"twitter:label2\" content=\"Est. tempo de leitura\" \/>\n\t<meta name=\"twitter:data2\" content=\"1 minuto\" \/>\n<script type=\"application\/ld+json\" class=\"yoast-schema-graph\">{\"@context\":\"https:\/\/schema.org\",\"@graph\":[{\"@type\":\"Article\",\"@id\":\"https:\/\/www.institutodeengenharia.org.br\/site\/2017\/11\/30\/bmw-propoe-modelo-de-ciclovia-eletrica-e-elevada-para-reduzir-transito\/#article\",\"isPartOf\":{\"@id\":\"https:\/\/www.institutodeengenharia.org.br\/site\/2017\/11\/30\/bmw-propoe-modelo-de-ciclovia-eletrica-e-elevada-para-reduzir-transito\/\"},\"author\":{\"name\":\"TMax Tecnologia\",\"@id\":\"https:\/\/www.institutodeengenharia.org.br\/site\/#\/schema\/person\/3b1ff109facef084739fc2edcb9a127f\"},\"headline\":\"BMW prop\u00f5e modelo de ciclovia el\u00e9trica e elevada para reduzir tr\u00e2nsito\",\"datePublished\":\"2017-11-30T14:10:48+00:00\",\"dateModified\":\"2017-11-30T16:21:35+00:00\",\"mainEntityOfPage\":{\"@id\":\"https:\/\/www.institutodeengenharia.org.br\/site\/2017\/11\/30\/bmw-propoe-modelo-de-ciclovia-eletrica-e-elevada-para-reduzir-transito\/\"},\"wordCount\":289,\"commentCount\":0,\"publisher\":{\"@id\":\"https:\/\/www.institutodeengenharia.org.br\/site\/#organization\"},\"image\":{\"@id\":\"https:\/\/www.institutodeengenharia.org.br\/site\/2017\/11\/30\/bmw-propoe-modelo-de-ciclovia-eletrica-e-elevada-para-reduzir-transito\/#primaryimage\"},\"thumbnailUrl\":\"https:\/\/www.institutodeengenharia.org.br\/site\/wp-content\/uploads\/2018\/02\/BMW-Vision-ciclovivo.jpg\",\"articleSection\":[\"Centen\u00e1rio\",\"Not\u00edcias\"],\"inLanguage\":\"pt-BR\",\"potentialAction\":[{\"@type\":\"CommentAction\",\"name\":\"Comment\",\"target\":[\"https:\/\/www.institutodeengenharia.org.br\/site\/2017\/11\/30\/bmw-propoe-modelo-de-ciclovia-eletrica-e-elevada-para-reduzir-transito\/#respond\"]}]},{\"@type\":\"WebPage\",\"@id\":\"https:\/\/www.institutodeengenharia.org.br\/site\/2017\/11\/30\/bmw-propoe-modelo-de-ciclovia-eletrica-e-elevada-para-reduzir-transito\/\",\"url\":\"https:\/\/www.institutodeengenharia.org.br\/site\/2017\/11\/30\/bmw-propoe-modelo-de-ciclovia-eletrica-e-elevada-para-reduzir-transito\/\",\"name\":\"BMW prop\u00f5e modelo de ciclovia el\u00e9trica e elevada para reduzir tr\u00e2nsito - Instituto de Engenharia\",\"isPartOf\":{\"@id\":\"https:\/\/www.institutodeengenharia.org.br\/site\/#website\"},\"primaryImageOfPage\":{\"@id\":\"https:\/\/www.institutodeengenharia.org.br\/site\/2017\/11\/30\/bmw-propoe-modelo-de-ciclovia-eletrica-e-elevada-para-reduzir-transito\/#primaryimage\"},\"image\":{\"@id\":\"https:\/\/www.institutodeengenharia.org.br\/site\/2017\/11\/30\/bmw-propoe-modelo-de-ciclovia-eletrica-e-elevada-para-reduzir-transito\/#primaryimage\"},\"thumbnailUrl\":\"https:\/\/www.institutodeengenharia.org.br\/site\/wp-content\/uploads\/2018\/02\/BMW-Vision-ciclovivo.jpg\",\"datePublished\":\"2017-11-30T14:10:48+00:00\",\"dateModified\":\"2017-11-30T16:21:35+00:00\",\"breadcrumb\":{\"@id\":\"https:\/\/www.institutodeengenharia.org.br\/site\/2017\/11\/30\/bmw-propoe-modelo-de-ciclovia-eletrica-e-elevada-para-reduzir-transito\/#breadcrumb\"},\"inLanguage\":\"pt-BR\",\"potentialAction\":[{\"@type\":\"ReadAction\",\"target\":[\"https:\/\/www.institutodeengenharia.org.br\/site\/2017\/11\/30\/bmw-propoe-modelo-de-ciclovia-eletrica-e-elevada-para-reduzir-transito\/\"]}]},{\"@type\":\"ImageObject\",\"inLanguage\":\"pt-BR\",\"@id\":\"https:\/\/www.institutodeengenharia.org.br\/site\/2017\/11\/30\/bmw-propoe-modelo-de-ciclovia-eletrica-e-elevada-para-reduzir-transito\/#primaryimage\",\"url\":\"https:\/\/www.institutodeengenharia.org.br\/site\/wp-content\/uploads\/2018\/02\/BMW-Vision-ciclovivo.jpg\",\"contentUrl\":\"https:\/\/www.institutodeengenharia.org.br\/site\/wp-content\/uploads\/2018\/02\/BMW-Vision-ciclovivo.jpg\",\"width\":2067,\"height\":1080},{\"@type\":\"BreadcrumbList\",\"@id\":\"https:\/\/www.institutodeengenharia.org.br\/site\/2017\/11\/30\/bmw-propoe-modelo-de-ciclovia-eletrica-e-elevada-para-reduzir-transito\/#breadcrumb\",\"itemListElement\":[{\"@type\":\"ListItem\",\"position\":1,\"name\":\"In\u00edcio\",\"item\":\"https:\/\/www.institutodeengenharia.org.br\/site\/\"},{\"@type\":\"ListItem\",\"position\":2,\"name\":\"BMW prop\u00f5e modelo de ciclovia el\u00e9trica e elevada para reduzir tr\u00e2nsito\"}]},{\"@type\":\"WebSite\",\"@id\":\"https:\/\/www.institutodeengenharia.org.br\/site\/#website\",\"url\":\"https:\/\/www.institutodeengenharia.org.br\/site\/\",\"name\":\"Instituto de Engenharia\",\"description\":\"O Instituto de Engenharia promove a Engenharia em benef\u00edcio do desenvolvimento e da qualidade de vida da sociedade.\",\"publisher\":{\"@id\":\"https:\/\/www.institutodeengenharia.org.br\/site\/#organization\"},\"potentialAction\":[{\"@type\":\"SearchAction\",\"target\":{\"@type\":\"EntryPoint\",\"urlTemplate\":\"https:\/\/www.institutodeengenharia.org.br\/site\/?s={search_term_string}\"},\"query-input\":{\"@type\":\"PropertyValueSpecification\",\"valueRequired\":true,\"valueName\":\"search_term_string\"}}],\"inLanguage\":\"pt-BR\"},{\"@type\":\"Organization\",\"@id\":\"https:\/\/www.institutodeengenharia.org.br\/site\/#organization\",\"name\":\"Instituto de Engenharia\",\"url\":\"https:\/\/www.institutodeengenharia.org.br\/site\/\",\"logo\":{\"@type\":\"ImageObject\",\"inLanguage\":\"pt-BR\",\"@id\":\"https:\/\/www.institutodeengenharia.org.br\/site\/#\/schema\/logo\/image\/\",\"url\":\"https:\/\/www.institutodeengenharia.org.br\/site\/wp-content\/uploads\/2019\/03\/logo-novo-IE2018-1.jpg\",\"contentUrl\":\"https:\/\/www.institutodeengenharia.org.br\/site\/wp-content\/uploads\/2019\/03\/logo-novo-IE2018-1.jpg\",\"width\":1486,\"height\":1879,\"caption\":\"Instituto de Engenharia\"},\"image\":{\"@id\":\"https:\/\/www.institutodeengenharia.org.br\/site\/#\/schema\/logo\/image\/\"},\"sameAs\":[\"https:\/\/www.facebook.com\/institutodeengenharia\",\"https:\/\/x.com\/iengenharia\",\"https:\/\/www.instagram.com\/institutodeengenharia\/\",\"https:\/\/www.linkedin.com\/company\/instituto-de-engenharia\/\",\"https:\/\/www.youtube.com\/channel\/UCXiCAlsSMe977vamW915HxA\"]},{\"@type\":\"Person\",\"@id\":\"https:\/\/www.institutodeengenharia.org.br\/site\/#\/schema\/person\/3b1ff109facef084739fc2edcb9a127f\",\"name\":\"TMax Tecnologia\",\"image\":{\"@type\":\"ImageObject\",\"inLanguage\":\"pt-BR\",\"@id\":\"https:\/\/secure.gravatar.com\/avatar\/f912434ef7f389c92cb311fcdae346af848465d638912574b3c669070f797701?s=96&d=mm&r=g\",\"url\":\"https:\/\/secure.gravatar.com\/avatar\/f912434ef7f389c92cb311fcdae346af848465d638912574b3c669070f797701?s=96&d=mm&r=g\",\"contentUrl\":\"https:\/\/secure.gravatar.com\/avatar\/f912434ef7f389c92cb311fcdae346af848465d638912574b3c669070f797701?s=96&d=mm&r=g\",\"caption\":\"TMax Tecnologia\"},\"url\":\"https:\/\/www.institutodeengenharia.org.br\/site\/author\/tmax\/\"}]}<\/script>\n<!-- \/ Yoast SEO plugin. -->","yoast_head_json":{"title":"BMW prop\u00f5e modelo de ciclovia el\u00e9trica e elevada para reduzir tr\u00e2nsito - Instituto de Engenharia","robots":{"index":"index","follow":"follow","max-snippet":"max-snippet:-1","max-image-preview":"max-image-preview:large","max-video-preview":"max-video-preview:-1"},"canonical":"https:\/\/www.institutodeengenharia.org.br\/site\/2017\/11\/30\/bmw-propoe-modelo-de-ciclovia-eletrica-e-elevada-para-reduzir-transito\/","og_locale":"pt_BR","og_type":"article","og_title":"BMW prop\u00f5e modelo de ciclovia el\u00e9trica e elevada para reduzir tr\u00e2nsito - Instituto de Engenharia","og_description":"Montadora quer criar alternativa para a proibi\u00e7\u00e3o de ve\u00edculos nos centros das cidades","og_url":"https:\/\/www.institutodeengenharia.org.br\/site\/2017\/11\/30\/bmw-propoe-modelo-de-ciclovia-eletrica-e-elevada-para-reduzir-transito\/","og_site_name":"Instituto de Engenharia","article_publisher":"https:\/\/www.facebook.com\/institutodeengenharia","article_published_time":"2017-11-30T14:10:48+00:00","article_modified_time":"2017-11-30T16:21:35+00:00","og_image":[{"width":2067,"height":1080,"url":"https:\/\/www.institutodeengenharia.org.br\/site\/wp-content\/uploads\/2018\/02\/BMW-Vision-ciclovivo.jpg","type":"image\/jpeg"}],"author":"TMax Tecnologia","twitter_card":"summary_large_image","twitter_creator":"@iengenharia","twitter_site":"@iengenharia","twitter_misc":{"Escrito por":"TMax Tecnologia","Est. tempo de leitura":"1 minuto"},"schema":{"@context":"https:\/\/schema.org","@graph":[{"@type":"Article","@id":"https:\/\/www.institutodeengenharia.org.br\/site\/2017\/11\/30\/bmw-propoe-modelo-de-ciclovia-eletrica-e-elevada-para-reduzir-transito\/#article","isPartOf":{"@id":"https:\/\/www.institutodeengenharia.org.br\/site\/2017\/11\/30\/bmw-propoe-modelo-de-ciclovia-eletrica-e-elevada-para-reduzir-transito\/"},"author":{"name":"TMax Tecnologia","@id":"https:\/\/www.institutodeengenharia.org.br\/site\/#\/schema\/person\/3b1ff109facef084739fc2edcb9a127f"},"headline":"BMW prop\u00f5e modelo de ciclovia el\u00e9trica e elevada para reduzir tr\u00e2nsito","datePublished":"2017-11-30T14:10:48+00:00","dateModified":"2017-11-30T16:21:35+00:00","mainEntityOfPage":{"@id":"https:\/\/www.institutodeengenharia.org.br\/site\/2017\/11\/30\/bmw-propoe-modelo-de-ciclovia-eletrica-e-elevada-para-reduzir-transito\/"},"wordCount":289,"commentCount":0,"publisher":{"@id":"https:\/\/www.institutodeengenharia.org.br\/site\/#organization"},"image":{"@id":"https:\/\/www.institutodeengenharia.org.br\/site\/2017\/11\/30\/bmw-propoe-modelo-de-ciclovia-eletrica-e-elevada-para-reduzir-transito\/#primaryimage"},"thumbnailUrl":"https:\/\/www.institutodeengenharia.org.br\/site\/wp-content\/uploads\/2018\/02\/BMW-Vision-ciclovivo.jpg","articleSection":["Centen\u00e1rio","Not\u00edcias"],"inLanguage":"pt-BR","potentialAction":[{"@type":"CommentAction","name":"Comment","target":["https:\/\/www.institutodeengenharia.org.br\/site\/2017\/11\/30\/bmw-propoe-modelo-de-ciclovia-eletrica-e-elevada-para-reduzir-transito\/#respond"]}]},{"@type":"WebPage","@id":"https:\/\/www.institutodeengenharia.org.br\/site\/2017\/11\/30\/bmw-propoe-modelo-de-ciclovia-eletrica-e-elevada-para-reduzir-transito\/","url":"https:\/\/www.institutodeengenharia.org.br\/site\/2017\/11\/30\/bmw-propoe-modelo-de-ciclovia-eletrica-e-elevada-para-reduzir-transito\/","name":"BMW prop\u00f5e modelo de ciclovia el\u00e9trica e elevada para reduzir tr\u00e2nsito - Instituto de Engenharia","isPartOf":{"@id":"https:\/\/www.institutodeengenharia.org.br\/site\/#website"},"primaryImageOfPage":{"@id":"https:\/\/www.institutodeengenharia.org.br\/site\/2017\/11\/30\/bmw-propoe-modelo-de-ciclovia-eletrica-e-elevada-para-reduzir-transito\/#primaryimage"},"image":{"@id":"https:\/\/www.institutodeengenharia.org.br\/site\/2017\/11\/30\/bmw-propoe-modelo-de-ciclovia-eletrica-e-elevada-para-reduzir-transito\/#primaryimage"},"thumbnailUrl":"https:\/\/www.institutodeengenharia.org.br\/site\/wp-content\/uploads\/2018\/02\/BMW-Vision-ciclovivo.jpg","datePublished":"2017-11-30T14:10:48+00:00","dateModified":"2017-11-30T16:21:35+00:00","breadcrumb":{"@id":"https:\/\/www.institutodeengenharia.org.br\/site\/2017\/11\/30\/bmw-propoe-modelo-de-ciclovia-eletrica-e-elevada-para-reduzir-transito\/#breadcrumb"},"inLanguage":"pt-BR","potentialAction":[{"@type":"ReadAction","target":["https:\/\/www.institutodeengenharia.org.br\/site\/2017\/11\/30\/bmw-propoe-modelo-de-ciclovia-eletrica-e-elevada-para-reduzir-transito\/"]}]},{"@type":"ImageObject","inLanguage":"pt-BR","@id":"https:\/\/www.institutodeengenharia.org.br\/site\/2017\/11\/30\/bmw-propoe-modelo-de-ciclovia-eletrica-e-elevada-para-reduzir-transito\/#primaryimage","url":"https:\/\/www.institutodeengenharia.org.br\/site\/wp-content\/uploads\/2018\/02\/BMW-Vision-ciclovivo.jpg","contentUrl":"https:\/\/www.institutodeengenharia.org.br\/site\/wp-content\/uploads\/2018\/02\/BMW-Vision-ciclovivo.jpg","width":2067,"height":1080},{"@type":"BreadcrumbList","@id":"https:\/\/www.institutodeengenharia.org.br\/site\/2017\/11\/30\/bmw-propoe-modelo-de-ciclovia-eletrica-e-elevada-para-reduzir-transito\/#breadcrumb","itemListElement":[{"@type":"ListItem","position":1,"name":"In\u00edcio","item":"https:\/\/www.institutodeengenharia.org.br\/site\/"},{"@type":"ListItem","position":2,"name":"BMW prop\u00f5e modelo de ciclovia el\u00e9trica e elevada para reduzir tr\u00e2nsito"}]},{"@type":"WebSite","@id":"https:\/\/www.institutodeengenharia.org.br\/site\/#website","url":"https:\/\/www.institutodeengenharia.org.br\/site\/","name":"Instituto de Engenharia","description":"O Instituto de Engenharia promove a Engenharia em benef\u00edcio do desenvolvimento e da qualidade de vida da sociedade.","publisher":{"@id":"https:\/\/www.institutodeengenharia.org.br\/site\/#organization"},"potentialAction":[{"@type":"SearchAction","target":{"@type":"EntryPoint","urlTemplate":"https:\/\/www.institutodeengenharia.org.br\/site\/?s={search_term_string}"},"query-input":{"@type":"PropertyValueSpecification","valueRequired":true,"valueName":"search_term_string"}}],"inLanguage":"pt-BR"},{"@type":"Organization","@id":"https:\/\/www.institutodeengenharia.org.br\/site\/#organization","name":"Instituto de Engenharia","url":"https:\/\/www.institutodeengenharia.org.br\/site\/","logo":{"@type":"ImageObject","inLanguage":"pt-BR","@id":"https:\/\/www.institutodeengenharia.org.br\/site\/#\/schema\/logo\/image\/","url":"https:\/\/www.institutodeengenharia.org.br\/site\/wp-content\/uploads\/2019\/03\/logo-novo-IE2018-1.jpg","contentUrl":"https:\/\/www.institutodeengenharia.org.br\/site\/wp-content\/uploads\/2019\/03\/logo-novo-IE2018-1.jpg","width":1486,"height":1879,"caption":"Instituto de Engenharia"},"image":{"@id":"https:\/\/www.institutodeengenharia.org.br\/site\/#\/schema\/logo\/image\/"},"sameAs":["https:\/\/www.facebook.com\/institutodeengenharia","https:\/\/x.com\/iengenharia","https:\/\/www.instagram.com\/institutodeengenharia\/","https:\/\/www.linkedin.com\/company\/instituto-de-engenharia\/","https:\/\/www.youtube.com\/channel\/UCXiCAlsSMe977vamW915HxA"]},{"@type":"Person","@id":"https:\/\/www.institutodeengenharia.org.br\/site\/#\/schema\/person\/3b1ff109facef084739fc2edcb9a127f","name":"TMax Tecnologia","image":{"@type":"ImageObject","inLanguage":"pt-BR","@id":"https:\/\/secure.gravatar.com\/avatar\/f912434ef7f389c92cb311fcdae346af848465d638912574b3c669070f797701?s=96&d=mm&r=g","url":"https:\/\/secure.gravatar.com\/avatar\/f912434ef7f389c92cb311fcdae346af848465d638912574b3c669070f797701?s=96&d=mm&r=g","contentUrl":"https:\/\/secure.gravatar.com\/avatar\/f912434ef7f389c92cb311fcdae346af848465d638912574b3c669070f797701?s=96&d=mm&r=g","caption":"TMax Tecnologia"},"url":"https:\/\/www.institutodeengenharia.org.br\/site\/author\/tmax\/"}]}},"_links":{"self":[{"href":"https:\/\/www.institutodeengenharia.org.br\/site\/wp-json\/wp\/v2\/posts\/28848","targetHints":{"allow":["GET"]}}],"collection":[{"href":"https:\/\/www.institutodeengenharia.org.br\/site\/wp-json\/wp\/v2\/posts"}],"about":[{"href":"https:\/\/www.institutodeengenharia.org.br\/site\/wp-json\/wp\/v2\/types\/post"}],"author":[{"embeddable":true,"href":"https:\/\/www.institutodeengenharia.org.br\/site\/wp-json\/wp\/v2\/users\/1"}],"replies":[{"embeddable":true,"href":"https:\/\/www.institutodeengenharia.org.br\/site\/wp-json\/wp\/v2\/comments?post=28848"}],"version-history":[{"count":0,"href":"https:\/\/www.institutodeengenharia.org.br\/site\/wp-json\/wp\/v2\/posts\/28848\/revisions"}],"wp:featuredmedia":[{"embeddable":true,"href":"https:\/\/www.institutodeengenharia.org.br\/site\/wp-json\/wp\/v2\/media\/28849"}],"wp:attachment":[{"href":"https:\/\/www.institutodeengenharia.org.br\/site\/wp-json\/wp\/v2\/media?parent=28848"}],"wp:term":[{"taxonomy":"category","embeddable":true,"href":"https:\/\/www.institutodeengenharia.org.br\/site\/wp-json\/wp\/v2\/categories?post=28848"},{"taxonomy":"post_tag","embeddable":true,"href":"https:\/\/www.institutodeengenharia.org.br\/site\/wp-json\/wp\/v2\/tags?post=28848"}],"curies":[{"name":"wp","href":"https:\/\/api.w.org\/{rel}","templated":true}]}}