{"id":28845,"date":"2017-11-29T14:10:46","date_gmt":"2017-11-29T14:10:46","guid":{"rendered":"https:\/\/www.institutodeengenharia.org.br\/?p=28845"},"modified":"2017-11-29T15:41:15","modified_gmt":"2017-11-29T15:41:15","slug":"instituto-de-engenharia-e-mais-22-entidades-do-setor-defendem-reforma-da-previdencia","status":"publish","type":"post","link":"https:\/\/www.institutodeengenharia.org.br\/site\/2017\/11\/29\/instituto-de-engenharia-e-mais-22-entidades-do-setor-defendem-reforma-da-previdencia\/","title":{"rendered":"Instituto de Engenharia e mais 22 entidades do setor defendem reforma da Previd\u00eancia"},"content":{"rendered":"<p style=\"box-sizing: border-box; margin: 0px 0px 20px; line-height: 1.3; font-family: sourcesans, Arial, Tahoma, sans-serif; font-size: 15px;\"><a href=\"http:\/\/www.secovi.com.br\/downloads\/downloads\/af_nao_decepcionem_os_brasileiros_nov_171.pdf\" style=\"box-sizing: border-box; background-color: transparent; color: rgb(236, 28, 35); text-decoration: none;\"><span style=\"box-sizing: border-box;\"><strong>CARTA ABERTA AOS NOSSOS DEPUTADOS E SENADORES<\/strong><\/span><\/a><\/p>\n<p style=\"box-sizing: border-box; margin: 0px 0px 20px; line-height: 1.3; font-family: sourcesans, Arial, Tahoma, sans-serif; font-size: 15px;\"><span style=\"box-sizing: border-box;\"><strong>POR FAVOR, N\u00c3O DECEPCIONEM OS BRASILEIROS!<\/strong><\/span><\/p>\n<p style=\"box-sizing: border-box; margin: 0px 0px 20px; line-height: 1.3; font-family: sourcesans, Arial, Tahoma, sans-serif; font-size: 15px;\">No pr\u00f3ximo ano, o rombo da Previd\u00eancia ser\u00e1 de quase R$ 200 bilh\u00f5es. E vai aumentar mais. Muito mais!<\/p>\n<p style=\"box-sizing: border-box; margin: 0px 0px 20px; line-height: 1.3; font-family: sourcesans, Arial, Tahoma, sans-serif; font-size: 15px;\">A expectativa de vida \u00e9 crescente, e a queda da taxa de natalidade tamb\u00e9m.<\/p>\n<p style=\"box-sizing: border-box; margin: 0px 0px 20px; line-height: 1.3; font-family: sourcesans, Arial, Tahoma, sans-serif; font-size: 15px;\">Os trabalhadores v\u00e3o suportar um n\u00famero cada vez maior de aposentados.<\/p>\n<p style=\"box-sizing: border-box; margin: 0px 0px 20px; line-height: 1.3; font-family: sourcesans, Arial, Tahoma, sans-serif; font-size: 15px;\">Sem recursos, a Previd\u00eancia n\u00e3o ter\u00e1 como atender a popula\u00e7\u00e3o.<\/p>\n<p style=\"box-sizing: border-box; margin: 0px 0px 20px; line-height: 1.3; font-family: sourcesans, Arial, Tahoma, sans-serif; font-size: 15px;\">A maioria das pessoas j\u00e1 percebeu que esse d\u00e9ficit \u00e9 real.<\/p>\n<p style=\"box-sizing: border-box; margin: 0px 0px 20px; line-height: 1.3; font-family: sourcesans, Arial, Tahoma, sans-serif; font-size: 15px;\">Quem nega o fato e fala em super\u00e1vit precisa se informar corretamente.<\/p>\n<p style=\"box-sizing: border-box; margin: 0px 0px 20px; line-height: 1.3; font-family: sourcesans, Arial, Tahoma, sans-serif; font-size: 15px;\"><span style=\"box-sizing: border-box;\"><strong>A sociedade n\u00e3o quer continuar sustentando as mega-aposentadorias de alguns poucos em detrimento de muitos.<\/strong><\/span><\/p>\n<p style=\"box-sizing: border-box; margin: 0px 0px 20px; line-height: 1.3; font-family: sourcesans, Arial, Tahoma, sans-serif; font-size: 15px;\"><span style=\"box-sizing: border-box;\"><strong>Eliminar privil\u00e9gios e adotar regras comuns a todos os trabalhadores, sejam p\u00fablicos ou privados, trar\u00e1 equil\u00edbrio, receita e justi\u00e7a.<\/strong><\/span><\/p>\n<p style=\"box-sizing: border-box; margin: 0px 0px 20px; line-height: 1.3; font-family: sourcesans, Arial, Tahoma, sans-serif; font-size: 15px;\">A reforma da Previd\u00eancia tem de acontecer agora.<\/p>\n<p style=\"box-sizing: border-box; margin: 0px 0px 20px; line-height: 1.3; font-family: sourcesans, Arial, Tahoma, sans-serif; font-size: 15px;\">Adi\u00e1-la \u00e9 lan\u00e7ar o Brasil na certeza do caos.<\/p>\n<p style=\"box-sizing: border-box; margin: 0px 0px 20px; line-height: 1.3; font-family: sourcesans, Arial, Tahoma, sans-serif; font-size: 15px;\">O d\u00e9ficit p\u00fablico tem de ser contido. E a reforma previdenci\u00e1ria \u00e9 a principal solu\u00e7\u00e3o.<\/p>\n<p style=\"box-sizing: border-box; margin: 0px 0px 20px; line-height: 1.3; font-family: sourcesans, Arial, Tahoma, sans-serif; font-size: 15px;\">O povo brasileiro n\u00e3o se conforma com o avan\u00e7o do desemprego.<\/p>\n<p style=\"box-sizing: border-box; margin: 0px 0px 20px; line-height: 1.3; font-family: sourcesans, Arial, Tahoma, sans-serif; font-size: 15px;\">E tamb\u00e9m se recusa a abandonar o sonho do crescimento econ\u00f4mico que traz desenvolvimento.<\/p>\n<p style=\"box-sizing: border-box; margin: 0px 0px 20px; line-height: 1.3; font-family: sourcesans, Arial, Tahoma, sans-serif; font-size: 15px;\">Votar esta reforma \u00e9 reescrever a hist\u00f3ria da Na\u00e7\u00e3o; uma hist\u00f3ria com final feliz.<\/p>\n<p style=\"box-sizing: border-box; margin: 0px 0px 20px; line-height: 1.3; font-family: sourcesans, Arial, Tahoma, sans-serif; font-size: 15px;\">\u00c9 isto o que todos n\u00f3s, cidad\u00e3os, esperamos de nossos leg\u00edtimos representantes no Congresso Nacional.<\/p>\n<p style=\"box-sizing: border-box; margin: 0px 0px 20px; line-height: 1.3; font-family: sourcesans, Arial, Tahoma, sans-serif; font-size: 15px;\"><span style=\"box-sizing: border-box;\"><strong>Por favor, n\u00e3o nos decepcionem!<\/strong><\/span><\/p>\n<p style=\"box-sizing: border-box; margin: 0px 0px 20px; line-height: 1.3; font-family: sourcesans, Arial, Tahoma, sans-serif; font-size: 15px;\"><strong><span style=\"box-sizing: border-box;\">AABIC<\/span>&nbsp;\u2013<\/strong> Associa\u00e7\u00e3o das Administradoras de Bens Im\u00f3veis e Condom\u00ednios de S\u00e3o Paulo<\/p>\n<p style=\"box-sizing: border-box; margin: 0px 0px 20px; line-height: 1.3; font-family: sourcesans, Arial, Tahoma, sans-serif; font-size: 15px;\"><strong><span style=\"box-sizing: border-box;\">ABECIP \u2013<\/span>&nbsp;<\/strong>Associa\u00e7\u00e3o Brasileira das Entidades de Cr\u00e9dito Imobili\u00e1rio e Poupan\u00e7a<\/p>\n<p style=\"box-sizing: border-box; margin: 0px 0px 20px; line-height: 1.3; font-family: sourcesans, Arial, Tahoma, sans-serif; font-size: 15px;\"><strong><span style=\"box-sizing: border-box;\">ABRAINC<\/span>&nbsp;\u2013<\/strong> Associa\u00e7\u00e3o Brasileira de Incorporadoras Imobili\u00e1rias<\/p>\n<p style=\"box-sizing: border-box; margin: 0px 0px 20px; line-height: 1.3; font-family: sourcesans, Arial, Tahoma, sans-serif; font-size: 15px;\"><strong><span style=\"box-sizing: border-box;\">ABRASCE&nbsp;<\/span>\u2013 <\/strong>Associa\u00e7\u00e3o Brasileira de Shopping Centers<\/p>\n<p style=\"box-sizing: border-box; margin: 0px 0px 20px; line-height: 1.3; font-family: sourcesans, Arial, Tahoma, sans-serif; font-size: 15px;\"><strong><span style=\"box-sizing: border-box;\">ACSP<\/span>&nbsp;\u2013<\/strong> Associa\u00e7\u00e3o Comercial de S\u00e3o Paulo<\/p>\n<p style=\"box-sizing: border-box; margin: 0px 0px 20px; line-height: 1.3; font-family: sourcesans, Arial, Tahoma, sans-serif; font-size: 15px;\"><strong><span style=\"box-sizing: border-box;\">ADIT BRASIL<\/span>&nbsp;\u2013<\/strong> Associa\u00e7\u00e3o para o Desenvolvimento Imobili\u00e1rio e Tur\u00edstico do Brasil<\/p>\n<p style=\"box-sizing: border-box; margin: 0px 0px 20px; line-height: 1.3; font-family: sourcesans, Arial, Tahoma, sans-serif; font-size: 15px;\"><strong><span style=\"box-sizing: border-box;\">ADVB<\/span>&nbsp;\u2013 <\/strong>Associa\u00e7\u00e3o dos Dirigentes de Vendas e Marketing do Brasil<\/p>\n<p style=\"box-sizing: border-box; margin: 0px 0px 20px; line-height: 1.3; font-family: sourcesans, Arial, Tahoma, sans-serif; font-size: 15px;\"><strong><span style=\"box-sizing: border-box;\">AELO<\/span>&nbsp;\u2013<\/strong> Associa\u00e7\u00e3o das Empresas de Loteamento e Desenvolvimento Urbano<\/p>\n<p style=\"box-sizing: border-box; margin: 0px 0px 20px; line-height: 1.3; font-family: sourcesans, Arial, Tahoma, sans-serif; font-size: 15px;\"><strong><span style=\"box-sizing: border-box;\">ALSHOP<\/span>&nbsp;\u2013<\/strong> Associa\u00e7\u00e3o Brasileira de Lojistas de Shopping<\/p>\n<p style=\"box-sizing: border-box; margin: 0px 0px 20px; line-height: 1.3; font-family: sourcesans, Arial, Tahoma, sans-serif; font-size: 15px;\"><strong><span style=\"box-sizing: border-box;\">APEOP<\/span>&nbsp;\u2013 <\/strong>Associa\u00e7\u00e3o Paulista de Empres\u00e1rios de Obras P\u00fablicas<\/p>\n<p style=\"box-sizing: border-box; margin: 0px 0px 20px; line-height: 1.3; font-family: sourcesans, Arial, Tahoma, sans-serif; font-size: 15px;\"><strong><span style=\"box-sizing: border-box;\">ASBEA<\/span>&nbsp;\u2013<\/strong> Associa\u00e7\u00e3o Brasileira dos Escrit\u00f3rios de Arquitetura<\/p>\n<p style=\"box-sizing: border-box; margin: 0px 0px 20px; line-height: 1.3; font-family: sourcesans, Arial, Tahoma, sans-serif; font-size: 15px;\"><strong><span style=\"box-sizing: border-box;\">BRASINFRA<\/span>&nbsp;\u2013<\/strong> Associa\u00e7\u00e3o Brasileira dos Sindicatos e Associa\u00e7\u00f5es de Classe de Infraestrutura<\/p>\n<p style=\"box-sizing: border-box; margin: 0px 0px 20px; line-height: 1.3; font-family: sourcesans, Arial, Tahoma, sans-serif; font-size: 15px;\"><strong><span style=\"box-sizing: border-box;\">CBIC<\/span>&nbsp;\u2013 <\/strong>C\u00e2mara Brasileira da Ind\u00fastria da Constru\u00e7\u00e3o<\/p>\n<p style=\"box-sizing: border-box; margin: 0px 0px 20px; line-height: 1.3; font-family: sourcesans, Arial, Tahoma, sans-serif; font-size: 15px;\"><strong><span style=\"box-sizing: border-box;\">COFECI-CRECI<\/span>&nbsp;\u2013 <\/strong>Conselho Federal dos Corretores de Im\u00f3veis<\/p>\n<p style=\"box-sizing: border-box; margin: 0px 0px 20px; line-height: 1.3; font-family: sourcesans, Arial, Tahoma, sans-serif; font-size: 15px;\"><strong><span style=\"box-sizing: border-box;\">FACESP<\/span>&nbsp;\u2013 <\/strong>Federa\u00e7\u00e3o das Associa\u00e7\u00f5es Comerciais do Estado de S\u00e3o Paulo<\/p>\n<p style=\"box-sizing: border-box; margin: 0px 0px 20px; line-height: 1.3; font-family: sourcesans, Arial, Tahoma, sans-serif; font-size: 15px;\"><strong><span style=\"box-sizing: border-box;\">FIABCI-BRASIL&nbsp;<\/span>\u2013 <\/strong>Federa\u00e7\u00e3o Internacional Imobili\u00e1ria<\/p>\n<p style=\"box-sizing: border-box; margin: 0px 0px 20px; line-height: 1.3; font-family: sourcesans, Arial, Tahoma, sans-serif; font-size: 15px;\"><strong><span style=\"box-sizing: border-box;\">IE<\/span>&nbsp;\u2013 <\/strong>Instituto de Engenharia<\/p>\n<p style=\"box-sizing: border-box; margin: 0px 0px 20px; line-height: 1.3; font-family: sourcesans, Arial, Tahoma, sans-serif; font-size: 15px;\"><strong><span style=\"box-sizing: border-box;\">SCIESP<\/span>&nbsp;\u2013 <\/strong>Sindicato dos Corretores de Im\u00f3veis do Estado de S\u00e3o Paulo<\/p>\n<p style=\"box-sizing: border-box; margin: 0px 0px 20px; line-height: 1.3; font-family: sourcesans, Arial, Tahoma, sans-serif; font-size: 15px;\"><strong><span style=\"box-sizing: border-box;\">SECOVI-SP \u2013<\/span>&nbsp;<\/strong>Sindicato das Empresas de Compra, Venda, Loca\u00e7\u00e3o e Administra\u00e7\u00e3o de Im\u00f3veis Residenciais e Comerciais de S\u00e3o Paulo<\/p>\n<p style=\"box-sizing: border-box; margin: 0px 0px 20px; line-height: 1.3; font-family: sourcesans, Arial, Tahoma, sans-serif; font-size: 15px;\"><strong><span style=\"box-sizing: border-box;\">SINAENCO<\/span>&nbsp;\u2013 <\/strong>Sindicato Nacional das Empresas de Arquitetura e Engenharia Consultiva<\/p>\n<p style=\"box-sizing: border-box; margin: 0px 0px 20px; line-height: 1.3; font-family: sourcesans, Arial, Tahoma, sans-serif; font-size: 15px;\"><strong><span style=\"box-sizing: border-box;\">SINDUSCON-SP<\/span>&nbsp;\u2013 <\/strong>Sindicato da Ind\u00fastria da Constru\u00e7\u00e3o Civil do Estado de S\u00e3o Paulo<\/p>\n<p style=\"box-sizing: border-box; margin: 0px 0px 20px; line-height: 1.3; font-family: sourcesans, Arial, Tahoma, sans-serif; font-size: 15px;\"><strong><span style=\"box-sizing: border-box;\">SINICESP<\/span>&nbsp;\u2013 <\/strong>Sindicato da Ind\u00fastria da Constru\u00e7\u00e3o Pesada do Estado de S\u00e3o Paulo<\/p>\n<p style=\"box-sizing: border-box; margin: 0px 0px 20px; line-height: 1.3; font-family: sourcesans, Arial, Tahoma, sans-serif; font-size: 15px;\"><strong><span style=\"box-sizing: border-box;\">SOBRATEMA<\/span>&nbsp;\u2013<\/strong> Associa\u00e7\u00e3o Brasileira de Tecnologia para Constru\u00e7\u00e3o e Minera\u00e7\u00e3o<\/p>\n<p><b>Autor: Entidades do Setor<\/b><\/p>\n","protected":false},"excerpt":{"rendered":"<p>Sindicatos e associa\u00e7\u00f5es assinaram documento direcionado aos deputados e senadores pedindo para n\u00e3o decepcionarem os brasileiros<\/p>\n","protected":false},"author":1,"featured_media":0,"comment_status":"open","ping_status":"open","sticky":false,"template":"","format":"standard","meta":{"footnotes":""},"categories":[27,6],"tags":[],"class_list":{"0":"post-28845","1":"post","2":"type-post","3":"status-publish","4":"format-standard","6":"category-instituto-de-engenharia","7":"category-noticias"},"yoast_head":"<!-- This site is optimized with the Yoast SEO plugin v27.2 - https:\/\/yoast.com\/product\/yoast-seo-wordpress\/ -->\n<title>Instituto de Engenharia e mais 22 entidades do setor defendem reforma da Previd\u00eancia - Instituto de Engenharia<\/title>\n<meta name=\"robots\" content=\"index, follow, max-snippet:-1, max-image-preview:large, max-video-preview:-1\" \/>\n<link rel=\"canonical\" href=\"https:\/\/www.institutodeengenharia.org.br\/site\/2017\/11\/29\/instituto-de-engenharia-e-mais-22-entidades-do-setor-defendem-reforma-da-previdencia\/\" \/>\n<meta property=\"og:locale\" content=\"pt_BR\" \/>\n<meta property=\"og:type\" content=\"article\" \/>\n<meta property=\"og:title\" content=\"Instituto de Engenharia e mais 22 entidades do setor defendem reforma da Previd\u00eancia - Instituto de Engenharia\" \/>\n<meta property=\"og:description\" content=\"Sindicatos e associa\u00e7\u00f5es assinaram documento direcionado aos deputados e senadores pedindo para n\u00e3o decepcionarem os brasileiros\" \/>\n<meta property=\"og:url\" content=\"https:\/\/www.institutodeengenharia.org.br\/site\/2017\/11\/29\/instituto-de-engenharia-e-mais-22-entidades-do-setor-defendem-reforma-da-previdencia\/\" \/>\n<meta property=\"og:site_name\" content=\"Instituto de Engenharia\" \/>\n<meta property=\"article:publisher\" content=\"https:\/\/www.facebook.com\/institutodeengenharia\" \/>\n<meta property=\"article:published_time\" content=\"2017-11-29T14:10:46+00:00\" \/>\n<meta property=\"article:modified_time\" content=\"2017-11-29T15:41:15+00:00\" \/>\n<meta name=\"author\" content=\"TMax Tecnologia\" \/>\n<meta name=\"twitter:card\" content=\"summary_large_image\" \/>\n<meta name=\"twitter:creator\" content=\"@iengenharia\" \/>\n<meta name=\"twitter:site\" content=\"@iengenharia\" \/>\n<meta name=\"twitter:label1\" content=\"Escrito por\" \/>\n\t<meta name=\"twitter:data1\" content=\"TMax Tecnologia\" \/>\n\t<meta name=\"twitter:label2\" content=\"Est. tempo de leitura\" \/>\n\t<meta name=\"twitter:data2\" content=\"3 minutos\" \/>\n<script type=\"application\/ld+json\" class=\"yoast-schema-graph\">{\"@context\":\"https:\/\/schema.org\",\"@graph\":[{\"@type\":\"Article\",\"@id\":\"https:\/\/www.institutodeengenharia.org.br\/site\/2017\/11\/29\/instituto-de-engenharia-e-mais-22-entidades-do-setor-defendem-reforma-da-previdencia\/#article\",\"isPartOf\":{\"@id\":\"https:\/\/www.institutodeengenharia.org.br\/site\/2017\/11\/29\/instituto-de-engenharia-e-mais-22-entidades-do-setor-defendem-reforma-da-previdencia\/\"},\"author\":{\"name\":\"TMax Tecnologia\",\"@id\":\"https:\/\/www.institutodeengenharia.org.br\/site\/#\/schema\/person\/3b1ff109facef084739fc2edcb9a127f\"},\"headline\":\"Instituto de Engenharia e mais 22 entidades do setor defendem reforma da Previd\u00eancia\",\"datePublished\":\"2017-11-29T14:10:46+00:00\",\"dateModified\":\"2017-11-29T15:41:15+00:00\",\"mainEntityOfPage\":{\"@id\":\"https:\/\/www.institutodeengenharia.org.br\/site\/2017\/11\/29\/instituto-de-engenharia-e-mais-22-entidades-do-setor-defendem-reforma-da-previdencia\/\"},\"wordCount\":540,\"commentCount\":0,\"publisher\":{\"@id\":\"https:\/\/www.institutodeengenharia.org.br\/site\/#organization\"},\"articleSection\":[\"Instituto de Engenharia\",\"Not\u00edcias\"],\"inLanguage\":\"pt-BR\",\"potentialAction\":[{\"@type\":\"CommentAction\",\"name\":\"Comment\",\"target\":[\"https:\/\/www.institutodeengenharia.org.br\/site\/2017\/11\/29\/instituto-de-engenharia-e-mais-22-entidades-do-setor-defendem-reforma-da-previdencia\/#respond\"]}]},{\"@type\":\"WebPage\",\"@id\":\"https:\/\/www.institutodeengenharia.org.br\/site\/2017\/11\/29\/instituto-de-engenharia-e-mais-22-entidades-do-setor-defendem-reforma-da-previdencia\/\",\"url\":\"https:\/\/www.institutodeengenharia.org.br\/site\/2017\/11\/29\/instituto-de-engenharia-e-mais-22-entidades-do-setor-defendem-reforma-da-previdencia\/\",\"name\":\"Instituto de Engenharia e mais 22 entidades do setor defendem reforma da Previd\u00eancia - Instituto de Engenharia\",\"isPartOf\":{\"@id\":\"https:\/\/www.institutodeengenharia.org.br\/site\/#website\"},\"datePublished\":\"2017-11-29T14:10:46+00:00\",\"dateModified\":\"2017-11-29T15:41:15+00:00\",\"breadcrumb\":{\"@id\":\"https:\/\/www.institutodeengenharia.org.br\/site\/2017\/11\/29\/instituto-de-engenharia-e-mais-22-entidades-do-setor-defendem-reforma-da-previdencia\/#breadcrumb\"},\"inLanguage\":\"pt-BR\",\"potentialAction\":[{\"@type\":\"ReadAction\",\"target\":[\"https:\/\/www.institutodeengenharia.org.br\/site\/2017\/11\/29\/instituto-de-engenharia-e-mais-22-entidades-do-setor-defendem-reforma-da-previdencia\/\"]}]},{\"@type\":\"BreadcrumbList\",\"@id\":\"https:\/\/www.institutodeengenharia.org.br\/site\/2017\/11\/29\/instituto-de-engenharia-e-mais-22-entidades-do-setor-defendem-reforma-da-previdencia\/#breadcrumb\",\"itemListElement\":[{\"@type\":\"ListItem\",\"position\":1,\"name\":\"In\u00edcio\",\"item\":\"https:\/\/www.institutodeengenharia.org.br\/site\/\"},{\"@type\":\"ListItem\",\"position\":2,\"name\":\"Instituto de Engenharia e mais 22 entidades do setor defendem reforma da Previd\u00eancia\"}]},{\"@type\":\"WebSite\",\"@id\":\"https:\/\/www.institutodeengenharia.org.br\/site\/#website\",\"url\":\"https:\/\/www.institutodeengenharia.org.br\/site\/\",\"name\":\"Instituto de Engenharia\",\"description\":\"O Instituto de Engenharia promove a Engenharia em benef\u00edcio do desenvolvimento e da qualidade de vida da sociedade.\",\"publisher\":{\"@id\":\"https:\/\/www.institutodeengenharia.org.br\/site\/#organization\"},\"potentialAction\":[{\"@type\":\"SearchAction\",\"target\":{\"@type\":\"EntryPoint\",\"urlTemplate\":\"https:\/\/www.institutodeengenharia.org.br\/site\/?s={search_term_string}\"},\"query-input\":{\"@type\":\"PropertyValueSpecification\",\"valueRequired\":true,\"valueName\":\"search_term_string\"}}],\"inLanguage\":\"pt-BR\"},{\"@type\":\"Organization\",\"@id\":\"https:\/\/www.institutodeengenharia.org.br\/site\/#organization\",\"name\":\"Instituto de Engenharia\",\"url\":\"https:\/\/www.institutodeengenharia.org.br\/site\/\",\"logo\":{\"@type\":\"ImageObject\",\"inLanguage\":\"pt-BR\",\"@id\":\"https:\/\/www.institutodeengenharia.org.br\/site\/#\/schema\/logo\/image\/\",\"url\":\"https:\/\/www.institutodeengenharia.org.br\/site\/wp-content\/uploads\/2019\/03\/logo-novo-IE2018-1.jpg\",\"contentUrl\":\"https:\/\/www.institutodeengenharia.org.br\/site\/wp-content\/uploads\/2019\/03\/logo-novo-IE2018-1.jpg\",\"width\":1486,\"height\":1879,\"caption\":\"Instituto de Engenharia\"},\"image\":{\"@id\":\"https:\/\/www.institutodeengenharia.org.br\/site\/#\/schema\/logo\/image\/\"},\"sameAs\":[\"https:\/\/www.facebook.com\/institutodeengenharia\",\"https:\/\/x.com\/iengenharia\",\"https:\/\/www.instagram.com\/institutodeengenharia\/\",\"https:\/\/www.linkedin.com\/company\/instituto-de-engenharia\/\",\"https:\/\/www.youtube.com\/channel\/UCXiCAlsSMe977vamW915HxA\"]},{\"@type\":\"Person\",\"@id\":\"https:\/\/www.institutodeengenharia.org.br\/site\/#\/schema\/person\/3b1ff109facef084739fc2edcb9a127f\",\"name\":\"TMax Tecnologia\",\"image\":{\"@type\":\"ImageObject\",\"inLanguage\":\"pt-BR\",\"@id\":\"https:\/\/secure.gravatar.com\/avatar\/f912434ef7f389c92cb311fcdae346af848465d638912574b3c669070f797701?s=96&d=mm&r=g\",\"url\":\"https:\/\/secure.gravatar.com\/avatar\/f912434ef7f389c92cb311fcdae346af848465d638912574b3c669070f797701?s=96&d=mm&r=g\",\"contentUrl\":\"https:\/\/secure.gravatar.com\/avatar\/f912434ef7f389c92cb311fcdae346af848465d638912574b3c669070f797701?s=96&d=mm&r=g\",\"caption\":\"TMax Tecnologia\"},\"url\":\"https:\/\/www.institutodeengenharia.org.br\/site\/author\/tmax\/\"}]}<\/script>\n<!-- \/ Yoast SEO plugin. -->","yoast_head_json":{"title":"Instituto de Engenharia e mais 22 entidades do setor defendem reforma da Previd\u00eancia - Instituto de Engenharia","robots":{"index":"index","follow":"follow","max-snippet":"max-snippet:-1","max-image-preview":"max-image-preview:large","max-video-preview":"max-video-preview:-1"},"canonical":"https:\/\/www.institutodeengenharia.org.br\/site\/2017\/11\/29\/instituto-de-engenharia-e-mais-22-entidades-do-setor-defendem-reforma-da-previdencia\/","og_locale":"pt_BR","og_type":"article","og_title":"Instituto de Engenharia e mais 22 entidades do setor defendem reforma da Previd\u00eancia - Instituto de Engenharia","og_description":"Sindicatos e associa\u00e7\u00f5es assinaram documento direcionado aos deputados e senadores pedindo para n\u00e3o decepcionarem os brasileiros","og_url":"https:\/\/www.institutodeengenharia.org.br\/site\/2017\/11\/29\/instituto-de-engenharia-e-mais-22-entidades-do-setor-defendem-reforma-da-previdencia\/","og_site_name":"Instituto de Engenharia","article_publisher":"https:\/\/www.facebook.com\/institutodeengenharia","article_published_time":"2017-11-29T14:10:46+00:00","article_modified_time":"2017-11-29T15:41:15+00:00","author":"TMax Tecnologia","twitter_card":"summary_large_image","twitter_creator":"@iengenharia","twitter_site":"@iengenharia","twitter_misc":{"Escrito por":"TMax Tecnologia","Est. tempo de leitura":"3 minutos"},"schema":{"@context":"https:\/\/schema.org","@graph":[{"@type":"Article","@id":"https:\/\/www.institutodeengenharia.org.br\/site\/2017\/11\/29\/instituto-de-engenharia-e-mais-22-entidades-do-setor-defendem-reforma-da-previdencia\/#article","isPartOf":{"@id":"https:\/\/www.institutodeengenharia.org.br\/site\/2017\/11\/29\/instituto-de-engenharia-e-mais-22-entidades-do-setor-defendem-reforma-da-previdencia\/"},"author":{"name":"TMax Tecnologia","@id":"https:\/\/www.institutodeengenharia.org.br\/site\/#\/schema\/person\/3b1ff109facef084739fc2edcb9a127f"},"headline":"Instituto de Engenharia e mais 22 entidades do setor defendem reforma da Previd\u00eancia","datePublished":"2017-11-29T14:10:46+00:00","dateModified":"2017-11-29T15:41:15+00:00","mainEntityOfPage":{"@id":"https:\/\/www.institutodeengenharia.org.br\/site\/2017\/11\/29\/instituto-de-engenharia-e-mais-22-entidades-do-setor-defendem-reforma-da-previdencia\/"},"wordCount":540,"commentCount":0,"publisher":{"@id":"https:\/\/www.institutodeengenharia.org.br\/site\/#organization"},"articleSection":["Instituto de Engenharia","Not\u00edcias"],"inLanguage":"pt-BR","potentialAction":[{"@type":"CommentAction","name":"Comment","target":["https:\/\/www.institutodeengenharia.org.br\/site\/2017\/11\/29\/instituto-de-engenharia-e-mais-22-entidades-do-setor-defendem-reforma-da-previdencia\/#respond"]}]},{"@type":"WebPage","@id":"https:\/\/www.institutodeengenharia.org.br\/site\/2017\/11\/29\/instituto-de-engenharia-e-mais-22-entidades-do-setor-defendem-reforma-da-previdencia\/","url":"https:\/\/www.institutodeengenharia.org.br\/site\/2017\/11\/29\/instituto-de-engenharia-e-mais-22-entidades-do-setor-defendem-reforma-da-previdencia\/","name":"Instituto de Engenharia e mais 22 entidades do setor defendem reforma da Previd\u00eancia - Instituto de Engenharia","isPartOf":{"@id":"https:\/\/www.institutodeengenharia.org.br\/site\/#website"},"datePublished":"2017-11-29T14:10:46+00:00","dateModified":"2017-11-29T15:41:15+00:00","breadcrumb":{"@id":"https:\/\/www.institutodeengenharia.org.br\/site\/2017\/11\/29\/instituto-de-engenharia-e-mais-22-entidades-do-setor-defendem-reforma-da-previdencia\/#breadcrumb"},"inLanguage":"pt-BR","potentialAction":[{"@type":"ReadAction","target":["https:\/\/www.institutodeengenharia.org.br\/site\/2017\/11\/29\/instituto-de-engenharia-e-mais-22-entidades-do-setor-defendem-reforma-da-previdencia\/"]}]},{"@type":"BreadcrumbList","@id":"https:\/\/www.institutodeengenharia.org.br\/site\/2017\/11\/29\/instituto-de-engenharia-e-mais-22-entidades-do-setor-defendem-reforma-da-previdencia\/#breadcrumb","itemListElement":[{"@type":"ListItem","position":1,"name":"In\u00edcio","item":"https:\/\/www.institutodeengenharia.org.br\/site\/"},{"@type":"ListItem","position":2,"name":"Instituto de Engenharia e mais 22 entidades do setor defendem reforma da Previd\u00eancia"}]},{"@type":"WebSite","@id":"https:\/\/www.institutodeengenharia.org.br\/site\/#website","url":"https:\/\/www.institutodeengenharia.org.br\/site\/","name":"Instituto de Engenharia","description":"O Instituto de Engenharia promove a Engenharia em benef\u00edcio do desenvolvimento e da qualidade de vida da sociedade.","publisher":{"@id":"https:\/\/www.institutodeengenharia.org.br\/site\/#organization"},"potentialAction":[{"@type":"SearchAction","target":{"@type":"EntryPoint","urlTemplate":"https:\/\/www.institutodeengenharia.org.br\/site\/?s={search_term_string}"},"query-input":{"@type":"PropertyValueSpecification","valueRequired":true,"valueName":"search_term_string"}}],"inLanguage":"pt-BR"},{"@type":"Organization","@id":"https:\/\/www.institutodeengenharia.org.br\/site\/#organization","name":"Instituto de Engenharia","url":"https:\/\/www.institutodeengenharia.org.br\/site\/","logo":{"@type":"ImageObject","inLanguage":"pt-BR","@id":"https:\/\/www.institutodeengenharia.org.br\/site\/#\/schema\/logo\/image\/","url":"https:\/\/www.institutodeengenharia.org.br\/site\/wp-content\/uploads\/2019\/03\/logo-novo-IE2018-1.jpg","contentUrl":"https:\/\/www.institutodeengenharia.org.br\/site\/wp-content\/uploads\/2019\/03\/logo-novo-IE2018-1.jpg","width":1486,"height":1879,"caption":"Instituto de Engenharia"},"image":{"@id":"https:\/\/www.institutodeengenharia.org.br\/site\/#\/schema\/logo\/image\/"},"sameAs":["https:\/\/www.facebook.com\/institutodeengenharia","https:\/\/x.com\/iengenharia","https:\/\/www.instagram.com\/institutodeengenharia\/","https:\/\/www.linkedin.com\/company\/instituto-de-engenharia\/","https:\/\/www.youtube.com\/channel\/UCXiCAlsSMe977vamW915HxA"]},{"@type":"Person","@id":"https:\/\/www.institutodeengenharia.org.br\/site\/#\/schema\/person\/3b1ff109facef084739fc2edcb9a127f","name":"TMax Tecnologia","image":{"@type":"ImageObject","inLanguage":"pt-BR","@id":"https:\/\/secure.gravatar.com\/avatar\/f912434ef7f389c92cb311fcdae346af848465d638912574b3c669070f797701?s=96&d=mm&r=g","url":"https:\/\/secure.gravatar.com\/avatar\/f912434ef7f389c92cb311fcdae346af848465d638912574b3c669070f797701?s=96&d=mm&r=g","contentUrl":"https:\/\/secure.gravatar.com\/avatar\/f912434ef7f389c92cb311fcdae346af848465d638912574b3c669070f797701?s=96&d=mm&r=g","caption":"TMax Tecnologia"},"url":"https:\/\/www.institutodeengenharia.org.br\/site\/author\/tmax\/"}]}},"_links":{"self":[{"href":"https:\/\/www.institutodeengenharia.org.br\/site\/wp-json\/wp\/v2\/posts\/28845","targetHints":{"allow":["GET"]}}],"collection":[{"href":"https:\/\/www.institutodeengenharia.org.br\/site\/wp-json\/wp\/v2\/posts"}],"about":[{"href":"https:\/\/www.institutodeengenharia.org.br\/site\/wp-json\/wp\/v2\/types\/post"}],"author":[{"embeddable":true,"href":"https:\/\/www.institutodeengenharia.org.br\/site\/wp-json\/wp\/v2\/users\/1"}],"replies":[{"embeddable":true,"href":"https:\/\/www.institutodeengenharia.org.br\/site\/wp-json\/wp\/v2\/comments?post=28845"}],"version-history":[{"count":0,"href":"https:\/\/www.institutodeengenharia.org.br\/site\/wp-json\/wp\/v2\/posts\/28845\/revisions"}],"wp:attachment":[{"href":"https:\/\/www.institutodeengenharia.org.br\/site\/wp-json\/wp\/v2\/media?parent=28845"}],"wp:term":[{"taxonomy":"category","embeddable":true,"href":"https:\/\/www.institutodeengenharia.org.br\/site\/wp-json\/wp\/v2\/categories?post=28845"},{"taxonomy":"post_tag","embeddable":true,"href":"https:\/\/www.institutodeengenharia.org.br\/site\/wp-json\/wp\/v2\/tags?post=28845"}],"curies":[{"name":"wp","href":"https:\/\/api.w.org\/{rel}","templated":true}]}}