{"id":28833,"date":"2017-11-24T14:09:39","date_gmt":"2017-11-24T14:09:39","guid":{"rendered":"https:\/\/www.institutodeengenharia.org.br\/?p=28833"},"modified":"2017-11-24T12:53:51","modified_gmt":"2017-11-24T12:53:51","slug":"veja-o-sumario-executivo-da-proposta-sobre-a-ocupacao-sustentavel-do-territorio-nacional-pela-ferrovia-associada-ao-agronegocio","status":"publish","type":"post","link":"https:\/\/www.institutodeengenharia.org.br\/site\/2017\/11\/24\/veja-o-sumario-executivo-da-proposta-sobre-a-ocupacao-sustentavel-do-territorio-nacional-pela-ferrovia-associada-ao-agronegocio\/","title":{"rendered":"Veja o sum\u00e1rio executivo da proposta sobre a Ocupa\u00e7\u00e3o Sustent\u00e1vel do Territ\u00f3rio Nacional  pela Ferrovia Associada ao Agroneg\u00f3cio"},"content":{"rendered":"<p><em>O Instituto de Engenharia apresenta \u00e0 sociedade um projeto de desenvolvimento nacional para os pr\u00f3ximos 30 anos, c\u00f4nscio de sua responsabilidade perante o Brasil e seus habitantes, como entidade da sociedade civil voltada ao progresso do Pa\u00eds.<\/p>\n<p>A base para o projeto \u00e9 a constata\u00e7\u00e3o de que a demanda de alimentos pela popula\u00e7\u00e3o mundial \u00e9 crescente e o Brasil ser\u00e1 fonte fundamental de abastecimento, pois os demais produtores j\u00e1 enfrentam o esgotamento das \u00e1reas cultiv\u00e1veis. Atender a essa responsabilidade gera extraordin\u00e1ria oportunidade de desenvolvimento para o Pa\u00eds. Com esse foco, o Instituto<br \/>\nde Engenharia desenvolveu sua Proposta de Ocupa\u00e7\u00e3o Sustent\u00e1vel do Territ\u00f3rio Nacional pela Ferrovia Associada ao Agroneg\u00f3cio, que une produ\u00e7\u00e3o, log\u00edstica e sustentabilidade.<\/em><br \/>\n<strong><br \/>\nClique no arquivo e leia o sum\u00e1rio excutivo. A \u00edntegra do relat\u00f3rio ser\u00e1 disponibilizada em breve.<br \/>\n<a target=\"_blank\" href=\"https:\/\/eventos.iengenharia.org.br\/ocupacaodoterritorio\">Clique aqui<\/a> e veja o hotsite com detalhes sobre a jornada deste trabalho.<\/strong><br \/><a href=\"https:\/\/www.institutodeengenharia.org.br\/site\/wp-content\/uploads\/2018\/02\/arqnot11185.pdf\">arqnot11185.pdf<\/a><\/p>\n<p><b>Autor: Instituto de Engenharia <\/b><\/p>\n","protected":false},"excerpt":{"rendered":"<p>O Instituto de Engenharia apresenta \u00e0 sociedade um projeto de desenvolvimento nacional para os pr\u00f3ximos 30 anos, c\u00f4nscio de sua responsabilidade perante o Brasil e seus habitantes, como entidade da sociedade civil voltada ao progresso do Pa\u00eds. A base para o projeto \u00e9 a constata\u00e7\u00e3o de que a demanda de alimentos pela popula\u00e7\u00e3o mundial \u00e9 [&hellip;]<\/p>\n","protected":false},"author":1,"featured_media":0,"comment_status":"open","ping_status":"open","sticky":false,"template":"","format":"standard","meta":{"footnotes":""},"categories":[27,6],"tags":[],"class_list":{"0":"post-28833","1":"post","2":"type-post","3":"status-publish","4":"format-standard","6":"category-instituto-de-engenharia","7":"category-noticias"},"yoast_head":"<!-- This site is optimized with the Yoast SEO plugin v27.2 - https:\/\/yoast.com\/product\/yoast-seo-wordpress\/ -->\n<title>Veja o sum\u00e1rio executivo da proposta sobre a Ocupa\u00e7\u00e3o Sustent\u00e1vel do Territ\u00f3rio Nacional pela Ferrovia Associada ao Agroneg\u00f3cio  - Instituto de Engenharia<\/title>\n<meta name=\"robots\" content=\"index, follow, max-snippet:-1, max-image-preview:large, max-video-preview:-1\" \/>\n<link rel=\"canonical\" href=\"https:\/\/www.institutodeengenharia.org.br\/site\/2017\/11\/24\/veja-o-sumario-executivo-da-proposta-sobre-a-ocupacao-sustentavel-do-territorio-nacional-pela-ferrovia-associada-ao-agronegocio\/\" \/>\n<meta property=\"og:locale\" content=\"pt_BR\" \/>\n<meta property=\"og:type\" content=\"article\" \/>\n<meta property=\"og:title\" content=\"Veja o sum\u00e1rio executivo da proposta sobre a Ocupa\u00e7\u00e3o Sustent\u00e1vel do Territ\u00f3rio Nacional pela Ferrovia Associada ao Agroneg\u00f3cio  - Instituto de Engenharia\" \/>\n<meta property=\"og:description\" content=\"O Instituto de Engenharia apresenta \u00e0 sociedade um projeto de desenvolvimento nacional para os pr\u00f3ximos 30 anos, c\u00f4nscio de sua responsabilidade perante o Brasil e seus habitantes, como entidade da sociedade civil voltada ao progresso do Pa\u00eds. A base para o projeto \u00e9 a constata\u00e7\u00e3o de que a demanda de alimentos pela popula\u00e7\u00e3o mundial \u00e9 [&hellip;]\" \/>\n<meta property=\"og:url\" content=\"https:\/\/www.institutodeengenharia.org.br\/site\/2017\/11\/24\/veja-o-sumario-executivo-da-proposta-sobre-a-ocupacao-sustentavel-do-territorio-nacional-pela-ferrovia-associada-ao-agronegocio\/\" \/>\n<meta property=\"og:site_name\" content=\"Instituto de Engenharia\" \/>\n<meta property=\"article:publisher\" content=\"https:\/\/www.facebook.com\/institutodeengenharia\" \/>\n<meta property=\"article:published_time\" content=\"2017-11-24T14:09:39+00:00\" \/>\n<meta name=\"author\" content=\"TMax Tecnologia\" \/>\n<meta name=\"twitter:card\" content=\"summary_large_image\" \/>\n<meta name=\"twitter:creator\" content=\"@iengenharia\" \/>\n<meta name=\"twitter:site\" content=\"@iengenharia\" \/>\n<meta name=\"twitter:label1\" content=\"Escrito por\" \/>\n\t<meta name=\"twitter:data1\" content=\"TMax Tecnologia\" \/>\n\t<meta name=\"twitter:label2\" content=\"Est. tempo de leitura\" \/>\n\t<meta name=\"twitter:data2\" content=\"1 minuto\" \/>\n<script type=\"application\/ld+json\" class=\"yoast-schema-graph\">{\"@context\":\"https:\/\/schema.org\",\"@graph\":[{\"@type\":\"Article\",\"@id\":\"https:\/\/www.institutodeengenharia.org.br\/site\/2017\/11\/24\/veja-o-sumario-executivo-da-proposta-sobre-a-ocupacao-sustentavel-do-territorio-nacional-pela-ferrovia-associada-ao-agronegocio\/#article\",\"isPartOf\":{\"@id\":\"https:\/\/www.institutodeengenharia.org.br\/site\/2017\/11\/24\/veja-o-sumario-executivo-da-proposta-sobre-a-ocupacao-sustentavel-do-territorio-nacional-pela-ferrovia-associada-ao-agronegocio\/\"},\"author\":{\"name\":\"TMax Tecnologia\",\"@id\":\"https:\/\/www.institutodeengenharia.org.br\/site\/#\/schema\/person\/3b1ff109facef084739fc2edcb9a127f\"},\"headline\":\"Veja o sum\u00e1rio executivo da proposta sobre a Ocupa\u00e7\u00e3o Sustent\u00e1vel do Territ\u00f3rio Nacional pela Ferrovia Associada ao Agroneg\u00f3cio\",\"datePublished\":\"2017-11-24T14:09:39+00:00\",\"mainEntityOfPage\":{\"@id\":\"https:\/\/www.institutodeengenharia.org.br\/site\/2017\/11\/24\/veja-o-sumario-executivo-da-proposta-sobre-a-ocupacao-sustentavel-do-territorio-nacional-pela-ferrovia-associada-ao-agronegocio\/\"},\"wordCount\":184,\"commentCount\":0,\"publisher\":{\"@id\":\"https:\/\/www.institutodeengenharia.org.br\/site\/#organization\"},\"articleSection\":[\"Instituto de Engenharia\",\"Not\u00edcias\"],\"inLanguage\":\"pt-BR\",\"potentialAction\":[{\"@type\":\"CommentAction\",\"name\":\"Comment\",\"target\":[\"https:\/\/www.institutodeengenharia.org.br\/site\/2017\/11\/24\/veja-o-sumario-executivo-da-proposta-sobre-a-ocupacao-sustentavel-do-territorio-nacional-pela-ferrovia-associada-ao-agronegocio\/#respond\"]}]},{\"@type\":\"WebPage\",\"@id\":\"https:\/\/www.institutodeengenharia.org.br\/site\/2017\/11\/24\/veja-o-sumario-executivo-da-proposta-sobre-a-ocupacao-sustentavel-do-territorio-nacional-pela-ferrovia-associada-ao-agronegocio\/\",\"url\":\"https:\/\/www.institutodeengenharia.org.br\/site\/2017\/11\/24\/veja-o-sumario-executivo-da-proposta-sobre-a-ocupacao-sustentavel-do-territorio-nacional-pela-ferrovia-associada-ao-agronegocio\/\",\"name\":\"Veja o sum\u00e1rio executivo da proposta sobre a Ocupa\u00e7\u00e3o Sustent\u00e1vel do Territ\u00f3rio Nacional pela Ferrovia Associada ao Agroneg\u00f3cio - Instituto de Engenharia\",\"isPartOf\":{\"@id\":\"https:\/\/www.institutodeengenharia.org.br\/site\/#website\"},\"datePublished\":\"2017-11-24T14:09:39+00:00\",\"breadcrumb\":{\"@id\":\"https:\/\/www.institutodeengenharia.org.br\/site\/2017\/11\/24\/veja-o-sumario-executivo-da-proposta-sobre-a-ocupacao-sustentavel-do-territorio-nacional-pela-ferrovia-associada-ao-agronegocio\/#breadcrumb\"},\"inLanguage\":\"pt-BR\",\"potentialAction\":[{\"@type\":\"ReadAction\",\"target\":[\"https:\/\/www.institutodeengenharia.org.br\/site\/2017\/11\/24\/veja-o-sumario-executivo-da-proposta-sobre-a-ocupacao-sustentavel-do-territorio-nacional-pela-ferrovia-associada-ao-agronegocio\/\"]}]},{\"@type\":\"BreadcrumbList\",\"@id\":\"https:\/\/www.institutodeengenharia.org.br\/site\/2017\/11\/24\/veja-o-sumario-executivo-da-proposta-sobre-a-ocupacao-sustentavel-do-territorio-nacional-pela-ferrovia-associada-ao-agronegocio\/#breadcrumb\",\"itemListElement\":[{\"@type\":\"ListItem\",\"position\":1,\"name\":\"In\u00edcio\",\"item\":\"https:\/\/www.institutodeengenharia.org.br\/site\/\"},{\"@type\":\"ListItem\",\"position\":2,\"name\":\"Veja o sum\u00e1rio executivo da proposta sobre a Ocupa\u00e7\u00e3o Sustent\u00e1vel do Territ\u00f3rio Nacional pela Ferrovia Associada ao Agroneg\u00f3cio\"}]},{\"@type\":\"WebSite\",\"@id\":\"https:\/\/www.institutodeengenharia.org.br\/site\/#website\",\"url\":\"https:\/\/www.institutodeengenharia.org.br\/site\/\",\"name\":\"Instituto de Engenharia\",\"description\":\"O Instituto de Engenharia promove a Engenharia em benef\u00edcio do desenvolvimento e da qualidade de vida da sociedade.\",\"publisher\":{\"@id\":\"https:\/\/www.institutodeengenharia.org.br\/site\/#organization\"},\"potentialAction\":[{\"@type\":\"SearchAction\",\"target\":{\"@type\":\"EntryPoint\",\"urlTemplate\":\"https:\/\/www.institutodeengenharia.org.br\/site\/?s={search_term_string}\"},\"query-input\":{\"@type\":\"PropertyValueSpecification\",\"valueRequired\":true,\"valueName\":\"search_term_string\"}}],\"inLanguage\":\"pt-BR\"},{\"@type\":\"Organization\",\"@id\":\"https:\/\/www.institutodeengenharia.org.br\/site\/#organization\",\"name\":\"Instituto de Engenharia\",\"url\":\"https:\/\/www.institutodeengenharia.org.br\/site\/\",\"logo\":{\"@type\":\"ImageObject\",\"inLanguage\":\"pt-BR\",\"@id\":\"https:\/\/www.institutodeengenharia.org.br\/site\/#\/schema\/logo\/image\/\",\"url\":\"https:\/\/www.institutodeengenharia.org.br\/site\/wp-content\/uploads\/2019\/03\/logo-novo-IE2018-1.jpg\",\"contentUrl\":\"https:\/\/www.institutodeengenharia.org.br\/site\/wp-content\/uploads\/2019\/03\/logo-novo-IE2018-1.jpg\",\"width\":1486,\"height\":1879,\"caption\":\"Instituto de Engenharia\"},\"image\":{\"@id\":\"https:\/\/www.institutodeengenharia.org.br\/site\/#\/schema\/logo\/image\/\"},\"sameAs\":[\"https:\/\/www.facebook.com\/institutodeengenharia\",\"https:\/\/x.com\/iengenharia\",\"https:\/\/www.instagram.com\/institutodeengenharia\/\",\"https:\/\/www.linkedin.com\/company\/instituto-de-engenharia\/\",\"https:\/\/www.youtube.com\/channel\/UCXiCAlsSMe977vamW915HxA\"]},{\"@type\":\"Person\",\"@id\":\"https:\/\/www.institutodeengenharia.org.br\/site\/#\/schema\/person\/3b1ff109facef084739fc2edcb9a127f\",\"name\":\"TMax Tecnologia\",\"image\":{\"@type\":\"ImageObject\",\"inLanguage\":\"pt-BR\",\"@id\":\"https:\/\/secure.gravatar.com\/avatar\/f912434ef7f389c92cb311fcdae346af848465d638912574b3c669070f797701?s=96&d=mm&r=g\",\"url\":\"https:\/\/secure.gravatar.com\/avatar\/f912434ef7f389c92cb311fcdae346af848465d638912574b3c669070f797701?s=96&d=mm&r=g\",\"contentUrl\":\"https:\/\/secure.gravatar.com\/avatar\/f912434ef7f389c92cb311fcdae346af848465d638912574b3c669070f797701?s=96&d=mm&r=g\",\"caption\":\"TMax Tecnologia\"},\"url\":\"https:\/\/www.institutodeengenharia.org.br\/site\/author\/tmax\/\"}]}<\/script>\n<!-- \/ Yoast SEO plugin. -->","yoast_head_json":{"title":"Veja o sum\u00e1rio executivo da proposta sobre a Ocupa\u00e7\u00e3o Sustent\u00e1vel do Territ\u00f3rio Nacional pela Ferrovia Associada ao Agroneg\u00f3cio  - Instituto de Engenharia","robots":{"index":"index","follow":"follow","max-snippet":"max-snippet:-1","max-image-preview":"max-image-preview:large","max-video-preview":"max-video-preview:-1"},"canonical":"https:\/\/www.institutodeengenharia.org.br\/site\/2017\/11\/24\/veja-o-sumario-executivo-da-proposta-sobre-a-ocupacao-sustentavel-do-territorio-nacional-pela-ferrovia-associada-ao-agronegocio\/","og_locale":"pt_BR","og_type":"article","og_title":"Veja o sum\u00e1rio executivo da proposta sobre a Ocupa\u00e7\u00e3o Sustent\u00e1vel do Territ\u00f3rio Nacional pela Ferrovia Associada ao Agroneg\u00f3cio  - Instituto de Engenharia","og_description":"O Instituto de Engenharia apresenta \u00e0 sociedade um projeto de desenvolvimento nacional para os pr\u00f3ximos 30 anos, c\u00f4nscio de sua responsabilidade perante o Brasil e seus habitantes, como entidade da sociedade civil voltada ao progresso do Pa\u00eds. A base para o projeto \u00e9 a constata\u00e7\u00e3o de que a demanda de alimentos pela popula\u00e7\u00e3o mundial \u00e9 [&hellip;]","og_url":"https:\/\/www.institutodeengenharia.org.br\/site\/2017\/11\/24\/veja-o-sumario-executivo-da-proposta-sobre-a-ocupacao-sustentavel-do-territorio-nacional-pela-ferrovia-associada-ao-agronegocio\/","og_site_name":"Instituto de Engenharia","article_publisher":"https:\/\/www.facebook.com\/institutodeengenharia","article_published_time":"2017-11-24T14:09:39+00:00","author":"TMax Tecnologia","twitter_card":"summary_large_image","twitter_creator":"@iengenharia","twitter_site":"@iengenharia","twitter_misc":{"Escrito por":"TMax Tecnologia","Est. tempo de leitura":"1 minuto"},"schema":{"@context":"https:\/\/schema.org","@graph":[{"@type":"Article","@id":"https:\/\/www.institutodeengenharia.org.br\/site\/2017\/11\/24\/veja-o-sumario-executivo-da-proposta-sobre-a-ocupacao-sustentavel-do-territorio-nacional-pela-ferrovia-associada-ao-agronegocio\/#article","isPartOf":{"@id":"https:\/\/www.institutodeengenharia.org.br\/site\/2017\/11\/24\/veja-o-sumario-executivo-da-proposta-sobre-a-ocupacao-sustentavel-do-territorio-nacional-pela-ferrovia-associada-ao-agronegocio\/"},"author":{"name":"TMax Tecnologia","@id":"https:\/\/www.institutodeengenharia.org.br\/site\/#\/schema\/person\/3b1ff109facef084739fc2edcb9a127f"},"headline":"Veja o sum\u00e1rio executivo da proposta sobre a Ocupa\u00e7\u00e3o Sustent\u00e1vel do Territ\u00f3rio Nacional pela Ferrovia Associada ao Agroneg\u00f3cio","datePublished":"2017-11-24T14:09:39+00:00","mainEntityOfPage":{"@id":"https:\/\/www.institutodeengenharia.org.br\/site\/2017\/11\/24\/veja-o-sumario-executivo-da-proposta-sobre-a-ocupacao-sustentavel-do-territorio-nacional-pela-ferrovia-associada-ao-agronegocio\/"},"wordCount":184,"commentCount":0,"publisher":{"@id":"https:\/\/www.institutodeengenharia.org.br\/site\/#organization"},"articleSection":["Instituto de Engenharia","Not\u00edcias"],"inLanguage":"pt-BR","potentialAction":[{"@type":"CommentAction","name":"Comment","target":["https:\/\/www.institutodeengenharia.org.br\/site\/2017\/11\/24\/veja-o-sumario-executivo-da-proposta-sobre-a-ocupacao-sustentavel-do-territorio-nacional-pela-ferrovia-associada-ao-agronegocio\/#respond"]}]},{"@type":"WebPage","@id":"https:\/\/www.institutodeengenharia.org.br\/site\/2017\/11\/24\/veja-o-sumario-executivo-da-proposta-sobre-a-ocupacao-sustentavel-do-territorio-nacional-pela-ferrovia-associada-ao-agronegocio\/","url":"https:\/\/www.institutodeengenharia.org.br\/site\/2017\/11\/24\/veja-o-sumario-executivo-da-proposta-sobre-a-ocupacao-sustentavel-do-territorio-nacional-pela-ferrovia-associada-ao-agronegocio\/","name":"Veja o sum\u00e1rio executivo da proposta sobre a Ocupa\u00e7\u00e3o Sustent\u00e1vel do Territ\u00f3rio Nacional pela Ferrovia Associada ao Agroneg\u00f3cio - Instituto de Engenharia","isPartOf":{"@id":"https:\/\/www.institutodeengenharia.org.br\/site\/#website"},"datePublished":"2017-11-24T14:09:39+00:00","breadcrumb":{"@id":"https:\/\/www.institutodeengenharia.org.br\/site\/2017\/11\/24\/veja-o-sumario-executivo-da-proposta-sobre-a-ocupacao-sustentavel-do-territorio-nacional-pela-ferrovia-associada-ao-agronegocio\/#breadcrumb"},"inLanguage":"pt-BR","potentialAction":[{"@type":"ReadAction","target":["https:\/\/www.institutodeengenharia.org.br\/site\/2017\/11\/24\/veja-o-sumario-executivo-da-proposta-sobre-a-ocupacao-sustentavel-do-territorio-nacional-pela-ferrovia-associada-ao-agronegocio\/"]}]},{"@type":"BreadcrumbList","@id":"https:\/\/www.institutodeengenharia.org.br\/site\/2017\/11\/24\/veja-o-sumario-executivo-da-proposta-sobre-a-ocupacao-sustentavel-do-territorio-nacional-pela-ferrovia-associada-ao-agronegocio\/#breadcrumb","itemListElement":[{"@type":"ListItem","position":1,"name":"In\u00edcio","item":"https:\/\/www.institutodeengenharia.org.br\/site\/"},{"@type":"ListItem","position":2,"name":"Veja o sum\u00e1rio executivo da proposta sobre a Ocupa\u00e7\u00e3o Sustent\u00e1vel do Territ\u00f3rio Nacional pela Ferrovia Associada ao Agroneg\u00f3cio"}]},{"@type":"WebSite","@id":"https:\/\/www.institutodeengenharia.org.br\/site\/#website","url":"https:\/\/www.institutodeengenharia.org.br\/site\/","name":"Instituto de Engenharia","description":"O Instituto de Engenharia promove a Engenharia em benef\u00edcio do desenvolvimento e da qualidade de vida da sociedade.","publisher":{"@id":"https:\/\/www.institutodeengenharia.org.br\/site\/#organization"},"potentialAction":[{"@type":"SearchAction","target":{"@type":"EntryPoint","urlTemplate":"https:\/\/www.institutodeengenharia.org.br\/site\/?s={search_term_string}"},"query-input":{"@type":"PropertyValueSpecification","valueRequired":true,"valueName":"search_term_string"}}],"inLanguage":"pt-BR"},{"@type":"Organization","@id":"https:\/\/www.institutodeengenharia.org.br\/site\/#organization","name":"Instituto de Engenharia","url":"https:\/\/www.institutodeengenharia.org.br\/site\/","logo":{"@type":"ImageObject","inLanguage":"pt-BR","@id":"https:\/\/www.institutodeengenharia.org.br\/site\/#\/schema\/logo\/image\/","url":"https:\/\/www.institutodeengenharia.org.br\/site\/wp-content\/uploads\/2019\/03\/logo-novo-IE2018-1.jpg","contentUrl":"https:\/\/www.institutodeengenharia.org.br\/site\/wp-content\/uploads\/2019\/03\/logo-novo-IE2018-1.jpg","width":1486,"height":1879,"caption":"Instituto de Engenharia"},"image":{"@id":"https:\/\/www.institutodeengenharia.org.br\/site\/#\/schema\/logo\/image\/"},"sameAs":["https:\/\/www.facebook.com\/institutodeengenharia","https:\/\/x.com\/iengenharia","https:\/\/www.instagram.com\/institutodeengenharia\/","https:\/\/www.linkedin.com\/company\/instituto-de-engenharia\/","https:\/\/www.youtube.com\/channel\/UCXiCAlsSMe977vamW915HxA"]},{"@type":"Person","@id":"https:\/\/www.institutodeengenharia.org.br\/site\/#\/schema\/person\/3b1ff109facef084739fc2edcb9a127f","name":"TMax Tecnologia","image":{"@type":"ImageObject","inLanguage":"pt-BR","@id":"https:\/\/secure.gravatar.com\/avatar\/f912434ef7f389c92cb311fcdae346af848465d638912574b3c669070f797701?s=96&d=mm&r=g","url":"https:\/\/secure.gravatar.com\/avatar\/f912434ef7f389c92cb311fcdae346af848465d638912574b3c669070f797701?s=96&d=mm&r=g","contentUrl":"https:\/\/secure.gravatar.com\/avatar\/f912434ef7f389c92cb311fcdae346af848465d638912574b3c669070f797701?s=96&d=mm&r=g","caption":"TMax Tecnologia"},"url":"https:\/\/www.institutodeengenharia.org.br\/site\/author\/tmax\/"}]}},"_links":{"self":[{"href":"https:\/\/www.institutodeengenharia.org.br\/site\/wp-json\/wp\/v2\/posts\/28833","targetHints":{"allow":["GET"]}}],"collection":[{"href":"https:\/\/www.institutodeengenharia.org.br\/site\/wp-json\/wp\/v2\/posts"}],"about":[{"href":"https:\/\/www.institutodeengenharia.org.br\/site\/wp-json\/wp\/v2\/types\/post"}],"author":[{"embeddable":true,"href":"https:\/\/www.institutodeengenharia.org.br\/site\/wp-json\/wp\/v2\/users\/1"}],"replies":[{"embeddable":true,"href":"https:\/\/www.institutodeengenharia.org.br\/site\/wp-json\/wp\/v2\/comments?post=28833"}],"version-history":[{"count":0,"href":"https:\/\/www.institutodeengenharia.org.br\/site\/wp-json\/wp\/v2\/posts\/28833\/revisions"}],"wp:attachment":[{"href":"https:\/\/www.institutodeengenharia.org.br\/site\/wp-json\/wp\/v2\/media?parent=28833"}],"wp:term":[{"taxonomy":"category","embeddable":true,"href":"https:\/\/www.institutodeengenharia.org.br\/site\/wp-json\/wp\/v2\/categories?post=28833"},{"taxonomy":"post_tag","embeddable":true,"href":"https:\/\/www.institutodeengenharia.org.br\/site\/wp-json\/wp\/v2\/tags?post=28833"}],"curies":[{"name":"wp","href":"https:\/\/api.w.org\/{rel}","templated":true}]}}