{"id":28822,"date":"2017-11-17T14:09:31","date_gmt":"2017-11-17T14:09:31","guid":{"rendered":"https:\/\/www.institutodeengenharia.org.br\/?p=28822"},"modified":"2017-11-17T16:18:20","modified_gmt":"2017-11-17T16:18:20","slug":"com-cobertura-solar-mega-posto-de-recarga-eletrica-da-tesla-ja-esta-pronto-para-inauguracao","status":"publish","type":"post","link":"https:\/\/www.institutodeengenharia.org.br\/site\/2017\/11\/17\/com-cobertura-solar-mega-posto-de-recarga-eletrica-da-tesla-ja-esta-pronto-para-inauguracao\/","title":{"rendered":"Com cobertura solar, mega posto de recarga el\u00e9trica da Tesla j\u00e1 est\u00e1 pronto para inaugura\u00e7\u00e3o"},"content":{"rendered":"<p>Ao passo que as ind\u00fastrias automobil\u00edsticas anunciam seus novos investimentos em ve\u00edculos el\u00e9tricos, cresce a demanda por pontos de recarga nas estradas \u2013 que ainda tem um n\u00famero \u00ednfimo. H\u00e1 poucos dias, duas iniciativas na Europa veio a tona neste sentido e hoje o destaque vai para a gigante de el\u00e9tricos Tesla, que est\u00e1 prestes a lan\u00e7ar suas duas maiores esta\u00e7\u00f5es de recarga nos Estados Unidos.<\/p>\n<p>Localizada em duas cidades da Calif\u00f3rnia, cada esta\u00e7\u00e3o possui 40 pontos de recarga. \u00c9 como um grande estacionamento, muito maior do que um posto de gasolina comum. Mas n\u00e3o \u00e9 s\u00f3 no tamanho que ela se difere: muito mais servi\u00e7os s\u00e3o oferecidos nas esta\u00e7\u00f5es da Tesla, como, por exemplo, bebidas artesanais, comida, \u00e1reas de estar e at\u00e9 \u00e1reas para crian\u00e7as.<\/p>\n<p><img loading=\"lazy\" decoding=\"async\" src=\"http:\/\/cdn.ciclovivo.com.br\/wp-content\/uploads\/2017\/11\/tesla-recarga1.jpg\" alt=\"\" width=\"620\" height=\"695\" \/><\/p>\n<p>Estruturalmente, o espa\u00e7o possui uma cobertura solar e bateria para armazenamento da energia renov\u00e1vel gerada. A ideia \u00e9 ser um espa\u00e7o agrad\u00e1vel no qual o motorista possa fazer uma pausa com a fam\u00edlia, comer algo, \u201cesticar as pernas\u201d, enquanto recarrega seu autom\u00f3vel<\/p>\n<p><img loading=\"lazy\" decoding=\"async\" src=\"http:\/\/cdn.ciclovivo.com.br\/wp-content\/uploads\/2017\/11\/tesla-recarga2.jpg\" alt=\"\" width=\"620\" height=\"465\" \/><\/p>\n<p><img loading=\"lazy\" decoding=\"async\" src=\"http:\/\/cdn.ciclovivo.com.br\/wp-content\/uploads\/2017\/11\/tesla-recarga3.jpg\" alt=\"\" width=\"620\" height=\"465\" \/><\/p>\n<p><img loading=\"lazy\" decoding=\"async\" src=\"http:\/\/cdn.ciclovivo.com.br\/wp-content\/uploads\/2017\/11\/tesla-recarga4.jpg\" alt=\"\" width=\"620\" height=\"465\" \/><\/p>\n<p><img loading=\"lazy\" decoding=\"async\" src=\"http:\/\/cdn.ciclovivo.com.br\/wp-content\/uploads\/2017\/11\/tesla-recarga5.jpg\" alt=\"\" width=\"620\" height=\"465\" \/><\/p>\n<p><img loading=\"lazy\" decoding=\"async\" src=\"http:\/\/cdn.ciclovivo.com.br\/wp-content\/uploads\/2017\/11\/tesla-recarga6.jpg\" alt=\"\" width=\"620\" height=\"465\" \/><\/p>\n<p><b>Autor: Ciclo Vivo<\/b><\/p>\n","protected":false},"excerpt":{"rendered":"<p>As esta\u00e7\u00f5es constru\u00eddas em duas cidades da Calif\u00f3rnia tamb\u00e9m funcionam como posto de conveni\u00eancia<\/p>\n","protected":false},"author":1,"featured_media":28823,"comment_status":"open","ping_status":"open","sticky":false,"template":"","format":"standard","meta":{"footnotes":""},"categories":[24,6],"tags":[],"class_list":{"0":"post-28822","1":"post","2":"type-post","3":"status-publish","4":"format-standard","5":"has-post-thumbnail","7":"category-energia","8":"category-noticias"},"yoast_head":"<!-- This site is optimized with the Yoast SEO plugin v27.2 - https:\/\/yoast.com\/product\/yoast-seo-wordpress\/ -->\n<title>Com cobertura solar, mega posto de recarga el\u00e9trica da Tesla j\u00e1 est\u00e1 pronto para inaugura\u00e7\u00e3o - Instituto de Engenharia<\/title>\n<meta name=\"robots\" content=\"index, follow, max-snippet:-1, max-image-preview:large, max-video-preview:-1\" \/>\n<link rel=\"canonical\" href=\"https:\/\/www.institutodeengenharia.org.br\/site\/2017\/11\/17\/com-cobertura-solar-mega-posto-de-recarga-eletrica-da-tesla-ja-esta-pronto-para-inauguracao\/\" \/>\n<meta property=\"og:locale\" content=\"pt_BR\" \/>\n<meta property=\"og:type\" content=\"article\" \/>\n<meta property=\"og:title\" content=\"Com cobertura solar, mega posto de recarga el\u00e9trica da Tesla j\u00e1 est\u00e1 pronto para inaugura\u00e7\u00e3o - Instituto de Engenharia\" \/>\n<meta property=\"og:description\" content=\"As esta\u00e7\u00f5es constru\u00eddas em duas cidades da Calif\u00f3rnia tamb\u00e9m funcionam como posto de conveni\u00eancia\" \/>\n<meta property=\"og:url\" content=\"https:\/\/www.institutodeengenharia.org.br\/site\/2017\/11\/17\/com-cobertura-solar-mega-posto-de-recarga-eletrica-da-tesla-ja-esta-pronto-para-inauguracao\/\" \/>\n<meta property=\"og:site_name\" content=\"Instituto de Engenharia\" \/>\n<meta property=\"article:publisher\" content=\"https:\/\/www.facebook.com\/institutodeengenharia\" \/>\n<meta property=\"article:published_time\" content=\"2017-11-17T14:09:31+00:00\" \/>\n<meta property=\"article:modified_time\" content=\"2017-11-17T16:18:20+00:00\" \/>\n<meta property=\"og:image\" content=\"https:\/\/www.institutodeengenharia.org.br\/site\/wp-content\/uploads\/2018\/02\/tesla-recarga.jpg\" \/>\n\t<meta property=\"og:image:width\" content=\"1500\" \/>\n\t<meta property=\"og:image:height\" content=\"750\" \/>\n\t<meta property=\"og:image:type\" content=\"image\/jpeg\" \/>\n<meta name=\"author\" content=\"TMax Tecnologia\" \/>\n<meta name=\"twitter:card\" content=\"summary_large_image\" \/>\n<meta name=\"twitter:creator\" content=\"@iengenharia\" \/>\n<meta name=\"twitter:site\" content=\"@iengenharia\" \/>\n<meta name=\"twitter:label1\" content=\"Escrito por\" \/>\n\t<meta name=\"twitter:data1\" content=\"TMax Tecnologia\" \/>\n\t<meta name=\"twitter:label2\" content=\"Est. tempo de leitura\" \/>\n\t<meta name=\"twitter:data2\" content=\"1 minuto\" \/>\n<script type=\"application\/ld+json\" class=\"yoast-schema-graph\">{\"@context\":\"https:\/\/schema.org\",\"@graph\":[{\"@type\":\"Article\",\"@id\":\"https:\/\/www.institutodeengenharia.org.br\/site\/2017\/11\/17\/com-cobertura-solar-mega-posto-de-recarga-eletrica-da-tesla-ja-esta-pronto-para-inauguracao\/#article\",\"isPartOf\":{\"@id\":\"https:\/\/www.institutodeengenharia.org.br\/site\/2017\/11\/17\/com-cobertura-solar-mega-posto-de-recarga-eletrica-da-tesla-ja-esta-pronto-para-inauguracao\/\"},\"author\":{\"name\":\"TMax Tecnologia\",\"@id\":\"https:\/\/www.institutodeengenharia.org.br\/site\/#\/schema\/person\/3b1ff109facef084739fc2edcb9a127f\"},\"headline\":\"Com cobertura solar, mega posto de recarga el\u00e9trica da Tesla j\u00e1 est\u00e1 pronto para inaugura\u00e7\u00e3o\",\"datePublished\":\"2017-11-17T14:09:31+00:00\",\"dateModified\":\"2017-11-17T16:18:20+00:00\",\"mainEntityOfPage\":{\"@id\":\"https:\/\/www.institutodeengenharia.org.br\/site\/2017\/11\/17\/com-cobertura-solar-mega-posto-de-recarga-eletrica-da-tesla-ja-esta-pronto-para-inauguracao\/\"},\"wordCount\":204,\"commentCount\":0,\"publisher\":{\"@id\":\"https:\/\/www.institutodeengenharia.org.br\/site\/#organization\"},\"image\":{\"@id\":\"https:\/\/www.institutodeengenharia.org.br\/site\/2017\/11\/17\/com-cobertura-solar-mega-posto-de-recarga-eletrica-da-tesla-ja-esta-pronto-para-inauguracao\/#primaryimage\"},\"thumbnailUrl\":\"https:\/\/www.institutodeengenharia.org.br\/site\/wp-content\/uploads\/2018\/02\/tesla-recarga.jpg\",\"articleSection\":[\"Energia\",\"Not\u00edcias\"],\"inLanguage\":\"pt-BR\",\"potentialAction\":[{\"@type\":\"CommentAction\",\"name\":\"Comment\",\"target\":[\"https:\/\/www.institutodeengenharia.org.br\/site\/2017\/11\/17\/com-cobertura-solar-mega-posto-de-recarga-eletrica-da-tesla-ja-esta-pronto-para-inauguracao\/#respond\"]}]},{\"@type\":\"WebPage\",\"@id\":\"https:\/\/www.institutodeengenharia.org.br\/site\/2017\/11\/17\/com-cobertura-solar-mega-posto-de-recarga-eletrica-da-tesla-ja-esta-pronto-para-inauguracao\/\",\"url\":\"https:\/\/www.institutodeengenharia.org.br\/site\/2017\/11\/17\/com-cobertura-solar-mega-posto-de-recarga-eletrica-da-tesla-ja-esta-pronto-para-inauguracao\/\",\"name\":\"Com cobertura solar, mega posto de recarga el\u00e9trica da Tesla j\u00e1 est\u00e1 pronto para inaugura\u00e7\u00e3o - Instituto de Engenharia\",\"isPartOf\":{\"@id\":\"https:\/\/www.institutodeengenharia.org.br\/site\/#website\"},\"primaryImageOfPage\":{\"@id\":\"https:\/\/www.institutodeengenharia.org.br\/site\/2017\/11\/17\/com-cobertura-solar-mega-posto-de-recarga-eletrica-da-tesla-ja-esta-pronto-para-inauguracao\/#primaryimage\"},\"image\":{\"@id\":\"https:\/\/www.institutodeengenharia.org.br\/site\/2017\/11\/17\/com-cobertura-solar-mega-posto-de-recarga-eletrica-da-tesla-ja-esta-pronto-para-inauguracao\/#primaryimage\"},\"thumbnailUrl\":\"https:\/\/www.institutodeengenharia.org.br\/site\/wp-content\/uploads\/2018\/02\/tesla-recarga.jpg\",\"datePublished\":\"2017-11-17T14:09:31+00:00\",\"dateModified\":\"2017-11-17T16:18:20+00:00\",\"breadcrumb\":{\"@id\":\"https:\/\/www.institutodeengenharia.org.br\/site\/2017\/11\/17\/com-cobertura-solar-mega-posto-de-recarga-eletrica-da-tesla-ja-esta-pronto-para-inauguracao\/#breadcrumb\"},\"inLanguage\":\"pt-BR\",\"potentialAction\":[{\"@type\":\"ReadAction\",\"target\":[\"https:\/\/www.institutodeengenharia.org.br\/site\/2017\/11\/17\/com-cobertura-solar-mega-posto-de-recarga-eletrica-da-tesla-ja-esta-pronto-para-inauguracao\/\"]}]},{\"@type\":\"ImageObject\",\"inLanguage\":\"pt-BR\",\"@id\":\"https:\/\/www.institutodeengenharia.org.br\/site\/2017\/11\/17\/com-cobertura-solar-mega-posto-de-recarga-eletrica-da-tesla-ja-esta-pronto-para-inauguracao\/#primaryimage\",\"url\":\"https:\/\/www.institutodeengenharia.org.br\/site\/wp-content\/uploads\/2018\/02\/tesla-recarga.jpg\",\"contentUrl\":\"https:\/\/www.institutodeengenharia.org.br\/site\/wp-content\/uploads\/2018\/02\/tesla-recarga.jpg\",\"width\":1500,\"height\":750},{\"@type\":\"BreadcrumbList\",\"@id\":\"https:\/\/www.institutodeengenharia.org.br\/site\/2017\/11\/17\/com-cobertura-solar-mega-posto-de-recarga-eletrica-da-tesla-ja-esta-pronto-para-inauguracao\/#breadcrumb\",\"itemListElement\":[{\"@type\":\"ListItem\",\"position\":1,\"name\":\"In\u00edcio\",\"item\":\"https:\/\/www.institutodeengenharia.org.br\/site\/\"},{\"@type\":\"ListItem\",\"position\":2,\"name\":\"Com cobertura solar, mega posto de recarga el\u00e9trica da Tesla j\u00e1 est\u00e1 pronto para inaugura\u00e7\u00e3o\"}]},{\"@type\":\"WebSite\",\"@id\":\"https:\/\/www.institutodeengenharia.org.br\/site\/#website\",\"url\":\"https:\/\/www.institutodeengenharia.org.br\/site\/\",\"name\":\"Instituto de Engenharia\",\"description\":\"O Instituto de Engenharia promove a Engenharia em benef\u00edcio do desenvolvimento e da qualidade de vida da sociedade.\",\"publisher\":{\"@id\":\"https:\/\/www.institutodeengenharia.org.br\/site\/#organization\"},\"potentialAction\":[{\"@type\":\"SearchAction\",\"target\":{\"@type\":\"EntryPoint\",\"urlTemplate\":\"https:\/\/www.institutodeengenharia.org.br\/site\/?s={search_term_string}\"},\"query-input\":{\"@type\":\"PropertyValueSpecification\",\"valueRequired\":true,\"valueName\":\"search_term_string\"}}],\"inLanguage\":\"pt-BR\"},{\"@type\":\"Organization\",\"@id\":\"https:\/\/www.institutodeengenharia.org.br\/site\/#organization\",\"name\":\"Instituto de Engenharia\",\"url\":\"https:\/\/www.institutodeengenharia.org.br\/site\/\",\"logo\":{\"@type\":\"ImageObject\",\"inLanguage\":\"pt-BR\",\"@id\":\"https:\/\/www.institutodeengenharia.org.br\/site\/#\/schema\/logo\/image\/\",\"url\":\"https:\/\/www.institutodeengenharia.org.br\/site\/wp-content\/uploads\/2019\/03\/logo-novo-IE2018-1.jpg\",\"contentUrl\":\"https:\/\/www.institutodeengenharia.org.br\/site\/wp-content\/uploads\/2019\/03\/logo-novo-IE2018-1.jpg\",\"width\":1486,\"height\":1879,\"caption\":\"Instituto de Engenharia\"},\"image\":{\"@id\":\"https:\/\/www.institutodeengenharia.org.br\/site\/#\/schema\/logo\/image\/\"},\"sameAs\":[\"https:\/\/www.facebook.com\/institutodeengenharia\",\"https:\/\/x.com\/iengenharia\",\"https:\/\/www.instagram.com\/institutodeengenharia\/\",\"https:\/\/www.linkedin.com\/company\/instituto-de-engenharia\/\",\"https:\/\/www.youtube.com\/channel\/UCXiCAlsSMe977vamW915HxA\"]},{\"@type\":\"Person\",\"@id\":\"https:\/\/www.institutodeengenharia.org.br\/site\/#\/schema\/person\/3b1ff109facef084739fc2edcb9a127f\",\"name\":\"TMax Tecnologia\",\"image\":{\"@type\":\"ImageObject\",\"inLanguage\":\"pt-BR\",\"@id\":\"https:\/\/secure.gravatar.com\/avatar\/f912434ef7f389c92cb311fcdae346af848465d638912574b3c669070f797701?s=96&d=mm&r=g\",\"url\":\"https:\/\/secure.gravatar.com\/avatar\/f912434ef7f389c92cb311fcdae346af848465d638912574b3c669070f797701?s=96&d=mm&r=g\",\"contentUrl\":\"https:\/\/secure.gravatar.com\/avatar\/f912434ef7f389c92cb311fcdae346af848465d638912574b3c669070f797701?s=96&d=mm&r=g\",\"caption\":\"TMax Tecnologia\"},\"url\":\"https:\/\/www.institutodeengenharia.org.br\/site\/author\/tmax\/\"}]}<\/script>\n<!-- \/ Yoast SEO plugin. -->","yoast_head_json":{"title":"Com cobertura solar, mega posto de recarga el\u00e9trica da Tesla j\u00e1 est\u00e1 pronto para inaugura\u00e7\u00e3o - Instituto de Engenharia","robots":{"index":"index","follow":"follow","max-snippet":"max-snippet:-1","max-image-preview":"max-image-preview:large","max-video-preview":"max-video-preview:-1"},"canonical":"https:\/\/www.institutodeengenharia.org.br\/site\/2017\/11\/17\/com-cobertura-solar-mega-posto-de-recarga-eletrica-da-tesla-ja-esta-pronto-para-inauguracao\/","og_locale":"pt_BR","og_type":"article","og_title":"Com cobertura solar, mega posto de recarga el\u00e9trica da Tesla j\u00e1 est\u00e1 pronto para inaugura\u00e7\u00e3o - Instituto de Engenharia","og_description":"As esta\u00e7\u00f5es constru\u00eddas em duas cidades da Calif\u00f3rnia tamb\u00e9m funcionam como posto de conveni\u00eancia","og_url":"https:\/\/www.institutodeengenharia.org.br\/site\/2017\/11\/17\/com-cobertura-solar-mega-posto-de-recarga-eletrica-da-tesla-ja-esta-pronto-para-inauguracao\/","og_site_name":"Instituto de Engenharia","article_publisher":"https:\/\/www.facebook.com\/institutodeengenharia","article_published_time":"2017-11-17T14:09:31+00:00","article_modified_time":"2017-11-17T16:18:20+00:00","og_image":[{"width":1500,"height":750,"url":"https:\/\/www.institutodeengenharia.org.br\/site\/wp-content\/uploads\/2018\/02\/tesla-recarga.jpg","type":"image\/jpeg"}],"author":"TMax Tecnologia","twitter_card":"summary_large_image","twitter_creator":"@iengenharia","twitter_site":"@iengenharia","twitter_misc":{"Escrito por":"TMax Tecnologia","Est. tempo de leitura":"1 minuto"},"schema":{"@context":"https:\/\/schema.org","@graph":[{"@type":"Article","@id":"https:\/\/www.institutodeengenharia.org.br\/site\/2017\/11\/17\/com-cobertura-solar-mega-posto-de-recarga-eletrica-da-tesla-ja-esta-pronto-para-inauguracao\/#article","isPartOf":{"@id":"https:\/\/www.institutodeengenharia.org.br\/site\/2017\/11\/17\/com-cobertura-solar-mega-posto-de-recarga-eletrica-da-tesla-ja-esta-pronto-para-inauguracao\/"},"author":{"name":"TMax Tecnologia","@id":"https:\/\/www.institutodeengenharia.org.br\/site\/#\/schema\/person\/3b1ff109facef084739fc2edcb9a127f"},"headline":"Com cobertura solar, mega posto de recarga el\u00e9trica da Tesla j\u00e1 est\u00e1 pronto para inaugura\u00e7\u00e3o","datePublished":"2017-11-17T14:09:31+00:00","dateModified":"2017-11-17T16:18:20+00:00","mainEntityOfPage":{"@id":"https:\/\/www.institutodeengenharia.org.br\/site\/2017\/11\/17\/com-cobertura-solar-mega-posto-de-recarga-eletrica-da-tesla-ja-esta-pronto-para-inauguracao\/"},"wordCount":204,"commentCount":0,"publisher":{"@id":"https:\/\/www.institutodeengenharia.org.br\/site\/#organization"},"image":{"@id":"https:\/\/www.institutodeengenharia.org.br\/site\/2017\/11\/17\/com-cobertura-solar-mega-posto-de-recarga-eletrica-da-tesla-ja-esta-pronto-para-inauguracao\/#primaryimage"},"thumbnailUrl":"https:\/\/www.institutodeengenharia.org.br\/site\/wp-content\/uploads\/2018\/02\/tesla-recarga.jpg","articleSection":["Energia","Not\u00edcias"],"inLanguage":"pt-BR","potentialAction":[{"@type":"CommentAction","name":"Comment","target":["https:\/\/www.institutodeengenharia.org.br\/site\/2017\/11\/17\/com-cobertura-solar-mega-posto-de-recarga-eletrica-da-tesla-ja-esta-pronto-para-inauguracao\/#respond"]}]},{"@type":"WebPage","@id":"https:\/\/www.institutodeengenharia.org.br\/site\/2017\/11\/17\/com-cobertura-solar-mega-posto-de-recarga-eletrica-da-tesla-ja-esta-pronto-para-inauguracao\/","url":"https:\/\/www.institutodeengenharia.org.br\/site\/2017\/11\/17\/com-cobertura-solar-mega-posto-de-recarga-eletrica-da-tesla-ja-esta-pronto-para-inauguracao\/","name":"Com cobertura solar, mega posto de recarga el\u00e9trica da Tesla j\u00e1 est\u00e1 pronto para inaugura\u00e7\u00e3o - Instituto de Engenharia","isPartOf":{"@id":"https:\/\/www.institutodeengenharia.org.br\/site\/#website"},"primaryImageOfPage":{"@id":"https:\/\/www.institutodeengenharia.org.br\/site\/2017\/11\/17\/com-cobertura-solar-mega-posto-de-recarga-eletrica-da-tesla-ja-esta-pronto-para-inauguracao\/#primaryimage"},"image":{"@id":"https:\/\/www.institutodeengenharia.org.br\/site\/2017\/11\/17\/com-cobertura-solar-mega-posto-de-recarga-eletrica-da-tesla-ja-esta-pronto-para-inauguracao\/#primaryimage"},"thumbnailUrl":"https:\/\/www.institutodeengenharia.org.br\/site\/wp-content\/uploads\/2018\/02\/tesla-recarga.jpg","datePublished":"2017-11-17T14:09:31+00:00","dateModified":"2017-11-17T16:18:20+00:00","breadcrumb":{"@id":"https:\/\/www.institutodeengenharia.org.br\/site\/2017\/11\/17\/com-cobertura-solar-mega-posto-de-recarga-eletrica-da-tesla-ja-esta-pronto-para-inauguracao\/#breadcrumb"},"inLanguage":"pt-BR","potentialAction":[{"@type":"ReadAction","target":["https:\/\/www.institutodeengenharia.org.br\/site\/2017\/11\/17\/com-cobertura-solar-mega-posto-de-recarga-eletrica-da-tesla-ja-esta-pronto-para-inauguracao\/"]}]},{"@type":"ImageObject","inLanguage":"pt-BR","@id":"https:\/\/www.institutodeengenharia.org.br\/site\/2017\/11\/17\/com-cobertura-solar-mega-posto-de-recarga-eletrica-da-tesla-ja-esta-pronto-para-inauguracao\/#primaryimage","url":"https:\/\/www.institutodeengenharia.org.br\/site\/wp-content\/uploads\/2018\/02\/tesla-recarga.jpg","contentUrl":"https:\/\/www.institutodeengenharia.org.br\/site\/wp-content\/uploads\/2018\/02\/tesla-recarga.jpg","width":1500,"height":750},{"@type":"BreadcrumbList","@id":"https:\/\/www.institutodeengenharia.org.br\/site\/2017\/11\/17\/com-cobertura-solar-mega-posto-de-recarga-eletrica-da-tesla-ja-esta-pronto-para-inauguracao\/#breadcrumb","itemListElement":[{"@type":"ListItem","position":1,"name":"In\u00edcio","item":"https:\/\/www.institutodeengenharia.org.br\/site\/"},{"@type":"ListItem","position":2,"name":"Com cobertura solar, mega posto de recarga el\u00e9trica da Tesla j\u00e1 est\u00e1 pronto para inaugura\u00e7\u00e3o"}]},{"@type":"WebSite","@id":"https:\/\/www.institutodeengenharia.org.br\/site\/#website","url":"https:\/\/www.institutodeengenharia.org.br\/site\/","name":"Instituto de Engenharia","description":"O Instituto de Engenharia promove a Engenharia em benef\u00edcio do desenvolvimento e da qualidade de vida da sociedade.","publisher":{"@id":"https:\/\/www.institutodeengenharia.org.br\/site\/#organization"},"potentialAction":[{"@type":"SearchAction","target":{"@type":"EntryPoint","urlTemplate":"https:\/\/www.institutodeengenharia.org.br\/site\/?s={search_term_string}"},"query-input":{"@type":"PropertyValueSpecification","valueRequired":true,"valueName":"search_term_string"}}],"inLanguage":"pt-BR"},{"@type":"Organization","@id":"https:\/\/www.institutodeengenharia.org.br\/site\/#organization","name":"Instituto de Engenharia","url":"https:\/\/www.institutodeengenharia.org.br\/site\/","logo":{"@type":"ImageObject","inLanguage":"pt-BR","@id":"https:\/\/www.institutodeengenharia.org.br\/site\/#\/schema\/logo\/image\/","url":"https:\/\/www.institutodeengenharia.org.br\/site\/wp-content\/uploads\/2019\/03\/logo-novo-IE2018-1.jpg","contentUrl":"https:\/\/www.institutodeengenharia.org.br\/site\/wp-content\/uploads\/2019\/03\/logo-novo-IE2018-1.jpg","width":1486,"height":1879,"caption":"Instituto de Engenharia"},"image":{"@id":"https:\/\/www.institutodeengenharia.org.br\/site\/#\/schema\/logo\/image\/"},"sameAs":["https:\/\/www.facebook.com\/institutodeengenharia","https:\/\/x.com\/iengenharia","https:\/\/www.instagram.com\/institutodeengenharia\/","https:\/\/www.linkedin.com\/company\/instituto-de-engenharia\/","https:\/\/www.youtube.com\/channel\/UCXiCAlsSMe977vamW915HxA"]},{"@type":"Person","@id":"https:\/\/www.institutodeengenharia.org.br\/site\/#\/schema\/person\/3b1ff109facef084739fc2edcb9a127f","name":"TMax Tecnologia","image":{"@type":"ImageObject","inLanguage":"pt-BR","@id":"https:\/\/secure.gravatar.com\/avatar\/f912434ef7f389c92cb311fcdae346af848465d638912574b3c669070f797701?s=96&d=mm&r=g","url":"https:\/\/secure.gravatar.com\/avatar\/f912434ef7f389c92cb311fcdae346af848465d638912574b3c669070f797701?s=96&d=mm&r=g","contentUrl":"https:\/\/secure.gravatar.com\/avatar\/f912434ef7f389c92cb311fcdae346af848465d638912574b3c669070f797701?s=96&d=mm&r=g","caption":"TMax Tecnologia"},"url":"https:\/\/www.institutodeengenharia.org.br\/site\/author\/tmax\/"}]}},"_links":{"self":[{"href":"https:\/\/www.institutodeengenharia.org.br\/site\/wp-json\/wp\/v2\/posts\/28822","targetHints":{"allow":["GET"]}}],"collection":[{"href":"https:\/\/www.institutodeengenharia.org.br\/site\/wp-json\/wp\/v2\/posts"}],"about":[{"href":"https:\/\/www.institutodeengenharia.org.br\/site\/wp-json\/wp\/v2\/types\/post"}],"author":[{"embeddable":true,"href":"https:\/\/www.institutodeengenharia.org.br\/site\/wp-json\/wp\/v2\/users\/1"}],"replies":[{"embeddable":true,"href":"https:\/\/www.institutodeengenharia.org.br\/site\/wp-json\/wp\/v2\/comments?post=28822"}],"version-history":[{"count":0,"href":"https:\/\/www.institutodeengenharia.org.br\/site\/wp-json\/wp\/v2\/posts\/28822\/revisions"}],"wp:featuredmedia":[{"embeddable":true,"href":"https:\/\/www.institutodeengenharia.org.br\/site\/wp-json\/wp\/v2\/media\/28823"}],"wp:attachment":[{"href":"https:\/\/www.institutodeengenharia.org.br\/site\/wp-json\/wp\/v2\/media?parent=28822"}],"wp:term":[{"taxonomy":"category","embeddable":true,"href":"https:\/\/www.institutodeengenharia.org.br\/site\/wp-json\/wp\/v2\/categories?post=28822"},{"taxonomy":"post_tag","embeddable":true,"href":"https:\/\/www.institutodeengenharia.org.br\/site\/wp-json\/wp\/v2\/tags?post=28822"}],"curies":[{"name":"wp","href":"https:\/\/api.w.org\/{rel}","templated":true}]}}