{"id":28816,"date":"2017-11-16T14:09:28","date_gmt":"2017-11-16T14:09:28","guid":{"rendered":"https:\/\/www.institutodeengenharia.org.br\/?p=28816"},"modified":"2017-11-16T16:54:54","modified_gmt":"2017-11-16T16:54:54","slug":"emissoes-globais-de-dioxido-de-carbono-elevamse-apos-tres-anos-de-estabilidade","status":"publish","type":"post","link":"https:\/\/www.institutodeengenharia.org.br\/site\/2017\/11\/16\/emissoes-globais-de-dioxido-de-carbono-elevamse-apos-tres-anos-de-estabilidade\/","title":{"rendered":"Emiss\u00f5es globais de di\u00f3xido de carbono elevam-se ap\u00f3s tr\u00eas anos de estabilidade"},"content":{"rendered":"<p>\nFoto: iStock by Getty Images<\/p>\n<p>No final de 2017, as emiss\u00f5es globais de di\u00f3xido de carbono dos combust\u00edveis f\u00f3sseis e da ind\u00fastria dever\u00e3o aumentar em cerca de 2% em rela\u00e7\u00e3o ao ano anterior, com um intervalo de incerteza entre 0,8% e 3%. Esta not\u00edcia vem depois de tr\u00eas anos de emiss\u00f5es permanecendo relativamente est\u00e1veis.<\/p>\n<p>Essa \u00e9 a conclus\u00e3o do Or\u00e7amento Global de Carbono 2017, que foi publicado na \u00faltima segunda-feira (13) pelo Global Carbon Project (GCP) nas revistas Nature Climate Change, Environmental Research Letters e Earth System Science Data Discussions. O an\u00fancio ocorre quando as na\u00e7\u00f5es se encontram em Bonn, na Alemanha, para as negocia\u00e7\u00f5es anuais sobre o clima das Na\u00e7\u00f5es Unidas (COP23).<\/p>\n<p>\u201cAs emiss\u00f5es globais de di\u00f3xido de carbono parecem estar aumentando fortemente ap\u00f3s um per\u00edodo est\u00e1vel de tr\u00eas anos. Isso \u00e9 muito decepcionante\u201d, disse Corinne Le Qu\u00e9r\u00e9, diretora do Centro Tyndall para Pesquisa sobre Mudan\u00e7as Clim\u00e1ticas da Universidade de East Anglia. \u201cCom as emiss\u00f5es globais de CO2 de todas as atividades humanas estimadas em 41 bilh\u00f5es de toneladas para 2017, o tempo est\u00e1 se esgotando em nossa capacidade de manter o aquecimento bem abaixo de 2.C, e menos ainda de 1,5 C\u201d, completa.<\/p>\n<p>As emiss\u00f5es da China representam 28% das emiss\u00f5es globais. \u201cO retorno ao crescimento das emiss\u00f5es globais em 2017 deve-se em grande parte ao retorno ao crescimento das emiss\u00f5es chinesas, projetadas para crescer 3,5% em 2017 ap\u00f3s dois anos com diminui\u00e7\u00e3o das emiss\u00f5es. O uso do carv\u00e3o, a principal fonte de combust\u00edvel na China, pode aumentar em 3% devido ao crescimento mais forte da produ\u00e7\u00e3o industrial e \u00e0 menor gera\u00e7\u00e3o de energia hidrel\u00e9trica devido \u00e0 menor precipita\u00e7\u00e3o\u201d, disse o coautor Glen Peters, que liderou um dos estudos.<\/p>\n<p>\u201cV\u00e1rios fatores apontam para um aumento cont\u00ednuo em 2018\u201d, disse Robert Jackson, coautor do relat\u00f3rio e professor da ci\u00eancia do sistema terrestre na Universidade de Stanford. \u201cEssa \u00e9 uma preocupa\u00e7\u00e3o real\u201d.<\/p>\n<p>No entanto, a equipe disse que, apesar do crescimento em 2017, \u00e9 muito cedo para dizer se este \u00e9 um evento \u00fanico no caminho para um pico global de emiss\u00f5es, ou o in\u00edcio de um novo per\u00edodo com press\u00e3o ascendente sobre emiss\u00f5es globais crescimento.<\/p>\n<p>No longo prazo, \u00e9 improv\u00e1vel que as emiss\u00f5es voltem \u00e0s altas taxas de crescimento persistentes observadas durante os anos 2000, de mais de 3% ao ano. \u00c9 mais prov\u00e1vel que as emiss\u00f5es atinjam ou tenham um crescimento ligeiramente positivo, em grande medida em conformidade com as promessas de emiss\u00f5es nacionais submetidas ao Acordo de Paris.<br \/>\n<strong><br \/>\nEmiss\u00f5es diminu\u00edram em 22 pa\u00edses<\/strong><\/p>\n<p>Tamb\u00e9m houve algumas boas not\u00edcias no relat\u00f3rio: na \u00faltima d\u00e9cada (2007 -2016), as emiss\u00f5es em 22 pa\u00edses (representando 20% das emiss\u00f5es globais) diminu\u00edram enquanto suas economias cresciam. Tecnologias como energia e\u00f3lica e solar cresceram em todo o mundo em cerca de 14% ao ano nos \u00faltimos anos, de acordo com o relat\u00f3rio.<\/p>\n<p><b>Autor: Ciclo Vivo<\/b><\/p>\n","protected":false},"excerpt":{"rendered":"<p>China \u00e9 respons\u00e1vel por 28% das emiss\u00f5es<\/p>\n","protected":false},"author":1,"featured_media":28817,"comment_status":"open","ping_status":"open","sticky":false,"template":"","format":"standard","meta":{"footnotes":""},"categories":[6],"tags":[],"class_list":{"0":"post-28816","1":"post","2":"type-post","3":"status-publish","4":"format-standard","5":"has-post-thumbnail","7":"category-noticias"},"yoast_head":"<!-- This site is optimized with the Yoast SEO plugin v27.2 - https:\/\/yoast.com\/product\/yoast-seo-wordpress\/ -->\n<title>Emiss\u00f5es globais de di\u00f3xido de carbono elevam-se ap\u00f3s tr\u00eas anos de estabilidade - Instituto de Engenharia<\/title>\n<meta name=\"robots\" content=\"index, follow, max-snippet:-1, max-image-preview:large, max-video-preview:-1\" \/>\n<link rel=\"canonical\" href=\"https:\/\/www.institutodeengenharia.org.br\/site\/2017\/11\/16\/emissoes-globais-de-dioxido-de-carbono-elevamse-apos-tres-anos-de-estabilidade\/\" \/>\n<meta property=\"og:locale\" content=\"pt_BR\" \/>\n<meta property=\"og:type\" content=\"article\" \/>\n<meta property=\"og:title\" content=\"Emiss\u00f5es globais de di\u00f3xido de carbono elevam-se ap\u00f3s tr\u00eas anos de estabilidade - Instituto de Engenharia\" \/>\n<meta property=\"og:description\" content=\"China \u00e9 respons\u00e1vel por 28% das emiss\u00f5es\" \/>\n<meta property=\"og:url\" content=\"https:\/\/www.institutodeengenharia.org.br\/site\/2017\/11\/16\/emissoes-globais-de-dioxido-de-carbono-elevamse-apos-tres-anos-de-estabilidade\/\" \/>\n<meta property=\"og:site_name\" content=\"Instituto de Engenharia\" \/>\n<meta property=\"article:publisher\" content=\"https:\/\/www.facebook.com\/institutodeengenharia\" \/>\n<meta property=\"article:published_time\" content=\"2017-11-16T14:09:28+00:00\" \/>\n<meta property=\"article:modified_time\" content=\"2017-11-16T16:54:54+00:00\" \/>\n<meta property=\"og:image\" content=\"https:\/\/www.institutodeengenharia.org.br\/site\/wp-content\/uploads\/2018\/02\/iStock-640915990.jpg\" \/>\n\t<meta property=\"og:image:width\" content=\"1254\" \/>\n\t<meta property=\"og:image:height\" content=\"836\" \/>\n\t<meta property=\"og:image:type\" content=\"image\/jpeg\" \/>\n<meta name=\"author\" content=\"TMax Tecnologia\" \/>\n<meta name=\"twitter:card\" content=\"summary_large_image\" \/>\n<meta name=\"twitter:creator\" content=\"@iengenharia\" \/>\n<meta name=\"twitter:site\" content=\"@iengenharia\" \/>\n<meta name=\"twitter:label1\" content=\"Escrito por\" \/>\n\t<meta name=\"twitter:data1\" content=\"TMax Tecnologia\" \/>\n\t<meta name=\"twitter:label2\" content=\"Est. tempo de leitura\" \/>\n\t<meta name=\"twitter:data2\" content=\"3 minutos\" \/>\n<script type=\"application\/ld+json\" class=\"yoast-schema-graph\">{\"@context\":\"https:\/\/schema.org\",\"@graph\":[{\"@type\":\"Article\",\"@id\":\"https:\/\/www.institutodeengenharia.org.br\/site\/2017\/11\/16\/emissoes-globais-de-dioxido-de-carbono-elevamse-apos-tres-anos-de-estabilidade\/#article\",\"isPartOf\":{\"@id\":\"https:\/\/www.institutodeengenharia.org.br\/site\/2017\/11\/16\/emissoes-globais-de-dioxido-de-carbono-elevamse-apos-tres-anos-de-estabilidade\/\"},\"author\":{\"name\":\"TMax Tecnologia\",\"@id\":\"https:\/\/www.institutodeengenharia.org.br\/site\/#\/schema\/person\/3b1ff109facef084739fc2edcb9a127f\"},\"headline\":\"Emiss\u00f5es globais de di\u00f3xido de carbono elevam-se ap\u00f3s tr\u00eas anos de estabilidade\",\"datePublished\":\"2017-11-16T14:09:28+00:00\",\"dateModified\":\"2017-11-16T16:54:54+00:00\",\"mainEntityOfPage\":{\"@id\":\"https:\/\/www.institutodeengenharia.org.br\/site\/2017\/11\/16\/emissoes-globais-de-dioxido-de-carbono-elevamse-apos-tres-anos-de-estabilidade\/\"},\"wordCount\":524,\"commentCount\":0,\"publisher\":{\"@id\":\"https:\/\/www.institutodeengenharia.org.br\/site\/#organization\"},\"image\":{\"@id\":\"https:\/\/www.institutodeengenharia.org.br\/site\/2017\/11\/16\/emissoes-globais-de-dioxido-de-carbono-elevamse-apos-tres-anos-de-estabilidade\/#primaryimage\"},\"thumbnailUrl\":\"https:\/\/www.institutodeengenharia.org.br\/site\/wp-content\/uploads\/2018\/02\/iStock-640915990.jpg\",\"articleSection\":[\"Not\u00edcias\"],\"inLanguage\":\"pt-BR\",\"potentialAction\":[{\"@type\":\"CommentAction\",\"name\":\"Comment\",\"target\":[\"https:\/\/www.institutodeengenharia.org.br\/site\/2017\/11\/16\/emissoes-globais-de-dioxido-de-carbono-elevamse-apos-tres-anos-de-estabilidade\/#respond\"]}]},{\"@type\":\"WebPage\",\"@id\":\"https:\/\/www.institutodeengenharia.org.br\/site\/2017\/11\/16\/emissoes-globais-de-dioxido-de-carbono-elevamse-apos-tres-anos-de-estabilidade\/\",\"url\":\"https:\/\/www.institutodeengenharia.org.br\/site\/2017\/11\/16\/emissoes-globais-de-dioxido-de-carbono-elevamse-apos-tres-anos-de-estabilidade\/\",\"name\":\"Emiss\u00f5es globais de di\u00f3xido de carbono elevam-se ap\u00f3s tr\u00eas anos de estabilidade - Instituto de Engenharia\",\"isPartOf\":{\"@id\":\"https:\/\/www.institutodeengenharia.org.br\/site\/#website\"},\"primaryImageOfPage\":{\"@id\":\"https:\/\/www.institutodeengenharia.org.br\/site\/2017\/11\/16\/emissoes-globais-de-dioxido-de-carbono-elevamse-apos-tres-anos-de-estabilidade\/#primaryimage\"},\"image\":{\"@id\":\"https:\/\/www.institutodeengenharia.org.br\/site\/2017\/11\/16\/emissoes-globais-de-dioxido-de-carbono-elevamse-apos-tres-anos-de-estabilidade\/#primaryimage\"},\"thumbnailUrl\":\"https:\/\/www.institutodeengenharia.org.br\/site\/wp-content\/uploads\/2018\/02\/iStock-640915990.jpg\",\"datePublished\":\"2017-11-16T14:09:28+00:00\",\"dateModified\":\"2017-11-16T16:54:54+00:00\",\"breadcrumb\":{\"@id\":\"https:\/\/www.institutodeengenharia.org.br\/site\/2017\/11\/16\/emissoes-globais-de-dioxido-de-carbono-elevamse-apos-tres-anos-de-estabilidade\/#breadcrumb\"},\"inLanguage\":\"pt-BR\",\"potentialAction\":[{\"@type\":\"ReadAction\",\"target\":[\"https:\/\/www.institutodeengenharia.org.br\/site\/2017\/11\/16\/emissoes-globais-de-dioxido-de-carbono-elevamse-apos-tres-anos-de-estabilidade\/\"]}]},{\"@type\":\"ImageObject\",\"inLanguage\":\"pt-BR\",\"@id\":\"https:\/\/www.institutodeengenharia.org.br\/site\/2017\/11\/16\/emissoes-globais-de-dioxido-de-carbono-elevamse-apos-tres-anos-de-estabilidade\/#primaryimage\",\"url\":\"https:\/\/www.institutodeengenharia.org.br\/site\/wp-content\/uploads\/2018\/02\/iStock-640915990.jpg\",\"contentUrl\":\"https:\/\/www.institutodeengenharia.org.br\/site\/wp-content\/uploads\/2018\/02\/iStock-640915990.jpg\",\"width\":1254,\"height\":836},{\"@type\":\"BreadcrumbList\",\"@id\":\"https:\/\/www.institutodeengenharia.org.br\/site\/2017\/11\/16\/emissoes-globais-de-dioxido-de-carbono-elevamse-apos-tres-anos-de-estabilidade\/#breadcrumb\",\"itemListElement\":[{\"@type\":\"ListItem\",\"position\":1,\"name\":\"In\u00edcio\",\"item\":\"https:\/\/www.institutodeengenharia.org.br\/site\/\"},{\"@type\":\"ListItem\",\"position\":2,\"name\":\"Emiss\u00f5es globais de di\u00f3xido de carbono elevam-se ap\u00f3s tr\u00eas anos de estabilidade\"}]},{\"@type\":\"WebSite\",\"@id\":\"https:\/\/www.institutodeengenharia.org.br\/site\/#website\",\"url\":\"https:\/\/www.institutodeengenharia.org.br\/site\/\",\"name\":\"Instituto de Engenharia\",\"description\":\"O Instituto de Engenharia promove a Engenharia em benef\u00edcio do desenvolvimento e da qualidade de vida da sociedade.\",\"publisher\":{\"@id\":\"https:\/\/www.institutodeengenharia.org.br\/site\/#organization\"},\"potentialAction\":[{\"@type\":\"SearchAction\",\"target\":{\"@type\":\"EntryPoint\",\"urlTemplate\":\"https:\/\/www.institutodeengenharia.org.br\/site\/?s={search_term_string}\"},\"query-input\":{\"@type\":\"PropertyValueSpecification\",\"valueRequired\":true,\"valueName\":\"search_term_string\"}}],\"inLanguage\":\"pt-BR\"},{\"@type\":\"Organization\",\"@id\":\"https:\/\/www.institutodeengenharia.org.br\/site\/#organization\",\"name\":\"Instituto de Engenharia\",\"url\":\"https:\/\/www.institutodeengenharia.org.br\/site\/\",\"logo\":{\"@type\":\"ImageObject\",\"inLanguage\":\"pt-BR\",\"@id\":\"https:\/\/www.institutodeengenharia.org.br\/site\/#\/schema\/logo\/image\/\",\"url\":\"https:\/\/www.institutodeengenharia.org.br\/site\/wp-content\/uploads\/2019\/03\/logo-novo-IE2018-1.jpg\",\"contentUrl\":\"https:\/\/www.institutodeengenharia.org.br\/site\/wp-content\/uploads\/2019\/03\/logo-novo-IE2018-1.jpg\",\"width\":1486,\"height\":1879,\"caption\":\"Instituto de Engenharia\"},\"image\":{\"@id\":\"https:\/\/www.institutodeengenharia.org.br\/site\/#\/schema\/logo\/image\/\"},\"sameAs\":[\"https:\/\/www.facebook.com\/institutodeengenharia\",\"https:\/\/x.com\/iengenharia\",\"https:\/\/www.instagram.com\/institutodeengenharia\/\",\"https:\/\/www.linkedin.com\/company\/instituto-de-engenharia\/\",\"https:\/\/www.youtube.com\/channel\/UCXiCAlsSMe977vamW915HxA\"]},{\"@type\":\"Person\",\"@id\":\"https:\/\/www.institutodeengenharia.org.br\/site\/#\/schema\/person\/3b1ff109facef084739fc2edcb9a127f\",\"name\":\"TMax Tecnologia\",\"image\":{\"@type\":\"ImageObject\",\"inLanguage\":\"pt-BR\",\"@id\":\"https:\/\/secure.gravatar.com\/avatar\/f912434ef7f389c92cb311fcdae346af848465d638912574b3c669070f797701?s=96&d=mm&r=g\",\"url\":\"https:\/\/secure.gravatar.com\/avatar\/f912434ef7f389c92cb311fcdae346af848465d638912574b3c669070f797701?s=96&d=mm&r=g\",\"contentUrl\":\"https:\/\/secure.gravatar.com\/avatar\/f912434ef7f389c92cb311fcdae346af848465d638912574b3c669070f797701?s=96&d=mm&r=g\",\"caption\":\"TMax Tecnologia\"},\"url\":\"https:\/\/www.institutodeengenharia.org.br\/site\/author\/tmax\/\"}]}<\/script>\n<!-- \/ Yoast SEO plugin. -->","yoast_head_json":{"title":"Emiss\u00f5es globais de di\u00f3xido de carbono elevam-se ap\u00f3s tr\u00eas anos de estabilidade - Instituto de Engenharia","robots":{"index":"index","follow":"follow","max-snippet":"max-snippet:-1","max-image-preview":"max-image-preview:large","max-video-preview":"max-video-preview:-1"},"canonical":"https:\/\/www.institutodeengenharia.org.br\/site\/2017\/11\/16\/emissoes-globais-de-dioxido-de-carbono-elevamse-apos-tres-anos-de-estabilidade\/","og_locale":"pt_BR","og_type":"article","og_title":"Emiss\u00f5es globais de di\u00f3xido de carbono elevam-se ap\u00f3s tr\u00eas anos de estabilidade - Instituto de Engenharia","og_description":"China \u00e9 respons\u00e1vel por 28% das emiss\u00f5es","og_url":"https:\/\/www.institutodeengenharia.org.br\/site\/2017\/11\/16\/emissoes-globais-de-dioxido-de-carbono-elevamse-apos-tres-anos-de-estabilidade\/","og_site_name":"Instituto de Engenharia","article_publisher":"https:\/\/www.facebook.com\/institutodeengenharia","article_published_time":"2017-11-16T14:09:28+00:00","article_modified_time":"2017-11-16T16:54:54+00:00","og_image":[{"width":1254,"height":836,"url":"https:\/\/www.institutodeengenharia.org.br\/site\/wp-content\/uploads\/2018\/02\/iStock-640915990.jpg","type":"image\/jpeg"}],"author":"TMax Tecnologia","twitter_card":"summary_large_image","twitter_creator":"@iengenharia","twitter_site":"@iengenharia","twitter_misc":{"Escrito por":"TMax Tecnologia","Est. tempo de leitura":"3 minutos"},"schema":{"@context":"https:\/\/schema.org","@graph":[{"@type":"Article","@id":"https:\/\/www.institutodeengenharia.org.br\/site\/2017\/11\/16\/emissoes-globais-de-dioxido-de-carbono-elevamse-apos-tres-anos-de-estabilidade\/#article","isPartOf":{"@id":"https:\/\/www.institutodeengenharia.org.br\/site\/2017\/11\/16\/emissoes-globais-de-dioxido-de-carbono-elevamse-apos-tres-anos-de-estabilidade\/"},"author":{"name":"TMax Tecnologia","@id":"https:\/\/www.institutodeengenharia.org.br\/site\/#\/schema\/person\/3b1ff109facef084739fc2edcb9a127f"},"headline":"Emiss\u00f5es globais de di\u00f3xido de carbono elevam-se ap\u00f3s tr\u00eas anos de estabilidade","datePublished":"2017-11-16T14:09:28+00:00","dateModified":"2017-11-16T16:54:54+00:00","mainEntityOfPage":{"@id":"https:\/\/www.institutodeengenharia.org.br\/site\/2017\/11\/16\/emissoes-globais-de-dioxido-de-carbono-elevamse-apos-tres-anos-de-estabilidade\/"},"wordCount":524,"commentCount":0,"publisher":{"@id":"https:\/\/www.institutodeengenharia.org.br\/site\/#organization"},"image":{"@id":"https:\/\/www.institutodeengenharia.org.br\/site\/2017\/11\/16\/emissoes-globais-de-dioxido-de-carbono-elevamse-apos-tres-anos-de-estabilidade\/#primaryimage"},"thumbnailUrl":"https:\/\/www.institutodeengenharia.org.br\/site\/wp-content\/uploads\/2018\/02\/iStock-640915990.jpg","articleSection":["Not\u00edcias"],"inLanguage":"pt-BR","potentialAction":[{"@type":"CommentAction","name":"Comment","target":["https:\/\/www.institutodeengenharia.org.br\/site\/2017\/11\/16\/emissoes-globais-de-dioxido-de-carbono-elevamse-apos-tres-anos-de-estabilidade\/#respond"]}]},{"@type":"WebPage","@id":"https:\/\/www.institutodeengenharia.org.br\/site\/2017\/11\/16\/emissoes-globais-de-dioxido-de-carbono-elevamse-apos-tres-anos-de-estabilidade\/","url":"https:\/\/www.institutodeengenharia.org.br\/site\/2017\/11\/16\/emissoes-globais-de-dioxido-de-carbono-elevamse-apos-tres-anos-de-estabilidade\/","name":"Emiss\u00f5es globais de di\u00f3xido de carbono elevam-se ap\u00f3s tr\u00eas anos de estabilidade - Instituto de Engenharia","isPartOf":{"@id":"https:\/\/www.institutodeengenharia.org.br\/site\/#website"},"primaryImageOfPage":{"@id":"https:\/\/www.institutodeengenharia.org.br\/site\/2017\/11\/16\/emissoes-globais-de-dioxido-de-carbono-elevamse-apos-tres-anos-de-estabilidade\/#primaryimage"},"image":{"@id":"https:\/\/www.institutodeengenharia.org.br\/site\/2017\/11\/16\/emissoes-globais-de-dioxido-de-carbono-elevamse-apos-tres-anos-de-estabilidade\/#primaryimage"},"thumbnailUrl":"https:\/\/www.institutodeengenharia.org.br\/site\/wp-content\/uploads\/2018\/02\/iStock-640915990.jpg","datePublished":"2017-11-16T14:09:28+00:00","dateModified":"2017-11-16T16:54:54+00:00","breadcrumb":{"@id":"https:\/\/www.institutodeengenharia.org.br\/site\/2017\/11\/16\/emissoes-globais-de-dioxido-de-carbono-elevamse-apos-tres-anos-de-estabilidade\/#breadcrumb"},"inLanguage":"pt-BR","potentialAction":[{"@type":"ReadAction","target":["https:\/\/www.institutodeengenharia.org.br\/site\/2017\/11\/16\/emissoes-globais-de-dioxido-de-carbono-elevamse-apos-tres-anos-de-estabilidade\/"]}]},{"@type":"ImageObject","inLanguage":"pt-BR","@id":"https:\/\/www.institutodeengenharia.org.br\/site\/2017\/11\/16\/emissoes-globais-de-dioxido-de-carbono-elevamse-apos-tres-anos-de-estabilidade\/#primaryimage","url":"https:\/\/www.institutodeengenharia.org.br\/site\/wp-content\/uploads\/2018\/02\/iStock-640915990.jpg","contentUrl":"https:\/\/www.institutodeengenharia.org.br\/site\/wp-content\/uploads\/2018\/02\/iStock-640915990.jpg","width":1254,"height":836},{"@type":"BreadcrumbList","@id":"https:\/\/www.institutodeengenharia.org.br\/site\/2017\/11\/16\/emissoes-globais-de-dioxido-de-carbono-elevamse-apos-tres-anos-de-estabilidade\/#breadcrumb","itemListElement":[{"@type":"ListItem","position":1,"name":"In\u00edcio","item":"https:\/\/www.institutodeengenharia.org.br\/site\/"},{"@type":"ListItem","position":2,"name":"Emiss\u00f5es globais de di\u00f3xido de carbono elevam-se ap\u00f3s tr\u00eas anos de estabilidade"}]},{"@type":"WebSite","@id":"https:\/\/www.institutodeengenharia.org.br\/site\/#website","url":"https:\/\/www.institutodeengenharia.org.br\/site\/","name":"Instituto de Engenharia","description":"O Instituto de Engenharia promove a Engenharia em benef\u00edcio do desenvolvimento e da qualidade de vida da sociedade.","publisher":{"@id":"https:\/\/www.institutodeengenharia.org.br\/site\/#organization"},"potentialAction":[{"@type":"SearchAction","target":{"@type":"EntryPoint","urlTemplate":"https:\/\/www.institutodeengenharia.org.br\/site\/?s={search_term_string}"},"query-input":{"@type":"PropertyValueSpecification","valueRequired":true,"valueName":"search_term_string"}}],"inLanguage":"pt-BR"},{"@type":"Organization","@id":"https:\/\/www.institutodeengenharia.org.br\/site\/#organization","name":"Instituto de Engenharia","url":"https:\/\/www.institutodeengenharia.org.br\/site\/","logo":{"@type":"ImageObject","inLanguage":"pt-BR","@id":"https:\/\/www.institutodeengenharia.org.br\/site\/#\/schema\/logo\/image\/","url":"https:\/\/www.institutodeengenharia.org.br\/site\/wp-content\/uploads\/2019\/03\/logo-novo-IE2018-1.jpg","contentUrl":"https:\/\/www.institutodeengenharia.org.br\/site\/wp-content\/uploads\/2019\/03\/logo-novo-IE2018-1.jpg","width":1486,"height":1879,"caption":"Instituto de Engenharia"},"image":{"@id":"https:\/\/www.institutodeengenharia.org.br\/site\/#\/schema\/logo\/image\/"},"sameAs":["https:\/\/www.facebook.com\/institutodeengenharia","https:\/\/x.com\/iengenharia","https:\/\/www.instagram.com\/institutodeengenharia\/","https:\/\/www.linkedin.com\/company\/instituto-de-engenharia\/","https:\/\/www.youtube.com\/channel\/UCXiCAlsSMe977vamW915HxA"]},{"@type":"Person","@id":"https:\/\/www.institutodeengenharia.org.br\/site\/#\/schema\/person\/3b1ff109facef084739fc2edcb9a127f","name":"TMax Tecnologia","image":{"@type":"ImageObject","inLanguage":"pt-BR","@id":"https:\/\/secure.gravatar.com\/avatar\/f912434ef7f389c92cb311fcdae346af848465d638912574b3c669070f797701?s=96&d=mm&r=g","url":"https:\/\/secure.gravatar.com\/avatar\/f912434ef7f389c92cb311fcdae346af848465d638912574b3c669070f797701?s=96&d=mm&r=g","contentUrl":"https:\/\/secure.gravatar.com\/avatar\/f912434ef7f389c92cb311fcdae346af848465d638912574b3c669070f797701?s=96&d=mm&r=g","caption":"TMax Tecnologia"},"url":"https:\/\/www.institutodeengenharia.org.br\/site\/author\/tmax\/"}]}},"_links":{"self":[{"href":"https:\/\/www.institutodeengenharia.org.br\/site\/wp-json\/wp\/v2\/posts\/28816","targetHints":{"allow":["GET"]}}],"collection":[{"href":"https:\/\/www.institutodeengenharia.org.br\/site\/wp-json\/wp\/v2\/posts"}],"about":[{"href":"https:\/\/www.institutodeengenharia.org.br\/site\/wp-json\/wp\/v2\/types\/post"}],"author":[{"embeddable":true,"href":"https:\/\/www.institutodeengenharia.org.br\/site\/wp-json\/wp\/v2\/users\/1"}],"replies":[{"embeddable":true,"href":"https:\/\/www.institutodeengenharia.org.br\/site\/wp-json\/wp\/v2\/comments?post=28816"}],"version-history":[{"count":0,"href":"https:\/\/www.institutodeengenharia.org.br\/site\/wp-json\/wp\/v2\/posts\/28816\/revisions"}],"wp:featuredmedia":[{"embeddable":true,"href":"https:\/\/www.institutodeengenharia.org.br\/site\/wp-json\/wp\/v2\/media\/28817"}],"wp:attachment":[{"href":"https:\/\/www.institutodeengenharia.org.br\/site\/wp-json\/wp\/v2\/media?parent=28816"}],"wp:term":[{"taxonomy":"category","embeddable":true,"href":"https:\/\/www.institutodeengenharia.org.br\/site\/wp-json\/wp\/v2\/categories?post=28816"},{"taxonomy":"post_tag","embeddable":true,"href":"https:\/\/www.institutodeengenharia.org.br\/site\/wp-json\/wp\/v2\/tags?post=28816"}],"curies":[{"name":"wp","href":"https:\/\/api.w.org\/{rel}","templated":true}]}}