{"id":28809,"date":"2017-11-16T14:09:23","date_gmt":"2017-11-16T14:09:23","guid":{"rendered":"https:\/\/www.institutodeengenharia.org.br\/?p=28809"},"modified":"2017-11-16T10:26:05","modified_gmt":"2017-11-16T10:26:05","slug":"pedro-parente-e-o-eminente-engenheiro-do-ano-2017","status":"publish","type":"post","link":"https:\/\/www.institutodeengenharia.org.br\/site\/2017\/11\/16\/pedro-parente-e-o-eminente-engenheiro-do-ano-2017\/","title":{"rendered":"Pedro Parente \u00e9 o Eminente Engenheiro do Ano 2017"},"content":{"rendered":"<p>Outorgado desde 1963 em reconhecimento aos profissionais de destacada atua\u00e7\u00e3o no meio e\/ou que tenham uma carreira marcada por cont\u00ednuas contribui\u00e7\u00f5es para a eleva\u00e7\u00e3o e para o aprimoramento da Engenharia, o t\u00edtulo de Eminente Engenheiro do Ano de 2017 ser\u00e1 concedido a Pedro Parente.<\/p>\n<p>Parente \u00e9 formado em Engenharia pela Universidade de Bras\u00edlia (UnB). Foi ministro de Estado, passando pelos Minist\u00e9rios da Casa Civil e Planejamento, e coordenador da equipe de transi\u00e7\u00e3o do governo do presidente Fernando Henrique Cardoso para o presidente Lula. Neste per\u00edodo, atuou como presidente da C\u00e2mara de Gest\u00e3o da Crise de Energia de 2001\/2002. Foi membro do Conselho de Administra\u00e7\u00e3o da Petrobras de 1999 a 2002, quando tomou posse no cargo de presidente do Conselho de Administra\u00e7\u00e3o da Petrobras. <\/p>\n<p>Entre 2003 e 2009, foi vice-presidente Executivo (COO) do Grupo RBS e, de 2010 a 2014, presidente e CEO da Bunge Brasil. Foi membro e presidente de Conselhos de Administra\u00e7\u00e3o de diversas empresas privadas e estatais, entre as quais o Banco do Brasil S.A. e CPFL. Desde 2015 \u00e9, tamb\u00e9m, presidente do Conselho de Administra\u00e7\u00e3o da B3 (BM&amp;FBOVESPA e CETIP).<\/p>\n<p>Em 2016, assumiu a presid\u00eancia da Petrobras, com o objetivo de recuperar e reorganizar a empresa com base na sua experi\u00eancia nos setores p\u00fablico e privado.<\/p>\n<p>A cerim\u00f4nia de entrega do t\u00edtulo ser\u00e1 no pr\u00f3ximo dia 14 de dezembro, 19h, na Rua Dr. Pl\u00ednio Barreto, 285 &#8211; Centro Fecomercio de Eventos &#8211; Teatro Raul Cortez.<\/p>\n<p><strong><a target=\"_blank\" href=\"https:\/\/www.institutodeengenharia.org.br\/site\/agenda\/inscricao\/id_sessao\/2\/id_evento\/2072\">CLIQUE AQUI<\/a> E FA\u00c7A SUA INSCRI\u00c7\u00c3O.<br \/>\n<\/strong><br \/>\n<a target=\"_blank\" href=\"https:\/\/www.institutodeengenharia.org.br\/site\/instituto\/index\/id_sessao\/18\/id_texto\/46\">Veja a galeria de Eminentes Engenheiros do Ano<\/a><\/p>\n<p><b>Autor: Isabel Dianin<\/b><\/p>\n","protected":false},"excerpt":{"rendered":"<p>Outorgado desde 1963 em reconhecimento aos profissionais de destacada atua\u00e7\u00e3o no meio e\/ou que tenham uma carreira marcada por cont\u00ednuas contribui\u00e7\u00f5es para a eleva\u00e7\u00e3o e para o aprimoramento da Engenharia, o t\u00edtulo de Eminente Engenheiro do Ano de 2017 ser\u00e1 concedido a Pedro Parente. Parente \u00e9 formado em Engenharia pela Universidade de Bras\u00edlia (UnB). Foi [&hellip;]<\/p>\n","protected":false},"author":1,"featured_media":0,"comment_status":"open","ping_status":"open","sticky":false,"template":"","format":"standard","meta":{"footnotes":""},"categories":[27,6],"tags":[],"class_list":{"0":"post-28809","1":"post","2":"type-post","3":"status-publish","4":"format-standard","6":"category-instituto-de-engenharia","7":"category-noticias"},"yoast_head":"<!-- This site is optimized with the Yoast SEO plugin v27.2 - https:\/\/yoast.com\/product\/yoast-seo-wordpress\/ -->\n<title>Pedro Parente \u00e9 o Eminente Engenheiro do Ano 2017 - Instituto de Engenharia<\/title>\n<meta name=\"robots\" content=\"index, follow, max-snippet:-1, max-image-preview:large, max-video-preview:-1\" \/>\n<link rel=\"canonical\" href=\"https:\/\/www.institutodeengenharia.org.br\/site\/2017\/11\/16\/pedro-parente-e-o-eminente-engenheiro-do-ano-2017\/\" \/>\n<meta property=\"og:locale\" content=\"pt_BR\" \/>\n<meta property=\"og:type\" content=\"article\" \/>\n<meta property=\"og:title\" content=\"Pedro Parente \u00e9 o Eminente Engenheiro do Ano 2017 - Instituto de Engenharia\" \/>\n<meta property=\"og:description\" content=\"Outorgado desde 1963 em reconhecimento aos profissionais de destacada atua\u00e7\u00e3o no meio e\/ou que tenham uma carreira marcada por cont\u00ednuas contribui\u00e7\u00f5es para a eleva\u00e7\u00e3o e para o aprimoramento da Engenharia, o t\u00edtulo de Eminente Engenheiro do Ano de 2017 ser\u00e1 concedido a Pedro Parente. Parente \u00e9 formado em Engenharia pela Universidade de Bras\u00edlia (UnB). Foi [&hellip;]\" \/>\n<meta property=\"og:url\" content=\"https:\/\/www.institutodeengenharia.org.br\/site\/2017\/11\/16\/pedro-parente-e-o-eminente-engenheiro-do-ano-2017\/\" \/>\n<meta property=\"og:site_name\" content=\"Instituto de Engenharia\" \/>\n<meta property=\"article:publisher\" content=\"https:\/\/www.facebook.com\/institutodeengenharia\" \/>\n<meta property=\"article:published_time\" content=\"2017-11-16T14:09:23+00:00\" \/>\n<meta name=\"author\" content=\"TMax Tecnologia\" \/>\n<meta name=\"twitter:card\" content=\"summary_large_image\" \/>\n<meta name=\"twitter:creator\" content=\"@iengenharia\" \/>\n<meta name=\"twitter:site\" content=\"@iengenharia\" \/>\n<meta name=\"twitter:label1\" content=\"Escrito por\" \/>\n\t<meta name=\"twitter:data1\" content=\"TMax Tecnologia\" \/>\n\t<meta name=\"twitter:label2\" content=\"Est. tempo de leitura\" \/>\n\t<meta name=\"twitter:data2\" content=\"1 minuto\" \/>\n<script type=\"application\/ld+json\" class=\"yoast-schema-graph\">{\"@context\":\"https:\/\/schema.org\",\"@graph\":[{\"@type\":\"Article\",\"@id\":\"https:\/\/www.institutodeengenharia.org.br\/site\/2017\/11\/16\/pedro-parente-e-o-eminente-engenheiro-do-ano-2017\/#article\",\"isPartOf\":{\"@id\":\"https:\/\/www.institutodeengenharia.org.br\/site\/2017\/11\/16\/pedro-parente-e-o-eminente-engenheiro-do-ano-2017\/\"},\"author\":{\"name\":\"TMax Tecnologia\",\"@id\":\"https:\/\/www.institutodeengenharia.org.br\/site\/#\/schema\/person\/3b1ff109facef084739fc2edcb9a127f\"},\"headline\":\"Pedro Parente \u00e9 o Eminente Engenheiro do Ano 2017\",\"datePublished\":\"2017-11-16T14:09:23+00:00\",\"mainEntityOfPage\":{\"@id\":\"https:\/\/www.institutodeengenharia.org.br\/site\/2017\/11\/16\/pedro-parente-e-o-eminente-engenheiro-do-ano-2017\/\"},\"wordCount\":276,\"commentCount\":0,\"publisher\":{\"@id\":\"https:\/\/www.institutodeengenharia.org.br\/site\/#organization\"},\"articleSection\":[\"Instituto de Engenharia\",\"Not\u00edcias\"],\"inLanguage\":\"pt-BR\",\"potentialAction\":[{\"@type\":\"CommentAction\",\"name\":\"Comment\",\"target\":[\"https:\/\/www.institutodeengenharia.org.br\/site\/2017\/11\/16\/pedro-parente-e-o-eminente-engenheiro-do-ano-2017\/#respond\"]}]},{\"@type\":\"WebPage\",\"@id\":\"https:\/\/www.institutodeengenharia.org.br\/site\/2017\/11\/16\/pedro-parente-e-o-eminente-engenheiro-do-ano-2017\/\",\"url\":\"https:\/\/www.institutodeengenharia.org.br\/site\/2017\/11\/16\/pedro-parente-e-o-eminente-engenheiro-do-ano-2017\/\",\"name\":\"Pedro Parente \u00e9 o Eminente Engenheiro do Ano 2017 - Instituto de Engenharia\",\"isPartOf\":{\"@id\":\"https:\/\/www.institutodeengenharia.org.br\/site\/#website\"},\"datePublished\":\"2017-11-16T14:09:23+00:00\",\"breadcrumb\":{\"@id\":\"https:\/\/www.institutodeengenharia.org.br\/site\/2017\/11\/16\/pedro-parente-e-o-eminente-engenheiro-do-ano-2017\/#breadcrumb\"},\"inLanguage\":\"pt-BR\",\"potentialAction\":[{\"@type\":\"ReadAction\",\"target\":[\"https:\/\/www.institutodeengenharia.org.br\/site\/2017\/11\/16\/pedro-parente-e-o-eminente-engenheiro-do-ano-2017\/\"]}]},{\"@type\":\"BreadcrumbList\",\"@id\":\"https:\/\/www.institutodeengenharia.org.br\/site\/2017\/11\/16\/pedro-parente-e-o-eminente-engenheiro-do-ano-2017\/#breadcrumb\",\"itemListElement\":[{\"@type\":\"ListItem\",\"position\":1,\"name\":\"In\u00edcio\",\"item\":\"https:\/\/www.institutodeengenharia.org.br\/site\/\"},{\"@type\":\"ListItem\",\"position\":2,\"name\":\"Pedro Parente \u00e9 o Eminente Engenheiro do Ano 2017\"}]},{\"@type\":\"WebSite\",\"@id\":\"https:\/\/www.institutodeengenharia.org.br\/site\/#website\",\"url\":\"https:\/\/www.institutodeengenharia.org.br\/site\/\",\"name\":\"Instituto de Engenharia\",\"description\":\"O Instituto de Engenharia promove a Engenharia em benef\u00edcio do desenvolvimento e da qualidade de vida da sociedade.\",\"publisher\":{\"@id\":\"https:\/\/www.institutodeengenharia.org.br\/site\/#organization\"},\"potentialAction\":[{\"@type\":\"SearchAction\",\"target\":{\"@type\":\"EntryPoint\",\"urlTemplate\":\"https:\/\/www.institutodeengenharia.org.br\/site\/?s={search_term_string}\"},\"query-input\":{\"@type\":\"PropertyValueSpecification\",\"valueRequired\":true,\"valueName\":\"search_term_string\"}}],\"inLanguage\":\"pt-BR\"},{\"@type\":\"Organization\",\"@id\":\"https:\/\/www.institutodeengenharia.org.br\/site\/#organization\",\"name\":\"Instituto de Engenharia\",\"url\":\"https:\/\/www.institutodeengenharia.org.br\/site\/\",\"logo\":{\"@type\":\"ImageObject\",\"inLanguage\":\"pt-BR\",\"@id\":\"https:\/\/www.institutodeengenharia.org.br\/site\/#\/schema\/logo\/image\/\",\"url\":\"https:\/\/www.institutodeengenharia.org.br\/site\/wp-content\/uploads\/2019\/03\/logo-novo-IE2018-1.jpg\",\"contentUrl\":\"https:\/\/www.institutodeengenharia.org.br\/site\/wp-content\/uploads\/2019\/03\/logo-novo-IE2018-1.jpg\",\"width\":1486,\"height\":1879,\"caption\":\"Instituto de Engenharia\"},\"image\":{\"@id\":\"https:\/\/www.institutodeengenharia.org.br\/site\/#\/schema\/logo\/image\/\"},\"sameAs\":[\"https:\/\/www.facebook.com\/institutodeengenharia\",\"https:\/\/x.com\/iengenharia\",\"https:\/\/www.instagram.com\/institutodeengenharia\/\",\"https:\/\/www.linkedin.com\/company\/instituto-de-engenharia\/\",\"https:\/\/www.youtube.com\/channel\/UCXiCAlsSMe977vamW915HxA\"]},{\"@type\":\"Person\",\"@id\":\"https:\/\/www.institutodeengenharia.org.br\/site\/#\/schema\/person\/3b1ff109facef084739fc2edcb9a127f\",\"name\":\"TMax Tecnologia\",\"image\":{\"@type\":\"ImageObject\",\"inLanguage\":\"pt-BR\",\"@id\":\"https:\/\/secure.gravatar.com\/avatar\/f912434ef7f389c92cb311fcdae346af848465d638912574b3c669070f797701?s=96&d=mm&r=g\",\"url\":\"https:\/\/secure.gravatar.com\/avatar\/f912434ef7f389c92cb311fcdae346af848465d638912574b3c669070f797701?s=96&d=mm&r=g\",\"contentUrl\":\"https:\/\/secure.gravatar.com\/avatar\/f912434ef7f389c92cb311fcdae346af848465d638912574b3c669070f797701?s=96&d=mm&r=g\",\"caption\":\"TMax Tecnologia\"},\"url\":\"https:\/\/www.institutodeengenharia.org.br\/site\/author\/tmax\/\"}]}<\/script>\n<!-- \/ Yoast SEO plugin. -->","yoast_head_json":{"title":"Pedro Parente \u00e9 o Eminente Engenheiro do Ano 2017 - Instituto de Engenharia","robots":{"index":"index","follow":"follow","max-snippet":"max-snippet:-1","max-image-preview":"max-image-preview:large","max-video-preview":"max-video-preview:-1"},"canonical":"https:\/\/www.institutodeengenharia.org.br\/site\/2017\/11\/16\/pedro-parente-e-o-eminente-engenheiro-do-ano-2017\/","og_locale":"pt_BR","og_type":"article","og_title":"Pedro Parente \u00e9 o Eminente Engenheiro do Ano 2017 - Instituto de Engenharia","og_description":"Outorgado desde 1963 em reconhecimento aos profissionais de destacada atua\u00e7\u00e3o no meio e\/ou que tenham uma carreira marcada por cont\u00ednuas contribui\u00e7\u00f5es para a eleva\u00e7\u00e3o e para o aprimoramento da Engenharia, o t\u00edtulo de Eminente Engenheiro do Ano de 2017 ser\u00e1 concedido a Pedro Parente. Parente \u00e9 formado em Engenharia pela Universidade de Bras\u00edlia (UnB). Foi [&hellip;]","og_url":"https:\/\/www.institutodeengenharia.org.br\/site\/2017\/11\/16\/pedro-parente-e-o-eminente-engenheiro-do-ano-2017\/","og_site_name":"Instituto de Engenharia","article_publisher":"https:\/\/www.facebook.com\/institutodeengenharia","article_published_time":"2017-11-16T14:09:23+00:00","author":"TMax Tecnologia","twitter_card":"summary_large_image","twitter_creator":"@iengenharia","twitter_site":"@iengenharia","twitter_misc":{"Escrito por":"TMax Tecnologia","Est. tempo de leitura":"1 minuto"},"schema":{"@context":"https:\/\/schema.org","@graph":[{"@type":"Article","@id":"https:\/\/www.institutodeengenharia.org.br\/site\/2017\/11\/16\/pedro-parente-e-o-eminente-engenheiro-do-ano-2017\/#article","isPartOf":{"@id":"https:\/\/www.institutodeengenharia.org.br\/site\/2017\/11\/16\/pedro-parente-e-o-eminente-engenheiro-do-ano-2017\/"},"author":{"name":"TMax Tecnologia","@id":"https:\/\/www.institutodeengenharia.org.br\/site\/#\/schema\/person\/3b1ff109facef084739fc2edcb9a127f"},"headline":"Pedro Parente \u00e9 o Eminente Engenheiro do Ano 2017","datePublished":"2017-11-16T14:09:23+00:00","mainEntityOfPage":{"@id":"https:\/\/www.institutodeengenharia.org.br\/site\/2017\/11\/16\/pedro-parente-e-o-eminente-engenheiro-do-ano-2017\/"},"wordCount":276,"commentCount":0,"publisher":{"@id":"https:\/\/www.institutodeengenharia.org.br\/site\/#organization"},"articleSection":["Instituto de Engenharia","Not\u00edcias"],"inLanguage":"pt-BR","potentialAction":[{"@type":"CommentAction","name":"Comment","target":["https:\/\/www.institutodeengenharia.org.br\/site\/2017\/11\/16\/pedro-parente-e-o-eminente-engenheiro-do-ano-2017\/#respond"]}]},{"@type":"WebPage","@id":"https:\/\/www.institutodeengenharia.org.br\/site\/2017\/11\/16\/pedro-parente-e-o-eminente-engenheiro-do-ano-2017\/","url":"https:\/\/www.institutodeengenharia.org.br\/site\/2017\/11\/16\/pedro-parente-e-o-eminente-engenheiro-do-ano-2017\/","name":"Pedro Parente \u00e9 o Eminente Engenheiro do Ano 2017 - Instituto de Engenharia","isPartOf":{"@id":"https:\/\/www.institutodeengenharia.org.br\/site\/#website"},"datePublished":"2017-11-16T14:09:23+00:00","breadcrumb":{"@id":"https:\/\/www.institutodeengenharia.org.br\/site\/2017\/11\/16\/pedro-parente-e-o-eminente-engenheiro-do-ano-2017\/#breadcrumb"},"inLanguage":"pt-BR","potentialAction":[{"@type":"ReadAction","target":["https:\/\/www.institutodeengenharia.org.br\/site\/2017\/11\/16\/pedro-parente-e-o-eminente-engenheiro-do-ano-2017\/"]}]},{"@type":"BreadcrumbList","@id":"https:\/\/www.institutodeengenharia.org.br\/site\/2017\/11\/16\/pedro-parente-e-o-eminente-engenheiro-do-ano-2017\/#breadcrumb","itemListElement":[{"@type":"ListItem","position":1,"name":"In\u00edcio","item":"https:\/\/www.institutodeengenharia.org.br\/site\/"},{"@type":"ListItem","position":2,"name":"Pedro Parente \u00e9 o Eminente Engenheiro do Ano 2017"}]},{"@type":"WebSite","@id":"https:\/\/www.institutodeengenharia.org.br\/site\/#website","url":"https:\/\/www.institutodeengenharia.org.br\/site\/","name":"Instituto de Engenharia","description":"O Instituto de Engenharia promove a Engenharia em benef\u00edcio do desenvolvimento e da qualidade de vida da sociedade.","publisher":{"@id":"https:\/\/www.institutodeengenharia.org.br\/site\/#organization"},"potentialAction":[{"@type":"SearchAction","target":{"@type":"EntryPoint","urlTemplate":"https:\/\/www.institutodeengenharia.org.br\/site\/?s={search_term_string}"},"query-input":{"@type":"PropertyValueSpecification","valueRequired":true,"valueName":"search_term_string"}}],"inLanguage":"pt-BR"},{"@type":"Organization","@id":"https:\/\/www.institutodeengenharia.org.br\/site\/#organization","name":"Instituto de Engenharia","url":"https:\/\/www.institutodeengenharia.org.br\/site\/","logo":{"@type":"ImageObject","inLanguage":"pt-BR","@id":"https:\/\/www.institutodeengenharia.org.br\/site\/#\/schema\/logo\/image\/","url":"https:\/\/www.institutodeengenharia.org.br\/site\/wp-content\/uploads\/2019\/03\/logo-novo-IE2018-1.jpg","contentUrl":"https:\/\/www.institutodeengenharia.org.br\/site\/wp-content\/uploads\/2019\/03\/logo-novo-IE2018-1.jpg","width":1486,"height":1879,"caption":"Instituto de Engenharia"},"image":{"@id":"https:\/\/www.institutodeengenharia.org.br\/site\/#\/schema\/logo\/image\/"},"sameAs":["https:\/\/www.facebook.com\/institutodeengenharia","https:\/\/x.com\/iengenharia","https:\/\/www.instagram.com\/institutodeengenharia\/","https:\/\/www.linkedin.com\/company\/instituto-de-engenharia\/","https:\/\/www.youtube.com\/channel\/UCXiCAlsSMe977vamW915HxA"]},{"@type":"Person","@id":"https:\/\/www.institutodeengenharia.org.br\/site\/#\/schema\/person\/3b1ff109facef084739fc2edcb9a127f","name":"TMax Tecnologia","image":{"@type":"ImageObject","inLanguage":"pt-BR","@id":"https:\/\/secure.gravatar.com\/avatar\/f912434ef7f389c92cb311fcdae346af848465d638912574b3c669070f797701?s=96&d=mm&r=g","url":"https:\/\/secure.gravatar.com\/avatar\/f912434ef7f389c92cb311fcdae346af848465d638912574b3c669070f797701?s=96&d=mm&r=g","contentUrl":"https:\/\/secure.gravatar.com\/avatar\/f912434ef7f389c92cb311fcdae346af848465d638912574b3c669070f797701?s=96&d=mm&r=g","caption":"TMax Tecnologia"},"url":"https:\/\/www.institutodeengenharia.org.br\/site\/author\/tmax\/"}]}},"_links":{"self":[{"href":"https:\/\/www.institutodeengenharia.org.br\/site\/wp-json\/wp\/v2\/posts\/28809","targetHints":{"allow":["GET"]}}],"collection":[{"href":"https:\/\/www.institutodeengenharia.org.br\/site\/wp-json\/wp\/v2\/posts"}],"about":[{"href":"https:\/\/www.institutodeengenharia.org.br\/site\/wp-json\/wp\/v2\/types\/post"}],"author":[{"embeddable":true,"href":"https:\/\/www.institutodeengenharia.org.br\/site\/wp-json\/wp\/v2\/users\/1"}],"replies":[{"embeddable":true,"href":"https:\/\/www.institutodeengenharia.org.br\/site\/wp-json\/wp\/v2\/comments?post=28809"}],"version-history":[{"count":0,"href":"https:\/\/www.institutodeengenharia.org.br\/site\/wp-json\/wp\/v2\/posts\/28809\/revisions"}],"wp:attachment":[{"href":"https:\/\/www.institutodeengenharia.org.br\/site\/wp-json\/wp\/v2\/media?parent=28809"}],"wp:term":[{"taxonomy":"category","embeddable":true,"href":"https:\/\/www.institutodeengenharia.org.br\/site\/wp-json\/wp\/v2\/categories?post=28809"},{"taxonomy":"post_tag","embeddable":true,"href":"https:\/\/www.institutodeengenharia.org.br\/site\/wp-json\/wp\/v2\/tags?post=28809"}],"curies":[{"name":"wp","href":"https:\/\/api.w.org\/{rel}","templated":true}]}}