{"id":28769,"date":"2017-11-06T14:08:49","date_gmt":"2017-11-06T14:08:49","guid":{"rendered":"https:\/\/www.institutodeengenharia.org.br\/?p=28769"},"modified":"2017-11-06T15:17:28","modified_gmt":"2017-11-06T15:17:28","slug":"pg-anuncia-que-vai-parar-de-gerar-residuos-ate-2020","status":"publish","type":"post","link":"https:\/\/www.institutodeengenharia.org.br\/site\/2017\/11\/06\/pg-anuncia-que-vai-parar-de-gerar-residuos-ate-2020\/","title":{"rendered":"P&#038;G anuncia que vai parar de gerar res\u00edduos at\u00e9 2020"},"content":{"rendered":"<p>\n<em>56% das f\u00e1bricas da empresa em n\u00edvel global conseguiram atingir a meta de ter res\u00edduo zero. | Foto: iStock by Getty Images<\/em><\/p>\n<p>A Procter&amp;Gamble (P&amp;G) anunciou investimentos adicionais em reciclagem e reutiliza\u00e7\u00e3o que eliminar\u00e3o todos os res\u00edduos de fabrica\u00e7\u00e3o de sua rede global de mais de cem unidades de produ\u00e7\u00e3o at\u00e9 2020.<\/p>\n<p>Desde que a P&amp;G come\u00e7ou a qualificar suas plantas como \u201czero manufacturing waste to landfill\u201d ou zero res\u00edduo de fabrica\u00e7\u00e3o para aterros sanit\u00e1rios, 56% de suas f\u00e1bricas em n\u00edvel global conseguiram atingir a meta. Agora, a Companhia tem planos para completar a meta, com instala\u00e7\u00f5es pendentes para os pr\u00f3ximos quatro anos.<\/p>\n<p>De acordo com a empresa, atingir o objetivo significa eliminar ou reutilizar cerca de 650 mil toneladas m\u00e9tricas de res\u00edduos. Equivalente ao peso de cerca de 350 mil carros de tamanho m\u00e9dio que normalmente iriam para o aterro sanit\u00e1rio.<\/p>\n<p>\u201cEstamos acelerando o processo em dire\u00e7\u00e3o \u00e0 nossa vis\u00e3o e obrigando a n\u00f3s mesmo a fazer mais \u2013 com menos desperd\u00edcio\u201d, disse Shailesh Jejurikar, Sponsor Executivo de Sustentabilidade e Presidente Global de Cuidado com a Roupa. \u201cDesde 2010, temos trabalhado em dire\u00e7\u00e3o a nossa vis\u00e3o de enviar zero res\u00edduo de fabrica\u00e7\u00e3o e de consumo a aterros sanit\u00e1rios. Este an\u00fancio marca outro passo em nosso caminho\u201d.<\/p>\n<p>Para ter desperd\u00edcio zero, a companhia precisa garantir que todos os materiais utilizados se tornem produtos acabados, sejam reciclados internamente ou externamente e sejam reutilizados de formas alternativas atrav\u00e9s de parcerias.<\/p>\n<p>Exemplos<\/p>\n<p>A destina\u00e7\u00e3o dos res\u00edduos varia de acordo com o tipo de material e as possibilidades de uso que ele oferece. Por exemplo, em Lima, Ohio, os res\u00edduos l\u00edquidos de produtos como Tide e Gain tornam-se fontes alternativas de combust\u00edvel para ve\u00edculos. Com os materiais laminados de pl\u00e1stico n\u00e3o recicl\u00e1vel das plantas da P&amp;G em Mandideep e Baddi, na \u00cdndia, s\u00e3o feitas tiras e pain\u00e9is prensados de baixo custo para constru\u00e7\u00f5es. Na China, os surfactantes residuais de Head &amp; Shoulders na China s\u00e3o usados para lavagem de carro. Para que isso seja poss\u00edvel, no entanto, a companhia conta com o apoio de outras empresas. \u201cEssas parcerias externas inovadoras permitem que nossas f\u00e1bricas vejam os res\u00edduos n\u00e3o como lixo, mas como algo com valor potencial para outra pessoa\u201d, comenta Yannis Skoufalos, Presidente Global de Log\u00edstica.<\/p>\n<p><b>Autor: Ciclo Vivo<\/b><\/p>\n","protected":false},"excerpt":{"rendered":"<p>De acordo com a empresa, isso significa eliminar ou reutilizar cerca de 650 mil toneladas m\u00e9tricas de res\u00edduos<\/p>\n","protected":false},"author":1,"featured_media":28770,"comment_status":"open","ping_status":"open","sticky":false,"template":"","format":"standard","meta":{"footnotes":""},"categories":[6],"tags":[],"class_list":{"0":"post-28769","1":"post","2":"type-post","3":"status-publish","4":"format-standard","5":"has-post-thumbnail","7":"category-noticias"},"yoast_head":"<!-- This site is optimized with the Yoast SEO plugin v27.2 - https:\/\/yoast.com\/product\/yoast-seo-wordpress\/ -->\n<title>P&amp;G anuncia que vai parar de gerar res\u00edduos at\u00e9 2020 - Instituto de Engenharia<\/title>\n<meta name=\"robots\" content=\"index, follow, max-snippet:-1, max-image-preview:large, max-video-preview:-1\" \/>\n<link rel=\"canonical\" href=\"https:\/\/www.institutodeengenharia.org.br\/site\/2017\/11\/06\/pg-anuncia-que-vai-parar-de-gerar-residuos-ate-2020\/\" \/>\n<meta property=\"og:locale\" content=\"pt_BR\" \/>\n<meta property=\"og:type\" content=\"article\" \/>\n<meta property=\"og:title\" content=\"P&amp;G anuncia que vai parar de gerar res\u00edduos at\u00e9 2020 - Instituto de Engenharia\" \/>\n<meta property=\"og:description\" content=\"De acordo com a empresa, isso significa eliminar ou reutilizar cerca de 650 mil toneladas m\u00e9tricas de res\u00edduos\" \/>\n<meta property=\"og:url\" content=\"https:\/\/www.institutodeengenharia.org.br\/site\/2017\/11\/06\/pg-anuncia-que-vai-parar-de-gerar-residuos-ate-2020\/\" \/>\n<meta property=\"og:site_name\" content=\"Instituto de Engenharia\" \/>\n<meta property=\"article:publisher\" content=\"https:\/\/www.facebook.com\/institutodeengenharia\" \/>\n<meta property=\"article:published_time\" content=\"2017-11-06T14:08:49+00:00\" \/>\n<meta property=\"article:modified_time\" content=\"2017-11-06T15:17:28+00:00\" \/>\n<meta property=\"og:image\" content=\"https:\/\/www.institutodeengenharia.org.br\/site\/wp-content\/uploads\/2018\/02\/iStock-537431392.jpg\" \/>\n\t<meta property=\"og:image:width\" content=\"724\" \/>\n\t<meta property=\"og:image:height\" content=\"483\" \/>\n\t<meta property=\"og:image:type\" content=\"image\/jpeg\" \/>\n<meta name=\"author\" content=\"TMax Tecnologia\" \/>\n<meta name=\"twitter:card\" content=\"summary_large_image\" \/>\n<meta name=\"twitter:creator\" content=\"@iengenharia\" \/>\n<meta name=\"twitter:site\" content=\"@iengenharia\" \/>\n<meta name=\"twitter:label1\" content=\"Escrito por\" \/>\n\t<meta name=\"twitter:data1\" content=\"TMax Tecnologia\" \/>\n\t<meta name=\"twitter:label2\" content=\"Est. tempo de leitura\" \/>\n\t<meta name=\"twitter:data2\" content=\"2 minutos\" \/>\n<script type=\"application\/ld+json\" class=\"yoast-schema-graph\">{\"@context\":\"https:\/\/schema.org\",\"@graph\":[{\"@type\":\"Article\",\"@id\":\"https:\/\/www.institutodeengenharia.org.br\/site\/2017\/11\/06\/pg-anuncia-que-vai-parar-de-gerar-residuos-ate-2020\/#article\",\"isPartOf\":{\"@id\":\"https:\/\/www.institutodeengenharia.org.br\/site\/2017\/11\/06\/pg-anuncia-que-vai-parar-de-gerar-residuos-ate-2020\/\"},\"author\":{\"name\":\"TMax Tecnologia\",\"@id\":\"https:\/\/www.institutodeengenharia.org.br\/site\/#\/schema\/person\/3b1ff109facef084739fc2edcb9a127f\"},\"headline\":\"P&#038;G anuncia que vai parar de gerar res\u00edduos at\u00e9 2020\",\"datePublished\":\"2017-11-06T14:08:49+00:00\",\"dateModified\":\"2017-11-06T15:17:28+00:00\",\"mainEntityOfPage\":{\"@id\":\"https:\/\/www.institutodeengenharia.org.br\/site\/2017\/11\/06\/pg-anuncia-que-vai-parar-de-gerar-residuos-ate-2020\/\"},\"wordCount\":435,\"commentCount\":0,\"publisher\":{\"@id\":\"https:\/\/www.institutodeengenharia.org.br\/site\/#organization\"},\"image\":{\"@id\":\"https:\/\/www.institutodeengenharia.org.br\/site\/2017\/11\/06\/pg-anuncia-que-vai-parar-de-gerar-residuos-ate-2020\/#primaryimage\"},\"thumbnailUrl\":\"https:\/\/www.institutodeengenharia.org.br\/site\/wp-content\/uploads\/2018\/02\/iStock-537431392.jpg\",\"articleSection\":[\"Not\u00edcias\"],\"inLanguage\":\"pt-BR\",\"potentialAction\":[{\"@type\":\"CommentAction\",\"name\":\"Comment\",\"target\":[\"https:\/\/www.institutodeengenharia.org.br\/site\/2017\/11\/06\/pg-anuncia-que-vai-parar-de-gerar-residuos-ate-2020\/#respond\"]}]},{\"@type\":\"WebPage\",\"@id\":\"https:\/\/www.institutodeengenharia.org.br\/site\/2017\/11\/06\/pg-anuncia-que-vai-parar-de-gerar-residuos-ate-2020\/\",\"url\":\"https:\/\/www.institutodeengenharia.org.br\/site\/2017\/11\/06\/pg-anuncia-que-vai-parar-de-gerar-residuos-ate-2020\/\",\"name\":\"P&G anuncia que vai parar de gerar res\u00edduos at\u00e9 2020 - Instituto de Engenharia\",\"isPartOf\":{\"@id\":\"https:\/\/www.institutodeengenharia.org.br\/site\/#website\"},\"primaryImageOfPage\":{\"@id\":\"https:\/\/www.institutodeengenharia.org.br\/site\/2017\/11\/06\/pg-anuncia-que-vai-parar-de-gerar-residuos-ate-2020\/#primaryimage\"},\"image\":{\"@id\":\"https:\/\/www.institutodeengenharia.org.br\/site\/2017\/11\/06\/pg-anuncia-que-vai-parar-de-gerar-residuos-ate-2020\/#primaryimage\"},\"thumbnailUrl\":\"https:\/\/www.institutodeengenharia.org.br\/site\/wp-content\/uploads\/2018\/02\/iStock-537431392.jpg\",\"datePublished\":\"2017-11-06T14:08:49+00:00\",\"dateModified\":\"2017-11-06T15:17:28+00:00\",\"breadcrumb\":{\"@id\":\"https:\/\/www.institutodeengenharia.org.br\/site\/2017\/11\/06\/pg-anuncia-que-vai-parar-de-gerar-residuos-ate-2020\/#breadcrumb\"},\"inLanguage\":\"pt-BR\",\"potentialAction\":[{\"@type\":\"ReadAction\",\"target\":[\"https:\/\/www.institutodeengenharia.org.br\/site\/2017\/11\/06\/pg-anuncia-que-vai-parar-de-gerar-residuos-ate-2020\/\"]}]},{\"@type\":\"ImageObject\",\"inLanguage\":\"pt-BR\",\"@id\":\"https:\/\/www.institutodeengenharia.org.br\/site\/2017\/11\/06\/pg-anuncia-que-vai-parar-de-gerar-residuos-ate-2020\/#primaryimage\",\"url\":\"https:\/\/www.institutodeengenharia.org.br\/site\/wp-content\/uploads\/2018\/02\/iStock-537431392.jpg\",\"contentUrl\":\"https:\/\/www.institutodeengenharia.org.br\/site\/wp-content\/uploads\/2018\/02\/iStock-537431392.jpg\",\"width\":724,\"height\":483},{\"@type\":\"BreadcrumbList\",\"@id\":\"https:\/\/www.institutodeengenharia.org.br\/site\/2017\/11\/06\/pg-anuncia-que-vai-parar-de-gerar-residuos-ate-2020\/#breadcrumb\",\"itemListElement\":[{\"@type\":\"ListItem\",\"position\":1,\"name\":\"In\u00edcio\",\"item\":\"https:\/\/www.institutodeengenharia.org.br\/site\/\"},{\"@type\":\"ListItem\",\"position\":2,\"name\":\"P&#038;G anuncia que vai parar de gerar res\u00edduos at\u00e9 2020\"}]},{\"@type\":\"WebSite\",\"@id\":\"https:\/\/www.institutodeengenharia.org.br\/site\/#website\",\"url\":\"https:\/\/www.institutodeengenharia.org.br\/site\/\",\"name\":\"Instituto de Engenharia\",\"description\":\"O Instituto de Engenharia promove a Engenharia em benef\u00edcio do desenvolvimento e da qualidade de vida da sociedade.\",\"publisher\":{\"@id\":\"https:\/\/www.institutodeengenharia.org.br\/site\/#organization\"},\"potentialAction\":[{\"@type\":\"SearchAction\",\"target\":{\"@type\":\"EntryPoint\",\"urlTemplate\":\"https:\/\/www.institutodeengenharia.org.br\/site\/?s={search_term_string}\"},\"query-input\":{\"@type\":\"PropertyValueSpecification\",\"valueRequired\":true,\"valueName\":\"search_term_string\"}}],\"inLanguage\":\"pt-BR\"},{\"@type\":\"Organization\",\"@id\":\"https:\/\/www.institutodeengenharia.org.br\/site\/#organization\",\"name\":\"Instituto de Engenharia\",\"url\":\"https:\/\/www.institutodeengenharia.org.br\/site\/\",\"logo\":{\"@type\":\"ImageObject\",\"inLanguage\":\"pt-BR\",\"@id\":\"https:\/\/www.institutodeengenharia.org.br\/site\/#\/schema\/logo\/image\/\",\"url\":\"https:\/\/www.institutodeengenharia.org.br\/site\/wp-content\/uploads\/2019\/03\/logo-novo-IE2018-1.jpg\",\"contentUrl\":\"https:\/\/www.institutodeengenharia.org.br\/site\/wp-content\/uploads\/2019\/03\/logo-novo-IE2018-1.jpg\",\"width\":1486,\"height\":1879,\"caption\":\"Instituto de Engenharia\"},\"image\":{\"@id\":\"https:\/\/www.institutodeengenharia.org.br\/site\/#\/schema\/logo\/image\/\"},\"sameAs\":[\"https:\/\/www.facebook.com\/institutodeengenharia\",\"https:\/\/x.com\/iengenharia\",\"https:\/\/www.instagram.com\/institutodeengenharia\/\",\"https:\/\/www.linkedin.com\/company\/instituto-de-engenharia\/\",\"https:\/\/www.youtube.com\/channel\/UCXiCAlsSMe977vamW915HxA\"]},{\"@type\":\"Person\",\"@id\":\"https:\/\/www.institutodeengenharia.org.br\/site\/#\/schema\/person\/3b1ff109facef084739fc2edcb9a127f\",\"name\":\"TMax Tecnologia\",\"image\":{\"@type\":\"ImageObject\",\"inLanguage\":\"pt-BR\",\"@id\":\"https:\/\/secure.gravatar.com\/avatar\/f912434ef7f389c92cb311fcdae346af848465d638912574b3c669070f797701?s=96&d=mm&r=g\",\"url\":\"https:\/\/secure.gravatar.com\/avatar\/f912434ef7f389c92cb311fcdae346af848465d638912574b3c669070f797701?s=96&d=mm&r=g\",\"contentUrl\":\"https:\/\/secure.gravatar.com\/avatar\/f912434ef7f389c92cb311fcdae346af848465d638912574b3c669070f797701?s=96&d=mm&r=g\",\"caption\":\"TMax Tecnologia\"},\"url\":\"https:\/\/www.institutodeengenharia.org.br\/site\/author\/tmax\/\"}]}<\/script>\n<!-- \/ Yoast SEO plugin. -->","yoast_head_json":{"title":"P&G anuncia que vai parar de gerar res\u00edduos at\u00e9 2020 - Instituto de Engenharia","robots":{"index":"index","follow":"follow","max-snippet":"max-snippet:-1","max-image-preview":"max-image-preview:large","max-video-preview":"max-video-preview:-1"},"canonical":"https:\/\/www.institutodeengenharia.org.br\/site\/2017\/11\/06\/pg-anuncia-que-vai-parar-de-gerar-residuos-ate-2020\/","og_locale":"pt_BR","og_type":"article","og_title":"P&G anuncia que vai parar de gerar res\u00edduos at\u00e9 2020 - Instituto de Engenharia","og_description":"De acordo com a empresa, isso significa eliminar ou reutilizar cerca de 650 mil toneladas m\u00e9tricas de res\u00edduos","og_url":"https:\/\/www.institutodeengenharia.org.br\/site\/2017\/11\/06\/pg-anuncia-que-vai-parar-de-gerar-residuos-ate-2020\/","og_site_name":"Instituto de Engenharia","article_publisher":"https:\/\/www.facebook.com\/institutodeengenharia","article_published_time":"2017-11-06T14:08:49+00:00","article_modified_time":"2017-11-06T15:17:28+00:00","og_image":[{"width":724,"height":483,"url":"https:\/\/www.institutodeengenharia.org.br\/site\/wp-content\/uploads\/2018\/02\/iStock-537431392.jpg","type":"image\/jpeg"}],"author":"TMax Tecnologia","twitter_card":"summary_large_image","twitter_creator":"@iengenharia","twitter_site":"@iengenharia","twitter_misc":{"Escrito por":"TMax Tecnologia","Est. tempo de leitura":"2 minutos"},"schema":{"@context":"https:\/\/schema.org","@graph":[{"@type":"Article","@id":"https:\/\/www.institutodeengenharia.org.br\/site\/2017\/11\/06\/pg-anuncia-que-vai-parar-de-gerar-residuos-ate-2020\/#article","isPartOf":{"@id":"https:\/\/www.institutodeengenharia.org.br\/site\/2017\/11\/06\/pg-anuncia-que-vai-parar-de-gerar-residuos-ate-2020\/"},"author":{"name":"TMax Tecnologia","@id":"https:\/\/www.institutodeengenharia.org.br\/site\/#\/schema\/person\/3b1ff109facef084739fc2edcb9a127f"},"headline":"P&#038;G anuncia que vai parar de gerar res\u00edduos at\u00e9 2020","datePublished":"2017-11-06T14:08:49+00:00","dateModified":"2017-11-06T15:17:28+00:00","mainEntityOfPage":{"@id":"https:\/\/www.institutodeengenharia.org.br\/site\/2017\/11\/06\/pg-anuncia-que-vai-parar-de-gerar-residuos-ate-2020\/"},"wordCount":435,"commentCount":0,"publisher":{"@id":"https:\/\/www.institutodeengenharia.org.br\/site\/#organization"},"image":{"@id":"https:\/\/www.institutodeengenharia.org.br\/site\/2017\/11\/06\/pg-anuncia-que-vai-parar-de-gerar-residuos-ate-2020\/#primaryimage"},"thumbnailUrl":"https:\/\/www.institutodeengenharia.org.br\/site\/wp-content\/uploads\/2018\/02\/iStock-537431392.jpg","articleSection":["Not\u00edcias"],"inLanguage":"pt-BR","potentialAction":[{"@type":"CommentAction","name":"Comment","target":["https:\/\/www.institutodeengenharia.org.br\/site\/2017\/11\/06\/pg-anuncia-que-vai-parar-de-gerar-residuos-ate-2020\/#respond"]}]},{"@type":"WebPage","@id":"https:\/\/www.institutodeengenharia.org.br\/site\/2017\/11\/06\/pg-anuncia-que-vai-parar-de-gerar-residuos-ate-2020\/","url":"https:\/\/www.institutodeengenharia.org.br\/site\/2017\/11\/06\/pg-anuncia-que-vai-parar-de-gerar-residuos-ate-2020\/","name":"P&G anuncia que vai parar de gerar res\u00edduos at\u00e9 2020 - Instituto de Engenharia","isPartOf":{"@id":"https:\/\/www.institutodeengenharia.org.br\/site\/#website"},"primaryImageOfPage":{"@id":"https:\/\/www.institutodeengenharia.org.br\/site\/2017\/11\/06\/pg-anuncia-que-vai-parar-de-gerar-residuos-ate-2020\/#primaryimage"},"image":{"@id":"https:\/\/www.institutodeengenharia.org.br\/site\/2017\/11\/06\/pg-anuncia-que-vai-parar-de-gerar-residuos-ate-2020\/#primaryimage"},"thumbnailUrl":"https:\/\/www.institutodeengenharia.org.br\/site\/wp-content\/uploads\/2018\/02\/iStock-537431392.jpg","datePublished":"2017-11-06T14:08:49+00:00","dateModified":"2017-11-06T15:17:28+00:00","breadcrumb":{"@id":"https:\/\/www.institutodeengenharia.org.br\/site\/2017\/11\/06\/pg-anuncia-que-vai-parar-de-gerar-residuos-ate-2020\/#breadcrumb"},"inLanguage":"pt-BR","potentialAction":[{"@type":"ReadAction","target":["https:\/\/www.institutodeengenharia.org.br\/site\/2017\/11\/06\/pg-anuncia-que-vai-parar-de-gerar-residuos-ate-2020\/"]}]},{"@type":"ImageObject","inLanguage":"pt-BR","@id":"https:\/\/www.institutodeengenharia.org.br\/site\/2017\/11\/06\/pg-anuncia-que-vai-parar-de-gerar-residuos-ate-2020\/#primaryimage","url":"https:\/\/www.institutodeengenharia.org.br\/site\/wp-content\/uploads\/2018\/02\/iStock-537431392.jpg","contentUrl":"https:\/\/www.institutodeengenharia.org.br\/site\/wp-content\/uploads\/2018\/02\/iStock-537431392.jpg","width":724,"height":483},{"@type":"BreadcrumbList","@id":"https:\/\/www.institutodeengenharia.org.br\/site\/2017\/11\/06\/pg-anuncia-que-vai-parar-de-gerar-residuos-ate-2020\/#breadcrumb","itemListElement":[{"@type":"ListItem","position":1,"name":"In\u00edcio","item":"https:\/\/www.institutodeengenharia.org.br\/site\/"},{"@type":"ListItem","position":2,"name":"P&#038;G anuncia que vai parar de gerar res\u00edduos at\u00e9 2020"}]},{"@type":"WebSite","@id":"https:\/\/www.institutodeengenharia.org.br\/site\/#website","url":"https:\/\/www.institutodeengenharia.org.br\/site\/","name":"Instituto de Engenharia","description":"O Instituto de Engenharia promove a Engenharia em benef\u00edcio do desenvolvimento e da qualidade de vida da sociedade.","publisher":{"@id":"https:\/\/www.institutodeengenharia.org.br\/site\/#organization"},"potentialAction":[{"@type":"SearchAction","target":{"@type":"EntryPoint","urlTemplate":"https:\/\/www.institutodeengenharia.org.br\/site\/?s={search_term_string}"},"query-input":{"@type":"PropertyValueSpecification","valueRequired":true,"valueName":"search_term_string"}}],"inLanguage":"pt-BR"},{"@type":"Organization","@id":"https:\/\/www.institutodeengenharia.org.br\/site\/#organization","name":"Instituto de Engenharia","url":"https:\/\/www.institutodeengenharia.org.br\/site\/","logo":{"@type":"ImageObject","inLanguage":"pt-BR","@id":"https:\/\/www.institutodeengenharia.org.br\/site\/#\/schema\/logo\/image\/","url":"https:\/\/www.institutodeengenharia.org.br\/site\/wp-content\/uploads\/2019\/03\/logo-novo-IE2018-1.jpg","contentUrl":"https:\/\/www.institutodeengenharia.org.br\/site\/wp-content\/uploads\/2019\/03\/logo-novo-IE2018-1.jpg","width":1486,"height":1879,"caption":"Instituto de Engenharia"},"image":{"@id":"https:\/\/www.institutodeengenharia.org.br\/site\/#\/schema\/logo\/image\/"},"sameAs":["https:\/\/www.facebook.com\/institutodeengenharia","https:\/\/x.com\/iengenharia","https:\/\/www.instagram.com\/institutodeengenharia\/","https:\/\/www.linkedin.com\/company\/instituto-de-engenharia\/","https:\/\/www.youtube.com\/channel\/UCXiCAlsSMe977vamW915HxA"]},{"@type":"Person","@id":"https:\/\/www.institutodeengenharia.org.br\/site\/#\/schema\/person\/3b1ff109facef084739fc2edcb9a127f","name":"TMax Tecnologia","image":{"@type":"ImageObject","inLanguage":"pt-BR","@id":"https:\/\/secure.gravatar.com\/avatar\/f912434ef7f389c92cb311fcdae346af848465d638912574b3c669070f797701?s=96&d=mm&r=g","url":"https:\/\/secure.gravatar.com\/avatar\/f912434ef7f389c92cb311fcdae346af848465d638912574b3c669070f797701?s=96&d=mm&r=g","contentUrl":"https:\/\/secure.gravatar.com\/avatar\/f912434ef7f389c92cb311fcdae346af848465d638912574b3c669070f797701?s=96&d=mm&r=g","caption":"TMax Tecnologia"},"url":"https:\/\/www.institutodeengenharia.org.br\/site\/author\/tmax\/"}]}},"_links":{"self":[{"href":"https:\/\/www.institutodeengenharia.org.br\/site\/wp-json\/wp\/v2\/posts\/28769","targetHints":{"allow":["GET"]}}],"collection":[{"href":"https:\/\/www.institutodeengenharia.org.br\/site\/wp-json\/wp\/v2\/posts"}],"about":[{"href":"https:\/\/www.institutodeengenharia.org.br\/site\/wp-json\/wp\/v2\/types\/post"}],"author":[{"embeddable":true,"href":"https:\/\/www.institutodeengenharia.org.br\/site\/wp-json\/wp\/v2\/users\/1"}],"replies":[{"embeddable":true,"href":"https:\/\/www.institutodeengenharia.org.br\/site\/wp-json\/wp\/v2\/comments?post=28769"}],"version-history":[{"count":0,"href":"https:\/\/www.institutodeengenharia.org.br\/site\/wp-json\/wp\/v2\/posts\/28769\/revisions"}],"wp:featuredmedia":[{"embeddable":true,"href":"https:\/\/www.institutodeengenharia.org.br\/site\/wp-json\/wp\/v2\/media\/28770"}],"wp:attachment":[{"href":"https:\/\/www.institutodeengenharia.org.br\/site\/wp-json\/wp\/v2\/media?parent=28769"}],"wp:term":[{"taxonomy":"category","embeddable":true,"href":"https:\/\/www.institutodeengenharia.org.br\/site\/wp-json\/wp\/v2\/categories?post=28769"},{"taxonomy":"post_tag","embeddable":true,"href":"https:\/\/www.institutodeengenharia.org.br\/site\/wp-json\/wp\/v2\/tags?post=28769"}],"curies":[{"name":"wp","href":"https:\/\/api.w.org\/{rel}","templated":true}]}}