{"id":28763,"date":"2017-11-01T14:08:44","date_gmt":"2017-11-01T14:08:44","guid":{"rendered":"https:\/\/www.institutodeengenharia.org.br\/?p=28763"},"modified":"2017-11-01T16:51:08","modified_gmt":"2017-11-01T16:51:08","slug":"fiscalizacao-para-motorista-que-freia-apenas-no-radar-comeca-nesta-quarta-em-sp","status":"publish","type":"post","link":"https:\/\/www.institutodeengenharia.org.br\/site\/2017\/11\/01\/fiscalizacao-para-motorista-que-freia-apenas-no-radar-comeca-nesta-quarta-em-sp\/","title":{"rendered":"Fiscaliza\u00e7\u00e3o para motorista que freia apenas no radar come\u00e7a nesta quarta em SP"},"content":{"rendered":"<p>A Companhia de Engenharia de Tr\u00e1fego (CET) vai come\u00e7ar a fiscalizar nesta quarta-feira (1\u00ba) o motorista pela velocidade m\u00e9dia que ele leva de um ponto a outro em determinadas vias de S\u00e3o Paulo. A medida tem como objetivo combater o h\u00e1bito que alguns condutores t\u00eam de tirar o p\u00e9 do acelerador apenas quando est\u00e3o perto dos radares. A nova medi\u00e7\u00e3o n\u00e3o vai gerar multas por se tratar de uma a\u00e7\u00e3o educativa.<\/p>\n<p>Os radares est\u00e3o posicionados nas avenidas Jacu-P\u00eassego, 23 de Maio, Bandeirantes e na pista expressa da Marginal Tiet\u00ea, sentido Castello\/Ayrton Senna.<\/p>\n<p><img loading=\"lazy\" decoding=\"async\" src=\"https:\/\/s2.glbimg.com\/Z-2xIP1KVmfFxBIEgBB7AG8mVGg=\/0x0:1600x3788\/984x0\/smart\/filters:strip_icc()\/i.s3.glbimg.com\/v1\/AUTH_59edd422c0c84a879bd37670ae4f538a\/internal_photos\/bs\/2017\/P\/A\/lbf3LwTjuegbYAQSH4Aw\/como-funciona-radar-velocidade-media-sao-paulo-2.jpg\" height=\"1468\" width=\"620\" alt=\"\" \/><\/p>\n<p><em>Veja como funciona o sistema de radar de velocidade m\u00e9dia em S\u00e3o Paulo (Foto: Alexandre Mauro\/G1)<\/em><\/p>\n<p>\u201cO c\u00e1lculo da velocidade m\u00e9dia \u00e9 feito por radares existentes nas vias. Assim que o motorista passar pelo primeiro aparelho, o hor\u00e1rio e a velocidade s\u00e3o registrados pelo equipamento. Se o condutor alcan\u00e7ar o segundo radar mais r\u00e1pido do que o tempo necess\u00e1rio para percorrer o trecho dentro da velocidade m\u00e1xima permitida, o motorista ser\u00e1 advertido, via correspond\u00eancia\u201d, explica o secret\u00e1rio municipal de Mobilidade e Transportes, S\u00e9rgio Avelleda.<\/p>\n<p>Como a legisla\u00e7\u00e3o federal n\u00e3o permite a aplica\u00e7\u00e3o de multas com esse tipo de fiscaliza\u00e7\u00e3o, os motoristas que forem flagrados apenas receber\u00e3o uma carta notificando o excesso de velocidade. N\u00e3o haver\u00e1 multa nem pontos na carteira nacional de habilita\u00e7\u00e3o.<\/p>\n<p>Os radares, por\u00e9m, seguir\u00e3o multando quem for flagrado acima da velocidade permitida.<\/p>\n<p>A implanta\u00e7\u00e3o desse tipo de fiscaliza\u00e7\u00e3o vinha sendo estudado desde a gest\u00e3o do ex-prefeito Gilberto Kassab (PSD): em 2012 houve um projeto piloto no Corredor Norte-Sul (que abrange as avenidas Washington Lu\u00eds, Moreira Guimar\u00e3es, Rubem Berta e 23 de Maio).<\/p>\n<p>O estudo preliminar feito naquele ano mostrou que, a cada motorista multado por excesso de velocidade, outros sete poderiam ser autuados. &#8220;N\u00f3s queremos que as pessoas cumpram os limites de velocidade. As pessoas v\u00e3o receber uma carta que n\u00e3o tem nenhuma consequ\u00eancia jur\u00eddica, mas na minha opini\u00e3o vai sensibilizar a pessoa que ela se comportou de maneira inadequada&#8221;, completou Avelleda.<\/p>\n<p><strong>Trechos Fiscalizados<\/strong><\/p>\n<p>&#8211; Avenida 23 de Maio: entre os viadutos Tut\u00f3ia e Pedroso, no sentido Santana (zona norte).<\/p>\n<p>&#8211; Avenida dos Bandeirantes: entre a Rua Porto Martins e o numeral 2.040, junto \u00e0 Pra\u00e7a \u00c2ngelo Falgetano, no sentido Rodovia dos Imigrantes.<\/p>\n<p>&#8211; Avenida Jacu-P\u00eassego: entre o acesso da Rodovia Ayrton Senna at\u00e9 a Travessa Flor do P\u00eassego, no sentido Mau\u00e1.<\/p>\n<p>&#8211; Marginal Tiet\u00ea: na pista expressa, 200 metros antes da Ponte Freguesia do \u00d3 at\u00e9 200 metros ap\u00f3s a Ponte J\u00falio de Mesquita Neto, no sentido Castello\/Ayrton Senna.<\/p>\n<p><b>Autor: G1<\/b><\/p>\n","protected":false},"excerpt":{"rendered":"<p>Radares v\u00e3o calcular se condutor excedeu velocidade m\u00e9dia pelo tempo que levou entre um ponto e outro. Como lei n\u00e3o permite multas para esse tipo de medi\u00e7\u00e3o, motoristas ser\u00e3o apenas notificados.<\/p>\n","protected":false},"author":1,"featured_media":28764,"comment_status":"open","ping_status":"open","sticky":false,"template":"","format":"standard","meta":{"footnotes":""},"categories":[6],"tags":[],"class_list":{"0":"post-28763","1":"post","2":"type-post","3":"status-publish","4":"format-standard","5":"has-post-thumbnail","7":"category-noticias"},"yoast_head":"<!-- This site is optimized with the Yoast SEO plugin v27.2 - https:\/\/yoast.com\/product\/yoast-seo-wordpress\/ -->\n<title>Fiscaliza\u00e7\u00e3o para motorista que freia apenas no radar come\u00e7a nesta quarta em SP - Instituto de Engenharia<\/title>\n<meta name=\"robots\" content=\"index, follow, max-snippet:-1, max-image-preview:large, max-video-preview:-1\" \/>\n<link rel=\"canonical\" href=\"https:\/\/www.institutodeengenharia.org.br\/site\/2017\/11\/01\/fiscalizacao-para-motorista-que-freia-apenas-no-radar-comeca-nesta-quarta-em-sp\/\" \/>\n<meta property=\"og:locale\" content=\"pt_BR\" \/>\n<meta property=\"og:type\" content=\"article\" \/>\n<meta property=\"og:title\" content=\"Fiscaliza\u00e7\u00e3o para motorista que freia apenas no radar come\u00e7a nesta quarta em SP - Instituto de Engenharia\" \/>\n<meta property=\"og:description\" content=\"Radares v\u00e3o calcular se condutor excedeu velocidade m\u00e9dia pelo tempo que levou entre um ponto e outro. Como lei n\u00e3o permite multas para esse tipo de medi\u00e7\u00e3o, motoristas ser\u00e3o apenas notificados.\" \/>\n<meta property=\"og:url\" content=\"https:\/\/www.institutodeengenharia.org.br\/site\/2017\/11\/01\/fiscalizacao-para-motorista-que-freia-apenas-no-radar-comeca-nesta-quarta-em-sp\/\" \/>\n<meta property=\"og:site_name\" content=\"Instituto de Engenharia\" \/>\n<meta property=\"article:publisher\" content=\"https:\/\/www.facebook.com\/institutodeengenharia\" \/>\n<meta property=\"article:published_time\" content=\"2017-11-01T14:08:44+00:00\" \/>\n<meta property=\"article:modified_time\" content=\"2017-11-01T16:51:08+00:00\" \/>\n<meta property=\"og:image\" content=\"https:\/\/www.institutodeengenharia.org.br\/site\/wp-content\/uploads\/2018\/02\/marginal-tiete.jpg\" \/>\n\t<meta property=\"og:image:width\" content=\"984\" \/>\n\t<meta property=\"og:image:height\" content=\"616\" \/>\n\t<meta property=\"og:image:type\" content=\"image\/jpeg\" \/>\n<meta name=\"author\" content=\"TMax Tecnologia\" \/>\n<meta name=\"twitter:card\" content=\"summary_large_image\" \/>\n<meta name=\"twitter:creator\" content=\"@iengenharia\" \/>\n<meta name=\"twitter:site\" content=\"@iengenharia\" \/>\n<meta name=\"twitter:label1\" content=\"Escrito por\" \/>\n\t<meta name=\"twitter:data1\" content=\"TMax Tecnologia\" \/>\n\t<meta name=\"twitter:label2\" content=\"Est. tempo de leitura\" \/>\n\t<meta name=\"twitter:data2\" content=\"2 minutos\" \/>\n<script type=\"application\/ld+json\" class=\"yoast-schema-graph\">{\"@context\":\"https:\/\/schema.org\",\"@graph\":[{\"@type\":\"Article\",\"@id\":\"https:\/\/www.institutodeengenharia.org.br\/site\/2017\/11\/01\/fiscalizacao-para-motorista-que-freia-apenas-no-radar-comeca-nesta-quarta-em-sp\/#article\",\"isPartOf\":{\"@id\":\"https:\/\/www.institutodeengenharia.org.br\/site\/2017\/11\/01\/fiscalizacao-para-motorista-que-freia-apenas-no-radar-comeca-nesta-quarta-em-sp\/\"},\"author\":{\"name\":\"TMax Tecnologia\",\"@id\":\"https:\/\/www.institutodeengenharia.org.br\/site\/#\/schema\/person\/3b1ff109facef084739fc2edcb9a127f\"},\"headline\":\"Fiscaliza\u00e7\u00e3o para motorista que freia apenas no radar come\u00e7a nesta quarta em SP\",\"datePublished\":\"2017-11-01T14:08:44+00:00\",\"dateModified\":\"2017-11-01T16:51:08+00:00\",\"mainEntityOfPage\":{\"@id\":\"https:\/\/www.institutodeengenharia.org.br\/site\/2017\/11\/01\/fiscalizacao-para-motorista-que-freia-apenas-no-radar-comeca-nesta-quarta-em-sp\/\"},\"wordCount\":475,\"commentCount\":0,\"publisher\":{\"@id\":\"https:\/\/www.institutodeengenharia.org.br\/site\/#organization\"},\"image\":{\"@id\":\"https:\/\/www.institutodeengenharia.org.br\/site\/2017\/11\/01\/fiscalizacao-para-motorista-que-freia-apenas-no-radar-comeca-nesta-quarta-em-sp\/#primaryimage\"},\"thumbnailUrl\":\"https:\/\/www.institutodeengenharia.org.br\/site\/wp-content\/uploads\/2018\/02\/marginal-tiete.jpg\",\"articleSection\":[\"Not\u00edcias\"],\"inLanguage\":\"pt-BR\",\"potentialAction\":[{\"@type\":\"CommentAction\",\"name\":\"Comment\",\"target\":[\"https:\/\/www.institutodeengenharia.org.br\/site\/2017\/11\/01\/fiscalizacao-para-motorista-que-freia-apenas-no-radar-comeca-nesta-quarta-em-sp\/#respond\"]}]},{\"@type\":\"WebPage\",\"@id\":\"https:\/\/www.institutodeengenharia.org.br\/site\/2017\/11\/01\/fiscalizacao-para-motorista-que-freia-apenas-no-radar-comeca-nesta-quarta-em-sp\/\",\"url\":\"https:\/\/www.institutodeengenharia.org.br\/site\/2017\/11\/01\/fiscalizacao-para-motorista-que-freia-apenas-no-radar-comeca-nesta-quarta-em-sp\/\",\"name\":\"Fiscaliza\u00e7\u00e3o para motorista que freia apenas no radar come\u00e7a nesta quarta em SP - Instituto de Engenharia\",\"isPartOf\":{\"@id\":\"https:\/\/www.institutodeengenharia.org.br\/site\/#website\"},\"primaryImageOfPage\":{\"@id\":\"https:\/\/www.institutodeengenharia.org.br\/site\/2017\/11\/01\/fiscalizacao-para-motorista-que-freia-apenas-no-radar-comeca-nesta-quarta-em-sp\/#primaryimage\"},\"image\":{\"@id\":\"https:\/\/www.institutodeengenharia.org.br\/site\/2017\/11\/01\/fiscalizacao-para-motorista-que-freia-apenas-no-radar-comeca-nesta-quarta-em-sp\/#primaryimage\"},\"thumbnailUrl\":\"https:\/\/www.institutodeengenharia.org.br\/site\/wp-content\/uploads\/2018\/02\/marginal-tiete.jpg\",\"datePublished\":\"2017-11-01T14:08:44+00:00\",\"dateModified\":\"2017-11-01T16:51:08+00:00\",\"breadcrumb\":{\"@id\":\"https:\/\/www.institutodeengenharia.org.br\/site\/2017\/11\/01\/fiscalizacao-para-motorista-que-freia-apenas-no-radar-comeca-nesta-quarta-em-sp\/#breadcrumb\"},\"inLanguage\":\"pt-BR\",\"potentialAction\":[{\"@type\":\"ReadAction\",\"target\":[\"https:\/\/www.institutodeengenharia.org.br\/site\/2017\/11\/01\/fiscalizacao-para-motorista-que-freia-apenas-no-radar-comeca-nesta-quarta-em-sp\/\"]}]},{\"@type\":\"ImageObject\",\"inLanguage\":\"pt-BR\",\"@id\":\"https:\/\/www.institutodeengenharia.org.br\/site\/2017\/11\/01\/fiscalizacao-para-motorista-que-freia-apenas-no-radar-comeca-nesta-quarta-em-sp\/#primaryimage\",\"url\":\"https:\/\/www.institutodeengenharia.org.br\/site\/wp-content\/uploads\/2018\/02\/marginal-tiete.jpg\",\"contentUrl\":\"https:\/\/www.institutodeengenharia.org.br\/site\/wp-content\/uploads\/2018\/02\/marginal-tiete.jpg\",\"width\":984,\"height\":616},{\"@type\":\"BreadcrumbList\",\"@id\":\"https:\/\/www.institutodeengenharia.org.br\/site\/2017\/11\/01\/fiscalizacao-para-motorista-que-freia-apenas-no-radar-comeca-nesta-quarta-em-sp\/#breadcrumb\",\"itemListElement\":[{\"@type\":\"ListItem\",\"position\":1,\"name\":\"In\u00edcio\",\"item\":\"https:\/\/www.institutodeengenharia.org.br\/site\/\"},{\"@type\":\"ListItem\",\"position\":2,\"name\":\"Fiscaliza\u00e7\u00e3o para motorista que freia apenas no radar come\u00e7a nesta quarta em SP\"}]},{\"@type\":\"WebSite\",\"@id\":\"https:\/\/www.institutodeengenharia.org.br\/site\/#website\",\"url\":\"https:\/\/www.institutodeengenharia.org.br\/site\/\",\"name\":\"Instituto de Engenharia\",\"description\":\"O Instituto de Engenharia promove a Engenharia em benef\u00edcio do desenvolvimento e da qualidade de vida da sociedade.\",\"publisher\":{\"@id\":\"https:\/\/www.institutodeengenharia.org.br\/site\/#organization\"},\"potentialAction\":[{\"@type\":\"SearchAction\",\"target\":{\"@type\":\"EntryPoint\",\"urlTemplate\":\"https:\/\/www.institutodeengenharia.org.br\/site\/?s={search_term_string}\"},\"query-input\":{\"@type\":\"PropertyValueSpecification\",\"valueRequired\":true,\"valueName\":\"search_term_string\"}}],\"inLanguage\":\"pt-BR\"},{\"@type\":\"Organization\",\"@id\":\"https:\/\/www.institutodeengenharia.org.br\/site\/#organization\",\"name\":\"Instituto de Engenharia\",\"url\":\"https:\/\/www.institutodeengenharia.org.br\/site\/\",\"logo\":{\"@type\":\"ImageObject\",\"inLanguage\":\"pt-BR\",\"@id\":\"https:\/\/www.institutodeengenharia.org.br\/site\/#\/schema\/logo\/image\/\",\"url\":\"https:\/\/www.institutodeengenharia.org.br\/site\/wp-content\/uploads\/2019\/03\/logo-novo-IE2018-1.jpg\",\"contentUrl\":\"https:\/\/www.institutodeengenharia.org.br\/site\/wp-content\/uploads\/2019\/03\/logo-novo-IE2018-1.jpg\",\"width\":1486,\"height\":1879,\"caption\":\"Instituto de Engenharia\"},\"image\":{\"@id\":\"https:\/\/www.institutodeengenharia.org.br\/site\/#\/schema\/logo\/image\/\"},\"sameAs\":[\"https:\/\/www.facebook.com\/institutodeengenharia\",\"https:\/\/x.com\/iengenharia\",\"https:\/\/www.instagram.com\/institutodeengenharia\/\",\"https:\/\/www.linkedin.com\/company\/instituto-de-engenharia\/\",\"https:\/\/www.youtube.com\/channel\/UCXiCAlsSMe977vamW915HxA\"]},{\"@type\":\"Person\",\"@id\":\"https:\/\/www.institutodeengenharia.org.br\/site\/#\/schema\/person\/3b1ff109facef084739fc2edcb9a127f\",\"name\":\"TMax Tecnologia\",\"image\":{\"@type\":\"ImageObject\",\"inLanguage\":\"pt-BR\",\"@id\":\"https:\/\/secure.gravatar.com\/avatar\/f912434ef7f389c92cb311fcdae346af848465d638912574b3c669070f797701?s=96&d=mm&r=g\",\"url\":\"https:\/\/secure.gravatar.com\/avatar\/f912434ef7f389c92cb311fcdae346af848465d638912574b3c669070f797701?s=96&d=mm&r=g\",\"contentUrl\":\"https:\/\/secure.gravatar.com\/avatar\/f912434ef7f389c92cb311fcdae346af848465d638912574b3c669070f797701?s=96&d=mm&r=g\",\"caption\":\"TMax Tecnologia\"},\"url\":\"https:\/\/www.institutodeengenharia.org.br\/site\/author\/tmax\/\"}]}<\/script>\n<!-- \/ Yoast SEO plugin. -->","yoast_head_json":{"title":"Fiscaliza\u00e7\u00e3o para motorista que freia apenas no radar come\u00e7a nesta quarta em SP - Instituto de Engenharia","robots":{"index":"index","follow":"follow","max-snippet":"max-snippet:-1","max-image-preview":"max-image-preview:large","max-video-preview":"max-video-preview:-1"},"canonical":"https:\/\/www.institutodeengenharia.org.br\/site\/2017\/11\/01\/fiscalizacao-para-motorista-que-freia-apenas-no-radar-comeca-nesta-quarta-em-sp\/","og_locale":"pt_BR","og_type":"article","og_title":"Fiscaliza\u00e7\u00e3o para motorista que freia apenas no radar come\u00e7a nesta quarta em SP - Instituto de Engenharia","og_description":"Radares v\u00e3o calcular se condutor excedeu velocidade m\u00e9dia pelo tempo que levou entre um ponto e outro. Como lei n\u00e3o permite multas para esse tipo de medi\u00e7\u00e3o, motoristas ser\u00e3o apenas notificados.","og_url":"https:\/\/www.institutodeengenharia.org.br\/site\/2017\/11\/01\/fiscalizacao-para-motorista-que-freia-apenas-no-radar-comeca-nesta-quarta-em-sp\/","og_site_name":"Instituto de Engenharia","article_publisher":"https:\/\/www.facebook.com\/institutodeengenharia","article_published_time":"2017-11-01T14:08:44+00:00","article_modified_time":"2017-11-01T16:51:08+00:00","og_image":[{"width":984,"height":616,"url":"https:\/\/www.institutodeengenharia.org.br\/site\/wp-content\/uploads\/2018\/02\/marginal-tiete.jpg","type":"image\/jpeg"}],"author":"TMax Tecnologia","twitter_card":"summary_large_image","twitter_creator":"@iengenharia","twitter_site":"@iengenharia","twitter_misc":{"Escrito por":"TMax Tecnologia","Est. tempo de leitura":"2 minutos"},"schema":{"@context":"https:\/\/schema.org","@graph":[{"@type":"Article","@id":"https:\/\/www.institutodeengenharia.org.br\/site\/2017\/11\/01\/fiscalizacao-para-motorista-que-freia-apenas-no-radar-comeca-nesta-quarta-em-sp\/#article","isPartOf":{"@id":"https:\/\/www.institutodeengenharia.org.br\/site\/2017\/11\/01\/fiscalizacao-para-motorista-que-freia-apenas-no-radar-comeca-nesta-quarta-em-sp\/"},"author":{"name":"TMax Tecnologia","@id":"https:\/\/www.institutodeengenharia.org.br\/site\/#\/schema\/person\/3b1ff109facef084739fc2edcb9a127f"},"headline":"Fiscaliza\u00e7\u00e3o para motorista que freia apenas no radar come\u00e7a nesta quarta em SP","datePublished":"2017-11-01T14:08:44+00:00","dateModified":"2017-11-01T16:51:08+00:00","mainEntityOfPage":{"@id":"https:\/\/www.institutodeengenharia.org.br\/site\/2017\/11\/01\/fiscalizacao-para-motorista-que-freia-apenas-no-radar-comeca-nesta-quarta-em-sp\/"},"wordCount":475,"commentCount":0,"publisher":{"@id":"https:\/\/www.institutodeengenharia.org.br\/site\/#organization"},"image":{"@id":"https:\/\/www.institutodeengenharia.org.br\/site\/2017\/11\/01\/fiscalizacao-para-motorista-que-freia-apenas-no-radar-comeca-nesta-quarta-em-sp\/#primaryimage"},"thumbnailUrl":"https:\/\/www.institutodeengenharia.org.br\/site\/wp-content\/uploads\/2018\/02\/marginal-tiete.jpg","articleSection":["Not\u00edcias"],"inLanguage":"pt-BR","potentialAction":[{"@type":"CommentAction","name":"Comment","target":["https:\/\/www.institutodeengenharia.org.br\/site\/2017\/11\/01\/fiscalizacao-para-motorista-que-freia-apenas-no-radar-comeca-nesta-quarta-em-sp\/#respond"]}]},{"@type":"WebPage","@id":"https:\/\/www.institutodeengenharia.org.br\/site\/2017\/11\/01\/fiscalizacao-para-motorista-que-freia-apenas-no-radar-comeca-nesta-quarta-em-sp\/","url":"https:\/\/www.institutodeengenharia.org.br\/site\/2017\/11\/01\/fiscalizacao-para-motorista-que-freia-apenas-no-radar-comeca-nesta-quarta-em-sp\/","name":"Fiscaliza\u00e7\u00e3o para motorista que freia apenas no radar come\u00e7a nesta quarta em SP - Instituto de Engenharia","isPartOf":{"@id":"https:\/\/www.institutodeengenharia.org.br\/site\/#website"},"primaryImageOfPage":{"@id":"https:\/\/www.institutodeengenharia.org.br\/site\/2017\/11\/01\/fiscalizacao-para-motorista-que-freia-apenas-no-radar-comeca-nesta-quarta-em-sp\/#primaryimage"},"image":{"@id":"https:\/\/www.institutodeengenharia.org.br\/site\/2017\/11\/01\/fiscalizacao-para-motorista-que-freia-apenas-no-radar-comeca-nesta-quarta-em-sp\/#primaryimage"},"thumbnailUrl":"https:\/\/www.institutodeengenharia.org.br\/site\/wp-content\/uploads\/2018\/02\/marginal-tiete.jpg","datePublished":"2017-11-01T14:08:44+00:00","dateModified":"2017-11-01T16:51:08+00:00","breadcrumb":{"@id":"https:\/\/www.institutodeengenharia.org.br\/site\/2017\/11\/01\/fiscalizacao-para-motorista-que-freia-apenas-no-radar-comeca-nesta-quarta-em-sp\/#breadcrumb"},"inLanguage":"pt-BR","potentialAction":[{"@type":"ReadAction","target":["https:\/\/www.institutodeengenharia.org.br\/site\/2017\/11\/01\/fiscalizacao-para-motorista-que-freia-apenas-no-radar-comeca-nesta-quarta-em-sp\/"]}]},{"@type":"ImageObject","inLanguage":"pt-BR","@id":"https:\/\/www.institutodeengenharia.org.br\/site\/2017\/11\/01\/fiscalizacao-para-motorista-que-freia-apenas-no-radar-comeca-nesta-quarta-em-sp\/#primaryimage","url":"https:\/\/www.institutodeengenharia.org.br\/site\/wp-content\/uploads\/2018\/02\/marginal-tiete.jpg","contentUrl":"https:\/\/www.institutodeengenharia.org.br\/site\/wp-content\/uploads\/2018\/02\/marginal-tiete.jpg","width":984,"height":616},{"@type":"BreadcrumbList","@id":"https:\/\/www.institutodeengenharia.org.br\/site\/2017\/11\/01\/fiscalizacao-para-motorista-que-freia-apenas-no-radar-comeca-nesta-quarta-em-sp\/#breadcrumb","itemListElement":[{"@type":"ListItem","position":1,"name":"In\u00edcio","item":"https:\/\/www.institutodeengenharia.org.br\/site\/"},{"@type":"ListItem","position":2,"name":"Fiscaliza\u00e7\u00e3o para motorista que freia apenas no radar come\u00e7a nesta quarta em SP"}]},{"@type":"WebSite","@id":"https:\/\/www.institutodeengenharia.org.br\/site\/#website","url":"https:\/\/www.institutodeengenharia.org.br\/site\/","name":"Instituto de Engenharia","description":"O Instituto de Engenharia promove a Engenharia em benef\u00edcio do desenvolvimento e da qualidade de vida da sociedade.","publisher":{"@id":"https:\/\/www.institutodeengenharia.org.br\/site\/#organization"},"potentialAction":[{"@type":"SearchAction","target":{"@type":"EntryPoint","urlTemplate":"https:\/\/www.institutodeengenharia.org.br\/site\/?s={search_term_string}"},"query-input":{"@type":"PropertyValueSpecification","valueRequired":true,"valueName":"search_term_string"}}],"inLanguage":"pt-BR"},{"@type":"Organization","@id":"https:\/\/www.institutodeengenharia.org.br\/site\/#organization","name":"Instituto de Engenharia","url":"https:\/\/www.institutodeengenharia.org.br\/site\/","logo":{"@type":"ImageObject","inLanguage":"pt-BR","@id":"https:\/\/www.institutodeengenharia.org.br\/site\/#\/schema\/logo\/image\/","url":"https:\/\/www.institutodeengenharia.org.br\/site\/wp-content\/uploads\/2019\/03\/logo-novo-IE2018-1.jpg","contentUrl":"https:\/\/www.institutodeengenharia.org.br\/site\/wp-content\/uploads\/2019\/03\/logo-novo-IE2018-1.jpg","width":1486,"height":1879,"caption":"Instituto de Engenharia"},"image":{"@id":"https:\/\/www.institutodeengenharia.org.br\/site\/#\/schema\/logo\/image\/"},"sameAs":["https:\/\/www.facebook.com\/institutodeengenharia","https:\/\/x.com\/iengenharia","https:\/\/www.instagram.com\/institutodeengenharia\/","https:\/\/www.linkedin.com\/company\/instituto-de-engenharia\/","https:\/\/www.youtube.com\/channel\/UCXiCAlsSMe977vamW915HxA"]},{"@type":"Person","@id":"https:\/\/www.institutodeengenharia.org.br\/site\/#\/schema\/person\/3b1ff109facef084739fc2edcb9a127f","name":"TMax Tecnologia","image":{"@type":"ImageObject","inLanguage":"pt-BR","@id":"https:\/\/secure.gravatar.com\/avatar\/f912434ef7f389c92cb311fcdae346af848465d638912574b3c669070f797701?s=96&d=mm&r=g","url":"https:\/\/secure.gravatar.com\/avatar\/f912434ef7f389c92cb311fcdae346af848465d638912574b3c669070f797701?s=96&d=mm&r=g","contentUrl":"https:\/\/secure.gravatar.com\/avatar\/f912434ef7f389c92cb311fcdae346af848465d638912574b3c669070f797701?s=96&d=mm&r=g","caption":"TMax Tecnologia"},"url":"https:\/\/www.institutodeengenharia.org.br\/site\/author\/tmax\/"}]}},"_links":{"self":[{"href":"https:\/\/www.institutodeengenharia.org.br\/site\/wp-json\/wp\/v2\/posts\/28763","targetHints":{"allow":["GET"]}}],"collection":[{"href":"https:\/\/www.institutodeengenharia.org.br\/site\/wp-json\/wp\/v2\/posts"}],"about":[{"href":"https:\/\/www.institutodeengenharia.org.br\/site\/wp-json\/wp\/v2\/types\/post"}],"author":[{"embeddable":true,"href":"https:\/\/www.institutodeengenharia.org.br\/site\/wp-json\/wp\/v2\/users\/1"}],"replies":[{"embeddable":true,"href":"https:\/\/www.institutodeengenharia.org.br\/site\/wp-json\/wp\/v2\/comments?post=28763"}],"version-history":[{"count":0,"href":"https:\/\/www.institutodeengenharia.org.br\/site\/wp-json\/wp\/v2\/posts\/28763\/revisions"}],"wp:featuredmedia":[{"embeddable":true,"href":"https:\/\/www.institutodeengenharia.org.br\/site\/wp-json\/wp\/v2\/media\/28764"}],"wp:attachment":[{"href":"https:\/\/www.institutodeengenharia.org.br\/site\/wp-json\/wp\/v2\/media?parent=28763"}],"wp:term":[{"taxonomy":"category","embeddable":true,"href":"https:\/\/www.institutodeengenharia.org.br\/site\/wp-json\/wp\/v2\/categories?post=28763"},{"taxonomy":"post_tag","embeddable":true,"href":"https:\/\/www.institutodeengenharia.org.br\/site\/wp-json\/wp\/v2\/tags?post=28763"}],"curies":[{"name":"wp","href":"https:\/\/api.w.org\/{rel}","templated":true}]}}