{"id":28725,"date":"2017-10-26T14:08:03","date_gmt":"2017-10-26T14:08:03","guid":{"rendered":"https:\/\/www.institutodeengenharia.org.br\/?p=28725"},"modified":"2017-10-26T16:22:32","modified_gmt":"2017-10-26T16:22:32","slug":"livro-a-um-brasil-a-analises-e-discussoes-sobre-um-povo-em-busca-de-uma-identidade","status":"publish","type":"post","link":"https:\/\/www.institutodeengenharia.org.br\/site\/2017\/10\/26\/livro-a-um-brasil-a-analises-e-discussoes-sobre-um-povo-em-busca-de-uma-identidade\/","title":{"rendered":"Livro \u2013 Um Brasil \u2013 An\u00e1lises e Discuss\u00f5es sobre um Povo em Busca de uma Identidade"},"content":{"rendered":"<p>A obra da semana vai al\u00e9m apenas do livro, o Um Brasil trabalha muito bem o conceito do crossmidia, que \u00e9 a distribui\u00e7\u00e3o do produto por meio de diversas m\u00eddias e plataformas de comunica\u00e7\u00e3o existentes no mundo digital e off-line.<\/p>\n<p>Este \u00e9 um material rico sobre o Brasil. Parte de uma s\u00e9rie de entrevistas que teve in\u00edcio em 2014 ouvindo intelectuais, acad\u00eamicos, empres\u00e1rios e todos aqueles dispostos a debater abertamente os problemas e rumos do Brasil em seus diferentes aspectos. A riqueza de opini\u00f5es se reflete na diversidade de assuntos abordados, que navegam da democracia \u00e0 condu\u00e7\u00e3o da pol\u00edtica econ\u00f4mica nacional, da educa\u00e7\u00e3o ao desafio de viver em grandes cidades. <\/p>\n<p>O Um Brasil \u00e9 uma plataforma multim\u00eddia composta por entrevistas, debates e document\u00e1rios com grandes nomes do meio acad\u00eamico, intelectual e empresarial. O conte\u00fado desses encontros aborda quest\u00f5es importantes sobre o quadro econ\u00f4mico, pol\u00edtico e social do Brasil. Tem como objetivos: resgatar o debate pol\u00edtico, econ\u00f4mico e social no Pa\u00eds; estimular a participa\u00e7\u00e3o e o conhecimento pol\u00edtico do cidad\u00e3o; envolver o jovem brasileiro nas discuss\u00f5es; auxiliar no desenvolvimento do senso cr\u00edtico da sociedade; e promover o questionamento e a elabora\u00e7\u00e3o de ideias e a\u00e7\u00f5es.<\/p>\n<p>H\u00e1 tamb\u00e9m uma vers\u00e3o bil\u00edngue, e todo o material est\u00e1 dispon\u00edvel, gratuitamente, em formato web, em Blu-ray e em publica\u00e7\u00f5es impressas para meios acad\u00eamicos, institui\u00e7\u00f5es, funda\u00e7\u00f5es e outras organiza\u00e7\u00f5es que desejam Promover e aprofundar a discuss\u00e3o sobre o Brasil.<\/p>\n<p>Al\u00e9m de um espa\u00e7o de entrevistas \u2013 dispon\u00edveis na web e em publica\u00e7\u00f5es \u2013 o Um Brasil produz document\u00e1rios, eventos, reportagens multim\u00eddia e outros produtos capazes de promover a reflex\u00e3o sobre o Brasil.<\/p>\n<p>Saiba mais e entenda sobre esse projeto enriquecedor. <a href=\"http:\/\/www.umbrasil.com\">www.umbrasil.com<br \/>\n<\/a><\/p>\n<p><b>Autor: Martha Amorim<\/b><\/p>\n","protected":false},"excerpt":{"rendered":"<p>Produ\u00e7\u00e3o e Realiza\u00e7\u00e3o &#8211; Tutu; Entrevistas &#8211; Mario Vargas Llosa, Claudia Costin, William Eimicke, Marco Aur\u00e9lio Melo, Otaviano Canuto, Hussein Kalout, Thomas Trebat, Roberto Damatta, Laurentinho Gomes, Luiz Felipe Pond\u00e9, Ayres Britto. Exemplar dispon\u00edvel no IE<\/p>\n","protected":false},"author":1,"featured_media":28726,"comment_status":"open","ping_status":"open","sticky":false,"template":"","format":"standard","meta":{"footnotes":""},"categories":[27,6],"tags":[],"class_list":{"0":"post-28725","1":"post","2":"type-post","3":"status-publish","4":"format-standard","5":"has-post-thumbnail","7":"category-instituto-de-engenharia","8":"category-noticias"},"yoast_head":"<!-- This site is optimized with the Yoast SEO plugin v27.2 - https:\/\/yoast.com\/product\/yoast-seo-wordpress\/ -->\n<title>Livro \u2013 Um Brasil \u2013 An\u00e1lises e Discuss\u00f5es sobre um Povo em Busca de uma Identidade  - Instituto de Engenharia<\/title>\n<meta name=\"robots\" content=\"index, follow, max-snippet:-1, max-image-preview:large, max-video-preview:-1\" \/>\n<link rel=\"canonical\" href=\"https:\/\/www.institutodeengenharia.org.br\/site\/2017\/10\/26\/livro-a-um-brasil-a-analises-e-discussoes-sobre-um-povo-em-busca-de-uma-identidade\/\" \/>\n<meta property=\"og:locale\" content=\"pt_BR\" \/>\n<meta property=\"og:type\" content=\"article\" \/>\n<meta property=\"og:title\" content=\"Livro \u2013 Um Brasil \u2013 An\u00e1lises e Discuss\u00f5es sobre um Povo em Busca de uma Identidade  - Instituto de Engenharia\" \/>\n<meta property=\"og:description\" content=\"Produ\u00e7\u00e3o e Realiza\u00e7\u00e3o - Tutu; Entrevistas - Mario Vargas Llosa, Claudia Costin, William Eimicke, Marco Aur\u00e9lio Melo, Otaviano Canuto, Hussein Kalout, Thomas Trebat, Roberto Damatta, Laurentinho Gomes, Luiz Felipe Pond\u00e9, Ayres Britto. Exemplar dispon\u00edvel no IE\" \/>\n<meta property=\"og:url\" content=\"https:\/\/www.institutodeengenharia.org.br\/site\/2017\/10\/26\/livro-a-um-brasil-a-analises-e-discussoes-sobre-um-povo-em-busca-de-uma-identidade\/\" \/>\n<meta property=\"og:site_name\" content=\"Instituto de Engenharia\" \/>\n<meta property=\"article:publisher\" content=\"https:\/\/www.facebook.com\/institutodeengenharia\" \/>\n<meta property=\"article:published_time\" content=\"2017-10-26T14:08:03+00:00\" \/>\n<meta property=\"article:modified_time\" content=\"2017-10-26T16:22:32+00:00\" \/>\n<meta property=\"og:image\" content=\"https:\/\/www.institutodeengenharia.org.br\/site\/wp-content\/uploads\/2018\/02\/revista-umbrasil.jpg\" \/>\n\t<meta property=\"og:image:width\" content=\"321\" \/>\n\t<meta property=\"og:image:height\" content=\"432\" \/>\n\t<meta property=\"og:image:type\" content=\"image\/jpeg\" \/>\n<meta name=\"author\" content=\"TMax Tecnologia\" \/>\n<meta name=\"twitter:card\" content=\"summary_large_image\" \/>\n<meta name=\"twitter:creator\" content=\"@iengenharia\" \/>\n<meta name=\"twitter:site\" content=\"@iengenharia\" \/>\n<meta name=\"twitter:label1\" content=\"Escrito por\" \/>\n\t<meta name=\"twitter:data1\" content=\"TMax Tecnologia\" \/>\n\t<meta name=\"twitter:label2\" content=\"Est. tempo de leitura\" \/>\n\t<meta name=\"twitter:data2\" content=\"2 minutos\" \/>\n<script type=\"application\/ld+json\" class=\"yoast-schema-graph\">{\"@context\":\"https:\/\/schema.org\",\"@graph\":[{\"@type\":\"Article\",\"@id\":\"https:\/\/www.institutodeengenharia.org.br\/site\/2017\/10\/26\/livro-a-um-brasil-a-analises-e-discussoes-sobre-um-povo-em-busca-de-uma-identidade\/#article\",\"isPartOf\":{\"@id\":\"https:\/\/www.institutodeengenharia.org.br\/site\/2017\/10\/26\/livro-a-um-brasil-a-analises-e-discussoes-sobre-um-povo-em-busca-de-uma-identidade\/\"},\"author\":{\"name\":\"TMax Tecnologia\",\"@id\":\"https:\/\/www.institutodeengenharia.org.br\/site\/#\/schema\/person\/3b1ff109facef084739fc2edcb9a127f\"},\"headline\":\"Livro \u2013 Um Brasil \u2013 An\u00e1lises e Discuss\u00f5es sobre um Povo em Busca de uma Identidade\",\"datePublished\":\"2017-10-26T14:08:03+00:00\",\"dateModified\":\"2017-10-26T16:22:32+00:00\",\"mainEntityOfPage\":{\"@id\":\"https:\/\/www.institutodeengenharia.org.br\/site\/2017\/10\/26\/livro-a-um-brasil-a-analises-e-discussoes-sobre-um-povo-em-busca-de-uma-identidade\/\"},\"wordCount\":336,\"commentCount\":0,\"publisher\":{\"@id\":\"https:\/\/www.institutodeengenharia.org.br\/site\/#organization\"},\"image\":{\"@id\":\"https:\/\/www.institutodeengenharia.org.br\/site\/2017\/10\/26\/livro-a-um-brasil-a-analises-e-discussoes-sobre-um-povo-em-busca-de-uma-identidade\/#primaryimage\"},\"thumbnailUrl\":\"https:\/\/www.institutodeengenharia.org.br\/site\/wp-content\/uploads\/2018\/02\/revista-umbrasil.jpg\",\"articleSection\":[\"Instituto de Engenharia\",\"Not\u00edcias\"],\"inLanguage\":\"pt-BR\",\"potentialAction\":[{\"@type\":\"CommentAction\",\"name\":\"Comment\",\"target\":[\"https:\/\/www.institutodeengenharia.org.br\/site\/2017\/10\/26\/livro-a-um-brasil-a-analises-e-discussoes-sobre-um-povo-em-busca-de-uma-identidade\/#respond\"]}]},{\"@type\":\"WebPage\",\"@id\":\"https:\/\/www.institutodeengenharia.org.br\/site\/2017\/10\/26\/livro-a-um-brasil-a-analises-e-discussoes-sobre-um-povo-em-busca-de-uma-identidade\/\",\"url\":\"https:\/\/www.institutodeengenharia.org.br\/site\/2017\/10\/26\/livro-a-um-brasil-a-analises-e-discussoes-sobre-um-povo-em-busca-de-uma-identidade\/\",\"name\":\"Livro \u2013 Um Brasil \u2013 An\u00e1lises e Discuss\u00f5es sobre um Povo em Busca de uma Identidade - Instituto de Engenharia\",\"isPartOf\":{\"@id\":\"https:\/\/www.institutodeengenharia.org.br\/site\/#website\"},\"primaryImageOfPage\":{\"@id\":\"https:\/\/www.institutodeengenharia.org.br\/site\/2017\/10\/26\/livro-a-um-brasil-a-analises-e-discussoes-sobre-um-povo-em-busca-de-uma-identidade\/#primaryimage\"},\"image\":{\"@id\":\"https:\/\/www.institutodeengenharia.org.br\/site\/2017\/10\/26\/livro-a-um-brasil-a-analises-e-discussoes-sobre-um-povo-em-busca-de-uma-identidade\/#primaryimage\"},\"thumbnailUrl\":\"https:\/\/www.institutodeengenharia.org.br\/site\/wp-content\/uploads\/2018\/02\/revista-umbrasil.jpg\",\"datePublished\":\"2017-10-26T14:08:03+00:00\",\"dateModified\":\"2017-10-26T16:22:32+00:00\",\"breadcrumb\":{\"@id\":\"https:\/\/www.institutodeengenharia.org.br\/site\/2017\/10\/26\/livro-a-um-brasil-a-analises-e-discussoes-sobre-um-povo-em-busca-de-uma-identidade\/#breadcrumb\"},\"inLanguage\":\"pt-BR\",\"potentialAction\":[{\"@type\":\"ReadAction\",\"target\":[\"https:\/\/www.institutodeengenharia.org.br\/site\/2017\/10\/26\/livro-a-um-brasil-a-analises-e-discussoes-sobre-um-povo-em-busca-de-uma-identidade\/\"]}]},{\"@type\":\"ImageObject\",\"inLanguage\":\"pt-BR\",\"@id\":\"https:\/\/www.institutodeengenharia.org.br\/site\/2017\/10\/26\/livro-a-um-brasil-a-analises-e-discussoes-sobre-um-povo-em-busca-de-uma-identidade\/#primaryimage\",\"url\":\"https:\/\/www.institutodeengenharia.org.br\/site\/wp-content\/uploads\/2018\/02\/revista-umbrasil.jpg\",\"contentUrl\":\"https:\/\/www.institutodeengenharia.org.br\/site\/wp-content\/uploads\/2018\/02\/revista-umbrasil.jpg\",\"width\":321,\"height\":432},{\"@type\":\"BreadcrumbList\",\"@id\":\"https:\/\/www.institutodeengenharia.org.br\/site\/2017\/10\/26\/livro-a-um-brasil-a-analises-e-discussoes-sobre-um-povo-em-busca-de-uma-identidade\/#breadcrumb\",\"itemListElement\":[{\"@type\":\"ListItem\",\"position\":1,\"name\":\"In\u00edcio\",\"item\":\"https:\/\/www.institutodeengenharia.org.br\/site\/\"},{\"@type\":\"ListItem\",\"position\":2,\"name\":\"Livro \u2013 Um Brasil \u2013 An\u00e1lises e Discuss\u00f5es sobre um Povo em Busca de uma Identidade\"}]},{\"@type\":\"WebSite\",\"@id\":\"https:\/\/www.institutodeengenharia.org.br\/site\/#website\",\"url\":\"https:\/\/www.institutodeengenharia.org.br\/site\/\",\"name\":\"Instituto de Engenharia\",\"description\":\"O Instituto de Engenharia promove a Engenharia em benef\u00edcio do desenvolvimento e da qualidade de vida da sociedade.\",\"publisher\":{\"@id\":\"https:\/\/www.institutodeengenharia.org.br\/site\/#organization\"},\"potentialAction\":[{\"@type\":\"SearchAction\",\"target\":{\"@type\":\"EntryPoint\",\"urlTemplate\":\"https:\/\/www.institutodeengenharia.org.br\/site\/?s={search_term_string}\"},\"query-input\":{\"@type\":\"PropertyValueSpecification\",\"valueRequired\":true,\"valueName\":\"search_term_string\"}}],\"inLanguage\":\"pt-BR\"},{\"@type\":\"Organization\",\"@id\":\"https:\/\/www.institutodeengenharia.org.br\/site\/#organization\",\"name\":\"Instituto de Engenharia\",\"url\":\"https:\/\/www.institutodeengenharia.org.br\/site\/\",\"logo\":{\"@type\":\"ImageObject\",\"inLanguage\":\"pt-BR\",\"@id\":\"https:\/\/www.institutodeengenharia.org.br\/site\/#\/schema\/logo\/image\/\",\"url\":\"https:\/\/www.institutodeengenharia.org.br\/site\/wp-content\/uploads\/2019\/03\/logo-novo-IE2018-1.jpg\",\"contentUrl\":\"https:\/\/www.institutodeengenharia.org.br\/site\/wp-content\/uploads\/2019\/03\/logo-novo-IE2018-1.jpg\",\"width\":1486,\"height\":1879,\"caption\":\"Instituto de Engenharia\"},\"image\":{\"@id\":\"https:\/\/www.institutodeengenharia.org.br\/site\/#\/schema\/logo\/image\/\"},\"sameAs\":[\"https:\/\/www.facebook.com\/institutodeengenharia\",\"https:\/\/x.com\/iengenharia\",\"https:\/\/www.instagram.com\/institutodeengenharia\/\",\"https:\/\/www.linkedin.com\/company\/instituto-de-engenharia\/\",\"https:\/\/www.youtube.com\/channel\/UCXiCAlsSMe977vamW915HxA\"]},{\"@type\":\"Person\",\"@id\":\"https:\/\/www.institutodeengenharia.org.br\/site\/#\/schema\/person\/3b1ff109facef084739fc2edcb9a127f\",\"name\":\"TMax Tecnologia\",\"image\":{\"@type\":\"ImageObject\",\"inLanguage\":\"pt-BR\",\"@id\":\"https:\/\/secure.gravatar.com\/avatar\/f912434ef7f389c92cb311fcdae346af848465d638912574b3c669070f797701?s=96&d=mm&r=g\",\"url\":\"https:\/\/secure.gravatar.com\/avatar\/f912434ef7f389c92cb311fcdae346af848465d638912574b3c669070f797701?s=96&d=mm&r=g\",\"contentUrl\":\"https:\/\/secure.gravatar.com\/avatar\/f912434ef7f389c92cb311fcdae346af848465d638912574b3c669070f797701?s=96&d=mm&r=g\",\"caption\":\"TMax Tecnologia\"},\"url\":\"https:\/\/www.institutodeengenharia.org.br\/site\/author\/tmax\/\"}]}<\/script>\n<!-- \/ Yoast SEO plugin. -->","yoast_head_json":{"title":"Livro \u2013 Um Brasil \u2013 An\u00e1lises e Discuss\u00f5es sobre um Povo em Busca de uma Identidade  - Instituto de Engenharia","robots":{"index":"index","follow":"follow","max-snippet":"max-snippet:-1","max-image-preview":"max-image-preview:large","max-video-preview":"max-video-preview:-1"},"canonical":"https:\/\/www.institutodeengenharia.org.br\/site\/2017\/10\/26\/livro-a-um-brasil-a-analises-e-discussoes-sobre-um-povo-em-busca-de-uma-identidade\/","og_locale":"pt_BR","og_type":"article","og_title":"Livro \u2013 Um Brasil \u2013 An\u00e1lises e Discuss\u00f5es sobre um Povo em Busca de uma Identidade  - Instituto de Engenharia","og_description":"Produ\u00e7\u00e3o e Realiza\u00e7\u00e3o - Tutu; Entrevistas - Mario Vargas Llosa, Claudia Costin, William Eimicke, Marco Aur\u00e9lio Melo, Otaviano Canuto, Hussein Kalout, Thomas Trebat, Roberto Damatta, Laurentinho Gomes, Luiz Felipe Pond\u00e9, Ayres Britto. Exemplar dispon\u00edvel no IE","og_url":"https:\/\/www.institutodeengenharia.org.br\/site\/2017\/10\/26\/livro-a-um-brasil-a-analises-e-discussoes-sobre-um-povo-em-busca-de-uma-identidade\/","og_site_name":"Instituto de Engenharia","article_publisher":"https:\/\/www.facebook.com\/institutodeengenharia","article_published_time":"2017-10-26T14:08:03+00:00","article_modified_time":"2017-10-26T16:22:32+00:00","og_image":[{"width":321,"height":432,"url":"https:\/\/www.institutodeengenharia.org.br\/site\/wp-content\/uploads\/2018\/02\/revista-umbrasil.jpg","type":"image\/jpeg"}],"author":"TMax Tecnologia","twitter_card":"summary_large_image","twitter_creator":"@iengenharia","twitter_site":"@iengenharia","twitter_misc":{"Escrito por":"TMax Tecnologia","Est. tempo de leitura":"2 minutos"},"schema":{"@context":"https:\/\/schema.org","@graph":[{"@type":"Article","@id":"https:\/\/www.institutodeengenharia.org.br\/site\/2017\/10\/26\/livro-a-um-brasil-a-analises-e-discussoes-sobre-um-povo-em-busca-de-uma-identidade\/#article","isPartOf":{"@id":"https:\/\/www.institutodeengenharia.org.br\/site\/2017\/10\/26\/livro-a-um-brasil-a-analises-e-discussoes-sobre-um-povo-em-busca-de-uma-identidade\/"},"author":{"name":"TMax Tecnologia","@id":"https:\/\/www.institutodeengenharia.org.br\/site\/#\/schema\/person\/3b1ff109facef084739fc2edcb9a127f"},"headline":"Livro \u2013 Um Brasil \u2013 An\u00e1lises e Discuss\u00f5es sobre um Povo em Busca de uma Identidade","datePublished":"2017-10-26T14:08:03+00:00","dateModified":"2017-10-26T16:22:32+00:00","mainEntityOfPage":{"@id":"https:\/\/www.institutodeengenharia.org.br\/site\/2017\/10\/26\/livro-a-um-brasil-a-analises-e-discussoes-sobre-um-povo-em-busca-de-uma-identidade\/"},"wordCount":336,"commentCount":0,"publisher":{"@id":"https:\/\/www.institutodeengenharia.org.br\/site\/#organization"},"image":{"@id":"https:\/\/www.institutodeengenharia.org.br\/site\/2017\/10\/26\/livro-a-um-brasil-a-analises-e-discussoes-sobre-um-povo-em-busca-de-uma-identidade\/#primaryimage"},"thumbnailUrl":"https:\/\/www.institutodeengenharia.org.br\/site\/wp-content\/uploads\/2018\/02\/revista-umbrasil.jpg","articleSection":["Instituto de Engenharia","Not\u00edcias"],"inLanguage":"pt-BR","potentialAction":[{"@type":"CommentAction","name":"Comment","target":["https:\/\/www.institutodeengenharia.org.br\/site\/2017\/10\/26\/livro-a-um-brasil-a-analises-e-discussoes-sobre-um-povo-em-busca-de-uma-identidade\/#respond"]}]},{"@type":"WebPage","@id":"https:\/\/www.institutodeengenharia.org.br\/site\/2017\/10\/26\/livro-a-um-brasil-a-analises-e-discussoes-sobre-um-povo-em-busca-de-uma-identidade\/","url":"https:\/\/www.institutodeengenharia.org.br\/site\/2017\/10\/26\/livro-a-um-brasil-a-analises-e-discussoes-sobre-um-povo-em-busca-de-uma-identidade\/","name":"Livro \u2013 Um Brasil \u2013 An\u00e1lises e Discuss\u00f5es sobre um Povo em Busca de uma Identidade - Instituto de Engenharia","isPartOf":{"@id":"https:\/\/www.institutodeengenharia.org.br\/site\/#website"},"primaryImageOfPage":{"@id":"https:\/\/www.institutodeengenharia.org.br\/site\/2017\/10\/26\/livro-a-um-brasil-a-analises-e-discussoes-sobre-um-povo-em-busca-de-uma-identidade\/#primaryimage"},"image":{"@id":"https:\/\/www.institutodeengenharia.org.br\/site\/2017\/10\/26\/livro-a-um-brasil-a-analises-e-discussoes-sobre-um-povo-em-busca-de-uma-identidade\/#primaryimage"},"thumbnailUrl":"https:\/\/www.institutodeengenharia.org.br\/site\/wp-content\/uploads\/2018\/02\/revista-umbrasil.jpg","datePublished":"2017-10-26T14:08:03+00:00","dateModified":"2017-10-26T16:22:32+00:00","breadcrumb":{"@id":"https:\/\/www.institutodeengenharia.org.br\/site\/2017\/10\/26\/livro-a-um-brasil-a-analises-e-discussoes-sobre-um-povo-em-busca-de-uma-identidade\/#breadcrumb"},"inLanguage":"pt-BR","potentialAction":[{"@type":"ReadAction","target":["https:\/\/www.institutodeengenharia.org.br\/site\/2017\/10\/26\/livro-a-um-brasil-a-analises-e-discussoes-sobre-um-povo-em-busca-de-uma-identidade\/"]}]},{"@type":"ImageObject","inLanguage":"pt-BR","@id":"https:\/\/www.institutodeengenharia.org.br\/site\/2017\/10\/26\/livro-a-um-brasil-a-analises-e-discussoes-sobre-um-povo-em-busca-de-uma-identidade\/#primaryimage","url":"https:\/\/www.institutodeengenharia.org.br\/site\/wp-content\/uploads\/2018\/02\/revista-umbrasil.jpg","contentUrl":"https:\/\/www.institutodeengenharia.org.br\/site\/wp-content\/uploads\/2018\/02\/revista-umbrasil.jpg","width":321,"height":432},{"@type":"BreadcrumbList","@id":"https:\/\/www.institutodeengenharia.org.br\/site\/2017\/10\/26\/livro-a-um-brasil-a-analises-e-discussoes-sobre-um-povo-em-busca-de-uma-identidade\/#breadcrumb","itemListElement":[{"@type":"ListItem","position":1,"name":"In\u00edcio","item":"https:\/\/www.institutodeengenharia.org.br\/site\/"},{"@type":"ListItem","position":2,"name":"Livro \u2013 Um Brasil \u2013 An\u00e1lises e Discuss\u00f5es sobre um Povo em Busca de uma Identidade"}]},{"@type":"WebSite","@id":"https:\/\/www.institutodeengenharia.org.br\/site\/#website","url":"https:\/\/www.institutodeengenharia.org.br\/site\/","name":"Instituto de Engenharia","description":"O Instituto de Engenharia promove a Engenharia em benef\u00edcio do desenvolvimento e da qualidade de vida da sociedade.","publisher":{"@id":"https:\/\/www.institutodeengenharia.org.br\/site\/#organization"},"potentialAction":[{"@type":"SearchAction","target":{"@type":"EntryPoint","urlTemplate":"https:\/\/www.institutodeengenharia.org.br\/site\/?s={search_term_string}"},"query-input":{"@type":"PropertyValueSpecification","valueRequired":true,"valueName":"search_term_string"}}],"inLanguage":"pt-BR"},{"@type":"Organization","@id":"https:\/\/www.institutodeengenharia.org.br\/site\/#organization","name":"Instituto de Engenharia","url":"https:\/\/www.institutodeengenharia.org.br\/site\/","logo":{"@type":"ImageObject","inLanguage":"pt-BR","@id":"https:\/\/www.institutodeengenharia.org.br\/site\/#\/schema\/logo\/image\/","url":"https:\/\/www.institutodeengenharia.org.br\/site\/wp-content\/uploads\/2019\/03\/logo-novo-IE2018-1.jpg","contentUrl":"https:\/\/www.institutodeengenharia.org.br\/site\/wp-content\/uploads\/2019\/03\/logo-novo-IE2018-1.jpg","width":1486,"height":1879,"caption":"Instituto de Engenharia"},"image":{"@id":"https:\/\/www.institutodeengenharia.org.br\/site\/#\/schema\/logo\/image\/"},"sameAs":["https:\/\/www.facebook.com\/institutodeengenharia","https:\/\/x.com\/iengenharia","https:\/\/www.instagram.com\/institutodeengenharia\/","https:\/\/www.linkedin.com\/company\/instituto-de-engenharia\/","https:\/\/www.youtube.com\/channel\/UCXiCAlsSMe977vamW915HxA"]},{"@type":"Person","@id":"https:\/\/www.institutodeengenharia.org.br\/site\/#\/schema\/person\/3b1ff109facef084739fc2edcb9a127f","name":"TMax Tecnologia","image":{"@type":"ImageObject","inLanguage":"pt-BR","@id":"https:\/\/secure.gravatar.com\/avatar\/f912434ef7f389c92cb311fcdae346af848465d638912574b3c669070f797701?s=96&d=mm&r=g","url":"https:\/\/secure.gravatar.com\/avatar\/f912434ef7f389c92cb311fcdae346af848465d638912574b3c669070f797701?s=96&d=mm&r=g","contentUrl":"https:\/\/secure.gravatar.com\/avatar\/f912434ef7f389c92cb311fcdae346af848465d638912574b3c669070f797701?s=96&d=mm&r=g","caption":"TMax Tecnologia"},"url":"https:\/\/www.institutodeengenharia.org.br\/site\/author\/tmax\/"}]}},"_links":{"self":[{"href":"https:\/\/www.institutodeengenharia.org.br\/site\/wp-json\/wp\/v2\/posts\/28725","targetHints":{"allow":["GET"]}}],"collection":[{"href":"https:\/\/www.institutodeengenharia.org.br\/site\/wp-json\/wp\/v2\/posts"}],"about":[{"href":"https:\/\/www.institutodeengenharia.org.br\/site\/wp-json\/wp\/v2\/types\/post"}],"author":[{"embeddable":true,"href":"https:\/\/www.institutodeengenharia.org.br\/site\/wp-json\/wp\/v2\/users\/1"}],"replies":[{"embeddable":true,"href":"https:\/\/www.institutodeengenharia.org.br\/site\/wp-json\/wp\/v2\/comments?post=28725"}],"version-history":[{"count":0,"href":"https:\/\/www.institutodeengenharia.org.br\/site\/wp-json\/wp\/v2\/posts\/28725\/revisions"}],"wp:featuredmedia":[{"embeddable":true,"href":"https:\/\/www.institutodeengenharia.org.br\/site\/wp-json\/wp\/v2\/media\/28726"}],"wp:attachment":[{"href":"https:\/\/www.institutodeengenharia.org.br\/site\/wp-json\/wp\/v2\/media?parent=28725"}],"wp:term":[{"taxonomy":"category","embeddable":true,"href":"https:\/\/www.institutodeengenharia.org.br\/site\/wp-json\/wp\/v2\/categories?post=28725"},{"taxonomy":"post_tag","embeddable":true,"href":"https:\/\/www.institutodeengenharia.org.br\/site\/wp-json\/wp\/v2\/tags?post=28725"}],"curies":[{"name":"wp","href":"https:\/\/api.w.org\/{rel}","templated":true}]}}