{"id":28703,"date":"2017-10-24T14:07:43","date_gmt":"2017-10-24T14:07:43","guid":{"rendered":"https:\/\/www.institutodeengenharia.org.br\/?p=28703"},"modified":"2018-02-19T11:49:18","modified_gmt":"2018-02-19T14:49:18","slug":"a-insana-insistencia-no-iva","status":"publish","type":"post","link":"https:\/\/www.institutodeengenharia.org.br\/site\/2017\/10\/24\/a-insana-insistencia-no-iva\/","title":{"rendered":"A insana insist\u00eancia no IVA"},"content":{"rendered":"<p><strong>Por Marcos Cintra<\/strong><\/p>\n<p>Alguns pol\u00edticos e economistas acreditam que desde que o Brasil come\u00e7ou a debater uma reforma tribut\u00e1ria ampla no in\u00edcio dos anos 90 o momento mais prop\u00edcio para ela avan\u00e7ar \u00e9 agora. Nesse cen\u00e1rio surgiram novamente os defensores do projeto que pretende criar um grande Imposto sobre Valor Agregado (IVA) federal no pa\u00eds, uma proposta burocr\u00e1tica que pode aperfei\u00e7oar nosso obsoleto sistema de impostos e contribui\u00e7\u00f5es, como satirizou h\u00e1 quase vinte anos Roberto Campos quando a C\u00e2mara dos Deputados j\u00e1 ensaiava institu\u00ed-lo.<\/p>\n<p>Os adeptos do IVA dizem com frequ\u00eancia que esse \u00e9 o modelo a ser adotado pelo Brasil porque ele \u00e9 adotado pelos pa\u00edses mais \u201crelevantes\u201d do mundo. \u00c9 algo como se dissessem que se \u00e9 bom para eles tamb\u00e9m ser\u00e1 para n\u00f3s. \u00c9 um posicionamento que exp\u00f5e de alguma forma uma condi\u00e7\u00e3o de inferioridade do pa\u00eds frente a outras economias. A situa\u00e7\u00e3o nos remete ao chamado \u201ccomplexo de vira-lata\u201d, express\u00e3o criada por Nelson Rodrigues nos anos 50.<\/p>\n<p>Em rela\u00e7\u00e3o \u00e0 ideia de que o Brasil tem que sair copiando o que os outros fazem cabe destacar o que disse o ex-secret\u00e1rio da Receita Federal, Everardo Maciel, no artigo \u201cO equ\u00edvoco da reforma tribut\u00e1ria\u201d, publicado em 5 de outubro \u00faltimo no jornal O Estado de S. Paulo. O autor afirma que \u201cEm tudo, n\u00e3o se pode esquecer da nossa imorredoura voca\u00e7\u00e3o para copiar modelos de outros pa\u00edses constru\u00eddos em circunst\u00e2ncias peculiares e diferentes das nossas. \u00c9 o servilismo cultural, polo oposto e igualmente med\u00edocre da xenofobia no campo das ideias\u201d. Seu racioc\u00ednio avan\u00e7a especificamente para o aspecto tribut\u00e1rio quando complementa dizendo: \u201cO mais grave \u00e9 que buscamos copiar modelos em franca obsolesc\u00eancia, como o IVA\u201d.<\/p>\n<p>O artigo de Everardo Maciel segue destacando um ponto importante nodebate a respeito da reforma tribut\u00e1ria que \u00e9 a pouca \u00eanfase que se d\u00e1 \u00e0 burocracia que reina no pa\u00eds. Ele a inclui entre os problemas mais graves dizendo: \u201c&#8230;pouca ou nenhuma aten\u00e7\u00e3o se d\u00e1 \u00e0s nossas mais severas enfermidades tribut\u00e1rias: o burocratismo, a indetermina\u00e7\u00e3o conceitual e o processo tribut\u00e1rio\u201d. Considerando a quest\u00e3o burocr\u00e1tica, que d\u00e1 margem a fraudes que s\u00f3 no ICMS, um IVA estadual, ultrapassam os R$ 110 bilh\u00f5es, conforme estima o Sindicato dos Procuradores da Fazenda Nacional (Sinprofaz), \u00e9 dif\u00edcil imaginar que o IVA federal, cuja al\u00edquota se aproximaria de 25%, seja a solu\u00e7\u00e3o para uma das nossas anomalias mais gritantes que \u00e9 a evas\u00e3o de arrecada\u00e7\u00e3o.Oportunamente, Maciel finaliza seu texto recorrendo a Albert Einstein, que dizia: \u201c\u00c9 insanidade continuar fazendo sempre a mesma coisa e esperar resultados diferentes\u201d.<\/p>\n<p>A ideia de que pa\u00edses \u201crelevantes\u201d adotam o IVA e o Brasil tem que fazer o mesmo n\u00e3o pode deixar de ser confrontada com fatos observados nas duas principais economias do planeta. Nos Estados Unidos esse imposto n\u00e3o existe. Eles jamais se aventuraram nessa forma de tributa\u00e7\u00e3o. O outro caso se refere a Europa, onde esse tributo se tornou um problema por conta de sua caracter\u00edstica marcante que \u00e9 a burocracia, que abre brechas para fraudes de toda ordem. No final de setembro deste ano a Comiss\u00e3o Europeia divulgou um comunicado \u00e0 imprensa dizendo que o IVA gerou perdas de 152 bilh\u00f5es de euros para os pa\u00edses-membrosdaquela comunidade em 2015.<\/p>\n<p>A cultura nacional e a nossa estrutura econ\u00f4micanos imp\u00f5em um modelo tribut\u00e1rio pr\u00f3prio. Insistir no IVA far\u00e1 com que em um prazo n\u00e3o muito distante o tema reforma tribut\u00e1ria esteja novamente na agenda do pa\u00eds<\/p>\n<p><strong>#Marcos Cintra<\/strong><br \/>\nDoutor em Economia pela Universidade Harvard (EUA), professor titular da Funda\u00e7\u00e3o Getulio Vargas. \u00c9 autor do projeto do Imposto \u00danico. \u00c9 presidente da Finep (Financiadora de Estudos e Projetos).www.facebook.com\/marcoscintraalbuquerque<\/p>\n","protected":false},"excerpt":{"rendered":"<p>Os artigos publicados com assinatura, n\u00e3o traduzem necessariamente a opini\u00e3o do Instituto de Engenharia. Sua publica\u00e7\u00e3o obedece ao prop\u00f3sito de estimular o debate dos problemas brasileiros e de refletir as diversas tend\u00eancias do pensamento contempor\u00e2neo<\/p>\n","protected":false},"author":1,"featured_media":29535,"comment_status":"open","ping_status":"open","sticky":false,"template":"","format":"standard","meta":{"footnotes":""},"categories":[96],"tags":[],"class_list":{"0":"post-28703","1":"post","2":"type-post","3":"status-publish","4":"format-standard","5":"has-post-thumbnail","7":"category-marcos-cintra"},"yoast_head":"<!-- This site is optimized with the Yoast SEO plugin v27.2 - https:\/\/yoast.com\/product\/yoast-seo-wordpress\/ -->\n<title>A insana insist\u00eancia no IVA - Instituto de Engenharia<\/title>\n<meta name=\"robots\" content=\"index, follow, max-snippet:-1, max-image-preview:large, max-video-preview:-1\" \/>\n<link rel=\"canonical\" href=\"https:\/\/www.institutodeengenharia.org.br\/site\/2017\/10\/24\/a-insana-insistencia-no-iva\/\" \/>\n<meta property=\"og:locale\" content=\"pt_BR\" \/>\n<meta property=\"og:type\" content=\"article\" \/>\n<meta property=\"og:title\" content=\"A insana insist\u00eancia no IVA - Instituto de Engenharia\" \/>\n<meta property=\"og:description\" content=\"Os artigos publicados com assinatura, n\u00e3o traduzem necessariamente a opini\u00e3o do Instituto de Engenharia. Sua publica\u00e7\u00e3o obedece ao prop\u00f3sito de estimular o debate dos problemas brasileiros e de refletir as diversas tend\u00eancias do pensamento contempor\u00e2neo\" \/>\n<meta property=\"og:url\" content=\"https:\/\/www.institutodeengenharia.org.br\/site\/2017\/10\/24\/a-insana-insistencia-no-iva\/\" \/>\n<meta property=\"og:site_name\" content=\"Instituto de Engenharia\" \/>\n<meta property=\"article:publisher\" content=\"https:\/\/www.facebook.com\/institutodeengenharia\" \/>\n<meta property=\"article:published_time\" content=\"2017-10-24T14:07:43+00:00\" \/>\n<meta property=\"article:modified_time\" content=\"2018-02-19T14:49:18+00:00\" \/>\n<meta property=\"og:image\" content=\"https:\/\/www.institutodeengenharia.org.br\/site\/wp-content\/uploads\/2017\/10\/cintra_BUSTO-e1547224751404.jpg\" \/>\n\t<meta property=\"og:image:width\" content=\"214\" \/>\n\t<meta property=\"og:image:height\" content=\"226\" \/>\n\t<meta property=\"og:image:type\" content=\"image\/jpeg\" \/>\n<meta name=\"author\" content=\"TMax Tecnologia\" \/>\n<meta name=\"twitter:card\" content=\"summary_large_image\" \/>\n<meta name=\"twitter:creator\" content=\"@iengenharia\" \/>\n<meta name=\"twitter:site\" content=\"@iengenharia\" \/>\n<meta name=\"twitter:label1\" content=\"Escrito por\" \/>\n\t<meta name=\"twitter:data1\" content=\"TMax Tecnologia\" \/>\n\t<meta name=\"twitter:label2\" content=\"Est. tempo de leitura\" \/>\n\t<meta name=\"twitter:data2\" content=\"3 minutos\" \/>\n<script type=\"application\/ld+json\" class=\"yoast-schema-graph\">{\"@context\":\"https:\/\/schema.org\",\"@graph\":[{\"@type\":\"Article\",\"@id\":\"https:\/\/www.institutodeengenharia.org.br\/site\/2017\/10\/24\/a-insana-insistencia-no-iva\/#article\",\"isPartOf\":{\"@id\":\"https:\/\/www.institutodeengenharia.org.br\/site\/2017\/10\/24\/a-insana-insistencia-no-iva\/\"},\"author\":{\"name\":\"TMax Tecnologia\",\"@id\":\"https:\/\/www.institutodeengenharia.org.br\/site\/#\/schema\/person\/3b1ff109facef084739fc2edcb9a127f\"},\"headline\":\"A insana insist\u00eancia no IVA\",\"datePublished\":\"2017-10-24T14:07:43+00:00\",\"dateModified\":\"2018-02-19T14:49:18+00:00\",\"mainEntityOfPage\":{\"@id\":\"https:\/\/www.institutodeengenharia.org.br\/site\/2017\/10\/24\/a-insana-insistencia-no-iva\/\"},\"wordCount\":648,\"commentCount\":0,\"publisher\":{\"@id\":\"https:\/\/www.institutodeengenharia.org.br\/site\/#organization\"},\"image\":{\"@id\":\"https:\/\/www.institutodeengenharia.org.br\/site\/2017\/10\/24\/a-insana-insistencia-no-iva\/#primaryimage\"},\"thumbnailUrl\":\"https:\/\/www.institutodeengenharia.org.br\/site\/wp-content\/uploads\/2017\/10\/cintra_BUSTO-e1547224751404.jpg\",\"articleSection\":[\"Marcos Cintra\"],\"inLanguage\":\"pt-BR\",\"potentialAction\":[{\"@type\":\"CommentAction\",\"name\":\"Comment\",\"target\":[\"https:\/\/www.institutodeengenharia.org.br\/site\/2017\/10\/24\/a-insana-insistencia-no-iva\/#respond\"]}]},{\"@type\":\"WebPage\",\"@id\":\"https:\/\/www.institutodeengenharia.org.br\/site\/2017\/10\/24\/a-insana-insistencia-no-iva\/\",\"url\":\"https:\/\/www.institutodeengenharia.org.br\/site\/2017\/10\/24\/a-insana-insistencia-no-iva\/\",\"name\":\"A insana insist\u00eancia no IVA - Instituto de Engenharia\",\"isPartOf\":{\"@id\":\"https:\/\/www.institutodeengenharia.org.br\/site\/#website\"},\"primaryImageOfPage\":{\"@id\":\"https:\/\/www.institutodeengenharia.org.br\/site\/2017\/10\/24\/a-insana-insistencia-no-iva\/#primaryimage\"},\"image\":{\"@id\":\"https:\/\/www.institutodeengenharia.org.br\/site\/2017\/10\/24\/a-insana-insistencia-no-iva\/#primaryimage\"},\"thumbnailUrl\":\"https:\/\/www.institutodeengenharia.org.br\/site\/wp-content\/uploads\/2017\/10\/cintra_BUSTO-e1547224751404.jpg\",\"datePublished\":\"2017-10-24T14:07:43+00:00\",\"dateModified\":\"2018-02-19T14:49:18+00:00\",\"breadcrumb\":{\"@id\":\"https:\/\/www.institutodeengenharia.org.br\/site\/2017\/10\/24\/a-insana-insistencia-no-iva\/#breadcrumb\"},\"inLanguage\":\"pt-BR\",\"potentialAction\":[{\"@type\":\"ReadAction\",\"target\":[\"https:\/\/www.institutodeengenharia.org.br\/site\/2017\/10\/24\/a-insana-insistencia-no-iva\/\"]}]},{\"@type\":\"ImageObject\",\"inLanguage\":\"pt-BR\",\"@id\":\"https:\/\/www.institutodeengenharia.org.br\/site\/2017\/10\/24\/a-insana-insistencia-no-iva\/#primaryimage\",\"url\":\"https:\/\/www.institutodeengenharia.org.br\/site\/wp-content\/uploads\/2017\/10\/cintra_BUSTO-e1547224751404.jpg\",\"contentUrl\":\"https:\/\/www.institutodeengenharia.org.br\/site\/wp-content\/uploads\/2017\/10\/cintra_BUSTO-e1547224751404.jpg\",\"width\":214,\"height\":226},{\"@type\":\"BreadcrumbList\",\"@id\":\"https:\/\/www.institutodeengenharia.org.br\/site\/2017\/10\/24\/a-insana-insistencia-no-iva\/#breadcrumb\",\"itemListElement\":[{\"@type\":\"ListItem\",\"position\":1,\"name\":\"In\u00edcio\",\"item\":\"https:\/\/www.institutodeengenharia.org.br\/site\/\"},{\"@type\":\"ListItem\",\"position\":2,\"name\":\"A insana insist\u00eancia no IVA\"}]},{\"@type\":\"WebSite\",\"@id\":\"https:\/\/www.institutodeengenharia.org.br\/site\/#website\",\"url\":\"https:\/\/www.institutodeengenharia.org.br\/site\/\",\"name\":\"Instituto de Engenharia\",\"description\":\"O Instituto de Engenharia promove a Engenharia em benef\u00edcio do desenvolvimento e da qualidade de vida da sociedade.\",\"publisher\":{\"@id\":\"https:\/\/www.institutodeengenharia.org.br\/site\/#organization\"},\"potentialAction\":[{\"@type\":\"SearchAction\",\"target\":{\"@type\":\"EntryPoint\",\"urlTemplate\":\"https:\/\/www.institutodeengenharia.org.br\/site\/?s={search_term_string}\"},\"query-input\":{\"@type\":\"PropertyValueSpecification\",\"valueRequired\":true,\"valueName\":\"search_term_string\"}}],\"inLanguage\":\"pt-BR\"},{\"@type\":\"Organization\",\"@id\":\"https:\/\/www.institutodeengenharia.org.br\/site\/#organization\",\"name\":\"Instituto de Engenharia\",\"url\":\"https:\/\/www.institutodeengenharia.org.br\/site\/\",\"logo\":{\"@type\":\"ImageObject\",\"inLanguage\":\"pt-BR\",\"@id\":\"https:\/\/www.institutodeengenharia.org.br\/site\/#\/schema\/logo\/image\/\",\"url\":\"https:\/\/www.institutodeengenharia.org.br\/site\/wp-content\/uploads\/2019\/03\/logo-novo-IE2018-1.jpg\",\"contentUrl\":\"https:\/\/www.institutodeengenharia.org.br\/site\/wp-content\/uploads\/2019\/03\/logo-novo-IE2018-1.jpg\",\"width\":1486,\"height\":1879,\"caption\":\"Instituto de Engenharia\"},\"image\":{\"@id\":\"https:\/\/www.institutodeengenharia.org.br\/site\/#\/schema\/logo\/image\/\"},\"sameAs\":[\"https:\/\/www.facebook.com\/institutodeengenharia\",\"https:\/\/x.com\/iengenharia\",\"https:\/\/www.instagram.com\/institutodeengenharia\/\",\"https:\/\/www.linkedin.com\/company\/instituto-de-engenharia\/\",\"https:\/\/www.youtube.com\/channel\/UCXiCAlsSMe977vamW915HxA\"]},{\"@type\":\"Person\",\"@id\":\"https:\/\/www.institutodeengenharia.org.br\/site\/#\/schema\/person\/3b1ff109facef084739fc2edcb9a127f\",\"name\":\"TMax Tecnologia\",\"image\":{\"@type\":\"ImageObject\",\"inLanguage\":\"pt-BR\",\"@id\":\"https:\/\/secure.gravatar.com\/avatar\/f912434ef7f389c92cb311fcdae346af848465d638912574b3c669070f797701?s=96&d=mm&r=g\",\"url\":\"https:\/\/secure.gravatar.com\/avatar\/f912434ef7f389c92cb311fcdae346af848465d638912574b3c669070f797701?s=96&d=mm&r=g\",\"contentUrl\":\"https:\/\/secure.gravatar.com\/avatar\/f912434ef7f389c92cb311fcdae346af848465d638912574b3c669070f797701?s=96&d=mm&r=g\",\"caption\":\"TMax Tecnologia\"},\"url\":\"https:\/\/www.institutodeengenharia.org.br\/site\/author\/tmax\/\"}]}<\/script>\n<!-- \/ Yoast SEO plugin. -->","yoast_head_json":{"title":"A insana insist\u00eancia no IVA - Instituto de Engenharia","robots":{"index":"index","follow":"follow","max-snippet":"max-snippet:-1","max-image-preview":"max-image-preview:large","max-video-preview":"max-video-preview:-1"},"canonical":"https:\/\/www.institutodeengenharia.org.br\/site\/2017\/10\/24\/a-insana-insistencia-no-iva\/","og_locale":"pt_BR","og_type":"article","og_title":"A insana insist\u00eancia no IVA - Instituto de Engenharia","og_description":"Os artigos publicados com assinatura, n\u00e3o traduzem necessariamente a opini\u00e3o do Instituto de Engenharia. Sua publica\u00e7\u00e3o obedece ao prop\u00f3sito de estimular o debate dos problemas brasileiros e de refletir as diversas tend\u00eancias do pensamento contempor\u00e2neo","og_url":"https:\/\/www.institutodeengenharia.org.br\/site\/2017\/10\/24\/a-insana-insistencia-no-iva\/","og_site_name":"Instituto de Engenharia","article_publisher":"https:\/\/www.facebook.com\/institutodeengenharia","article_published_time":"2017-10-24T14:07:43+00:00","article_modified_time":"2018-02-19T14:49:18+00:00","og_image":[{"width":214,"height":226,"url":"https:\/\/www.institutodeengenharia.org.br\/site\/wp-content\/uploads\/2017\/10\/cintra_BUSTO-e1547224751404.jpg","type":"image\/jpeg"}],"author":"TMax Tecnologia","twitter_card":"summary_large_image","twitter_creator":"@iengenharia","twitter_site":"@iengenharia","twitter_misc":{"Escrito por":"TMax Tecnologia","Est. tempo de leitura":"3 minutos"},"schema":{"@context":"https:\/\/schema.org","@graph":[{"@type":"Article","@id":"https:\/\/www.institutodeengenharia.org.br\/site\/2017\/10\/24\/a-insana-insistencia-no-iva\/#article","isPartOf":{"@id":"https:\/\/www.institutodeengenharia.org.br\/site\/2017\/10\/24\/a-insana-insistencia-no-iva\/"},"author":{"name":"TMax Tecnologia","@id":"https:\/\/www.institutodeengenharia.org.br\/site\/#\/schema\/person\/3b1ff109facef084739fc2edcb9a127f"},"headline":"A insana insist\u00eancia no IVA","datePublished":"2017-10-24T14:07:43+00:00","dateModified":"2018-02-19T14:49:18+00:00","mainEntityOfPage":{"@id":"https:\/\/www.institutodeengenharia.org.br\/site\/2017\/10\/24\/a-insana-insistencia-no-iva\/"},"wordCount":648,"commentCount":0,"publisher":{"@id":"https:\/\/www.institutodeengenharia.org.br\/site\/#organization"},"image":{"@id":"https:\/\/www.institutodeengenharia.org.br\/site\/2017\/10\/24\/a-insana-insistencia-no-iva\/#primaryimage"},"thumbnailUrl":"https:\/\/www.institutodeengenharia.org.br\/site\/wp-content\/uploads\/2017\/10\/cintra_BUSTO-e1547224751404.jpg","articleSection":["Marcos Cintra"],"inLanguage":"pt-BR","potentialAction":[{"@type":"CommentAction","name":"Comment","target":["https:\/\/www.institutodeengenharia.org.br\/site\/2017\/10\/24\/a-insana-insistencia-no-iva\/#respond"]}]},{"@type":"WebPage","@id":"https:\/\/www.institutodeengenharia.org.br\/site\/2017\/10\/24\/a-insana-insistencia-no-iva\/","url":"https:\/\/www.institutodeengenharia.org.br\/site\/2017\/10\/24\/a-insana-insistencia-no-iva\/","name":"A insana insist\u00eancia no IVA - Instituto de Engenharia","isPartOf":{"@id":"https:\/\/www.institutodeengenharia.org.br\/site\/#website"},"primaryImageOfPage":{"@id":"https:\/\/www.institutodeengenharia.org.br\/site\/2017\/10\/24\/a-insana-insistencia-no-iva\/#primaryimage"},"image":{"@id":"https:\/\/www.institutodeengenharia.org.br\/site\/2017\/10\/24\/a-insana-insistencia-no-iva\/#primaryimage"},"thumbnailUrl":"https:\/\/www.institutodeengenharia.org.br\/site\/wp-content\/uploads\/2017\/10\/cintra_BUSTO-e1547224751404.jpg","datePublished":"2017-10-24T14:07:43+00:00","dateModified":"2018-02-19T14:49:18+00:00","breadcrumb":{"@id":"https:\/\/www.institutodeengenharia.org.br\/site\/2017\/10\/24\/a-insana-insistencia-no-iva\/#breadcrumb"},"inLanguage":"pt-BR","potentialAction":[{"@type":"ReadAction","target":["https:\/\/www.institutodeengenharia.org.br\/site\/2017\/10\/24\/a-insana-insistencia-no-iva\/"]}]},{"@type":"ImageObject","inLanguage":"pt-BR","@id":"https:\/\/www.institutodeengenharia.org.br\/site\/2017\/10\/24\/a-insana-insistencia-no-iva\/#primaryimage","url":"https:\/\/www.institutodeengenharia.org.br\/site\/wp-content\/uploads\/2017\/10\/cintra_BUSTO-e1547224751404.jpg","contentUrl":"https:\/\/www.institutodeengenharia.org.br\/site\/wp-content\/uploads\/2017\/10\/cintra_BUSTO-e1547224751404.jpg","width":214,"height":226},{"@type":"BreadcrumbList","@id":"https:\/\/www.institutodeengenharia.org.br\/site\/2017\/10\/24\/a-insana-insistencia-no-iva\/#breadcrumb","itemListElement":[{"@type":"ListItem","position":1,"name":"In\u00edcio","item":"https:\/\/www.institutodeengenharia.org.br\/site\/"},{"@type":"ListItem","position":2,"name":"A insana insist\u00eancia no IVA"}]},{"@type":"WebSite","@id":"https:\/\/www.institutodeengenharia.org.br\/site\/#website","url":"https:\/\/www.institutodeengenharia.org.br\/site\/","name":"Instituto de Engenharia","description":"O Instituto de Engenharia promove a Engenharia em benef\u00edcio do desenvolvimento e da qualidade de vida da sociedade.","publisher":{"@id":"https:\/\/www.institutodeengenharia.org.br\/site\/#organization"},"potentialAction":[{"@type":"SearchAction","target":{"@type":"EntryPoint","urlTemplate":"https:\/\/www.institutodeengenharia.org.br\/site\/?s={search_term_string}"},"query-input":{"@type":"PropertyValueSpecification","valueRequired":true,"valueName":"search_term_string"}}],"inLanguage":"pt-BR"},{"@type":"Organization","@id":"https:\/\/www.institutodeengenharia.org.br\/site\/#organization","name":"Instituto de Engenharia","url":"https:\/\/www.institutodeengenharia.org.br\/site\/","logo":{"@type":"ImageObject","inLanguage":"pt-BR","@id":"https:\/\/www.institutodeengenharia.org.br\/site\/#\/schema\/logo\/image\/","url":"https:\/\/www.institutodeengenharia.org.br\/site\/wp-content\/uploads\/2019\/03\/logo-novo-IE2018-1.jpg","contentUrl":"https:\/\/www.institutodeengenharia.org.br\/site\/wp-content\/uploads\/2019\/03\/logo-novo-IE2018-1.jpg","width":1486,"height":1879,"caption":"Instituto de Engenharia"},"image":{"@id":"https:\/\/www.institutodeengenharia.org.br\/site\/#\/schema\/logo\/image\/"},"sameAs":["https:\/\/www.facebook.com\/institutodeengenharia","https:\/\/x.com\/iengenharia","https:\/\/www.instagram.com\/institutodeengenharia\/","https:\/\/www.linkedin.com\/company\/instituto-de-engenharia\/","https:\/\/www.youtube.com\/channel\/UCXiCAlsSMe977vamW915HxA"]},{"@type":"Person","@id":"https:\/\/www.institutodeengenharia.org.br\/site\/#\/schema\/person\/3b1ff109facef084739fc2edcb9a127f","name":"TMax Tecnologia","image":{"@type":"ImageObject","inLanguage":"pt-BR","@id":"https:\/\/secure.gravatar.com\/avatar\/f912434ef7f389c92cb311fcdae346af848465d638912574b3c669070f797701?s=96&d=mm&r=g","url":"https:\/\/secure.gravatar.com\/avatar\/f912434ef7f389c92cb311fcdae346af848465d638912574b3c669070f797701?s=96&d=mm&r=g","contentUrl":"https:\/\/secure.gravatar.com\/avatar\/f912434ef7f389c92cb311fcdae346af848465d638912574b3c669070f797701?s=96&d=mm&r=g","caption":"TMax Tecnologia"},"url":"https:\/\/www.institutodeengenharia.org.br\/site\/author\/tmax\/"}]}},"_links":{"self":[{"href":"https:\/\/www.institutodeengenharia.org.br\/site\/wp-json\/wp\/v2\/posts\/28703","targetHints":{"allow":["GET"]}}],"collection":[{"href":"https:\/\/www.institutodeengenharia.org.br\/site\/wp-json\/wp\/v2\/posts"}],"about":[{"href":"https:\/\/www.institutodeengenharia.org.br\/site\/wp-json\/wp\/v2\/types\/post"}],"author":[{"embeddable":true,"href":"https:\/\/www.institutodeengenharia.org.br\/site\/wp-json\/wp\/v2\/users\/1"}],"replies":[{"embeddable":true,"href":"https:\/\/www.institutodeengenharia.org.br\/site\/wp-json\/wp\/v2\/comments?post=28703"}],"version-history":[{"count":2,"href":"https:\/\/www.institutodeengenharia.org.br\/site\/wp-json\/wp\/v2\/posts\/28703\/revisions"}],"predecessor-version":[{"id":29536,"href":"https:\/\/www.institutodeengenharia.org.br\/site\/wp-json\/wp\/v2\/posts\/28703\/revisions\/29536"}],"wp:featuredmedia":[{"embeddable":true,"href":"https:\/\/www.institutodeengenharia.org.br\/site\/wp-json\/wp\/v2\/media\/29535"}],"wp:attachment":[{"href":"https:\/\/www.institutodeengenharia.org.br\/site\/wp-json\/wp\/v2\/media?parent=28703"}],"wp:term":[{"taxonomy":"category","embeddable":true,"href":"https:\/\/www.institutodeengenharia.org.br\/site\/wp-json\/wp\/v2\/categories?post=28703"},{"taxonomy":"post_tag","embeddable":true,"href":"https:\/\/www.institutodeengenharia.org.br\/site\/wp-json\/wp\/v2\/tags?post=28703"}],"curies":[{"name":"wp","href":"https:\/\/api.w.org\/{rel}","templated":true}]}}