{"id":28014,"date":"2018-02-15T15:02:35","date_gmt":"2018-02-15T17:02:35","guid":{"rendered":"https:\/\/www.institutodeengenharia.org.br\/?p=28014"},"modified":"2018-02-19T14:29:07","modified_gmt":"2018-02-19T17:29:07","slug":"entenda-a-descoberta-que-ganhou-o-nobel-de-fisica-de-2017","status":"publish","type":"post","link":"https:\/\/www.institutodeengenharia.org.br\/site\/2018\/02\/15\/entenda-a-descoberta-que-ganhou-o-nobel-de-fisica-de-2017\/","title":{"rendered":"Primeiro trem el\u00e9trico solar \u00e9 inaugurado na Austr\u00e1lia"},"content":{"rendered":"<p>Um trem abandonado em Byron Bay, cidade no estado de Nova Gales do Sul, na Austr\u00e1lia, ganhou uma restaura\u00e7\u00e3o de fazer inveja. Com aspecto vintage, o ve\u00edculo agora possui pain\u00e9is solares curvos flex\u00edveis que suprem toda sua demanda energ\u00e9tica.<\/p>\n<p>Quando a empresa afirma que o trem ser\u00e1 operado com a energia do sol parece dif\u00edcil acreditar, mas todos os sistemas do trem, incluindo o poder de tra\u00e7\u00e3o, a ilumina\u00e7\u00e3o, os circuitos de controle e os compressores de ar ser\u00e3o alimentados por energia solar. Ainda assim, o ve\u00edculo preservou um motor original \u00e0 diesel originais para casos de emerg\u00eancia, como falha no sistema de acionamento el\u00e9trico.<\/p>\n<p>O trem solar possui uma matriz de 6,5kW composta de pain\u00e9is solares flex\u00edveis nos telhados das carruagens, que podem levar at\u00e9 100 passageiros por vez. A matriz solar do telhado ir\u00e1 alimentar a bateria de 77kWh e a tecnologia chamada de frenagem regenerativa permitir\u00e1 ao comboio recuperar cerca de 25% da energia usada cada vez que os freios s\u00e3o usados.<br \/>\n<b><\/b><\/p>\n<p>Instalado na regi\u00e3o mais oriental da Austr\u00e1lia, o trem foi constru\u00eddo em 1949, mas estava esquecido. Agora tr\u00eas quil\u00f4metros de linha ferrovi\u00e1ria foram recuperados, al\u00e9m de uma ponte. Foi instalado tamb\u00e9m um sistema de armazenamento de bateria e uma esta\u00e7\u00e3o de carregamento. Todos esses sistemas combinados, garantir\u00e3o que o sistema funcione plenamente usando apenas energia renov\u00e1vel.<\/p>\n<p>O trem foi inaugurado oficialmente no \u00faltimo s\u00e1bado (16) e, em fase de testes, tem ainda hor\u00e1rios limitados. A previs\u00e3o \u00e9 que j\u00e1 em janeiro de 2018 o sistema passe a funcionar normalmente. Segundo a empresa que desenvolveu o projeto, a Byron Bay Railroad, todo o processo foi realizado sem ajuda do governo em qualquer n\u00edvel.<\/p>\n","protected":false},"excerpt":{"rendered":"<p>O pr\u00eamio foi para o time que descobriu as ondas gravitacionais, um fen\u00f4meno que Einstein previu, mas que jurava que jamais encontrar\u00edamos. Ele estava errado<\/p>\n","protected":false},"author":1,"featured_media":29407,"comment_status":"open","ping_status":"open","sticky":false,"template":"","format":"standard","meta":{"footnotes":""},"categories":[153,6],"tags":[],"class_list":{"0":"post-28014","1":"post","2":"type-post","3":"status-publish","4":"format-standard","5":"has-post-thumbnail","7":"category-featured","8":"category-noticias"},"yoast_head":"<!-- This site is optimized with the Yoast SEO plugin v27.2 - https:\/\/yoast.com\/product\/yoast-seo-wordpress\/ -->\n<title>Primeiro trem el\u00e9trico solar \u00e9 inaugurado na Austr\u00e1lia - Instituto de Engenharia<\/title>\n<meta name=\"robots\" content=\"index, follow, max-snippet:-1, max-image-preview:large, max-video-preview:-1\" \/>\n<link rel=\"canonical\" href=\"https:\/\/www.institutodeengenharia.org.br\/site\/2018\/02\/15\/entenda-a-descoberta-que-ganhou-o-nobel-de-fisica-de-2017\/\" \/>\n<meta property=\"og:locale\" content=\"pt_BR\" \/>\n<meta property=\"og:type\" content=\"article\" \/>\n<meta property=\"og:title\" content=\"Primeiro trem el\u00e9trico solar \u00e9 inaugurado na Austr\u00e1lia - Instituto de Engenharia\" \/>\n<meta property=\"og:description\" content=\"O pr\u00eamio foi para o time que descobriu as ondas gravitacionais, um fen\u00f4meno que Einstein previu, mas que jurava que jamais encontrar\u00edamos. Ele estava errado\" \/>\n<meta property=\"og:url\" content=\"https:\/\/www.institutodeengenharia.org.br\/site\/2018\/02\/15\/entenda-a-descoberta-que-ganhou-o-nobel-de-fisica-de-2017\/\" \/>\n<meta property=\"og:site_name\" content=\"Instituto de Engenharia\" \/>\n<meta property=\"article:publisher\" content=\"https:\/\/www.facebook.com\/institutodeengenharia\" \/>\n<meta property=\"article:published_time\" content=\"2018-02-15T17:02:35+00:00\" \/>\n<meta property=\"article:modified_time\" content=\"2018-02-19T17:29:07+00:00\" \/>\n<meta property=\"og:image\" content=\"https:\/\/www.institutodeengenharia.org.br\/site\/wp-content\/uploads\/2018\/02\/trem.jpg\" \/>\n\t<meta property=\"og:image:width\" content=\"1429\" \/>\n\t<meta property=\"og:image:height\" content=\"804\" \/>\n\t<meta property=\"og:image:type\" content=\"image\/jpeg\" \/>\n<meta name=\"author\" content=\"TMax Tecnologia\" \/>\n<meta name=\"twitter:card\" content=\"summary_large_image\" \/>\n<meta name=\"twitter:creator\" content=\"@iengenharia\" \/>\n<meta name=\"twitter:site\" content=\"@iengenharia\" \/>\n<meta name=\"twitter:label1\" content=\"Escrito por\" \/>\n\t<meta name=\"twitter:data1\" content=\"TMax Tecnologia\" \/>\n\t<meta name=\"twitter:label2\" content=\"Est. tempo de leitura\" \/>\n\t<meta name=\"twitter:data2\" content=\"2 minutos\" \/>\n<script type=\"application\/ld+json\" class=\"yoast-schema-graph\">{\"@context\":\"https:\/\/schema.org\",\"@graph\":[{\"@type\":\"Article\",\"@id\":\"https:\/\/www.institutodeengenharia.org.br\/site\/2018\/02\/15\/entenda-a-descoberta-que-ganhou-o-nobel-de-fisica-de-2017\/#article\",\"isPartOf\":{\"@id\":\"https:\/\/www.institutodeengenharia.org.br\/site\/2018\/02\/15\/entenda-a-descoberta-que-ganhou-o-nobel-de-fisica-de-2017\/\"},\"author\":{\"name\":\"TMax Tecnologia\",\"@id\":\"https:\/\/www.institutodeengenharia.org.br\/site\/#\/schema\/person\/3b1ff109facef084739fc2edcb9a127f\"},\"headline\":\"Primeiro trem el\u00e9trico solar \u00e9 inaugurado na Austr\u00e1lia\",\"datePublished\":\"2018-02-15T17:02:35+00:00\",\"dateModified\":\"2018-02-19T17:29:07+00:00\",\"mainEntityOfPage\":{\"@id\":\"https:\/\/www.institutodeengenharia.org.br\/site\/2018\/02\/15\/entenda-a-descoberta-que-ganhou-o-nobel-de-fisica-de-2017\/\"},\"wordCount\":310,\"commentCount\":0,\"publisher\":{\"@id\":\"https:\/\/www.institutodeengenharia.org.br\/site\/#organization\"},\"image\":{\"@id\":\"https:\/\/www.institutodeengenharia.org.br\/site\/2018\/02\/15\/entenda-a-descoberta-que-ganhou-o-nobel-de-fisica-de-2017\/#primaryimage\"},\"thumbnailUrl\":\"https:\/\/www.institutodeengenharia.org.br\/site\/wp-content\/uploads\/2018\/02\/trem.jpg\",\"articleSection\":[\"Featured\",\"Not\u00edcias\"],\"inLanguage\":\"pt-BR\",\"potentialAction\":[{\"@type\":\"CommentAction\",\"name\":\"Comment\",\"target\":[\"https:\/\/www.institutodeengenharia.org.br\/site\/2018\/02\/15\/entenda-a-descoberta-que-ganhou-o-nobel-de-fisica-de-2017\/#respond\"]}]},{\"@type\":\"WebPage\",\"@id\":\"https:\/\/www.institutodeengenharia.org.br\/site\/2018\/02\/15\/entenda-a-descoberta-que-ganhou-o-nobel-de-fisica-de-2017\/\",\"url\":\"https:\/\/www.institutodeengenharia.org.br\/site\/2018\/02\/15\/entenda-a-descoberta-que-ganhou-o-nobel-de-fisica-de-2017\/\",\"name\":\"Primeiro trem el\u00e9trico solar \u00e9 inaugurado na Austr\u00e1lia - Instituto de Engenharia\",\"isPartOf\":{\"@id\":\"https:\/\/www.institutodeengenharia.org.br\/site\/#website\"},\"primaryImageOfPage\":{\"@id\":\"https:\/\/www.institutodeengenharia.org.br\/site\/2018\/02\/15\/entenda-a-descoberta-que-ganhou-o-nobel-de-fisica-de-2017\/#primaryimage\"},\"image\":{\"@id\":\"https:\/\/www.institutodeengenharia.org.br\/site\/2018\/02\/15\/entenda-a-descoberta-que-ganhou-o-nobel-de-fisica-de-2017\/#primaryimage\"},\"thumbnailUrl\":\"https:\/\/www.institutodeengenharia.org.br\/site\/wp-content\/uploads\/2018\/02\/trem.jpg\",\"datePublished\":\"2018-02-15T17:02:35+00:00\",\"dateModified\":\"2018-02-19T17:29:07+00:00\",\"breadcrumb\":{\"@id\":\"https:\/\/www.institutodeengenharia.org.br\/site\/2018\/02\/15\/entenda-a-descoberta-que-ganhou-o-nobel-de-fisica-de-2017\/#breadcrumb\"},\"inLanguage\":\"pt-BR\",\"potentialAction\":[{\"@type\":\"ReadAction\",\"target\":[\"https:\/\/www.institutodeengenharia.org.br\/site\/2018\/02\/15\/entenda-a-descoberta-que-ganhou-o-nobel-de-fisica-de-2017\/\"]}]},{\"@type\":\"ImageObject\",\"inLanguage\":\"pt-BR\",\"@id\":\"https:\/\/www.institutodeengenharia.org.br\/site\/2018\/02\/15\/entenda-a-descoberta-que-ganhou-o-nobel-de-fisica-de-2017\/#primaryimage\",\"url\":\"https:\/\/www.institutodeengenharia.org.br\/site\/wp-content\/uploads\/2018\/02\/trem.jpg\",\"contentUrl\":\"https:\/\/www.institutodeengenharia.org.br\/site\/wp-content\/uploads\/2018\/02\/trem.jpg\",\"width\":1429,\"height\":804},{\"@type\":\"BreadcrumbList\",\"@id\":\"https:\/\/www.institutodeengenharia.org.br\/site\/2018\/02\/15\/entenda-a-descoberta-que-ganhou-o-nobel-de-fisica-de-2017\/#breadcrumb\",\"itemListElement\":[{\"@type\":\"ListItem\",\"position\":1,\"name\":\"In\u00edcio\",\"item\":\"https:\/\/www.institutodeengenharia.org.br\/site\/\"},{\"@type\":\"ListItem\",\"position\":2,\"name\":\"Primeiro trem el\u00e9trico solar \u00e9 inaugurado na Austr\u00e1lia\"}]},{\"@type\":\"WebSite\",\"@id\":\"https:\/\/www.institutodeengenharia.org.br\/site\/#website\",\"url\":\"https:\/\/www.institutodeengenharia.org.br\/site\/\",\"name\":\"Instituto de Engenharia\",\"description\":\"O Instituto de Engenharia promove a Engenharia em benef\u00edcio do desenvolvimento e da qualidade de vida da sociedade.\",\"publisher\":{\"@id\":\"https:\/\/www.institutodeengenharia.org.br\/site\/#organization\"},\"potentialAction\":[{\"@type\":\"SearchAction\",\"target\":{\"@type\":\"EntryPoint\",\"urlTemplate\":\"https:\/\/www.institutodeengenharia.org.br\/site\/?s={search_term_string}\"},\"query-input\":{\"@type\":\"PropertyValueSpecification\",\"valueRequired\":true,\"valueName\":\"search_term_string\"}}],\"inLanguage\":\"pt-BR\"},{\"@type\":\"Organization\",\"@id\":\"https:\/\/www.institutodeengenharia.org.br\/site\/#organization\",\"name\":\"Instituto de Engenharia\",\"url\":\"https:\/\/www.institutodeengenharia.org.br\/site\/\",\"logo\":{\"@type\":\"ImageObject\",\"inLanguage\":\"pt-BR\",\"@id\":\"https:\/\/www.institutodeengenharia.org.br\/site\/#\/schema\/logo\/image\/\",\"url\":\"https:\/\/www.institutodeengenharia.org.br\/site\/wp-content\/uploads\/2019\/03\/logo-novo-IE2018-1.jpg\",\"contentUrl\":\"https:\/\/www.institutodeengenharia.org.br\/site\/wp-content\/uploads\/2019\/03\/logo-novo-IE2018-1.jpg\",\"width\":1486,\"height\":1879,\"caption\":\"Instituto de Engenharia\"},\"image\":{\"@id\":\"https:\/\/www.institutodeengenharia.org.br\/site\/#\/schema\/logo\/image\/\"},\"sameAs\":[\"https:\/\/www.facebook.com\/institutodeengenharia\",\"https:\/\/x.com\/iengenharia\",\"https:\/\/www.instagram.com\/institutodeengenharia\/\",\"https:\/\/www.linkedin.com\/company\/instituto-de-engenharia\/\",\"https:\/\/www.youtube.com\/channel\/UCXiCAlsSMe977vamW915HxA\"]},{\"@type\":\"Person\",\"@id\":\"https:\/\/www.institutodeengenharia.org.br\/site\/#\/schema\/person\/3b1ff109facef084739fc2edcb9a127f\",\"name\":\"TMax Tecnologia\",\"image\":{\"@type\":\"ImageObject\",\"inLanguage\":\"pt-BR\",\"@id\":\"https:\/\/secure.gravatar.com\/avatar\/f912434ef7f389c92cb311fcdae346af848465d638912574b3c669070f797701?s=96&d=mm&r=g\",\"url\":\"https:\/\/secure.gravatar.com\/avatar\/f912434ef7f389c92cb311fcdae346af848465d638912574b3c669070f797701?s=96&d=mm&r=g\",\"contentUrl\":\"https:\/\/secure.gravatar.com\/avatar\/f912434ef7f389c92cb311fcdae346af848465d638912574b3c669070f797701?s=96&d=mm&r=g\",\"caption\":\"TMax Tecnologia\"},\"url\":\"https:\/\/www.institutodeengenharia.org.br\/site\/author\/tmax\/\"}]}<\/script>\n<!-- \/ Yoast SEO plugin. -->","yoast_head_json":{"title":"Primeiro trem el\u00e9trico solar \u00e9 inaugurado na Austr\u00e1lia - Instituto de Engenharia","robots":{"index":"index","follow":"follow","max-snippet":"max-snippet:-1","max-image-preview":"max-image-preview:large","max-video-preview":"max-video-preview:-1"},"canonical":"https:\/\/www.institutodeengenharia.org.br\/site\/2018\/02\/15\/entenda-a-descoberta-que-ganhou-o-nobel-de-fisica-de-2017\/","og_locale":"pt_BR","og_type":"article","og_title":"Primeiro trem el\u00e9trico solar \u00e9 inaugurado na Austr\u00e1lia - Instituto de Engenharia","og_description":"O pr\u00eamio foi para o time que descobriu as ondas gravitacionais, um fen\u00f4meno que Einstein previu, mas que jurava que jamais encontrar\u00edamos. Ele estava errado","og_url":"https:\/\/www.institutodeengenharia.org.br\/site\/2018\/02\/15\/entenda-a-descoberta-que-ganhou-o-nobel-de-fisica-de-2017\/","og_site_name":"Instituto de Engenharia","article_publisher":"https:\/\/www.facebook.com\/institutodeengenharia","article_published_time":"2018-02-15T17:02:35+00:00","article_modified_time":"2018-02-19T17:29:07+00:00","og_image":[{"width":1429,"height":804,"url":"https:\/\/www.institutodeengenharia.org.br\/site\/wp-content\/uploads\/2018\/02\/trem.jpg","type":"image\/jpeg"}],"author":"TMax Tecnologia","twitter_card":"summary_large_image","twitter_creator":"@iengenharia","twitter_site":"@iengenharia","twitter_misc":{"Escrito por":"TMax Tecnologia","Est. tempo de leitura":"2 minutos"},"schema":{"@context":"https:\/\/schema.org","@graph":[{"@type":"Article","@id":"https:\/\/www.institutodeengenharia.org.br\/site\/2018\/02\/15\/entenda-a-descoberta-que-ganhou-o-nobel-de-fisica-de-2017\/#article","isPartOf":{"@id":"https:\/\/www.institutodeengenharia.org.br\/site\/2018\/02\/15\/entenda-a-descoberta-que-ganhou-o-nobel-de-fisica-de-2017\/"},"author":{"name":"TMax Tecnologia","@id":"https:\/\/www.institutodeengenharia.org.br\/site\/#\/schema\/person\/3b1ff109facef084739fc2edcb9a127f"},"headline":"Primeiro trem el\u00e9trico solar \u00e9 inaugurado na Austr\u00e1lia","datePublished":"2018-02-15T17:02:35+00:00","dateModified":"2018-02-19T17:29:07+00:00","mainEntityOfPage":{"@id":"https:\/\/www.institutodeengenharia.org.br\/site\/2018\/02\/15\/entenda-a-descoberta-que-ganhou-o-nobel-de-fisica-de-2017\/"},"wordCount":310,"commentCount":0,"publisher":{"@id":"https:\/\/www.institutodeengenharia.org.br\/site\/#organization"},"image":{"@id":"https:\/\/www.institutodeengenharia.org.br\/site\/2018\/02\/15\/entenda-a-descoberta-que-ganhou-o-nobel-de-fisica-de-2017\/#primaryimage"},"thumbnailUrl":"https:\/\/www.institutodeengenharia.org.br\/site\/wp-content\/uploads\/2018\/02\/trem.jpg","articleSection":["Featured","Not\u00edcias"],"inLanguage":"pt-BR","potentialAction":[{"@type":"CommentAction","name":"Comment","target":["https:\/\/www.institutodeengenharia.org.br\/site\/2018\/02\/15\/entenda-a-descoberta-que-ganhou-o-nobel-de-fisica-de-2017\/#respond"]}]},{"@type":"WebPage","@id":"https:\/\/www.institutodeengenharia.org.br\/site\/2018\/02\/15\/entenda-a-descoberta-que-ganhou-o-nobel-de-fisica-de-2017\/","url":"https:\/\/www.institutodeengenharia.org.br\/site\/2018\/02\/15\/entenda-a-descoberta-que-ganhou-o-nobel-de-fisica-de-2017\/","name":"Primeiro trem el\u00e9trico solar \u00e9 inaugurado na Austr\u00e1lia - Instituto de Engenharia","isPartOf":{"@id":"https:\/\/www.institutodeengenharia.org.br\/site\/#website"},"primaryImageOfPage":{"@id":"https:\/\/www.institutodeengenharia.org.br\/site\/2018\/02\/15\/entenda-a-descoberta-que-ganhou-o-nobel-de-fisica-de-2017\/#primaryimage"},"image":{"@id":"https:\/\/www.institutodeengenharia.org.br\/site\/2018\/02\/15\/entenda-a-descoberta-que-ganhou-o-nobel-de-fisica-de-2017\/#primaryimage"},"thumbnailUrl":"https:\/\/www.institutodeengenharia.org.br\/site\/wp-content\/uploads\/2018\/02\/trem.jpg","datePublished":"2018-02-15T17:02:35+00:00","dateModified":"2018-02-19T17:29:07+00:00","breadcrumb":{"@id":"https:\/\/www.institutodeengenharia.org.br\/site\/2018\/02\/15\/entenda-a-descoberta-que-ganhou-o-nobel-de-fisica-de-2017\/#breadcrumb"},"inLanguage":"pt-BR","potentialAction":[{"@type":"ReadAction","target":["https:\/\/www.institutodeengenharia.org.br\/site\/2018\/02\/15\/entenda-a-descoberta-que-ganhou-o-nobel-de-fisica-de-2017\/"]}]},{"@type":"ImageObject","inLanguage":"pt-BR","@id":"https:\/\/www.institutodeengenharia.org.br\/site\/2018\/02\/15\/entenda-a-descoberta-que-ganhou-o-nobel-de-fisica-de-2017\/#primaryimage","url":"https:\/\/www.institutodeengenharia.org.br\/site\/wp-content\/uploads\/2018\/02\/trem.jpg","contentUrl":"https:\/\/www.institutodeengenharia.org.br\/site\/wp-content\/uploads\/2018\/02\/trem.jpg","width":1429,"height":804},{"@type":"BreadcrumbList","@id":"https:\/\/www.institutodeengenharia.org.br\/site\/2018\/02\/15\/entenda-a-descoberta-que-ganhou-o-nobel-de-fisica-de-2017\/#breadcrumb","itemListElement":[{"@type":"ListItem","position":1,"name":"In\u00edcio","item":"https:\/\/www.institutodeengenharia.org.br\/site\/"},{"@type":"ListItem","position":2,"name":"Primeiro trem el\u00e9trico solar \u00e9 inaugurado na Austr\u00e1lia"}]},{"@type":"WebSite","@id":"https:\/\/www.institutodeengenharia.org.br\/site\/#website","url":"https:\/\/www.institutodeengenharia.org.br\/site\/","name":"Instituto de Engenharia","description":"O Instituto de Engenharia promove a Engenharia em benef\u00edcio do desenvolvimento e da qualidade de vida da sociedade.","publisher":{"@id":"https:\/\/www.institutodeengenharia.org.br\/site\/#organization"},"potentialAction":[{"@type":"SearchAction","target":{"@type":"EntryPoint","urlTemplate":"https:\/\/www.institutodeengenharia.org.br\/site\/?s={search_term_string}"},"query-input":{"@type":"PropertyValueSpecification","valueRequired":true,"valueName":"search_term_string"}}],"inLanguage":"pt-BR"},{"@type":"Organization","@id":"https:\/\/www.institutodeengenharia.org.br\/site\/#organization","name":"Instituto de Engenharia","url":"https:\/\/www.institutodeengenharia.org.br\/site\/","logo":{"@type":"ImageObject","inLanguage":"pt-BR","@id":"https:\/\/www.institutodeengenharia.org.br\/site\/#\/schema\/logo\/image\/","url":"https:\/\/www.institutodeengenharia.org.br\/site\/wp-content\/uploads\/2019\/03\/logo-novo-IE2018-1.jpg","contentUrl":"https:\/\/www.institutodeengenharia.org.br\/site\/wp-content\/uploads\/2019\/03\/logo-novo-IE2018-1.jpg","width":1486,"height":1879,"caption":"Instituto de Engenharia"},"image":{"@id":"https:\/\/www.institutodeengenharia.org.br\/site\/#\/schema\/logo\/image\/"},"sameAs":["https:\/\/www.facebook.com\/institutodeengenharia","https:\/\/x.com\/iengenharia","https:\/\/www.instagram.com\/institutodeengenharia\/","https:\/\/www.linkedin.com\/company\/instituto-de-engenharia\/","https:\/\/www.youtube.com\/channel\/UCXiCAlsSMe977vamW915HxA"]},{"@type":"Person","@id":"https:\/\/www.institutodeengenharia.org.br\/site\/#\/schema\/person\/3b1ff109facef084739fc2edcb9a127f","name":"TMax Tecnologia","image":{"@type":"ImageObject","inLanguage":"pt-BR","@id":"https:\/\/secure.gravatar.com\/avatar\/f912434ef7f389c92cb311fcdae346af848465d638912574b3c669070f797701?s=96&d=mm&r=g","url":"https:\/\/secure.gravatar.com\/avatar\/f912434ef7f389c92cb311fcdae346af848465d638912574b3c669070f797701?s=96&d=mm&r=g","contentUrl":"https:\/\/secure.gravatar.com\/avatar\/f912434ef7f389c92cb311fcdae346af848465d638912574b3c669070f797701?s=96&d=mm&r=g","caption":"TMax Tecnologia"},"url":"https:\/\/www.institutodeengenharia.org.br\/site\/author\/tmax\/"}]}},"_links":{"self":[{"href":"https:\/\/www.institutodeengenharia.org.br\/site\/wp-json\/wp\/v2\/posts\/28014","targetHints":{"allow":["GET"]}}],"collection":[{"href":"https:\/\/www.institutodeengenharia.org.br\/site\/wp-json\/wp\/v2\/posts"}],"about":[{"href":"https:\/\/www.institutodeengenharia.org.br\/site\/wp-json\/wp\/v2\/types\/post"}],"author":[{"embeddable":true,"href":"https:\/\/www.institutodeengenharia.org.br\/site\/wp-json\/wp\/v2\/users\/1"}],"replies":[{"embeddable":true,"href":"https:\/\/www.institutodeengenharia.org.br\/site\/wp-json\/wp\/v2\/comments?post=28014"}],"version-history":[{"count":7,"href":"https:\/\/www.institutodeengenharia.org.br\/site\/wp-json\/wp\/v2\/posts\/28014\/revisions"}],"predecessor-version":[{"id":29409,"href":"https:\/\/www.institutodeengenharia.org.br\/site\/wp-json\/wp\/v2\/posts\/28014\/revisions\/29409"}],"wp:featuredmedia":[{"embeddable":true,"href":"https:\/\/www.institutodeengenharia.org.br\/site\/wp-json\/wp\/v2\/media\/29407"}],"wp:attachment":[{"href":"https:\/\/www.institutodeengenharia.org.br\/site\/wp-json\/wp\/v2\/media?parent=28014"}],"wp:term":[{"taxonomy":"category","embeddable":true,"href":"https:\/\/www.institutodeengenharia.org.br\/site\/wp-json\/wp\/v2\/categories?post=28014"},{"taxonomy":"post_tag","embeddable":true,"href":"https:\/\/www.institutodeengenharia.org.br\/site\/wp-json\/wp\/v2\/tags?post=28014"}],"curies":[{"name":"wp","href":"https:\/\/api.w.org\/{rel}","templated":true}]}}