{"id":27516,"date":"2017-05-02T00:46:10","date_gmt":"2017-05-02T00:46:10","guid":{"rendered":"https:\/\/www.institutodeengenharia.org.br\/?p=27516"},"modified":"2018-02-19T13:39:01","modified_gmt":"2018-02-19T16:39:01","slug":"fim-do-inss-patronal","status":"publish","type":"post","link":"https:\/\/www.institutodeengenharia.org.br\/site\/2017\/05\/02\/fim-do-inss-patronal\/","title":{"rendered":"Fim do INSS patronal"},"content":{"rendered":"<p>O relator da Comiss\u00e3o Especial de Reforma Tribut\u00e1ria, deputado Luiz Carlos Hauly, apresentou um relat\u00f3rio pr\u00e9vio que prop\u00f5e uma Contribui\u00e7\u00e3o Social sobre Opera\u00e7\u00f5es e Movimenta\u00e7\u00f5es Financeiras (CMF) para substituir parte do INSS recolhido pelos trabalhadores e parte do INSS cobrado sobre a folha de sal\u00e1rios das empresas.&nbsp;<\/p>\n<p>\u00c9 inquestion\u00e1vel que o Brasil deve reduzir o custo tribut\u00e1rio aplicado sobre o trabalho de tal forma a estimular a gera\u00e7\u00e3o de empregos, induzir a formaliza\u00e7\u00e3o de trabalhadorese reduzir o custo de produ\u00e7\u00e3o no Pa\u00eds. Vale lembrar que, a quest\u00e3o envolve a principal fonte de recursos da Previd\u00eancia.&nbsp;<\/p>\n<p>Mais da metade da arrecada\u00e7\u00e3o corrente do INSS deriva do recolhimento de empregados e empregadores.&nbsp;<\/p>\n<p>A pergunta \u00e9: como fazer a necess\u00e1ria desonera\u00e7\u00e3o dos sal\u00e1rios para estimular o emprego e ao mesmo garantir receita est\u00e1vel para o INSS?&nbsp;<\/p>\n<p>Antes dedefinir o modo de financiamento adequado conv\u00e9m avaliar a quest\u00e3o da obrigatoriedade ou n\u00e3o de ades\u00e3o ao sistema.&nbsp;<\/p>\n<p>No caso de um sistema opcional o m\u00e9todo apropriado de financiamento seria o de capitaliza\u00e7\u00e3o individual e seu custo poderia ser totalmente suportado pelo empregado ou negociado entre empregado e empregador para se obter um regime compartilhado de contribui\u00e7\u00e3o.&nbsp;<\/p>\n<p>No caso brasileiro a ades\u00e3o ao sistema previdenci\u00e1rio p\u00fablico \u00e9 obrigat\u00f3ria at\u00e9 o limite de renda que possa garantir uma sobreviv\u00eancia minimamente aceit\u00e1vel para o cidad\u00e3o que vier a perder a capacidade de trabalhar.&nbsp;&nbsp;Neste caso, o sistema de financiamento apropriado \u00e9 o de reparti\u00e7\u00e3o, ou seja, a responsabilidade de garantir o sistema \u00e9 da sociedade que o obriga a participar, inclusive mediante uso de recursos do Tesouro, como \u00e9 o caso do Regime Geral da Previd\u00eancia Social (RGPS).&nbsp;<\/p>\n<p>A Constitui\u00e7\u00e3o de 1988 incorporou o conceito de uma rede social de seguran\u00e7a para todos os cidad\u00e3os, o que d\u00e1 \u00e0 Previd\u00eancia a conota\u00e7\u00e3o de pol\u00edtica p\u00fablica, e n\u00e3o de seguro pessoal. Conforme o caput do art. 195, o custeio do sistema de seguridade, do qual ela \u00e9 componente junto com a assist\u00eancia social e a sa\u00fade, compete a \u201ctoda sociedade, de forma direta e indireta\u201d.&nbsp;<\/p>\n<p>Concluindo: se o regime previdenci\u00e1rio p\u00fablico fosse o de capitaliza\u00e7\u00e3o a fonte apropriadade de recursos seria a folha de sal\u00e1rios. N\u00e3o sendo esta a situa\u00e7\u00e3o o indicado seria utilizar um imposto sobre o valor agregado (IVA) ou um tributo t<em>urn-over<\/em>, como a CMF para substituir a ineficiente e injusta tributa\u00e7\u00e3o dos sal\u00e1rios.&nbsp;<\/p>\n<p>Resta, portanto,definir o tipo de tributo mais indicado para financiar a Previd\u00eancia no lugar da folha de sal\u00e1rios. O IVA ou a CMF? Qual tem menor impacto sobre a atividade produtiva?&nbsp;<\/p>\n<p>Um exerc\u00edcio com base em c\u00e1lculo matricial e dados do IBGE permite mostrar que a CMF causa menos distor\u00e7\u00e3o na produ\u00e7\u00e3o. Em 128 produtos analisados uma CMF com al\u00edquota de 0,53% pesa sobre os pre\u00e7os 1,34% em m\u00e9dia, enquanto que o atual INSS de 20% sobre os sal\u00e1rios, que \u00e9 um IVA, onera em m\u00e9dia os pre\u00e7os em 14,10%.&nbsp;<\/p>\n<p>A conclus\u00e3o \u00e9 que a CMF \u00e9 o tributo ideal para substituir a folha de sal\u00e1rios como principal fonte de recursos para o RGPS.&nbsp;<\/p>\n<p>Nestas condi\u00e7\u00f5es o projeto do deputado Hauly poderia ser mais audacioso e avan\u00e7ar em seu relat\u00f3rio final para eliminar em 100% o INSS das empresas. <\/p>\n<p><strong>Marcos Cintra<\/strong><br \/>\nDoutor em Economia pela Universidade Harvard (EUA), professor titular da Funda\u00e7\u00e3o Getulio Vargas. \u00c9 autor do projeto do Imposto \u00danico. \u00c9 presidente da Finep (Financiadora de Estudos e Projetos).www.facebook.com\/marcoscintraalbuquerque<\/p>\n","protected":false},"excerpt":{"rendered":"<p>Os artigos publicados com assinatura, n\u00e3o traduzem necessariamente a opini\u00e3o do Instituto de Engenharia. Sua publica\u00e7\u00e3o obedece ao prop\u00f3sito de estimular o debate dos problemas brasileiros e de refletir as diversas tend\u00eancias do pensamento contempor\u00e2neo<\/p>\n","protected":false},"author":1,"featured_media":29535,"comment_status":"open","ping_status":"open","sticky":false,"template":"","format":"standard","meta":{"footnotes":""},"categories":[96],"tags":[],"class_list":{"0":"post-27516","1":"post","2":"type-post","3":"status-publish","4":"format-standard","5":"has-post-thumbnail","7":"category-marcos-cintra"},"yoast_head":"<!-- This site is optimized with the Yoast SEO plugin v27.2 - https:\/\/yoast.com\/product\/yoast-seo-wordpress\/ -->\n<title>Fim do INSS patronal - Instituto de Engenharia<\/title>\n<meta name=\"robots\" content=\"index, follow, max-snippet:-1, max-image-preview:large, max-video-preview:-1\" \/>\n<link rel=\"canonical\" href=\"https:\/\/www.institutodeengenharia.org.br\/site\/2017\/05\/02\/fim-do-inss-patronal\/\" \/>\n<meta property=\"og:locale\" content=\"pt_BR\" \/>\n<meta property=\"og:type\" content=\"article\" \/>\n<meta property=\"og:title\" content=\"Fim do INSS patronal - Instituto de Engenharia\" \/>\n<meta property=\"og:description\" content=\"Os artigos publicados com assinatura, n\u00e3o traduzem necessariamente a opini\u00e3o do Instituto de Engenharia. Sua publica\u00e7\u00e3o obedece ao prop\u00f3sito de estimular o debate dos problemas brasileiros e de refletir as diversas tend\u00eancias do pensamento contempor\u00e2neo\" \/>\n<meta property=\"og:url\" content=\"https:\/\/www.institutodeengenharia.org.br\/site\/2017\/05\/02\/fim-do-inss-patronal\/\" \/>\n<meta property=\"og:site_name\" content=\"Instituto de Engenharia\" \/>\n<meta property=\"article:publisher\" content=\"https:\/\/www.facebook.com\/institutodeengenharia\" \/>\n<meta property=\"article:published_time\" content=\"2017-05-02T00:46:10+00:00\" \/>\n<meta property=\"article:modified_time\" content=\"2018-02-19T16:39:01+00:00\" \/>\n<meta property=\"og:image\" content=\"https:\/\/www.institutodeengenharia.org.br\/site\/wp-content\/uploads\/2017\/10\/cintra_BUSTO-e1547224751404.jpg\" \/>\n\t<meta property=\"og:image:width\" content=\"214\" \/>\n\t<meta property=\"og:image:height\" content=\"226\" \/>\n\t<meta property=\"og:image:type\" content=\"image\/jpeg\" \/>\n<meta name=\"author\" content=\"TMax Tecnologia\" \/>\n<meta name=\"twitter:card\" content=\"summary_large_image\" \/>\n<meta name=\"twitter:creator\" content=\"@iengenharia\" \/>\n<meta name=\"twitter:site\" content=\"@iengenharia\" \/>\n<meta name=\"twitter:label1\" content=\"Escrito por\" \/>\n\t<meta name=\"twitter:data1\" content=\"TMax Tecnologia\" \/>\n\t<meta name=\"twitter:label2\" content=\"Est. tempo de leitura\" \/>\n\t<meta name=\"twitter:data2\" content=\"3 minutos\" \/>\n<script type=\"application\/ld+json\" class=\"yoast-schema-graph\">{\"@context\":\"https:\/\/schema.org\",\"@graph\":[{\"@type\":\"Article\",\"@id\":\"https:\/\/www.institutodeengenharia.org.br\/site\/2017\/05\/02\/fim-do-inss-patronal\/#article\",\"isPartOf\":{\"@id\":\"https:\/\/www.institutodeengenharia.org.br\/site\/2017\/05\/02\/fim-do-inss-patronal\/\"},\"author\":{\"name\":\"TMax Tecnologia\",\"@id\":\"https:\/\/www.institutodeengenharia.org.br\/site\/#\/schema\/person\/3b1ff109facef084739fc2edcb9a127f\"},\"headline\":\"Fim do INSS patronal\",\"datePublished\":\"2017-05-02T00:46:10+00:00\",\"dateModified\":\"2018-02-19T16:39:01+00:00\",\"mainEntityOfPage\":{\"@id\":\"https:\/\/www.institutodeengenharia.org.br\/site\/2017\/05\/02\/fim-do-inss-patronal\/\"},\"wordCount\":634,\"commentCount\":0,\"publisher\":{\"@id\":\"https:\/\/www.institutodeengenharia.org.br\/site\/#organization\"},\"image\":{\"@id\":\"https:\/\/www.institutodeengenharia.org.br\/site\/2017\/05\/02\/fim-do-inss-patronal\/#primaryimage\"},\"thumbnailUrl\":\"https:\/\/www.institutodeengenharia.org.br\/site\/wp-content\/uploads\/2017\/10\/cintra_BUSTO-e1547224751404.jpg\",\"articleSection\":[\"Marcos Cintra\"],\"inLanguage\":\"pt-BR\",\"potentialAction\":[{\"@type\":\"CommentAction\",\"name\":\"Comment\",\"target\":[\"https:\/\/www.institutodeengenharia.org.br\/site\/2017\/05\/02\/fim-do-inss-patronal\/#respond\"]}]},{\"@type\":\"WebPage\",\"@id\":\"https:\/\/www.institutodeengenharia.org.br\/site\/2017\/05\/02\/fim-do-inss-patronal\/\",\"url\":\"https:\/\/www.institutodeengenharia.org.br\/site\/2017\/05\/02\/fim-do-inss-patronal\/\",\"name\":\"Fim do INSS patronal - Instituto de Engenharia\",\"isPartOf\":{\"@id\":\"https:\/\/www.institutodeengenharia.org.br\/site\/#website\"},\"primaryImageOfPage\":{\"@id\":\"https:\/\/www.institutodeengenharia.org.br\/site\/2017\/05\/02\/fim-do-inss-patronal\/#primaryimage\"},\"image\":{\"@id\":\"https:\/\/www.institutodeengenharia.org.br\/site\/2017\/05\/02\/fim-do-inss-patronal\/#primaryimage\"},\"thumbnailUrl\":\"https:\/\/www.institutodeengenharia.org.br\/site\/wp-content\/uploads\/2017\/10\/cintra_BUSTO-e1547224751404.jpg\",\"datePublished\":\"2017-05-02T00:46:10+00:00\",\"dateModified\":\"2018-02-19T16:39:01+00:00\",\"breadcrumb\":{\"@id\":\"https:\/\/www.institutodeengenharia.org.br\/site\/2017\/05\/02\/fim-do-inss-patronal\/#breadcrumb\"},\"inLanguage\":\"pt-BR\",\"potentialAction\":[{\"@type\":\"ReadAction\",\"target\":[\"https:\/\/www.institutodeengenharia.org.br\/site\/2017\/05\/02\/fim-do-inss-patronal\/\"]}]},{\"@type\":\"ImageObject\",\"inLanguage\":\"pt-BR\",\"@id\":\"https:\/\/www.institutodeengenharia.org.br\/site\/2017\/05\/02\/fim-do-inss-patronal\/#primaryimage\",\"url\":\"https:\/\/www.institutodeengenharia.org.br\/site\/wp-content\/uploads\/2017\/10\/cintra_BUSTO-e1547224751404.jpg\",\"contentUrl\":\"https:\/\/www.institutodeengenharia.org.br\/site\/wp-content\/uploads\/2017\/10\/cintra_BUSTO-e1547224751404.jpg\",\"width\":214,\"height\":226},{\"@type\":\"BreadcrumbList\",\"@id\":\"https:\/\/www.institutodeengenharia.org.br\/site\/2017\/05\/02\/fim-do-inss-patronal\/#breadcrumb\",\"itemListElement\":[{\"@type\":\"ListItem\",\"position\":1,\"name\":\"In\u00edcio\",\"item\":\"https:\/\/www.institutodeengenharia.org.br\/site\/\"},{\"@type\":\"ListItem\",\"position\":2,\"name\":\"Fim do INSS patronal\"}]},{\"@type\":\"WebSite\",\"@id\":\"https:\/\/www.institutodeengenharia.org.br\/site\/#website\",\"url\":\"https:\/\/www.institutodeengenharia.org.br\/site\/\",\"name\":\"Instituto de Engenharia\",\"description\":\"O Instituto de Engenharia promove a Engenharia em benef\u00edcio do desenvolvimento e da qualidade de vida da sociedade.\",\"publisher\":{\"@id\":\"https:\/\/www.institutodeengenharia.org.br\/site\/#organization\"},\"potentialAction\":[{\"@type\":\"SearchAction\",\"target\":{\"@type\":\"EntryPoint\",\"urlTemplate\":\"https:\/\/www.institutodeengenharia.org.br\/site\/?s={search_term_string}\"},\"query-input\":{\"@type\":\"PropertyValueSpecification\",\"valueRequired\":true,\"valueName\":\"search_term_string\"}}],\"inLanguage\":\"pt-BR\"},{\"@type\":\"Organization\",\"@id\":\"https:\/\/www.institutodeengenharia.org.br\/site\/#organization\",\"name\":\"Instituto de Engenharia\",\"url\":\"https:\/\/www.institutodeengenharia.org.br\/site\/\",\"logo\":{\"@type\":\"ImageObject\",\"inLanguage\":\"pt-BR\",\"@id\":\"https:\/\/www.institutodeengenharia.org.br\/site\/#\/schema\/logo\/image\/\",\"url\":\"https:\/\/www.institutodeengenharia.org.br\/site\/wp-content\/uploads\/2019\/03\/logo-novo-IE2018-1.jpg\",\"contentUrl\":\"https:\/\/www.institutodeengenharia.org.br\/site\/wp-content\/uploads\/2019\/03\/logo-novo-IE2018-1.jpg\",\"width\":1486,\"height\":1879,\"caption\":\"Instituto de Engenharia\"},\"image\":{\"@id\":\"https:\/\/www.institutodeengenharia.org.br\/site\/#\/schema\/logo\/image\/\"},\"sameAs\":[\"https:\/\/www.facebook.com\/institutodeengenharia\",\"https:\/\/x.com\/iengenharia\",\"https:\/\/www.instagram.com\/institutodeengenharia\/\",\"https:\/\/www.linkedin.com\/company\/instituto-de-engenharia\/\",\"https:\/\/www.youtube.com\/channel\/UCXiCAlsSMe977vamW915HxA\"]},{\"@type\":\"Person\",\"@id\":\"https:\/\/www.institutodeengenharia.org.br\/site\/#\/schema\/person\/3b1ff109facef084739fc2edcb9a127f\",\"name\":\"TMax Tecnologia\",\"image\":{\"@type\":\"ImageObject\",\"inLanguage\":\"pt-BR\",\"@id\":\"https:\/\/secure.gravatar.com\/avatar\/f912434ef7f389c92cb311fcdae346af848465d638912574b3c669070f797701?s=96&d=mm&r=g\",\"url\":\"https:\/\/secure.gravatar.com\/avatar\/f912434ef7f389c92cb311fcdae346af848465d638912574b3c669070f797701?s=96&d=mm&r=g\",\"contentUrl\":\"https:\/\/secure.gravatar.com\/avatar\/f912434ef7f389c92cb311fcdae346af848465d638912574b3c669070f797701?s=96&d=mm&r=g\",\"caption\":\"TMax Tecnologia\"},\"url\":\"https:\/\/www.institutodeengenharia.org.br\/site\/author\/tmax\/\"}]}<\/script>\n<!-- \/ Yoast SEO plugin. -->","yoast_head_json":{"title":"Fim do INSS patronal - Instituto de Engenharia","robots":{"index":"index","follow":"follow","max-snippet":"max-snippet:-1","max-image-preview":"max-image-preview:large","max-video-preview":"max-video-preview:-1"},"canonical":"https:\/\/www.institutodeengenharia.org.br\/site\/2017\/05\/02\/fim-do-inss-patronal\/","og_locale":"pt_BR","og_type":"article","og_title":"Fim do INSS patronal - Instituto de Engenharia","og_description":"Os artigos publicados com assinatura, n\u00e3o traduzem necessariamente a opini\u00e3o do Instituto de Engenharia. Sua publica\u00e7\u00e3o obedece ao prop\u00f3sito de estimular o debate dos problemas brasileiros e de refletir as diversas tend\u00eancias do pensamento contempor\u00e2neo","og_url":"https:\/\/www.institutodeengenharia.org.br\/site\/2017\/05\/02\/fim-do-inss-patronal\/","og_site_name":"Instituto de Engenharia","article_publisher":"https:\/\/www.facebook.com\/institutodeengenharia","article_published_time":"2017-05-02T00:46:10+00:00","article_modified_time":"2018-02-19T16:39:01+00:00","og_image":[{"width":214,"height":226,"url":"https:\/\/www.institutodeengenharia.org.br\/site\/wp-content\/uploads\/2017\/10\/cintra_BUSTO-e1547224751404.jpg","type":"image\/jpeg"}],"author":"TMax Tecnologia","twitter_card":"summary_large_image","twitter_creator":"@iengenharia","twitter_site":"@iengenharia","twitter_misc":{"Escrito por":"TMax Tecnologia","Est. tempo de leitura":"3 minutos"},"schema":{"@context":"https:\/\/schema.org","@graph":[{"@type":"Article","@id":"https:\/\/www.institutodeengenharia.org.br\/site\/2017\/05\/02\/fim-do-inss-patronal\/#article","isPartOf":{"@id":"https:\/\/www.institutodeengenharia.org.br\/site\/2017\/05\/02\/fim-do-inss-patronal\/"},"author":{"name":"TMax Tecnologia","@id":"https:\/\/www.institutodeengenharia.org.br\/site\/#\/schema\/person\/3b1ff109facef084739fc2edcb9a127f"},"headline":"Fim do INSS patronal","datePublished":"2017-05-02T00:46:10+00:00","dateModified":"2018-02-19T16:39:01+00:00","mainEntityOfPage":{"@id":"https:\/\/www.institutodeengenharia.org.br\/site\/2017\/05\/02\/fim-do-inss-patronal\/"},"wordCount":634,"commentCount":0,"publisher":{"@id":"https:\/\/www.institutodeengenharia.org.br\/site\/#organization"},"image":{"@id":"https:\/\/www.institutodeengenharia.org.br\/site\/2017\/05\/02\/fim-do-inss-patronal\/#primaryimage"},"thumbnailUrl":"https:\/\/www.institutodeengenharia.org.br\/site\/wp-content\/uploads\/2017\/10\/cintra_BUSTO-e1547224751404.jpg","articleSection":["Marcos Cintra"],"inLanguage":"pt-BR","potentialAction":[{"@type":"CommentAction","name":"Comment","target":["https:\/\/www.institutodeengenharia.org.br\/site\/2017\/05\/02\/fim-do-inss-patronal\/#respond"]}]},{"@type":"WebPage","@id":"https:\/\/www.institutodeengenharia.org.br\/site\/2017\/05\/02\/fim-do-inss-patronal\/","url":"https:\/\/www.institutodeengenharia.org.br\/site\/2017\/05\/02\/fim-do-inss-patronal\/","name":"Fim do INSS patronal - Instituto de Engenharia","isPartOf":{"@id":"https:\/\/www.institutodeengenharia.org.br\/site\/#website"},"primaryImageOfPage":{"@id":"https:\/\/www.institutodeengenharia.org.br\/site\/2017\/05\/02\/fim-do-inss-patronal\/#primaryimage"},"image":{"@id":"https:\/\/www.institutodeengenharia.org.br\/site\/2017\/05\/02\/fim-do-inss-patronal\/#primaryimage"},"thumbnailUrl":"https:\/\/www.institutodeengenharia.org.br\/site\/wp-content\/uploads\/2017\/10\/cintra_BUSTO-e1547224751404.jpg","datePublished":"2017-05-02T00:46:10+00:00","dateModified":"2018-02-19T16:39:01+00:00","breadcrumb":{"@id":"https:\/\/www.institutodeengenharia.org.br\/site\/2017\/05\/02\/fim-do-inss-patronal\/#breadcrumb"},"inLanguage":"pt-BR","potentialAction":[{"@type":"ReadAction","target":["https:\/\/www.institutodeengenharia.org.br\/site\/2017\/05\/02\/fim-do-inss-patronal\/"]}]},{"@type":"ImageObject","inLanguage":"pt-BR","@id":"https:\/\/www.institutodeengenharia.org.br\/site\/2017\/05\/02\/fim-do-inss-patronal\/#primaryimage","url":"https:\/\/www.institutodeengenharia.org.br\/site\/wp-content\/uploads\/2017\/10\/cintra_BUSTO-e1547224751404.jpg","contentUrl":"https:\/\/www.institutodeengenharia.org.br\/site\/wp-content\/uploads\/2017\/10\/cintra_BUSTO-e1547224751404.jpg","width":214,"height":226},{"@type":"BreadcrumbList","@id":"https:\/\/www.institutodeengenharia.org.br\/site\/2017\/05\/02\/fim-do-inss-patronal\/#breadcrumb","itemListElement":[{"@type":"ListItem","position":1,"name":"In\u00edcio","item":"https:\/\/www.institutodeengenharia.org.br\/site\/"},{"@type":"ListItem","position":2,"name":"Fim do INSS patronal"}]},{"@type":"WebSite","@id":"https:\/\/www.institutodeengenharia.org.br\/site\/#website","url":"https:\/\/www.institutodeengenharia.org.br\/site\/","name":"Instituto de Engenharia","description":"O Instituto de Engenharia promove a Engenharia em benef\u00edcio do desenvolvimento e da qualidade de vida da sociedade.","publisher":{"@id":"https:\/\/www.institutodeengenharia.org.br\/site\/#organization"},"potentialAction":[{"@type":"SearchAction","target":{"@type":"EntryPoint","urlTemplate":"https:\/\/www.institutodeengenharia.org.br\/site\/?s={search_term_string}"},"query-input":{"@type":"PropertyValueSpecification","valueRequired":true,"valueName":"search_term_string"}}],"inLanguage":"pt-BR"},{"@type":"Organization","@id":"https:\/\/www.institutodeengenharia.org.br\/site\/#organization","name":"Instituto de Engenharia","url":"https:\/\/www.institutodeengenharia.org.br\/site\/","logo":{"@type":"ImageObject","inLanguage":"pt-BR","@id":"https:\/\/www.institutodeengenharia.org.br\/site\/#\/schema\/logo\/image\/","url":"https:\/\/www.institutodeengenharia.org.br\/site\/wp-content\/uploads\/2019\/03\/logo-novo-IE2018-1.jpg","contentUrl":"https:\/\/www.institutodeengenharia.org.br\/site\/wp-content\/uploads\/2019\/03\/logo-novo-IE2018-1.jpg","width":1486,"height":1879,"caption":"Instituto de Engenharia"},"image":{"@id":"https:\/\/www.institutodeengenharia.org.br\/site\/#\/schema\/logo\/image\/"},"sameAs":["https:\/\/www.facebook.com\/institutodeengenharia","https:\/\/x.com\/iengenharia","https:\/\/www.instagram.com\/institutodeengenharia\/","https:\/\/www.linkedin.com\/company\/instituto-de-engenharia\/","https:\/\/www.youtube.com\/channel\/UCXiCAlsSMe977vamW915HxA"]},{"@type":"Person","@id":"https:\/\/www.institutodeengenharia.org.br\/site\/#\/schema\/person\/3b1ff109facef084739fc2edcb9a127f","name":"TMax Tecnologia","image":{"@type":"ImageObject","inLanguage":"pt-BR","@id":"https:\/\/secure.gravatar.com\/avatar\/f912434ef7f389c92cb311fcdae346af848465d638912574b3c669070f797701?s=96&d=mm&r=g","url":"https:\/\/secure.gravatar.com\/avatar\/f912434ef7f389c92cb311fcdae346af848465d638912574b3c669070f797701?s=96&d=mm&r=g","contentUrl":"https:\/\/secure.gravatar.com\/avatar\/f912434ef7f389c92cb311fcdae346af848465d638912574b3c669070f797701?s=96&d=mm&r=g","caption":"TMax Tecnologia"},"url":"https:\/\/www.institutodeengenharia.org.br\/site\/author\/tmax\/"}]}},"_links":{"self":[{"href":"https:\/\/www.institutodeengenharia.org.br\/site\/wp-json\/wp\/v2\/posts\/27516","targetHints":{"allow":["GET"]}}],"collection":[{"href":"https:\/\/www.institutodeengenharia.org.br\/site\/wp-json\/wp\/v2\/posts"}],"about":[{"href":"https:\/\/www.institutodeengenharia.org.br\/site\/wp-json\/wp\/v2\/types\/post"}],"author":[{"embeddable":true,"href":"https:\/\/www.institutodeengenharia.org.br\/site\/wp-json\/wp\/v2\/users\/1"}],"replies":[{"embeddable":true,"href":"https:\/\/www.institutodeengenharia.org.br\/site\/wp-json\/wp\/v2\/comments?post=27516"}],"version-history":[{"count":1,"href":"https:\/\/www.institutodeengenharia.org.br\/site\/wp-json\/wp\/v2\/posts\/27516\/revisions"}],"predecessor-version":[{"id":29607,"href":"https:\/\/www.institutodeengenharia.org.br\/site\/wp-json\/wp\/v2\/posts\/27516\/revisions\/29607"}],"wp:featuredmedia":[{"embeddable":true,"href":"https:\/\/www.institutodeengenharia.org.br\/site\/wp-json\/wp\/v2\/media\/29535"}],"wp:attachment":[{"href":"https:\/\/www.institutodeengenharia.org.br\/site\/wp-json\/wp\/v2\/media?parent=27516"}],"wp:term":[{"taxonomy":"category","embeddable":true,"href":"https:\/\/www.institutodeengenharia.org.br\/site\/wp-json\/wp\/v2\/categories?post=27516"},{"taxonomy":"post_tag","embeddable":true,"href":"https:\/\/www.institutodeengenharia.org.br\/site\/wp-json\/wp\/v2\/tags?post=27516"}],"curies":[{"name":"wp","href":"https:\/\/api.w.org\/{rel}","templated":true}]}}