{"id":27236,"date":"2016-12-12T00:42:17","date_gmt":"2016-12-12T00:42:17","guid":{"rendered":"https:\/\/www.institutodeengenharia.org.br\/?p=27236"},"modified":"2016-12-13T10:08:43","modified_gmt":"2016-12-13T10:08:43","slug":"discurso-de-camil-eid-presidente-do-instituto-de-engenharia-durante-entrega-do-titulo-de-eminente-engenheiro-do-ano-2016","status":"publish","type":"post","link":"https:\/\/www.institutodeengenharia.org.br\/site\/2016\/12\/12\/discurso-de-camil-eid-presidente-do-instituto-de-engenharia-durante-entrega-do-titulo-de-eminente-engenheiro-do-ano-2016\/","title":{"rendered":"Discurso de Camil Eid, presidente do Instituto de Engenharia, durante entrega do T\u00edtulo de Eminente Engenheiro do Ano 2016"},"content":{"rendered":"<p>Senhores e senhoras,&nbsp;<\/p>\n<p>Como \u00e9 tradi\u00e7\u00e3o desta casa, em comemora\u00e7\u00e3o ao dia do engenheiro, o Instituto de Engenharia concede o T\u00edtulo de Eminente Engenheiro do Ano a uma personalidade que tenha se destacado em sua \u00e1rea de atua\u00e7\u00e3o e que tenha rela\u00e7\u00f5es com o universo da engenharia.&nbsp;<\/p>\n<p>Neste ano, iniciamos as comemora\u00e7\u00f5es do centen\u00e1rio do Instituto de Engenharia e temos a honra de nomear, pela primeira vez, uma engenheira com o T\u00edtulo de Eminente Engenheiro do Ano de 2016. A engenheira Monica Ferreira do Amaral Porto \u00e9 homenageada por sua destacada trajet\u00f3ria nas \u00e1reas de recursos h\u00eddricos e qualidade da \u00e1gua.&nbsp;<\/p>\n<p>Atualmente, ela \u00e9 secret\u00e1ria adjunta de Saneamento e Recursos H\u00eddricos do Estado de S\u00e3o Paulo. A \u00e1rea de Recursos H\u00eddricos \u00e9 extremamente importante para o pa\u00eds e n\u00e3o est\u00e1 relacionada apenas a pr\u00e1ticas e tecnologias diretamente ligadas \u00e0 distribui\u00e7\u00e3o, uso e conserva\u00e7\u00e3o de \u00e1gua, mas tamb\u00e9m a quest\u00f5es mais profundas de desenvolvimento econ\u00f4mico e ambiental nacional.&nbsp;<\/p>\n<p>Economias regionais e nacionais dependem da disponibilidade adequada de \u00e1gua para gera\u00e7\u00e3o de energia, abastecimento p\u00fablico, transporte fluvial, irriga\u00e7\u00e3o e produ\u00e7\u00e3o de alimentos. Portanto, algumas medidas como: melhorar a gest\u00e3o de recursos h\u00eddricos, integrando e alocando de forma flex\u00edvel a \u00e1gua para os diferentes usu\u00e1rios e investindo em saneamento p\u00fablico com a coleta e o tratamento de esgotos, s\u00e3o algumas das formas mais relevantes de desenvolvimento econ\u00f4mico e social, pois melhora a qualidade de vida, promove a gera\u00e7\u00e3o de empregos e renda e amplia a capacidade de abastecimento de \u00e1gua para usos m\u00faltiplos e est\u00edmulo \u00e0 economia. Monica Porto tamb\u00e9m dedica sua vida \u00e0 carreira acad\u00eamica.&nbsp;<\/p>\n<p>Pensando no futuro, o instituto de engenharia est\u00e1 desenvolvendo diversos projetos como os \u201cnovos rumos para o desenvolvimento &#8211; plano nacional de ocupa\u00e7\u00e3o do territ\u00f3rio brasileiro pela ferrovia, associada ao agroneg\u00f3cio&#8221;. \u00c9 hoje um dos nossos trabalhos, e in\u00fameras s\u00e3o as raz\u00f5es para justificar este empreendimento, mas basta examinarmos o enorme dinamismo da produ\u00e7\u00e3o agropecu\u00e1ria, seu potencial crescimento e a car\u00eancia mundial por alimentos para avaliarmos o seu importante impacto.&nbsp;<\/p>\n<p>De acordo com pesquisas podemos informar que durante os \u00faltimos 15 anos o agroneg\u00f3cio produziu o correspondente a 980 bilh\u00f5es de d\u00f3lares e podemos afirmar que nos pr\u00f3ximos dez anos produzir\u00e3o seguramente um trilh\u00e3o de d\u00f3lares gerando oportunidades.&nbsp;<\/p>\n<p>Est\u00e3o em andamento os projetos de empreendimento de mobilidade urbana da cidade de S\u00e3o Paulo para que ela seja uma cidade de classe mundial e o de normas de procedimento para planejamento dos empreendimentos p\u00fablicos, junto a ABNT \u2013 CEE162. <br \/>\nIremos implantar o E-Engenharia que consiste na associa\u00e7\u00e3o dos profissionais \u00e0 nossa entidade por meio da internet e consequentemente, criaremos a plataforma do conhecimento, que tem por objetivo ser um acervo digital de conte\u00fados ligados \u00e0 engenharia.&nbsp;<\/p>\n<p>Temos em nossas instala\u00e7\u00f5es o Engenho Maker que possui um ambiente de trabalho compartilhado \u2013coworking\u2013 e onde funciona o espa\u00e7o maker. Essa iniciativa oferece para associados do instituto de engenharia, e ao p\u00fablico em geral, acesso a ferramentas espec\u00edficas, inclusive, a impressoras 3D, possibilitando ao usu\u00e1rio criar os seus pr\u00f3prios produtos.&nbsp;<\/p>\n<p>Por meio desses projetos o instituto de engenharia busca a inser\u00e7\u00e3o da engenharia na quarta revolu\u00e7\u00e3o industrial. A meta agora \u00e9 a engenharia 4.0, pensando no pr\u00f3ximo centen\u00e1rio do instituto de engenharia.&nbsp;<\/p>\n<p>Parab\u00e9ns engenheira Monica Porto, desejamos ainda mais sucesso na sua carreira. Muito obrigado pela colabora\u00e7\u00e3o perante a nossa sociedade.&nbsp;<\/p>\n<p><strong><em>Camil Eid <br \/>\nPresidente do Instituto de Engenharia <\/p>\n<p><\/em><\/strong><\/p>\n<p><b>Autor: Camil Eid<\/b><\/p>\n","protected":false},"excerpt":{"rendered":"<p>T\u00edtulo foi entregue \u00e0 engenheira Civil Monica Porto <\/p>\n","protected":false},"author":1,"featured_media":0,"comment_status":"open","ping_status":"open","sticky":false,"template":"","format":"standard","meta":{"footnotes":""},"categories":[114,27],"tags":[],"class_list":{"0":"post-27236","1":"post","2":"type-post","3":"status-publish","4":"format-standard","6":"category-artigos","7":"category-instituto-de-engenharia"},"yoast_head":"<!-- This site is optimized with the Yoast SEO plugin v27.2 - https:\/\/yoast.com\/product\/yoast-seo-wordpress\/ -->\n<title>Discurso de Camil Eid, presidente do Instituto de Engenharia, durante entrega do T\u00edtulo de Eminente Engenheiro do Ano 2016 - Instituto de Engenharia<\/title>\n<meta name=\"robots\" content=\"index, follow, max-snippet:-1, max-image-preview:large, max-video-preview:-1\" \/>\n<link rel=\"canonical\" href=\"https:\/\/www.institutodeengenharia.org.br\/site\/2016\/12\/12\/discurso-de-camil-eid-presidente-do-instituto-de-engenharia-durante-entrega-do-titulo-de-eminente-engenheiro-do-ano-2016\/\" \/>\n<meta property=\"og:locale\" content=\"pt_BR\" \/>\n<meta property=\"og:type\" content=\"article\" \/>\n<meta property=\"og:title\" content=\"Discurso de Camil Eid, presidente do Instituto de Engenharia, durante entrega do T\u00edtulo de Eminente Engenheiro do Ano 2016 - Instituto de Engenharia\" \/>\n<meta property=\"og:description\" content=\"T\u00edtulo foi entregue \u00e0 engenheira Civil Monica Porto\" \/>\n<meta property=\"og:url\" content=\"https:\/\/www.institutodeengenharia.org.br\/site\/2016\/12\/12\/discurso-de-camil-eid-presidente-do-instituto-de-engenharia-durante-entrega-do-titulo-de-eminente-engenheiro-do-ano-2016\/\" \/>\n<meta property=\"og:site_name\" content=\"Instituto de Engenharia\" \/>\n<meta property=\"article:publisher\" content=\"https:\/\/www.facebook.com\/institutodeengenharia\" \/>\n<meta property=\"article:published_time\" content=\"2016-12-12T00:42:17+00:00\" \/>\n<meta property=\"article:modified_time\" content=\"2016-12-13T10:08:43+00:00\" \/>\n<meta name=\"author\" content=\"TMax Tecnologia\" \/>\n<meta name=\"twitter:card\" content=\"summary_large_image\" \/>\n<meta name=\"twitter:creator\" content=\"@iengenharia\" \/>\n<meta name=\"twitter:site\" content=\"@iengenharia\" \/>\n<meta name=\"twitter:label1\" content=\"Escrito por\" \/>\n\t<meta name=\"twitter:data1\" content=\"TMax Tecnologia\" \/>\n\t<meta name=\"twitter:label2\" content=\"Est. tempo de leitura\" \/>\n\t<meta name=\"twitter:data2\" content=\"3 minutos\" \/>\n<script type=\"application\/ld+json\" class=\"yoast-schema-graph\">{\"@context\":\"https:\/\/schema.org\",\"@graph\":[{\"@type\":\"Article\",\"@id\":\"https:\/\/www.institutodeengenharia.org.br\/site\/2016\/12\/12\/discurso-de-camil-eid-presidente-do-instituto-de-engenharia-durante-entrega-do-titulo-de-eminente-engenheiro-do-ano-2016\/#article\",\"isPartOf\":{\"@id\":\"https:\/\/www.institutodeengenharia.org.br\/site\/2016\/12\/12\/discurso-de-camil-eid-presidente-do-instituto-de-engenharia-durante-entrega-do-titulo-de-eminente-engenheiro-do-ano-2016\/\"},\"author\":{\"name\":\"TMax Tecnologia\",\"@id\":\"https:\/\/www.institutodeengenharia.org.br\/site\/#\/schema\/person\/3b1ff109facef084739fc2edcb9a127f\"},\"headline\":\"Discurso de Camil Eid, presidente do Instituto de Engenharia, durante entrega do T\u00edtulo de Eminente Engenheiro do Ano 2016\",\"datePublished\":\"2016-12-12T00:42:17+00:00\",\"dateModified\":\"2016-12-13T10:08:43+00:00\",\"mainEntityOfPage\":{\"@id\":\"https:\/\/www.institutodeengenharia.org.br\/site\/2016\/12\/12\/discurso-de-camil-eid-presidente-do-instituto-de-engenharia-durante-entrega-do-titulo-de-eminente-engenheiro-do-ano-2016\/\"},\"wordCount\":645,\"commentCount\":0,\"publisher\":{\"@id\":\"https:\/\/www.institutodeengenharia.org.br\/site\/#organization\"},\"articleSection\":[\"Artigos\",\"Instituto de Engenharia\"],\"inLanguage\":\"pt-BR\",\"potentialAction\":[{\"@type\":\"CommentAction\",\"name\":\"Comment\",\"target\":[\"https:\/\/www.institutodeengenharia.org.br\/site\/2016\/12\/12\/discurso-de-camil-eid-presidente-do-instituto-de-engenharia-durante-entrega-do-titulo-de-eminente-engenheiro-do-ano-2016\/#respond\"]}]},{\"@type\":\"WebPage\",\"@id\":\"https:\/\/www.institutodeengenharia.org.br\/site\/2016\/12\/12\/discurso-de-camil-eid-presidente-do-instituto-de-engenharia-durante-entrega-do-titulo-de-eminente-engenheiro-do-ano-2016\/\",\"url\":\"https:\/\/www.institutodeengenharia.org.br\/site\/2016\/12\/12\/discurso-de-camil-eid-presidente-do-instituto-de-engenharia-durante-entrega-do-titulo-de-eminente-engenheiro-do-ano-2016\/\",\"name\":\"Discurso de Camil Eid, presidente do Instituto de Engenharia, durante entrega do T\u00edtulo de Eminente Engenheiro do Ano 2016 - Instituto de Engenharia\",\"isPartOf\":{\"@id\":\"https:\/\/www.institutodeengenharia.org.br\/site\/#website\"},\"datePublished\":\"2016-12-12T00:42:17+00:00\",\"dateModified\":\"2016-12-13T10:08:43+00:00\",\"breadcrumb\":{\"@id\":\"https:\/\/www.institutodeengenharia.org.br\/site\/2016\/12\/12\/discurso-de-camil-eid-presidente-do-instituto-de-engenharia-durante-entrega-do-titulo-de-eminente-engenheiro-do-ano-2016\/#breadcrumb\"},\"inLanguage\":\"pt-BR\",\"potentialAction\":[{\"@type\":\"ReadAction\",\"target\":[\"https:\/\/www.institutodeengenharia.org.br\/site\/2016\/12\/12\/discurso-de-camil-eid-presidente-do-instituto-de-engenharia-durante-entrega-do-titulo-de-eminente-engenheiro-do-ano-2016\/\"]}]},{\"@type\":\"BreadcrumbList\",\"@id\":\"https:\/\/www.institutodeengenharia.org.br\/site\/2016\/12\/12\/discurso-de-camil-eid-presidente-do-instituto-de-engenharia-durante-entrega-do-titulo-de-eminente-engenheiro-do-ano-2016\/#breadcrumb\",\"itemListElement\":[{\"@type\":\"ListItem\",\"position\":1,\"name\":\"In\u00edcio\",\"item\":\"https:\/\/www.institutodeengenharia.org.br\/site\/\"},{\"@type\":\"ListItem\",\"position\":2,\"name\":\"Discurso de Camil Eid, presidente do Instituto de Engenharia, durante entrega do T\u00edtulo de Eminente Engenheiro do Ano 2016\"}]},{\"@type\":\"WebSite\",\"@id\":\"https:\/\/www.institutodeengenharia.org.br\/site\/#website\",\"url\":\"https:\/\/www.institutodeengenharia.org.br\/site\/\",\"name\":\"Instituto de Engenharia\",\"description\":\"O Instituto de Engenharia promove a Engenharia em benef\u00edcio do desenvolvimento e da qualidade de vida da sociedade.\",\"publisher\":{\"@id\":\"https:\/\/www.institutodeengenharia.org.br\/site\/#organization\"},\"potentialAction\":[{\"@type\":\"SearchAction\",\"target\":{\"@type\":\"EntryPoint\",\"urlTemplate\":\"https:\/\/www.institutodeengenharia.org.br\/site\/?s={search_term_string}\"},\"query-input\":{\"@type\":\"PropertyValueSpecification\",\"valueRequired\":true,\"valueName\":\"search_term_string\"}}],\"inLanguage\":\"pt-BR\"},{\"@type\":\"Organization\",\"@id\":\"https:\/\/www.institutodeengenharia.org.br\/site\/#organization\",\"name\":\"Instituto de Engenharia\",\"url\":\"https:\/\/www.institutodeengenharia.org.br\/site\/\",\"logo\":{\"@type\":\"ImageObject\",\"inLanguage\":\"pt-BR\",\"@id\":\"https:\/\/www.institutodeengenharia.org.br\/site\/#\/schema\/logo\/image\/\",\"url\":\"https:\/\/www.institutodeengenharia.org.br\/site\/wp-content\/uploads\/2019\/03\/logo-novo-IE2018-1.jpg\",\"contentUrl\":\"https:\/\/www.institutodeengenharia.org.br\/site\/wp-content\/uploads\/2019\/03\/logo-novo-IE2018-1.jpg\",\"width\":1486,\"height\":1879,\"caption\":\"Instituto de Engenharia\"},\"image\":{\"@id\":\"https:\/\/www.institutodeengenharia.org.br\/site\/#\/schema\/logo\/image\/\"},\"sameAs\":[\"https:\/\/www.facebook.com\/institutodeengenharia\",\"https:\/\/x.com\/iengenharia\",\"https:\/\/www.instagram.com\/institutodeengenharia\/\",\"https:\/\/www.linkedin.com\/company\/instituto-de-engenharia\/\",\"https:\/\/www.youtube.com\/channel\/UCXiCAlsSMe977vamW915HxA\"]},{\"@type\":\"Person\",\"@id\":\"https:\/\/www.institutodeengenharia.org.br\/site\/#\/schema\/person\/3b1ff109facef084739fc2edcb9a127f\",\"name\":\"TMax Tecnologia\",\"image\":{\"@type\":\"ImageObject\",\"inLanguage\":\"pt-BR\",\"@id\":\"https:\/\/secure.gravatar.com\/avatar\/f912434ef7f389c92cb311fcdae346af848465d638912574b3c669070f797701?s=96&d=mm&r=g\",\"url\":\"https:\/\/secure.gravatar.com\/avatar\/f912434ef7f389c92cb311fcdae346af848465d638912574b3c669070f797701?s=96&d=mm&r=g\",\"contentUrl\":\"https:\/\/secure.gravatar.com\/avatar\/f912434ef7f389c92cb311fcdae346af848465d638912574b3c669070f797701?s=96&d=mm&r=g\",\"caption\":\"TMax Tecnologia\"},\"url\":\"https:\/\/www.institutodeengenharia.org.br\/site\/author\/tmax\/\"}]}<\/script>\n<!-- \/ Yoast SEO plugin. -->","yoast_head_json":{"title":"Discurso de Camil Eid, presidente do Instituto de Engenharia, durante entrega do T\u00edtulo de Eminente Engenheiro do Ano 2016 - Instituto de Engenharia","robots":{"index":"index","follow":"follow","max-snippet":"max-snippet:-1","max-image-preview":"max-image-preview:large","max-video-preview":"max-video-preview:-1"},"canonical":"https:\/\/www.institutodeengenharia.org.br\/site\/2016\/12\/12\/discurso-de-camil-eid-presidente-do-instituto-de-engenharia-durante-entrega-do-titulo-de-eminente-engenheiro-do-ano-2016\/","og_locale":"pt_BR","og_type":"article","og_title":"Discurso de Camil Eid, presidente do Instituto de Engenharia, durante entrega do T\u00edtulo de Eminente Engenheiro do Ano 2016 - Instituto de Engenharia","og_description":"T\u00edtulo foi entregue \u00e0 engenheira Civil Monica Porto","og_url":"https:\/\/www.institutodeengenharia.org.br\/site\/2016\/12\/12\/discurso-de-camil-eid-presidente-do-instituto-de-engenharia-durante-entrega-do-titulo-de-eminente-engenheiro-do-ano-2016\/","og_site_name":"Instituto de Engenharia","article_publisher":"https:\/\/www.facebook.com\/institutodeengenharia","article_published_time":"2016-12-12T00:42:17+00:00","article_modified_time":"2016-12-13T10:08:43+00:00","author":"TMax Tecnologia","twitter_card":"summary_large_image","twitter_creator":"@iengenharia","twitter_site":"@iengenharia","twitter_misc":{"Escrito por":"TMax Tecnologia","Est. tempo de leitura":"3 minutos"},"schema":{"@context":"https:\/\/schema.org","@graph":[{"@type":"Article","@id":"https:\/\/www.institutodeengenharia.org.br\/site\/2016\/12\/12\/discurso-de-camil-eid-presidente-do-instituto-de-engenharia-durante-entrega-do-titulo-de-eminente-engenheiro-do-ano-2016\/#article","isPartOf":{"@id":"https:\/\/www.institutodeengenharia.org.br\/site\/2016\/12\/12\/discurso-de-camil-eid-presidente-do-instituto-de-engenharia-durante-entrega-do-titulo-de-eminente-engenheiro-do-ano-2016\/"},"author":{"name":"TMax Tecnologia","@id":"https:\/\/www.institutodeengenharia.org.br\/site\/#\/schema\/person\/3b1ff109facef084739fc2edcb9a127f"},"headline":"Discurso de Camil Eid, presidente do Instituto de Engenharia, durante entrega do T\u00edtulo de Eminente Engenheiro do Ano 2016","datePublished":"2016-12-12T00:42:17+00:00","dateModified":"2016-12-13T10:08:43+00:00","mainEntityOfPage":{"@id":"https:\/\/www.institutodeengenharia.org.br\/site\/2016\/12\/12\/discurso-de-camil-eid-presidente-do-instituto-de-engenharia-durante-entrega-do-titulo-de-eminente-engenheiro-do-ano-2016\/"},"wordCount":645,"commentCount":0,"publisher":{"@id":"https:\/\/www.institutodeengenharia.org.br\/site\/#organization"},"articleSection":["Artigos","Instituto de Engenharia"],"inLanguage":"pt-BR","potentialAction":[{"@type":"CommentAction","name":"Comment","target":["https:\/\/www.institutodeengenharia.org.br\/site\/2016\/12\/12\/discurso-de-camil-eid-presidente-do-instituto-de-engenharia-durante-entrega-do-titulo-de-eminente-engenheiro-do-ano-2016\/#respond"]}]},{"@type":"WebPage","@id":"https:\/\/www.institutodeengenharia.org.br\/site\/2016\/12\/12\/discurso-de-camil-eid-presidente-do-instituto-de-engenharia-durante-entrega-do-titulo-de-eminente-engenheiro-do-ano-2016\/","url":"https:\/\/www.institutodeengenharia.org.br\/site\/2016\/12\/12\/discurso-de-camil-eid-presidente-do-instituto-de-engenharia-durante-entrega-do-titulo-de-eminente-engenheiro-do-ano-2016\/","name":"Discurso de Camil Eid, presidente do Instituto de Engenharia, durante entrega do T\u00edtulo de Eminente Engenheiro do Ano 2016 - Instituto de Engenharia","isPartOf":{"@id":"https:\/\/www.institutodeengenharia.org.br\/site\/#website"},"datePublished":"2016-12-12T00:42:17+00:00","dateModified":"2016-12-13T10:08:43+00:00","breadcrumb":{"@id":"https:\/\/www.institutodeengenharia.org.br\/site\/2016\/12\/12\/discurso-de-camil-eid-presidente-do-instituto-de-engenharia-durante-entrega-do-titulo-de-eminente-engenheiro-do-ano-2016\/#breadcrumb"},"inLanguage":"pt-BR","potentialAction":[{"@type":"ReadAction","target":["https:\/\/www.institutodeengenharia.org.br\/site\/2016\/12\/12\/discurso-de-camil-eid-presidente-do-instituto-de-engenharia-durante-entrega-do-titulo-de-eminente-engenheiro-do-ano-2016\/"]}]},{"@type":"BreadcrumbList","@id":"https:\/\/www.institutodeengenharia.org.br\/site\/2016\/12\/12\/discurso-de-camil-eid-presidente-do-instituto-de-engenharia-durante-entrega-do-titulo-de-eminente-engenheiro-do-ano-2016\/#breadcrumb","itemListElement":[{"@type":"ListItem","position":1,"name":"In\u00edcio","item":"https:\/\/www.institutodeengenharia.org.br\/site\/"},{"@type":"ListItem","position":2,"name":"Discurso de Camil Eid, presidente do Instituto de Engenharia, durante entrega do T\u00edtulo de Eminente Engenheiro do Ano 2016"}]},{"@type":"WebSite","@id":"https:\/\/www.institutodeengenharia.org.br\/site\/#website","url":"https:\/\/www.institutodeengenharia.org.br\/site\/","name":"Instituto de Engenharia","description":"O Instituto de Engenharia promove a Engenharia em benef\u00edcio do desenvolvimento e da qualidade de vida da sociedade.","publisher":{"@id":"https:\/\/www.institutodeengenharia.org.br\/site\/#organization"},"potentialAction":[{"@type":"SearchAction","target":{"@type":"EntryPoint","urlTemplate":"https:\/\/www.institutodeengenharia.org.br\/site\/?s={search_term_string}"},"query-input":{"@type":"PropertyValueSpecification","valueRequired":true,"valueName":"search_term_string"}}],"inLanguage":"pt-BR"},{"@type":"Organization","@id":"https:\/\/www.institutodeengenharia.org.br\/site\/#organization","name":"Instituto de Engenharia","url":"https:\/\/www.institutodeengenharia.org.br\/site\/","logo":{"@type":"ImageObject","inLanguage":"pt-BR","@id":"https:\/\/www.institutodeengenharia.org.br\/site\/#\/schema\/logo\/image\/","url":"https:\/\/www.institutodeengenharia.org.br\/site\/wp-content\/uploads\/2019\/03\/logo-novo-IE2018-1.jpg","contentUrl":"https:\/\/www.institutodeengenharia.org.br\/site\/wp-content\/uploads\/2019\/03\/logo-novo-IE2018-1.jpg","width":1486,"height":1879,"caption":"Instituto de Engenharia"},"image":{"@id":"https:\/\/www.institutodeengenharia.org.br\/site\/#\/schema\/logo\/image\/"},"sameAs":["https:\/\/www.facebook.com\/institutodeengenharia","https:\/\/x.com\/iengenharia","https:\/\/www.instagram.com\/institutodeengenharia\/","https:\/\/www.linkedin.com\/company\/instituto-de-engenharia\/","https:\/\/www.youtube.com\/channel\/UCXiCAlsSMe977vamW915HxA"]},{"@type":"Person","@id":"https:\/\/www.institutodeengenharia.org.br\/site\/#\/schema\/person\/3b1ff109facef084739fc2edcb9a127f","name":"TMax Tecnologia","image":{"@type":"ImageObject","inLanguage":"pt-BR","@id":"https:\/\/secure.gravatar.com\/avatar\/f912434ef7f389c92cb311fcdae346af848465d638912574b3c669070f797701?s=96&d=mm&r=g","url":"https:\/\/secure.gravatar.com\/avatar\/f912434ef7f389c92cb311fcdae346af848465d638912574b3c669070f797701?s=96&d=mm&r=g","contentUrl":"https:\/\/secure.gravatar.com\/avatar\/f912434ef7f389c92cb311fcdae346af848465d638912574b3c669070f797701?s=96&d=mm&r=g","caption":"TMax Tecnologia"},"url":"https:\/\/www.institutodeengenharia.org.br\/site\/author\/tmax\/"}]}},"_links":{"self":[{"href":"https:\/\/www.institutodeengenharia.org.br\/site\/wp-json\/wp\/v2\/posts\/27236","targetHints":{"allow":["GET"]}}],"collection":[{"href":"https:\/\/www.institutodeengenharia.org.br\/site\/wp-json\/wp\/v2\/posts"}],"about":[{"href":"https:\/\/www.institutodeengenharia.org.br\/site\/wp-json\/wp\/v2\/types\/post"}],"author":[{"embeddable":true,"href":"https:\/\/www.institutodeengenharia.org.br\/site\/wp-json\/wp\/v2\/users\/1"}],"replies":[{"embeddable":true,"href":"https:\/\/www.institutodeengenharia.org.br\/site\/wp-json\/wp\/v2\/comments?post=27236"}],"version-history":[{"count":0,"href":"https:\/\/www.institutodeengenharia.org.br\/site\/wp-json\/wp\/v2\/posts\/27236\/revisions"}],"wp:attachment":[{"href":"https:\/\/www.institutodeengenharia.org.br\/site\/wp-json\/wp\/v2\/media?parent=27236"}],"wp:term":[{"taxonomy":"category","embeddable":true,"href":"https:\/\/www.institutodeengenharia.org.br\/site\/wp-json\/wp\/v2\/categories?post=27236"},{"taxonomy":"post_tag","embeddable":true,"href":"https:\/\/www.institutodeengenharia.org.br\/site\/wp-json\/wp\/v2\/tags?post=27236"}],"curies":[{"name":"wp","href":"https:\/\/api.w.org\/{rel}","templated":true}]}}