{"id":26992,"date":"2016-08-24T00:38:54","date_gmt":"2016-08-24T00:38:54","guid":{"rendered":"https:\/\/www.institutodeengenharia.org.br\/?p=26992"},"modified":"2016-08-26T14:37:15","modified_gmt":"2016-08-26T14:37:15","slug":"bim-a-nocoes-de-implantacao-do-archicad-para-pequenos-e-medios-escritorios","status":"publish","type":"post","link":"https:\/\/www.institutodeengenharia.org.br\/site\/2016\/08\/24\/bim-a-nocoes-de-implantacao-do-archicad-para-pequenos-e-medios-escritorios\/","title":{"rendered":"BIM \u2013 No\u00e7\u00f5es de Implanta\u00e7\u00e3o do Archicad para pequenos e M\u00e9dios Escrit\u00f3rios"},"content":{"rendered":"<p><a href=\"https:\/\/www.institutodeengenharia.org.br\/site\/wp-content\/uploads\/2017\/10\/arqnot10350.pdf\">arqnot10350.pdf<\/a><\/p>\n<p><b>Autor: Arqr\u00ba e Urbanista Jos\u00e9 Rocha<\/b><\/p>\n","protected":false},"excerpt":{"rendered":"<p>arqnot10350.pdf Autor: Arqr\u00ba e Urbanista Jos\u00e9 Rocha<\/p>\n","protected":false},"author":1,"featured_media":0,"comment_status":"open","ping_status":"open","sticky":false,"template":"","format":"standard","meta":{"footnotes":""},"categories":[72,119],"tags":[],"class_list":{"0":"post-26992","1":"post","2":"type-post","3":"status-publish","4":"format-standard","6":"category-divisao-tecnica-de-tecnologias-digitais","7":"category-publicacoes-tecnicas"},"yoast_head":"<!-- This site is optimized with the Yoast SEO plugin v27.2 - https:\/\/yoast.com\/product\/yoast-seo-wordpress\/ -->\n<title>BIM \u2013 No\u00e7\u00f5es de Implanta\u00e7\u00e3o do Archicad para pequenos e M\u00e9dios Escrit\u00f3rios - Instituto de Engenharia<\/title>\n<meta name=\"robots\" content=\"index, follow, max-snippet:-1, max-image-preview:large, max-video-preview:-1\" \/>\n<link rel=\"canonical\" href=\"https:\/\/www.institutodeengenharia.org.br\/site\/2016\/08\/24\/bim-a-nocoes-de-implantacao-do-archicad-para-pequenos-e-medios-escritorios\/\" \/>\n<meta property=\"og:locale\" content=\"pt_BR\" \/>\n<meta property=\"og:type\" content=\"article\" \/>\n<meta property=\"og:title\" content=\"BIM \u2013 No\u00e7\u00f5es de Implanta\u00e7\u00e3o do Archicad para pequenos e M\u00e9dios Escrit\u00f3rios - Instituto de Engenharia\" \/>\n<meta property=\"og:description\" content=\"arqnot10350.pdf Autor: Arqr\u00ba e Urbanista Jos\u00e9 Rocha\" \/>\n<meta property=\"og:url\" content=\"https:\/\/www.institutodeengenharia.org.br\/site\/2016\/08\/24\/bim-a-nocoes-de-implantacao-do-archicad-para-pequenos-e-medios-escritorios\/\" \/>\n<meta property=\"og:site_name\" content=\"Instituto de Engenharia\" \/>\n<meta property=\"article:publisher\" content=\"https:\/\/www.facebook.com\/institutodeengenharia\" \/>\n<meta property=\"article:published_time\" content=\"2016-08-24T00:38:54+00:00\" \/>\n<meta property=\"article:modified_time\" content=\"2016-08-26T14:37:15+00:00\" \/>\n<meta name=\"author\" content=\"TMax Tecnologia\" \/>\n<meta name=\"twitter:card\" content=\"summary_large_image\" \/>\n<meta name=\"twitter:creator\" content=\"@iengenharia\" \/>\n<meta name=\"twitter:site\" content=\"@iengenharia\" \/>\n<meta name=\"twitter:label1\" content=\"Escrito por\" \/>\n\t<meta name=\"twitter:data1\" content=\"TMax Tecnologia\" \/>\n<script type=\"application\/ld+json\" class=\"yoast-schema-graph\">{\"@context\":\"https:\/\/schema.org\",\"@graph\":[{\"@type\":\"Article\",\"@id\":\"https:\/\/www.institutodeengenharia.org.br\/site\/2016\/08\/24\/bim-a-nocoes-de-implantacao-do-archicad-para-pequenos-e-medios-escritorios\/#article\",\"isPartOf\":{\"@id\":\"https:\/\/www.institutodeengenharia.org.br\/site\/2016\/08\/24\/bim-a-nocoes-de-implantacao-do-archicad-para-pequenos-e-medios-escritorios\/\"},\"author\":{\"name\":\"TMax Tecnologia\",\"@id\":\"https:\/\/www.institutodeengenharia.org.br\/site\/#\/schema\/person\/3b1ff109facef084739fc2edcb9a127f\"},\"headline\":\"BIM \u2013 No\u00e7\u00f5es de Implanta\u00e7\u00e3o do Archicad para pequenos e M\u00e9dios Escrit\u00f3rios\",\"datePublished\":\"2016-08-24T00:38:54+00:00\",\"dateModified\":\"2016-08-26T14:37:15+00:00\",\"mainEntityOfPage\":{\"@id\":\"https:\/\/www.institutodeengenharia.org.br\/site\/2016\/08\/24\/bim-a-nocoes-de-implantacao-do-archicad-para-pequenos-e-medios-escritorios\/\"},\"wordCount\":23,\"commentCount\":0,\"publisher\":{\"@id\":\"https:\/\/www.institutodeengenharia.org.br\/site\/#organization\"},\"articleSection\":[\"Divis\u00e3o T\u00e9cnica de Tecnologias Digitais\",\"Publica\u00e7\u00f5es T\u00e9cnicas\"],\"inLanguage\":\"pt-BR\",\"potentialAction\":[{\"@type\":\"CommentAction\",\"name\":\"Comment\",\"target\":[\"https:\/\/www.institutodeengenharia.org.br\/site\/2016\/08\/24\/bim-a-nocoes-de-implantacao-do-archicad-para-pequenos-e-medios-escritorios\/#respond\"]}]},{\"@type\":\"WebPage\",\"@id\":\"https:\/\/www.institutodeengenharia.org.br\/site\/2016\/08\/24\/bim-a-nocoes-de-implantacao-do-archicad-para-pequenos-e-medios-escritorios\/\",\"url\":\"https:\/\/www.institutodeengenharia.org.br\/site\/2016\/08\/24\/bim-a-nocoes-de-implantacao-do-archicad-para-pequenos-e-medios-escritorios\/\",\"name\":\"BIM \u2013 No\u00e7\u00f5es de Implanta\u00e7\u00e3o do Archicad para pequenos e M\u00e9dios Escrit\u00f3rios - Instituto de Engenharia\",\"isPartOf\":{\"@id\":\"https:\/\/www.institutodeengenharia.org.br\/site\/#website\"},\"datePublished\":\"2016-08-24T00:38:54+00:00\",\"dateModified\":\"2016-08-26T14:37:15+00:00\",\"breadcrumb\":{\"@id\":\"https:\/\/www.institutodeengenharia.org.br\/site\/2016\/08\/24\/bim-a-nocoes-de-implantacao-do-archicad-para-pequenos-e-medios-escritorios\/#breadcrumb\"},\"inLanguage\":\"pt-BR\",\"potentialAction\":[{\"@type\":\"ReadAction\",\"target\":[\"https:\/\/www.institutodeengenharia.org.br\/site\/2016\/08\/24\/bim-a-nocoes-de-implantacao-do-archicad-para-pequenos-e-medios-escritorios\/\"]}]},{\"@type\":\"BreadcrumbList\",\"@id\":\"https:\/\/www.institutodeengenharia.org.br\/site\/2016\/08\/24\/bim-a-nocoes-de-implantacao-do-archicad-para-pequenos-e-medios-escritorios\/#breadcrumb\",\"itemListElement\":[{\"@type\":\"ListItem\",\"position\":1,\"name\":\"In\u00edcio\",\"item\":\"https:\/\/www.institutodeengenharia.org.br\/site\/\"},{\"@type\":\"ListItem\",\"position\":2,\"name\":\"BIM \u2013 No\u00e7\u00f5es de Implanta\u00e7\u00e3o do Archicad para pequenos e M\u00e9dios Escrit\u00f3rios\"}]},{\"@type\":\"WebSite\",\"@id\":\"https:\/\/www.institutodeengenharia.org.br\/site\/#website\",\"url\":\"https:\/\/www.institutodeengenharia.org.br\/site\/\",\"name\":\"Instituto de Engenharia\",\"description\":\"O Instituto de Engenharia promove a Engenharia em benef\u00edcio do desenvolvimento e da qualidade de vida da sociedade.\",\"publisher\":{\"@id\":\"https:\/\/www.institutodeengenharia.org.br\/site\/#organization\"},\"potentialAction\":[{\"@type\":\"SearchAction\",\"target\":{\"@type\":\"EntryPoint\",\"urlTemplate\":\"https:\/\/www.institutodeengenharia.org.br\/site\/?s={search_term_string}\"},\"query-input\":{\"@type\":\"PropertyValueSpecification\",\"valueRequired\":true,\"valueName\":\"search_term_string\"}}],\"inLanguage\":\"pt-BR\"},{\"@type\":\"Organization\",\"@id\":\"https:\/\/www.institutodeengenharia.org.br\/site\/#organization\",\"name\":\"Instituto de Engenharia\",\"url\":\"https:\/\/www.institutodeengenharia.org.br\/site\/\",\"logo\":{\"@type\":\"ImageObject\",\"inLanguage\":\"pt-BR\",\"@id\":\"https:\/\/www.institutodeengenharia.org.br\/site\/#\/schema\/logo\/image\/\",\"url\":\"https:\/\/www.institutodeengenharia.org.br\/site\/wp-content\/uploads\/2019\/03\/logo-novo-IE2018-1.jpg\",\"contentUrl\":\"https:\/\/www.institutodeengenharia.org.br\/site\/wp-content\/uploads\/2019\/03\/logo-novo-IE2018-1.jpg\",\"width\":1486,\"height\":1879,\"caption\":\"Instituto de Engenharia\"},\"image\":{\"@id\":\"https:\/\/www.institutodeengenharia.org.br\/site\/#\/schema\/logo\/image\/\"},\"sameAs\":[\"https:\/\/www.facebook.com\/institutodeengenharia\",\"https:\/\/x.com\/iengenharia\",\"https:\/\/www.instagram.com\/institutodeengenharia\/\",\"https:\/\/www.linkedin.com\/company\/instituto-de-engenharia\/\",\"https:\/\/www.youtube.com\/channel\/UCXiCAlsSMe977vamW915HxA\"]},{\"@type\":\"Person\",\"@id\":\"https:\/\/www.institutodeengenharia.org.br\/site\/#\/schema\/person\/3b1ff109facef084739fc2edcb9a127f\",\"name\":\"TMax Tecnologia\",\"image\":{\"@type\":\"ImageObject\",\"inLanguage\":\"pt-BR\",\"@id\":\"https:\/\/secure.gravatar.com\/avatar\/f912434ef7f389c92cb311fcdae346af848465d638912574b3c669070f797701?s=96&d=mm&r=g\",\"url\":\"https:\/\/secure.gravatar.com\/avatar\/f912434ef7f389c92cb311fcdae346af848465d638912574b3c669070f797701?s=96&d=mm&r=g\",\"contentUrl\":\"https:\/\/secure.gravatar.com\/avatar\/f912434ef7f389c92cb311fcdae346af848465d638912574b3c669070f797701?s=96&d=mm&r=g\",\"caption\":\"TMax Tecnologia\"},\"url\":\"https:\/\/www.institutodeengenharia.org.br\/site\/author\/tmax\/\"}]}<\/script>\n<!-- \/ Yoast SEO plugin. -->","yoast_head_json":{"title":"BIM \u2013 No\u00e7\u00f5es de Implanta\u00e7\u00e3o do Archicad para pequenos e M\u00e9dios Escrit\u00f3rios - Instituto de Engenharia","robots":{"index":"index","follow":"follow","max-snippet":"max-snippet:-1","max-image-preview":"max-image-preview:large","max-video-preview":"max-video-preview:-1"},"canonical":"https:\/\/www.institutodeengenharia.org.br\/site\/2016\/08\/24\/bim-a-nocoes-de-implantacao-do-archicad-para-pequenos-e-medios-escritorios\/","og_locale":"pt_BR","og_type":"article","og_title":"BIM \u2013 No\u00e7\u00f5es de Implanta\u00e7\u00e3o do Archicad para pequenos e M\u00e9dios Escrit\u00f3rios - Instituto de Engenharia","og_description":"arqnot10350.pdf Autor: Arqr\u00ba e Urbanista Jos\u00e9 Rocha","og_url":"https:\/\/www.institutodeengenharia.org.br\/site\/2016\/08\/24\/bim-a-nocoes-de-implantacao-do-archicad-para-pequenos-e-medios-escritorios\/","og_site_name":"Instituto de Engenharia","article_publisher":"https:\/\/www.facebook.com\/institutodeengenharia","article_published_time":"2016-08-24T00:38:54+00:00","article_modified_time":"2016-08-26T14:37:15+00:00","author":"TMax Tecnologia","twitter_card":"summary_large_image","twitter_creator":"@iengenharia","twitter_site":"@iengenharia","twitter_misc":{"Escrito por":"TMax Tecnologia"},"schema":{"@context":"https:\/\/schema.org","@graph":[{"@type":"Article","@id":"https:\/\/www.institutodeengenharia.org.br\/site\/2016\/08\/24\/bim-a-nocoes-de-implantacao-do-archicad-para-pequenos-e-medios-escritorios\/#article","isPartOf":{"@id":"https:\/\/www.institutodeengenharia.org.br\/site\/2016\/08\/24\/bim-a-nocoes-de-implantacao-do-archicad-para-pequenos-e-medios-escritorios\/"},"author":{"name":"TMax Tecnologia","@id":"https:\/\/www.institutodeengenharia.org.br\/site\/#\/schema\/person\/3b1ff109facef084739fc2edcb9a127f"},"headline":"BIM \u2013 No\u00e7\u00f5es de Implanta\u00e7\u00e3o do Archicad para pequenos e M\u00e9dios Escrit\u00f3rios","datePublished":"2016-08-24T00:38:54+00:00","dateModified":"2016-08-26T14:37:15+00:00","mainEntityOfPage":{"@id":"https:\/\/www.institutodeengenharia.org.br\/site\/2016\/08\/24\/bim-a-nocoes-de-implantacao-do-archicad-para-pequenos-e-medios-escritorios\/"},"wordCount":23,"commentCount":0,"publisher":{"@id":"https:\/\/www.institutodeengenharia.org.br\/site\/#organization"},"articleSection":["Divis\u00e3o T\u00e9cnica de Tecnologias Digitais","Publica\u00e7\u00f5es T\u00e9cnicas"],"inLanguage":"pt-BR","potentialAction":[{"@type":"CommentAction","name":"Comment","target":["https:\/\/www.institutodeengenharia.org.br\/site\/2016\/08\/24\/bim-a-nocoes-de-implantacao-do-archicad-para-pequenos-e-medios-escritorios\/#respond"]}]},{"@type":"WebPage","@id":"https:\/\/www.institutodeengenharia.org.br\/site\/2016\/08\/24\/bim-a-nocoes-de-implantacao-do-archicad-para-pequenos-e-medios-escritorios\/","url":"https:\/\/www.institutodeengenharia.org.br\/site\/2016\/08\/24\/bim-a-nocoes-de-implantacao-do-archicad-para-pequenos-e-medios-escritorios\/","name":"BIM \u2013 No\u00e7\u00f5es de Implanta\u00e7\u00e3o do Archicad para pequenos e M\u00e9dios Escrit\u00f3rios - Instituto de Engenharia","isPartOf":{"@id":"https:\/\/www.institutodeengenharia.org.br\/site\/#website"},"datePublished":"2016-08-24T00:38:54+00:00","dateModified":"2016-08-26T14:37:15+00:00","breadcrumb":{"@id":"https:\/\/www.institutodeengenharia.org.br\/site\/2016\/08\/24\/bim-a-nocoes-de-implantacao-do-archicad-para-pequenos-e-medios-escritorios\/#breadcrumb"},"inLanguage":"pt-BR","potentialAction":[{"@type":"ReadAction","target":["https:\/\/www.institutodeengenharia.org.br\/site\/2016\/08\/24\/bim-a-nocoes-de-implantacao-do-archicad-para-pequenos-e-medios-escritorios\/"]}]},{"@type":"BreadcrumbList","@id":"https:\/\/www.institutodeengenharia.org.br\/site\/2016\/08\/24\/bim-a-nocoes-de-implantacao-do-archicad-para-pequenos-e-medios-escritorios\/#breadcrumb","itemListElement":[{"@type":"ListItem","position":1,"name":"In\u00edcio","item":"https:\/\/www.institutodeengenharia.org.br\/site\/"},{"@type":"ListItem","position":2,"name":"BIM \u2013 No\u00e7\u00f5es de Implanta\u00e7\u00e3o do Archicad para pequenos e M\u00e9dios Escrit\u00f3rios"}]},{"@type":"WebSite","@id":"https:\/\/www.institutodeengenharia.org.br\/site\/#website","url":"https:\/\/www.institutodeengenharia.org.br\/site\/","name":"Instituto de Engenharia","description":"O Instituto de Engenharia promove a Engenharia em benef\u00edcio do desenvolvimento e da qualidade de vida da sociedade.","publisher":{"@id":"https:\/\/www.institutodeengenharia.org.br\/site\/#organization"},"potentialAction":[{"@type":"SearchAction","target":{"@type":"EntryPoint","urlTemplate":"https:\/\/www.institutodeengenharia.org.br\/site\/?s={search_term_string}"},"query-input":{"@type":"PropertyValueSpecification","valueRequired":true,"valueName":"search_term_string"}}],"inLanguage":"pt-BR"},{"@type":"Organization","@id":"https:\/\/www.institutodeengenharia.org.br\/site\/#organization","name":"Instituto de Engenharia","url":"https:\/\/www.institutodeengenharia.org.br\/site\/","logo":{"@type":"ImageObject","inLanguage":"pt-BR","@id":"https:\/\/www.institutodeengenharia.org.br\/site\/#\/schema\/logo\/image\/","url":"https:\/\/www.institutodeengenharia.org.br\/site\/wp-content\/uploads\/2019\/03\/logo-novo-IE2018-1.jpg","contentUrl":"https:\/\/www.institutodeengenharia.org.br\/site\/wp-content\/uploads\/2019\/03\/logo-novo-IE2018-1.jpg","width":1486,"height":1879,"caption":"Instituto de Engenharia"},"image":{"@id":"https:\/\/www.institutodeengenharia.org.br\/site\/#\/schema\/logo\/image\/"},"sameAs":["https:\/\/www.facebook.com\/institutodeengenharia","https:\/\/x.com\/iengenharia","https:\/\/www.instagram.com\/institutodeengenharia\/","https:\/\/www.linkedin.com\/company\/instituto-de-engenharia\/","https:\/\/www.youtube.com\/channel\/UCXiCAlsSMe977vamW915HxA"]},{"@type":"Person","@id":"https:\/\/www.institutodeengenharia.org.br\/site\/#\/schema\/person\/3b1ff109facef084739fc2edcb9a127f","name":"TMax Tecnologia","image":{"@type":"ImageObject","inLanguage":"pt-BR","@id":"https:\/\/secure.gravatar.com\/avatar\/f912434ef7f389c92cb311fcdae346af848465d638912574b3c669070f797701?s=96&d=mm&r=g","url":"https:\/\/secure.gravatar.com\/avatar\/f912434ef7f389c92cb311fcdae346af848465d638912574b3c669070f797701?s=96&d=mm&r=g","contentUrl":"https:\/\/secure.gravatar.com\/avatar\/f912434ef7f389c92cb311fcdae346af848465d638912574b3c669070f797701?s=96&d=mm&r=g","caption":"TMax Tecnologia"},"url":"https:\/\/www.institutodeengenharia.org.br\/site\/author\/tmax\/"}]}},"_links":{"self":[{"href":"https:\/\/www.institutodeengenharia.org.br\/site\/wp-json\/wp\/v2\/posts\/26992","targetHints":{"allow":["GET"]}}],"collection":[{"href":"https:\/\/www.institutodeengenharia.org.br\/site\/wp-json\/wp\/v2\/posts"}],"about":[{"href":"https:\/\/www.institutodeengenharia.org.br\/site\/wp-json\/wp\/v2\/types\/post"}],"author":[{"embeddable":true,"href":"https:\/\/www.institutodeengenharia.org.br\/site\/wp-json\/wp\/v2\/users\/1"}],"replies":[{"embeddable":true,"href":"https:\/\/www.institutodeengenharia.org.br\/site\/wp-json\/wp\/v2\/comments?post=26992"}],"version-history":[{"count":0,"href":"https:\/\/www.institutodeengenharia.org.br\/site\/wp-json\/wp\/v2\/posts\/26992\/revisions"}],"wp:attachment":[{"href":"https:\/\/www.institutodeengenharia.org.br\/site\/wp-json\/wp\/v2\/media?parent=26992"}],"wp:term":[{"taxonomy":"category","embeddable":true,"href":"https:\/\/www.institutodeengenharia.org.br\/site\/wp-json\/wp\/v2\/categories?post=26992"},{"taxonomy":"post_tag","embeddable":true,"href":"https:\/\/www.institutodeengenharia.org.br\/site\/wp-json\/wp\/v2\/tags?post=26992"}],"curies":[{"name":"wp","href":"https:\/\/api.w.org\/{rel}","templated":true}]}}