{"id":26786,"date":"2016-06-14T00:36:08","date_gmt":"2016-06-14T00:36:08","guid":{"rendered":"https:\/\/www.institutodeengenharia.org.br\/?p=26786"},"modified":"2016-06-14T12:24:00","modified_gmt":"2016-06-14T12:24:00","slug":"consumo-consciente-atrapalha-a-economia","status":"publish","type":"post","link":"https:\/\/www.institutodeengenharia.org.br\/site\/2016\/06\/14\/consumo-consciente-atrapalha-a-economia\/","title":{"rendered":"Consumo consciente atrapalha a economia ?"},"content":{"rendered":"<p>O h\u00e1bito do consumo consciente, tem provocado discuss\u00f5es sobre a poss\u00edvel redu\u00e7\u00e3o da atividade econ\u00f4mica, ou que venha prejudicar eventualmente mercados e\/ou na\u00e7\u00f5es.&nbsp;<\/p>\n<p>Olhar de forma \u201cobliqua\u201d esta quest\u00e3o pode levar a uma conclus\u00e3o equivocada, talvez por desconhecimento dos fatores da economia.&nbsp;<\/p>\n<p>Inicialmente, vale destacar que consumir de forma consciente n\u00e3o significa comprar menos, mas comprar \u201cbem\u201d, sabendo a proced\u00eancia do que se compra e como o produto consumido foi produzido (impacto na cadeia produtiva ), quanto ao respeito \u00e0s leis socioambientais.&nbsp;<\/p>\n<p>Mas devemos ir al\u00e9m no aprofundamento deste conceito e refletir, por exemplo, se ao evitarmos adquirir novos autom\u00f3veis (para reduzir emiss\u00e3o de CO2), vamos gerar desemprego? A resposta \u00e9 N\u00c3O. Pois duas possibilidades derivam desta situa\u00e7\u00e3o, ou o consumidor ir\u00e1 direcionar sua renda para outro produto, (gerando emprego, impostos etc. em outro mercado) ou ir\u00e1 poupar, que em tese, reduziria a necessidade de\u201dimporta\u00e7\u00e3o\u201c da poupan\u00e7a externa. De mais a mais, esta escolha social (produzir menos autom\u00f3veis) deveria estar associada a pol\u00edticas p\u00fablicas de transporte, que gerariam empregos na constru\u00e7\u00e3o civil (e em toda cadeia) e na sequ\u00eancia nas empresas de transporte. Contudo planejar nunca fez parte do nosso card\u00e1pio cultural, e muitas vezes perdemos oportunidades econ\u00f4micas, como na crise de 2008 quando o mercado internacional estava apto e voraz para investir no Brasil, e os fatos atuais nos mostram uma triste realidade.&nbsp;<\/p>\n<p>Historicamente o Brasil vive oscila\u00e7\u00f5es econ\u00f4micas, desde o ciclo do a\u00e7\u00facar (s\u00e9culos XV e XVI) ciclo do ouro (s\u00e9culos XVII e XVIII), da borracha (XIX) e mais recente (XX) do caf\u00e9, comprovando que nossa na\u00e7\u00e3o navega nas ondas dos altos e baixos da falta de planejamento associada a uma p\u00e9ssima gest\u00e3o da coisa p\u00fablica, especialmente no s\u00e9culo XXI. Desta forma o cidad\u00e3o, ora opta pelo consumo, ora pela constru\u00e7\u00e3o do patrim\u00f4nio, poupando mais e consumindo menos, conforme o sobe e desce das \u201cmarolinhas\u201d econ\u00f4micas. Mas \u00e9 fundamental destacar que no momento do consumo, h\u00e1 que se considerar quest\u00f5es de m\u00e9dio e longo prazo tamb\u00e9m, escapando do consumo desajuizado ou envolto em modismo. H\u00e1 postura mais rudimentar e medieval do que formar fila numa loja de tecnologia, antes do lan\u00e7amento de uma nova vers\u00e3o de celular? Ou ter ve\u00edculos estacionados nas garagens para os dias de rod\u00edzio nos grandes centros urbanos? \u00c9 muito complicado acionar a Uber no dia de rod\u00edzio, ao inv\u00e9s de ter um segundo ve\u00edculo? Pior que n\u00e3o somente nos grandes centros urbanos que ocorre o consumismo irrefletido (pleonasmo), mas percebe-se esta deseduca\u00e7\u00e3o cidad\u00e3 em todo lugar. Pois existem cidades no Brasil, com popula\u00e7\u00e3o menores que alguns bairros de S\u00e3o Paulo, onde seus habitantes possuem, em m\u00e9dia, 02 autom\u00f3veis, ou mais. Certamente nestes locais n\u00e3o impera sistema de rod\u00edzios de placas, tampouco dificuldades maiores de transposi\u00e7\u00e3o das dist\u00e2ncias.&nbsp;<\/p>\n<p>Portanto mesmo que o autom\u00f3vel estacionando numa garagem tenha gerado empregos e impostos no passado, mascertamente um equipamento de produ\u00e7\u00e3o, mesmo que uma simples m\u00e1quina de costura para consertos de roupas, poderia ser tamb\u00e9m importante para economia, numa vis\u00e3o amplificada de consumo consciente.&nbsp;<\/p>\n<p>Para encerrar, est\u00e1 na hora de entendermos que o consumo destina-se ao nosso conforto pura e simplesmente,sem praticarmos abusos, e iniciarmos a expurgar da nossa conduta de consumidor, atitudes de \u201cexpor\u201d aquilo que compra. <\/p>\n","protected":false},"excerpt":{"rendered":"<p>Os artigos publicados com assinatura, n\u00e3o traduzem necessariamente a opini\u00e3o do Instituto de Engenharia. Sua publica\u00e7\u00e3o obedece ao prop\u00f3sito de estimular o debate dos problemas brasileiros e de refletir as diversas tend\u00eancias do pensamento contempor\u00e2neo<\/p>\n","protected":false},"author":1,"featured_media":0,"comment_status":"open","ping_status":"open","sticky":false,"template":"","format":"standard","meta":{"footnotes":""},"categories":[107],"tags":[],"class_list":{"0":"post-26786","1":"post","2":"type-post","3":"status-publish","4":"format-standard","6":"category-roberto-mangraviti"},"yoast_head":"<!-- This site is optimized with the Yoast SEO plugin v27.2 - https:\/\/yoast.com\/product\/yoast-seo-wordpress\/ -->\n<title>Consumo consciente atrapalha a economia ? - Instituto de Engenharia<\/title>\n<meta name=\"robots\" content=\"index, follow, max-snippet:-1, max-image-preview:large, max-video-preview:-1\" \/>\n<link rel=\"canonical\" href=\"https:\/\/www.institutodeengenharia.org.br\/site\/2016\/06\/14\/consumo-consciente-atrapalha-a-economia\/\" \/>\n<meta property=\"og:locale\" content=\"pt_BR\" \/>\n<meta property=\"og:type\" content=\"article\" \/>\n<meta property=\"og:title\" content=\"Consumo consciente atrapalha a economia ? - Instituto de Engenharia\" \/>\n<meta property=\"og:description\" content=\"Os artigos publicados com assinatura, n\u00e3o traduzem necessariamente a opini\u00e3o do Instituto de Engenharia. Sua publica\u00e7\u00e3o obedece ao prop\u00f3sito de estimular o debate dos problemas brasileiros e de refletir as diversas tend\u00eancias do pensamento contempor\u00e2neo\" \/>\n<meta property=\"og:url\" content=\"https:\/\/www.institutodeengenharia.org.br\/site\/2016\/06\/14\/consumo-consciente-atrapalha-a-economia\/\" \/>\n<meta property=\"og:site_name\" content=\"Instituto de Engenharia\" \/>\n<meta property=\"article:publisher\" content=\"https:\/\/www.facebook.com\/institutodeengenharia\" \/>\n<meta property=\"article:published_time\" content=\"2016-06-14T00:36:08+00:00\" \/>\n<meta property=\"article:modified_time\" content=\"2016-06-14T12:24:00+00:00\" \/>\n<meta name=\"author\" content=\"TMax Tecnologia\" \/>\n<meta name=\"twitter:card\" content=\"summary_large_image\" \/>\n<meta name=\"twitter:creator\" content=\"@iengenharia\" \/>\n<meta name=\"twitter:site\" content=\"@iengenharia\" \/>\n<meta name=\"twitter:label1\" content=\"Escrito por\" \/>\n\t<meta name=\"twitter:data1\" content=\"TMax Tecnologia\" \/>\n\t<meta name=\"twitter:label2\" content=\"Est. tempo de leitura\" \/>\n\t<meta name=\"twitter:data2\" content=\"3 minutos\" \/>\n<script type=\"application\/ld+json\" class=\"yoast-schema-graph\">{\"@context\":\"https:\/\/schema.org\",\"@graph\":[{\"@type\":\"Article\",\"@id\":\"https:\/\/www.institutodeengenharia.org.br\/site\/2016\/06\/14\/consumo-consciente-atrapalha-a-economia\/#article\",\"isPartOf\":{\"@id\":\"https:\/\/www.institutodeengenharia.org.br\/site\/2016\/06\/14\/consumo-consciente-atrapalha-a-economia\/\"},\"author\":{\"name\":\"TMax Tecnologia\",\"@id\":\"https:\/\/www.institutodeengenharia.org.br\/site\/#\/schema\/person\/3b1ff109facef084739fc2edcb9a127f\"},\"headline\":\"Consumo consciente atrapalha a economia ?\",\"datePublished\":\"2016-06-14T00:36:08+00:00\",\"dateModified\":\"2016-06-14T12:24:00+00:00\",\"mainEntityOfPage\":{\"@id\":\"https:\/\/www.institutodeengenharia.org.br\/site\/2016\/06\/14\/consumo-consciente-atrapalha-a-economia\/\"},\"wordCount\":602,\"commentCount\":0,\"publisher\":{\"@id\":\"https:\/\/www.institutodeengenharia.org.br\/site\/#organization\"},\"articleSection\":[\"Roberto Mangraviti\"],\"inLanguage\":\"pt-BR\",\"potentialAction\":[{\"@type\":\"CommentAction\",\"name\":\"Comment\",\"target\":[\"https:\/\/www.institutodeengenharia.org.br\/site\/2016\/06\/14\/consumo-consciente-atrapalha-a-economia\/#respond\"]}]},{\"@type\":\"WebPage\",\"@id\":\"https:\/\/www.institutodeengenharia.org.br\/site\/2016\/06\/14\/consumo-consciente-atrapalha-a-economia\/\",\"url\":\"https:\/\/www.institutodeengenharia.org.br\/site\/2016\/06\/14\/consumo-consciente-atrapalha-a-economia\/\",\"name\":\"Consumo consciente atrapalha a economia ? - Instituto de Engenharia\",\"isPartOf\":{\"@id\":\"https:\/\/www.institutodeengenharia.org.br\/site\/#website\"},\"datePublished\":\"2016-06-14T00:36:08+00:00\",\"dateModified\":\"2016-06-14T12:24:00+00:00\",\"breadcrumb\":{\"@id\":\"https:\/\/www.institutodeengenharia.org.br\/site\/2016\/06\/14\/consumo-consciente-atrapalha-a-economia\/#breadcrumb\"},\"inLanguage\":\"pt-BR\",\"potentialAction\":[{\"@type\":\"ReadAction\",\"target\":[\"https:\/\/www.institutodeengenharia.org.br\/site\/2016\/06\/14\/consumo-consciente-atrapalha-a-economia\/\"]}]},{\"@type\":\"BreadcrumbList\",\"@id\":\"https:\/\/www.institutodeengenharia.org.br\/site\/2016\/06\/14\/consumo-consciente-atrapalha-a-economia\/#breadcrumb\",\"itemListElement\":[{\"@type\":\"ListItem\",\"position\":1,\"name\":\"In\u00edcio\",\"item\":\"https:\/\/www.institutodeengenharia.org.br\/site\/\"},{\"@type\":\"ListItem\",\"position\":2,\"name\":\"Consumo consciente atrapalha a economia ?\"}]},{\"@type\":\"WebSite\",\"@id\":\"https:\/\/www.institutodeengenharia.org.br\/site\/#website\",\"url\":\"https:\/\/www.institutodeengenharia.org.br\/site\/\",\"name\":\"Instituto de Engenharia\",\"description\":\"O Instituto de Engenharia promove a Engenharia em benef\u00edcio do desenvolvimento e da qualidade de vida da sociedade.\",\"publisher\":{\"@id\":\"https:\/\/www.institutodeengenharia.org.br\/site\/#organization\"},\"potentialAction\":[{\"@type\":\"SearchAction\",\"target\":{\"@type\":\"EntryPoint\",\"urlTemplate\":\"https:\/\/www.institutodeengenharia.org.br\/site\/?s={search_term_string}\"},\"query-input\":{\"@type\":\"PropertyValueSpecification\",\"valueRequired\":true,\"valueName\":\"search_term_string\"}}],\"inLanguage\":\"pt-BR\"},{\"@type\":\"Organization\",\"@id\":\"https:\/\/www.institutodeengenharia.org.br\/site\/#organization\",\"name\":\"Instituto de Engenharia\",\"url\":\"https:\/\/www.institutodeengenharia.org.br\/site\/\",\"logo\":{\"@type\":\"ImageObject\",\"inLanguage\":\"pt-BR\",\"@id\":\"https:\/\/www.institutodeengenharia.org.br\/site\/#\/schema\/logo\/image\/\",\"url\":\"https:\/\/www.institutodeengenharia.org.br\/site\/wp-content\/uploads\/2019\/03\/logo-novo-IE2018-1.jpg\",\"contentUrl\":\"https:\/\/www.institutodeengenharia.org.br\/site\/wp-content\/uploads\/2019\/03\/logo-novo-IE2018-1.jpg\",\"width\":1486,\"height\":1879,\"caption\":\"Instituto de Engenharia\"},\"image\":{\"@id\":\"https:\/\/www.institutodeengenharia.org.br\/site\/#\/schema\/logo\/image\/\"},\"sameAs\":[\"https:\/\/www.facebook.com\/institutodeengenharia\",\"https:\/\/x.com\/iengenharia\",\"https:\/\/www.instagram.com\/institutodeengenharia\/\",\"https:\/\/www.linkedin.com\/company\/instituto-de-engenharia\/\",\"https:\/\/www.youtube.com\/channel\/UCXiCAlsSMe977vamW915HxA\"]},{\"@type\":\"Person\",\"@id\":\"https:\/\/www.institutodeengenharia.org.br\/site\/#\/schema\/person\/3b1ff109facef084739fc2edcb9a127f\",\"name\":\"TMax Tecnologia\",\"image\":{\"@type\":\"ImageObject\",\"inLanguage\":\"pt-BR\",\"@id\":\"https:\/\/secure.gravatar.com\/avatar\/f912434ef7f389c92cb311fcdae346af848465d638912574b3c669070f797701?s=96&d=mm&r=g\",\"url\":\"https:\/\/secure.gravatar.com\/avatar\/f912434ef7f389c92cb311fcdae346af848465d638912574b3c669070f797701?s=96&d=mm&r=g\",\"contentUrl\":\"https:\/\/secure.gravatar.com\/avatar\/f912434ef7f389c92cb311fcdae346af848465d638912574b3c669070f797701?s=96&d=mm&r=g\",\"caption\":\"TMax Tecnologia\"},\"url\":\"https:\/\/www.institutodeengenharia.org.br\/site\/author\/tmax\/\"}]}<\/script>\n<!-- \/ Yoast SEO plugin. -->","yoast_head_json":{"title":"Consumo consciente atrapalha a economia ? - Instituto de Engenharia","robots":{"index":"index","follow":"follow","max-snippet":"max-snippet:-1","max-image-preview":"max-image-preview:large","max-video-preview":"max-video-preview:-1"},"canonical":"https:\/\/www.institutodeengenharia.org.br\/site\/2016\/06\/14\/consumo-consciente-atrapalha-a-economia\/","og_locale":"pt_BR","og_type":"article","og_title":"Consumo consciente atrapalha a economia ? - Instituto de Engenharia","og_description":"Os artigos publicados com assinatura, n\u00e3o traduzem necessariamente a opini\u00e3o do Instituto de Engenharia. Sua publica\u00e7\u00e3o obedece ao prop\u00f3sito de estimular o debate dos problemas brasileiros e de refletir as diversas tend\u00eancias do pensamento contempor\u00e2neo","og_url":"https:\/\/www.institutodeengenharia.org.br\/site\/2016\/06\/14\/consumo-consciente-atrapalha-a-economia\/","og_site_name":"Instituto de Engenharia","article_publisher":"https:\/\/www.facebook.com\/institutodeengenharia","article_published_time":"2016-06-14T00:36:08+00:00","article_modified_time":"2016-06-14T12:24:00+00:00","author":"TMax Tecnologia","twitter_card":"summary_large_image","twitter_creator":"@iengenharia","twitter_site":"@iengenharia","twitter_misc":{"Escrito por":"TMax Tecnologia","Est. tempo de leitura":"3 minutos"},"schema":{"@context":"https:\/\/schema.org","@graph":[{"@type":"Article","@id":"https:\/\/www.institutodeengenharia.org.br\/site\/2016\/06\/14\/consumo-consciente-atrapalha-a-economia\/#article","isPartOf":{"@id":"https:\/\/www.institutodeengenharia.org.br\/site\/2016\/06\/14\/consumo-consciente-atrapalha-a-economia\/"},"author":{"name":"TMax Tecnologia","@id":"https:\/\/www.institutodeengenharia.org.br\/site\/#\/schema\/person\/3b1ff109facef084739fc2edcb9a127f"},"headline":"Consumo consciente atrapalha a economia ?","datePublished":"2016-06-14T00:36:08+00:00","dateModified":"2016-06-14T12:24:00+00:00","mainEntityOfPage":{"@id":"https:\/\/www.institutodeengenharia.org.br\/site\/2016\/06\/14\/consumo-consciente-atrapalha-a-economia\/"},"wordCount":602,"commentCount":0,"publisher":{"@id":"https:\/\/www.institutodeengenharia.org.br\/site\/#organization"},"articleSection":["Roberto Mangraviti"],"inLanguage":"pt-BR","potentialAction":[{"@type":"CommentAction","name":"Comment","target":["https:\/\/www.institutodeengenharia.org.br\/site\/2016\/06\/14\/consumo-consciente-atrapalha-a-economia\/#respond"]}]},{"@type":"WebPage","@id":"https:\/\/www.institutodeengenharia.org.br\/site\/2016\/06\/14\/consumo-consciente-atrapalha-a-economia\/","url":"https:\/\/www.institutodeengenharia.org.br\/site\/2016\/06\/14\/consumo-consciente-atrapalha-a-economia\/","name":"Consumo consciente atrapalha a economia ? - Instituto de Engenharia","isPartOf":{"@id":"https:\/\/www.institutodeengenharia.org.br\/site\/#website"},"datePublished":"2016-06-14T00:36:08+00:00","dateModified":"2016-06-14T12:24:00+00:00","breadcrumb":{"@id":"https:\/\/www.institutodeengenharia.org.br\/site\/2016\/06\/14\/consumo-consciente-atrapalha-a-economia\/#breadcrumb"},"inLanguage":"pt-BR","potentialAction":[{"@type":"ReadAction","target":["https:\/\/www.institutodeengenharia.org.br\/site\/2016\/06\/14\/consumo-consciente-atrapalha-a-economia\/"]}]},{"@type":"BreadcrumbList","@id":"https:\/\/www.institutodeengenharia.org.br\/site\/2016\/06\/14\/consumo-consciente-atrapalha-a-economia\/#breadcrumb","itemListElement":[{"@type":"ListItem","position":1,"name":"In\u00edcio","item":"https:\/\/www.institutodeengenharia.org.br\/site\/"},{"@type":"ListItem","position":2,"name":"Consumo consciente atrapalha a economia ?"}]},{"@type":"WebSite","@id":"https:\/\/www.institutodeengenharia.org.br\/site\/#website","url":"https:\/\/www.institutodeengenharia.org.br\/site\/","name":"Instituto de Engenharia","description":"O Instituto de Engenharia promove a Engenharia em benef\u00edcio do desenvolvimento e da qualidade de vida da sociedade.","publisher":{"@id":"https:\/\/www.institutodeengenharia.org.br\/site\/#organization"},"potentialAction":[{"@type":"SearchAction","target":{"@type":"EntryPoint","urlTemplate":"https:\/\/www.institutodeengenharia.org.br\/site\/?s={search_term_string}"},"query-input":{"@type":"PropertyValueSpecification","valueRequired":true,"valueName":"search_term_string"}}],"inLanguage":"pt-BR"},{"@type":"Organization","@id":"https:\/\/www.institutodeengenharia.org.br\/site\/#organization","name":"Instituto de Engenharia","url":"https:\/\/www.institutodeengenharia.org.br\/site\/","logo":{"@type":"ImageObject","inLanguage":"pt-BR","@id":"https:\/\/www.institutodeengenharia.org.br\/site\/#\/schema\/logo\/image\/","url":"https:\/\/www.institutodeengenharia.org.br\/site\/wp-content\/uploads\/2019\/03\/logo-novo-IE2018-1.jpg","contentUrl":"https:\/\/www.institutodeengenharia.org.br\/site\/wp-content\/uploads\/2019\/03\/logo-novo-IE2018-1.jpg","width":1486,"height":1879,"caption":"Instituto de Engenharia"},"image":{"@id":"https:\/\/www.institutodeengenharia.org.br\/site\/#\/schema\/logo\/image\/"},"sameAs":["https:\/\/www.facebook.com\/institutodeengenharia","https:\/\/x.com\/iengenharia","https:\/\/www.instagram.com\/institutodeengenharia\/","https:\/\/www.linkedin.com\/company\/instituto-de-engenharia\/","https:\/\/www.youtube.com\/channel\/UCXiCAlsSMe977vamW915HxA"]},{"@type":"Person","@id":"https:\/\/www.institutodeengenharia.org.br\/site\/#\/schema\/person\/3b1ff109facef084739fc2edcb9a127f","name":"TMax Tecnologia","image":{"@type":"ImageObject","inLanguage":"pt-BR","@id":"https:\/\/secure.gravatar.com\/avatar\/f912434ef7f389c92cb311fcdae346af848465d638912574b3c669070f797701?s=96&d=mm&r=g","url":"https:\/\/secure.gravatar.com\/avatar\/f912434ef7f389c92cb311fcdae346af848465d638912574b3c669070f797701?s=96&d=mm&r=g","contentUrl":"https:\/\/secure.gravatar.com\/avatar\/f912434ef7f389c92cb311fcdae346af848465d638912574b3c669070f797701?s=96&d=mm&r=g","caption":"TMax Tecnologia"},"url":"https:\/\/www.institutodeengenharia.org.br\/site\/author\/tmax\/"}]}},"_links":{"self":[{"href":"https:\/\/www.institutodeengenharia.org.br\/site\/wp-json\/wp\/v2\/posts\/26786","targetHints":{"allow":["GET"]}}],"collection":[{"href":"https:\/\/www.institutodeengenharia.org.br\/site\/wp-json\/wp\/v2\/posts"}],"about":[{"href":"https:\/\/www.institutodeengenharia.org.br\/site\/wp-json\/wp\/v2\/types\/post"}],"author":[{"embeddable":true,"href":"https:\/\/www.institutodeengenharia.org.br\/site\/wp-json\/wp\/v2\/users\/1"}],"replies":[{"embeddable":true,"href":"https:\/\/www.institutodeengenharia.org.br\/site\/wp-json\/wp\/v2\/comments?post=26786"}],"version-history":[{"count":0,"href":"https:\/\/www.institutodeengenharia.org.br\/site\/wp-json\/wp\/v2\/posts\/26786\/revisions"}],"wp:attachment":[{"href":"https:\/\/www.institutodeengenharia.org.br\/site\/wp-json\/wp\/v2\/media?parent=26786"}],"wp:term":[{"taxonomy":"category","embeddable":true,"href":"https:\/\/www.institutodeengenharia.org.br\/site\/wp-json\/wp\/v2\/categories?post=26786"},{"taxonomy":"post_tag","embeddable":true,"href":"https:\/\/www.institutodeengenharia.org.br\/site\/wp-json\/wp\/v2\/tags?post=26786"}],"curies":[{"name":"wp","href":"https:\/\/api.w.org\/{rel}","templated":true}]}}