{"id":26678,"date":"2016-04-25T00:34:37","date_gmt":"2016-04-25T00:34:37","guid":{"rendered":"https:\/\/www.institutodeengenharia.org.br\/?p=26678"},"modified":"2016-04-25T12:07:46","modified_gmt":"2016-04-25T12:07:46","slug":"pessoas-grandiosas-sao-maiores-que-os-cargos-que-ocupam","status":"publish","type":"post","link":"https:\/\/www.institutodeengenharia.org.br\/site\/2016\/04\/25\/pessoas-grandiosas-sao-maiores-que-os-cargos-que-ocupam\/","title":{"rendered":"Pessoas grandiosas s\u00e3o maiores que os cargos que ocupam"},"content":{"rendered":"<p>O apego, em todos os campos da exist\u00eancia, \u00e9 uma doen\u00e7a que prejudica o surgimento de novas ideias e os avan\u00e7os na gest\u00e3o. O ser humano \u201cpequeno\u201d \u00e9 \u201capegado\u201c ao seu cargo, destruindo o surgimento de novas oportunidades de interesse geral, para preservar o seu interesse individual.&nbsp;<\/p>\n<p>Estes profissionais doentes, possuem um \u201cDNA\u201d bem caracter\u00edstico: inseguran\u00e7a, arrog\u00e2ncia, prepot\u00eancia, caracter\u00edsticas absolutamente vis\u00edveis (para quem quer ver) na sua postura profissional. E por \u00faltimo, uma falsidade ideol\u00f3gica, esta \u00faltima naturalmente, dissimulada.&nbsp;<\/p>\n<p>Lembremos de Nelson Mandela, e tente enxergar algum tipo de apego ao seu cargo de Presidente da \u00c1frica do Sul? Formado em direito, o primeiro presidente negro sul africano exerceu o cargo entre 1994\/1999, afastando-se em seguida do poder para entrar para hist\u00f3ria, atrav\u00e9s da dedica\u00e7\u00e3o verdadeira \u00e0s causas sociais. Sua morte em 2013 atraiu personalidades do mundo inteiro, independente, de credo, cor, ra\u00e7a ou religi\u00e3o, por um \u00fanico motivo: ele era um homem verdadeiro, pois suas a\u00e7\u00f5es referendavam seu discurso.&nbsp;<\/p>\n<p>Em suma, o cargo de presidente da \u00c1frica do Sul, era menor que o personagem Nelson Mandela, e n\u00e3o o inverso.&nbsp;<\/p>\n<p>No mundo empresarial e t\u00e9cnico, possu\u00edmos tamb\u00e9m grandes exemplos onde o personagem \u00e9 maior que o cargo, desprezando r\u00f3tulos.&nbsp;<\/p>\n<p>Peter Drucker, (Viena 1909\/ Claremont-EUA 2005) escritor, professor, consultor de grandes empresas e considerado como o pai da administra\u00e7\u00e3o moderna, \u00e9 reconhecido como um dos maiores pensadores sobre os efeitos da globaliza\u00e7\u00e3o na economia. Qual destas faces de Drucker \u00e9 a mais reverenciada? TODAS, pois o personagem \u00e9 maior que os cargos que ocupou e n\u00e3o o inverso, como muitas vezes vemos no Brasil, onde \u201cestar\u201d num cargo \u00e9 uma \u201cprofiss\u00e3o\u201d. Estes profissionais mal resolvidos no Brasil, extrapolam sua \u00e1rea de atua\u00e7\u00e3o no campo de sobreviv\u00eancia, e as vezes revestem-se da alcunha de \u201cintelectuais\u201d. Ningu\u00e9m ousaria classificar Drucker de \u201cintelectual\u201d (mesmo tendo centenas de frases maravilhosas, hoje patrim\u00f4nio da humanidade). J\u00e1 no Brasil, um grande cantor ou compositor, torna-se refer\u00eancia \u201cintelectual\u201d muito al\u00e9m do seu campo produtivo. Por qual motivo, ser um grande artista seja pr\u00e9-qualifica\u00e7\u00e3o, que o habilite a ser um entendido de pol\u00edtica ou macroeconomia? Estranhamento no Brasil, isto \u00e9 corriqueiro. Parecem que essas pessoas precisam sobreviver pela \u201cimagem\u201d vendida, pois o \u201dpersonagem\u201d n\u00e3o mais se sustenta, e utilizam a m\u00eddia dando opini\u00f5es tecnicamente irrelevantes, pois n\u00e3o s\u00e3o agentes econ\u00f4micos das \u00e1reas em que opinam. Como cidad\u00e3o, estes personagens possuem sim o direito de manifestar suas opini\u00f5es. Mas o fazem como se fossem professor de Macro Economia de Harvard, somente porque s\u00e3o bons atores ou m\u00fasicos.&nbsp;<\/p>\n<p>Temos como exemplo a reverenciar, o ex-ministro da fazenda M\u00e1rio Henrique Simonsen (1935\/1997), um homem a frente de seu tempo. Engenheiro civil, e economista brilhante, possu\u00eda uma intelig\u00eancia que lhe permitia jogar xadrez com 20 advers\u00e1rios simultaneamente. Simonsen ainda <br \/>\ndedicava-se \u00e0 musica erudita e principalmente \u00e0 \u00f3pera cl\u00e1ssica, e seu conhecimento \u201cextracurricular\u201d o habilitava a ser um articulista da Revista Veja, para se\u00e7\u00e3o de Cultura. Contudo este imenso profissional, n\u00e3o ostentava o apelido de \u201cintelectual\u201d, pois era simplesmente o Sr. M\u00e1rio Henrique Simonsen, um personagem a frente dos cargos transit\u00f3rios. Verdadeiramente o \u201ccara\u201d.&nbsp;<\/p>\n<p>Portanto, soa um tanto falso estas defini\u00e7\u00f5es ou utiliza\u00e7\u00e3o de cargos por lideran\u00e7as empresariais ou em qualquer \u00e1rea de atua\u00e7\u00e3o, que precisam se apegar ao cargo, para justificar quem s\u00e3o, quando deveria ser o inverso.&nbsp;<\/p>\n<p>Quando um profissional \u00e9 senhor de si e de suas qualidades, n\u00e3o vocifera para dar ordens ou em pronunciamentos p\u00fablicos (arrog\u00e2ncia); n\u00e3o se compara a \u00edcones da hist\u00f3ria mundial (prepot\u00eancia); n\u00e3o valoriza suas conquistas (inseguran\u00e7a) pois elas s\u00e3o frutos da sociedade a que pertence ao inv\u00e9s de conquistas pessoais(orgulho). Por conseguinte, estas posturas doentes, s\u00e3o fotos de um \u00e1lbum de figurinhas amarrotadas e emboloradas, constru\u00eddas atrav\u00e9s da falsidade ideol\u00f3gica.&nbsp;<\/p>\n<p>Desta forma caro leitor, afaste estes profissionais dos seus empreendimentos e neg\u00f3cios. Pois o verdadeiro l\u00edder, \u00e9 ciente de suas qualidades e seguro de suas fun\u00e7\u00f5es, n\u00e3o temendo perder o emprego, e muito menos possuindo qualquer tipo de apego ao cargo transit\u00f3rio que ocupa. <br \/>\nLeve grandes desafios a um Drucker ou a um Mandela, que eles saber\u00e3o solucionar. Caso n\u00e3o saibam, pedir\u00e3o ajuda, pois s\u00e3o humildes. E se mesmo assim n\u00e3o obtiverem \u00eaxito na solu\u00e7\u00e3o, abrir\u00e3o espa\u00e7o e abdicar\u00e3o do posto, pois s\u00e3o pessoas maiores que o cargo que ocupam. <\/p>\n","protected":false},"excerpt":{"rendered":"<p>Os artigos publicados com assinatura, n\u00e3o traduzem necessariamente a opini\u00e3o do Instituto de Engenharia. Sua publica\u00e7\u00e3o obedece ao prop\u00f3sito de estimular o debate dos problemas brasileiros e de refletir as diversas tend\u00eancias do pensamento contempor\u00e2neo<\/p>\n","protected":false},"author":1,"featured_media":0,"comment_status":"open","ping_status":"open","sticky":false,"template":"","format":"standard","meta":{"footnotes":""},"categories":[107],"tags":[],"class_list":{"0":"post-26678","1":"post","2":"type-post","3":"status-publish","4":"format-standard","6":"category-roberto-mangraviti"},"yoast_head":"<!-- This site is optimized with the Yoast SEO plugin v27.2 - https:\/\/yoast.com\/product\/yoast-seo-wordpress\/ -->\n<title>Pessoas grandiosas s\u00e3o maiores que os cargos que ocupam - Instituto de Engenharia<\/title>\n<meta name=\"robots\" content=\"index, follow, max-snippet:-1, max-image-preview:large, max-video-preview:-1\" \/>\n<link rel=\"canonical\" href=\"https:\/\/www.institutodeengenharia.org.br\/site\/2016\/04\/25\/pessoas-grandiosas-sao-maiores-que-os-cargos-que-ocupam\/\" \/>\n<meta property=\"og:locale\" content=\"pt_BR\" \/>\n<meta property=\"og:type\" content=\"article\" \/>\n<meta property=\"og:title\" content=\"Pessoas grandiosas s\u00e3o maiores que os cargos que ocupam - Instituto de Engenharia\" \/>\n<meta property=\"og:description\" content=\"Os artigos publicados com assinatura, n\u00e3o traduzem necessariamente a opini\u00e3o do Instituto de Engenharia. Sua publica\u00e7\u00e3o obedece ao prop\u00f3sito de estimular o debate dos problemas brasileiros e de refletir as diversas tend\u00eancias do pensamento contempor\u00e2neo\" \/>\n<meta property=\"og:url\" content=\"https:\/\/www.institutodeengenharia.org.br\/site\/2016\/04\/25\/pessoas-grandiosas-sao-maiores-que-os-cargos-que-ocupam\/\" \/>\n<meta property=\"og:site_name\" content=\"Instituto de Engenharia\" \/>\n<meta property=\"article:publisher\" content=\"https:\/\/www.facebook.com\/institutodeengenharia\" \/>\n<meta property=\"article:published_time\" content=\"2016-04-25T00:34:37+00:00\" \/>\n<meta property=\"article:modified_time\" content=\"2016-04-25T12:07:46+00:00\" \/>\n<meta name=\"author\" content=\"TMax Tecnologia\" \/>\n<meta name=\"twitter:card\" content=\"summary_large_image\" \/>\n<meta name=\"twitter:creator\" content=\"@iengenharia\" \/>\n<meta name=\"twitter:site\" content=\"@iengenharia\" \/>\n<meta name=\"twitter:label1\" content=\"Escrito por\" \/>\n\t<meta name=\"twitter:data1\" content=\"TMax Tecnologia\" \/>\n\t<meta name=\"twitter:label2\" content=\"Est. tempo de leitura\" \/>\n\t<meta name=\"twitter:data2\" content=\"4 minutos\" \/>\n<script type=\"application\/ld+json\" class=\"yoast-schema-graph\">{\"@context\":\"https:\/\/schema.org\",\"@graph\":[{\"@type\":\"Article\",\"@id\":\"https:\/\/www.institutodeengenharia.org.br\/site\/2016\/04\/25\/pessoas-grandiosas-sao-maiores-que-os-cargos-que-ocupam\/#article\",\"isPartOf\":{\"@id\":\"https:\/\/www.institutodeengenharia.org.br\/site\/2016\/04\/25\/pessoas-grandiosas-sao-maiores-que-os-cargos-que-ocupam\/\"},\"author\":{\"name\":\"TMax Tecnologia\",\"@id\":\"https:\/\/www.institutodeengenharia.org.br\/site\/#\/schema\/person\/3b1ff109facef084739fc2edcb9a127f\"},\"headline\":\"Pessoas grandiosas s\u00e3o maiores que os cargos que ocupam\",\"datePublished\":\"2016-04-25T00:34:37+00:00\",\"dateModified\":\"2016-04-25T12:07:46+00:00\",\"mainEntityOfPage\":{\"@id\":\"https:\/\/www.institutodeengenharia.org.br\/site\/2016\/04\/25\/pessoas-grandiosas-sao-maiores-que-os-cargos-que-ocupam\/\"},\"wordCount\":795,\"commentCount\":0,\"publisher\":{\"@id\":\"https:\/\/www.institutodeengenharia.org.br\/site\/#organization\"},\"articleSection\":[\"Roberto Mangraviti\"],\"inLanguage\":\"pt-BR\",\"potentialAction\":[{\"@type\":\"CommentAction\",\"name\":\"Comment\",\"target\":[\"https:\/\/www.institutodeengenharia.org.br\/site\/2016\/04\/25\/pessoas-grandiosas-sao-maiores-que-os-cargos-que-ocupam\/#respond\"]}]},{\"@type\":\"WebPage\",\"@id\":\"https:\/\/www.institutodeengenharia.org.br\/site\/2016\/04\/25\/pessoas-grandiosas-sao-maiores-que-os-cargos-que-ocupam\/\",\"url\":\"https:\/\/www.institutodeengenharia.org.br\/site\/2016\/04\/25\/pessoas-grandiosas-sao-maiores-que-os-cargos-que-ocupam\/\",\"name\":\"Pessoas grandiosas s\u00e3o maiores que os cargos que ocupam - Instituto de Engenharia\",\"isPartOf\":{\"@id\":\"https:\/\/www.institutodeengenharia.org.br\/site\/#website\"},\"datePublished\":\"2016-04-25T00:34:37+00:00\",\"dateModified\":\"2016-04-25T12:07:46+00:00\",\"breadcrumb\":{\"@id\":\"https:\/\/www.institutodeengenharia.org.br\/site\/2016\/04\/25\/pessoas-grandiosas-sao-maiores-que-os-cargos-que-ocupam\/#breadcrumb\"},\"inLanguage\":\"pt-BR\",\"potentialAction\":[{\"@type\":\"ReadAction\",\"target\":[\"https:\/\/www.institutodeengenharia.org.br\/site\/2016\/04\/25\/pessoas-grandiosas-sao-maiores-que-os-cargos-que-ocupam\/\"]}]},{\"@type\":\"BreadcrumbList\",\"@id\":\"https:\/\/www.institutodeengenharia.org.br\/site\/2016\/04\/25\/pessoas-grandiosas-sao-maiores-que-os-cargos-que-ocupam\/#breadcrumb\",\"itemListElement\":[{\"@type\":\"ListItem\",\"position\":1,\"name\":\"In\u00edcio\",\"item\":\"https:\/\/www.institutodeengenharia.org.br\/site\/\"},{\"@type\":\"ListItem\",\"position\":2,\"name\":\"Pessoas grandiosas s\u00e3o maiores que os cargos que ocupam\"}]},{\"@type\":\"WebSite\",\"@id\":\"https:\/\/www.institutodeengenharia.org.br\/site\/#website\",\"url\":\"https:\/\/www.institutodeengenharia.org.br\/site\/\",\"name\":\"Instituto de Engenharia\",\"description\":\"O Instituto de Engenharia promove a Engenharia em benef\u00edcio do desenvolvimento e da qualidade de vida da sociedade.\",\"publisher\":{\"@id\":\"https:\/\/www.institutodeengenharia.org.br\/site\/#organization\"},\"potentialAction\":[{\"@type\":\"SearchAction\",\"target\":{\"@type\":\"EntryPoint\",\"urlTemplate\":\"https:\/\/www.institutodeengenharia.org.br\/site\/?s={search_term_string}\"},\"query-input\":{\"@type\":\"PropertyValueSpecification\",\"valueRequired\":true,\"valueName\":\"search_term_string\"}}],\"inLanguage\":\"pt-BR\"},{\"@type\":\"Organization\",\"@id\":\"https:\/\/www.institutodeengenharia.org.br\/site\/#organization\",\"name\":\"Instituto de Engenharia\",\"url\":\"https:\/\/www.institutodeengenharia.org.br\/site\/\",\"logo\":{\"@type\":\"ImageObject\",\"inLanguage\":\"pt-BR\",\"@id\":\"https:\/\/www.institutodeengenharia.org.br\/site\/#\/schema\/logo\/image\/\",\"url\":\"https:\/\/www.institutodeengenharia.org.br\/site\/wp-content\/uploads\/2019\/03\/logo-novo-IE2018-1.jpg\",\"contentUrl\":\"https:\/\/www.institutodeengenharia.org.br\/site\/wp-content\/uploads\/2019\/03\/logo-novo-IE2018-1.jpg\",\"width\":1486,\"height\":1879,\"caption\":\"Instituto de Engenharia\"},\"image\":{\"@id\":\"https:\/\/www.institutodeengenharia.org.br\/site\/#\/schema\/logo\/image\/\"},\"sameAs\":[\"https:\/\/www.facebook.com\/institutodeengenharia\",\"https:\/\/x.com\/iengenharia\",\"https:\/\/www.instagram.com\/institutodeengenharia\/\",\"https:\/\/www.linkedin.com\/company\/instituto-de-engenharia\/\",\"https:\/\/www.youtube.com\/channel\/UCXiCAlsSMe977vamW915HxA\"]},{\"@type\":\"Person\",\"@id\":\"https:\/\/www.institutodeengenharia.org.br\/site\/#\/schema\/person\/3b1ff109facef084739fc2edcb9a127f\",\"name\":\"TMax Tecnologia\",\"image\":{\"@type\":\"ImageObject\",\"inLanguage\":\"pt-BR\",\"@id\":\"https:\/\/secure.gravatar.com\/avatar\/f912434ef7f389c92cb311fcdae346af848465d638912574b3c669070f797701?s=96&d=mm&r=g\",\"url\":\"https:\/\/secure.gravatar.com\/avatar\/f912434ef7f389c92cb311fcdae346af848465d638912574b3c669070f797701?s=96&d=mm&r=g\",\"contentUrl\":\"https:\/\/secure.gravatar.com\/avatar\/f912434ef7f389c92cb311fcdae346af848465d638912574b3c669070f797701?s=96&d=mm&r=g\",\"caption\":\"TMax Tecnologia\"},\"url\":\"https:\/\/www.institutodeengenharia.org.br\/site\/author\/tmax\/\"}]}<\/script>\n<!-- \/ Yoast SEO plugin. -->","yoast_head_json":{"title":"Pessoas grandiosas s\u00e3o maiores que os cargos que ocupam - Instituto de Engenharia","robots":{"index":"index","follow":"follow","max-snippet":"max-snippet:-1","max-image-preview":"max-image-preview:large","max-video-preview":"max-video-preview:-1"},"canonical":"https:\/\/www.institutodeengenharia.org.br\/site\/2016\/04\/25\/pessoas-grandiosas-sao-maiores-que-os-cargos-que-ocupam\/","og_locale":"pt_BR","og_type":"article","og_title":"Pessoas grandiosas s\u00e3o maiores que os cargos que ocupam - Instituto de Engenharia","og_description":"Os artigos publicados com assinatura, n\u00e3o traduzem necessariamente a opini\u00e3o do Instituto de Engenharia. Sua publica\u00e7\u00e3o obedece ao prop\u00f3sito de estimular o debate dos problemas brasileiros e de refletir as diversas tend\u00eancias do pensamento contempor\u00e2neo","og_url":"https:\/\/www.institutodeengenharia.org.br\/site\/2016\/04\/25\/pessoas-grandiosas-sao-maiores-que-os-cargos-que-ocupam\/","og_site_name":"Instituto de Engenharia","article_publisher":"https:\/\/www.facebook.com\/institutodeengenharia","article_published_time":"2016-04-25T00:34:37+00:00","article_modified_time":"2016-04-25T12:07:46+00:00","author":"TMax Tecnologia","twitter_card":"summary_large_image","twitter_creator":"@iengenharia","twitter_site":"@iengenharia","twitter_misc":{"Escrito por":"TMax Tecnologia","Est. tempo de leitura":"4 minutos"},"schema":{"@context":"https:\/\/schema.org","@graph":[{"@type":"Article","@id":"https:\/\/www.institutodeengenharia.org.br\/site\/2016\/04\/25\/pessoas-grandiosas-sao-maiores-que-os-cargos-que-ocupam\/#article","isPartOf":{"@id":"https:\/\/www.institutodeengenharia.org.br\/site\/2016\/04\/25\/pessoas-grandiosas-sao-maiores-que-os-cargos-que-ocupam\/"},"author":{"name":"TMax Tecnologia","@id":"https:\/\/www.institutodeengenharia.org.br\/site\/#\/schema\/person\/3b1ff109facef084739fc2edcb9a127f"},"headline":"Pessoas grandiosas s\u00e3o maiores que os cargos que ocupam","datePublished":"2016-04-25T00:34:37+00:00","dateModified":"2016-04-25T12:07:46+00:00","mainEntityOfPage":{"@id":"https:\/\/www.institutodeengenharia.org.br\/site\/2016\/04\/25\/pessoas-grandiosas-sao-maiores-que-os-cargos-que-ocupam\/"},"wordCount":795,"commentCount":0,"publisher":{"@id":"https:\/\/www.institutodeengenharia.org.br\/site\/#organization"},"articleSection":["Roberto Mangraviti"],"inLanguage":"pt-BR","potentialAction":[{"@type":"CommentAction","name":"Comment","target":["https:\/\/www.institutodeengenharia.org.br\/site\/2016\/04\/25\/pessoas-grandiosas-sao-maiores-que-os-cargos-que-ocupam\/#respond"]}]},{"@type":"WebPage","@id":"https:\/\/www.institutodeengenharia.org.br\/site\/2016\/04\/25\/pessoas-grandiosas-sao-maiores-que-os-cargos-que-ocupam\/","url":"https:\/\/www.institutodeengenharia.org.br\/site\/2016\/04\/25\/pessoas-grandiosas-sao-maiores-que-os-cargos-que-ocupam\/","name":"Pessoas grandiosas s\u00e3o maiores que os cargos que ocupam - Instituto de Engenharia","isPartOf":{"@id":"https:\/\/www.institutodeengenharia.org.br\/site\/#website"},"datePublished":"2016-04-25T00:34:37+00:00","dateModified":"2016-04-25T12:07:46+00:00","breadcrumb":{"@id":"https:\/\/www.institutodeengenharia.org.br\/site\/2016\/04\/25\/pessoas-grandiosas-sao-maiores-que-os-cargos-que-ocupam\/#breadcrumb"},"inLanguage":"pt-BR","potentialAction":[{"@type":"ReadAction","target":["https:\/\/www.institutodeengenharia.org.br\/site\/2016\/04\/25\/pessoas-grandiosas-sao-maiores-que-os-cargos-que-ocupam\/"]}]},{"@type":"BreadcrumbList","@id":"https:\/\/www.institutodeengenharia.org.br\/site\/2016\/04\/25\/pessoas-grandiosas-sao-maiores-que-os-cargos-que-ocupam\/#breadcrumb","itemListElement":[{"@type":"ListItem","position":1,"name":"In\u00edcio","item":"https:\/\/www.institutodeengenharia.org.br\/site\/"},{"@type":"ListItem","position":2,"name":"Pessoas grandiosas s\u00e3o maiores que os cargos que ocupam"}]},{"@type":"WebSite","@id":"https:\/\/www.institutodeengenharia.org.br\/site\/#website","url":"https:\/\/www.institutodeengenharia.org.br\/site\/","name":"Instituto de Engenharia","description":"O Instituto de Engenharia promove a Engenharia em benef\u00edcio do desenvolvimento e da qualidade de vida da sociedade.","publisher":{"@id":"https:\/\/www.institutodeengenharia.org.br\/site\/#organization"},"potentialAction":[{"@type":"SearchAction","target":{"@type":"EntryPoint","urlTemplate":"https:\/\/www.institutodeengenharia.org.br\/site\/?s={search_term_string}"},"query-input":{"@type":"PropertyValueSpecification","valueRequired":true,"valueName":"search_term_string"}}],"inLanguage":"pt-BR"},{"@type":"Organization","@id":"https:\/\/www.institutodeengenharia.org.br\/site\/#organization","name":"Instituto de Engenharia","url":"https:\/\/www.institutodeengenharia.org.br\/site\/","logo":{"@type":"ImageObject","inLanguage":"pt-BR","@id":"https:\/\/www.institutodeengenharia.org.br\/site\/#\/schema\/logo\/image\/","url":"https:\/\/www.institutodeengenharia.org.br\/site\/wp-content\/uploads\/2019\/03\/logo-novo-IE2018-1.jpg","contentUrl":"https:\/\/www.institutodeengenharia.org.br\/site\/wp-content\/uploads\/2019\/03\/logo-novo-IE2018-1.jpg","width":1486,"height":1879,"caption":"Instituto de Engenharia"},"image":{"@id":"https:\/\/www.institutodeengenharia.org.br\/site\/#\/schema\/logo\/image\/"},"sameAs":["https:\/\/www.facebook.com\/institutodeengenharia","https:\/\/x.com\/iengenharia","https:\/\/www.instagram.com\/institutodeengenharia\/","https:\/\/www.linkedin.com\/company\/instituto-de-engenharia\/","https:\/\/www.youtube.com\/channel\/UCXiCAlsSMe977vamW915HxA"]},{"@type":"Person","@id":"https:\/\/www.institutodeengenharia.org.br\/site\/#\/schema\/person\/3b1ff109facef084739fc2edcb9a127f","name":"TMax Tecnologia","image":{"@type":"ImageObject","inLanguage":"pt-BR","@id":"https:\/\/secure.gravatar.com\/avatar\/f912434ef7f389c92cb311fcdae346af848465d638912574b3c669070f797701?s=96&d=mm&r=g","url":"https:\/\/secure.gravatar.com\/avatar\/f912434ef7f389c92cb311fcdae346af848465d638912574b3c669070f797701?s=96&d=mm&r=g","contentUrl":"https:\/\/secure.gravatar.com\/avatar\/f912434ef7f389c92cb311fcdae346af848465d638912574b3c669070f797701?s=96&d=mm&r=g","caption":"TMax Tecnologia"},"url":"https:\/\/www.institutodeengenharia.org.br\/site\/author\/tmax\/"}]}},"_links":{"self":[{"href":"https:\/\/www.institutodeengenharia.org.br\/site\/wp-json\/wp\/v2\/posts\/26678","targetHints":{"allow":["GET"]}}],"collection":[{"href":"https:\/\/www.institutodeengenharia.org.br\/site\/wp-json\/wp\/v2\/posts"}],"about":[{"href":"https:\/\/www.institutodeengenharia.org.br\/site\/wp-json\/wp\/v2\/types\/post"}],"author":[{"embeddable":true,"href":"https:\/\/www.institutodeengenharia.org.br\/site\/wp-json\/wp\/v2\/users\/1"}],"replies":[{"embeddable":true,"href":"https:\/\/www.institutodeengenharia.org.br\/site\/wp-json\/wp\/v2\/comments?post=26678"}],"version-history":[{"count":0,"href":"https:\/\/www.institutodeengenharia.org.br\/site\/wp-json\/wp\/v2\/posts\/26678\/revisions"}],"wp:attachment":[{"href":"https:\/\/www.institutodeengenharia.org.br\/site\/wp-json\/wp\/v2\/media?parent=26678"}],"wp:term":[{"taxonomy":"category","embeddable":true,"href":"https:\/\/www.institutodeengenharia.org.br\/site\/wp-json\/wp\/v2\/categories?post=26678"},{"taxonomy":"post_tag","embeddable":true,"href":"https:\/\/www.institutodeengenharia.org.br\/site\/wp-json\/wp\/v2\/tags?post=26678"}],"curies":[{"name":"wp","href":"https:\/\/api.w.org\/{rel}","templated":true}]}}