{"id":26242,"date":"2015-12-07T00:28:50","date_gmt":"2015-12-07T00:28:50","guid":{"rendered":"https:\/\/www.institutodeengenharia.org.br\/?p=26242"},"modified":"2015-12-07T16:56:59","modified_gmt":"2015-12-07T16:56:59","slug":"inteligencia-social-e-a-diversidade","status":"publish","type":"post","link":"https:\/\/www.institutodeengenharia.org.br\/site\/2015\/12\/07\/inteligencia-social-e-a-diversidade\/","title":{"rendered":"Intelig\u00eancia Social e a  diversidade"},"content":{"rendered":"<p>Os modelos de avalia\u00e7\u00e3o nas \u00e1reas de recursos humanos no final do s\u00e9culo passado (que agora parece distante uma eternidade) estavam ancorados em 2 pilares b\u00e1sicos: a intelig\u00eancia emocional e a intelig\u00eancia racional.&nbsp;<\/p>\n<p>Dizia-se que um funcion\u00e1rio (utilizando o termo da \u00e9poca) estava devidamente preparado, sendo considerado equilibrado e eficiente, quando apresentava um bom \u00edndice m\u00e9dio de ambas qualifica\u00e7\u00f5es. Havia inclusive um sentimento negativo, quando uma destas \u201cintelig\u00eancias\u201d se sobrepunha em demasia sobre a outra, pois com alguma raz\u00e3o entendia-se que o fulano era por demais racional em detrimento da sua percep\u00e7\u00e3o emocional, ou vice-versa.&nbsp;<\/p>\n<p>Este tema j\u00e1 se mostra um tanto quanto ultrapassado com o advento da intelig\u00eancia social, que se encontra no centro da antiga dicotomia emocional\/racional.&nbsp;<\/p>\n<p>O ser que possui intelig\u00eancia social, est\u00e1 antenado nas tend\u00eancias comportamentais da sociedade, independente de sexo, ra\u00e7a ou religi\u00e3o. \u00c9 um profissional que interage em qualquer ambiente, adaptando-se facilmente ao grupo de trabalho at\u00e9 porque n\u00e3o \u00e9 mais um \u201cfuncion\u00e1rio\u201d mas um colaborador, por vezes a dist\u00e2ncia, trabalhando em home-office at\u00e9 em outro pa\u00eds.&nbsp;<\/p>\n<p>Possui um perfil criativo e colaborativo, desprovido de preconceito, com vis\u00e3o global e multidisciplinar. <br \/>\nPudera, se consideramos que em 2020 teremos 5 bilh\u00f5es de seres humanos interligados pela internet, sendo que hoje o Facebook \u00e9 \u201cterceiro pa\u00eds do mundo em popula\u00e7\u00e3o\u201d , perdendo somente para China e \u00cdndia, como imaginar um ser humano sobrevivendo sem intelig\u00eancia social ?&nbsp;<\/p>\n<p>Esta caracter\u00edstica humana que vai se tornando muito comum nos dias de hoje, abrir\u00e3o muitas fronteiras para novos neg\u00f3cios para quem estiver atento.&nbsp;<\/p>\n<p>Os norte americanos h\u00e1 tempos se aperceberam desta din\u00e2mica, investindo em ambientes de neg\u00f3cios que acolhem a pessoa com defici\u00eancia (Pcd).&nbsp;<\/p>\n<p>Calcula-se que o 1,5% do PIB norte americano esteja nesta esfera de participa\u00e7\u00e3o. Isto significa um impacto de U$$ 0,3 trilh\u00e3o de d\u00f3lares norte americanos, mais do que muito pibinho mundo afora.&nbsp;<\/p>\n<p>Para tal sucesso investiu-se em ajustes arquitet\u00f4nicos como rampas para cadeirantes e sanit\u00e1rios adequados em rede hoteleira e restaurantes , al\u00e9m de comunica\u00e7\u00e3o em braile entre outros fatores, que levaram as taxas de ocupa\u00e7\u00e3o m\u00e9dia subirem para 70% nestes nichos de neg\u00f3cios. At\u00e9 porque uma pessoa Pcd arrasta 3,5 consumidores em m\u00e9dia (familiares e amigos) quando uma pra\u00e7a de consumo apresenta condi\u00e7\u00f5es democr\u00e1ticas a todos envolvidos e resultando por fim na fideliza\u00e7\u00e3o de clientes, sendo ou n\u00e3o pcd, pelos motivos \u00f3bvios.&nbsp;<\/p>\n<p>Portanto esta vis\u00e3o n\u00e3o \u00e9 simplesmente racional ou emocional, mas social e hol\u00edstica &#8230; onde o olhar diverso vai muito al\u00e9m de prestar um aparente \u201cfavorzinho\u201d \u00e0 uma pessoa Pcd.&nbsp;<\/p>\n<p>Nada melhor para classificar esta vis\u00e3o, tomando a declara\u00e7\u00e3o que nos foi dada pelo Dr. S\u00e9rgio Felipe de Oliveira, que classifica de maneira brilhante este racioc\u00ednio : \u201cA intelig\u00eancia s\u00f3 se torna l\u00facida quando a informa\u00e7\u00e3o \u00e9 transformada em a\u00e7\u00e3o do bem\u201d&nbsp;<\/p>\n<p>E a sua empresa, como est\u00e1 enxergando este novo momento? <\/p>\n","protected":false},"excerpt":{"rendered":"<p>Os artigos publicados com assinatura, n\u00e3o traduzem necessariamente a opini\u00e3o do Instituto de Engenharia. Sua publica\u00e7\u00e3o obedece ao prop\u00f3sito de estimular o debate dos problemas brasileiros e de refletir as diversas tend\u00eancias do pensamento contempor\u00e2neo<\/p>\n","protected":false},"author":1,"featured_media":0,"comment_status":"open","ping_status":"open","sticky":false,"template":"","format":"standard","meta":{"footnotes":""},"categories":[107],"tags":[],"class_list":{"0":"post-26242","1":"post","2":"type-post","3":"status-publish","4":"format-standard","6":"category-roberto-mangraviti"},"yoast_head":"<!-- This site is optimized with the Yoast SEO plugin v27.2 - https:\/\/yoast.com\/product\/yoast-seo-wordpress\/ -->\n<title>Intelig\u00eancia Social e a diversidade - Instituto de Engenharia<\/title>\n<meta name=\"robots\" content=\"index, follow, max-snippet:-1, max-image-preview:large, max-video-preview:-1\" \/>\n<link rel=\"canonical\" href=\"https:\/\/www.institutodeengenharia.org.br\/site\/2015\/12\/07\/inteligencia-social-e-a-diversidade\/\" \/>\n<meta property=\"og:locale\" content=\"pt_BR\" \/>\n<meta property=\"og:type\" content=\"article\" \/>\n<meta property=\"og:title\" content=\"Intelig\u00eancia Social e a diversidade - Instituto de Engenharia\" \/>\n<meta property=\"og:description\" content=\"Os artigos publicados com assinatura, n\u00e3o traduzem necessariamente a opini\u00e3o do Instituto de Engenharia. Sua publica\u00e7\u00e3o obedece ao prop\u00f3sito de estimular o debate dos problemas brasileiros e de refletir as diversas tend\u00eancias do pensamento contempor\u00e2neo\" \/>\n<meta property=\"og:url\" content=\"https:\/\/www.institutodeengenharia.org.br\/site\/2015\/12\/07\/inteligencia-social-e-a-diversidade\/\" \/>\n<meta property=\"og:site_name\" content=\"Instituto de Engenharia\" \/>\n<meta property=\"article:publisher\" content=\"https:\/\/www.facebook.com\/institutodeengenharia\" \/>\n<meta property=\"article:published_time\" content=\"2015-12-07T00:28:50+00:00\" \/>\n<meta property=\"article:modified_time\" content=\"2015-12-07T16:56:59+00:00\" \/>\n<meta name=\"author\" content=\"TMax Tecnologia\" \/>\n<meta name=\"twitter:card\" content=\"summary_large_image\" \/>\n<meta name=\"twitter:creator\" content=\"@iengenharia\" \/>\n<meta name=\"twitter:site\" content=\"@iengenharia\" \/>\n<meta name=\"twitter:label1\" content=\"Escrito por\" \/>\n\t<meta name=\"twitter:data1\" content=\"TMax Tecnologia\" \/>\n\t<meta name=\"twitter:label2\" content=\"Est. tempo de leitura\" \/>\n\t<meta name=\"twitter:data2\" content=\"3 minutos\" \/>\n<script type=\"application\/ld+json\" class=\"yoast-schema-graph\">{\"@context\":\"https:\/\/schema.org\",\"@graph\":[{\"@type\":\"Article\",\"@id\":\"https:\/\/www.institutodeengenharia.org.br\/site\/2015\/12\/07\/inteligencia-social-e-a-diversidade\/#article\",\"isPartOf\":{\"@id\":\"https:\/\/www.institutodeengenharia.org.br\/site\/2015\/12\/07\/inteligencia-social-e-a-diversidade\/\"},\"author\":{\"name\":\"TMax Tecnologia\",\"@id\":\"https:\/\/www.institutodeengenharia.org.br\/site\/#\/schema\/person\/3b1ff109facef084739fc2edcb9a127f\"},\"headline\":\"Intelig\u00eancia Social e a diversidade\",\"datePublished\":\"2015-12-07T00:28:50+00:00\",\"dateModified\":\"2015-12-07T16:56:59+00:00\",\"mainEntityOfPage\":{\"@id\":\"https:\/\/www.institutodeengenharia.org.br\/site\/2015\/12\/07\/inteligencia-social-e-a-diversidade\/\"},\"wordCount\":529,\"commentCount\":0,\"publisher\":{\"@id\":\"https:\/\/www.institutodeengenharia.org.br\/site\/#organization\"},\"articleSection\":[\"Roberto Mangraviti\"],\"inLanguage\":\"pt-BR\",\"potentialAction\":[{\"@type\":\"CommentAction\",\"name\":\"Comment\",\"target\":[\"https:\/\/www.institutodeengenharia.org.br\/site\/2015\/12\/07\/inteligencia-social-e-a-diversidade\/#respond\"]}]},{\"@type\":\"WebPage\",\"@id\":\"https:\/\/www.institutodeengenharia.org.br\/site\/2015\/12\/07\/inteligencia-social-e-a-diversidade\/\",\"url\":\"https:\/\/www.institutodeengenharia.org.br\/site\/2015\/12\/07\/inteligencia-social-e-a-diversidade\/\",\"name\":\"Intelig\u00eancia Social e a diversidade - Instituto de Engenharia\",\"isPartOf\":{\"@id\":\"https:\/\/www.institutodeengenharia.org.br\/site\/#website\"},\"datePublished\":\"2015-12-07T00:28:50+00:00\",\"dateModified\":\"2015-12-07T16:56:59+00:00\",\"breadcrumb\":{\"@id\":\"https:\/\/www.institutodeengenharia.org.br\/site\/2015\/12\/07\/inteligencia-social-e-a-diversidade\/#breadcrumb\"},\"inLanguage\":\"pt-BR\",\"potentialAction\":[{\"@type\":\"ReadAction\",\"target\":[\"https:\/\/www.institutodeengenharia.org.br\/site\/2015\/12\/07\/inteligencia-social-e-a-diversidade\/\"]}]},{\"@type\":\"BreadcrumbList\",\"@id\":\"https:\/\/www.institutodeengenharia.org.br\/site\/2015\/12\/07\/inteligencia-social-e-a-diversidade\/#breadcrumb\",\"itemListElement\":[{\"@type\":\"ListItem\",\"position\":1,\"name\":\"In\u00edcio\",\"item\":\"https:\/\/www.institutodeengenharia.org.br\/site\/\"},{\"@type\":\"ListItem\",\"position\":2,\"name\":\"Intelig\u00eancia Social e a diversidade\"}]},{\"@type\":\"WebSite\",\"@id\":\"https:\/\/www.institutodeengenharia.org.br\/site\/#website\",\"url\":\"https:\/\/www.institutodeengenharia.org.br\/site\/\",\"name\":\"Instituto de Engenharia\",\"description\":\"O Instituto de Engenharia promove a Engenharia em benef\u00edcio do desenvolvimento e da qualidade de vida da sociedade.\",\"publisher\":{\"@id\":\"https:\/\/www.institutodeengenharia.org.br\/site\/#organization\"},\"potentialAction\":[{\"@type\":\"SearchAction\",\"target\":{\"@type\":\"EntryPoint\",\"urlTemplate\":\"https:\/\/www.institutodeengenharia.org.br\/site\/?s={search_term_string}\"},\"query-input\":{\"@type\":\"PropertyValueSpecification\",\"valueRequired\":true,\"valueName\":\"search_term_string\"}}],\"inLanguage\":\"pt-BR\"},{\"@type\":\"Organization\",\"@id\":\"https:\/\/www.institutodeengenharia.org.br\/site\/#organization\",\"name\":\"Instituto de Engenharia\",\"url\":\"https:\/\/www.institutodeengenharia.org.br\/site\/\",\"logo\":{\"@type\":\"ImageObject\",\"inLanguage\":\"pt-BR\",\"@id\":\"https:\/\/www.institutodeengenharia.org.br\/site\/#\/schema\/logo\/image\/\",\"url\":\"https:\/\/www.institutodeengenharia.org.br\/site\/wp-content\/uploads\/2019\/03\/logo-novo-IE2018-1.jpg\",\"contentUrl\":\"https:\/\/www.institutodeengenharia.org.br\/site\/wp-content\/uploads\/2019\/03\/logo-novo-IE2018-1.jpg\",\"width\":1486,\"height\":1879,\"caption\":\"Instituto de Engenharia\"},\"image\":{\"@id\":\"https:\/\/www.institutodeengenharia.org.br\/site\/#\/schema\/logo\/image\/\"},\"sameAs\":[\"https:\/\/www.facebook.com\/institutodeengenharia\",\"https:\/\/x.com\/iengenharia\",\"https:\/\/www.instagram.com\/institutodeengenharia\/\",\"https:\/\/www.linkedin.com\/company\/instituto-de-engenharia\/\",\"https:\/\/www.youtube.com\/channel\/UCXiCAlsSMe977vamW915HxA\"]},{\"@type\":\"Person\",\"@id\":\"https:\/\/www.institutodeengenharia.org.br\/site\/#\/schema\/person\/3b1ff109facef084739fc2edcb9a127f\",\"name\":\"TMax Tecnologia\",\"image\":{\"@type\":\"ImageObject\",\"inLanguage\":\"pt-BR\",\"@id\":\"https:\/\/secure.gravatar.com\/avatar\/f912434ef7f389c92cb311fcdae346af848465d638912574b3c669070f797701?s=96&d=mm&r=g\",\"url\":\"https:\/\/secure.gravatar.com\/avatar\/f912434ef7f389c92cb311fcdae346af848465d638912574b3c669070f797701?s=96&d=mm&r=g\",\"contentUrl\":\"https:\/\/secure.gravatar.com\/avatar\/f912434ef7f389c92cb311fcdae346af848465d638912574b3c669070f797701?s=96&d=mm&r=g\",\"caption\":\"TMax Tecnologia\"},\"url\":\"https:\/\/www.institutodeengenharia.org.br\/site\/author\/tmax\/\"}]}<\/script>\n<!-- \/ Yoast SEO plugin. -->","yoast_head_json":{"title":"Intelig\u00eancia Social e a diversidade - Instituto de Engenharia","robots":{"index":"index","follow":"follow","max-snippet":"max-snippet:-1","max-image-preview":"max-image-preview:large","max-video-preview":"max-video-preview:-1"},"canonical":"https:\/\/www.institutodeengenharia.org.br\/site\/2015\/12\/07\/inteligencia-social-e-a-diversidade\/","og_locale":"pt_BR","og_type":"article","og_title":"Intelig\u00eancia Social e a diversidade - Instituto de Engenharia","og_description":"Os artigos publicados com assinatura, n\u00e3o traduzem necessariamente a opini\u00e3o do Instituto de Engenharia. Sua publica\u00e7\u00e3o obedece ao prop\u00f3sito de estimular o debate dos problemas brasileiros e de refletir as diversas tend\u00eancias do pensamento contempor\u00e2neo","og_url":"https:\/\/www.institutodeengenharia.org.br\/site\/2015\/12\/07\/inteligencia-social-e-a-diversidade\/","og_site_name":"Instituto de Engenharia","article_publisher":"https:\/\/www.facebook.com\/institutodeengenharia","article_published_time":"2015-12-07T00:28:50+00:00","article_modified_time":"2015-12-07T16:56:59+00:00","author":"TMax Tecnologia","twitter_card":"summary_large_image","twitter_creator":"@iengenharia","twitter_site":"@iengenharia","twitter_misc":{"Escrito por":"TMax Tecnologia","Est. tempo de leitura":"3 minutos"},"schema":{"@context":"https:\/\/schema.org","@graph":[{"@type":"Article","@id":"https:\/\/www.institutodeengenharia.org.br\/site\/2015\/12\/07\/inteligencia-social-e-a-diversidade\/#article","isPartOf":{"@id":"https:\/\/www.institutodeengenharia.org.br\/site\/2015\/12\/07\/inteligencia-social-e-a-diversidade\/"},"author":{"name":"TMax Tecnologia","@id":"https:\/\/www.institutodeengenharia.org.br\/site\/#\/schema\/person\/3b1ff109facef084739fc2edcb9a127f"},"headline":"Intelig\u00eancia Social e a diversidade","datePublished":"2015-12-07T00:28:50+00:00","dateModified":"2015-12-07T16:56:59+00:00","mainEntityOfPage":{"@id":"https:\/\/www.institutodeengenharia.org.br\/site\/2015\/12\/07\/inteligencia-social-e-a-diversidade\/"},"wordCount":529,"commentCount":0,"publisher":{"@id":"https:\/\/www.institutodeengenharia.org.br\/site\/#organization"},"articleSection":["Roberto Mangraviti"],"inLanguage":"pt-BR","potentialAction":[{"@type":"CommentAction","name":"Comment","target":["https:\/\/www.institutodeengenharia.org.br\/site\/2015\/12\/07\/inteligencia-social-e-a-diversidade\/#respond"]}]},{"@type":"WebPage","@id":"https:\/\/www.institutodeengenharia.org.br\/site\/2015\/12\/07\/inteligencia-social-e-a-diversidade\/","url":"https:\/\/www.institutodeengenharia.org.br\/site\/2015\/12\/07\/inteligencia-social-e-a-diversidade\/","name":"Intelig\u00eancia Social e a diversidade - Instituto de Engenharia","isPartOf":{"@id":"https:\/\/www.institutodeengenharia.org.br\/site\/#website"},"datePublished":"2015-12-07T00:28:50+00:00","dateModified":"2015-12-07T16:56:59+00:00","breadcrumb":{"@id":"https:\/\/www.institutodeengenharia.org.br\/site\/2015\/12\/07\/inteligencia-social-e-a-diversidade\/#breadcrumb"},"inLanguage":"pt-BR","potentialAction":[{"@type":"ReadAction","target":["https:\/\/www.institutodeengenharia.org.br\/site\/2015\/12\/07\/inteligencia-social-e-a-diversidade\/"]}]},{"@type":"BreadcrumbList","@id":"https:\/\/www.institutodeengenharia.org.br\/site\/2015\/12\/07\/inteligencia-social-e-a-diversidade\/#breadcrumb","itemListElement":[{"@type":"ListItem","position":1,"name":"In\u00edcio","item":"https:\/\/www.institutodeengenharia.org.br\/site\/"},{"@type":"ListItem","position":2,"name":"Intelig\u00eancia Social e a diversidade"}]},{"@type":"WebSite","@id":"https:\/\/www.institutodeengenharia.org.br\/site\/#website","url":"https:\/\/www.institutodeengenharia.org.br\/site\/","name":"Instituto de Engenharia","description":"O Instituto de Engenharia promove a Engenharia em benef\u00edcio do desenvolvimento e da qualidade de vida da sociedade.","publisher":{"@id":"https:\/\/www.institutodeengenharia.org.br\/site\/#organization"},"potentialAction":[{"@type":"SearchAction","target":{"@type":"EntryPoint","urlTemplate":"https:\/\/www.institutodeengenharia.org.br\/site\/?s={search_term_string}"},"query-input":{"@type":"PropertyValueSpecification","valueRequired":true,"valueName":"search_term_string"}}],"inLanguage":"pt-BR"},{"@type":"Organization","@id":"https:\/\/www.institutodeengenharia.org.br\/site\/#organization","name":"Instituto de Engenharia","url":"https:\/\/www.institutodeengenharia.org.br\/site\/","logo":{"@type":"ImageObject","inLanguage":"pt-BR","@id":"https:\/\/www.institutodeengenharia.org.br\/site\/#\/schema\/logo\/image\/","url":"https:\/\/www.institutodeengenharia.org.br\/site\/wp-content\/uploads\/2019\/03\/logo-novo-IE2018-1.jpg","contentUrl":"https:\/\/www.institutodeengenharia.org.br\/site\/wp-content\/uploads\/2019\/03\/logo-novo-IE2018-1.jpg","width":1486,"height":1879,"caption":"Instituto de Engenharia"},"image":{"@id":"https:\/\/www.institutodeengenharia.org.br\/site\/#\/schema\/logo\/image\/"},"sameAs":["https:\/\/www.facebook.com\/institutodeengenharia","https:\/\/x.com\/iengenharia","https:\/\/www.instagram.com\/institutodeengenharia\/","https:\/\/www.linkedin.com\/company\/instituto-de-engenharia\/","https:\/\/www.youtube.com\/channel\/UCXiCAlsSMe977vamW915HxA"]},{"@type":"Person","@id":"https:\/\/www.institutodeengenharia.org.br\/site\/#\/schema\/person\/3b1ff109facef084739fc2edcb9a127f","name":"TMax Tecnologia","image":{"@type":"ImageObject","inLanguage":"pt-BR","@id":"https:\/\/secure.gravatar.com\/avatar\/f912434ef7f389c92cb311fcdae346af848465d638912574b3c669070f797701?s=96&d=mm&r=g","url":"https:\/\/secure.gravatar.com\/avatar\/f912434ef7f389c92cb311fcdae346af848465d638912574b3c669070f797701?s=96&d=mm&r=g","contentUrl":"https:\/\/secure.gravatar.com\/avatar\/f912434ef7f389c92cb311fcdae346af848465d638912574b3c669070f797701?s=96&d=mm&r=g","caption":"TMax Tecnologia"},"url":"https:\/\/www.institutodeengenharia.org.br\/site\/author\/tmax\/"}]}},"_links":{"self":[{"href":"https:\/\/www.institutodeengenharia.org.br\/site\/wp-json\/wp\/v2\/posts\/26242","targetHints":{"allow":["GET"]}}],"collection":[{"href":"https:\/\/www.institutodeengenharia.org.br\/site\/wp-json\/wp\/v2\/posts"}],"about":[{"href":"https:\/\/www.institutodeengenharia.org.br\/site\/wp-json\/wp\/v2\/types\/post"}],"author":[{"embeddable":true,"href":"https:\/\/www.institutodeengenharia.org.br\/site\/wp-json\/wp\/v2\/users\/1"}],"replies":[{"embeddable":true,"href":"https:\/\/www.institutodeengenharia.org.br\/site\/wp-json\/wp\/v2\/comments?post=26242"}],"version-history":[{"count":0,"href":"https:\/\/www.institutodeengenharia.org.br\/site\/wp-json\/wp\/v2\/posts\/26242\/revisions"}],"wp:attachment":[{"href":"https:\/\/www.institutodeengenharia.org.br\/site\/wp-json\/wp\/v2\/media?parent=26242"}],"wp:term":[{"taxonomy":"category","embeddable":true,"href":"https:\/\/www.institutodeengenharia.org.br\/site\/wp-json\/wp\/v2\/categories?post=26242"},{"taxonomy":"post_tag","embeddable":true,"href":"https:\/\/www.institutodeengenharia.org.br\/site\/wp-json\/wp\/v2\/tags?post=26242"}],"curies":[{"name":"wp","href":"https:\/\/api.w.org\/{rel}","templated":true}]}}