{"id":25813,"date":"2015-08-03T00:22:49","date_gmt":"2015-08-03T00:22:49","guid":{"rendered":"https:\/\/www.institutodeengenharia.org.br\/?p=25813"},"modified":"2015-08-03T10:07:56","modified_gmt":"2015-08-03T10:07:56","slug":"energia-renovavel-e-cara","status":"publish","type":"post","link":"https:\/\/www.institutodeengenharia.org.br\/site\/2015\/08\/03\/energia-renovavel-e-cara\/","title":{"rendered":"Energia renov\u00e1vel \u00e9 cara ?"},"content":{"rendered":"<p>Conforme publicado pela Associa\u00e7\u00e3o Brasileira de Energia E\u00f3lica(*), o Hava\u00ed quer produzir 100% de energia limpa at\u00e9 2045, conforme projeto de lei que tramita na C\u00e2mara Legislativa daquele local. Caso se torne uma lei, o setor de energia ganhar\u00e1 incentivos para a produ\u00e7\u00e3o das seguintes renov\u00e1veis: e\u00f3lica, solar, marinha e geot\u00e9rmica. Atualmente, 23% da matriz energ\u00e9tica deste estado norte-americano \u00e9 proveniente das fontes e\u00f3lica e solar. O saldo da produ\u00e7\u00e3o energ\u00e9tica, al\u00e9m de n\u00e3o renov\u00e1vel \u00e9 fornecido por outros estados, contrariando os princ\u00edpios estrat\u00e9gicos, sociais, econ\u00f4micos e ambientais. E o Hava\u00ed, dada as condi\u00e7\u00f5es geogr\u00e1ficas, disp\u00f5e de um cen\u00e1rio prop\u00edcio para produ\u00e7\u00e3o de energias renov\u00e1veis em raz\u00e3o das condi\u00e7\u00f5es existentes no arquip\u00e9lago. A intensa atividade vulc\u00e2nica nas camadas subterr\u00e2neas da regi\u00e3o, gera o calor necess\u00e1rio para produ\u00e7\u00e3o de energia geot\u00e9rmica. Da mesma forma, o sol, o vento mar\u00edtimo e a movimenta\u00e7\u00e3o das \u00e1guas, s\u00e3o condi\u00e7\u00f5es ideais para a produ\u00e7\u00e3o de energia solar, e\u00f3lica e marinha respectivamente. Com este conjunto de oportunidades clim\u00e1ticas, espera-se alcan\u00e7ar at\u00e9 2020, a produ\u00e7\u00e3o de 30% de energia limpa de toda a matriz, e 70% at\u00e9 2040. Estas informa\u00e7\u00f5es nos obriga a uma reflex\u00e3o sobre o modelo brasileiro de energia, as condi\u00e7\u00f5es clim\u00e1ticas existentes na Am\u00e9rica do Sul e as poss\u00edveis oportunidades para o Brasil e todo continente. Por\u00e9m, mais do que isto, vale tamb\u00e9m refletir de como o mundo est\u00e1 enxergando estas quest\u00f5es.&nbsp;<\/p>\n<p>Podemos afirmar com naturalidade que, para os havaianos tornou-se fundamental substituir fontes n\u00e3o renov\u00e1veis totalmente pois, os 23% atuais de energia limpa tem se mostrado insuficientes(lembrando que o Brasil talvez somente neste ano venha atingir 4% entre e\u00f3lica e solar). Desta forma tramita uma legisla\u00e7\u00e3o espec\u00edfica para atingir este objetivo e caso aprovada haver\u00e1 uma pol\u00edtica de incentivos. Pode-se concluir tamb\u00e9m que o caro ou barato, no tempo presente, n\u00e3o \u00e9 fator determinante. E provavelmente n\u00e3o ficar\u00e1 barato, at\u00e9 porque se fosse vi\u00e1vel economicamente n\u00e3o seria discutida uma pol\u00edtica de subs\u00eddios. Ou seja, a decis\u00e3o \u00e9 ESTRAT\u00c9GICA, sendo mais importante subsidiar no presente para substituir no futuro &#8230;a\u00ed sim com vantagens econ\u00f4micas e ambientais. Vale ainda destacar que esta vis\u00e3o n\u00e3o \u00e9 exclusivista daquele pessoal que usa camisas colorid\u00edssimas e que gosta de surfar arriscando-se entre ondas violentas e tubar\u00f5es, posturas meio malucas. Outros povos, em outros continentes, mais pr\u00f3ximos de padr\u00f5es \u201cnormais\u201d est\u00e3o buscando estas alternativas, como j\u00e1 demonstramos em artigos anteriores. No entendimento dos havaianos, o mar \u00e9 fonte de energia, e possuindo uma costa apropriada, est\u00e3o enxergando este fator como uma grande oportunidade. Desta forma, mais do que produzir campe\u00f5es esportivos atrav\u00e9s do surf, entenderam que \u201csurfar na onda\u201d \u00e9 muito mais do que subir numa prancha.&nbsp;<\/p>\n<p>Enfim, talvez esteja na hora de copiarmos um pouquinho mais o Hava\u00ed. Foi muito bom o nosso campe\u00e3o mundial Gabriel Medina ter se empolgado com as ondas imensas daquele lindo arquip\u00e9lago. Mas podemos e devemos ir muito alem da inspira\u00e7\u00e3o esportiva e cultural exportada pelo simp\u00e1tico povo havaiano.&nbsp;<\/p>\n<p>Portanto h\u00e1 muito mais por copiar do Hava\u00ed &#8230; e do resto do mundo tamb\u00e9m.&nbsp;<\/p>\n<p>E na falta de apoio e vis\u00e3o estrat\u00e9gica do governo brasileiro, vale lembrar das linhas de cr\u00e9dito de empresas privadas em nosso pa\u00eds para utiliza\u00e7\u00e3o de energia limpa. Existem por exemplo, diversas oportunidades para instala\u00e7\u00e3o de pain\u00e9is solares muito vantajosas economicamente. Para quem n\u00e3o tem acompanhado este mercado, saibam que foram desenvolvidas parcerias com fundos privados que permitem o financiamento de materiais\/equipamentos n\u00e3o necessitando nenhum investimento inicial. Neste modelo de neg\u00f3cio, o contratante reembolsa o contratado com a economia que a energia solar gerar sobre a fatura mensal da concession\u00e1ria. S\u00e3o, naturalmente contratos com um compromisso de longo prazo, acima de 10 anos, para permitir a viabilidade econ\u00f4mica da parceria.&nbsp;<\/p>\n<p>Ou seja, s\u00f3 n\u00e3o muda os conceitos aqui no Brasil &#8230; quem n\u00e3o conhece o Hava\u00ed. <\/p>\n","protected":false},"excerpt":{"rendered":"<p>Os artigos publicados com assinatura, n\u00e3o traduzem necessariamente a opini\u00e3o do Instituto de Engenharia. Sua publica\u00e7\u00e3o obedece ao prop\u00f3sito de estimular o debate dos problemas brasileiros e de refletir as diversas tend\u00eancias do pensamento contempor\u00e2neo<\/p>\n","protected":false},"author":1,"featured_media":0,"comment_status":"open","ping_status":"open","sticky":false,"template":"","format":"standard","meta":{"footnotes":""},"categories":[107],"tags":[],"class_list":{"0":"post-25813","1":"post","2":"type-post","3":"status-publish","4":"format-standard","6":"category-roberto-mangraviti"},"yoast_head":"<!-- This site is optimized with the Yoast SEO plugin v27.2 - https:\/\/yoast.com\/product\/yoast-seo-wordpress\/ -->\n<title>Energia renov\u00e1vel \u00e9 cara ? - Instituto de Engenharia<\/title>\n<meta name=\"robots\" content=\"index, follow, max-snippet:-1, max-image-preview:large, max-video-preview:-1\" \/>\n<link rel=\"canonical\" href=\"https:\/\/www.institutodeengenharia.org.br\/site\/2015\/08\/03\/energia-renovavel-e-cara\/\" \/>\n<meta property=\"og:locale\" content=\"pt_BR\" \/>\n<meta property=\"og:type\" content=\"article\" \/>\n<meta property=\"og:title\" content=\"Energia renov\u00e1vel \u00e9 cara ? - Instituto de Engenharia\" \/>\n<meta property=\"og:description\" content=\"Os artigos publicados com assinatura, n\u00e3o traduzem necessariamente a opini\u00e3o do Instituto de Engenharia. Sua publica\u00e7\u00e3o obedece ao prop\u00f3sito de estimular o debate dos problemas brasileiros e de refletir as diversas tend\u00eancias do pensamento contempor\u00e2neo\" \/>\n<meta property=\"og:url\" content=\"https:\/\/www.institutodeengenharia.org.br\/site\/2015\/08\/03\/energia-renovavel-e-cara\/\" \/>\n<meta property=\"og:site_name\" content=\"Instituto de Engenharia\" \/>\n<meta property=\"article:publisher\" content=\"https:\/\/www.facebook.com\/institutodeengenharia\" \/>\n<meta property=\"article:published_time\" content=\"2015-08-03T00:22:49+00:00\" \/>\n<meta property=\"article:modified_time\" content=\"2015-08-03T10:07:56+00:00\" \/>\n<meta name=\"author\" content=\"TMax Tecnologia\" \/>\n<meta name=\"twitter:card\" content=\"summary_large_image\" \/>\n<meta name=\"twitter:creator\" content=\"@iengenharia\" \/>\n<meta name=\"twitter:site\" content=\"@iengenharia\" \/>\n<meta name=\"twitter:label1\" content=\"Escrito por\" \/>\n\t<meta name=\"twitter:data1\" content=\"TMax Tecnologia\" \/>\n\t<meta name=\"twitter:label2\" content=\"Est. tempo de leitura\" \/>\n\t<meta name=\"twitter:data2\" content=\"4 minutos\" \/>\n<script type=\"application\/ld+json\" class=\"yoast-schema-graph\">{\"@context\":\"https:\/\/schema.org\",\"@graph\":[{\"@type\":\"Article\",\"@id\":\"https:\/\/www.institutodeengenharia.org.br\/site\/2015\/08\/03\/energia-renovavel-e-cara\/#article\",\"isPartOf\":{\"@id\":\"https:\/\/www.institutodeengenharia.org.br\/site\/2015\/08\/03\/energia-renovavel-e-cara\/\"},\"author\":{\"name\":\"TMax Tecnologia\",\"@id\":\"https:\/\/www.institutodeengenharia.org.br\/site\/#\/schema\/person\/3b1ff109facef084739fc2edcb9a127f\"},\"headline\":\"Energia renov\u00e1vel \u00e9 cara ?\",\"datePublished\":\"2015-08-03T00:22:49+00:00\",\"dateModified\":\"2015-08-03T10:07:56+00:00\",\"mainEntityOfPage\":{\"@id\":\"https:\/\/www.institutodeengenharia.org.br\/site\/2015\/08\/03\/energia-renovavel-e-cara\/\"},\"wordCount\":716,\"commentCount\":0,\"publisher\":{\"@id\":\"https:\/\/www.institutodeengenharia.org.br\/site\/#organization\"},\"articleSection\":[\"Roberto Mangraviti\"],\"inLanguage\":\"pt-BR\",\"potentialAction\":[{\"@type\":\"CommentAction\",\"name\":\"Comment\",\"target\":[\"https:\/\/www.institutodeengenharia.org.br\/site\/2015\/08\/03\/energia-renovavel-e-cara\/#respond\"]}]},{\"@type\":\"WebPage\",\"@id\":\"https:\/\/www.institutodeengenharia.org.br\/site\/2015\/08\/03\/energia-renovavel-e-cara\/\",\"url\":\"https:\/\/www.institutodeengenharia.org.br\/site\/2015\/08\/03\/energia-renovavel-e-cara\/\",\"name\":\"Energia renov\u00e1vel \u00e9 cara ? - Instituto de Engenharia\",\"isPartOf\":{\"@id\":\"https:\/\/www.institutodeengenharia.org.br\/site\/#website\"},\"datePublished\":\"2015-08-03T00:22:49+00:00\",\"dateModified\":\"2015-08-03T10:07:56+00:00\",\"breadcrumb\":{\"@id\":\"https:\/\/www.institutodeengenharia.org.br\/site\/2015\/08\/03\/energia-renovavel-e-cara\/#breadcrumb\"},\"inLanguage\":\"pt-BR\",\"potentialAction\":[{\"@type\":\"ReadAction\",\"target\":[\"https:\/\/www.institutodeengenharia.org.br\/site\/2015\/08\/03\/energia-renovavel-e-cara\/\"]}]},{\"@type\":\"BreadcrumbList\",\"@id\":\"https:\/\/www.institutodeengenharia.org.br\/site\/2015\/08\/03\/energia-renovavel-e-cara\/#breadcrumb\",\"itemListElement\":[{\"@type\":\"ListItem\",\"position\":1,\"name\":\"In\u00edcio\",\"item\":\"https:\/\/www.institutodeengenharia.org.br\/site\/\"},{\"@type\":\"ListItem\",\"position\":2,\"name\":\"Energia renov\u00e1vel \u00e9 cara ?\"}]},{\"@type\":\"WebSite\",\"@id\":\"https:\/\/www.institutodeengenharia.org.br\/site\/#website\",\"url\":\"https:\/\/www.institutodeengenharia.org.br\/site\/\",\"name\":\"Instituto de Engenharia\",\"description\":\"O Instituto de Engenharia promove a Engenharia em benef\u00edcio do desenvolvimento e da qualidade de vida da sociedade.\",\"publisher\":{\"@id\":\"https:\/\/www.institutodeengenharia.org.br\/site\/#organization\"},\"potentialAction\":[{\"@type\":\"SearchAction\",\"target\":{\"@type\":\"EntryPoint\",\"urlTemplate\":\"https:\/\/www.institutodeengenharia.org.br\/site\/?s={search_term_string}\"},\"query-input\":{\"@type\":\"PropertyValueSpecification\",\"valueRequired\":true,\"valueName\":\"search_term_string\"}}],\"inLanguage\":\"pt-BR\"},{\"@type\":\"Organization\",\"@id\":\"https:\/\/www.institutodeengenharia.org.br\/site\/#organization\",\"name\":\"Instituto de Engenharia\",\"url\":\"https:\/\/www.institutodeengenharia.org.br\/site\/\",\"logo\":{\"@type\":\"ImageObject\",\"inLanguage\":\"pt-BR\",\"@id\":\"https:\/\/www.institutodeengenharia.org.br\/site\/#\/schema\/logo\/image\/\",\"url\":\"https:\/\/www.institutodeengenharia.org.br\/site\/wp-content\/uploads\/2019\/03\/logo-novo-IE2018-1.jpg\",\"contentUrl\":\"https:\/\/www.institutodeengenharia.org.br\/site\/wp-content\/uploads\/2019\/03\/logo-novo-IE2018-1.jpg\",\"width\":1486,\"height\":1879,\"caption\":\"Instituto de Engenharia\"},\"image\":{\"@id\":\"https:\/\/www.institutodeengenharia.org.br\/site\/#\/schema\/logo\/image\/\"},\"sameAs\":[\"https:\/\/www.facebook.com\/institutodeengenharia\",\"https:\/\/x.com\/iengenharia\",\"https:\/\/www.instagram.com\/institutodeengenharia\/\",\"https:\/\/www.linkedin.com\/company\/instituto-de-engenharia\/\",\"https:\/\/www.youtube.com\/channel\/UCXiCAlsSMe977vamW915HxA\"]},{\"@type\":\"Person\",\"@id\":\"https:\/\/www.institutodeengenharia.org.br\/site\/#\/schema\/person\/3b1ff109facef084739fc2edcb9a127f\",\"name\":\"TMax Tecnologia\",\"image\":{\"@type\":\"ImageObject\",\"inLanguage\":\"pt-BR\",\"@id\":\"https:\/\/secure.gravatar.com\/avatar\/f912434ef7f389c92cb311fcdae346af848465d638912574b3c669070f797701?s=96&d=mm&r=g\",\"url\":\"https:\/\/secure.gravatar.com\/avatar\/f912434ef7f389c92cb311fcdae346af848465d638912574b3c669070f797701?s=96&d=mm&r=g\",\"contentUrl\":\"https:\/\/secure.gravatar.com\/avatar\/f912434ef7f389c92cb311fcdae346af848465d638912574b3c669070f797701?s=96&d=mm&r=g\",\"caption\":\"TMax Tecnologia\"},\"url\":\"https:\/\/www.institutodeengenharia.org.br\/site\/author\/tmax\/\"}]}<\/script>\n<!-- \/ Yoast SEO plugin. -->","yoast_head_json":{"title":"Energia renov\u00e1vel \u00e9 cara ? - Instituto de Engenharia","robots":{"index":"index","follow":"follow","max-snippet":"max-snippet:-1","max-image-preview":"max-image-preview:large","max-video-preview":"max-video-preview:-1"},"canonical":"https:\/\/www.institutodeengenharia.org.br\/site\/2015\/08\/03\/energia-renovavel-e-cara\/","og_locale":"pt_BR","og_type":"article","og_title":"Energia renov\u00e1vel \u00e9 cara ? - Instituto de Engenharia","og_description":"Os artigos publicados com assinatura, n\u00e3o traduzem necessariamente a opini\u00e3o do Instituto de Engenharia. Sua publica\u00e7\u00e3o obedece ao prop\u00f3sito de estimular o debate dos problemas brasileiros e de refletir as diversas tend\u00eancias do pensamento contempor\u00e2neo","og_url":"https:\/\/www.institutodeengenharia.org.br\/site\/2015\/08\/03\/energia-renovavel-e-cara\/","og_site_name":"Instituto de Engenharia","article_publisher":"https:\/\/www.facebook.com\/institutodeengenharia","article_published_time":"2015-08-03T00:22:49+00:00","article_modified_time":"2015-08-03T10:07:56+00:00","author":"TMax Tecnologia","twitter_card":"summary_large_image","twitter_creator":"@iengenharia","twitter_site":"@iengenharia","twitter_misc":{"Escrito por":"TMax Tecnologia","Est. tempo de leitura":"4 minutos"},"schema":{"@context":"https:\/\/schema.org","@graph":[{"@type":"Article","@id":"https:\/\/www.institutodeengenharia.org.br\/site\/2015\/08\/03\/energia-renovavel-e-cara\/#article","isPartOf":{"@id":"https:\/\/www.institutodeengenharia.org.br\/site\/2015\/08\/03\/energia-renovavel-e-cara\/"},"author":{"name":"TMax Tecnologia","@id":"https:\/\/www.institutodeengenharia.org.br\/site\/#\/schema\/person\/3b1ff109facef084739fc2edcb9a127f"},"headline":"Energia renov\u00e1vel \u00e9 cara ?","datePublished":"2015-08-03T00:22:49+00:00","dateModified":"2015-08-03T10:07:56+00:00","mainEntityOfPage":{"@id":"https:\/\/www.institutodeengenharia.org.br\/site\/2015\/08\/03\/energia-renovavel-e-cara\/"},"wordCount":716,"commentCount":0,"publisher":{"@id":"https:\/\/www.institutodeengenharia.org.br\/site\/#organization"},"articleSection":["Roberto Mangraviti"],"inLanguage":"pt-BR","potentialAction":[{"@type":"CommentAction","name":"Comment","target":["https:\/\/www.institutodeengenharia.org.br\/site\/2015\/08\/03\/energia-renovavel-e-cara\/#respond"]}]},{"@type":"WebPage","@id":"https:\/\/www.institutodeengenharia.org.br\/site\/2015\/08\/03\/energia-renovavel-e-cara\/","url":"https:\/\/www.institutodeengenharia.org.br\/site\/2015\/08\/03\/energia-renovavel-e-cara\/","name":"Energia renov\u00e1vel \u00e9 cara ? - Instituto de Engenharia","isPartOf":{"@id":"https:\/\/www.institutodeengenharia.org.br\/site\/#website"},"datePublished":"2015-08-03T00:22:49+00:00","dateModified":"2015-08-03T10:07:56+00:00","breadcrumb":{"@id":"https:\/\/www.institutodeengenharia.org.br\/site\/2015\/08\/03\/energia-renovavel-e-cara\/#breadcrumb"},"inLanguage":"pt-BR","potentialAction":[{"@type":"ReadAction","target":["https:\/\/www.institutodeengenharia.org.br\/site\/2015\/08\/03\/energia-renovavel-e-cara\/"]}]},{"@type":"BreadcrumbList","@id":"https:\/\/www.institutodeengenharia.org.br\/site\/2015\/08\/03\/energia-renovavel-e-cara\/#breadcrumb","itemListElement":[{"@type":"ListItem","position":1,"name":"In\u00edcio","item":"https:\/\/www.institutodeengenharia.org.br\/site\/"},{"@type":"ListItem","position":2,"name":"Energia renov\u00e1vel \u00e9 cara ?"}]},{"@type":"WebSite","@id":"https:\/\/www.institutodeengenharia.org.br\/site\/#website","url":"https:\/\/www.institutodeengenharia.org.br\/site\/","name":"Instituto de Engenharia","description":"O Instituto de Engenharia promove a Engenharia em benef\u00edcio do desenvolvimento e da qualidade de vida da sociedade.","publisher":{"@id":"https:\/\/www.institutodeengenharia.org.br\/site\/#organization"},"potentialAction":[{"@type":"SearchAction","target":{"@type":"EntryPoint","urlTemplate":"https:\/\/www.institutodeengenharia.org.br\/site\/?s={search_term_string}"},"query-input":{"@type":"PropertyValueSpecification","valueRequired":true,"valueName":"search_term_string"}}],"inLanguage":"pt-BR"},{"@type":"Organization","@id":"https:\/\/www.institutodeengenharia.org.br\/site\/#organization","name":"Instituto de Engenharia","url":"https:\/\/www.institutodeengenharia.org.br\/site\/","logo":{"@type":"ImageObject","inLanguage":"pt-BR","@id":"https:\/\/www.institutodeengenharia.org.br\/site\/#\/schema\/logo\/image\/","url":"https:\/\/www.institutodeengenharia.org.br\/site\/wp-content\/uploads\/2019\/03\/logo-novo-IE2018-1.jpg","contentUrl":"https:\/\/www.institutodeengenharia.org.br\/site\/wp-content\/uploads\/2019\/03\/logo-novo-IE2018-1.jpg","width":1486,"height":1879,"caption":"Instituto de Engenharia"},"image":{"@id":"https:\/\/www.institutodeengenharia.org.br\/site\/#\/schema\/logo\/image\/"},"sameAs":["https:\/\/www.facebook.com\/institutodeengenharia","https:\/\/x.com\/iengenharia","https:\/\/www.instagram.com\/institutodeengenharia\/","https:\/\/www.linkedin.com\/company\/instituto-de-engenharia\/","https:\/\/www.youtube.com\/channel\/UCXiCAlsSMe977vamW915HxA"]},{"@type":"Person","@id":"https:\/\/www.institutodeengenharia.org.br\/site\/#\/schema\/person\/3b1ff109facef084739fc2edcb9a127f","name":"TMax Tecnologia","image":{"@type":"ImageObject","inLanguage":"pt-BR","@id":"https:\/\/secure.gravatar.com\/avatar\/f912434ef7f389c92cb311fcdae346af848465d638912574b3c669070f797701?s=96&d=mm&r=g","url":"https:\/\/secure.gravatar.com\/avatar\/f912434ef7f389c92cb311fcdae346af848465d638912574b3c669070f797701?s=96&d=mm&r=g","contentUrl":"https:\/\/secure.gravatar.com\/avatar\/f912434ef7f389c92cb311fcdae346af848465d638912574b3c669070f797701?s=96&d=mm&r=g","caption":"TMax Tecnologia"},"url":"https:\/\/www.institutodeengenharia.org.br\/site\/author\/tmax\/"}]}},"_links":{"self":[{"href":"https:\/\/www.institutodeengenharia.org.br\/site\/wp-json\/wp\/v2\/posts\/25813","targetHints":{"allow":["GET"]}}],"collection":[{"href":"https:\/\/www.institutodeengenharia.org.br\/site\/wp-json\/wp\/v2\/posts"}],"about":[{"href":"https:\/\/www.institutodeengenharia.org.br\/site\/wp-json\/wp\/v2\/types\/post"}],"author":[{"embeddable":true,"href":"https:\/\/www.institutodeengenharia.org.br\/site\/wp-json\/wp\/v2\/users\/1"}],"replies":[{"embeddable":true,"href":"https:\/\/www.institutodeengenharia.org.br\/site\/wp-json\/wp\/v2\/comments?post=25813"}],"version-history":[{"count":0,"href":"https:\/\/www.institutodeengenharia.org.br\/site\/wp-json\/wp\/v2\/posts\/25813\/revisions"}],"wp:attachment":[{"href":"https:\/\/www.institutodeengenharia.org.br\/site\/wp-json\/wp\/v2\/media?parent=25813"}],"wp:term":[{"taxonomy":"category","embeddable":true,"href":"https:\/\/www.institutodeengenharia.org.br\/site\/wp-json\/wp\/v2\/categories?post=25813"},{"taxonomy":"post_tag","embeddable":true,"href":"https:\/\/www.institutodeengenharia.org.br\/site\/wp-json\/wp\/v2\/tags?post=25813"}],"curies":[{"name":"wp","href":"https:\/\/api.w.org\/{rel}","templated":true}]}}