{"id":25693,"date":"2015-06-26T00:21:07","date_gmt":"2015-06-26T00:21:07","guid":{"rendered":"https:\/\/www.institutodeengenharia.org.br\/?p=25693"},"modified":"2015-06-26T15:39:12","modified_gmt":"2015-06-26T15:39:12","slug":"veja-entrevista-com-pedro-badra-coordenador-da-dt-de-informatica-sobre-o-curso-cbim","status":"publish","type":"post","link":"https:\/\/www.institutodeengenharia.org.br\/site\/2015\/06\/26\/veja-entrevista-com-pedro-badra-coordenador-da-dt-de-informatica-sobre-o-curso-cbim\/","title":{"rendered":"Veja entrevista com Pedro Badra, coordenador da DT de Inform\u00e1tica, sobre o curso cBIM"},"content":{"rendered":"<p><strong><\/p>\n<p><\/strong><em>Engenheiro Pedro Badra, coordenador da DT de Inform\u00e1tica e assessor da presid\u00eancia para Assuntos BIM, e que est\u00e1 \u00e0 frente do curso cBIM &#8211; Building Information Modeling&nbsp;<\/p>\n<p><\/em><strong>Instituto de Engenharia &#8211; Foram realizadas v\u00e1rias palestras sobre o BIM no ano passado e neste ano, o que motivou o senhor a fazer esse curso? <\/p>\n<p>Pedro Badra<\/strong> &#8211; Durante o ano passado eu mostrei no Instituto de Engenharia, em todas as palestras, as possibilidades que o BIM oferece na engenharia, evidenciando a necessidade de mais conhecimento do que o simples conhecimento do software. Hoje, quando se fale em BIM, normalmente o profissional foca em um software e n\u00e3o \u00e9 isso: s\u00e3o diversos softwares interagindo nas informa\u00e7\u00f5es, que gera o que \u00e9 o BIM \u2013 a informa\u00e7\u00e3o modulada na constru\u00e7\u00e3o. As palestras t\u00eam confirmado que h\u00e1 necessidade de mudar essa vis\u00e3o e mostrar o contexto da import\u00e2ncia desse sistema, as suas facilidades e a condi\u00e7\u00e3o de implanta\u00e7\u00e3o na organiza\u00e7\u00e3o. <\/p>\n<p>\u00c9 muito comum exigir do profissional que fa\u00e7a um curso espec\u00edfico de software, mas depois ele tem problema na implanta\u00e7\u00e3o, na organiza\u00e7\u00e3o e nas interela\u00e7\u00f5es de diversos projetos em BIM. Essa interela\u00e7\u00e3o \u00e9 hoje uma necessidade para o Brasil e uma atualidade mundial. At\u00e9 2013 a quantidade mundial que utilizava BIM era de 12% a 15%, hoje j\u00e1 est\u00e1 em 77% e, no Brasil, n\u00e3o deve atingir 10%. <\/p>\n<p><strong>Instituto de Engenharia &#8211; A que se deve essa ades\u00e3o t\u00e3o baixa no Brasil? O valor da implanta\u00e7\u00e3o? <\/p>\n<p>Pedro Badra<\/strong> &#8211; Sim, ao valor do software e, tamb\u00e9m, a outros fatores, como o conceito errado da dificuldade da implanta\u00e7\u00e3o &#8211; e por isso das palestras aqui no Instituto de Engenharia -, a fraca ou quase nenhuma divulga\u00e7\u00e3o nos meios de ensino sobre essa tecnologia e da necessidade de cursos t\u00e9cnicos no sentido de trazer o conhecimento global do sistema BIM e n\u00e3o o conhecimento espec\u00edfico de um software. <\/p>\n<p><strong>Instituto de Engenharia &#8211; Para o setor p\u00fablico, h\u00e1 algum posicionamento do governo no sentido de exigir projetos de licita\u00e7\u00f5es desenvolvidos com o uso do BIM? <\/p>\n<p>Pedro Badra<\/strong> &#8211; Hoje o governo j\u00e1 est\u00e1 exigindo em diversas modalidades de contrata\u00e7\u00e3o o projeto em BIM, o que d\u00e1 detalhes e um conceito mais \u00e1gil dos projetos preliminares, b\u00e1sicos e executivos. O trabalho em BIM \u00e0s vezes j\u00e1 est\u00e1 bem definido no projeto b\u00e1sico, propiciando custos e planilhas de or\u00e7amento muito mais detalhadas e precisas. Em Santa Catarina j\u00e1 existe o primeiro modelo de contrata\u00e7\u00e3o de projetos em BIM. H\u00e1 um movimento de grandes organiza\u00e7\u00f5es para se contratar em BIM. A Associa\u00e7\u00e3o Brasileira de Norma T\u00e9cnica tamb\u00e9m est\u00e1 trabalhando para a normatiza\u00e7\u00e3o desse sistema e de suas fases necess\u00e1rias para a implanta\u00e7\u00e3o. <\/p>\n<p>Existem duas maneiras de se impor essa tecnologia: a inglesa e a francesa. Na Inglaterra, o governo padronizou e imp\u00f4s a utiliza\u00e7\u00e3o do BIM. Na Fran\u00e7a, o mercado que est\u00e1 impondo essa necessidade, o governo n\u00e3o tem participa\u00e7\u00e3o normativa. No Brasil, a tend\u00eancia \u00e9 seguir o modelo franc\u00eas. O mercado tem exigido cada vez mais que os profissionais se reciclem para que atendam \u00e0s necessidade t\u00e9cnicas do 3D. <\/p>\n<p><strong>Instituto de Engenharia &#8211; Fale sobre o curso. <\/p>\n<p>Pedro Badra<\/strong> &#8211; Nas palestras, ministradas no Instituto de Engenharia, dividimos em duas formas. No primeiro ano, para as disciplinas de Arquitetura, Estrutura, El\u00e9trica, Hidr\u00e1ulica e Infraestrutura trouxemos profissionais que mostraram o que o software e a tecnologia BIM oferecem. E sempre sentimos a necessidade de aprofundamento de conhecimento. No segundo ano, abrimos a possibilidade para que tomassem conhecimento da opera\u00e7\u00e3o do software para desmistificar seu uso, pois sempre falam que o BIM \u00e9 complicado. <\/p>\n<p>Ao longo dessa demonstra\u00e7\u00e3o existe um segmento que s\u00e3o os gerenciadores de informa\u00e7\u00e3o. Nessa parte observei a total falta de conhecimento dos participantes em rela\u00e7\u00e3o a essas ferramentas. Isso nos alertou da necessidade de se formar profissionais com conhecimento desse gerenciamento e mais ainda: de como esses profissionais devem se comportar dentro das organiza\u00e7\u00f5es, sendo eles vetores para desmistificar essa \u201cdificuldade\u201d que todo mundo imagina que aja. <\/p>\n<p>Foram seis meses de reuni\u00f5es para montar o primeiro m\u00f3dulo do curso. Nesse m\u00f3dulo, de 100 horas, o profissional ver\u00e1 a implanta\u00e7\u00e3o e o gerenciamento de informa\u00e7\u00e3o, \u00fatil para a empresa ou para ele mesmo, no\u00e7\u00f5es de opera\u00e7\u00e3o, aprimoramento da opera\u00e7\u00e3o do software, gerenciamento dessas informa\u00e7\u00f5es e no\u00e7\u00f5es de implanta\u00e7\u00e3o dessas tecnologias. Ele completar\u00e1 o curso como um t\u00e9cnico. <br \/>\nEm seguida estamos programando outros cursos com menos tempo, mas com o mesmo objetivo. <\/p>\n<p><strong>Instituto de Engenharia &#8211; H\u00e1 alguma exig\u00eancia para fazer o curso ? <\/p>\n<p>Pedro Badra<\/strong> &#8211; Para fazer o curso \u00e9 necess\u00e1rio ter o conhecimento b\u00e1sico. Haver\u00e1 uma an\u00e1lise, um question\u00e1rio que dever\u00e1 ser respondido, no qual mostrar\u00e1 em que est\u00e1gio o interessado est\u00e1 de conhecimento. Tem de haver conhecimento b\u00e1sico para que possamos aprimorar. <\/p>\n<p><strong>Instituto de Engenharia &#8211; Qual o futuro do BIM na Engenharia? <\/p>\n<p>Pedro Badra<\/strong> &#8211; Hoje n\u00e3o se fala mais em futuro, se fala na presen\u00e7a do BIM. Mundialmente n\u00e3o se concebe mais projetos que n\u00e3o tenham sido desenvolvidos em tr\u00eas dimens\u00f5es. Em locais como EUA, Europa, China, Cingapura n\u00e3o se fala mais em or\u00e7amento de projeto e concep\u00e7\u00e3o de projetos. J\u00e1 se trabalha com o risco daquele projeto. Passou a fase da elabora\u00e7\u00e3o dos projetos nas suas an\u00e1lises para a an\u00e1lise do risco do projeto em BIM. Isso s\u00f3 \u00e9 poss\u00edvel com o desenvolvimento dessa tecnologia. Quem n\u00e3o tiver o conhecimento, vai sair do mercado. <\/p>\n<p><strong>Quando foi o seu encontro com a tecnologia BIM? <\/p>\n<p>Pedro Badra<\/strong> &#8211; Em 1987, houve uma feira na Hungria em que se colocou um concurso que se fez um comparativo de tempo de um projeto em AutoCAD (2D) e de um em ArchiCAD (3D). Foi massacrante o desenvolvimento do projeto em 3D&#8230;isso em 87. Tomei conhecimento desse software em 1988. Em 1989, implantei o BIM na or\u00e7amenta\u00e7\u00e3o e de l\u00e1 para c\u00e1 venho me desenvolvendo cada vez mais. <\/p>\n<p>Mas s\u00f3 em 2004 que senti que o mercado come\u00e7ou a entender da necessidade da utiliza\u00e7\u00e3o do tridimensionamento do projeto. E no Brasil essa percep\u00e7\u00e3o de mercado s\u00f3 veio em 2007, quando se viu a grande necessidade dessa tecnologia. Hoje, nas obras de infraestrutura, habitacionais, aeroportos n\u00e3o se concebe apresentar um projeto que n\u00e3o seja em 3D, para que o cliente e os projetistas saibam como ser\u00e1 a obra. <\/p>\n<p>\n<strong><u><a target=\"_blank\" href=\"http:\/\/www.iengenharia.org.br\/site\/agenda\/exibe\/id_sessao\/3\/id_evento\/1542\/Curso-cBIM---Building-Information-Modeling\">CLIQUE AQUI<\/a> PARA SABER MAIS SOBRE O CURSO E FA\u00c7A SUA INSCRI\u00c7\u00c3O.<br \/>\n<\/u><\/strong><\/p>\n<p><b>Autor: Isabel Dianin<\/b><\/p>\n","protected":false},"excerpt":{"rendered":"<p>O curso cBIM &#8211; Building Information Modeling &#8211; com in\u00edcio em 11 de agosto, ser\u00e1 ministrado no Instituto,  tendo \u00e0 frente o engenheiro Pedro Badra, coordenador da DT de Inform\u00e1tica e assessor de presid\u00eancia para Assuntos BIM. O curso tem o objetivo de ir al\u00e9m do software BIM e abordar, entre outros aspectos, a implementa\u00e7\u00e3o organizacional. O tema \u00e9 um resultado das 45 palestras BIM, realizadas desde 2014 no IE e \u00e9 uma oportunidade para que os profissionais se reciclem no uso de uma tecnologia que j\u00e1 \u00e9 uma refer\u00eancia mundial em termos de Engenharia de precis\u00e3o. A seguir, confira entrevista concedida pelo engenheiro Pedro Badra sobre o curso<\/p>\n","protected":false},"author":1,"featured_media":25694,"comment_status":"open","ping_status":"open","sticky":false,"template":"","format":"standard","meta":{"footnotes":""},"categories":[72,27,6],"tags":[],"class_list":{"0":"post-25693","1":"post","2":"type-post","3":"status-publish","4":"format-standard","5":"has-post-thumbnail","7":"category-divisao-tecnica-de-tecnologias-digitais","8":"category-instituto-de-engenharia","9":"category-noticias"},"yoast_head":"<!-- This site is optimized with the Yoast SEO plugin v27.2 - https:\/\/yoast.com\/product\/yoast-seo-wordpress\/ -->\n<title>Veja entrevista com Pedro Badra, coordenador da DT de Inform\u00e1tica, sobre o curso cBIM  - Instituto de Engenharia<\/title>\n<meta name=\"robots\" content=\"index, follow, max-snippet:-1, max-image-preview:large, max-video-preview:-1\" \/>\n<link rel=\"canonical\" href=\"https:\/\/www.institutodeengenharia.org.br\/site\/2015\/06\/26\/veja-entrevista-com-pedro-badra-coordenador-da-dt-de-informatica-sobre-o-curso-cbim\/\" \/>\n<meta property=\"og:locale\" content=\"pt_BR\" \/>\n<meta property=\"og:type\" content=\"article\" \/>\n<meta property=\"og:title\" content=\"Veja entrevista com Pedro Badra, coordenador da DT de Inform\u00e1tica, sobre o curso cBIM  - Instituto de Engenharia\" \/>\n<meta property=\"og:description\" content=\"O curso cBIM - Building Information Modeling - com in\u00edcio em 11 de agosto, ser\u00e1 ministrado no Instituto, tendo \u00e0 frente o engenheiro Pedro Badra, coordenador da DT de Inform\u00e1tica e assessor de presid\u00eancia para Assuntos BIM. O curso tem o objetivo de ir al\u00e9m do software BIM e abordar, entre outros aspectos, a implementa\u00e7\u00e3o organizacional. O tema \u00e9 um resultado das 45 palestras BIM, realizadas desde 2014 no IE e \u00e9 uma oportunidade para que os profissionais se reciclem no uso de uma tecnologia que j\u00e1 \u00e9 uma refer\u00eancia mundial em termos de Engenharia de precis\u00e3o. A seguir, confira entrevista concedida pelo engenheiro Pedro Badra sobre o curso\" \/>\n<meta property=\"og:url\" content=\"https:\/\/www.institutodeengenharia.org.br\/site\/2015\/06\/26\/veja-entrevista-com-pedro-badra-coordenador-da-dt-de-informatica-sobre-o-curso-cbim\/\" \/>\n<meta property=\"og:site_name\" content=\"Instituto de Engenharia\" \/>\n<meta property=\"article:publisher\" content=\"https:\/\/www.facebook.com\/institutodeengenharia\" \/>\n<meta property=\"article:published_time\" content=\"2015-06-26T00:21:07+00:00\" \/>\n<meta property=\"article:modified_time\" content=\"2015-06-26T15:39:12+00:00\" \/>\n<meta property=\"og:image\" content=\"https:\/\/www.institutodeengenharia.org.br\/site\/wp-content\/uploads\/2017\/10\/DSC06836(2).jpg\" \/>\n\t<meta property=\"og:image:width\" content=\"448\" \/>\n\t<meta property=\"og:image:height\" content=\"336\" \/>\n\t<meta property=\"og:image:type\" content=\"image\/jpeg\" \/>\n<meta name=\"author\" content=\"TMax Tecnologia\" \/>\n<meta name=\"twitter:card\" content=\"summary_large_image\" \/>\n<meta name=\"twitter:creator\" content=\"@iengenharia\" \/>\n<meta name=\"twitter:site\" content=\"@iengenharia\" \/>\n<meta name=\"twitter:label1\" content=\"Escrito por\" \/>\n\t<meta name=\"twitter:data1\" content=\"TMax Tecnologia\" \/>\n\t<meta name=\"twitter:label2\" content=\"Est. tempo de leitura\" \/>\n\t<meta name=\"twitter:data2\" content=\"6 minutos\" \/>\n<script type=\"application\/ld+json\" class=\"yoast-schema-graph\">{\"@context\":\"https:\/\/schema.org\",\"@graph\":[{\"@type\":\"Article\",\"@id\":\"https:\/\/www.institutodeengenharia.org.br\/site\/2015\/06\/26\/veja-entrevista-com-pedro-badra-coordenador-da-dt-de-informatica-sobre-o-curso-cbim\/#article\",\"isPartOf\":{\"@id\":\"https:\/\/www.institutodeengenharia.org.br\/site\/2015\/06\/26\/veja-entrevista-com-pedro-badra-coordenador-da-dt-de-informatica-sobre-o-curso-cbim\/\"},\"author\":{\"name\":\"TMax Tecnologia\",\"@id\":\"https:\/\/www.institutodeengenharia.org.br\/site\/#\/schema\/person\/3b1ff109facef084739fc2edcb9a127f\"},\"headline\":\"Veja entrevista com Pedro Badra, coordenador da DT de Inform\u00e1tica, sobre o curso cBIM\",\"datePublished\":\"2015-06-26T00:21:07+00:00\",\"dateModified\":\"2015-06-26T15:39:12+00:00\",\"mainEntityOfPage\":{\"@id\":\"https:\/\/www.institutodeengenharia.org.br\/site\/2015\/06\/26\/veja-entrevista-com-pedro-badra-coordenador-da-dt-de-informatica-sobre-o-curso-cbim\/\"},\"wordCount\":1150,\"commentCount\":0,\"publisher\":{\"@id\":\"https:\/\/www.institutodeengenharia.org.br\/site\/#organization\"},\"image\":{\"@id\":\"https:\/\/www.institutodeengenharia.org.br\/site\/2015\/06\/26\/veja-entrevista-com-pedro-badra-coordenador-da-dt-de-informatica-sobre-o-curso-cbim\/#primaryimage\"},\"thumbnailUrl\":\"https:\/\/www.institutodeengenharia.org.br\/site\/wp-content\/uploads\/2017\/10\/DSC06836(2).jpg\",\"articleSection\":[\"Divis\u00e3o T\u00e9cnica de Tecnologias Digitais\",\"Instituto de Engenharia\",\"Not\u00edcias\"],\"inLanguage\":\"pt-BR\",\"potentialAction\":[{\"@type\":\"CommentAction\",\"name\":\"Comment\",\"target\":[\"https:\/\/www.institutodeengenharia.org.br\/site\/2015\/06\/26\/veja-entrevista-com-pedro-badra-coordenador-da-dt-de-informatica-sobre-o-curso-cbim\/#respond\"]}]},{\"@type\":\"WebPage\",\"@id\":\"https:\/\/www.institutodeengenharia.org.br\/site\/2015\/06\/26\/veja-entrevista-com-pedro-badra-coordenador-da-dt-de-informatica-sobre-o-curso-cbim\/\",\"url\":\"https:\/\/www.institutodeengenharia.org.br\/site\/2015\/06\/26\/veja-entrevista-com-pedro-badra-coordenador-da-dt-de-informatica-sobre-o-curso-cbim\/\",\"name\":\"Veja entrevista com Pedro Badra, coordenador da DT de Inform\u00e1tica, sobre o curso cBIM - Instituto de Engenharia\",\"isPartOf\":{\"@id\":\"https:\/\/www.institutodeengenharia.org.br\/site\/#website\"},\"primaryImageOfPage\":{\"@id\":\"https:\/\/www.institutodeengenharia.org.br\/site\/2015\/06\/26\/veja-entrevista-com-pedro-badra-coordenador-da-dt-de-informatica-sobre-o-curso-cbim\/#primaryimage\"},\"image\":{\"@id\":\"https:\/\/www.institutodeengenharia.org.br\/site\/2015\/06\/26\/veja-entrevista-com-pedro-badra-coordenador-da-dt-de-informatica-sobre-o-curso-cbim\/#primaryimage\"},\"thumbnailUrl\":\"https:\/\/www.institutodeengenharia.org.br\/site\/wp-content\/uploads\/2017\/10\/DSC06836(2).jpg\",\"datePublished\":\"2015-06-26T00:21:07+00:00\",\"dateModified\":\"2015-06-26T15:39:12+00:00\",\"breadcrumb\":{\"@id\":\"https:\/\/www.institutodeengenharia.org.br\/site\/2015\/06\/26\/veja-entrevista-com-pedro-badra-coordenador-da-dt-de-informatica-sobre-o-curso-cbim\/#breadcrumb\"},\"inLanguage\":\"pt-BR\",\"potentialAction\":[{\"@type\":\"ReadAction\",\"target\":[\"https:\/\/www.institutodeengenharia.org.br\/site\/2015\/06\/26\/veja-entrevista-com-pedro-badra-coordenador-da-dt-de-informatica-sobre-o-curso-cbim\/\"]}]},{\"@type\":\"ImageObject\",\"inLanguage\":\"pt-BR\",\"@id\":\"https:\/\/www.institutodeengenharia.org.br\/site\/2015\/06\/26\/veja-entrevista-com-pedro-badra-coordenador-da-dt-de-informatica-sobre-o-curso-cbim\/#primaryimage\",\"url\":\"https:\/\/www.institutodeengenharia.org.br\/site\/wp-content\/uploads\/2017\/10\/DSC06836(2).jpg\",\"contentUrl\":\"https:\/\/www.institutodeengenharia.org.br\/site\/wp-content\/uploads\/2017\/10\/DSC06836(2).jpg\",\"width\":448,\"height\":336},{\"@type\":\"BreadcrumbList\",\"@id\":\"https:\/\/www.institutodeengenharia.org.br\/site\/2015\/06\/26\/veja-entrevista-com-pedro-badra-coordenador-da-dt-de-informatica-sobre-o-curso-cbim\/#breadcrumb\",\"itemListElement\":[{\"@type\":\"ListItem\",\"position\":1,\"name\":\"In\u00edcio\",\"item\":\"https:\/\/www.institutodeengenharia.org.br\/site\/\"},{\"@type\":\"ListItem\",\"position\":2,\"name\":\"Veja entrevista com Pedro Badra, coordenador da DT de Inform\u00e1tica, sobre o curso cBIM\"}]},{\"@type\":\"WebSite\",\"@id\":\"https:\/\/www.institutodeengenharia.org.br\/site\/#website\",\"url\":\"https:\/\/www.institutodeengenharia.org.br\/site\/\",\"name\":\"Instituto de Engenharia\",\"description\":\"O Instituto de Engenharia promove a Engenharia em benef\u00edcio do desenvolvimento e da qualidade de vida da sociedade.\",\"publisher\":{\"@id\":\"https:\/\/www.institutodeengenharia.org.br\/site\/#organization\"},\"potentialAction\":[{\"@type\":\"SearchAction\",\"target\":{\"@type\":\"EntryPoint\",\"urlTemplate\":\"https:\/\/www.institutodeengenharia.org.br\/site\/?s={search_term_string}\"},\"query-input\":{\"@type\":\"PropertyValueSpecification\",\"valueRequired\":true,\"valueName\":\"search_term_string\"}}],\"inLanguage\":\"pt-BR\"},{\"@type\":\"Organization\",\"@id\":\"https:\/\/www.institutodeengenharia.org.br\/site\/#organization\",\"name\":\"Instituto de Engenharia\",\"url\":\"https:\/\/www.institutodeengenharia.org.br\/site\/\",\"logo\":{\"@type\":\"ImageObject\",\"inLanguage\":\"pt-BR\",\"@id\":\"https:\/\/www.institutodeengenharia.org.br\/site\/#\/schema\/logo\/image\/\",\"url\":\"https:\/\/www.institutodeengenharia.org.br\/site\/wp-content\/uploads\/2019\/03\/logo-novo-IE2018-1.jpg\",\"contentUrl\":\"https:\/\/www.institutodeengenharia.org.br\/site\/wp-content\/uploads\/2019\/03\/logo-novo-IE2018-1.jpg\",\"width\":1486,\"height\":1879,\"caption\":\"Instituto de Engenharia\"},\"image\":{\"@id\":\"https:\/\/www.institutodeengenharia.org.br\/site\/#\/schema\/logo\/image\/\"},\"sameAs\":[\"https:\/\/www.facebook.com\/institutodeengenharia\",\"https:\/\/x.com\/iengenharia\",\"https:\/\/www.instagram.com\/institutodeengenharia\/\",\"https:\/\/www.linkedin.com\/company\/instituto-de-engenharia\/\",\"https:\/\/www.youtube.com\/channel\/UCXiCAlsSMe977vamW915HxA\"]},{\"@type\":\"Person\",\"@id\":\"https:\/\/www.institutodeengenharia.org.br\/site\/#\/schema\/person\/3b1ff109facef084739fc2edcb9a127f\",\"name\":\"TMax Tecnologia\",\"image\":{\"@type\":\"ImageObject\",\"inLanguage\":\"pt-BR\",\"@id\":\"https:\/\/secure.gravatar.com\/avatar\/f912434ef7f389c92cb311fcdae346af848465d638912574b3c669070f797701?s=96&d=mm&r=g\",\"url\":\"https:\/\/secure.gravatar.com\/avatar\/f912434ef7f389c92cb311fcdae346af848465d638912574b3c669070f797701?s=96&d=mm&r=g\",\"contentUrl\":\"https:\/\/secure.gravatar.com\/avatar\/f912434ef7f389c92cb311fcdae346af848465d638912574b3c669070f797701?s=96&d=mm&r=g\",\"caption\":\"TMax Tecnologia\"},\"url\":\"https:\/\/www.institutodeengenharia.org.br\/site\/author\/tmax\/\"}]}<\/script>\n<!-- \/ Yoast SEO plugin. -->","yoast_head_json":{"title":"Veja entrevista com Pedro Badra, coordenador da DT de Inform\u00e1tica, sobre o curso cBIM  - Instituto de Engenharia","robots":{"index":"index","follow":"follow","max-snippet":"max-snippet:-1","max-image-preview":"max-image-preview:large","max-video-preview":"max-video-preview:-1"},"canonical":"https:\/\/www.institutodeengenharia.org.br\/site\/2015\/06\/26\/veja-entrevista-com-pedro-badra-coordenador-da-dt-de-informatica-sobre-o-curso-cbim\/","og_locale":"pt_BR","og_type":"article","og_title":"Veja entrevista com Pedro Badra, coordenador da DT de Inform\u00e1tica, sobre o curso cBIM  - Instituto de Engenharia","og_description":"O curso cBIM - Building Information Modeling - com in\u00edcio em 11 de agosto, ser\u00e1 ministrado no Instituto, tendo \u00e0 frente o engenheiro Pedro Badra, coordenador da DT de Inform\u00e1tica e assessor de presid\u00eancia para Assuntos BIM. O curso tem o objetivo de ir al\u00e9m do software BIM e abordar, entre outros aspectos, a implementa\u00e7\u00e3o organizacional. O tema \u00e9 um resultado das 45 palestras BIM, realizadas desde 2014 no IE e \u00e9 uma oportunidade para que os profissionais se reciclem no uso de uma tecnologia que j\u00e1 \u00e9 uma refer\u00eancia mundial em termos de Engenharia de precis\u00e3o. A seguir, confira entrevista concedida pelo engenheiro Pedro Badra sobre o curso","og_url":"https:\/\/www.institutodeengenharia.org.br\/site\/2015\/06\/26\/veja-entrevista-com-pedro-badra-coordenador-da-dt-de-informatica-sobre-o-curso-cbim\/","og_site_name":"Instituto de Engenharia","article_publisher":"https:\/\/www.facebook.com\/institutodeengenharia","article_published_time":"2015-06-26T00:21:07+00:00","article_modified_time":"2015-06-26T15:39:12+00:00","og_image":[{"width":448,"height":336,"url":"https:\/\/www.institutodeengenharia.org.br\/site\/wp-content\/uploads\/2017\/10\/DSC06836(2).jpg","type":"image\/jpeg"}],"author":"TMax Tecnologia","twitter_card":"summary_large_image","twitter_creator":"@iengenharia","twitter_site":"@iengenharia","twitter_misc":{"Escrito por":"TMax Tecnologia","Est. tempo de leitura":"6 minutos"},"schema":{"@context":"https:\/\/schema.org","@graph":[{"@type":"Article","@id":"https:\/\/www.institutodeengenharia.org.br\/site\/2015\/06\/26\/veja-entrevista-com-pedro-badra-coordenador-da-dt-de-informatica-sobre-o-curso-cbim\/#article","isPartOf":{"@id":"https:\/\/www.institutodeengenharia.org.br\/site\/2015\/06\/26\/veja-entrevista-com-pedro-badra-coordenador-da-dt-de-informatica-sobre-o-curso-cbim\/"},"author":{"name":"TMax Tecnologia","@id":"https:\/\/www.institutodeengenharia.org.br\/site\/#\/schema\/person\/3b1ff109facef084739fc2edcb9a127f"},"headline":"Veja entrevista com Pedro Badra, coordenador da DT de Inform\u00e1tica, sobre o curso cBIM","datePublished":"2015-06-26T00:21:07+00:00","dateModified":"2015-06-26T15:39:12+00:00","mainEntityOfPage":{"@id":"https:\/\/www.institutodeengenharia.org.br\/site\/2015\/06\/26\/veja-entrevista-com-pedro-badra-coordenador-da-dt-de-informatica-sobre-o-curso-cbim\/"},"wordCount":1150,"commentCount":0,"publisher":{"@id":"https:\/\/www.institutodeengenharia.org.br\/site\/#organization"},"image":{"@id":"https:\/\/www.institutodeengenharia.org.br\/site\/2015\/06\/26\/veja-entrevista-com-pedro-badra-coordenador-da-dt-de-informatica-sobre-o-curso-cbim\/#primaryimage"},"thumbnailUrl":"https:\/\/www.institutodeengenharia.org.br\/site\/wp-content\/uploads\/2017\/10\/DSC06836(2).jpg","articleSection":["Divis\u00e3o T\u00e9cnica de Tecnologias Digitais","Instituto de Engenharia","Not\u00edcias"],"inLanguage":"pt-BR","potentialAction":[{"@type":"CommentAction","name":"Comment","target":["https:\/\/www.institutodeengenharia.org.br\/site\/2015\/06\/26\/veja-entrevista-com-pedro-badra-coordenador-da-dt-de-informatica-sobre-o-curso-cbim\/#respond"]}]},{"@type":"WebPage","@id":"https:\/\/www.institutodeengenharia.org.br\/site\/2015\/06\/26\/veja-entrevista-com-pedro-badra-coordenador-da-dt-de-informatica-sobre-o-curso-cbim\/","url":"https:\/\/www.institutodeengenharia.org.br\/site\/2015\/06\/26\/veja-entrevista-com-pedro-badra-coordenador-da-dt-de-informatica-sobre-o-curso-cbim\/","name":"Veja entrevista com Pedro Badra, coordenador da DT de Inform\u00e1tica, sobre o curso cBIM - Instituto de Engenharia","isPartOf":{"@id":"https:\/\/www.institutodeengenharia.org.br\/site\/#website"},"primaryImageOfPage":{"@id":"https:\/\/www.institutodeengenharia.org.br\/site\/2015\/06\/26\/veja-entrevista-com-pedro-badra-coordenador-da-dt-de-informatica-sobre-o-curso-cbim\/#primaryimage"},"image":{"@id":"https:\/\/www.institutodeengenharia.org.br\/site\/2015\/06\/26\/veja-entrevista-com-pedro-badra-coordenador-da-dt-de-informatica-sobre-o-curso-cbim\/#primaryimage"},"thumbnailUrl":"https:\/\/www.institutodeengenharia.org.br\/site\/wp-content\/uploads\/2017\/10\/DSC06836(2).jpg","datePublished":"2015-06-26T00:21:07+00:00","dateModified":"2015-06-26T15:39:12+00:00","breadcrumb":{"@id":"https:\/\/www.institutodeengenharia.org.br\/site\/2015\/06\/26\/veja-entrevista-com-pedro-badra-coordenador-da-dt-de-informatica-sobre-o-curso-cbim\/#breadcrumb"},"inLanguage":"pt-BR","potentialAction":[{"@type":"ReadAction","target":["https:\/\/www.institutodeengenharia.org.br\/site\/2015\/06\/26\/veja-entrevista-com-pedro-badra-coordenador-da-dt-de-informatica-sobre-o-curso-cbim\/"]}]},{"@type":"ImageObject","inLanguage":"pt-BR","@id":"https:\/\/www.institutodeengenharia.org.br\/site\/2015\/06\/26\/veja-entrevista-com-pedro-badra-coordenador-da-dt-de-informatica-sobre-o-curso-cbim\/#primaryimage","url":"https:\/\/www.institutodeengenharia.org.br\/site\/wp-content\/uploads\/2017\/10\/DSC06836(2).jpg","contentUrl":"https:\/\/www.institutodeengenharia.org.br\/site\/wp-content\/uploads\/2017\/10\/DSC06836(2).jpg","width":448,"height":336},{"@type":"BreadcrumbList","@id":"https:\/\/www.institutodeengenharia.org.br\/site\/2015\/06\/26\/veja-entrevista-com-pedro-badra-coordenador-da-dt-de-informatica-sobre-o-curso-cbim\/#breadcrumb","itemListElement":[{"@type":"ListItem","position":1,"name":"In\u00edcio","item":"https:\/\/www.institutodeengenharia.org.br\/site\/"},{"@type":"ListItem","position":2,"name":"Veja entrevista com Pedro Badra, coordenador da DT de Inform\u00e1tica, sobre o curso cBIM"}]},{"@type":"WebSite","@id":"https:\/\/www.institutodeengenharia.org.br\/site\/#website","url":"https:\/\/www.institutodeengenharia.org.br\/site\/","name":"Instituto de Engenharia","description":"O Instituto de Engenharia promove a Engenharia em benef\u00edcio do desenvolvimento e da qualidade de vida da sociedade.","publisher":{"@id":"https:\/\/www.institutodeengenharia.org.br\/site\/#organization"},"potentialAction":[{"@type":"SearchAction","target":{"@type":"EntryPoint","urlTemplate":"https:\/\/www.institutodeengenharia.org.br\/site\/?s={search_term_string}"},"query-input":{"@type":"PropertyValueSpecification","valueRequired":true,"valueName":"search_term_string"}}],"inLanguage":"pt-BR"},{"@type":"Organization","@id":"https:\/\/www.institutodeengenharia.org.br\/site\/#organization","name":"Instituto de Engenharia","url":"https:\/\/www.institutodeengenharia.org.br\/site\/","logo":{"@type":"ImageObject","inLanguage":"pt-BR","@id":"https:\/\/www.institutodeengenharia.org.br\/site\/#\/schema\/logo\/image\/","url":"https:\/\/www.institutodeengenharia.org.br\/site\/wp-content\/uploads\/2019\/03\/logo-novo-IE2018-1.jpg","contentUrl":"https:\/\/www.institutodeengenharia.org.br\/site\/wp-content\/uploads\/2019\/03\/logo-novo-IE2018-1.jpg","width":1486,"height":1879,"caption":"Instituto de Engenharia"},"image":{"@id":"https:\/\/www.institutodeengenharia.org.br\/site\/#\/schema\/logo\/image\/"},"sameAs":["https:\/\/www.facebook.com\/institutodeengenharia","https:\/\/x.com\/iengenharia","https:\/\/www.instagram.com\/institutodeengenharia\/","https:\/\/www.linkedin.com\/company\/instituto-de-engenharia\/","https:\/\/www.youtube.com\/channel\/UCXiCAlsSMe977vamW915HxA"]},{"@type":"Person","@id":"https:\/\/www.institutodeengenharia.org.br\/site\/#\/schema\/person\/3b1ff109facef084739fc2edcb9a127f","name":"TMax Tecnologia","image":{"@type":"ImageObject","inLanguage":"pt-BR","@id":"https:\/\/secure.gravatar.com\/avatar\/f912434ef7f389c92cb311fcdae346af848465d638912574b3c669070f797701?s=96&d=mm&r=g","url":"https:\/\/secure.gravatar.com\/avatar\/f912434ef7f389c92cb311fcdae346af848465d638912574b3c669070f797701?s=96&d=mm&r=g","contentUrl":"https:\/\/secure.gravatar.com\/avatar\/f912434ef7f389c92cb311fcdae346af848465d638912574b3c669070f797701?s=96&d=mm&r=g","caption":"TMax Tecnologia"},"url":"https:\/\/www.institutodeengenharia.org.br\/site\/author\/tmax\/"}]}},"_links":{"self":[{"href":"https:\/\/www.institutodeengenharia.org.br\/site\/wp-json\/wp\/v2\/posts\/25693","targetHints":{"allow":["GET"]}}],"collection":[{"href":"https:\/\/www.institutodeengenharia.org.br\/site\/wp-json\/wp\/v2\/posts"}],"about":[{"href":"https:\/\/www.institutodeengenharia.org.br\/site\/wp-json\/wp\/v2\/types\/post"}],"author":[{"embeddable":true,"href":"https:\/\/www.institutodeengenharia.org.br\/site\/wp-json\/wp\/v2\/users\/1"}],"replies":[{"embeddable":true,"href":"https:\/\/www.institutodeengenharia.org.br\/site\/wp-json\/wp\/v2\/comments?post=25693"}],"version-history":[{"count":0,"href":"https:\/\/www.institutodeengenharia.org.br\/site\/wp-json\/wp\/v2\/posts\/25693\/revisions"}],"wp:featuredmedia":[{"embeddable":true,"href":"https:\/\/www.institutodeengenharia.org.br\/site\/wp-json\/wp\/v2\/media\/25694"}],"wp:attachment":[{"href":"https:\/\/www.institutodeengenharia.org.br\/site\/wp-json\/wp\/v2\/media?parent=25693"}],"wp:term":[{"taxonomy":"category","embeddable":true,"href":"https:\/\/www.institutodeengenharia.org.br\/site\/wp-json\/wp\/v2\/categories?post=25693"},{"taxonomy":"post_tag","embeddable":true,"href":"https:\/\/www.institutodeengenharia.org.br\/site\/wp-json\/wp\/v2\/tags?post=25693"}],"curies":[{"name":"wp","href":"https:\/\/api.w.org\/{rel}","templated":true}]}}