{"id":25329,"date":"2015-03-03T00:16:13","date_gmt":"2015-03-03T00:16:13","guid":{"rendered":"https:\/\/www.institutodeengenharia.org.br\/?p=25329"},"modified":"2015-03-03T08:26:22","modified_gmt":"2015-03-03T08:26:22","slug":"ate-o-papa-e-que-deus-nos-proteja","status":"publish","type":"post","link":"https:\/\/www.institutodeengenharia.org.br\/site\/2015\/03\/03\/ate-o-papa-e-que-deus-nos-proteja\/","title":{"rendered":"At\u00e9 o Papa &#8230; e que Deus nos proteja !"},"content":{"rendered":"<p>A Uber uma startup norte-americana, anunciou a contrata\u00e7\u00e3o de 50 cientistas do centro de rob\u00f3tica da Universidade Carnegie Mellon, visando o desenvolvimento de autom\u00f3veis que dispensar\u00e3o motoristas. <br \/>\nParalelamente o Google trabalha com o mesmo intuito, tendo a expectativa de em 2020, lan\u00e7ar ve\u00edculos com estas mesmas caracter\u00edsticas.&nbsp;<\/p>\n<p>Para que serviria um autom\u00f3vel sem motorista? Isto n\u00e3o sobrecarregaria ainda mais o tr\u00e2nsito nas cidades, especialmente aquelas pouco planejadas ?&nbsp;<\/p>\n<p>Comercialmente existem dois focos: frota de t\u00e1xis aut\u00f4nomos e o incentivo ao compartilhamento de ve\u00edculos, usual em cidades desenvolvidas.&nbsp;<\/p>\n<p>E o motorista com isto? Ora ele \u00e9 custo, na vis\u00e3o empresarial de seres humanos normais. Palavra pouco conhecida no Brasil, especialmente na gest\u00e3o p\u00fablica, que ainda mant\u00e9m cobradores em \u00f4nibus p\u00fablicos, mesmo havendo h\u00e1 anos tecnologia dos cart\u00f5es nos coletivos.&nbsp;<\/p>\n<p>Tendo em vista esta diferen\u00e7a planet\u00e1ria de vis\u00e3o, planejamento e tecnologia entre um pa\u00eds e outro, a indu\u00e7\u00e3o ao racioc\u00ednio natural brazuca \u00e9 simples : isto n\u00e3o serve \u201cpra n\u00f3s\u201d. Ou talvez somente daqui alguns anos. Certo ?&nbsp;<\/p>\n<p>Errado!&nbsp;<\/p>\n<p>\u00c9 claro que num pa\u00eds onde a gest\u00e3o p\u00fablica n\u00e3o mede esfor\u00e7os para alcan\u00e7ar a Venezuela, h\u00e1 um certo desestimulo pela inova\u00e7\u00e3o ou pela busca por efici\u00eancia atrav\u00e9s de novas tecnologias. Mas cabe ao empreendedor, empres\u00e1rio e cidad\u00e3o apartid\u00e1rio com c\u00e9rebro, sonhar que o Brasil se transforme numa Alemanha ou Cor\u00e9ia do Sul, justamente para superarmos esta pasmaceira que se v\u00ea diuturnamente.&nbsp;<\/p>\n<p>Como se sabe, a Uber (app para compartilhamento de ve\u00edculos) j\u00e1 enfrenta problemas na cidade de S\u00e3o Paulo, pois existem questionamentos jur\u00eddicos se a atua\u00e7\u00e3o da empresa fere as licen\u00e7as concedidas aos taxistas.&nbsp;<\/p>\n<p>Humm , retrocesso ou jeito de protecionismo bolivariano? <br \/>\nOra, as grandes capitais brasileiras, apresentam n\u00edveis ca\u00f3ticos no transporte p\u00fablico(*) al\u00e9m de n\u00e3o mais comportarem ve\u00edculos particulares. Desta forma, o compartilhamento de autom\u00f3veis, como os existentes em S\u00e3o Paulo e Recife (**), amenizaria esta situa\u00e7\u00e3o e deveria crescer para suprir esta demanda reprimida. Mais ainda, gestores das grandes capitais tem por obriga\u00e7\u00e3o acompanhar toda esta movimenta\u00e7\u00e3o de starup\u2019s pelo mundo.&nbsp;<\/p>\n<p>Por teimosia e desencargo de consci\u00eancia, decidimos consultar o site do Minist\u00e9rio das Cidades (um dos trinta e nove) para quem sabe, colhermos material sobre novas tecnologias e clicando no \u00edcone \u201cAcesso a Informa\u00e7\u00e3o\u201d, sabe que o leitor encontrar\u00e1 : \u201cDesculpe, mas est\u00e1 p\u00e1gina n\u00e3o existe\u201d.&nbsp;<\/p>\n<p>Sendo assim, nos resta sonhar como os profissionais do Google ou seguir o twitter dos 50 contratados da Uber. Pois s\u00e3o estas grandes empresas que nos ensinam a pensar grande. Claro que tem uma turma que prefere acompanhar o twitter de Cristina Kirchner ofendendo chineses com piadinhas que trocam o \u201cR\u201d pelo \u201cL\u201d em plena visita oficial ao gigante do com\u00e9rcio mundial. Isto n\u00e3o importa, nosso foco \u00e9 aprender com estes players que olham os neg\u00f3cios de forma s\u00e9ria. No caso do Google, em especial, vale destacar que produzem energia solar no Atl\u00e2ntico Norte e est\u00e3o avaliando parcerias com a ind\u00fastria automobil\u00edstica para produzir seus pr\u00f3prios ve\u00edculos sem motoristas. E por a\u00ed&nbsp;v\u00e3o.&nbsp;<\/p>\n<p>Temos portanto que construir um Brasil quase que paralelo, incentivando estas grandes empresas atrav\u00e9s do consumo de seus produtos com divulga\u00e7\u00e3o e respeito, que \u00e9 uma forma de lutar contra a ociosidade do pensar.&nbsp;<\/p>\n<p>Todos sabem que n\u00e3o existe almo\u00e7o gr\u00e1tis, o custo para o cidad\u00e3o pela inefici\u00eancia do Estado, est\u00e1 todos os dias nos jornais. Abaixaram 20% a energia el\u00e9trica por decreto em 2013 ? Estoura o caixa em seguida e sobe 40% em 2015! Seguraram o pre\u00e7o do combust\u00edvel para \u201cconter\u201d a infla\u00e7\u00e3o? Estoura o caixa da Petrobr\u00e1s e continua subindo a infla\u00e7\u00e3o.&nbsp;<\/p>\n<p>Solu\u00e7\u00e3o? Criatividade, esta mesma que o Google e Uber nos mostra como um caminhar, j\u00e1 que \u00e9 praticamente imposs\u00edvel andar seja de autom\u00f3vel, Metr\u00f4 ou de \u00f4nibus numa cidade como S\u00e3o Paulo.&nbsp;<\/p>\n<p>Temos que desenvolver portanto, um Brasil que metade do pa\u00eds sonha, e para isso devemos ficar atentos com empresas e prestadores de servi\u00e7os alinhados com esta realidade.&nbsp;<\/p>\n<p>Pois esta \u00e9 verdadeira realidade do mundo , pois at\u00e9 o Vaticano, uma estrutura que se mostrava im\u00f3vel h\u00e1 s\u00e9culos, est\u00e1 se comprometendo a apoiar uma startup (Scholas.lab) que acolher\u00e1 projetos inovadores na \u00e1rea de educa\u00e7\u00e3o, conforme recente declara\u00e7\u00e3o do Papa Francisco.&nbsp;<\/p>\n<p>Ent\u00e3o se temos a ben\u00e7\u00e3o \u201coficial\u201d de Deus, sigamos adiante e esque\u00e7amos Nicol\u00e1s Maduro e sua troupe.&nbsp;<\/p>\n<p>E aproveitando o Papa &#8230; que Deus nos Proteja !&nbsp;<\/p>\n<p><em>Estado de S\u00e3o Paulo, Colunista do Instituto de Engenharia de S\u00e3o Paulo, Editor do Portal Sustentahabilidade.com, Diretor e Apresentador do Programa SustentaHabilidade transmitido pela FLIXTV.&nbsp;<\/p>\n<p>(*) O Metr\u00f4 de S\u00e3o Paulo, transportou 1,3 bilh\u00e3o de passageiros em 2014, com crescimento de 166 milh\u00f5es de viagens em 04 anos.&nbsp;<\/p>\n<p>(**) Os ve\u00edculos utilizados s\u00e3o exclusivamente el\u00e9tricos, importados da China. <\/p>\n<p><\/em><\/p>\n","protected":false},"excerpt":{"rendered":"<p>Os artigos publicados com assinatura, n\u00e3o traduzem necessariamente a opini\u00e3o do Instituto de Engenharia. Sua publica\u00e7\u00e3o obedece ao prop\u00f3sito de estimular o debate dos problemas brasileiros e de refletir as diversas tend\u00eancias do pensamento contempor\u00e2neo<\/p>\n","protected":false},"author":1,"featured_media":0,"comment_status":"open","ping_status":"open","sticky":false,"template":"","format":"standard","meta":{"footnotes":""},"categories":[107],"tags":[],"class_list":{"0":"post-25329","1":"post","2":"type-post","3":"status-publish","4":"format-standard","6":"category-roberto-mangraviti"},"yoast_head":"<!-- This site is optimized with the Yoast SEO plugin v27.2 - https:\/\/yoast.com\/product\/yoast-seo-wordpress\/ -->\n<title>At\u00e9 o Papa ... e que Deus nos proteja ! - Instituto de Engenharia<\/title>\n<meta name=\"robots\" content=\"index, follow, max-snippet:-1, max-image-preview:large, max-video-preview:-1\" \/>\n<link rel=\"canonical\" href=\"https:\/\/www.institutodeengenharia.org.br\/site\/2015\/03\/03\/ate-o-papa-e-que-deus-nos-proteja\/\" \/>\n<meta property=\"og:locale\" content=\"pt_BR\" \/>\n<meta property=\"og:type\" content=\"article\" \/>\n<meta property=\"og:title\" content=\"At\u00e9 o Papa ... e que Deus nos proteja ! - Instituto de Engenharia\" \/>\n<meta property=\"og:description\" content=\"Os artigos publicados com assinatura, n\u00e3o traduzem necessariamente a opini\u00e3o do Instituto de Engenharia. Sua publica\u00e7\u00e3o obedece ao prop\u00f3sito de estimular o debate dos problemas brasileiros e de refletir as diversas tend\u00eancias do pensamento contempor\u00e2neo\" \/>\n<meta property=\"og:url\" content=\"https:\/\/www.institutodeengenharia.org.br\/site\/2015\/03\/03\/ate-o-papa-e-que-deus-nos-proteja\/\" \/>\n<meta property=\"og:site_name\" content=\"Instituto de Engenharia\" \/>\n<meta property=\"article:publisher\" content=\"https:\/\/www.facebook.com\/institutodeengenharia\" \/>\n<meta property=\"article:published_time\" content=\"2015-03-03T00:16:13+00:00\" \/>\n<meta property=\"article:modified_time\" content=\"2015-03-03T08:26:22+00:00\" \/>\n<meta name=\"author\" content=\"TMax Tecnologia\" \/>\n<meta name=\"twitter:card\" content=\"summary_large_image\" \/>\n<meta name=\"twitter:creator\" content=\"@iengenharia\" \/>\n<meta name=\"twitter:site\" content=\"@iengenharia\" \/>\n<meta name=\"twitter:label1\" content=\"Escrito por\" \/>\n\t<meta name=\"twitter:data1\" content=\"TMax Tecnologia\" \/>\n\t<meta name=\"twitter:label2\" content=\"Est. tempo de leitura\" \/>\n\t<meta name=\"twitter:data2\" content=\"4 minutos\" \/>\n<script type=\"application\/ld+json\" class=\"yoast-schema-graph\">{\"@context\":\"https:\/\/schema.org\",\"@graph\":[{\"@type\":\"Article\",\"@id\":\"https:\/\/www.institutodeengenharia.org.br\/site\/2015\/03\/03\/ate-o-papa-e-que-deus-nos-proteja\/#article\",\"isPartOf\":{\"@id\":\"https:\/\/www.institutodeengenharia.org.br\/site\/2015\/03\/03\/ate-o-papa-e-que-deus-nos-proteja\/\"},\"author\":{\"name\":\"TMax Tecnologia\",\"@id\":\"https:\/\/www.institutodeengenharia.org.br\/site\/#\/schema\/person\/3b1ff109facef084739fc2edcb9a127f\"},\"headline\":\"At\u00e9 o Papa &#8230; e que Deus nos proteja !\",\"datePublished\":\"2015-03-03T00:16:13+00:00\",\"dateModified\":\"2015-03-03T08:26:22+00:00\",\"mainEntityOfPage\":{\"@id\":\"https:\/\/www.institutodeengenharia.org.br\/site\/2015\/03\/03\/ate-o-papa-e-que-deus-nos-proteja\/\"},\"wordCount\":882,\"commentCount\":0,\"publisher\":{\"@id\":\"https:\/\/www.institutodeengenharia.org.br\/site\/#organization\"},\"articleSection\":[\"Roberto Mangraviti\"],\"inLanguage\":\"pt-BR\",\"potentialAction\":[{\"@type\":\"CommentAction\",\"name\":\"Comment\",\"target\":[\"https:\/\/www.institutodeengenharia.org.br\/site\/2015\/03\/03\/ate-o-papa-e-que-deus-nos-proteja\/#respond\"]}]},{\"@type\":\"WebPage\",\"@id\":\"https:\/\/www.institutodeengenharia.org.br\/site\/2015\/03\/03\/ate-o-papa-e-que-deus-nos-proteja\/\",\"url\":\"https:\/\/www.institutodeengenharia.org.br\/site\/2015\/03\/03\/ate-o-papa-e-que-deus-nos-proteja\/\",\"name\":\"At\u00e9 o Papa ... e que Deus nos proteja ! - Instituto de Engenharia\",\"isPartOf\":{\"@id\":\"https:\/\/www.institutodeengenharia.org.br\/site\/#website\"},\"datePublished\":\"2015-03-03T00:16:13+00:00\",\"dateModified\":\"2015-03-03T08:26:22+00:00\",\"breadcrumb\":{\"@id\":\"https:\/\/www.institutodeengenharia.org.br\/site\/2015\/03\/03\/ate-o-papa-e-que-deus-nos-proteja\/#breadcrumb\"},\"inLanguage\":\"pt-BR\",\"potentialAction\":[{\"@type\":\"ReadAction\",\"target\":[\"https:\/\/www.institutodeengenharia.org.br\/site\/2015\/03\/03\/ate-o-papa-e-que-deus-nos-proteja\/\"]}]},{\"@type\":\"BreadcrumbList\",\"@id\":\"https:\/\/www.institutodeengenharia.org.br\/site\/2015\/03\/03\/ate-o-papa-e-que-deus-nos-proteja\/#breadcrumb\",\"itemListElement\":[{\"@type\":\"ListItem\",\"position\":1,\"name\":\"In\u00edcio\",\"item\":\"https:\/\/www.institutodeengenharia.org.br\/site\/\"},{\"@type\":\"ListItem\",\"position\":2,\"name\":\"At\u00e9 o Papa &#8230; e que Deus nos proteja !\"}]},{\"@type\":\"WebSite\",\"@id\":\"https:\/\/www.institutodeengenharia.org.br\/site\/#website\",\"url\":\"https:\/\/www.institutodeengenharia.org.br\/site\/\",\"name\":\"Instituto de Engenharia\",\"description\":\"O Instituto de Engenharia promove a Engenharia em benef\u00edcio do desenvolvimento e da qualidade de vida da sociedade.\",\"publisher\":{\"@id\":\"https:\/\/www.institutodeengenharia.org.br\/site\/#organization\"},\"potentialAction\":[{\"@type\":\"SearchAction\",\"target\":{\"@type\":\"EntryPoint\",\"urlTemplate\":\"https:\/\/www.institutodeengenharia.org.br\/site\/?s={search_term_string}\"},\"query-input\":{\"@type\":\"PropertyValueSpecification\",\"valueRequired\":true,\"valueName\":\"search_term_string\"}}],\"inLanguage\":\"pt-BR\"},{\"@type\":\"Organization\",\"@id\":\"https:\/\/www.institutodeengenharia.org.br\/site\/#organization\",\"name\":\"Instituto de Engenharia\",\"url\":\"https:\/\/www.institutodeengenharia.org.br\/site\/\",\"logo\":{\"@type\":\"ImageObject\",\"inLanguage\":\"pt-BR\",\"@id\":\"https:\/\/www.institutodeengenharia.org.br\/site\/#\/schema\/logo\/image\/\",\"url\":\"https:\/\/www.institutodeengenharia.org.br\/site\/wp-content\/uploads\/2019\/03\/logo-novo-IE2018-1.jpg\",\"contentUrl\":\"https:\/\/www.institutodeengenharia.org.br\/site\/wp-content\/uploads\/2019\/03\/logo-novo-IE2018-1.jpg\",\"width\":1486,\"height\":1879,\"caption\":\"Instituto de Engenharia\"},\"image\":{\"@id\":\"https:\/\/www.institutodeengenharia.org.br\/site\/#\/schema\/logo\/image\/\"},\"sameAs\":[\"https:\/\/www.facebook.com\/institutodeengenharia\",\"https:\/\/x.com\/iengenharia\",\"https:\/\/www.instagram.com\/institutodeengenharia\/\",\"https:\/\/www.linkedin.com\/company\/instituto-de-engenharia\/\",\"https:\/\/www.youtube.com\/channel\/UCXiCAlsSMe977vamW915HxA\"]},{\"@type\":\"Person\",\"@id\":\"https:\/\/www.institutodeengenharia.org.br\/site\/#\/schema\/person\/3b1ff109facef084739fc2edcb9a127f\",\"name\":\"TMax Tecnologia\",\"image\":{\"@type\":\"ImageObject\",\"inLanguage\":\"pt-BR\",\"@id\":\"https:\/\/secure.gravatar.com\/avatar\/f912434ef7f389c92cb311fcdae346af848465d638912574b3c669070f797701?s=96&d=mm&r=g\",\"url\":\"https:\/\/secure.gravatar.com\/avatar\/f912434ef7f389c92cb311fcdae346af848465d638912574b3c669070f797701?s=96&d=mm&r=g\",\"contentUrl\":\"https:\/\/secure.gravatar.com\/avatar\/f912434ef7f389c92cb311fcdae346af848465d638912574b3c669070f797701?s=96&d=mm&r=g\",\"caption\":\"TMax Tecnologia\"},\"url\":\"https:\/\/www.institutodeengenharia.org.br\/site\/author\/tmax\/\"}]}<\/script>\n<!-- \/ Yoast SEO plugin. -->","yoast_head_json":{"title":"At\u00e9 o Papa ... e que Deus nos proteja ! - Instituto de Engenharia","robots":{"index":"index","follow":"follow","max-snippet":"max-snippet:-1","max-image-preview":"max-image-preview:large","max-video-preview":"max-video-preview:-1"},"canonical":"https:\/\/www.institutodeengenharia.org.br\/site\/2015\/03\/03\/ate-o-papa-e-que-deus-nos-proteja\/","og_locale":"pt_BR","og_type":"article","og_title":"At\u00e9 o Papa ... e que Deus nos proteja ! - Instituto de Engenharia","og_description":"Os artigos publicados com assinatura, n\u00e3o traduzem necessariamente a opini\u00e3o do Instituto de Engenharia. Sua publica\u00e7\u00e3o obedece ao prop\u00f3sito de estimular o debate dos problemas brasileiros e de refletir as diversas tend\u00eancias do pensamento contempor\u00e2neo","og_url":"https:\/\/www.institutodeengenharia.org.br\/site\/2015\/03\/03\/ate-o-papa-e-que-deus-nos-proteja\/","og_site_name":"Instituto de Engenharia","article_publisher":"https:\/\/www.facebook.com\/institutodeengenharia","article_published_time":"2015-03-03T00:16:13+00:00","article_modified_time":"2015-03-03T08:26:22+00:00","author":"TMax Tecnologia","twitter_card":"summary_large_image","twitter_creator":"@iengenharia","twitter_site":"@iengenharia","twitter_misc":{"Escrito por":"TMax Tecnologia","Est. tempo de leitura":"4 minutos"},"schema":{"@context":"https:\/\/schema.org","@graph":[{"@type":"Article","@id":"https:\/\/www.institutodeengenharia.org.br\/site\/2015\/03\/03\/ate-o-papa-e-que-deus-nos-proteja\/#article","isPartOf":{"@id":"https:\/\/www.institutodeengenharia.org.br\/site\/2015\/03\/03\/ate-o-papa-e-que-deus-nos-proteja\/"},"author":{"name":"TMax Tecnologia","@id":"https:\/\/www.institutodeengenharia.org.br\/site\/#\/schema\/person\/3b1ff109facef084739fc2edcb9a127f"},"headline":"At\u00e9 o Papa &#8230; e que Deus nos proteja !","datePublished":"2015-03-03T00:16:13+00:00","dateModified":"2015-03-03T08:26:22+00:00","mainEntityOfPage":{"@id":"https:\/\/www.institutodeengenharia.org.br\/site\/2015\/03\/03\/ate-o-papa-e-que-deus-nos-proteja\/"},"wordCount":882,"commentCount":0,"publisher":{"@id":"https:\/\/www.institutodeengenharia.org.br\/site\/#organization"},"articleSection":["Roberto Mangraviti"],"inLanguage":"pt-BR","potentialAction":[{"@type":"CommentAction","name":"Comment","target":["https:\/\/www.institutodeengenharia.org.br\/site\/2015\/03\/03\/ate-o-papa-e-que-deus-nos-proteja\/#respond"]}]},{"@type":"WebPage","@id":"https:\/\/www.institutodeengenharia.org.br\/site\/2015\/03\/03\/ate-o-papa-e-que-deus-nos-proteja\/","url":"https:\/\/www.institutodeengenharia.org.br\/site\/2015\/03\/03\/ate-o-papa-e-que-deus-nos-proteja\/","name":"At\u00e9 o Papa ... e que Deus nos proteja ! - Instituto de Engenharia","isPartOf":{"@id":"https:\/\/www.institutodeengenharia.org.br\/site\/#website"},"datePublished":"2015-03-03T00:16:13+00:00","dateModified":"2015-03-03T08:26:22+00:00","breadcrumb":{"@id":"https:\/\/www.institutodeengenharia.org.br\/site\/2015\/03\/03\/ate-o-papa-e-que-deus-nos-proteja\/#breadcrumb"},"inLanguage":"pt-BR","potentialAction":[{"@type":"ReadAction","target":["https:\/\/www.institutodeengenharia.org.br\/site\/2015\/03\/03\/ate-o-papa-e-que-deus-nos-proteja\/"]}]},{"@type":"BreadcrumbList","@id":"https:\/\/www.institutodeengenharia.org.br\/site\/2015\/03\/03\/ate-o-papa-e-que-deus-nos-proteja\/#breadcrumb","itemListElement":[{"@type":"ListItem","position":1,"name":"In\u00edcio","item":"https:\/\/www.institutodeengenharia.org.br\/site\/"},{"@type":"ListItem","position":2,"name":"At\u00e9 o Papa &#8230; e que Deus nos proteja !"}]},{"@type":"WebSite","@id":"https:\/\/www.institutodeengenharia.org.br\/site\/#website","url":"https:\/\/www.institutodeengenharia.org.br\/site\/","name":"Instituto de Engenharia","description":"O Instituto de Engenharia promove a Engenharia em benef\u00edcio do desenvolvimento e da qualidade de vida da sociedade.","publisher":{"@id":"https:\/\/www.institutodeengenharia.org.br\/site\/#organization"},"potentialAction":[{"@type":"SearchAction","target":{"@type":"EntryPoint","urlTemplate":"https:\/\/www.institutodeengenharia.org.br\/site\/?s={search_term_string}"},"query-input":{"@type":"PropertyValueSpecification","valueRequired":true,"valueName":"search_term_string"}}],"inLanguage":"pt-BR"},{"@type":"Organization","@id":"https:\/\/www.institutodeengenharia.org.br\/site\/#organization","name":"Instituto de Engenharia","url":"https:\/\/www.institutodeengenharia.org.br\/site\/","logo":{"@type":"ImageObject","inLanguage":"pt-BR","@id":"https:\/\/www.institutodeengenharia.org.br\/site\/#\/schema\/logo\/image\/","url":"https:\/\/www.institutodeengenharia.org.br\/site\/wp-content\/uploads\/2019\/03\/logo-novo-IE2018-1.jpg","contentUrl":"https:\/\/www.institutodeengenharia.org.br\/site\/wp-content\/uploads\/2019\/03\/logo-novo-IE2018-1.jpg","width":1486,"height":1879,"caption":"Instituto de Engenharia"},"image":{"@id":"https:\/\/www.institutodeengenharia.org.br\/site\/#\/schema\/logo\/image\/"},"sameAs":["https:\/\/www.facebook.com\/institutodeengenharia","https:\/\/x.com\/iengenharia","https:\/\/www.instagram.com\/institutodeengenharia\/","https:\/\/www.linkedin.com\/company\/instituto-de-engenharia\/","https:\/\/www.youtube.com\/channel\/UCXiCAlsSMe977vamW915HxA"]},{"@type":"Person","@id":"https:\/\/www.institutodeengenharia.org.br\/site\/#\/schema\/person\/3b1ff109facef084739fc2edcb9a127f","name":"TMax Tecnologia","image":{"@type":"ImageObject","inLanguage":"pt-BR","@id":"https:\/\/secure.gravatar.com\/avatar\/f912434ef7f389c92cb311fcdae346af848465d638912574b3c669070f797701?s=96&d=mm&r=g","url":"https:\/\/secure.gravatar.com\/avatar\/f912434ef7f389c92cb311fcdae346af848465d638912574b3c669070f797701?s=96&d=mm&r=g","contentUrl":"https:\/\/secure.gravatar.com\/avatar\/f912434ef7f389c92cb311fcdae346af848465d638912574b3c669070f797701?s=96&d=mm&r=g","caption":"TMax Tecnologia"},"url":"https:\/\/www.institutodeengenharia.org.br\/site\/author\/tmax\/"}]}},"_links":{"self":[{"href":"https:\/\/www.institutodeengenharia.org.br\/site\/wp-json\/wp\/v2\/posts\/25329","targetHints":{"allow":["GET"]}}],"collection":[{"href":"https:\/\/www.institutodeengenharia.org.br\/site\/wp-json\/wp\/v2\/posts"}],"about":[{"href":"https:\/\/www.institutodeengenharia.org.br\/site\/wp-json\/wp\/v2\/types\/post"}],"author":[{"embeddable":true,"href":"https:\/\/www.institutodeengenharia.org.br\/site\/wp-json\/wp\/v2\/users\/1"}],"replies":[{"embeddable":true,"href":"https:\/\/www.institutodeengenharia.org.br\/site\/wp-json\/wp\/v2\/comments?post=25329"}],"version-history":[{"count":0,"href":"https:\/\/www.institutodeengenharia.org.br\/site\/wp-json\/wp\/v2\/posts\/25329\/revisions"}],"wp:attachment":[{"href":"https:\/\/www.institutodeengenharia.org.br\/site\/wp-json\/wp\/v2\/media?parent=25329"}],"wp:term":[{"taxonomy":"category","embeddable":true,"href":"https:\/\/www.institutodeengenharia.org.br\/site\/wp-json\/wp\/v2\/categories?post=25329"},{"taxonomy":"post_tag","embeddable":true,"href":"https:\/\/www.institutodeengenharia.org.br\/site\/wp-json\/wp\/v2\/tags?post=25329"}],"curies":[{"name":"wp","href":"https:\/\/api.w.org\/{rel}","templated":true}]}}