{"id":25033,"date":"2014-10-01T00:12:14","date_gmt":"2014-10-01T00:12:14","guid":{"rendered":"https:\/\/www.institutodeengenharia.org.br\/?p=25033"},"modified":"2014-10-01T15:38:33","modified_gmt":"2014-10-01T15:38:33","slug":"investidor-ativista-e-as-mudancas-climaticas","status":"publish","type":"post","link":"https:\/\/www.institutodeengenharia.org.br\/site\/2014\/10\/01\/investidor-ativista-e-as-mudancas-climaticas\/","title":{"rendered":"Investidor Ativista e as Mudan\u00e7as Clim\u00e1ticas"},"content":{"rendered":"<p>A palavra \u201cinvestidor\u201d no Brasil e na Am\u00e9rica Latina, por quest\u00f5es pol\u00edtico partid\u00e1rias, \u00e9 lan\u00e7ada muitas vezes na vala comum da interpreta\u00e7\u00e3o pejorativa, classificando estes agentes econ\u00f4micos como inescrupulosos e outras tolices mais.&nbsp;<\/p>\n<p>O term\u00f4metro desta associa\u00e7\u00e3o infeliz funciona da seguinte forma: quanto mais \u201cchavista\u201d o modelo administrativo (sin\u00f4nimo de administra\u00e7\u00e3o p\u00fablica desastrada) mais inversamente o investidor \u00e9 um frio lesa p\u00e1tria.&nbsp;<\/p>\n<p>Nesta escala de sentimentos febris temos, numa ponta deste racioc\u00ednio c\u00ednico, a conhecida Escola Kirchner com 41\u00b0 de temperatura. No meio da tabela, o Brasil com 37,1\u00b0 ( a chamada febr\u00edcola onde ningu\u00e9m acredita que o paciente j\u00e1 esteja com febre) e na outra ponta, o modelo norte-americano com 36\u00b0,onde o corpo apresenta temperatura adequada. <br \/>\nEm mercados com temperatura sadias, o papel do investidor \u00e9 o de catalisador dos interesses sociais, que encarado de forma objetiva significa: um agente econ\u00f4mico que p\u00f5e dinheiro onde espera que dar\u00e1 dinheiro tamb\u00e9m. Simples assim.&nbsp;<\/p>\n<p>E \u00e9 nesses mercados, que a \u201cmaldita\u201d palavra investidor vem recebendo neologismos agregados a conceitos de responsabilidade social. E at\u00e9 em Wall Street, a meca do capitalismo, est\u00e1 sendo grafada de forma curiosa: investidor ativista. Interessante perceber esta classifica\u00e7\u00e3o, justamente no momento que aconteceu a C\u00fapula da ONU sobre Mudan\u00e7as Clim\u00e1ticas em Nova York .&nbsp;<\/p>\n<p>Com se percebe, cada vez mais, as quest\u00f5es ligadas a sustentabilidade (vida \u00fatil e saud\u00e1vel de uma empresa) est\u00e3o intimamente ligadas ao investidor e a sua percep\u00e7\u00e3o de risco nos neg\u00f3cios. <br \/>\nNestes locais mais frios, o futuro incerto das empresas ou oscila\u00e7\u00e3o das bolsas, n\u00e3o \u00e9 sin\u00f4nimo de bazofias, mas aos fatos da administra\u00e7\u00e3o di\u00e1ria, p\u00fablica ou privada.&nbsp;<\/p>\n<p>L\u00e1 quando se perde dinheiro como na crise de 2008, o motivo \u00e9 de conhecimento p\u00fablico imediato: os im\u00f3veis hipotecados foram supervalorizados. Aqui, em dezembro \u00faltimo, quando a Petrobr\u00e1s perdeu US$ 13 bilh\u00f5es de valor de mercado, num \u00fanico dia, ouviu-se de tudo: especula\u00e7\u00e3o do mercado, investidor inescrupuloso etc. Uma Pasedena depois e outra Abreu Lima tamb\u00e9m, as pris\u00f5es a\u00ed est\u00e3o para comprovar aquilo que o investidor j\u00e1 sabia : p\u00e9ssima administra\u00e7\u00e3o e desvios de toda ordem.&nbsp;<\/p>\n<p>Portanto, a condu\u00e7\u00e3o com qualidade dos investimentos, em qualquer lugar do mundo, \u00e9 que resulta em bons ou maus dividendos, al\u00e9m, claro, das motiva\u00e7\u00f5es em apostar as fichas. <br \/>\nEstas escolhas est\u00e3o por vezes envolvidas ao grau de urg\u00eancia e muitas vezes, em necessidades ambientais.&nbsp;<\/p>\n<p>A comprovar esta nova realidade, vale citar a declara\u00e7\u00e3o do pr\u00f3prio Presidente Obama, que por conta das mortes de abelhas nos EUA e a consequente redu\u00e7\u00e3o em 40% das colmeias, classificou este fato com prioridade equivalente ao combate ao terrorismo naquele pa\u00eds. Tornou-se uma quest\u00e3o literalmente de guerra.&nbsp;<\/p>\n<p>Dir\u00e3o alguns que os EUA n\u00e3o assinaram o tratado de Kyoto, sim \u00e9 verdade. Mas esta quest\u00e3o \u00e9 muito complexa e no curto prazo representaria poss\u00edvel desacelera\u00e7\u00e3o da economia norte americana, que ainda n\u00e3o se recuperou totalmente. Contudo vale destacar que, os EUA investem seis vezes mais (por hectare) na preserva\u00e7\u00e3o de suas florestas que o Brasil. E por aqui, o nosso telhado de vidro ambiental, permite que as queimadas\/desmatamento da Floresta Amaz\u00f4nica, gerem a maior emiss\u00e3o, made in brazil, de gases efeito estufa, tr\u00eas vezes superior que a nossa ind\u00fastria, transportes etc.&nbsp;<\/p>\n<p>Todavia, se assinatura do tratado de Kyoto se mostrou invi\u00e1vel aos EUA naquele momento (1997) e at\u00e9 posteriormente em outros acordos, a \u00faltima reuni\u00e3o da C\u00fapula sobre Mudan\u00e7as Clim\u00e1ticas em Nova York, num momento de tanto ativismo, lan\u00e7ou esperan\u00e7as ao inv\u00e9s de fuma\u00e7a no ar.&nbsp;<\/p>\n<p>O jornal O Estado de S\u00e3o Paulo, destacou que a fam\u00edlia Rockfeller, que construiu sua riqueza explorando petr\u00f3leo(Standart Oil), est\u00e1 destinando US$ 860 milh\u00f5es atrav\u00e9s do Rockfeller Brothers Fund, para energias menos poluentes.&nbsp;<\/p>\n<p>A atitude \u00e9 decorrente da press\u00e3o popular orientada pelo \u201cinvestidor ativista\u201d. N\u00e3o h\u00e1 aqui nenhuma atitude de eco-chatos ou de promessas vazias do tipo, \u201csalvem as florestas num sei da aonde\u201d ou o \u201cbicho-sicrano\u201d. \u00c9 uma exig\u00eancia atual de mercado. That\u2019s it !&nbsp;<\/p>\n<p>Esta tend\u00eancia tem se mostrado consistente a ponto das Universidades de Stanford e Yale estarem redirecionando posturas. Especialmente Yale onde a dire\u00e7\u00e3o solicitou a seus administradores que examinem a rela\u00e7\u00e3o entre seus investimentos e as mudan\u00e7as clim\u00e1ticas, visando evitar proximidade de empresas pouco respons\u00e1veis. Desta forma estas universidades ter\u00e3o que avaliar se as fontes de investimentos (doa\u00e7\u00f5es privadas), s\u00e3o de empresas poluidoras ou n\u00e3o, sob risco de problemas operacionais no campus.&nbsp;<\/p>\n<p>Enquanto isso no hemisf\u00e9rio sul o Pr\u00e9 Sal avan\u00e7a, com seus US$ 400 bilh\u00f5es de investimento at\u00e9 2020. No caminho inverso da l\u00f3gica, n\u00e3o ratificamos o documento da ONU \u201cdesmatamento zero\u201d por desconhecimento pr\u00e9vio oficial (que seria justific\u00e1vel), mas n\u00e3o apresentamos outra proposta, que \u00e9 injustific\u00e1vel, afinal somos signat\u00e1rios de Kyoto.&nbsp;<\/p>\n<p>Em contra partida, no hemisf\u00e9rio norte aqueles \u201ccapitalistas selvagens\u201d v\u00e3o fazendo a li\u00e7\u00e3o de casa. O fundo Hesta Australia est\u00e1 se desfazendo das a\u00e7\u00f5es ligadas a explora\u00e7\u00e3o de carv\u00e3o(*). Um outro fundo, a Pension Danmark, j\u00e1 investiu US$ 26 bilh\u00f5es em energias renov\u00e1veis, ou seja mais que o governo brasileiro.&nbsp;<\/p>\n<p>Soma-se estas boas not\u00edcias, a Declara\u00e7\u00e3o de Nova York sobre as Florestas, onde os pa\u00edses ricos comprometeram-se em investir US$ 200 bilh\u00f5es at\u00e9 2015 em pa\u00edses que pratiquem o desmatamento zero (acordo n\u00e3o referendado pelo Brasil).&nbsp;<\/p>\n<p>Paremos portanto com cinismo. O que se sabe, \u00e9 que investidor p\u00f5e dinheiro aonde d\u00e1 dinheiro, e at\u00e9 a\u00ed n\u00e3o h\u00e1 novidades. Contudo pa\u00edses comprometidos de fato com a sociedade (incluso especialmente acionistas e investidores), est\u00e3o anos luz a frente nas quest\u00f5es que envolvem sa\u00fade p\u00fablica, ensino e principalmente meio ambiente.&nbsp;<\/p>\n<p>Nos mercados com compromissos s\u00f3cios empresariais atualizados, permeando a ind\u00fastria, fundo de pens\u00f5es e at\u00e9 universidades, sopra a esperan\u00e7a, que o velho e tradicional investidor \u00e9 que dar\u00e1 as cartas neste jogo ambiental, agora com outro nome: investidor ativista. <br \/>\nResta saber se estaremos nos pr\u00f3ximos anos, no Brasil, encarando os investidores na vis\u00e3o bolivariana de lesa p\u00e1tria, ou de ativista social. <br \/>\nFa\u00e7am suas apostas.&nbsp;<\/p>\n<p>Em tempo: o Governo brasileiro ir\u00e1 sacar R$ 3,5 bilh\u00f5es do Fundo Soberano para fechar as contas. N\u00e3o precisa ser adivinho para imaginar como que a Standard &amp; Poor\u2019s, Mood\u2019s e investidores em geral, pensar\u00e3o sobre o Brasil nas pr\u00f3ximas avalia\u00e7\u00f5es de risco.&nbsp;<\/p>\n<p>(*) a princ\u00edpio, a venda das a\u00e7\u00f5es n\u00e3o est\u00e1 vinculada ao g\u00e1s Xisto. <\/p>\n","protected":false},"excerpt":{"rendered":"<p>A palavra \u201cinvestidor\u201d no Brasil e na Am\u00e9rica Latina, por quest\u00f5es pol\u00edtico partid\u00e1rias, \u00e9 lan\u00e7ada muitas vezes na vala comum da interpreta\u00e7\u00e3o pejorativa, classificando estes agentes econ\u00f4micos como inescrupulosos e outras tolices mais.&nbsp; O term\u00f4metro desta associa\u00e7\u00e3o infeliz funciona da seguinte forma: quanto mais \u201cchavista\u201d o modelo administrativo (sin\u00f4nimo de administra\u00e7\u00e3o p\u00fablica desastrada) mais inversamente [&hellip;]<\/p>\n","protected":false},"author":1,"featured_media":0,"comment_status":"open","ping_status":"open","sticky":false,"template":"","format":"standard","meta":{"footnotes":""},"categories":[107],"tags":[],"class_list":{"0":"post-25033","1":"post","2":"type-post","3":"status-publish","4":"format-standard","6":"category-roberto-mangraviti"},"yoast_head":"<!-- This site is optimized with the Yoast SEO plugin v27.2 - https:\/\/yoast.com\/product\/yoast-seo-wordpress\/ -->\n<title>Investidor Ativista e as Mudan\u00e7as Clim\u00e1ticas - Instituto de Engenharia<\/title>\n<meta name=\"robots\" content=\"index, follow, max-snippet:-1, max-image-preview:large, max-video-preview:-1\" \/>\n<link rel=\"canonical\" href=\"https:\/\/www.institutodeengenharia.org.br\/site\/2014\/10\/01\/investidor-ativista-e-as-mudancas-climaticas\/\" \/>\n<meta property=\"og:locale\" content=\"pt_BR\" \/>\n<meta property=\"og:type\" content=\"article\" \/>\n<meta property=\"og:title\" content=\"Investidor Ativista e as Mudan\u00e7as Clim\u00e1ticas - Instituto de Engenharia\" \/>\n<meta property=\"og:description\" content=\"A palavra \u201cinvestidor\u201d no Brasil e na Am\u00e9rica Latina, por quest\u00f5es pol\u00edtico partid\u00e1rias, \u00e9 lan\u00e7ada muitas vezes na vala comum da interpreta\u00e7\u00e3o pejorativa, classificando estes agentes econ\u00f4micos como inescrupulosos e outras tolices mais.&nbsp; O term\u00f4metro desta associa\u00e7\u00e3o infeliz funciona da seguinte forma: quanto mais \u201cchavista\u201d o modelo administrativo (sin\u00f4nimo de administra\u00e7\u00e3o p\u00fablica desastrada) mais inversamente [&hellip;]\" \/>\n<meta property=\"og:url\" content=\"https:\/\/www.institutodeengenharia.org.br\/site\/2014\/10\/01\/investidor-ativista-e-as-mudancas-climaticas\/\" \/>\n<meta property=\"og:site_name\" content=\"Instituto de Engenharia\" \/>\n<meta property=\"article:publisher\" content=\"https:\/\/www.facebook.com\/institutodeengenharia\" \/>\n<meta property=\"article:published_time\" content=\"2014-10-01T00:12:14+00:00\" \/>\n<meta property=\"article:modified_time\" content=\"2014-10-01T15:38:33+00:00\" \/>\n<meta name=\"author\" content=\"TMax Tecnologia\" \/>\n<meta name=\"twitter:card\" content=\"summary_large_image\" \/>\n<meta name=\"twitter:creator\" content=\"@iengenharia\" \/>\n<meta name=\"twitter:site\" content=\"@iengenharia\" \/>\n<meta name=\"twitter:label1\" content=\"Escrito por\" \/>\n\t<meta name=\"twitter:data1\" content=\"TMax Tecnologia\" \/>\n\t<meta name=\"twitter:label2\" content=\"Est. tempo de leitura\" \/>\n\t<meta name=\"twitter:data2\" content=\"6 minutos\" \/>\n<script type=\"application\/ld+json\" class=\"yoast-schema-graph\">{\"@context\":\"https:\/\/schema.org\",\"@graph\":[{\"@type\":\"Article\",\"@id\":\"https:\/\/www.institutodeengenharia.org.br\/site\/2014\/10\/01\/investidor-ativista-e-as-mudancas-climaticas\/#article\",\"isPartOf\":{\"@id\":\"https:\/\/www.institutodeengenharia.org.br\/site\/2014\/10\/01\/investidor-ativista-e-as-mudancas-climaticas\/\"},\"author\":{\"name\":\"TMax Tecnologia\",\"@id\":\"https:\/\/www.institutodeengenharia.org.br\/site\/#\/schema\/person\/3b1ff109facef084739fc2edcb9a127f\"},\"headline\":\"Investidor Ativista e as Mudan\u00e7as Clim\u00e1ticas\",\"datePublished\":\"2014-10-01T00:12:14+00:00\",\"dateModified\":\"2014-10-01T15:38:33+00:00\",\"mainEntityOfPage\":{\"@id\":\"https:\/\/www.institutodeengenharia.org.br\/site\/2014\/10\/01\/investidor-ativista-e-as-mudancas-climaticas\/\"},\"wordCount\":1169,\"commentCount\":0,\"publisher\":{\"@id\":\"https:\/\/www.institutodeengenharia.org.br\/site\/#organization\"},\"articleSection\":[\"Roberto Mangraviti\"],\"inLanguage\":\"pt-BR\",\"potentialAction\":[{\"@type\":\"CommentAction\",\"name\":\"Comment\",\"target\":[\"https:\/\/www.institutodeengenharia.org.br\/site\/2014\/10\/01\/investidor-ativista-e-as-mudancas-climaticas\/#respond\"]}]},{\"@type\":\"WebPage\",\"@id\":\"https:\/\/www.institutodeengenharia.org.br\/site\/2014\/10\/01\/investidor-ativista-e-as-mudancas-climaticas\/\",\"url\":\"https:\/\/www.institutodeengenharia.org.br\/site\/2014\/10\/01\/investidor-ativista-e-as-mudancas-climaticas\/\",\"name\":\"Investidor Ativista e as Mudan\u00e7as Clim\u00e1ticas - Instituto de Engenharia\",\"isPartOf\":{\"@id\":\"https:\/\/www.institutodeengenharia.org.br\/site\/#website\"},\"datePublished\":\"2014-10-01T00:12:14+00:00\",\"dateModified\":\"2014-10-01T15:38:33+00:00\",\"breadcrumb\":{\"@id\":\"https:\/\/www.institutodeengenharia.org.br\/site\/2014\/10\/01\/investidor-ativista-e-as-mudancas-climaticas\/#breadcrumb\"},\"inLanguage\":\"pt-BR\",\"potentialAction\":[{\"@type\":\"ReadAction\",\"target\":[\"https:\/\/www.institutodeengenharia.org.br\/site\/2014\/10\/01\/investidor-ativista-e-as-mudancas-climaticas\/\"]}]},{\"@type\":\"BreadcrumbList\",\"@id\":\"https:\/\/www.institutodeengenharia.org.br\/site\/2014\/10\/01\/investidor-ativista-e-as-mudancas-climaticas\/#breadcrumb\",\"itemListElement\":[{\"@type\":\"ListItem\",\"position\":1,\"name\":\"In\u00edcio\",\"item\":\"https:\/\/www.institutodeengenharia.org.br\/site\/\"},{\"@type\":\"ListItem\",\"position\":2,\"name\":\"Investidor Ativista e as Mudan\u00e7as Clim\u00e1ticas\"}]},{\"@type\":\"WebSite\",\"@id\":\"https:\/\/www.institutodeengenharia.org.br\/site\/#website\",\"url\":\"https:\/\/www.institutodeengenharia.org.br\/site\/\",\"name\":\"Instituto de Engenharia\",\"description\":\"O Instituto de Engenharia promove a Engenharia em benef\u00edcio do desenvolvimento e da qualidade de vida da sociedade.\",\"publisher\":{\"@id\":\"https:\/\/www.institutodeengenharia.org.br\/site\/#organization\"},\"potentialAction\":[{\"@type\":\"SearchAction\",\"target\":{\"@type\":\"EntryPoint\",\"urlTemplate\":\"https:\/\/www.institutodeengenharia.org.br\/site\/?s={search_term_string}\"},\"query-input\":{\"@type\":\"PropertyValueSpecification\",\"valueRequired\":true,\"valueName\":\"search_term_string\"}}],\"inLanguage\":\"pt-BR\"},{\"@type\":\"Organization\",\"@id\":\"https:\/\/www.institutodeengenharia.org.br\/site\/#organization\",\"name\":\"Instituto de Engenharia\",\"url\":\"https:\/\/www.institutodeengenharia.org.br\/site\/\",\"logo\":{\"@type\":\"ImageObject\",\"inLanguage\":\"pt-BR\",\"@id\":\"https:\/\/www.institutodeengenharia.org.br\/site\/#\/schema\/logo\/image\/\",\"url\":\"https:\/\/www.institutodeengenharia.org.br\/site\/wp-content\/uploads\/2019\/03\/logo-novo-IE2018-1.jpg\",\"contentUrl\":\"https:\/\/www.institutodeengenharia.org.br\/site\/wp-content\/uploads\/2019\/03\/logo-novo-IE2018-1.jpg\",\"width\":1486,\"height\":1879,\"caption\":\"Instituto de Engenharia\"},\"image\":{\"@id\":\"https:\/\/www.institutodeengenharia.org.br\/site\/#\/schema\/logo\/image\/\"},\"sameAs\":[\"https:\/\/www.facebook.com\/institutodeengenharia\",\"https:\/\/x.com\/iengenharia\",\"https:\/\/www.instagram.com\/institutodeengenharia\/\",\"https:\/\/www.linkedin.com\/company\/instituto-de-engenharia\/\",\"https:\/\/www.youtube.com\/channel\/UCXiCAlsSMe977vamW915HxA\"]},{\"@type\":\"Person\",\"@id\":\"https:\/\/www.institutodeengenharia.org.br\/site\/#\/schema\/person\/3b1ff109facef084739fc2edcb9a127f\",\"name\":\"TMax Tecnologia\",\"image\":{\"@type\":\"ImageObject\",\"inLanguage\":\"pt-BR\",\"@id\":\"https:\/\/secure.gravatar.com\/avatar\/f912434ef7f389c92cb311fcdae346af848465d638912574b3c669070f797701?s=96&d=mm&r=g\",\"url\":\"https:\/\/secure.gravatar.com\/avatar\/f912434ef7f389c92cb311fcdae346af848465d638912574b3c669070f797701?s=96&d=mm&r=g\",\"contentUrl\":\"https:\/\/secure.gravatar.com\/avatar\/f912434ef7f389c92cb311fcdae346af848465d638912574b3c669070f797701?s=96&d=mm&r=g\",\"caption\":\"TMax Tecnologia\"},\"url\":\"https:\/\/www.institutodeengenharia.org.br\/site\/author\/tmax\/\"}]}<\/script>\n<!-- \/ Yoast SEO plugin. -->","yoast_head_json":{"title":"Investidor Ativista e as Mudan\u00e7as Clim\u00e1ticas - Instituto de Engenharia","robots":{"index":"index","follow":"follow","max-snippet":"max-snippet:-1","max-image-preview":"max-image-preview:large","max-video-preview":"max-video-preview:-1"},"canonical":"https:\/\/www.institutodeengenharia.org.br\/site\/2014\/10\/01\/investidor-ativista-e-as-mudancas-climaticas\/","og_locale":"pt_BR","og_type":"article","og_title":"Investidor Ativista e as Mudan\u00e7as Clim\u00e1ticas - Instituto de Engenharia","og_description":"A palavra \u201cinvestidor\u201d no Brasil e na Am\u00e9rica Latina, por quest\u00f5es pol\u00edtico partid\u00e1rias, \u00e9 lan\u00e7ada muitas vezes na vala comum da interpreta\u00e7\u00e3o pejorativa, classificando estes agentes econ\u00f4micos como inescrupulosos e outras tolices mais.&nbsp; O term\u00f4metro desta associa\u00e7\u00e3o infeliz funciona da seguinte forma: quanto mais \u201cchavista\u201d o modelo administrativo (sin\u00f4nimo de administra\u00e7\u00e3o p\u00fablica desastrada) mais inversamente [&hellip;]","og_url":"https:\/\/www.institutodeengenharia.org.br\/site\/2014\/10\/01\/investidor-ativista-e-as-mudancas-climaticas\/","og_site_name":"Instituto de Engenharia","article_publisher":"https:\/\/www.facebook.com\/institutodeengenharia","article_published_time":"2014-10-01T00:12:14+00:00","article_modified_time":"2014-10-01T15:38:33+00:00","author":"TMax Tecnologia","twitter_card":"summary_large_image","twitter_creator":"@iengenharia","twitter_site":"@iengenharia","twitter_misc":{"Escrito por":"TMax Tecnologia","Est. tempo de leitura":"6 minutos"},"schema":{"@context":"https:\/\/schema.org","@graph":[{"@type":"Article","@id":"https:\/\/www.institutodeengenharia.org.br\/site\/2014\/10\/01\/investidor-ativista-e-as-mudancas-climaticas\/#article","isPartOf":{"@id":"https:\/\/www.institutodeengenharia.org.br\/site\/2014\/10\/01\/investidor-ativista-e-as-mudancas-climaticas\/"},"author":{"name":"TMax Tecnologia","@id":"https:\/\/www.institutodeengenharia.org.br\/site\/#\/schema\/person\/3b1ff109facef084739fc2edcb9a127f"},"headline":"Investidor Ativista e as Mudan\u00e7as Clim\u00e1ticas","datePublished":"2014-10-01T00:12:14+00:00","dateModified":"2014-10-01T15:38:33+00:00","mainEntityOfPage":{"@id":"https:\/\/www.institutodeengenharia.org.br\/site\/2014\/10\/01\/investidor-ativista-e-as-mudancas-climaticas\/"},"wordCount":1169,"commentCount":0,"publisher":{"@id":"https:\/\/www.institutodeengenharia.org.br\/site\/#organization"},"articleSection":["Roberto Mangraviti"],"inLanguage":"pt-BR","potentialAction":[{"@type":"CommentAction","name":"Comment","target":["https:\/\/www.institutodeengenharia.org.br\/site\/2014\/10\/01\/investidor-ativista-e-as-mudancas-climaticas\/#respond"]}]},{"@type":"WebPage","@id":"https:\/\/www.institutodeengenharia.org.br\/site\/2014\/10\/01\/investidor-ativista-e-as-mudancas-climaticas\/","url":"https:\/\/www.institutodeengenharia.org.br\/site\/2014\/10\/01\/investidor-ativista-e-as-mudancas-climaticas\/","name":"Investidor Ativista e as Mudan\u00e7as Clim\u00e1ticas - Instituto de Engenharia","isPartOf":{"@id":"https:\/\/www.institutodeengenharia.org.br\/site\/#website"},"datePublished":"2014-10-01T00:12:14+00:00","dateModified":"2014-10-01T15:38:33+00:00","breadcrumb":{"@id":"https:\/\/www.institutodeengenharia.org.br\/site\/2014\/10\/01\/investidor-ativista-e-as-mudancas-climaticas\/#breadcrumb"},"inLanguage":"pt-BR","potentialAction":[{"@type":"ReadAction","target":["https:\/\/www.institutodeengenharia.org.br\/site\/2014\/10\/01\/investidor-ativista-e-as-mudancas-climaticas\/"]}]},{"@type":"BreadcrumbList","@id":"https:\/\/www.institutodeengenharia.org.br\/site\/2014\/10\/01\/investidor-ativista-e-as-mudancas-climaticas\/#breadcrumb","itemListElement":[{"@type":"ListItem","position":1,"name":"In\u00edcio","item":"https:\/\/www.institutodeengenharia.org.br\/site\/"},{"@type":"ListItem","position":2,"name":"Investidor Ativista e as Mudan\u00e7as Clim\u00e1ticas"}]},{"@type":"WebSite","@id":"https:\/\/www.institutodeengenharia.org.br\/site\/#website","url":"https:\/\/www.institutodeengenharia.org.br\/site\/","name":"Instituto de Engenharia","description":"O Instituto de Engenharia promove a Engenharia em benef\u00edcio do desenvolvimento e da qualidade de vida da sociedade.","publisher":{"@id":"https:\/\/www.institutodeengenharia.org.br\/site\/#organization"},"potentialAction":[{"@type":"SearchAction","target":{"@type":"EntryPoint","urlTemplate":"https:\/\/www.institutodeengenharia.org.br\/site\/?s={search_term_string}"},"query-input":{"@type":"PropertyValueSpecification","valueRequired":true,"valueName":"search_term_string"}}],"inLanguage":"pt-BR"},{"@type":"Organization","@id":"https:\/\/www.institutodeengenharia.org.br\/site\/#organization","name":"Instituto de Engenharia","url":"https:\/\/www.institutodeengenharia.org.br\/site\/","logo":{"@type":"ImageObject","inLanguage":"pt-BR","@id":"https:\/\/www.institutodeengenharia.org.br\/site\/#\/schema\/logo\/image\/","url":"https:\/\/www.institutodeengenharia.org.br\/site\/wp-content\/uploads\/2019\/03\/logo-novo-IE2018-1.jpg","contentUrl":"https:\/\/www.institutodeengenharia.org.br\/site\/wp-content\/uploads\/2019\/03\/logo-novo-IE2018-1.jpg","width":1486,"height":1879,"caption":"Instituto de Engenharia"},"image":{"@id":"https:\/\/www.institutodeengenharia.org.br\/site\/#\/schema\/logo\/image\/"},"sameAs":["https:\/\/www.facebook.com\/institutodeengenharia","https:\/\/x.com\/iengenharia","https:\/\/www.instagram.com\/institutodeengenharia\/","https:\/\/www.linkedin.com\/company\/instituto-de-engenharia\/","https:\/\/www.youtube.com\/channel\/UCXiCAlsSMe977vamW915HxA"]},{"@type":"Person","@id":"https:\/\/www.institutodeengenharia.org.br\/site\/#\/schema\/person\/3b1ff109facef084739fc2edcb9a127f","name":"TMax Tecnologia","image":{"@type":"ImageObject","inLanguage":"pt-BR","@id":"https:\/\/secure.gravatar.com\/avatar\/f912434ef7f389c92cb311fcdae346af848465d638912574b3c669070f797701?s=96&d=mm&r=g","url":"https:\/\/secure.gravatar.com\/avatar\/f912434ef7f389c92cb311fcdae346af848465d638912574b3c669070f797701?s=96&d=mm&r=g","contentUrl":"https:\/\/secure.gravatar.com\/avatar\/f912434ef7f389c92cb311fcdae346af848465d638912574b3c669070f797701?s=96&d=mm&r=g","caption":"TMax Tecnologia"},"url":"https:\/\/www.institutodeengenharia.org.br\/site\/author\/tmax\/"}]}},"_links":{"self":[{"href":"https:\/\/www.institutodeengenharia.org.br\/site\/wp-json\/wp\/v2\/posts\/25033","targetHints":{"allow":["GET"]}}],"collection":[{"href":"https:\/\/www.institutodeengenharia.org.br\/site\/wp-json\/wp\/v2\/posts"}],"about":[{"href":"https:\/\/www.institutodeengenharia.org.br\/site\/wp-json\/wp\/v2\/types\/post"}],"author":[{"embeddable":true,"href":"https:\/\/www.institutodeengenharia.org.br\/site\/wp-json\/wp\/v2\/users\/1"}],"replies":[{"embeddable":true,"href":"https:\/\/www.institutodeengenharia.org.br\/site\/wp-json\/wp\/v2\/comments?post=25033"}],"version-history":[{"count":0,"href":"https:\/\/www.institutodeengenharia.org.br\/site\/wp-json\/wp\/v2\/posts\/25033\/revisions"}],"wp:attachment":[{"href":"https:\/\/www.institutodeengenharia.org.br\/site\/wp-json\/wp\/v2\/media?parent=25033"}],"wp:term":[{"taxonomy":"category","embeddable":true,"href":"https:\/\/www.institutodeengenharia.org.br\/site\/wp-json\/wp\/v2\/categories?post=25033"},{"taxonomy":"post_tag","embeddable":true,"href":"https:\/\/www.institutodeengenharia.org.br\/site\/wp-json\/wp\/v2\/tags?post=25033"}],"curies":[{"name":"wp","href":"https:\/\/api.w.org\/{rel}","templated":true}]}}