{"id":24953,"date":"2014-09-17T00:11:05","date_gmt":"2014-09-17T00:11:05","guid":{"rendered":"https:\/\/www.institutodeengenharia.org.br\/?p=24953"},"modified":"2014-08-25T11:38:13","modified_gmt":"2014-08-25T11:38:13","slug":"diretrizes-tecnicas-de-pericias-de-engenharia-em-edificacoes","status":"publish","type":"post","link":"https:\/\/www.institutodeengenharia.org.br\/site\/2014\/09\/17\/diretrizes-tecnicas-de-pericias-de-engenharia-em-edificacoes\/","title":{"rendered":"Diretrizes T\u00e9cnicas de Per\u00edcias de Engenharia em Edifica\u00e7\u00f5es"},"content":{"rendered":"<p><em>Projeto desenvolvido com o&nbsp;apoio da vice-presid\u00eancia de Atividades T\u00e9cnicas, pelo Departamento de Produ\u00e7\u00e3o. Patrocinado e capitaneado pela Divis\u00e3o de Patologia das Constru\u00e7\u00f5es.<\/p>\n<p><strong>INSTITUTO DE ENGENHARIA&nbsp;<br \/>\n<\/strong><br \/>\n<strong>Presidente:<\/strong> Camil Eid <br \/>\n<strong>Vice-presidente T\u00e9cnica:<\/strong> Miriana Marques Pereira <br \/>\n<strong>Diretor de Engenharia de Produ\u00e7\u00e3o:<\/strong> Jer\u00f4nimo Cabral P. Fagundes Neto <br \/>\n<strong>Diretor de Cursos:<\/strong> Marco Antonio Gullo <br \/>\n<strong>Coordenador da Divis\u00e3o de Patologias das Constru\u00e7\u00f5es:<\/strong> Tito L\u00edvio Ferreira Gomide<\/p>\n<p><strong>Comiss\u00e3o de Estudos&nbsp;<\/p>\n<p>Coordenadores:<\/strong> Jeronimo Cabral Pereira Fagundes Neto, Tito L\u00edvio Ferreira Gomide, Odair Vinagreiro e Marco Antonio Gullo <br \/>\n<strong>Relatora:<\/strong> Stella Marys Della Flora <br \/>\n<strong>Membros:<\/strong> Odair Vinagreiro, Stella Marys Della Flora, Ricardo Lyra, Antonio Guilherme Menezes Braga, Jos\u00e9 Carlos Muniz Falcon, Luciano Gomide Giglio, Miriana Marques Pereira, Jer\u00f4nimo Cabral Pereira Fagundes Neto, Marco Antonio Gullo, Miguel Tadeu Campos Morata e Tito L\u00edvio Ferreira Gomide.<\/em><br \/><a href=\"https:\/\/www.institutodeengenharia.org.br\/site\/wp-content\/uploads\/2017\/10\/arqnot8723.pdf\">arqnot8723.pdf<\/a><\/p>\n<p><b>Autor: Departamento de Produ\u00e7\u00e3o &#8211; Instituto de Engenharia <\/b><\/p>\n","protected":false},"excerpt":{"rendered":"<p>Projeto desenvolvido com o&nbsp;apoio da vice-presid\u00eancia de Atividades T\u00e9cnicas, pelo Departamento de Produ\u00e7\u00e3o. Patrocinado e capitaneado pela Divis\u00e3o de Patologia das Constru\u00e7\u00f5es. INSTITUTO DE ENGENHARIA&nbsp; Presidente: Camil Eid Vice-presidente T\u00e9cnica: Miriana Marques Pereira Diretor de Engenharia de Produ\u00e7\u00e3o: Jer\u00f4nimo Cabral P. Fagundes Neto Diretor de Cursos: Marco Antonio Gullo Coordenador da Divis\u00e3o de Patologias das [&hellip;]<\/p>\n","protected":false},"author":1,"featured_media":0,"comment_status":"open","ping_status":"open","sticky":false,"template":"","format":"standard","meta":{"footnotes":""},"categories":[68,119],"tags":[],"class_list":{"0":"post-24953","1":"post","2":"type-post","3":"status-publish","4":"format-standard","6":"category-divisao-tecnica-de-engenharia-diagnostica","7":"category-publicacoes-tecnicas"},"yoast_head":"<!-- This site is optimized with the Yoast SEO plugin v27.2 - https:\/\/yoast.com\/product\/yoast-seo-wordpress\/ -->\n<title>Diretrizes T\u00e9cnicas de Per\u00edcias de Engenharia em Edifica\u00e7\u00f5es  - Instituto de Engenharia<\/title>\n<meta name=\"robots\" content=\"index, follow, max-snippet:-1, max-image-preview:large, max-video-preview:-1\" \/>\n<link rel=\"canonical\" href=\"https:\/\/www.institutodeengenharia.org.br\/site\/2014\/09\/17\/diretrizes-tecnicas-de-pericias-de-engenharia-em-edificacoes\/\" \/>\n<meta property=\"og:locale\" content=\"pt_BR\" \/>\n<meta property=\"og:type\" content=\"article\" \/>\n<meta property=\"og:title\" content=\"Diretrizes T\u00e9cnicas de Per\u00edcias de Engenharia em Edifica\u00e7\u00f5es  - Instituto de Engenharia\" \/>\n<meta property=\"og:description\" content=\"Projeto desenvolvido com o&nbsp;apoio da vice-presid\u00eancia de Atividades T\u00e9cnicas, pelo Departamento de Produ\u00e7\u00e3o. Patrocinado e capitaneado pela Divis\u00e3o de Patologia das Constru\u00e7\u00f5es. INSTITUTO DE ENGENHARIA&nbsp; Presidente: Camil Eid Vice-presidente T\u00e9cnica: Miriana Marques Pereira Diretor de Engenharia de Produ\u00e7\u00e3o: Jer\u00f4nimo Cabral P. Fagundes Neto Diretor de Cursos: Marco Antonio Gullo Coordenador da Divis\u00e3o de Patologias das [&hellip;]\" \/>\n<meta property=\"og:url\" content=\"https:\/\/www.institutodeengenharia.org.br\/site\/2014\/09\/17\/diretrizes-tecnicas-de-pericias-de-engenharia-em-edificacoes\/\" \/>\n<meta property=\"og:site_name\" content=\"Instituto de Engenharia\" \/>\n<meta property=\"article:publisher\" content=\"https:\/\/www.facebook.com\/institutodeengenharia\" \/>\n<meta property=\"article:published_time\" content=\"2014-09-17T00:11:05+00:00\" \/>\n<meta name=\"author\" content=\"TMax Tecnologia\" \/>\n<meta name=\"twitter:card\" content=\"summary_large_image\" \/>\n<meta name=\"twitter:creator\" content=\"@iengenharia\" \/>\n<meta name=\"twitter:site\" content=\"@iengenharia\" \/>\n<meta name=\"twitter:label1\" content=\"Escrito por\" \/>\n\t<meta name=\"twitter:data1\" content=\"TMax Tecnologia\" \/>\n\t<meta name=\"twitter:label2\" content=\"Est. tempo de leitura\" \/>\n\t<meta name=\"twitter:data2\" content=\"1 minuto\" \/>\n<script type=\"application\/ld+json\" class=\"yoast-schema-graph\">{\"@context\":\"https:\/\/schema.org\",\"@graph\":[{\"@type\":\"Article\",\"@id\":\"https:\/\/www.institutodeengenharia.org.br\/site\/2014\/09\/17\/diretrizes-tecnicas-de-pericias-de-engenharia-em-edificacoes\/#article\",\"isPartOf\":{\"@id\":\"https:\/\/www.institutodeengenharia.org.br\/site\/2014\/09\/17\/diretrizes-tecnicas-de-pericias-de-engenharia-em-edificacoes\/\"},\"author\":{\"name\":\"TMax Tecnologia\",\"@id\":\"https:\/\/www.institutodeengenharia.org.br\/site\/#\/schema\/person\/3b1ff109facef084739fc2edcb9a127f\"},\"headline\":\"Diretrizes T\u00e9cnicas de Per\u00edcias de Engenharia em Edifica\u00e7\u00f5es\",\"datePublished\":\"2014-09-17T00:11:05+00:00\",\"mainEntityOfPage\":{\"@id\":\"https:\/\/www.institutodeengenharia.org.br\/site\/2014\/09\/17\/diretrizes-tecnicas-de-pericias-de-engenharia-em-edificacoes\/\"},\"wordCount\":165,\"commentCount\":0,\"publisher\":{\"@id\":\"https:\/\/www.institutodeengenharia.org.br\/site\/#organization\"},\"articleSection\":[\"Divis\u00e3o T\u00e9cnica de Engenharia Diagn\u00f3stica\",\"Publica\u00e7\u00f5es T\u00e9cnicas\"],\"inLanguage\":\"pt-BR\",\"potentialAction\":[{\"@type\":\"CommentAction\",\"name\":\"Comment\",\"target\":[\"https:\/\/www.institutodeengenharia.org.br\/site\/2014\/09\/17\/diretrizes-tecnicas-de-pericias-de-engenharia-em-edificacoes\/#respond\"]}]},{\"@type\":\"WebPage\",\"@id\":\"https:\/\/www.institutodeengenharia.org.br\/site\/2014\/09\/17\/diretrizes-tecnicas-de-pericias-de-engenharia-em-edificacoes\/\",\"url\":\"https:\/\/www.institutodeengenharia.org.br\/site\/2014\/09\/17\/diretrizes-tecnicas-de-pericias-de-engenharia-em-edificacoes\/\",\"name\":\"Diretrizes T\u00e9cnicas de Per\u00edcias de Engenharia em Edifica\u00e7\u00f5es - Instituto de Engenharia\",\"isPartOf\":{\"@id\":\"https:\/\/www.institutodeengenharia.org.br\/site\/#website\"},\"datePublished\":\"2014-09-17T00:11:05+00:00\",\"breadcrumb\":{\"@id\":\"https:\/\/www.institutodeengenharia.org.br\/site\/2014\/09\/17\/diretrizes-tecnicas-de-pericias-de-engenharia-em-edificacoes\/#breadcrumb\"},\"inLanguage\":\"pt-BR\",\"potentialAction\":[{\"@type\":\"ReadAction\",\"target\":[\"https:\/\/www.institutodeengenharia.org.br\/site\/2014\/09\/17\/diretrizes-tecnicas-de-pericias-de-engenharia-em-edificacoes\/\"]}]},{\"@type\":\"BreadcrumbList\",\"@id\":\"https:\/\/www.institutodeengenharia.org.br\/site\/2014\/09\/17\/diretrizes-tecnicas-de-pericias-de-engenharia-em-edificacoes\/#breadcrumb\",\"itemListElement\":[{\"@type\":\"ListItem\",\"position\":1,\"name\":\"In\u00edcio\",\"item\":\"https:\/\/www.institutodeengenharia.org.br\/site\/\"},{\"@type\":\"ListItem\",\"position\":2,\"name\":\"Diretrizes T\u00e9cnicas de Per\u00edcias de Engenharia em Edifica\u00e7\u00f5es\"}]},{\"@type\":\"WebSite\",\"@id\":\"https:\/\/www.institutodeengenharia.org.br\/site\/#website\",\"url\":\"https:\/\/www.institutodeengenharia.org.br\/site\/\",\"name\":\"Instituto de Engenharia\",\"description\":\"O Instituto de Engenharia promove a Engenharia em benef\u00edcio do desenvolvimento e da qualidade de vida da sociedade.\",\"publisher\":{\"@id\":\"https:\/\/www.institutodeengenharia.org.br\/site\/#organization\"},\"potentialAction\":[{\"@type\":\"SearchAction\",\"target\":{\"@type\":\"EntryPoint\",\"urlTemplate\":\"https:\/\/www.institutodeengenharia.org.br\/site\/?s={search_term_string}\"},\"query-input\":{\"@type\":\"PropertyValueSpecification\",\"valueRequired\":true,\"valueName\":\"search_term_string\"}}],\"inLanguage\":\"pt-BR\"},{\"@type\":\"Organization\",\"@id\":\"https:\/\/www.institutodeengenharia.org.br\/site\/#organization\",\"name\":\"Instituto de Engenharia\",\"url\":\"https:\/\/www.institutodeengenharia.org.br\/site\/\",\"logo\":{\"@type\":\"ImageObject\",\"inLanguage\":\"pt-BR\",\"@id\":\"https:\/\/www.institutodeengenharia.org.br\/site\/#\/schema\/logo\/image\/\",\"url\":\"https:\/\/www.institutodeengenharia.org.br\/site\/wp-content\/uploads\/2019\/03\/logo-novo-IE2018-1.jpg\",\"contentUrl\":\"https:\/\/www.institutodeengenharia.org.br\/site\/wp-content\/uploads\/2019\/03\/logo-novo-IE2018-1.jpg\",\"width\":1486,\"height\":1879,\"caption\":\"Instituto de Engenharia\"},\"image\":{\"@id\":\"https:\/\/www.institutodeengenharia.org.br\/site\/#\/schema\/logo\/image\/\"},\"sameAs\":[\"https:\/\/www.facebook.com\/institutodeengenharia\",\"https:\/\/x.com\/iengenharia\",\"https:\/\/www.instagram.com\/institutodeengenharia\/\",\"https:\/\/www.linkedin.com\/company\/instituto-de-engenharia\/\",\"https:\/\/www.youtube.com\/channel\/UCXiCAlsSMe977vamW915HxA\"]},{\"@type\":\"Person\",\"@id\":\"https:\/\/www.institutodeengenharia.org.br\/site\/#\/schema\/person\/3b1ff109facef084739fc2edcb9a127f\",\"name\":\"TMax Tecnologia\",\"image\":{\"@type\":\"ImageObject\",\"inLanguage\":\"pt-BR\",\"@id\":\"https:\/\/secure.gravatar.com\/avatar\/f912434ef7f389c92cb311fcdae346af848465d638912574b3c669070f797701?s=96&d=mm&r=g\",\"url\":\"https:\/\/secure.gravatar.com\/avatar\/f912434ef7f389c92cb311fcdae346af848465d638912574b3c669070f797701?s=96&d=mm&r=g\",\"contentUrl\":\"https:\/\/secure.gravatar.com\/avatar\/f912434ef7f389c92cb311fcdae346af848465d638912574b3c669070f797701?s=96&d=mm&r=g\",\"caption\":\"TMax Tecnologia\"},\"url\":\"https:\/\/www.institutodeengenharia.org.br\/site\/author\/tmax\/\"}]}<\/script>\n<!-- \/ Yoast SEO plugin. -->","yoast_head_json":{"title":"Diretrizes T\u00e9cnicas de Per\u00edcias de Engenharia em Edifica\u00e7\u00f5es  - Instituto de Engenharia","robots":{"index":"index","follow":"follow","max-snippet":"max-snippet:-1","max-image-preview":"max-image-preview:large","max-video-preview":"max-video-preview:-1"},"canonical":"https:\/\/www.institutodeengenharia.org.br\/site\/2014\/09\/17\/diretrizes-tecnicas-de-pericias-de-engenharia-em-edificacoes\/","og_locale":"pt_BR","og_type":"article","og_title":"Diretrizes T\u00e9cnicas de Per\u00edcias de Engenharia em Edifica\u00e7\u00f5es  - Instituto de Engenharia","og_description":"Projeto desenvolvido com o&nbsp;apoio da vice-presid\u00eancia de Atividades T\u00e9cnicas, pelo Departamento de Produ\u00e7\u00e3o. Patrocinado e capitaneado pela Divis\u00e3o de Patologia das Constru\u00e7\u00f5es. INSTITUTO DE ENGENHARIA&nbsp; Presidente: Camil Eid Vice-presidente T\u00e9cnica: Miriana Marques Pereira Diretor de Engenharia de Produ\u00e7\u00e3o: Jer\u00f4nimo Cabral P. Fagundes Neto Diretor de Cursos: Marco Antonio Gullo Coordenador da Divis\u00e3o de Patologias das [&hellip;]","og_url":"https:\/\/www.institutodeengenharia.org.br\/site\/2014\/09\/17\/diretrizes-tecnicas-de-pericias-de-engenharia-em-edificacoes\/","og_site_name":"Instituto de Engenharia","article_publisher":"https:\/\/www.facebook.com\/institutodeengenharia","article_published_time":"2014-09-17T00:11:05+00:00","author":"TMax Tecnologia","twitter_card":"summary_large_image","twitter_creator":"@iengenharia","twitter_site":"@iengenharia","twitter_misc":{"Escrito por":"TMax Tecnologia","Est. tempo de leitura":"1 minuto"},"schema":{"@context":"https:\/\/schema.org","@graph":[{"@type":"Article","@id":"https:\/\/www.institutodeengenharia.org.br\/site\/2014\/09\/17\/diretrizes-tecnicas-de-pericias-de-engenharia-em-edificacoes\/#article","isPartOf":{"@id":"https:\/\/www.institutodeengenharia.org.br\/site\/2014\/09\/17\/diretrizes-tecnicas-de-pericias-de-engenharia-em-edificacoes\/"},"author":{"name":"TMax Tecnologia","@id":"https:\/\/www.institutodeengenharia.org.br\/site\/#\/schema\/person\/3b1ff109facef084739fc2edcb9a127f"},"headline":"Diretrizes T\u00e9cnicas de Per\u00edcias de Engenharia em Edifica\u00e7\u00f5es","datePublished":"2014-09-17T00:11:05+00:00","mainEntityOfPage":{"@id":"https:\/\/www.institutodeengenharia.org.br\/site\/2014\/09\/17\/diretrizes-tecnicas-de-pericias-de-engenharia-em-edificacoes\/"},"wordCount":165,"commentCount":0,"publisher":{"@id":"https:\/\/www.institutodeengenharia.org.br\/site\/#organization"},"articleSection":["Divis\u00e3o T\u00e9cnica de Engenharia Diagn\u00f3stica","Publica\u00e7\u00f5es T\u00e9cnicas"],"inLanguage":"pt-BR","potentialAction":[{"@type":"CommentAction","name":"Comment","target":["https:\/\/www.institutodeengenharia.org.br\/site\/2014\/09\/17\/diretrizes-tecnicas-de-pericias-de-engenharia-em-edificacoes\/#respond"]}]},{"@type":"WebPage","@id":"https:\/\/www.institutodeengenharia.org.br\/site\/2014\/09\/17\/diretrizes-tecnicas-de-pericias-de-engenharia-em-edificacoes\/","url":"https:\/\/www.institutodeengenharia.org.br\/site\/2014\/09\/17\/diretrizes-tecnicas-de-pericias-de-engenharia-em-edificacoes\/","name":"Diretrizes T\u00e9cnicas de Per\u00edcias de Engenharia em Edifica\u00e7\u00f5es - Instituto de Engenharia","isPartOf":{"@id":"https:\/\/www.institutodeengenharia.org.br\/site\/#website"},"datePublished":"2014-09-17T00:11:05+00:00","breadcrumb":{"@id":"https:\/\/www.institutodeengenharia.org.br\/site\/2014\/09\/17\/diretrizes-tecnicas-de-pericias-de-engenharia-em-edificacoes\/#breadcrumb"},"inLanguage":"pt-BR","potentialAction":[{"@type":"ReadAction","target":["https:\/\/www.institutodeengenharia.org.br\/site\/2014\/09\/17\/diretrizes-tecnicas-de-pericias-de-engenharia-em-edificacoes\/"]}]},{"@type":"BreadcrumbList","@id":"https:\/\/www.institutodeengenharia.org.br\/site\/2014\/09\/17\/diretrizes-tecnicas-de-pericias-de-engenharia-em-edificacoes\/#breadcrumb","itemListElement":[{"@type":"ListItem","position":1,"name":"In\u00edcio","item":"https:\/\/www.institutodeengenharia.org.br\/site\/"},{"@type":"ListItem","position":2,"name":"Diretrizes T\u00e9cnicas de Per\u00edcias de Engenharia em Edifica\u00e7\u00f5es"}]},{"@type":"WebSite","@id":"https:\/\/www.institutodeengenharia.org.br\/site\/#website","url":"https:\/\/www.institutodeengenharia.org.br\/site\/","name":"Instituto de Engenharia","description":"O Instituto de Engenharia promove a Engenharia em benef\u00edcio do desenvolvimento e da qualidade de vida da sociedade.","publisher":{"@id":"https:\/\/www.institutodeengenharia.org.br\/site\/#organization"},"potentialAction":[{"@type":"SearchAction","target":{"@type":"EntryPoint","urlTemplate":"https:\/\/www.institutodeengenharia.org.br\/site\/?s={search_term_string}"},"query-input":{"@type":"PropertyValueSpecification","valueRequired":true,"valueName":"search_term_string"}}],"inLanguage":"pt-BR"},{"@type":"Organization","@id":"https:\/\/www.institutodeengenharia.org.br\/site\/#organization","name":"Instituto de Engenharia","url":"https:\/\/www.institutodeengenharia.org.br\/site\/","logo":{"@type":"ImageObject","inLanguage":"pt-BR","@id":"https:\/\/www.institutodeengenharia.org.br\/site\/#\/schema\/logo\/image\/","url":"https:\/\/www.institutodeengenharia.org.br\/site\/wp-content\/uploads\/2019\/03\/logo-novo-IE2018-1.jpg","contentUrl":"https:\/\/www.institutodeengenharia.org.br\/site\/wp-content\/uploads\/2019\/03\/logo-novo-IE2018-1.jpg","width":1486,"height":1879,"caption":"Instituto de Engenharia"},"image":{"@id":"https:\/\/www.institutodeengenharia.org.br\/site\/#\/schema\/logo\/image\/"},"sameAs":["https:\/\/www.facebook.com\/institutodeengenharia","https:\/\/x.com\/iengenharia","https:\/\/www.instagram.com\/institutodeengenharia\/","https:\/\/www.linkedin.com\/company\/instituto-de-engenharia\/","https:\/\/www.youtube.com\/channel\/UCXiCAlsSMe977vamW915HxA"]},{"@type":"Person","@id":"https:\/\/www.institutodeengenharia.org.br\/site\/#\/schema\/person\/3b1ff109facef084739fc2edcb9a127f","name":"TMax Tecnologia","image":{"@type":"ImageObject","inLanguage":"pt-BR","@id":"https:\/\/secure.gravatar.com\/avatar\/f912434ef7f389c92cb311fcdae346af848465d638912574b3c669070f797701?s=96&d=mm&r=g","url":"https:\/\/secure.gravatar.com\/avatar\/f912434ef7f389c92cb311fcdae346af848465d638912574b3c669070f797701?s=96&d=mm&r=g","contentUrl":"https:\/\/secure.gravatar.com\/avatar\/f912434ef7f389c92cb311fcdae346af848465d638912574b3c669070f797701?s=96&d=mm&r=g","caption":"TMax Tecnologia"},"url":"https:\/\/www.institutodeengenharia.org.br\/site\/author\/tmax\/"}]}},"_links":{"self":[{"href":"https:\/\/www.institutodeengenharia.org.br\/site\/wp-json\/wp\/v2\/posts\/24953","targetHints":{"allow":["GET"]}}],"collection":[{"href":"https:\/\/www.institutodeengenharia.org.br\/site\/wp-json\/wp\/v2\/posts"}],"about":[{"href":"https:\/\/www.institutodeengenharia.org.br\/site\/wp-json\/wp\/v2\/types\/post"}],"author":[{"embeddable":true,"href":"https:\/\/www.institutodeengenharia.org.br\/site\/wp-json\/wp\/v2\/users\/1"}],"replies":[{"embeddable":true,"href":"https:\/\/www.institutodeengenharia.org.br\/site\/wp-json\/wp\/v2\/comments?post=24953"}],"version-history":[{"count":0,"href":"https:\/\/www.institutodeengenharia.org.br\/site\/wp-json\/wp\/v2\/posts\/24953\/revisions"}],"wp:attachment":[{"href":"https:\/\/www.institutodeengenharia.org.br\/site\/wp-json\/wp\/v2\/media?parent=24953"}],"wp:term":[{"taxonomy":"category","embeddable":true,"href":"https:\/\/www.institutodeengenharia.org.br\/site\/wp-json\/wp\/v2\/categories?post=24953"},{"taxonomy":"post_tag","embeddable":true,"href":"https:\/\/www.institutodeengenharia.org.br\/site\/wp-json\/wp\/v2\/tags?post=24953"}],"curies":[{"name":"wp","href":"https:\/\/api.w.org\/{rel}","templated":true}]}}