{"id":24632,"date":"2014-03-31T00:06:54","date_gmt":"2014-03-31T00:06:54","guid":{"rendered":"https:\/\/www.institutodeengenharia.org.br\/?p=24632"},"modified":"2014-03-31T16:24:59","modified_gmt":"2014-03-31T16:24:59","slug":"impacto-do-aquecimento-global-sera-grave-e-irreversivel-diz-onu","status":"publish","type":"post","link":"https:\/\/www.institutodeengenharia.org.br\/site\/2014\/03\/31\/impacto-do-aquecimento-global-sera-grave-e-irreversivel-diz-onu\/","title":{"rendered":"Impacto do aquecimento global ser\u00e1 grave e irrevers\u00edvel, diz ONU"},"content":{"rendered":"<p>Autoridades e cientistas reunidos no Jap\u00e3o afirmam que o documento \u00e9 a avalia\u00e7\u00e3o mais completa j\u00e1 feita sobre o impacto das mudan\u00e7as clim\u00e1ticas no planeta.<\/p>\n<p>Integrantes do IPCC dizem que at\u00e9 agora os efeitos do aquecimento s\u00e3o sentidos de forma mais acentuada pela natureza, mas que haver\u00e1 um impacto cada vez maior sobre a humanidade. <br \/>\nMudan\u00e7as clim\u00e1ticas v\u00e3o afetar a sa\u00fade, a habita\u00e7\u00e3o, a alimenta\u00e7\u00e3o e a seguran\u00e7a da popula\u00e7\u00e3o no planeta, segundo o relat\u00f3rio.&nbsp;<\/p>\n<p>O teor do documento foi alvo de intensas negocia\u00e7\u00f5es em reuni\u00f5es realizadas em Yokohama. Este \u00e9 o segundo de uma s\u00e9rie de relat\u00f3rios do IPCC previstos para este ano.&nbsp;<\/p>\n<p>O texto afirma que a quantidade de provas cient\u00edficas do impacto do aquecimento global dobrou desde o \u00faltimo relat\u00f3rio, lan\u00e7ado em 2007.&nbsp;<\/p>\n<p>&#8220;Ningu\u00e9m neste planeta ficar\u00e1 imune aos impactos das mudan\u00e7as clim\u00e1ticas&#8221;, disse o diretor do IPCC, Rajendra Pachauri, a jornalistas nesta segunda-feira.&nbsp;<\/p>\n<p>O secret\u00e1rio-geral da Associa\u00e7\u00e3o Mundial de Meteorologia, Michel Jarraud, disse que se no passado as pessoas estavam destruindo o planeta por ignor\u00e2ncia, agora j\u00e1 n\u00e3o existe mais esta &#8220;desculpa&#8221;. <br \/>\nEnchentes e calor&nbsp;<\/p>\n<p>O relat\u00f3rio foi baseado em mais de 12 mil estudos publicados em revistas cient\u00edficas. Jarraud disse que o texto \u00e9 &#8220;a mais s\u00f3lida evid\u00eancia que se pode ter em qualquer disciplina cient\u00edfica&#8221;.<\/p>\n<p>Nos pr\u00f3ximos 20 a 30 anos, sistemas como o mar do \u00c1rtico est\u00e3o amea\u00e7ados pelo aumento da temperatura em 2 graus Celsius. O ecossistema dos corais tamb\u00e9m pode ser prejudicado pela acidifica\u00e7\u00e3o dos oceanos.<\/p>\n<p>Na terra, animais, plantas e outras esp\u00e9cies v\u00e3o come\u00e7ar a &#8220;se deslocar&#8221; para pontos mais altos, ou em dire\u00e7\u00e3o aos polos.&nbsp;<\/p>\n<p>Um ponto espec\u00edfico levantado pelo relat\u00f3rio \u00e9 a inseguran\u00e7a alimentar. Algumas previs\u00f5es indicam perdas de mais de 25% nas colheitas de milho, arroz e trigo at\u00e9 2050. <br \/>\nEnquanto isso, a demanda por alimentos vai continuar aumentando com o crescimento da popula\u00e7\u00e3o, que pode atingir nove bilh\u00f5es de pessoas at\u00e9 2050.&nbsp;<\/p>\n<p>&#8220;Na medida em que avan\u00e7amos [as previs\u00f5es] no futuro, os riscos s\u00f3 aumentam, e isso acontecer\u00e1 com as pessoas, com as colheitas e com a disponibilidade de \u00e1gua&#8221;, disse Neil Adger, da universidade brit\u00e2nica de Exeter \u2013 outro cientista que assina o relat\u00f3rio. <br \/>\nEnchentes e ondas de calor estar\u00e3o entre os principais fatores causadores de mortes de pessoas.&nbsp;<\/p>\n<p>Trabalhadores que atuam ao ar livre \u2013 como oper\u00e1rios da constru\u00e7\u00e3o civil e fazendeiros \u2013 estar\u00e3o entre os que mais sofrer\u00e3o. H\u00e1 tamb\u00e9m riscos de grandes movimentos migrat\u00f3rios relacionados ao clima, al\u00e9m de conflitos armados. <br \/>\nQuem paga?&nbsp;<\/p>\n<p>Em lugares como a \u00c1frica, as pessoas estar\u00e3o particularmente vulner\u00e1veis. Muitos que deixaram a pobreza nos \u00faltimos anos podem voltar a ter condi\u00e7\u00f5es de vida miser\u00e1veis.<\/p>\n<p><img loading=\"lazy\" decoding=\"async\" width=\"624\" height=\"420\" alt=\"\" src=\"\/site\/userfiles\/impacto_2.jpg\" \/><\/p>\n<p>Mas o professor Saleemul Huq, outro coautor do relat\u00f3rio, disse que os pa\u00edses ricos n\u00e3o estar\u00e3o imunes.&nbsp;<\/p>\n<p>&#8220;Os ricos ter\u00e3o que se preparar para as mudan\u00e7as clim\u00e1ticas. Estamos vendo isso agora na Gr\u00e3-Bretanha, com as enchentes de poucos meses atr\u00e1s, as tempestades nos Estados Unidos e a seca no Estado da Calif\u00f3rnia&#8221;, disse Huq.&nbsp;<\/p>\n<p>&#8220;Estes eventos s\u00e3o multibilion\u00e1rios, que precisam ser pagos pelos ricos, e existe um limite no que eles podem pagar.&#8221; <br \/>\nOutro coautor, Chris Field, apontou que existem alguns lados positivos do relat\u00f3rio. Segundo ele, o mundo tem condi\u00e7\u00f5es de administrar os riscos previstos no documento.&nbsp;<\/p>\n<p>&#8220;Aquecimento global \u00e9 algo muito importante, mas n\u00f3s temos muitas ferramentas para lidar de forma eficiente com isso. S\u00f3 \u00e9 preciso lidar de forma inteligente com isso&#8221;, diz Field.&nbsp;<\/p>\n<p>Mas um dos problemas que ainda n\u00e3o tem resposta \u00e9: quem pagar\u00e1 a conta? <br \/>\n&#8220;N\u00e3o cabe ao IPCC definir isso&#8221;, disse Jos\u00e9 Marengo, cientista brasileiro do Instituto Nacional de Pesquisas Espaciais (Inpe), que participou das negocia\u00e7\u00f5es em Yokohama.&nbsp;<\/p>\n<p>&#8220;O relat\u00f3rio fornece a base cient\u00edfica para dizer que aqui est\u00e1 a conta, algu\u00e9m precisa pagar, e com essas bases cient\u00edficas \u00e9 relativamente mais f\u00e1cil ir \u00e0s negocia\u00e7\u00f5es da UNFCCC [Conven\u00e7\u00e3o Quadro da ONU sobre Mudan\u00e7as Clim\u00e1ticas] e come\u00e7ar a costurar acordos sobre quem pagar\u00e1 pela adapta\u00e7\u00e3o [do planeta].&#8221;<\/p>\n<p><strong>O que \u00e9 o IPCC?<\/p>\n<p><\/strong>A fun\u00e7\u00e3o do Painel Intergovernamental da ONU para Mudan\u00e7as Clim\u00e1ticas (IPCC), nas suas palavras \u00e9 &#8220;suprir o mundo com vis\u00f5es cient\u00edficas claras sobre o estado atual do conhecimento em mudan\u00e7as clim\u00e1ticas e seus potenciais impactos ambientais e socioecon\u00f4micos&#8221;. <br \/>\nCom o aval da ONU, a entidade j\u00e1 produziu quatro grandes relat\u00f3rios at\u00e9 hoje. <br \/>\nO IPCC \u00e9 uma organiza\u00e7\u00e3o pequena, sediada em Genebra e com uma equipe de 12 funcion\u00e1rios que trabalham em turno integral. Todos os cientistas que colaboram com o painel o fazem de forma volunt\u00e1ria<\/p>\n<p><b>Autor: BBC<\/b><\/p>\n","protected":false},"excerpt":{"rendered":"<p>O impacto do aquecimento global ser\u00e1 &#8220;grave, abrangente e irrevers\u00edvel&#8221;, segundo um relat\u00f3rio do Painel Intergovernamental sobre Mudan\u00e7as Clim\u00e1ticas da ONU (IPCC, na sigla em ingl\u00eas) divulgado nesta segunda-feira.<\/p>\n","protected":false},"author":1,"featured_media":24633,"comment_status":"open","ping_status":"open","sticky":false,"template":"","format":"standard","meta":{"footnotes":""},"categories":[31,6],"tags":[],"class_list":{"0":"post-24632","1":"post","2":"type-post","3":"status-publish","4":"format-standard","5":"has-post-thumbnail","7":"category-meio-ambiente","8":"category-noticias"},"yoast_head":"<!-- This site is optimized with the Yoast SEO plugin v27.2 - https:\/\/yoast.com\/product\/yoast-seo-wordpress\/ -->\n<title>Impacto do aquecimento global ser\u00e1 grave e irrevers\u00edvel, diz ONU - Instituto de Engenharia<\/title>\n<meta name=\"robots\" content=\"index, follow, max-snippet:-1, max-image-preview:large, max-video-preview:-1\" \/>\n<link rel=\"canonical\" href=\"https:\/\/www.institutodeengenharia.org.br\/site\/2014\/03\/31\/impacto-do-aquecimento-global-sera-grave-e-irreversivel-diz-onu\/\" \/>\n<meta property=\"og:locale\" content=\"pt_BR\" \/>\n<meta property=\"og:type\" content=\"article\" \/>\n<meta property=\"og:title\" content=\"Impacto do aquecimento global ser\u00e1 grave e irrevers\u00edvel, diz ONU - Instituto de Engenharia\" \/>\n<meta property=\"og:description\" content=\"O impacto do aquecimento global ser\u00e1 &quot;grave, abrangente e irrevers\u00edvel&quot;, segundo um relat\u00f3rio do Painel Intergovernamental sobre Mudan\u00e7as Clim\u00e1ticas da ONU (IPCC, na sigla em ingl\u00eas) divulgado nesta segunda-feira.\" \/>\n<meta property=\"og:url\" content=\"https:\/\/www.institutodeengenharia.org.br\/site\/2014\/03\/31\/impacto-do-aquecimento-global-sera-grave-e-irreversivel-diz-onu\/\" \/>\n<meta property=\"og:site_name\" content=\"Instituto de Engenharia\" \/>\n<meta property=\"article:publisher\" content=\"https:\/\/www.facebook.com\/institutodeengenharia\" \/>\n<meta property=\"article:published_time\" content=\"2014-03-31T00:06:54+00:00\" \/>\n<meta property=\"article:modified_time\" content=\"2014-03-31T16:24:59+00:00\" \/>\n<meta property=\"og:image\" content=\"https:\/\/www.institutodeengenharia.org.br\/site\/wp-content\/uploads\/2017\/10\/impacto.jpg\" \/>\n\t<meta property=\"og:image:width\" content=\"624\" \/>\n\t<meta property=\"og:image:height\" content=\"500\" \/>\n\t<meta property=\"og:image:type\" content=\"image\/jpeg\" \/>\n<meta name=\"author\" content=\"TMax Tecnologia\" \/>\n<meta name=\"twitter:card\" content=\"summary_large_image\" \/>\n<meta name=\"twitter:creator\" content=\"@iengenharia\" \/>\n<meta name=\"twitter:site\" content=\"@iengenharia\" \/>\n<meta name=\"twitter:label1\" content=\"Escrito por\" \/>\n\t<meta name=\"twitter:data1\" content=\"TMax Tecnologia\" \/>\n\t<meta name=\"twitter:label2\" content=\"Est. tempo de leitura\" \/>\n\t<meta name=\"twitter:data2\" content=\"4 minutos\" \/>\n<script type=\"application\/ld+json\" class=\"yoast-schema-graph\">{\"@context\":\"https:\/\/schema.org\",\"@graph\":[{\"@type\":\"Article\",\"@id\":\"https:\/\/www.institutodeengenharia.org.br\/site\/2014\/03\/31\/impacto-do-aquecimento-global-sera-grave-e-irreversivel-diz-onu\/#article\",\"isPartOf\":{\"@id\":\"https:\/\/www.institutodeengenharia.org.br\/site\/2014\/03\/31\/impacto-do-aquecimento-global-sera-grave-e-irreversivel-diz-onu\/\"},\"author\":{\"name\":\"TMax Tecnologia\",\"@id\":\"https:\/\/www.institutodeengenharia.org.br\/site\/#\/schema\/person\/3b1ff109facef084739fc2edcb9a127f\"},\"headline\":\"Impacto do aquecimento global ser\u00e1 grave e irrevers\u00edvel, diz ONU\",\"datePublished\":\"2014-03-31T00:06:54+00:00\",\"dateModified\":\"2014-03-31T16:24:59+00:00\",\"mainEntityOfPage\":{\"@id\":\"https:\/\/www.institutodeengenharia.org.br\/site\/2014\/03\/31\/impacto-do-aquecimento-global-sera-grave-e-irreversivel-diz-onu\/\"},\"wordCount\":851,\"commentCount\":0,\"publisher\":{\"@id\":\"https:\/\/www.institutodeengenharia.org.br\/site\/#organization\"},\"image\":{\"@id\":\"https:\/\/www.institutodeengenharia.org.br\/site\/2014\/03\/31\/impacto-do-aquecimento-global-sera-grave-e-irreversivel-diz-onu\/#primaryimage\"},\"thumbnailUrl\":\"https:\/\/www.institutodeengenharia.org.br\/site\/wp-content\/uploads\/2017\/10\/impacto.jpg\",\"articleSection\":[\"Meio Ambiente\",\"Not\u00edcias\"],\"inLanguage\":\"pt-BR\",\"potentialAction\":[{\"@type\":\"CommentAction\",\"name\":\"Comment\",\"target\":[\"https:\/\/www.institutodeengenharia.org.br\/site\/2014\/03\/31\/impacto-do-aquecimento-global-sera-grave-e-irreversivel-diz-onu\/#respond\"]}]},{\"@type\":\"WebPage\",\"@id\":\"https:\/\/www.institutodeengenharia.org.br\/site\/2014\/03\/31\/impacto-do-aquecimento-global-sera-grave-e-irreversivel-diz-onu\/\",\"url\":\"https:\/\/www.institutodeengenharia.org.br\/site\/2014\/03\/31\/impacto-do-aquecimento-global-sera-grave-e-irreversivel-diz-onu\/\",\"name\":\"Impacto do aquecimento global ser\u00e1 grave e irrevers\u00edvel, diz ONU - Instituto de Engenharia\",\"isPartOf\":{\"@id\":\"https:\/\/www.institutodeengenharia.org.br\/site\/#website\"},\"primaryImageOfPage\":{\"@id\":\"https:\/\/www.institutodeengenharia.org.br\/site\/2014\/03\/31\/impacto-do-aquecimento-global-sera-grave-e-irreversivel-diz-onu\/#primaryimage\"},\"image\":{\"@id\":\"https:\/\/www.institutodeengenharia.org.br\/site\/2014\/03\/31\/impacto-do-aquecimento-global-sera-grave-e-irreversivel-diz-onu\/#primaryimage\"},\"thumbnailUrl\":\"https:\/\/www.institutodeengenharia.org.br\/site\/wp-content\/uploads\/2017\/10\/impacto.jpg\",\"datePublished\":\"2014-03-31T00:06:54+00:00\",\"dateModified\":\"2014-03-31T16:24:59+00:00\",\"breadcrumb\":{\"@id\":\"https:\/\/www.institutodeengenharia.org.br\/site\/2014\/03\/31\/impacto-do-aquecimento-global-sera-grave-e-irreversivel-diz-onu\/#breadcrumb\"},\"inLanguage\":\"pt-BR\",\"potentialAction\":[{\"@type\":\"ReadAction\",\"target\":[\"https:\/\/www.institutodeengenharia.org.br\/site\/2014\/03\/31\/impacto-do-aquecimento-global-sera-grave-e-irreversivel-diz-onu\/\"]}]},{\"@type\":\"ImageObject\",\"inLanguage\":\"pt-BR\",\"@id\":\"https:\/\/www.institutodeengenharia.org.br\/site\/2014\/03\/31\/impacto-do-aquecimento-global-sera-grave-e-irreversivel-diz-onu\/#primaryimage\",\"url\":\"https:\/\/www.institutodeengenharia.org.br\/site\/wp-content\/uploads\/2017\/10\/impacto.jpg\",\"contentUrl\":\"https:\/\/www.institutodeengenharia.org.br\/site\/wp-content\/uploads\/2017\/10\/impacto.jpg\",\"width\":624,\"height\":500},{\"@type\":\"BreadcrumbList\",\"@id\":\"https:\/\/www.institutodeengenharia.org.br\/site\/2014\/03\/31\/impacto-do-aquecimento-global-sera-grave-e-irreversivel-diz-onu\/#breadcrumb\",\"itemListElement\":[{\"@type\":\"ListItem\",\"position\":1,\"name\":\"In\u00edcio\",\"item\":\"https:\/\/www.institutodeengenharia.org.br\/site\/\"},{\"@type\":\"ListItem\",\"position\":2,\"name\":\"Impacto do aquecimento global ser\u00e1 grave e irrevers\u00edvel, diz ONU\"}]},{\"@type\":\"WebSite\",\"@id\":\"https:\/\/www.institutodeengenharia.org.br\/site\/#website\",\"url\":\"https:\/\/www.institutodeengenharia.org.br\/site\/\",\"name\":\"Instituto de Engenharia\",\"description\":\"O Instituto de Engenharia promove a Engenharia em benef\u00edcio do desenvolvimento e da qualidade de vida da sociedade.\",\"publisher\":{\"@id\":\"https:\/\/www.institutodeengenharia.org.br\/site\/#organization\"},\"potentialAction\":[{\"@type\":\"SearchAction\",\"target\":{\"@type\":\"EntryPoint\",\"urlTemplate\":\"https:\/\/www.institutodeengenharia.org.br\/site\/?s={search_term_string}\"},\"query-input\":{\"@type\":\"PropertyValueSpecification\",\"valueRequired\":true,\"valueName\":\"search_term_string\"}}],\"inLanguage\":\"pt-BR\"},{\"@type\":\"Organization\",\"@id\":\"https:\/\/www.institutodeengenharia.org.br\/site\/#organization\",\"name\":\"Instituto de Engenharia\",\"url\":\"https:\/\/www.institutodeengenharia.org.br\/site\/\",\"logo\":{\"@type\":\"ImageObject\",\"inLanguage\":\"pt-BR\",\"@id\":\"https:\/\/www.institutodeengenharia.org.br\/site\/#\/schema\/logo\/image\/\",\"url\":\"https:\/\/www.institutodeengenharia.org.br\/site\/wp-content\/uploads\/2019\/03\/logo-novo-IE2018-1.jpg\",\"contentUrl\":\"https:\/\/www.institutodeengenharia.org.br\/site\/wp-content\/uploads\/2019\/03\/logo-novo-IE2018-1.jpg\",\"width\":1486,\"height\":1879,\"caption\":\"Instituto de Engenharia\"},\"image\":{\"@id\":\"https:\/\/www.institutodeengenharia.org.br\/site\/#\/schema\/logo\/image\/\"},\"sameAs\":[\"https:\/\/www.facebook.com\/institutodeengenharia\",\"https:\/\/x.com\/iengenharia\",\"https:\/\/www.instagram.com\/institutodeengenharia\/\",\"https:\/\/www.linkedin.com\/company\/instituto-de-engenharia\/\",\"https:\/\/www.youtube.com\/channel\/UCXiCAlsSMe977vamW915HxA\"]},{\"@type\":\"Person\",\"@id\":\"https:\/\/www.institutodeengenharia.org.br\/site\/#\/schema\/person\/3b1ff109facef084739fc2edcb9a127f\",\"name\":\"TMax Tecnologia\",\"image\":{\"@type\":\"ImageObject\",\"inLanguage\":\"pt-BR\",\"@id\":\"https:\/\/secure.gravatar.com\/avatar\/f912434ef7f389c92cb311fcdae346af848465d638912574b3c669070f797701?s=96&d=mm&r=g\",\"url\":\"https:\/\/secure.gravatar.com\/avatar\/f912434ef7f389c92cb311fcdae346af848465d638912574b3c669070f797701?s=96&d=mm&r=g\",\"contentUrl\":\"https:\/\/secure.gravatar.com\/avatar\/f912434ef7f389c92cb311fcdae346af848465d638912574b3c669070f797701?s=96&d=mm&r=g\",\"caption\":\"TMax Tecnologia\"},\"url\":\"https:\/\/www.institutodeengenharia.org.br\/site\/author\/tmax\/\"}]}<\/script>\n<!-- \/ Yoast SEO plugin. -->","yoast_head_json":{"title":"Impacto do aquecimento global ser\u00e1 grave e irrevers\u00edvel, diz ONU - Instituto de Engenharia","robots":{"index":"index","follow":"follow","max-snippet":"max-snippet:-1","max-image-preview":"max-image-preview:large","max-video-preview":"max-video-preview:-1"},"canonical":"https:\/\/www.institutodeengenharia.org.br\/site\/2014\/03\/31\/impacto-do-aquecimento-global-sera-grave-e-irreversivel-diz-onu\/","og_locale":"pt_BR","og_type":"article","og_title":"Impacto do aquecimento global ser\u00e1 grave e irrevers\u00edvel, diz ONU - Instituto de Engenharia","og_description":"O impacto do aquecimento global ser\u00e1 \"grave, abrangente e irrevers\u00edvel\", segundo um relat\u00f3rio do Painel Intergovernamental sobre Mudan\u00e7as Clim\u00e1ticas da ONU (IPCC, na sigla em ingl\u00eas) divulgado nesta segunda-feira.","og_url":"https:\/\/www.institutodeengenharia.org.br\/site\/2014\/03\/31\/impacto-do-aquecimento-global-sera-grave-e-irreversivel-diz-onu\/","og_site_name":"Instituto de Engenharia","article_publisher":"https:\/\/www.facebook.com\/institutodeengenharia","article_published_time":"2014-03-31T00:06:54+00:00","article_modified_time":"2014-03-31T16:24:59+00:00","og_image":[{"width":624,"height":500,"url":"https:\/\/www.institutodeengenharia.org.br\/site\/wp-content\/uploads\/2017\/10\/impacto.jpg","type":"image\/jpeg"}],"author":"TMax Tecnologia","twitter_card":"summary_large_image","twitter_creator":"@iengenharia","twitter_site":"@iengenharia","twitter_misc":{"Escrito por":"TMax Tecnologia","Est. tempo de leitura":"4 minutos"},"schema":{"@context":"https:\/\/schema.org","@graph":[{"@type":"Article","@id":"https:\/\/www.institutodeengenharia.org.br\/site\/2014\/03\/31\/impacto-do-aquecimento-global-sera-grave-e-irreversivel-diz-onu\/#article","isPartOf":{"@id":"https:\/\/www.institutodeengenharia.org.br\/site\/2014\/03\/31\/impacto-do-aquecimento-global-sera-grave-e-irreversivel-diz-onu\/"},"author":{"name":"TMax Tecnologia","@id":"https:\/\/www.institutodeengenharia.org.br\/site\/#\/schema\/person\/3b1ff109facef084739fc2edcb9a127f"},"headline":"Impacto do aquecimento global ser\u00e1 grave e irrevers\u00edvel, diz ONU","datePublished":"2014-03-31T00:06:54+00:00","dateModified":"2014-03-31T16:24:59+00:00","mainEntityOfPage":{"@id":"https:\/\/www.institutodeengenharia.org.br\/site\/2014\/03\/31\/impacto-do-aquecimento-global-sera-grave-e-irreversivel-diz-onu\/"},"wordCount":851,"commentCount":0,"publisher":{"@id":"https:\/\/www.institutodeengenharia.org.br\/site\/#organization"},"image":{"@id":"https:\/\/www.institutodeengenharia.org.br\/site\/2014\/03\/31\/impacto-do-aquecimento-global-sera-grave-e-irreversivel-diz-onu\/#primaryimage"},"thumbnailUrl":"https:\/\/www.institutodeengenharia.org.br\/site\/wp-content\/uploads\/2017\/10\/impacto.jpg","articleSection":["Meio Ambiente","Not\u00edcias"],"inLanguage":"pt-BR","potentialAction":[{"@type":"CommentAction","name":"Comment","target":["https:\/\/www.institutodeengenharia.org.br\/site\/2014\/03\/31\/impacto-do-aquecimento-global-sera-grave-e-irreversivel-diz-onu\/#respond"]}]},{"@type":"WebPage","@id":"https:\/\/www.institutodeengenharia.org.br\/site\/2014\/03\/31\/impacto-do-aquecimento-global-sera-grave-e-irreversivel-diz-onu\/","url":"https:\/\/www.institutodeengenharia.org.br\/site\/2014\/03\/31\/impacto-do-aquecimento-global-sera-grave-e-irreversivel-diz-onu\/","name":"Impacto do aquecimento global ser\u00e1 grave e irrevers\u00edvel, diz ONU - Instituto de Engenharia","isPartOf":{"@id":"https:\/\/www.institutodeengenharia.org.br\/site\/#website"},"primaryImageOfPage":{"@id":"https:\/\/www.institutodeengenharia.org.br\/site\/2014\/03\/31\/impacto-do-aquecimento-global-sera-grave-e-irreversivel-diz-onu\/#primaryimage"},"image":{"@id":"https:\/\/www.institutodeengenharia.org.br\/site\/2014\/03\/31\/impacto-do-aquecimento-global-sera-grave-e-irreversivel-diz-onu\/#primaryimage"},"thumbnailUrl":"https:\/\/www.institutodeengenharia.org.br\/site\/wp-content\/uploads\/2017\/10\/impacto.jpg","datePublished":"2014-03-31T00:06:54+00:00","dateModified":"2014-03-31T16:24:59+00:00","breadcrumb":{"@id":"https:\/\/www.institutodeengenharia.org.br\/site\/2014\/03\/31\/impacto-do-aquecimento-global-sera-grave-e-irreversivel-diz-onu\/#breadcrumb"},"inLanguage":"pt-BR","potentialAction":[{"@type":"ReadAction","target":["https:\/\/www.institutodeengenharia.org.br\/site\/2014\/03\/31\/impacto-do-aquecimento-global-sera-grave-e-irreversivel-diz-onu\/"]}]},{"@type":"ImageObject","inLanguage":"pt-BR","@id":"https:\/\/www.institutodeengenharia.org.br\/site\/2014\/03\/31\/impacto-do-aquecimento-global-sera-grave-e-irreversivel-diz-onu\/#primaryimage","url":"https:\/\/www.institutodeengenharia.org.br\/site\/wp-content\/uploads\/2017\/10\/impacto.jpg","contentUrl":"https:\/\/www.institutodeengenharia.org.br\/site\/wp-content\/uploads\/2017\/10\/impacto.jpg","width":624,"height":500},{"@type":"BreadcrumbList","@id":"https:\/\/www.institutodeengenharia.org.br\/site\/2014\/03\/31\/impacto-do-aquecimento-global-sera-grave-e-irreversivel-diz-onu\/#breadcrumb","itemListElement":[{"@type":"ListItem","position":1,"name":"In\u00edcio","item":"https:\/\/www.institutodeengenharia.org.br\/site\/"},{"@type":"ListItem","position":2,"name":"Impacto do aquecimento global ser\u00e1 grave e irrevers\u00edvel, diz ONU"}]},{"@type":"WebSite","@id":"https:\/\/www.institutodeengenharia.org.br\/site\/#website","url":"https:\/\/www.institutodeengenharia.org.br\/site\/","name":"Instituto de Engenharia","description":"O Instituto de Engenharia promove a Engenharia em benef\u00edcio do desenvolvimento e da qualidade de vida da sociedade.","publisher":{"@id":"https:\/\/www.institutodeengenharia.org.br\/site\/#organization"},"potentialAction":[{"@type":"SearchAction","target":{"@type":"EntryPoint","urlTemplate":"https:\/\/www.institutodeengenharia.org.br\/site\/?s={search_term_string}"},"query-input":{"@type":"PropertyValueSpecification","valueRequired":true,"valueName":"search_term_string"}}],"inLanguage":"pt-BR"},{"@type":"Organization","@id":"https:\/\/www.institutodeengenharia.org.br\/site\/#organization","name":"Instituto de Engenharia","url":"https:\/\/www.institutodeengenharia.org.br\/site\/","logo":{"@type":"ImageObject","inLanguage":"pt-BR","@id":"https:\/\/www.institutodeengenharia.org.br\/site\/#\/schema\/logo\/image\/","url":"https:\/\/www.institutodeengenharia.org.br\/site\/wp-content\/uploads\/2019\/03\/logo-novo-IE2018-1.jpg","contentUrl":"https:\/\/www.institutodeengenharia.org.br\/site\/wp-content\/uploads\/2019\/03\/logo-novo-IE2018-1.jpg","width":1486,"height":1879,"caption":"Instituto de Engenharia"},"image":{"@id":"https:\/\/www.institutodeengenharia.org.br\/site\/#\/schema\/logo\/image\/"},"sameAs":["https:\/\/www.facebook.com\/institutodeengenharia","https:\/\/x.com\/iengenharia","https:\/\/www.instagram.com\/institutodeengenharia\/","https:\/\/www.linkedin.com\/company\/instituto-de-engenharia\/","https:\/\/www.youtube.com\/channel\/UCXiCAlsSMe977vamW915HxA"]},{"@type":"Person","@id":"https:\/\/www.institutodeengenharia.org.br\/site\/#\/schema\/person\/3b1ff109facef084739fc2edcb9a127f","name":"TMax Tecnologia","image":{"@type":"ImageObject","inLanguage":"pt-BR","@id":"https:\/\/secure.gravatar.com\/avatar\/f912434ef7f389c92cb311fcdae346af848465d638912574b3c669070f797701?s=96&d=mm&r=g","url":"https:\/\/secure.gravatar.com\/avatar\/f912434ef7f389c92cb311fcdae346af848465d638912574b3c669070f797701?s=96&d=mm&r=g","contentUrl":"https:\/\/secure.gravatar.com\/avatar\/f912434ef7f389c92cb311fcdae346af848465d638912574b3c669070f797701?s=96&d=mm&r=g","caption":"TMax Tecnologia"},"url":"https:\/\/www.institutodeengenharia.org.br\/site\/author\/tmax\/"}]}},"_links":{"self":[{"href":"https:\/\/www.institutodeengenharia.org.br\/site\/wp-json\/wp\/v2\/posts\/24632","targetHints":{"allow":["GET"]}}],"collection":[{"href":"https:\/\/www.institutodeengenharia.org.br\/site\/wp-json\/wp\/v2\/posts"}],"about":[{"href":"https:\/\/www.institutodeengenharia.org.br\/site\/wp-json\/wp\/v2\/types\/post"}],"author":[{"embeddable":true,"href":"https:\/\/www.institutodeengenharia.org.br\/site\/wp-json\/wp\/v2\/users\/1"}],"replies":[{"embeddable":true,"href":"https:\/\/www.institutodeengenharia.org.br\/site\/wp-json\/wp\/v2\/comments?post=24632"}],"version-history":[{"count":0,"href":"https:\/\/www.institutodeengenharia.org.br\/site\/wp-json\/wp\/v2\/posts\/24632\/revisions"}],"wp:featuredmedia":[{"embeddable":true,"href":"https:\/\/www.institutodeengenharia.org.br\/site\/wp-json\/wp\/v2\/media\/24633"}],"wp:attachment":[{"href":"https:\/\/www.institutodeengenharia.org.br\/site\/wp-json\/wp\/v2\/media?parent=24632"}],"wp:term":[{"taxonomy":"category","embeddable":true,"href":"https:\/\/www.institutodeengenharia.org.br\/site\/wp-json\/wp\/v2\/categories?post=24632"},{"taxonomy":"post_tag","embeddable":true,"href":"https:\/\/www.institutodeengenharia.org.br\/site\/wp-json\/wp\/v2\/tags?post=24632"}],"curies":[{"name":"wp","href":"https:\/\/api.w.org\/{rel}","templated":true}]}}