{"id":24269,"date":"2013-12-03T00:02:03","date_gmt":"2013-12-03T00:02:03","guid":{"rendered":"https:\/\/www.institutodeengenharia.org.br\/?p=24269"},"modified":"2013-12-03T10:22:08","modified_gmt":"2013-12-03T10:22:08","slug":"exercito-no-ceu-alpinistas-europeus-dao-forma-a-cobertura-do-beirario","status":"publish","type":"post","link":"https:\/\/www.institutodeengenharia.org.br\/site\/2013\/12\/03\/exercito-no-ceu-alpinistas-europeus-dao-forma-a-cobertura-do-beirario\/","title":{"rendered":"Ex\u00e9rcito no c\u00e9u: alpinistas europeus d\u00e3o forma \u00e0 cobertura do Beira-Rio"},"content":{"rendered":"<p>Eles trabalham a 30 metros de altura e vestem roupas especiais. S\u00e3o de diferentes nacionalidades e precisam se comunicar em ingl\u00eas. Em boa parte formados pelos ex\u00e9rcitos ucranianos e alem\u00e3es, o grupo de quase cem alpinistas industriais \u00e9 respons\u00e1vel por dar o toque de charme ao novo Beira-Rio. Referendados por um curso especial para a fun\u00e7\u00e3o, eles sobem ao c\u00e9u todos os dias para instalatem as membranas que ir\u00e3o compor a cobertura da casa colorada.<\/p>\n<p>O Globoesporte.com visitou o interior do est\u00e1dio para conhecer de perto a atividade. As tarefas s\u00e3o dividas por times. Existem as equipes que montam a pel\u00edcula no ch\u00e3o, outro grupo que \u00e9 respons\u00e1vel pelo i\u00e7amento da pe\u00e7a em um guidaste e aqueles que atuam quando a membrana \u00e9 aberta e tem a coloca\u00e7\u00e3o finalizada no encaixe das folhas met\u00e1licas. Quem est\u00e1 por tr\u00e1s das fun\u00e7\u00f5es \u00e9 supervisor de produ\u00e7\u00e3o, Nicolas Fiedler, que tamb\u00e9m atuou na instala\u00e7\u00e3o da cobertura do Maracan\u00e3, no Rio de Janeiro. A organiza\u00e7\u00e3o das tarefas \u00e9 o principal segredo para o \u00eaxito, garante ele. <\/p>\n<p>&#8211; Os times s\u00e3o coordenados por tr\u00eas &#8220;capit\u00e3es&#8221; que, aqui, s\u00e3o alem\u00e3es. Normalmente, nosso trabalho come\u00e7a \u00e0s 6h30m e vai at\u00e9 as 19h. Mas, se h\u00e1 alguma membrana que come\u00e7ou a ser aberta, \u00e9 preciso finalizar, e a\u00ed a gente vai at\u00e9 20h, 21h. Antes de terminar o dia, \u00e9 preciso se certificar que est\u00e1 tudo bem encaixado. Pois, se ventar ou chover, n\u00e3o haver\u00e1 risco.<\/p>\n<p>s roupas utilizadas pelos profissioais s\u00e3o praticamente as mesmas dos oper\u00e1rios. Alguns equipamentos, no entanto, diferem por serem adaptados do esporte, como, por exemplo, o chamado &#8220;gri-gri&#8221;, um instrumento de seguran\u00e7a que ajuda a controlar a velocidade de locomo\u00e7\u00e3o. A outra diferen\u00e7a s\u00e3o os capacetes &#8211; embora seja pertido usar prote\u00e7\u00f5es comuns, os alpinistas, normalmente, t\u00eam os seus pr\u00f3prios.&nbsp;<\/p>\n<p>A tarefa que exige maior cuidado est\u00e1 no ponto mais alto do est\u00e1dio, mas n\u00e3o existem etapas mais complicadas ou mais f\u00e1ceis, segundo Nicolas. Quando \u00e9 necess\u00e1rio chegar ao topo, os trabalhadores utilizam uma escada que fica na parte interna do est\u00e1dio, em frente ao gramado. J\u00e1 quem atua nas partes mais baixas sobe em gruas para se aproximar das membranas. Independentemente da a\u00e7\u00e3o, ser experiente \u00e9 fundamental na profiss\u00e3o.&nbsp;<\/p>\n<p>&#8211; A maioria deles aprendeu a escalar no ex\u00e9rcito, pois muitos que est\u00e3o aqui serviram ao ex\u00e9rcito em seus pa\u00edses. Outros praticam o esporte. S\u00f3 que todos t\u00eam o curso necess\u00e1rio para a atividade &#8211; aponta. &#8211; Quem est\u00e1 l\u00e1 em cima tem que caminhar em cima do ferro, ent\u00e3o tem mais risco. Mas n\u00e3o existe mais dif\u00edcil ou mais f\u00e1cil. Em cima tamb\u00e9m \u00e9 bem quente, mas, aqui, particularmente, tem um vento e uma brisa boa que v\u00eam do rio (lago Gua\u00edba).<\/p>\n<p>Em Porto Alegre, os alpinistas moram em hot\u00e9is ou no pr\u00f3prio alojamento da obra. Nos tempos de folga, acontecem churrascos da equipe de reforma. Um dos pontos tur\u00edsticos visitados pelos estrangeiros foi o Parque Marinha do Brasil, pr\u00f3ximo ao est\u00e1dio. O trabalho passou a ficar intenso no segundo semestre deste ano, quando come\u00e7aram a ocorrer os testes e as reuni\u00f5es para defini\u00e7\u00e3o de como colocar a membrana. A primeira pe\u00e7a foi instalada no dia 20 de novembro. A previs\u00e3o de conclus\u00e3o \u00e9 final do m\u00eas de dezembro. <br \/>\n&#8211; Eles est\u00e3o adorando a cidade &#8211; resume Nicolas. <br \/>\nParte transl\u00facida <\/p>\n<p>A membrana transl\u00facida come\u00e7ou a chegar a Porto Alegre nesta segunda-feira. As pe\u00e7as, menores e que ficar\u00e3o localizadas entre as folhas principais, devem come\u00e7ar a ser instaladas nesta semana. A parte com transpar\u00eancia tomar\u00e1 lugar onde hoje est\u00e3o as redes verdes, que servem para proteger alpinistas e a obra, caso algum objeto escape. <br \/>\nA nova etapa n\u00e3o ir\u00e1 interromper a abertura de outras partes da membrana principal &#8211; ambos os processos ocorrer\u00e3o de forma simult\u00e2nea. Enquanto a pel\u00edcula menor permitir\u00e1 a ilumina\u00e7\u00e3o interna do est\u00e1dio, a membrana opaca tornar\u00e1 poss\u00edvel que a cor vermelha brilhe no Beira-Rio \u00e0 noite, como previsto no projeto. Basta que l\u00e2mpadas rubras sejam colocadas por dentro e por fora do local. <br \/>\nO que \u00e9 a membrana? <\/p>\n<p>A membrana \u00e9 feita de uma mistura de tecido de fibra de vidro com Teflon. O material \u00e9 flex\u00edvel como um cart\u00e3o de cr\u00e9dito e sua durabilidade \u00e9 superior a 30 anos. A pel\u00edcula \u00e9 imune \u00e0 radia\u00e7\u00e3o ultravioleta e a agentes corrosivos e \u00e9 capaz de suportar enormes varia\u00e7\u00f5es de temperatura (de &#8211; 200 \u00baC a 260\u00b0C). Tem caracter\u00edsticas autolimpantes, eliminando res\u00edduos apenas com a \u00e1gua da chuva. <br \/>\nA pel\u00edcula luminosa n\u00e3o ser\u00e1 exclusividade do Beira-Rio para a Copa. Em maio, a empresa Hightex encerrou a instala\u00e7\u00e3o da pe\u00e7a no Maracan\u00e3. O grupo tamb\u00e9m \u00e9 respons\u00e1vel pelo material da Arena das Dunas, em Natal. <\/p>\n<p>* Paula Menezes sob supervis\u00e3o de Paulo Ludwig<\/p>\n<p><b>Autor: globoesporte.com<\/b><\/p>\n","protected":false},"excerpt":{"rendered":"<p>Quase cem trabalhadores de diferentes nacionalidades, entre alem\u00e3es, ucranianos e brasileiros, se comunicam em ingl\u00eas para executar as tarefas<\/p>\n","protected":false},"author":1,"featured_media":24270,"comment_status":"open","ping_status":"open","sticky":false,"template":"","format":"standard","meta":{"footnotes":""},"categories":[10,6],"tags":[],"class_list":{"0":"post-24269","1":"post","2":"type-post","3":"status-publish","4":"format-standard","5":"has-post-thumbnail","7":"category-copa-2014","8":"category-noticias"},"yoast_head":"<!-- This site is optimized with the Yoast SEO plugin v27.2 - https:\/\/yoast.com\/product\/yoast-seo-wordpress\/ -->\n<title>Ex\u00e9rcito no c\u00e9u: alpinistas europeus d\u00e3o forma \u00e0 cobertura do Beira-Rio - Instituto de Engenharia<\/title>\n<meta name=\"robots\" content=\"index, follow, max-snippet:-1, max-image-preview:large, max-video-preview:-1\" \/>\n<link rel=\"canonical\" href=\"https:\/\/www.institutodeengenharia.org.br\/site\/2013\/12\/03\/exercito-no-ceu-alpinistas-europeus-dao-forma-a-cobertura-do-beirario\/\" \/>\n<meta property=\"og:locale\" content=\"pt_BR\" \/>\n<meta property=\"og:type\" content=\"article\" \/>\n<meta property=\"og:title\" content=\"Ex\u00e9rcito no c\u00e9u: alpinistas europeus d\u00e3o forma \u00e0 cobertura do Beira-Rio - Instituto de Engenharia\" \/>\n<meta property=\"og:description\" content=\"Quase cem trabalhadores de diferentes nacionalidades, entre alem\u00e3es, ucranianos e brasileiros, se comunicam em ingl\u00eas para executar as tarefas\" \/>\n<meta property=\"og:url\" content=\"https:\/\/www.institutodeengenharia.org.br\/site\/2013\/12\/03\/exercito-no-ceu-alpinistas-europeus-dao-forma-a-cobertura-do-beirario\/\" \/>\n<meta property=\"og:site_name\" content=\"Instituto de Engenharia\" \/>\n<meta property=\"article:publisher\" content=\"https:\/\/www.facebook.com\/institutodeengenharia\" \/>\n<meta property=\"article:published_time\" content=\"2013-12-03T00:02:03+00:00\" \/>\n<meta property=\"article:modified_time\" content=\"2013-12-03T10:22:08+00:00\" \/>\n<meta property=\"og:image\" content=\"https:\/\/www.institutodeengenharia.org.br\/site\/wp-content\/uploads\/2017\/10\/beira_rio.jpg\" \/>\n\t<meta property=\"og:image:width\" content=\"620\" \/>\n\t<meta property=\"og:image:height\" content=\"768\" \/>\n\t<meta property=\"og:image:type\" content=\"image\/jpeg\" \/>\n<meta name=\"author\" content=\"TMax Tecnologia\" \/>\n<meta name=\"twitter:card\" content=\"summary_large_image\" \/>\n<meta name=\"twitter:creator\" content=\"@iengenharia\" \/>\n<meta name=\"twitter:site\" content=\"@iengenharia\" \/>\n<meta name=\"twitter:label1\" content=\"Escrito por\" \/>\n\t<meta name=\"twitter:data1\" content=\"TMax Tecnologia\" \/>\n\t<meta name=\"twitter:label2\" content=\"Est. tempo de leitura\" \/>\n\t<meta name=\"twitter:data2\" content=\"4 minutos\" \/>\n<script type=\"application\/ld+json\" class=\"yoast-schema-graph\">{\"@context\":\"https:\/\/schema.org\",\"@graph\":[{\"@type\":\"Article\",\"@id\":\"https:\/\/www.institutodeengenharia.org.br\/site\/2013\/12\/03\/exercito-no-ceu-alpinistas-europeus-dao-forma-a-cobertura-do-beirario\/#article\",\"isPartOf\":{\"@id\":\"https:\/\/www.institutodeengenharia.org.br\/site\/2013\/12\/03\/exercito-no-ceu-alpinistas-europeus-dao-forma-a-cobertura-do-beirario\/\"},\"author\":{\"name\":\"TMax Tecnologia\",\"@id\":\"https:\/\/www.institutodeengenharia.org.br\/site\/#\/schema\/person\/3b1ff109facef084739fc2edcb9a127f\"},\"headline\":\"Ex\u00e9rcito no c\u00e9u: alpinistas europeus d\u00e3o forma \u00e0 cobertura do Beira-Rio\",\"datePublished\":\"2013-12-03T00:02:03+00:00\",\"dateModified\":\"2013-12-03T10:22:08+00:00\",\"mainEntityOfPage\":{\"@id\":\"https:\/\/www.institutodeengenharia.org.br\/site\/2013\/12\/03\/exercito-no-ceu-alpinistas-europeus-dao-forma-a-cobertura-do-beirario\/\"},\"wordCount\":881,\"commentCount\":0,\"publisher\":{\"@id\":\"https:\/\/www.institutodeengenharia.org.br\/site\/#organization\"},\"image\":{\"@id\":\"https:\/\/www.institutodeengenharia.org.br\/site\/2013\/12\/03\/exercito-no-ceu-alpinistas-europeus-dao-forma-a-cobertura-do-beirario\/#primaryimage\"},\"thumbnailUrl\":\"https:\/\/www.institutodeengenharia.org.br\/site\/wp-content\/uploads\/2017\/10\/beira_rio.jpg\",\"articleSection\":[\"Copa 2014\",\"Not\u00edcias\"],\"inLanguage\":\"pt-BR\",\"potentialAction\":[{\"@type\":\"CommentAction\",\"name\":\"Comment\",\"target\":[\"https:\/\/www.institutodeengenharia.org.br\/site\/2013\/12\/03\/exercito-no-ceu-alpinistas-europeus-dao-forma-a-cobertura-do-beirario\/#respond\"]}]},{\"@type\":\"WebPage\",\"@id\":\"https:\/\/www.institutodeengenharia.org.br\/site\/2013\/12\/03\/exercito-no-ceu-alpinistas-europeus-dao-forma-a-cobertura-do-beirario\/\",\"url\":\"https:\/\/www.institutodeengenharia.org.br\/site\/2013\/12\/03\/exercito-no-ceu-alpinistas-europeus-dao-forma-a-cobertura-do-beirario\/\",\"name\":\"Ex\u00e9rcito no c\u00e9u: alpinistas europeus d\u00e3o forma \u00e0 cobertura do Beira-Rio - Instituto de Engenharia\",\"isPartOf\":{\"@id\":\"https:\/\/www.institutodeengenharia.org.br\/site\/#website\"},\"primaryImageOfPage\":{\"@id\":\"https:\/\/www.institutodeengenharia.org.br\/site\/2013\/12\/03\/exercito-no-ceu-alpinistas-europeus-dao-forma-a-cobertura-do-beirario\/#primaryimage\"},\"image\":{\"@id\":\"https:\/\/www.institutodeengenharia.org.br\/site\/2013\/12\/03\/exercito-no-ceu-alpinistas-europeus-dao-forma-a-cobertura-do-beirario\/#primaryimage\"},\"thumbnailUrl\":\"https:\/\/www.institutodeengenharia.org.br\/site\/wp-content\/uploads\/2017\/10\/beira_rio.jpg\",\"datePublished\":\"2013-12-03T00:02:03+00:00\",\"dateModified\":\"2013-12-03T10:22:08+00:00\",\"breadcrumb\":{\"@id\":\"https:\/\/www.institutodeengenharia.org.br\/site\/2013\/12\/03\/exercito-no-ceu-alpinistas-europeus-dao-forma-a-cobertura-do-beirario\/#breadcrumb\"},\"inLanguage\":\"pt-BR\",\"potentialAction\":[{\"@type\":\"ReadAction\",\"target\":[\"https:\/\/www.institutodeengenharia.org.br\/site\/2013\/12\/03\/exercito-no-ceu-alpinistas-europeus-dao-forma-a-cobertura-do-beirario\/\"]}]},{\"@type\":\"ImageObject\",\"inLanguage\":\"pt-BR\",\"@id\":\"https:\/\/www.institutodeengenharia.org.br\/site\/2013\/12\/03\/exercito-no-ceu-alpinistas-europeus-dao-forma-a-cobertura-do-beirario\/#primaryimage\",\"url\":\"https:\/\/www.institutodeengenharia.org.br\/site\/wp-content\/uploads\/2017\/10\/beira_rio.jpg\",\"contentUrl\":\"https:\/\/www.institutodeengenharia.org.br\/site\/wp-content\/uploads\/2017\/10\/beira_rio.jpg\",\"width\":620,\"height\":768},{\"@type\":\"BreadcrumbList\",\"@id\":\"https:\/\/www.institutodeengenharia.org.br\/site\/2013\/12\/03\/exercito-no-ceu-alpinistas-europeus-dao-forma-a-cobertura-do-beirario\/#breadcrumb\",\"itemListElement\":[{\"@type\":\"ListItem\",\"position\":1,\"name\":\"In\u00edcio\",\"item\":\"https:\/\/www.institutodeengenharia.org.br\/site\/\"},{\"@type\":\"ListItem\",\"position\":2,\"name\":\"Ex\u00e9rcito no c\u00e9u: alpinistas europeus d\u00e3o forma \u00e0 cobertura do Beira-Rio\"}]},{\"@type\":\"WebSite\",\"@id\":\"https:\/\/www.institutodeengenharia.org.br\/site\/#website\",\"url\":\"https:\/\/www.institutodeengenharia.org.br\/site\/\",\"name\":\"Instituto de Engenharia\",\"description\":\"O Instituto de Engenharia promove a Engenharia em benef\u00edcio do desenvolvimento e da qualidade de vida da sociedade.\",\"publisher\":{\"@id\":\"https:\/\/www.institutodeengenharia.org.br\/site\/#organization\"},\"potentialAction\":[{\"@type\":\"SearchAction\",\"target\":{\"@type\":\"EntryPoint\",\"urlTemplate\":\"https:\/\/www.institutodeengenharia.org.br\/site\/?s={search_term_string}\"},\"query-input\":{\"@type\":\"PropertyValueSpecification\",\"valueRequired\":true,\"valueName\":\"search_term_string\"}}],\"inLanguage\":\"pt-BR\"},{\"@type\":\"Organization\",\"@id\":\"https:\/\/www.institutodeengenharia.org.br\/site\/#organization\",\"name\":\"Instituto de Engenharia\",\"url\":\"https:\/\/www.institutodeengenharia.org.br\/site\/\",\"logo\":{\"@type\":\"ImageObject\",\"inLanguage\":\"pt-BR\",\"@id\":\"https:\/\/www.institutodeengenharia.org.br\/site\/#\/schema\/logo\/image\/\",\"url\":\"https:\/\/www.institutodeengenharia.org.br\/site\/wp-content\/uploads\/2019\/03\/logo-novo-IE2018-1.jpg\",\"contentUrl\":\"https:\/\/www.institutodeengenharia.org.br\/site\/wp-content\/uploads\/2019\/03\/logo-novo-IE2018-1.jpg\",\"width\":1486,\"height\":1879,\"caption\":\"Instituto de Engenharia\"},\"image\":{\"@id\":\"https:\/\/www.institutodeengenharia.org.br\/site\/#\/schema\/logo\/image\/\"},\"sameAs\":[\"https:\/\/www.facebook.com\/institutodeengenharia\",\"https:\/\/x.com\/iengenharia\",\"https:\/\/www.instagram.com\/institutodeengenharia\/\",\"https:\/\/www.linkedin.com\/company\/instituto-de-engenharia\/\",\"https:\/\/www.youtube.com\/channel\/UCXiCAlsSMe977vamW915HxA\"]},{\"@type\":\"Person\",\"@id\":\"https:\/\/www.institutodeengenharia.org.br\/site\/#\/schema\/person\/3b1ff109facef084739fc2edcb9a127f\",\"name\":\"TMax Tecnologia\",\"image\":{\"@type\":\"ImageObject\",\"inLanguage\":\"pt-BR\",\"@id\":\"https:\/\/secure.gravatar.com\/avatar\/f912434ef7f389c92cb311fcdae346af848465d638912574b3c669070f797701?s=96&d=mm&r=g\",\"url\":\"https:\/\/secure.gravatar.com\/avatar\/f912434ef7f389c92cb311fcdae346af848465d638912574b3c669070f797701?s=96&d=mm&r=g\",\"contentUrl\":\"https:\/\/secure.gravatar.com\/avatar\/f912434ef7f389c92cb311fcdae346af848465d638912574b3c669070f797701?s=96&d=mm&r=g\",\"caption\":\"TMax Tecnologia\"},\"url\":\"https:\/\/www.institutodeengenharia.org.br\/site\/author\/tmax\/\"}]}<\/script>\n<!-- \/ Yoast SEO plugin. -->","yoast_head_json":{"title":"Ex\u00e9rcito no c\u00e9u: alpinistas europeus d\u00e3o forma \u00e0 cobertura do Beira-Rio - Instituto de Engenharia","robots":{"index":"index","follow":"follow","max-snippet":"max-snippet:-1","max-image-preview":"max-image-preview:large","max-video-preview":"max-video-preview:-1"},"canonical":"https:\/\/www.institutodeengenharia.org.br\/site\/2013\/12\/03\/exercito-no-ceu-alpinistas-europeus-dao-forma-a-cobertura-do-beirario\/","og_locale":"pt_BR","og_type":"article","og_title":"Ex\u00e9rcito no c\u00e9u: alpinistas europeus d\u00e3o forma \u00e0 cobertura do Beira-Rio - Instituto de Engenharia","og_description":"Quase cem trabalhadores de diferentes nacionalidades, entre alem\u00e3es, ucranianos e brasileiros, se comunicam em ingl\u00eas para executar as tarefas","og_url":"https:\/\/www.institutodeengenharia.org.br\/site\/2013\/12\/03\/exercito-no-ceu-alpinistas-europeus-dao-forma-a-cobertura-do-beirario\/","og_site_name":"Instituto de Engenharia","article_publisher":"https:\/\/www.facebook.com\/institutodeengenharia","article_published_time":"2013-12-03T00:02:03+00:00","article_modified_time":"2013-12-03T10:22:08+00:00","og_image":[{"width":620,"height":768,"url":"https:\/\/www.institutodeengenharia.org.br\/site\/wp-content\/uploads\/2017\/10\/beira_rio.jpg","type":"image\/jpeg"}],"author":"TMax Tecnologia","twitter_card":"summary_large_image","twitter_creator":"@iengenharia","twitter_site":"@iengenharia","twitter_misc":{"Escrito por":"TMax Tecnologia","Est. tempo de leitura":"4 minutos"},"schema":{"@context":"https:\/\/schema.org","@graph":[{"@type":"Article","@id":"https:\/\/www.institutodeengenharia.org.br\/site\/2013\/12\/03\/exercito-no-ceu-alpinistas-europeus-dao-forma-a-cobertura-do-beirario\/#article","isPartOf":{"@id":"https:\/\/www.institutodeengenharia.org.br\/site\/2013\/12\/03\/exercito-no-ceu-alpinistas-europeus-dao-forma-a-cobertura-do-beirario\/"},"author":{"name":"TMax Tecnologia","@id":"https:\/\/www.institutodeengenharia.org.br\/site\/#\/schema\/person\/3b1ff109facef084739fc2edcb9a127f"},"headline":"Ex\u00e9rcito no c\u00e9u: alpinistas europeus d\u00e3o forma \u00e0 cobertura do Beira-Rio","datePublished":"2013-12-03T00:02:03+00:00","dateModified":"2013-12-03T10:22:08+00:00","mainEntityOfPage":{"@id":"https:\/\/www.institutodeengenharia.org.br\/site\/2013\/12\/03\/exercito-no-ceu-alpinistas-europeus-dao-forma-a-cobertura-do-beirario\/"},"wordCount":881,"commentCount":0,"publisher":{"@id":"https:\/\/www.institutodeengenharia.org.br\/site\/#organization"},"image":{"@id":"https:\/\/www.institutodeengenharia.org.br\/site\/2013\/12\/03\/exercito-no-ceu-alpinistas-europeus-dao-forma-a-cobertura-do-beirario\/#primaryimage"},"thumbnailUrl":"https:\/\/www.institutodeengenharia.org.br\/site\/wp-content\/uploads\/2017\/10\/beira_rio.jpg","articleSection":["Copa 2014","Not\u00edcias"],"inLanguage":"pt-BR","potentialAction":[{"@type":"CommentAction","name":"Comment","target":["https:\/\/www.institutodeengenharia.org.br\/site\/2013\/12\/03\/exercito-no-ceu-alpinistas-europeus-dao-forma-a-cobertura-do-beirario\/#respond"]}]},{"@type":"WebPage","@id":"https:\/\/www.institutodeengenharia.org.br\/site\/2013\/12\/03\/exercito-no-ceu-alpinistas-europeus-dao-forma-a-cobertura-do-beirario\/","url":"https:\/\/www.institutodeengenharia.org.br\/site\/2013\/12\/03\/exercito-no-ceu-alpinistas-europeus-dao-forma-a-cobertura-do-beirario\/","name":"Ex\u00e9rcito no c\u00e9u: alpinistas europeus d\u00e3o forma \u00e0 cobertura do Beira-Rio - Instituto de Engenharia","isPartOf":{"@id":"https:\/\/www.institutodeengenharia.org.br\/site\/#website"},"primaryImageOfPage":{"@id":"https:\/\/www.institutodeengenharia.org.br\/site\/2013\/12\/03\/exercito-no-ceu-alpinistas-europeus-dao-forma-a-cobertura-do-beirario\/#primaryimage"},"image":{"@id":"https:\/\/www.institutodeengenharia.org.br\/site\/2013\/12\/03\/exercito-no-ceu-alpinistas-europeus-dao-forma-a-cobertura-do-beirario\/#primaryimage"},"thumbnailUrl":"https:\/\/www.institutodeengenharia.org.br\/site\/wp-content\/uploads\/2017\/10\/beira_rio.jpg","datePublished":"2013-12-03T00:02:03+00:00","dateModified":"2013-12-03T10:22:08+00:00","breadcrumb":{"@id":"https:\/\/www.institutodeengenharia.org.br\/site\/2013\/12\/03\/exercito-no-ceu-alpinistas-europeus-dao-forma-a-cobertura-do-beirario\/#breadcrumb"},"inLanguage":"pt-BR","potentialAction":[{"@type":"ReadAction","target":["https:\/\/www.institutodeengenharia.org.br\/site\/2013\/12\/03\/exercito-no-ceu-alpinistas-europeus-dao-forma-a-cobertura-do-beirario\/"]}]},{"@type":"ImageObject","inLanguage":"pt-BR","@id":"https:\/\/www.institutodeengenharia.org.br\/site\/2013\/12\/03\/exercito-no-ceu-alpinistas-europeus-dao-forma-a-cobertura-do-beirario\/#primaryimage","url":"https:\/\/www.institutodeengenharia.org.br\/site\/wp-content\/uploads\/2017\/10\/beira_rio.jpg","contentUrl":"https:\/\/www.institutodeengenharia.org.br\/site\/wp-content\/uploads\/2017\/10\/beira_rio.jpg","width":620,"height":768},{"@type":"BreadcrumbList","@id":"https:\/\/www.institutodeengenharia.org.br\/site\/2013\/12\/03\/exercito-no-ceu-alpinistas-europeus-dao-forma-a-cobertura-do-beirario\/#breadcrumb","itemListElement":[{"@type":"ListItem","position":1,"name":"In\u00edcio","item":"https:\/\/www.institutodeengenharia.org.br\/site\/"},{"@type":"ListItem","position":2,"name":"Ex\u00e9rcito no c\u00e9u: alpinistas europeus d\u00e3o forma \u00e0 cobertura do Beira-Rio"}]},{"@type":"WebSite","@id":"https:\/\/www.institutodeengenharia.org.br\/site\/#website","url":"https:\/\/www.institutodeengenharia.org.br\/site\/","name":"Instituto de Engenharia","description":"O Instituto de Engenharia promove a Engenharia em benef\u00edcio do desenvolvimento e da qualidade de vida da sociedade.","publisher":{"@id":"https:\/\/www.institutodeengenharia.org.br\/site\/#organization"},"potentialAction":[{"@type":"SearchAction","target":{"@type":"EntryPoint","urlTemplate":"https:\/\/www.institutodeengenharia.org.br\/site\/?s={search_term_string}"},"query-input":{"@type":"PropertyValueSpecification","valueRequired":true,"valueName":"search_term_string"}}],"inLanguage":"pt-BR"},{"@type":"Organization","@id":"https:\/\/www.institutodeengenharia.org.br\/site\/#organization","name":"Instituto de Engenharia","url":"https:\/\/www.institutodeengenharia.org.br\/site\/","logo":{"@type":"ImageObject","inLanguage":"pt-BR","@id":"https:\/\/www.institutodeengenharia.org.br\/site\/#\/schema\/logo\/image\/","url":"https:\/\/www.institutodeengenharia.org.br\/site\/wp-content\/uploads\/2019\/03\/logo-novo-IE2018-1.jpg","contentUrl":"https:\/\/www.institutodeengenharia.org.br\/site\/wp-content\/uploads\/2019\/03\/logo-novo-IE2018-1.jpg","width":1486,"height":1879,"caption":"Instituto de Engenharia"},"image":{"@id":"https:\/\/www.institutodeengenharia.org.br\/site\/#\/schema\/logo\/image\/"},"sameAs":["https:\/\/www.facebook.com\/institutodeengenharia","https:\/\/x.com\/iengenharia","https:\/\/www.instagram.com\/institutodeengenharia\/","https:\/\/www.linkedin.com\/company\/instituto-de-engenharia\/","https:\/\/www.youtube.com\/channel\/UCXiCAlsSMe977vamW915HxA"]},{"@type":"Person","@id":"https:\/\/www.institutodeengenharia.org.br\/site\/#\/schema\/person\/3b1ff109facef084739fc2edcb9a127f","name":"TMax Tecnologia","image":{"@type":"ImageObject","inLanguage":"pt-BR","@id":"https:\/\/secure.gravatar.com\/avatar\/f912434ef7f389c92cb311fcdae346af848465d638912574b3c669070f797701?s=96&d=mm&r=g","url":"https:\/\/secure.gravatar.com\/avatar\/f912434ef7f389c92cb311fcdae346af848465d638912574b3c669070f797701?s=96&d=mm&r=g","contentUrl":"https:\/\/secure.gravatar.com\/avatar\/f912434ef7f389c92cb311fcdae346af848465d638912574b3c669070f797701?s=96&d=mm&r=g","caption":"TMax Tecnologia"},"url":"https:\/\/www.institutodeengenharia.org.br\/site\/author\/tmax\/"}]}},"_links":{"self":[{"href":"https:\/\/www.institutodeengenharia.org.br\/site\/wp-json\/wp\/v2\/posts\/24269","targetHints":{"allow":["GET"]}}],"collection":[{"href":"https:\/\/www.institutodeengenharia.org.br\/site\/wp-json\/wp\/v2\/posts"}],"about":[{"href":"https:\/\/www.institutodeengenharia.org.br\/site\/wp-json\/wp\/v2\/types\/post"}],"author":[{"embeddable":true,"href":"https:\/\/www.institutodeengenharia.org.br\/site\/wp-json\/wp\/v2\/users\/1"}],"replies":[{"embeddable":true,"href":"https:\/\/www.institutodeengenharia.org.br\/site\/wp-json\/wp\/v2\/comments?post=24269"}],"version-history":[{"count":0,"href":"https:\/\/www.institutodeengenharia.org.br\/site\/wp-json\/wp\/v2\/posts\/24269\/revisions"}],"wp:featuredmedia":[{"embeddable":true,"href":"https:\/\/www.institutodeengenharia.org.br\/site\/wp-json\/wp\/v2\/media\/24270"}],"wp:attachment":[{"href":"https:\/\/www.institutodeengenharia.org.br\/site\/wp-json\/wp\/v2\/media?parent=24269"}],"wp:term":[{"taxonomy":"category","embeddable":true,"href":"https:\/\/www.institutodeengenharia.org.br\/site\/wp-json\/wp\/v2\/categories?post=24269"},{"taxonomy":"post_tag","embeddable":true,"href":"https:\/\/www.institutodeengenharia.org.br\/site\/wp-json\/wp\/v2\/tags?post=24269"}],"curies":[{"name":"wp","href":"https:\/\/api.w.org\/{rel}","templated":true}]}}