{"id":24122,"date":"2013-11-05T00:00:15","date_gmt":"2013-11-05T00:00:15","guid":{"rendered":"https:\/\/www.institutodeengenharia.org.br\/?p=24122"},"modified":"2013-11-05T16:14:54","modified_gmt":"2013-11-05T16:14:54","slug":"ministro-poe-culpa-em-engenheiros-ruins-por-atraso-em-aeroportos-da-copa","status":"publish","type":"post","link":"https:\/\/www.institutodeengenharia.org.br\/site\/2013\/11\/05\/ministro-poe-culpa-em-engenheiros-ruins-por-atraso-em-aeroportos-da-copa\/","title":{"rendered":"Ministro p\u00f5e culpa em &#8220;engenheiros ruins&#8221; por atraso em aeroportos da Copa"},"content":{"rendered":"<p>A culpa pelo atraso de obras em seis dos 12 aeroportos brasileiros em capitais que receber\u00e3o a Copa do Mundo no ano que vem \u00e9 dos engenheiros brasileiros, que s\u00e3o ruins e elaboram projetos mal feitos. Na hora da execu\u00e7\u00e3o, todo o planejamento e c\u00e1lculos tem de ser refeitos e a obra atrasa, al\u00e9m de ficar de mais cara. Essa \u00e9 a explica\u00e7\u00e3o do ministro-chefe da Secretaria de Avia\u00e7\u00e3o Civil da Presid\u00eancia da Rep\u00fablica, Wellington Moreira Franco, para o problema. <\/p>\n<p>&#8220;Os atrasos n\u00e3o acontecem por falta de dinheiro ou de vontade, \u00e9 por responsabilidade&#8221;, disse. &#8220;Os projetos que pegamos para executar s\u00e3o muito ruins, e temos refazer todos eles&#8221;, afirmou Franco a dezenas de jornalistas editores de jornais regionais durante o evento &#8220;Encontro Nacional de Editores da Coluna Esplanada&#8221;, promovido pelo jornalista Leandro Mazzini na quinta-feira.<\/p>\n<p>&#8220;Temos uma gera\u00e7\u00e3o inteira de engenheiros nos anos 1970 e 1980 que sa\u00edram da faculdade direto para o mercado financeiro, ent\u00e3o h\u00e1 uma car\u00eancia de profissionais experientes e qualificados nessa \u00e1rea. Os jovens n\u00e3o saem bem formados da faculdade e os projetos s\u00e3o muito ruins&#8221;, disse. &#8220;As empresas tem uma dificuldade muito grande em suprir isso e fazem verdadeiros milagres&#8221;, continuou, sobre as obras tocadas pela Infraero, sob responsabilidade do governo. &#8220;Os engenheiros s\u00e3o ruins&#8221;. <\/p>\n<p>O governo planejou, em 2011, uma s\u00e9rie de melhorias para os aeroportos das 12 cidades-sede. Em seis deles, por\u00e9m, nem metade das obras de amplia\u00e7\u00e3o de terminais foi feita. A Infraero garante que todas as reformas estar\u00e3o conclu\u00eddas at\u00e9 junho do ano que vem, quando cerca de 600 mil turistas estrangeiros devem desembarcar no pa\u00eds, segundo a Embratur. <\/p>\n<p>O Confea (Conselho Federal de Engenharia e Agronomia) evitou polemizar e, questionado pela reportagem sobre as declara\u00e7\u00f5es do ministro, n\u00e3o respondeu. Por meio de sua assessoria de imprensa, diz apenas que o Brasil atravessou um grande per\u00edodo de estagna\u00e7\u00e3o em seu desenvolvimento industrial durante 30 anos em que a forma\u00e7\u00e3o em Engenharia n\u00e3o era atraente. Com a retomada do crescimento econ\u00f4mico, nos \u00faltimos dez anos, a engenharia voltou a ser valorizada e o mercado profissional aquecido.<\/p>\n<p><b>Autor: Folha de S.Paulo<\/b><\/p>\n","protected":false},"excerpt":{"rendered":"<p>A culpa pelo atraso de obras em seis dos 12 aeroportos brasileiros em capitais que receber\u00e3o a Copa do Mundo no ano que vem \u00e9 dos engenheiros brasileiros, que s\u00e3o ruins e elaboram projetos mal feitos. Na hora da execu\u00e7\u00e3o, todo o planejamento e c\u00e1lculos tem de ser refeitos e a obra atrasa, al\u00e9m de [&hellip;]<\/p>\n","protected":false},"author":1,"featured_media":0,"comment_status":"open","ping_status":"open","sticky":false,"template":"","format":"standard","meta":{"footnotes":""},"categories":[10,6],"tags":[],"class_list":{"0":"post-24122","1":"post","2":"type-post","3":"status-publish","4":"format-standard","6":"category-copa-2014","7":"category-noticias"},"yoast_head":"<!-- This site is optimized with the Yoast SEO plugin v27.2 - https:\/\/yoast.com\/product\/yoast-seo-wordpress\/ -->\n<title>Ministro p\u00f5e culpa em &quot;engenheiros ruins&quot; por atraso em aeroportos da Copa - Instituto de Engenharia<\/title>\n<meta name=\"robots\" content=\"index, follow, max-snippet:-1, max-image-preview:large, max-video-preview:-1\" \/>\n<link rel=\"canonical\" href=\"https:\/\/www.institutodeengenharia.org.br\/site\/2013\/11\/05\/ministro-poe-culpa-em-engenheiros-ruins-por-atraso-em-aeroportos-da-copa\/\" \/>\n<meta property=\"og:locale\" content=\"pt_BR\" \/>\n<meta property=\"og:type\" content=\"article\" \/>\n<meta property=\"og:title\" content=\"Ministro p\u00f5e culpa em &quot;engenheiros ruins&quot; por atraso em aeroportos da Copa - Instituto de Engenharia\" \/>\n<meta property=\"og:description\" content=\"A culpa pelo atraso de obras em seis dos 12 aeroportos brasileiros em capitais que receber\u00e3o a Copa do Mundo no ano que vem \u00e9 dos engenheiros brasileiros, que s\u00e3o ruins e elaboram projetos mal feitos. Na hora da execu\u00e7\u00e3o, todo o planejamento e c\u00e1lculos tem de ser refeitos e a obra atrasa, al\u00e9m de [&hellip;]\" \/>\n<meta property=\"og:url\" content=\"https:\/\/www.institutodeengenharia.org.br\/site\/2013\/11\/05\/ministro-poe-culpa-em-engenheiros-ruins-por-atraso-em-aeroportos-da-copa\/\" \/>\n<meta property=\"og:site_name\" content=\"Instituto de Engenharia\" \/>\n<meta property=\"article:publisher\" content=\"https:\/\/www.facebook.com\/institutodeengenharia\" \/>\n<meta property=\"article:published_time\" content=\"2013-11-05T00:00:15+00:00\" \/>\n<meta property=\"article:modified_time\" content=\"2013-11-05T16:14:54+00:00\" \/>\n<meta name=\"author\" content=\"TMax Tecnologia\" \/>\n<meta name=\"twitter:card\" content=\"summary_large_image\" \/>\n<meta name=\"twitter:creator\" content=\"@iengenharia\" \/>\n<meta name=\"twitter:site\" content=\"@iengenharia\" \/>\n<meta name=\"twitter:label1\" content=\"Escrito por\" \/>\n\t<meta name=\"twitter:data1\" content=\"TMax Tecnologia\" \/>\n\t<meta name=\"twitter:label2\" content=\"Est. tempo de leitura\" \/>\n\t<meta name=\"twitter:data2\" content=\"2 minutos\" \/>\n<script type=\"application\/ld+json\" class=\"yoast-schema-graph\">{\"@context\":\"https:\/\/schema.org\",\"@graph\":[{\"@type\":\"Article\",\"@id\":\"https:\/\/www.institutodeengenharia.org.br\/site\/2013\/11\/05\/ministro-poe-culpa-em-engenheiros-ruins-por-atraso-em-aeroportos-da-copa\/#article\",\"isPartOf\":{\"@id\":\"https:\/\/www.institutodeengenharia.org.br\/site\/2013\/11\/05\/ministro-poe-culpa-em-engenheiros-ruins-por-atraso-em-aeroportos-da-copa\/\"},\"author\":{\"name\":\"TMax Tecnologia\",\"@id\":\"https:\/\/www.institutodeengenharia.org.br\/site\/#\/schema\/person\/3b1ff109facef084739fc2edcb9a127f\"},\"headline\":\"Ministro p\u00f5e culpa em &#8220;engenheiros ruins&#8221; por atraso em aeroportos da Copa\",\"datePublished\":\"2013-11-05T00:00:15+00:00\",\"dateModified\":\"2013-11-05T16:14:54+00:00\",\"mainEntityOfPage\":{\"@id\":\"https:\/\/www.institutodeengenharia.org.br\/site\/2013\/11\/05\/ministro-poe-culpa-em-engenheiros-ruins-por-atraso-em-aeroportos-da-copa\/\"},\"wordCount\":384,\"commentCount\":0,\"publisher\":{\"@id\":\"https:\/\/www.institutodeengenharia.org.br\/site\/#organization\"},\"articleSection\":[\"Copa 2014\",\"Not\u00edcias\"],\"inLanguage\":\"pt-BR\",\"potentialAction\":[{\"@type\":\"CommentAction\",\"name\":\"Comment\",\"target\":[\"https:\/\/www.institutodeengenharia.org.br\/site\/2013\/11\/05\/ministro-poe-culpa-em-engenheiros-ruins-por-atraso-em-aeroportos-da-copa\/#respond\"]}]},{\"@type\":\"WebPage\",\"@id\":\"https:\/\/www.institutodeengenharia.org.br\/site\/2013\/11\/05\/ministro-poe-culpa-em-engenheiros-ruins-por-atraso-em-aeroportos-da-copa\/\",\"url\":\"https:\/\/www.institutodeengenharia.org.br\/site\/2013\/11\/05\/ministro-poe-culpa-em-engenheiros-ruins-por-atraso-em-aeroportos-da-copa\/\",\"name\":\"Ministro p\u00f5e culpa em \\\"engenheiros ruins\\\" por atraso em aeroportos da Copa - Instituto de Engenharia\",\"isPartOf\":{\"@id\":\"https:\/\/www.institutodeengenharia.org.br\/site\/#website\"},\"datePublished\":\"2013-11-05T00:00:15+00:00\",\"dateModified\":\"2013-11-05T16:14:54+00:00\",\"breadcrumb\":{\"@id\":\"https:\/\/www.institutodeengenharia.org.br\/site\/2013\/11\/05\/ministro-poe-culpa-em-engenheiros-ruins-por-atraso-em-aeroportos-da-copa\/#breadcrumb\"},\"inLanguage\":\"pt-BR\",\"potentialAction\":[{\"@type\":\"ReadAction\",\"target\":[\"https:\/\/www.institutodeengenharia.org.br\/site\/2013\/11\/05\/ministro-poe-culpa-em-engenheiros-ruins-por-atraso-em-aeroportos-da-copa\/\"]}]},{\"@type\":\"BreadcrumbList\",\"@id\":\"https:\/\/www.institutodeengenharia.org.br\/site\/2013\/11\/05\/ministro-poe-culpa-em-engenheiros-ruins-por-atraso-em-aeroportos-da-copa\/#breadcrumb\",\"itemListElement\":[{\"@type\":\"ListItem\",\"position\":1,\"name\":\"In\u00edcio\",\"item\":\"https:\/\/www.institutodeengenharia.org.br\/site\/\"},{\"@type\":\"ListItem\",\"position\":2,\"name\":\"Ministro p\u00f5e culpa em &#8220;engenheiros ruins&#8221; por atraso em aeroportos da Copa\"}]},{\"@type\":\"WebSite\",\"@id\":\"https:\/\/www.institutodeengenharia.org.br\/site\/#website\",\"url\":\"https:\/\/www.institutodeengenharia.org.br\/site\/\",\"name\":\"Instituto de Engenharia\",\"description\":\"O Instituto de Engenharia promove a Engenharia em benef\u00edcio do desenvolvimento e da qualidade de vida da sociedade.\",\"publisher\":{\"@id\":\"https:\/\/www.institutodeengenharia.org.br\/site\/#organization\"},\"potentialAction\":[{\"@type\":\"SearchAction\",\"target\":{\"@type\":\"EntryPoint\",\"urlTemplate\":\"https:\/\/www.institutodeengenharia.org.br\/site\/?s={search_term_string}\"},\"query-input\":{\"@type\":\"PropertyValueSpecification\",\"valueRequired\":true,\"valueName\":\"search_term_string\"}}],\"inLanguage\":\"pt-BR\"},{\"@type\":\"Organization\",\"@id\":\"https:\/\/www.institutodeengenharia.org.br\/site\/#organization\",\"name\":\"Instituto de Engenharia\",\"url\":\"https:\/\/www.institutodeengenharia.org.br\/site\/\",\"logo\":{\"@type\":\"ImageObject\",\"inLanguage\":\"pt-BR\",\"@id\":\"https:\/\/www.institutodeengenharia.org.br\/site\/#\/schema\/logo\/image\/\",\"url\":\"https:\/\/www.institutodeengenharia.org.br\/site\/wp-content\/uploads\/2019\/03\/logo-novo-IE2018-1.jpg\",\"contentUrl\":\"https:\/\/www.institutodeengenharia.org.br\/site\/wp-content\/uploads\/2019\/03\/logo-novo-IE2018-1.jpg\",\"width\":1486,\"height\":1879,\"caption\":\"Instituto de Engenharia\"},\"image\":{\"@id\":\"https:\/\/www.institutodeengenharia.org.br\/site\/#\/schema\/logo\/image\/\"},\"sameAs\":[\"https:\/\/www.facebook.com\/institutodeengenharia\",\"https:\/\/x.com\/iengenharia\",\"https:\/\/www.instagram.com\/institutodeengenharia\/\",\"https:\/\/www.linkedin.com\/company\/instituto-de-engenharia\/\",\"https:\/\/www.youtube.com\/channel\/UCXiCAlsSMe977vamW915HxA\"]},{\"@type\":\"Person\",\"@id\":\"https:\/\/www.institutodeengenharia.org.br\/site\/#\/schema\/person\/3b1ff109facef084739fc2edcb9a127f\",\"name\":\"TMax Tecnologia\",\"image\":{\"@type\":\"ImageObject\",\"inLanguage\":\"pt-BR\",\"@id\":\"https:\/\/secure.gravatar.com\/avatar\/f912434ef7f389c92cb311fcdae346af848465d638912574b3c669070f797701?s=96&d=mm&r=g\",\"url\":\"https:\/\/secure.gravatar.com\/avatar\/f912434ef7f389c92cb311fcdae346af848465d638912574b3c669070f797701?s=96&d=mm&r=g\",\"contentUrl\":\"https:\/\/secure.gravatar.com\/avatar\/f912434ef7f389c92cb311fcdae346af848465d638912574b3c669070f797701?s=96&d=mm&r=g\",\"caption\":\"TMax Tecnologia\"},\"url\":\"https:\/\/www.institutodeengenharia.org.br\/site\/author\/tmax\/\"}]}<\/script>\n<!-- \/ Yoast SEO plugin. -->","yoast_head_json":{"title":"Ministro p\u00f5e culpa em \"engenheiros ruins\" por atraso em aeroportos da Copa - Instituto de Engenharia","robots":{"index":"index","follow":"follow","max-snippet":"max-snippet:-1","max-image-preview":"max-image-preview:large","max-video-preview":"max-video-preview:-1"},"canonical":"https:\/\/www.institutodeengenharia.org.br\/site\/2013\/11\/05\/ministro-poe-culpa-em-engenheiros-ruins-por-atraso-em-aeroportos-da-copa\/","og_locale":"pt_BR","og_type":"article","og_title":"Ministro p\u00f5e culpa em \"engenheiros ruins\" por atraso em aeroportos da Copa - Instituto de Engenharia","og_description":"A culpa pelo atraso de obras em seis dos 12 aeroportos brasileiros em capitais que receber\u00e3o a Copa do Mundo no ano que vem \u00e9 dos engenheiros brasileiros, que s\u00e3o ruins e elaboram projetos mal feitos. Na hora da execu\u00e7\u00e3o, todo o planejamento e c\u00e1lculos tem de ser refeitos e a obra atrasa, al\u00e9m de [&hellip;]","og_url":"https:\/\/www.institutodeengenharia.org.br\/site\/2013\/11\/05\/ministro-poe-culpa-em-engenheiros-ruins-por-atraso-em-aeroportos-da-copa\/","og_site_name":"Instituto de Engenharia","article_publisher":"https:\/\/www.facebook.com\/institutodeengenharia","article_published_time":"2013-11-05T00:00:15+00:00","article_modified_time":"2013-11-05T16:14:54+00:00","author":"TMax Tecnologia","twitter_card":"summary_large_image","twitter_creator":"@iengenharia","twitter_site":"@iengenharia","twitter_misc":{"Escrito por":"TMax Tecnologia","Est. tempo de leitura":"2 minutos"},"schema":{"@context":"https:\/\/schema.org","@graph":[{"@type":"Article","@id":"https:\/\/www.institutodeengenharia.org.br\/site\/2013\/11\/05\/ministro-poe-culpa-em-engenheiros-ruins-por-atraso-em-aeroportos-da-copa\/#article","isPartOf":{"@id":"https:\/\/www.institutodeengenharia.org.br\/site\/2013\/11\/05\/ministro-poe-culpa-em-engenheiros-ruins-por-atraso-em-aeroportos-da-copa\/"},"author":{"name":"TMax Tecnologia","@id":"https:\/\/www.institutodeengenharia.org.br\/site\/#\/schema\/person\/3b1ff109facef084739fc2edcb9a127f"},"headline":"Ministro p\u00f5e culpa em &#8220;engenheiros ruins&#8221; por atraso em aeroportos da Copa","datePublished":"2013-11-05T00:00:15+00:00","dateModified":"2013-11-05T16:14:54+00:00","mainEntityOfPage":{"@id":"https:\/\/www.institutodeengenharia.org.br\/site\/2013\/11\/05\/ministro-poe-culpa-em-engenheiros-ruins-por-atraso-em-aeroportos-da-copa\/"},"wordCount":384,"commentCount":0,"publisher":{"@id":"https:\/\/www.institutodeengenharia.org.br\/site\/#organization"},"articleSection":["Copa 2014","Not\u00edcias"],"inLanguage":"pt-BR","potentialAction":[{"@type":"CommentAction","name":"Comment","target":["https:\/\/www.institutodeengenharia.org.br\/site\/2013\/11\/05\/ministro-poe-culpa-em-engenheiros-ruins-por-atraso-em-aeroportos-da-copa\/#respond"]}]},{"@type":"WebPage","@id":"https:\/\/www.institutodeengenharia.org.br\/site\/2013\/11\/05\/ministro-poe-culpa-em-engenheiros-ruins-por-atraso-em-aeroportos-da-copa\/","url":"https:\/\/www.institutodeengenharia.org.br\/site\/2013\/11\/05\/ministro-poe-culpa-em-engenheiros-ruins-por-atraso-em-aeroportos-da-copa\/","name":"Ministro p\u00f5e culpa em \"engenheiros ruins\" por atraso em aeroportos da Copa - Instituto de Engenharia","isPartOf":{"@id":"https:\/\/www.institutodeengenharia.org.br\/site\/#website"},"datePublished":"2013-11-05T00:00:15+00:00","dateModified":"2013-11-05T16:14:54+00:00","breadcrumb":{"@id":"https:\/\/www.institutodeengenharia.org.br\/site\/2013\/11\/05\/ministro-poe-culpa-em-engenheiros-ruins-por-atraso-em-aeroportos-da-copa\/#breadcrumb"},"inLanguage":"pt-BR","potentialAction":[{"@type":"ReadAction","target":["https:\/\/www.institutodeengenharia.org.br\/site\/2013\/11\/05\/ministro-poe-culpa-em-engenheiros-ruins-por-atraso-em-aeroportos-da-copa\/"]}]},{"@type":"BreadcrumbList","@id":"https:\/\/www.institutodeengenharia.org.br\/site\/2013\/11\/05\/ministro-poe-culpa-em-engenheiros-ruins-por-atraso-em-aeroportos-da-copa\/#breadcrumb","itemListElement":[{"@type":"ListItem","position":1,"name":"In\u00edcio","item":"https:\/\/www.institutodeengenharia.org.br\/site\/"},{"@type":"ListItem","position":2,"name":"Ministro p\u00f5e culpa em &#8220;engenheiros ruins&#8221; por atraso em aeroportos da Copa"}]},{"@type":"WebSite","@id":"https:\/\/www.institutodeengenharia.org.br\/site\/#website","url":"https:\/\/www.institutodeengenharia.org.br\/site\/","name":"Instituto de Engenharia","description":"O Instituto de Engenharia promove a Engenharia em benef\u00edcio do desenvolvimento e da qualidade de vida da sociedade.","publisher":{"@id":"https:\/\/www.institutodeengenharia.org.br\/site\/#organization"},"potentialAction":[{"@type":"SearchAction","target":{"@type":"EntryPoint","urlTemplate":"https:\/\/www.institutodeengenharia.org.br\/site\/?s={search_term_string}"},"query-input":{"@type":"PropertyValueSpecification","valueRequired":true,"valueName":"search_term_string"}}],"inLanguage":"pt-BR"},{"@type":"Organization","@id":"https:\/\/www.institutodeengenharia.org.br\/site\/#organization","name":"Instituto de Engenharia","url":"https:\/\/www.institutodeengenharia.org.br\/site\/","logo":{"@type":"ImageObject","inLanguage":"pt-BR","@id":"https:\/\/www.institutodeengenharia.org.br\/site\/#\/schema\/logo\/image\/","url":"https:\/\/www.institutodeengenharia.org.br\/site\/wp-content\/uploads\/2019\/03\/logo-novo-IE2018-1.jpg","contentUrl":"https:\/\/www.institutodeengenharia.org.br\/site\/wp-content\/uploads\/2019\/03\/logo-novo-IE2018-1.jpg","width":1486,"height":1879,"caption":"Instituto de Engenharia"},"image":{"@id":"https:\/\/www.institutodeengenharia.org.br\/site\/#\/schema\/logo\/image\/"},"sameAs":["https:\/\/www.facebook.com\/institutodeengenharia","https:\/\/x.com\/iengenharia","https:\/\/www.instagram.com\/institutodeengenharia\/","https:\/\/www.linkedin.com\/company\/instituto-de-engenharia\/","https:\/\/www.youtube.com\/channel\/UCXiCAlsSMe977vamW915HxA"]},{"@type":"Person","@id":"https:\/\/www.institutodeengenharia.org.br\/site\/#\/schema\/person\/3b1ff109facef084739fc2edcb9a127f","name":"TMax Tecnologia","image":{"@type":"ImageObject","inLanguage":"pt-BR","@id":"https:\/\/secure.gravatar.com\/avatar\/f912434ef7f389c92cb311fcdae346af848465d638912574b3c669070f797701?s=96&d=mm&r=g","url":"https:\/\/secure.gravatar.com\/avatar\/f912434ef7f389c92cb311fcdae346af848465d638912574b3c669070f797701?s=96&d=mm&r=g","contentUrl":"https:\/\/secure.gravatar.com\/avatar\/f912434ef7f389c92cb311fcdae346af848465d638912574b3c669070f797701?s=96&d=mm&r=g","caption":"TMax Tecnologia"},"url":"https:\/\/www.institutodeengenharia.org.br\/site\/author\/tmax\/"}]}},"_links":{"self":[{"href":"https:\/\/www.institutodeengenharia.org.br\/site\/wp-json\/wp\/v2\/posts\/24122","targetHints":{"allow":["GET"]}}],"collection":[{"href":"https:\/\/www.institutodeengenharia.org.br\/site\/wp-json\/wp\/v2\/posts"}],"about":[{"href":"https:\/\/www.institutodeengenharia.org.br\/site\/wp-json\/wp\/v2\/types\/post"}],"author":[{"embeddable":true,"href":"https:\/\/www.institutodeengenharia.org.br\/site\/wp-json\/wp\/v2\/users\/1"}],"replies":[{"embeddable":true,"href":"https:\/\/www.institutodeengenharia.org.br\/site\/wp-json\/wp\/v2\/comments?post=24122"}],"version-history":[{"count":0,"href":"https:\/\/www.institutodeengenharia.org.br\/site\/wp-json\/wp\/v2\/posts\/24122\/revisions"}],"wp:attachment":[{"href":"https:\/\/www.institutodeengenharia.org.br\/site\/wp-json\/wp\/v2\/media?parent=24122"}],"wp:term":[{"taxonomy":"category","embeddable":true,"href":"https:\/\/www.institutodeengenharia.org.br\/site\/wp-json\/wp\/v2\/categories?post=24122"},{"taxonomy":"post_tag","embeddable":true,"href":"https:\/\/www.institutodeengenharia.org.br\/site\/wp-json\/wp\/v2\/tags?post=24122"}],"curies":[{"name":"wp","href":"https:\/\/api.w.org\/{rel}","templated":true}]}}