{"id":24074,"date":"2013-10-24T23:59:36","date_gmt":"2013-10-24T23:59:36","guid":{"rendered":"https:\/\/www.institutodeengenharia.org.br\/?p=24074"},"modified":"2013-10-24T11:57:19","modified_gmt":"2013-10-24T11:57:19","slug":"camuflagem-ativa-comportase-como-um-camaleao","status":"publish","type":"post","link":"https:\/\/www.institutodeengenharia.org.br\/site\/2013\/10\/24\/camuflagem-ativa-comportase-como-um-camaleao\/","title":{"rendered":"Camuflagem ativa comporta-se como um camale\u00e3o"},"content":{"rendered":"<p>Enquanto os mantos da invisibilidade n\u00e3o chegam, pesquisadores da Universidade de Harvard deram um novo impulso \u00e0 chamada camuflagem ativa. <\/p>\n<p>Mikhail Kats e seus colegas fabricaram um material que esconde sua pr\u00f3pria temperatura, o que o torna imune \u00e0s c\u00e2meras termais &#8211; a chamada &#8220;vis\u00e3o de infravermelho&#8221;. <\/p>\n<p>Quando visto por uma c\u00e2mera infravermelha, inicialmente o material se comporta como esperado conforme vai sendo aquecido: a 60\u00ba Celsius ele aparece azul esverdeado para a c\u00e2mera, a 70\u00ba fica vermelho amarelado, tornando-se vermelho por volta dos 74\u00ba C. <\/p>\n<p>A partir da\u00ed, por\u00e9m, tudo muda: conforme o calor continua a aumentar, a colora\u00e7\u00e3o do material come\u00e7a a fazer o caminho de volta, passando para amarelo, depois azul, como se estivesse esfriando. <\/p>\n<p>O efeito \u00e9 revers\u00edvel e pode ser repetido in\u00fameras vezes. <\/p>\n<p>\u00d3xido de van\u00e1dio <\/p>\n<p>O segredo para a t\u00e9cnica est\u00e1 em uma pel\u00edcula muito fina de \u00f3xido de van\u00e1dio, um material incomum que sofre altera\u00e7\u00f5es eletr\u00f4nicas dram\u00e1ticas quando atinge uma determinada temperatura. <\/p>\n<p>A temperatura ambiente, o \u00f3xido de van\u00e1dio puro \u00e9 eletricamente isolante, mas a temperaturas um pouco mais altas ele sofre uma transi\u00e7\u00e3o para um estado met\u00e1lico, eletricamente condutor. <\/p>\n<p>Durante essa transi\u00e7\u00e3o, suas propriedades \u00f3pticas tamb\u00e9m mudam, o que significa que outros efeitos de camuflagem dependente da temperatura podem ser obtidos. <\/p>\n<p>&#8220;Introduzindo impurezas ou defeitos de um modo controlado atrav\u00e9s de um processo conhecido como dopagem, ou esticando o material, \u00e9 poss\u00edvel criar uma grande variedade de comportamentos interessantes, importantes e previs\u00edveis,&#8221; disse o professor Shriram Ramanathan, que desenvolveu a s\u00edntese do \u00f3xido de van\u00e1dio em filmes finos enquanto trabalhava com c\u00e9lulas a combust\u00edvel. <\/p>\n<p>Dopando o \u00f3xido de van\u00e1dio com tungst\u00eanio, por exemplo, pode-se trazer as transi\u00e7\u00f5es de fase para a temperatura ambiente, permitindo aplica\u00e7\u00f5es pr\u00e1ticas em condi\u00e7\u00f5es realistas. <\/p>\n<p>Camuflagem ativa <\/p>\n<p>Os pesquisadores afirmam que um ve\u00edculo revestido com pastilhas de \u00f3xido de van\u00e1dio poderia imitar seu ambiente como um camale\u00e3o, aparecendo invis\u00edvel para uma c\u00e2mera infravermelha com um ajuste muito sutil da sua temperatura. <\/p>\n<p>E, como a radia\u00e7\u00e3o t\u00e9rmica transporta o calor, os pesquisadores acreditam que um efeito semelhante pode ser utilizado para acelerar ou abrandar o arrefecimento de estruturas &#8211; de casas a sat\u00e9lites de comunica\u00e7\u00e3o. <\/p>\n<p>&#8220;Criar artificialmente uma estrutura tridimensional t\u00e3o \u00fatil dentro de um material \u00e9 extremamente dif\u00edcil,&#8221; disse o professor Federico Capasso, orientador do grupo. <\/p>\n<p>&#8220;Aqui, a natureza est\u00e1 nos dando o que queremos de gra\u00e7a. Pegando esses metamateriais naturais e manipulando-os para ter todas as propriedades que queremos, estamos abrindo uma nova \u00e1rea de pesquisa, um rumo completamente novo de trabalho. N\u00f3s podemos projetar novos dispositivos de baixo para cima,&#8221; concluiu. <\/p>\n<p><em>Bibliografia: <\/p>\n<p>Vanadium Dioxide as a Natural Disordered Metamaterial: Perfect Thermal Emission and Large Broadband Negative Differential Thermal Emittance <br \/>\nMikhail A. Kats, Romain Blanchard, Shuyan Zhang, Patrice Genevet, Changhyun Ko, Shriram Ramanathan, Federico Capasso <br \/>\nPhysical Review X <br \/>\nVol.: 3, 041004 <br \/>\nDOI: 10.1103\/PhysRevX.3.041004<\/em><\/p>\n<p><b>Autor: Inova\u00e7\u00e3o Tecnol\u00f3gica<\/b><\/p>\n","protected":false},"excerpt":{"rendered":"<p>Enquanto os mantos da invisibilidade n\u00e3o chegam, pesquisadores da Universidade de Harvard deram um novo impulso \u00e0 chamada camuflagem ativa. Mikhail Kats e seus colegas fabricaram um material que esconde sua pr\u00f3pria temperatura, o que o torna imune \u00e0s c\u00e2meras termais &#8211; a chamada &#8220;vis\u00e3o de infravermelho&#8221;. Quando visto por uma c\u00e2mera infravermelha, inicialmente o [&hellip;]<\/p>\n","protected":false},"author":1,"featured_media":0,"comment_status":"open","ping_status":"open","sticky":false,"template":"","format":"standard","meta":{"footnotes":""},"categories":[6,35],"tags":[],"class_list":{"0":"post-24074","1":"post","2":"type-post","3":"status-publish","4":"format-standard","6":"category-noticias","7":"category-pesquisa-e-desenvolvimento"},"yoast_head":"<!-- This site is optimized with the Yoast SEO plugin v27.2 - https:\/\/yoast.com\/product\/yoast-seo-wordpress\/ -->\n<title>Camuflagem ativa comporta-se como um camale\u00e3o - Instituto de Engenharia<\/title>\n<meta name=\"robots\" content=\"index, follow, max-snippet:-1, max-image-preview:large, max-video-preview:-1\" \/>\n<link rel=\"canonical\" href=\"https:\/\/www.institutodeengenharia.org.br\/site\/2013\/10\/24\/camuflagem-ativa-comportase-como-um-camaleao\/\" \/>\n<meta property=\"og:locale\" content=\"pt_BR\" \/>\n<meta property=\"og:type\" content=\"article\" \/>\n<meta property=\"og:title\" content=\"Camuflagem ativa comporta-se como um camale\u00e3o - Instituto de Engenharia\" \/>\n<meta property=\"og:description\" content=\"Enquanto os mantos da invisibilidade n\u00e3o chegam, pesquisadores da Universidade de Harvard deram um novo impulso \u00e0 chamada camuflagem ativa. Mikhail Kats e seus colegas fabricaram um material que esconde sua pr\u00f3pria temperatura, o que o torna imune \u00e0s c\u00e2meras termais &#8211; a chamada &#8220;vis\u00e3o de infravermelho&#8221;. Quando visto por uma c\u00e2mera infravermelha, inicialmente o [&hellip;]\" \/>\n<meta property=\"og:url\" content=\"https:\/\/www.institutodeengenharia.org.br\/site\/2013\/10\/24\/camuflagem-ativa-comportase-como-um-camaleao\/\" \/>\n<meta property=\"og:site_name\" content=\"Instituto de Engenharia\" \/>\n<meta property=\"article:publisher\" content=\"https:\/\/www.facebook.com\/institutodeengenharia\" \/>\n<meta property=\"article:published_time\" content=\"2013-10-24T23:59:36+00:00\" \/>\n<meta name=\"author\" content=\"TMax Tecnologia\" \/>\n<meta name=\"twitter:card\" content=\"summary_large_image\" \/>\n<meta name=\"twitter:creator\" content=\"@iengenharia\" \/>\n<meta name=\"twitter:site\" content=\"@iengenharia\" \/>\n<meta name=\"twitter:label1\" content=\"Escrito por\" \/>\n\t<meta name=\"twitter:data1\" content=\"TMax Tecnologia\" \/>\n\t<meta name=\"twitter:label2\" content=\"Est. tempo de leitura\" \/>\n\t<meta name=\"twitter:data2\" content=\"3 minutos\" \/>\n<script type=\"application\/ld+json\" class=\"yoast-schema-graph\">{\"@context\":\"https:\/\/schema.org\",\"@graph\":[{\"@type\":\"Article\",\"@id\":\"https:\/\/www.institutodeengenharia.org.br\/site\/2013\/10\/24\/camuflagem-ativa-comportase-como-um-camaleao\/#article\",\"isPartOf\":{\"@id\":\"https:\/\/www.institutodeengenharia.org.br\/site\/2013\/10\/24\/camuflagem-ativa-comportase-como-um-camaleao\/\"},\"author\":{\"name\":\"TMax Tecnologia\",\"@id\":\"https:\/\/www.institutodeengenharia.org.br\/site\/#\/schema\/person\/3b1ff109facef084739fc2edcb9a127f\"},\"headline\":\"Camuflagem ativa comporta-se como um camale\u00e3o\",\"datePublished\":\"2013-10-24T23:59:36+00:00\",\"mainEntityOfPage\":{\"@id\":\"https:\/\/www.institutodeengenharia.org.br\/site\/2013\/10\/24\/camuflagem-ativa-comportase-como-um-camaleao\/\"},\"wordCount\":517,\"commentCount\":0,\"publisher\":{\"@id\":\"https:\/\/www.institutodeengenharia.org.br\/site\/#organization\"},\"articleSection\":[\"Not\u00edcias\",\"Pesquisa e Desenvolvimento\"],\"inLanguage\":\"pt-BR\",\"potentialAction\":[{\"@type\":\"CommentAction\",\"name\":\"Comment\",\"target\":[\"https:\/\/www.institutodeengenharia.org.br\/site\/2013\/10\/24\/camuflagem-ativa-comportase-como-um-camaleao\/#respond\"]}]},{\"@type\":\"WebPage\",\"@id\":\"https:\/\/www.institutodeengenharia.org.br\/site\/2013\/10\/24\/camuflagem-ativa-comportase-como-um-camaleao\/\",\"url\":\"https:\/\/www.institutodeengenharia.org.br\/site\/2013\/10\/24\/camuflagem-ativa-comportase-como-um-camaleao\/\",\"name\":\"Camuflagem ativa comporta-se como um camale\u00e3o - Instituto de Engenharia\",\"isPartOf\":{\"@id\":\"https:\/\/www.institutodeengenharia.org.br\/site\/#website\"},\"datePublished\":\"2013-10-24T23:59:36+00:00\",\"breadcrumb\":{\"@id\":\"https:\/\/www.institutodeengenharia.org.br\/site\/2013\/10\/24\/camuflagem-ativa-comportase-como-um-camaleao\/#breadcrumb\"},\"inLanguage\":\"pt-BR\",\"potentialAction\":[{\"@type\":\"ReadAction\",\"target\":[\"https:\/\/www.institutodeengenharia.org.br\/site\/2013\/10\/24\/camuflagem-ativa-comportase-como-um-camaleao\/\"]}]},{\"@type\":\"BreadcrumbList\",\"@id\":\"https:\/\/www.institutodeengenharia.org.br\/site\/2013\/10\/24\/camuflagem-ativa-comportase-como-um-camaleao\/#breadcrumb\",\"itemListElement\":[{\"@type\":\"ListItem\",\"position\":1,\"name\":\"In\u00edcio\",\"item\":\"https:\/\/www.institutodeengenharia.org.br\/site\/\"},{\"@type\":\"ListItem\",\"position\":2,\"name\":\"Camuflagem ativa comporta-se como um camale\u00e3o\"}]},{\"@type\":\"WebSite\",\"@id\":\"https:\/\/www.institutodeengenharia.org.br\/site\/#website\",\"url\":\"https:\/\/www.institutodeengenharia.org.br\/site\/\",\"name\":\"Instituto de Engenharia\",\"description\":\"O Instituto de Engenharia promove a Engenharia em benef\u00edcio do desenvolvimento e da qualidade de vida da sociedade.\",\"publisher\":{\"@id\":\"https:\/\/www.institutodeengenharia.org.br\/site\/#organization\"},\"potentialAction\":[{\"@type\":\"SearchAction\",\"target\":{\"@type\":\"EntryPoint\",\"urlTemplate\":\"https:\/\/www.institutodeengenharia.org.br\/site\/?s={search_term_string}\"},\"query-input\":{\"@type\":\"PropertyValueSpecification\",\"valueRequired\":true,\"valueName\":\"search_term_string\"}}],\"inLanguage\":\"pt-BR\"},{\"@type\":\"Organization\",\"@id\":\"https:\/\/www.institutodeengenharia.org.br\/site\/#organization\",\"name\":\"Instituto de Engenharia\",\"url\":\"https:\/\/www.institutodeengenharia.org.br\/site\/\",\"logo\":{\"@type\":\"ImageObject\",\"inLanguage\":\"pt-BR\",\"@id\":\"https:\/\/www.institutodeengenharia.org.br\/site\/#\/schema\/logo\/image\/\",\"url\":\"https:\/\/www.institutodeengenharia.org.br\/site\/wp-content\/uploads\/2019\/03\/logo-novo-IE2018-1.jpg\",\"contentUrl\":\"https:\/\/www.institutodeengenharia.org.br\/site\/wp-content\/uploads\/2019\/03\/logo-novo-IE2018-1.jpg\",\"width\":1486,\"height\":1879,\"caption\":\"Instituto de Engenharia\"},\"image\":{\"@id\":\"https:\/\/www.institutodeengenharia.org.br\/site\/#\/schema\/logo\/image\/\"},\"sameAs\":[\"https:\/\/www.facebook.com\/institutodeengenharia\",\"https:\/\/x.com\/iengenharia\",\"https:\/\/www.instagram.com\/institutodeengenharia\/\",\"https:\/\/www.linkedin.com\/company\/instituto-de-engenharia\/\",\"https:\/\/www.youtube.com\/channel\/UCXiCAlsSMe977vamW915HxA\"]},{\"@type\":\"Person\",\"@id\":\"https:\/\/www.institutodeengenharia.org.br\/site\/#\/schema\/person\/3b1ff109facef084739fc2edcb9a127f\",\"name\":\"TMax Tecnologia\",\"image\":{\"@type\":\"ImageObject\",\"inLanguage\":\"pt-BR\",\"@id\":\"https:\/\/secure.gravatar.com\/avatar\/f912434ef7f389c92cb311fcdae346af848465d638912574b3c669070f797701?s=96&d=mm&r=g\",\"url\":\"https:\/\/secure.gravatar.com\/avatar\/f912434ef7f389c92cb311fcdae346af848465d638912574b3c669070f797701?s=96&d=mm&r=g\",\"contentUrl\":\"https:\/\/secure.gravatar.com\/avatar\/f912434ef7f389c92cb311fcdae346af848465d638912574b3c669070f797701?s=96&d=mm&r=g\",\"caption\":\"TMax Tecnologia\"},\"url\":\"https:\/\/www.institutodeengenharia.org.br\/site\/author\/tmax\/\"}]}<\/script>\n<!-- \/ Yoast SEO plugin. -->","yoast_head_json":{"title":"Camuflagem ativa comporta-se como um camale\u00e3o - Instituto de Engenharia","robots":{"index":"index","follow":"follow","max-snippet":"max-snippet:-1","max-image-preview":"max-image-preview:large","max-video-preview":"max-video-preview:-1"},"canonical":"https:\/\/www.institutodeengenharia.org.br\/site\/2013\/10\/24\/camuflagem-ativa-comportase-como-um-camaleao\/","og_locale":"pt_BR","og_type":"article","og_title":"Camuflagem ativa comporta-se como um camale\u00e3o - Instituto de Engenharia","og_description":"Enquanto os mantos da invisibilidade n\u00e3o chegam, pesquisadores da Universidade de Harvard deram um novo impulso \u00e0 chamada camuflagem ativa. Mikhail Kats e seus colegas fabricaram um material que esconde sua pr\u00f3pria temperatura, o que o torna imune \u00e0s c\u00e2meras termais &#8211; a chamada &#8220;vis\u00e3o de infravermelho&#8221;. Quando visto por uma c\u00e2mera infravermelha, inicialmente o [&hellip;]","og_url":"https:\/\/www.institutodeengenharia.org.br\/site\/2013\/10\/24\/camuflagem-ativa-comportase-como-um-camaleao\/","og_site_name":"Instituto de Engenharia","article_publisher":"https:\/\/www.facebook.com\/institutodeengenharia","article_published_time":"2013-10-24T23:59:36+00:00","author":"TMax Tecnologia","twitter_card":"summary_large_image","twitter_creator":"@iengenharia","twitter_site":"@iengenharia","twitter_misc":{"Escrito por":"TMax Tecnologia","Est. tempo de leitura":"3 minutos"},"schema":{"@context":"https:\/\/schema.org","@graph":[{"@type":"Article","@id":"https:\/\/www.institutodeengenharia.org.br\/site\/2013\/10\/24\/camuflagem-ativa-comportase-como-um-camaleao\/#article","isPartOf":{"@id":"https:\/\/www.institutodeengenharia.org.br\/site\/2013\/10\/24\/camuflagem-ativa-comportase-como-um-camaleao\/"},"author":{"name":"TMax Tecnologia","@id":"https:\/\/www.institutodeengenharia.org.br\/site\/#\/schema\/person\/3b1ff109facef084739fc2edcb9a127f"},"headline":"Camuflagem ativa comporta-se como um camale\u00e3o","datePublished":"2013-10-24T23:59:36+00:00","mainEntityOfPage":{"@id":"https:\/\/www.institutodeengenharia.org.br\/site\/2013\/10\/24\/camuflagem-ativa-comportase-como-um-camaleao\/"},"wordCount":517,"commentCount":0,"publisher":{"@id":"https:\/\/www.institutodeengenharia.org.br\/site\/#organization"},"articleSection":["Not\u00edcias","Pesquisa e Desenvolvimento"],"inLanguage":"pt-BR","potentialAction":[{"@type":"CommentAction","name":"Comment","target":["https:\/\/www.institutodeengenharia.org.br\/site\/2013\/10\/24\/camuflagem-ativa-comportase-como-um-camaleao\/#respond"]}]},{"@type":"WebPage","@id":"https:\/\/www.institutodeengenharia.org.br\/site\/2013\/10\/24\/camuflagem-ativa-comportase-como-um-camaleao\/","url":"https:\/\/www.institutodeengenharia.org.br\/site\/2013\/10\/24\/camuflagem-ativa-comportase-como-um-camaleao\/","name":"Camuflagem ativa comporta-se como um camale\u00e3o - Instituto de Engenharia","isPartOf":{"@id":"https:\/\/www.institutodeengenharia.org.br\/site\/#website"},"datePublished":"2013-10-24T23:59:36+00:00","breadcrumb":{"@id":"https:\/\/www.institutodeengenharia.org.br\/site\/2013\/10\/24\/camuflagem-ativa-comportase-como-um-camaleao\/#breadcrumb"},"inLanguage":"pt-BR","potentialAction":[{"@type":"ReadAction","target":["https:\/\/www.institutodeengenharia.org.br\/site\/2013\/10\/24\/camuflagem-ativa-comportase-como-um-camaleao\/"]}]},{"@type":"BreadcrumbList","@id":"https:\/\/www.institutodeengenharia.org.br\/site\/2013\/10\/24\/camuflagem-ativa-comportase-como-um-camaleao\/#breadcrumb","itemListElement":[{"@type":"ListItem","position":1,"name":"In\u00edcio","item":"https:\/\/www.institutodeengenharia.org.br\/site\/"},{"@type":"ListItem","position":2,"name":"Camuflagem ativa comporta-se como um camale\u00e3o"}]},{"@type":"WebSite","@id":"https:\/\/www.institutodeengenharia.org.br\/site\/#website","url":"https:\/\/www.institutodeengenharia.org.br\/site\/","name":"Instituto de Engenharia","description":"O Instituto de Engenharia promove a Engenharia em benef\u00edcio do desenvolvimento e da qualidade de vida da sociedade.","publisher":{"@id":"https:\/\/www.institutodeengenharia.org.br\/site\/#organization"},"potentialAction":[{"@type":"SearchAction","target":{"@type":"EntryPoint","urlTemplate":"https:\/\/www.institutodeengenharia.org.br\/site\/?s={search_term_string}"},"query-input":{"@type":"PropertyValueSpecification","valueRequired":true,"valueName":"search_term_string"}}],"inLanguage":"pt-BR"},{"@type":"Organization","@id":"https:\/\/www.institutodeengenharia.org.br\/site\/#organization","name":"Instituto de Engenharia","url":"https:\/\/www.institutodeengenharia.org.br\/site\/","logo":{"@type":"ImageObject","inLanguage":"pt-BR","@id":"https:\/\/www.institutodeengenharia.org.br\/site\/#\/schema\/logo\/image\/","url":"https:\/\/www.institutodeengenharia.org.br\/site\/wp-content\/uploads\/2019\/03\/logo-novo-IE2018-1.jpg","contentUrl":"https:\/\/www.institutodeengenharia.org.br\/site\/wp-content\/uploads\/2019\/03\/logo-novo-IE2018-1.jpg","width":1486,"height":1879,"caption":"Instituto de Engenharia"},"image":{"@id":"https:\/\/www.institutodeengenharia.org.br\/site\/#\/schema\/logo\/image\/"},"sameAs":["https:\/\/www.facebook.com\/institutodeengenharia","https:\/\/x.com\/iengenharia","https:\/\/www.instagram.com\/institutodeengenharia\/","https:\/\/www.linkedin.com\/company\/instituto-de-engenharia\/","https:\/\/www.youtube.com\/channel\/UCXiCAlsSMe977vamW915HxA"]},{"@type":"Person","@id":"https:\/\/www.institutodeengenharia.org.br\/site\/#\/schema\/person\/3b1ff109facef084739fc2edcb9a127f","name":"TMax Tecnologia","image":{"@type":"ImageObject","inLanguage":"pt-BR","@id":"https:\/\/secure.gravatar.com\/avatar\/f912434ef7f389c92cb311fcdae346af848465d638912574b3c669070f797701?s=96&d=mm&r=g","url":"https:\/\/secure.gravatar.com\/avatar\/f912434ef7f389c92cb311fcdae346af848465d638912574b3c669070f797701?s=96&d=mm&r=g","contentUrl":"https:\/\/secure.gravatar.com\/avatar\/f912434ef7f389c92cb311fcdae346af848465d638912574b3c669070f797701?s=96&d=mm&r=g","caption":"TMax Tecnologia"},"url":"https:\/\/www.institutodeengenharia.org.br\/site\/author\/tmax\/"}]}},"_links":{"self":[{"href":"https:\/\/www.institutodeengenharia.org.br\/site\/wp-json\/wp\/v2\/posts\/24074","targetHints":{"allow":["GET"]}}],"collection":[{"href":"https:\/\/www.institutodeengenharia.org.br\/site\/wp-json\/wp\/v2\/posts"}],"about":[{"href":"https:\/\/www.institutodeengenharia.org.br\/site\/wp-json\/wp\/v2\/types\/post"}],"author":[{"embeddable":true,"href":"https:\/\/www.institutodeengenharia.org.br\/site\/wp-json\/wp\/v2\/users\/1"}],"replies":[{"embeddable":true,"href":"https:\/\/www.institutodeengenharia.org.br\/site\/wp-json\/wp\/v2\/comments?post=24074"}],"version-history":[{"count":0,"href":"https:\/\/www.institutodeengenharia.org.br\/site\/wp-json\/wp\/v2\/posts\/24074\/revisions"}],"wp:attachment":[{"href":"https:\/\/www.institutodeengenharia.org.br\/site\/wp-json\/wp\/v2\/media?parent=24074"}],"wp:term":[{"taxonomy":"category","embeddable":true,"href":"https:\/\/www.institutodeengenharia.org.br\/site\/wp-json\/wp\/v2\/categories?post=24074"},{"taxonomy":"post_tag","embeddable":true,"href":"https:\/\/www.institutodeengenharia.org.br\/site\/wp-json\/wp\/v2\/tags?post=24074"}],"curies":[{"name":"wp","href":"https:\/\/api.w.org\/{rel}","templated":true}]}}