{"id":24064,"date":"2013-10-21T23:59:27","date_gmt":"2013-10-21T23:59:27","guid":{"rendered":"https:\/\/www.institutodeengenharia.org.br\/?p=24064"},"modified":"2013-10-21T15:40:58","modified_gmt":"2013-10-21T15:40:58","slug":"roda-fotonica-do-raio-trator-ao-canhao-de-nanoparticulas","status":"publish","type":"post","link":"https:\/\/www.institutodeengenharia.org.br\/site\/2013\/10\/21\/roda-fotonica-do-raio-trator-ao-canhao-de-nanoparticulas\/","title":{"rendered":"Roda fot\u00f4nica: do raio trator ao canh\u00e3o de nanopart\u00edculas"},"content":{"rendered":"<p><em>Ilustra\u00e7\u00e3o do momento angular longitudinal tradicional, em cima, e do novo momento angular puramente transversal, ou roda fot\u00f4nica.[Imagem: Peter Banzer\/MPI for the Science of Light]<\/p>\n<p><\/em>Luz com momento angular puramente transversal <\/p>\n<p>Pesquisadores do Instituto Max-Planck, na Alemanha, descobriram um novo tipo de onda de luz que permite um controle mais preciso na manipula\u00e7\u00e3o de objetos em escalas micro e nano. <\/p>\n<p>Com a nova onda, torna-se poss\u00edvel usar um laser para fazer com que part\u00edculas min\u00fasculas girem em torno de um eixo perpendicular ao feixe de luz &#8211; a part\u00edcula vai girar como a roda de uma bicicleta, na dire\u00e7\u00e3o do seu movimento. <\/p>\n<p>Os pesquisadores batizaram a nova forma de luz de roda fot\u00f4nica, essencialmente uma luz com momento angular puramente transversal. <\/p>\n<p>Este estado da luz era desconhecido. Os f\u00edsicos consideravam que toda luz tinha um momento angular longitudinal, em forma de h\u00e9lice &#8211; levando-a ao extremo, eles criaram a &#8220;luz torcida&#8221;. <\/p>\n<p>A descoberta tem um impacto direto no campo das pin\u00e7as \u00f3pticas &#8211; os bi\u00f3logos, por exemplo, usam as pin\u00e7as \u00f3pticas para alinhar as c\u00e9lulas e gir\u00e1-las sob o foco de um microsc\u00f3pio. <\/p>\n<p>Embora a for\u00e7a que um f\u00f3ton exerce seja quase infinitesimal, o efeito de in\u00fameras part\u00edculas de luz em feixes intensos e bem focados de raios laser somam-se de tal maneira que objetos de at\u00e9 alguns micr\u00f4metros podem ser pegos em uma armadilha \u00f3ptica e movimentados. <\/p>\n<p>Isso abre caminho para a manipula\u00e7\u00e3o de c\u00e9lulas e outros objetos nas escalas micro e nano, incluindo a cria\u00e7\u00e3o de raios tratores.<\/p>\n<p><img loading=\"lazy\" decoding=\"async\" width=\"550\" height=\"240\" alt=\"\" src=\"\/site\/userfiles\/nano_2.jpg\" \/><\/p>\n<p>Roda fot\u00f4nica <\/p>\n<p>Na roda fot\u00f4nica, o campo el\u00e9trico da onda eletromagn\u00e9tica gira em torno de um eixo cuja orienta\u00e7\u00e3o \u00e9 perpendicular \u00e0 dire\u00e7\u00e3o do movimento, exatamente como o eixo de uma roda. <\/p>\n<p>O momento angular puramente transversal come\u00e7a com uma onda de luz polarizada circularmente, gerada por um cristal birrefringente que gira como um parafuso na dire\u00e7\u00e3o de propaga\u00e7\u00e3o do feixe. <\/p>\n<p>Dependendo da orienta\u00e7\u00e3o do cristal, a onda de luz vai girar no sentido hor\u00e1rio ou anti-hor\u00e1rio. <\/p>\n<p>Peter Banzer e seus colegas combinaram dois cristais de tal maneira que uma parte do feixe de laser gira no sentido hor\u00e1rio e outra parte no sentido anti-hor\u00e1rio. <\/p>\n<p>Finalmente, uma lente focaliza os dois feixes parciais girando em dire\u00e7\u00f5es opostas em um ponto focal do tamanho do comprimento de onda da luz. <\/p>\n<p>Agora, os f\u00edsicos querem usar o campo de luz girat\u00f3rio para fazer uma nanopart\u00edcula girar sobre si mesma suspensa apenas pela luz &#8211; e para fazer outras brincadeiras, como canh\u00f5es de nanopart\u00edculas. <\/p>\n<p>&#8220;Se n\u00f3s primeiro acelerarmos as part\u00edculas em uma armadilha \u00f3ptica circular e, em seguida, abrirmos a armadilha, elas devem ser arremessadas longe conforme giram, e poder\u00edamos organizar uma esp\u00e9cie de corrida de dragster com nanopart\u00edculas,&#8221; entusiasma-se o professor Gerd Leuchs. <\/p>\n<p><em>Bibliografia: <\/p>\n<p>The photonic wheel &#8211; demonstration of a state of light with purely transverse angular momentum <br \/>\nPeter Banzer, Martin Neugebauer, Andrea Aiello, Christoph Marquardt, Norbert Lindlein, Thomas Bauer, Gerd Leuchs <br \/>\nJournal of the European Optical Society <br \/>\nVol.: Published online <br \/>\nDOI: 10.2971\/jeos.2013.13032 <br \/>\nShare on twitter TwitterShare on facebook FacebookShare on orkut Ork<\/em>ut<\/p>\n<p><b>Autor: Instituto Max Planck <\/b><\/p>\n","protected":false},"excerpt":{"rendered":"<p>Ilustra\u00e7\u00e3o do momento angular longitudinal tradicional, em cima, e do novo momento angular puramente transversal, ou roda fot\u00f4nica.[Imagem: Peter Banzer\/MPI for the Science of Light] Luz com momento angular puramente transversal Pesquisadores do Instituto Max-Planck, na Alemanha, descobriram um novo tipo de onda de luz que permite um controle mais preciso na manipula\u00e7\u00e3o de objetos [&hellip;]<\/p>\n","protected":false},"author":1,"featured_media":24065,"comment_status":"open","ping_status":"open","sticky":false,"template":"","format":"standard","meta":{"footnotes":""},"categories":[6,35],"tags":[],"class_list":{"0":"post-24064","1":"post","2":"type-post","3":"status-publish","4":"format-standard","5":"has-post-thumbnail","7":"category-noticias","8":"category-pesquisa-e-desenvolvimento"},"yoast_head":"<!-- This site is optimized with the Yoast SEO plugin v27.2 - https:\/\/yoast.com\/product\/yoast-seo-wordpress\/ -->\n<title>Roda fot\u00f4nica: do raio trator ao canh\u00e3o de nanopart\u00edculas - Instituto de Engenharia<\/title>\n<meta name=\"robots\" content=\"index, follow, max-snippet:-1, max-image-preview:large, max-video-preview:-1\" \/>\n<link rel=\"canonical\" href=\"https:\/\/www.institutodeengenharia.org.br\/site\/2013\/10\/21\/roda-fotonica-do-raio-trator-ao-canhao-de-nanoparticulas\/\" \/>\n<meta property=\"og:locale\" content=\"pt_BR\" \/>\n<meta property=\"og:type\" content=\"article\" \/>\n<meta property=\"og:title\" content=\"Roda fot\u00f4nica: do raio trator ao canh\u00e3o de nanopart\u00edculas - Instituto de Engenharia\" \/>\n<meta property=\"og:description\" content=\"Ilustra\u00e7\u00e3o do momento angular longitudinal tradicional, em cima, e do novo momento angular puramente transversal, ou roda fot\u00f4nica.[Imagem: Peter Banzer\/MPI for the Science of Light] Luz com momento angular puramente transversal Pesquisadores do Instituto Max-Planck, na Alemanha, descobriram um novo tipo de onda de luz que permite um controle mais preciso na manipula\u00e7\u00e3o de objetos [&hellip;]\" \/>\n<meta property=\"og:url\" content=\"https:\/\/www.institutodeengenharia.org.br\/site\/2013\/10\/21\/roda-fotonica-do-raio-trator-ao-canhao-de-nanoparticulas\/\" \/>\n<meta property=\"og:site_name\" content=\"Instituto de Engenharia\" \/>\n<meta property=\"article:publisher\" content=\"https:\/\/www.facebook.com\/institutodeengenharia\" \/>\n<meta property=\"article:published_time\" content=\"2013-10-21T23:59:27+00:00\" \/>\n<meta property=\"og:image\" content=\"https:\/\/www.institutodeengenharia.org.br\/site\/wp-content\/uploads\/2017\/10\/nano_1.jpg\" \/>\n\t<meta property=\"og:image:width\" content=\"550\" \/>\n\t<meta property=\"og:image:height\" content=\"435\" \/>\n\t<meta property=\"og:image:type\" content=\"image\/jpeg\" \/>\n<meta name=\"author\" content=\"TMax Tecnologia\" \/>\n<meta name=\"twitter:card\" content=\"summary_large_image\" \/>\n<meta name=\"twitter:creator\" content=\"@iengenharia\" \/>\n<meta name=\"twitter:site\" content=\"@iengenharia\" \/>\n<meta name=\"twitter:label1\" content=\"Escrito por\" \/>\n\t<meta name=\"twitter:data1\" content=\"TMax Tecnologia\" \/>\n\t<meta name=\"twitter:label2\" content=\"Est. tempo de leitura\" \/>\n\t<meta name=\"twitter:data2\" content=\"3 minutos\" \/>\n<script type=\"application\/ld+json\" class=\"yoast-schema-graph\">{\"@context\":\"https:\/\/schema.org\",\"@graph\":[{\"@type\":\"Article\",\"@id\":\"https:\/\/www.institutodeengenharia.org.br\/site\/2013\/10\/21\/roda-fotonica-do-raio-trator-ao-canhao-de-nanoparticulas\/#article\",\"isPartOf\":{\"@id\":\"https:\/\/www.institutodeengenharia.org.br\/site\/2013\/10\/21\/roda-fotonica-do-raio-trator-ao-canhao-de-nanoparticulas\/\"},\"author\":{\"name\":\"TMax Tecnologia\",\"@id\":\"https:\/\/www.institutodeengenharia.org.br\/site\/#\/schema\/person\/3b1ff109facef084739fc2edcb9a127f\"},\"headline\":\"Roda fot\u00f4nica: do raio trator ao canh\u00e3o de nanopart\u00edculas\",\"datePublished\":\"2013-10-21T23:59:27+00:00\",\"mainEntityOfPage\":{\"@id\":\"https:\/\/www.institutodeengenharia.org.br\/site\/2013\/10\/21\/roda-fotonica-do-raio-trator-ao-canhao-de-nanoparticulas\/\"},\"wordCount\":568,\"commentCount\":0,\"publisher\":{\"@id\":\"https:\/\/www.institutodeengenharia.org.br\/site\/#organization\"},\"image\":{\"@id\":\"https:\/\/www.institutodeengenharia.org.br\/site\/2013\/10\/21\/roda-fotonica-do-raio-trator-ao-canhao-de-nanoparticulas\/#primaryimage\"},\"thumbnailUrl\":\"https:\/\/www.institutodeengenharia.org.br\/site\/wp-content\/uploads\/2017\/10\/nano_1.jpg\",\"articleSection\":[\"Not\u00edcias\",\"Pesquisa e Desenvolvimento\"],\"inLanguage\":\"pt-BR\",\"potentialAction\":[{\"@type\":\"CommentAction\",\"name\":\"Comment\",\"target\":[\"https:\/\/www.institutodeengenharia.org.br\/site\/2013\/10\/21\/roda-fotonica-do-raio-trator-ao-canhao-de-nanoparticulas\/#respond\"]}]},{\"@type\":\"WebPage\",\"@id\":\"https:\/\/www.institutodeengenharia.org.br\/site\/2013\/10\/21\/roda-fotonica-do-raio-trator-ao-canhao-de-nanoparticulas\/\",\"url\":\"https:\/\/www.institutodeengenharia.org.br\/site\/2013\/10\/21\/roda-fotonica-do-raio-trator-ao-canhao-de-nanoparticulas\/\",\"name\":\"Roda fot\u00f4nica: do raio trator ao canh\u00e3o de nanopart\u00edculas - Instituto de Engenharia\",\"isPartOf\":{\"@id\":\"https:\/\/www.institutodeengenharia.org.br\/site\/#website\"},\"primaryImageOfPage\":{\"@id\":\"https:\/\/www.institutodeengenharia.org.br\/site\/2013\/10\/21\/roda-fotonica-do-raio-trator-ao-canhao-de-nanoparticulas\/#primaryimage\"},\"image\":{\"@id\":\"https:\/\/www.institutodeengenharia.org.br\/site\/2013\/10\/21\/roda-fotonica-do-raio-trator-ao-canhao-de-nanoparticulas\/#primaryimage\"},\"thumbnailUrl\":\"https:\/\/www.institutodeengenharia.org.br\/site\/wp-content\/uploads\/2017\/10\/nano_1.jpg\",\"datePublished\":\"2013-10-21T23:59:27+00:00\",\"breadcrumb\":{\"@id\":\"https:\/\/www.institutodeengenharia.org.br\/site\/2013\/10\/21\/roda-fotonica-do-raio-trator-ao-canhao-de-nanoparticulas\/#breadcrumb\"},\"inLanguage\":\"pt-BR\",\"potentialAction\":[{\"@type\":\"ReadAction\",\"target\":[\"https:\/\/www.institutodeengenharia.org.br\/site\/2013\/10\/21\/roda-fotonica-do-raio-trator-ao-canhao-de-nanoparticulas\/\"]}]},{\"@type\":\"ImageObject\",\"inLanguage\":\"pt-BR\",\"@id\":\"https:\/\/www.institutodeengenharia.org.br\/site\/2013\/10\/21\/roda-fotonica-do-raio-trator-ao-canhao-de-nanoparticulas\/#primaryimage\",\"url\":\"https:\/\/www.institutodeengenharia.org.br\/site\/wp-content\/uploads\/2017\/10\/nano_1.jpg\",\"contentUrl\":\"https:\/\/www.institutodeengenharia.org.br\/site\/wp-content\/uploads\/2017\/10\/nano_1.jpg\",\"width\":550,\"height\":435},{\"@type\":\"BreadcrumbList\",\"@id\":\"https:\/\/www.institutodeengenharia.org.br\/site\/2013\/10\/21\/roda-fotonica-do-raio-trator-ao-canhao-de-nanoparticulas\/#breadcrumb\",\"itemListElement\":[{\"@type\":\"ListItem\",\"position\":1,\"name\":\"In\u00edcio\",\"item\":\"https:\/\/www.institutodeengenharia.org.br\/site\/\"},{\"@type\":\"ListItem\",\"position\":2,\"name\":\"Roda fot\u00f4nica: do raio trator ao canh\u00e3o de nanopart\u00edculas\"}]},{\"@type\":\"WebSite\",\"@id\":\"https:\/\/www.institutodeengenharia.org.br\/site\/#website\",\"url\":\"https:\/\/www.institutodeengenharia.org.br\/site\/\",\"name\":\"Instituto de Engenharia\",\"description\":\"O Instituto de Engenharia promove a Engenharia em benef\u00edcio do desenvolvimento e da qualidade de vida da sociedade.\",\"publisher\":{\"@id\":\"https:\/\/www.institutodeengenharia.org.br\/site\/#organization\"},\"potentialAction\":[{\"@type\":\"SearchAction\",\"target\":{\"@type\":\"EntryPoint\",\"urlTemplate\":\"https:\/\/www.institutodeengenharia.org.br\/site\/?s={search_term_string}\"},\"query-input\":{\"@type\":\"PropertyValueSpecification\",\"valueRequired\":true,\"valueName\":\"search_term_string\"}}],\"inLanguage\":\"pt-BR\"},{\"@type\":\"Organization\",\"@id\":\"https:\/\/www.institutodeengenharia.org.br\/site\/#organization\",\"name\":\"Instituto de Engenharia\",\"url\":\"https:\/\/www.institutodeengenharia.org.br\/site\/\",\"logo\":{\"@type\":\"ImageObject\",\"inLanguage\":\"pt-BR\",\"@id\":\"https:\/\/www.institutodeengenharia.org.br\/site\/#\/schema\/logo\/image\/\",\"url\":\"https:\/\/www.institutodeengenharia.org.br\/site\/wp-content\/uploads\/2019\/03\/logo-novo-IE2018-1.jpg\",\"contentUrl\":\"https:\/\/www.institutodeengenharia.org.br\/site\/wp-content\/uploads\/2019\/03\/logo-novo-IE2018-1.jpg\",\"width\":1486,\"height\":1879,\"caption\":\"Instituto de Engenharia\"},\"image\":{\"@id\":\"https:\/\/www.institutodeengenharia.org.br\/site\/#\/schema\/logo\/image\/\"},\"sameAs\":[\"https:\/\/www.facebook.com\/institutodeengenharia\",\"https:\/\/x.com\/iengenharia\",\"https:\/\/www.instagram.com\/institutodeengenharia\/\",\"https:\/\/www.linkedin.com\/company\/instituto-de-engenharia\/\",\"https:\/\/www.youtube.com\/channel\/UCXiCAlsSMe977vamW915HxA\"]},{\"@type\":\"Person\",\"@id\":\"https:\/\/www.institutodeengenharia.org.br\/site\/#\/schema\/person\/3b1ff109facef084739fc2edcb9a127f\",\"name\":\"TMax Tecnologia\",\"image\":{\"@type\":\"ImageObject\",\"inLanguage\":\"pt-BR\",\"@id\":\"https:\/\/secure.gravatar.com\/avatar\/f912434ef7f389c92cb311fcdae346af848465d638912574b3c669070f797701?s=96&d=mm&r=g\",\"url\":\"https:\/\/secure.gravatar.com\/avatar\/f912434ef7f389c92cb311fcdae346af848465d638912574b3c669070f797701?s=96&d=mm&r=g\",\"contentUrl\":\"https:\/\/secure.gravatar.com\/avatar\/f912434ef7f389c92cb311fcdae346af848465d638912574b3c669070f797701?s=96&d=mm&r=g\",\"caption\":\"TMax Tecnologia\"},\"url\":\"https:\/\/www.institutodeengenharia.org.br\/site\/author\/tmax\/\"}]}<\/script>\n<!-- \/ Yoast SEO plugin. -->","yoast_head_json":{"title":"Roda fot\u00f4nica: do raio trator ao canh\u00e3o de nanopart\u00edculas - Instituto de Engenharia","robots":{"index":"index","follow":"follow","max-snippet":"max-snippet:-1","max-image-preview":"max-image-preview:large","max-video-preview":"max-video-preview:-1"},"canonical":"https:\/\/www.institutodeengenharia.org.br\/site\/2013\/10\/21\/roda-fotonica-do-raio-trator-ao-canhao-de-nanoparticulas\/","og_locale":"pt_BR","og_type":"article","og_title":"Roda fot\u00f4nica: do raio trator ao canh\u00e3o de nanopart\u00edculas - Instituto de Engenharia","og_description":"Ilustra\u00e7\u00e3o do momento angular longitudinal tradicional, em cima, e do novo momento angular puramente transversal, ou roda fot\u00f4nica.[Imagem: Peter Banzer\/MPI for the Science of Light] Luz com momento angular puramente transversal Pesquisadores do Instituto Max-Planck, na Alemanha, descobriram um novo tipo de onda de luz que permite um controle mais preciso na manipula\u00e7\u00e3o de objetos [&hellip;]","og_url":"https:\/\/www.institutodeengenharia.org.br\/site\/2013\/10\/21\/roda-fotonica-do-raio-trator-ao-canhao-de-nanoparticulas\/","og_site_name":"Instituto de Engenharia","article_publisher":"https:\/\/www.facebook.com\/institutodeengenharia","article_published_time":"2013-10-21T23:59:27+00:00","og_image":[{"width":550,"height":435,"url":"https:\/\/www.institutodeengenharia.org.br\/site\/wp-content\/uploads\/2017\/10\/nano_1.jpg","type":"image\/jpeg"}],"author":"TMax Tecnologia","twitter_card":"summary_large_image","twitter_creator":"@iengenharia","twitter_site":"@iengenharia","twitter_misc":{"Escrito por":"TMax Tecnologia","Est. tempo de leitura":"3 minutos"},"schema":{"@context":"https:\/\/schema.org","@graph":[{"@type":"Article","@id":"https:\/\/www.institutodeengenharia.org.br\/site\/2013\/10\/21\/roda-fotonica-do-raio-trator-ao-canhao-de-nanoparticulas\/#article","isPartOf":{"@id":"https:\/\/www.institutodeengenharia.org.br\/site\/2013\/10\/21\/roda-fotonica-do-raio-trator-ao-canhao-de-nanoparticulas\/"},"author":{"name":"TMax Tecnologia","@id":"https:\/\/www.institutodeengenharia.org.br\/site\/#\/schema\/person\/3b1ff109facef084739fc2edcb9a127f"},"headline":"Roda fot\u00f4nica: do raio trator ao canh\u00e3o de nanopart\u00edculas","datePublished":"2013-10-21T23:59:27+00:00","mainEntityOfPage":{"@id":"https:\/\/www.institutodeengenharia.org.br\/site\/2013\/10\/21\/roda-fotonica-do-raio-trator-ao-canhao-de-nanoparticulas\/"},"wordCount":568,"commentCount":0,"publisher":{"@id":"https:\/\/www.institutodeengenharia.org.br\/site\/#organization"},"image":{"@id":"https:\/\/www.institutodeengenharia.org.br\/site\/2013\/10\/21\/roda-fotonica-do-raio-trator-ao-canhao-de-nanoparticulas\/#primaryimage"},"thumbnailUrl":"https:\/\/www.institutodeengenharia.org.br\/site\/wp-content\/uploads\/2017\/10\/nano_1.jpg","articleSection":["Not\u00edcias","Pesquisa e Desenvolvimento"],"inLanguage":"pt-BR","potentialAction":[{"@type":"CommentAction","name":"Comment","target":["https:\/\/www.institutodeengenharia.org.br\/site\/2013\/10\/21\/roda-fotonica-do-raio-trator-ao-canhao-de-nanoparticulas\/#respond"]}]},{"@type":"WebPage","@id":"https:\/\/www.institutodeengenharia.org.br\/site\/2013\/10\/21\/roda-fotonica-do-raio-trator-ao-canhao-de-nanoparticulas\/","url":"https:\/\/www.institutodeengenharia.org.br\/site\/2013\/10\/21\/roda-fotonica-do-raio-trator-ao-canhao-de-nanoparticulas\/","name":"Roda fot\u00f4nica: do raio trator ao canh\u00e3o de nanopart\u00edculas - Instituto de Engenharia","isPartOf":{"@id":"https:\/\/www.institutodeengenharia.org.br\/site\/#website"},"primaryImageOfPage":{"@id":"https:\/\/www.institutodeengenharia.org.br\/site\/2013\/10\/21\/roda-fotonica-do-raio-trator-ao-canhao-de-nanoparticulas\/#primaryimage"},"image":{"@id":"https:\/\/www.institutodeengenharia.org.br\/site\/2013\/10\/21\/roda-fotonica-do-raio-trator-ao-canhao-de-nanoparticulas\/#primaryimage"},"thumbnailUrl":"https:\/\/www.institutodeengenharia.org.br\/site\/wp-content\/uploads\/2017\/10\/nano_1.jpg","datePublished":"2013-10-21T23:59:27+00:00","breadcrumb":{"@id":"https:\/\/www.institutodeengenharia.org.br\/site\/2013\/10\/21\/roda-fotonica-do-raio-trator-ao-canhao-de-nanoparticulas\/#breadcrumb"},"inLanguage":"pt-BR","potentialAction":[{"@type":"ReadAction","target":["https:\/\/www.institutodeengenharia.org.br\/site\/2013\/10\/21\/roda-fotonica-do-raio-trator-ao-canhao-de-nanoparticulas\/"]}]},{"@type":"ImageObject","inLanguage":"pt-BR","@id":"https:\/\/www.institutodeengenharia.org.br\/site\/2013\/10\/21\/roda-fotonica-do-raio-trator-ao-canhao-de-nanoparticulas\/#primaryimage","url":"https:\/\/www.institutodeengenharia.org.br\/site\/wp-content\/uploads\/2017\/10\/nano_1.jpg","contentUrl":"https:\/\/www.institutodeengenharia.org.br\/site\/wp-content\/uploads\/2017\/10\/nano_1.jpg","width":550,"height":435},{"@type":"BreadcrumbList","@id":"https:\/\/www.institutodeengenharia.org.br\/site\/2013\/10\/21\/roda-fotonica-do-raio-trator-ao-canhao-de-nanoparticulas\/#breadcrumb","itemListElement":[{"@type":"ListItem","position":1,"name":"In\u00edcio","item":"https:\/\/www.institutodeengenharia.org.br\/site\/"},{"@type":"ListItem","position":2,"name":"Roda fot\u00f4nica: do raio trator ao canh\u00e3o de nanopart\u00edculas"}]},{"@type":"WebSite","@id":"https:\/\/www.institutodeengenharia.org.br\/site\/#website","url":"https:\/\/www.institutodeengenharia.org.br\/site\/","name":"Instituto de Engenharia","description":"O Instituto de Engenharia promove a Engenharia em benef\u00edcio do desenvolvimento e da qualidade de vida da sociedade.","publisher":{"@id":"https:\/\/www.institutodeengenharia.org.br\/site\/#organization"},"potentialAction":[{"@type":"SearchAction","target":{"@type":"EntryPoint","urlTemplate":"https:\/\/www.institutodeengenharia.org.br\/site\/?s={search_term_string}"},"query-input":{"@type":"PropertyValueSpecification","valueRequired":true,"valueName":"search_term_string"}}],"inLanguage":"pt-BR"},{"@type":"Organization","@id":"https:\/\/www.institutodeengenharia.org.br\/site\/#organization","name":"Instituto de Engenharia","url":"https:\/\/www.institutodeengenharia.org.br\/site\/","logo":{"@type":"ImageObject","inLanguage":"pt-BR","@id":"https:\/\/www.institutodeengenharia.org.br\/site\/#\/schema\/logo\/image\/","url":"https:\/\/www.institutodeengenharia.org.br\/site\/wp-content\/uploads\/2019\/03\/logo-novo-IE2018-1.jpg","contentUrl":"https:\/\/www.institutodeengenharia.org.br\/site\/wp-content\/uploads\/2019\/03\/logo-novo-IE2018-1.jpg","width":1486,"height":1879,"caption":"Instituto de Engenharia"},"image":{"@id":"https:\/\/www.institutodeengenharia.org.br\/site\/#\/schema\/logo\/image\/"},"sameAs":["https:\/\/www.facebook.com\/institutodeengenharia","https:\/\/x.com\/iengenharia","https:\/\/www.instagram.com\/institutodeengenharia\/","https:\/\/www.linkedin.com\/company\/instituto-de-engenharia\/","https:\/\/www.youtube.com\/channel\/UCXiCAlsSMe977vamW915HxA"]},{"@type":"Person","@id":"https:\/\/www.institutodeengenharia.org.br\/site\/#\/schema\/person\/3b1ff109facef084739fc2edcb9a127f","name":"TMax Tecnologia","image":{"@type":"ImageObject","inLanguage":"pt-BR","@id":"https:\/\/secure.gravatar.com\/avatar\/f912434ef7f389c92cb311fcdae346af848465d638912574b3c669070f797701?s=96&d=mm&r=g","url":"https:\/\/secure.gravatar.com\/avatar\/f912434ef7f389c92cb311fcdae346af848465d638912574b3c669070f797701?s=96&d=mm&r=g","contentUrl":"https:\/\/secure.gravatar.com\/avatar\/f912434ef7f389c92cb311fcdae346af848465d638912574b3c669070f797701?s=96&d=mm&r=g","caption":"TMax Tecnologia"},"url":"https:\/\/www.institutodeengenharia.org.br\/site\/author\/tmax\/"}]}},"_links":{"self":[{"href":"https:\/\/www.institutodeengenharia.org.br\/site\/wp-json\/wp\/v2\/posts\/24064","targetHints":{"allow":["GET"]}}],"collection":[{"href":"https:\/\/www.institutodeengenharia.org.br\/site\/wp-json\/wp\/v2\/posts"}],"about":[{"href":"https:\/\/www.institutodeengenharia.org.br\/site\/wp-json\/wp\/v2\/types\/post"}],"author":[{"embeddable":true,"href":"https:\/\/www.institutodeengenharia.org.br\/site\/wp-json\/wp\/v2\/users\/1"}],"replies":[{"embeddable":true,"href":"https:\/\/www.institutodeengenharia.org.br\/site\/wp-json\/wp\/v2\/comments?post=24064"}],"version-history":[{"count":0,"href":"https:\/\/www.institutodeengenharia.org.br\/site\/wp-json\/wp\/v2\/posts\/24064\/revisions"}],"wp:featuredmedia":[{"embeddable":true,"href":"https:\/\/www.institutodeengenharia.org.br\/site\/wp-json\/wp\/v2\/media\/24065"}],"wp:attachment":[{"href":"https:\/\/www.institutodeengenharia.org.br\/site\/wp-json\/wp\/v2\/media?parent=24064"}],"wp:term":[{"taxonomy":"category","embeddable":true,"href":"https:\/\/www.institutodeengenharia.org.br\/site\/wp-json\/wp\/v2\/categories?post=24064"},{"taxonomy":"post_tag","embeddable":true,"href":"https:\/\/www.institutodeengenharia.org.br\/site\/wp-json\/wp\/v2\/tags?post=24064"}],"curies":[{"name":"wp","href":"https:\/\/api.w.org\/{rel}","templated":true}]}}