{"id":24009,"date":"2013-10-07T23:58:49","date_gmt":"2013-10-07T23:58:49","guid":{"rendered":"https:\/\/www.institutodeengenharia.org.br\/?p=24009"},"modified":"2013-10-07T14:21:38","modified_gmt":"2013-10-07T14:21:38","slug":"lixo-de-feira-comeca-a-virar-adubo-na-capital","status":"publish","type":"post","link":"https:\/\/www.institutodeengenharia.org.br\/site\/2013\/10\/07\/lixo-de-feira-comeca-a-virar-adubo-na-capital\/","title":{"rendered":"Lixo de feira come\u00e7a a virar adubo na capital"},"content":{"rendered":"<p>Numa jornada que come\u00e7a pelos bra\u00e7os do gari Eduardo Silva, de 48 anos, o Hulk, os restos de frutas e verduras come\u00e7am a virar adubo em S\u00e3o Paulo. H\u00e1 dois meses, o lixo org\u00e2nico que ele recolhe na feira de S\u00e3o Mateus, na zona leste, deixou de viajar at\u00e9 o aterro sanit\u00e1rio na divisa com Guarulhos para ser compostado no pr\u00f3prio bairro. <\/p>\n<p>Trata-se de um projeto piloto que a Prefeitura quer levar \u00e0s 900 feiras semanais da capital, uma das metas da gest\u00e3o Fernando Haddad (PT), para retirar cerca de 62 mil toneladas de lixo por ano dos aterros, onde o processo de decomposi\u00e7\u00e3o dos res\u00edduos provoca 20 vezes mais efeito estufa. <\/p>\n<p>&#8220;Hoje, 53% do lixo coletado na cidade \u00e9 org\u00e2nico e n\u00f3s n\u00e3o fazemos nada para aproveit\u00e1-lo. Nas feiras, quase tudo que \u00e9 descartado pode virar composto e dar vida ao solo em vez de ir para o aterro e produzir g\u00e1s metano&#8221;, disse a agr\u00f4noma L\u00facia Salles Fran\u00e7a Pinto, coordenadora do projeto. A ideia \u00e9 que em breve podas de \u00e1rvores tamb\u00e9m sejam compostadas. <\/p>\n<p>Segundo o secret\u00e1rio municipal de Servi\u00e7os, Sim\u00e3o Pedro, quatro centrais de compostagem ser\u00e3o criadas na cidade at\u00e9 2016. Cada uma deve custar cerca de R$ 500 mil por m\u00eas, valor equivalente ao que a Prefeitura paga hoje para enterrar o lixo das feiras no aterro. <\/p>\n<p>&#8220;Vamos construir um card\u00e1pio de solu\u00e7\u00f5es de coleta e tratamento de res\u00edduos, ajudar pequenos produtores rurais com insumos, diminuir o lixo transportado e aumentar a vida \u00fatil dos aterros&#8221;, disse Sim\u00e3o Pedro, que estima uma economia de 30% na limpeza das feiras. <\/p>\n<p>Na rua. Na feira da Rua Ursa Menor, em S\u00e3o Mateus, o projeto tem contado com a ajuda dos feirantes, que j\u00e1 descartam os restos de frutas e verduras nas caixas ou ca\u00e7ambas que ir\u00e3o para a compostagem, reduzindo o lixo acumulado no ch\u00e3o. &#8220;Agora, se chover fica mais dif\u00edcil de o lixo descer a rua e entupir os bueiros&#8221;, contou Hulk, apelido do gari Eduardo, que trabalha h\u00e1 19 anos na feira livre. <\/p>\n<p>Dos oito garis que varrem cada feira, a Prefeitura pretende transformar dois em agentes ambientais. Ser\u00e3o eles que v\u00e3o acompanhar a coleta das ca\u00e7ambas, o transporte at\u00e9 a central de compostagem e a montagem das leiras, onde res\u00edduos org\u00e2nicos s\u00e3o misturados \u00e0s serragens para virar composto. <\/p>\n<p>No caso de S\u00e3o Mateus, o adubo \u00e9 feito num terreno vizinho ao pr\u00e9dio da subprefeitura, que estava abandonado. Segundo L\u00facia, o espa\u00e7o comporta o lixo de at\u00e9 seis das 38 feiras de S\u00e3o Mateus. &#8220;Outras quatro subprefeituras j\u00e1 nos procuraram interessadas em fazer a compostagem. Com isso, os caminh\u00f5es v\u00e3o andar menos pela cidade&#8221;, afirmou.<\/p>\n<p><b>Autor: O Estado de S.Paulo<\/b><\/p>\n","protected":false},"excerpt":{"rendered":"<p>Prefeitura projeta tirar dos aterros 62 mil toneladas de res\u00edduos org\u00e2nicos por ano<\/p>\n","protected":false},"author":1,"featured_media":0,"comment_status":"open","ping_status":"open","sticky":false,"template":"","format":"standard","meta":{"footnotes":""},"categories":[31,6],"tags":[],"class_list":{"0":"post-24009","1":"post","2":"type-post","3":"status-publish","4":"format-standard","6":"category-meio-ambiente","7":"category-noticias"},"yoast_head":"<!-- This site is optimized with the Yoast SEO plugin v27.2 - https:\/\/yoast.com\/product\/yoast-seo-wordpress\/ -->\n<title>Lixo de feira come\u00e7a a virar adubo na capital - Instituto de Engenharia<\/title>\n<meta name=\"robots\" content=\"index, follow, max-snippet:-1, max-image-preview:large, max-video-preview:-1\" \/>\n<link rel=\"canonical\" href=\"https:\/\/www.institutodeengenharia.org.br\/site\/2013\/10\/07\/lixo-de-feira-comeca-a-virar-adubo-na-capital\/\" \/>\n<meta property=\"og:locale\" content=\"pt_BR\" \/>\n<meta property=\"og:type\" content=\"article\" \/>\n<meta property=\"og:title\" content=\"Lixo de feira come\u00e7a a virar adubo na capital - Instituto de Engenharia\" \/>\n<meta property=\"og:description\" content=\"Prefeitura projeta tirar dos aterros 62 mil toneladas de res\u00edduos org\u00e2nicos por ano\" \/>\n<meta property=\"og:url\" content=\"https:\/\/www.institutodeengenharia.org.br\/site\/2013\/10\/07\/lixo-de-feira-comeca-a-virar-adubo-na-capital\/\" \/>\n<meta property=\"og:site_name\" content=\"Instituto de Engenharia\" \/>\n<meta property=\"article:publisher\" content=\"https:\/\/www.facebook.com\/institutodeengenharia\" \/>\n<meta property=\"article:published_time\" content=\"2013-10-07T23:58:49+00:00\" \/>\n<meta name=\"author\" content=\"TMax Tecnologia\" \/>\n<meta name=\"twitter:card\" content=\"summary_large_image\" \/>\n<meta name=\"twitter:creator\" content=\"@iengenharia\" \/>\n<meta name=\"twitter:site\" content=\"@iengenharia\" \/>\n<meta name=\"twitter:label1\" content=\"Escrito por\" \/>\n\t<meta name=\"twitter:data1\" content=\"TMax Tecnologia\" \/>\n\t<meta name=\"twitter:label2\" content=\"Est. tempo de leitura\" \/>\n\t<meta name=\"twitter:data2\" content=\"2 minutos\" \/>\n<script type=\"application\/ld+json\" class=\"yoast-schema-graph\">{\"@context\":\"https:\/\/schema.org\",\"@graph\":[{\"@type\":\"Article\",\"@id\":\"https:\/\/www.institutodeengenharia.org.br\/site\/2013\/10\/07\/lixo-de-feira-comeca-a-virar-adubo-na-capital\/#article\",\"isPartOf\":{\"@id\":\"https:\/\/www.institutodeengenharia.org.br\/site\/2013\/10\/07\/lixo-de-feira-comeca-a-virar-adubo-na-capital\/\"},\"author\":{\"name\":\"TMax Tecnologia\",\"@id\":\"https:\/\/www.institutodeengenharia.org.br\/site\/#\/schema\/person\/3b1ff109facef084739fc2edcb9a127f\"},\"headline\":\"Lixo de feira come\u00e7a a virar adubo na capital\",\"datePublished\":\"2013-10-07T23:58:49+00:00\",\"mainEntityOfPage\":{\"@id\":\"https:\/\/www.institutodeengenharia.org.br\/site\/2013\/10\/07\/lixo-de-feira-comeca-a-virar-adubo-na-capital\/\"},\"wordCount\":488,\"commentCount\":0,\"publisher\":{\"@id\":\"https:\/\/www.institutodeengenharia.org.br\/site\/#organization\"},\"articleSection\":[\"Meio Ambiente\",\"Not\u00edcias\"],\"inLanguage\":\"pt-BR\",\"potentialAction\":[{\"@type\":\"CommentAction\",\"name\":\"Comment\",\"target\":[\"https:\/\/www.institutodeengenharia.org.br\/site\/2013\/10\/07\/lixo-de-feira-comeca-a-virar-adubo-na-capital\/#respond\"]}]},{\"@type\":\"WebPage\",\"@id\":\"https:\/\/www.institutodeengenharia.org.br\/site\/2013\/10\/07\/lixo-de-feira-comeca-a-virar-adubo-na-capital\/\",\"url\":\"https:\/\/www.institutodeengenharia.org.br\/site\/2013\/10\/07\/lixo-de-feira-comeca-a-virar-adubo-na-capital\/\",\"name\":\"Lixo de feira come\u00e7a a virar adubo na capital - Instituto de Engenharia\",\"isPartOf\":{\"@id\":\"https:\/\/www.institutodeengenharia.org.br\/site\/#website\"},\"datePublished\":\"2013-10-07T23:58:49+00:00\",\"breadcrumb\":{\"@id\":\"https:\/\/www.institutodeengenharia.org.br\/site\/2013\/10\/07\/lixo-de-feira-comeca-a-virar-adubo-na-capital\/#breadcrumb\"},\"inLanguage\":\"pt-BR\",\"potentialAction\":[{\"@type\":\"ReadAction\",\"target\":[\"https:\/\/www.institutodeengenharia.org.br\/site\/2013\/10\/07\/lixo-de-feira-comeca-a-virar-adubo-na-capital\/\"]}]},{\"@type\":\"BreadcrumbList\",\"@id\":\"https:\/\/www.institutodeengenharia.org.br\/site\/2013\/10\/07\/lixo-de-feira-comeca-a-virar-adubo-na-capital\/#breadcrumb\",\"itemListElement\":[{\"@type\":\"ListItem\",\"position\":1,\"name\":\"In\u00edcio\",\"item\":\"https:\/\/www.institutodeengenharia.org.br\/site\/\"},{\"@type\":\"ListItem\",\"position\":2,\"name\":\"Lixo de feira come\u00e7a a virar adubo na capital\"}]},{\"@type\":\"WebSite\",\"@id\":\"https:\/\/www.institutodeengenharia.org.br\/site\/#website\",\"url\":\"https:\/\/www.institutodeengenharia.org.br\/site\/\",\"name\":\"Instituto de Engenharia\",\"description\":\"O Instituto de Engenharia promove a Engenharia em benef\u00edcio do desenvolvimento e da qualidade de vida da sociedade.\",\"publisher\":{\"@id\":\"https:\/\/www.institutodeengenharia.org.br\/site\/#organization\"},\"potentialAction\":[{\"@type\":\"SearchAction\",\"target\":{\"@type\":\"EntryPoint\",\"urlTemplate\":\"https:\/\/www.institutodeengenharia.org.br\/site\/?s={search_term_string}\"},\"query-input\":{\"@type\":\"PropertyValueSpecification\",\"valueRequired\":true,\"valueName\":\"search_term_string\"}}],\"inLanguage\":\"pt-BR\"},{\"@type\":\"Organization\",\"@id\":\"https:\/\/www.institutodeengenharia.org.br\/site\/#organization\",\"name\":\"Instituto de Engenharia\",\"url\":\"https:\/\/www.institutodeengenharia.org.br\/site\/\",\"logo\":{\"@type\":\"ImageObject\",\"inLanguage\":\"pt-BR\",\"@id\":\"https:\/\/www.institutodeengenharia.org.br\/site\/#\/schema\/logo\/image\/\",\"url\":\"https:\/\/www.institutodeengenharia.org.br\/site\/wp-content\/uploads\/2019\/03\/logo-novo-IE2018-1.jpg\",\"contentUrl\":\"https:\/\/www.institutodeengenharia.org.br\/site\/wp-content\/uploads\/2019\/03\/logo-novo-IE2018-1.jpg\",\"width\":1486,\"height\":1879,\"caption\":\"Instituto de Engenharia\"},\"image\":{\"@id\":\"https:\/\/www.institutodeengenharia.org.br\/site\/#\/schema\/logo\/image\/\"},\"sameAs\":[\"https:\/\/www.facebook.com\/institutodeengenharia\",\"https:\/\/x.com\/iengenharia\",\"https:\/\/www.instagram.com\/institutodeengenharia\/\",\"https:\/\/www.linkedin.com\/company\/instituto-de-engenharia\/\",\"https:\/\/www.youtube.com\/channel\/UCXiCAlsSMe977vamW915HxA\"]},{\"@type\":\"Person\",\"@id\":\"https:\/\/www.institutodeengenharia.org.br\/site\/#\/schema\/person\/3b1ff109facef084739fc2edcb9a127f\",\"name\":\"TMax Tecnologia\",\"image\":{\"@type\":\"ImageObject\",\"inLanguage\":\"pt-BR\",\"@id\":\"https:\/\/secure.gravatar.com\/avatar\/f912434ef7f389c92cb311fcdae346af848465d638912574b3c669070f797701?s=96&d=mm&r=g\",\"url\":\"https:\/\/secure.gravatar.com\/avatar\/f912434ef7f389c92cb311fcdae346af848465d638912574b3c669070f797701?s=96&d=mm&r=g\",\"contentUrl\":\"https:\/\/secure.gravatar.com\/avatar\/f912434ef7f389c92cb311fcdae346af848465d638912574b3c669070f797701?s=96&d=mm&r=g\",\"caption\":\"TMax Tecnologia\"},\"url\":\"https:\/\/www.institutodeengenharia.org.br\/site\/author\/tmax\/\"}]}<\/script>\n<!-- \/ Yoast SEO plugin. -->","yoast_head_json":{"title":"Lixo de feira come\u00e7a a virar adubo na capital - Instituto de Engenharia","robots":{"index":"index","follow":"follow","max-snippet":"max-snippet:-1","max-image-preview":"max-image-preview:large","max-video-preview":"max-video-preview:-1"},"canonical":"https:\/\/www.institutodeengenharia.org.br\/site\/2013\/10\/07\/lixo-de-feira-comeca-a-virar-adubo-na-capital\/","og_locale":"pt_BR","og_type":"article","og_title":"Lixo de feira come\u00e7a a virar adubo na capital - Instituto de Engenharia","og_description":"Prefeitura projeta tirar dos aterros 62 mil toneladas de res\u00edduos org\u00e2nicos por ano","og_url":"https:\/\/www.institutodeengenharia.org.br\/site\/2013\/10\/07\/lixo-de-feira-comeca-a-virar-adubo-na-capital\/","og_site_name":"Instituto de Engenharia","article_publisher":"https:\/\/www.facebook.com\/institutodeengenharia","article_published_time":"2013-10-07T23:58:49+00:00","author":"TMax Tecnologia","twitter_card":"summary_large_image","twitter_creator":"@iengenharia","twitter_site":"@iengenharia","twitter_misc":{"Escrito por":"TMax Tecnologia","Est. tempo de leitura":"2 minutos"},"schema":{"@context":"https:\/\/schema.org","@graph":[{"@type":"Article","@id":"https:\/\/www.institutodeengenharia.org.br\/site\/2013\/10\/07\/lixo-de-feira-comeca-a-virar-adubo-na-capital\/#article","isPartOf":{"@id":"https:\/\/www.institutodeengenharia.org.br\/site\/2013\/10\/07\/lixo-de-feira-comeca-a-virar-adubo-na-capital\/"},"author":{"name":"TMax Tecnologia","@id":"https:\/\/www.institutodeengenharia.org.br\/site\/#\/schema\/person\/3b1ff109facef084739fc2edcb9a127f"},"headline":"Lixo de feira come\u00e7a a virar adubo na capital","datePublished":"2013-10-07T23:58:49+00:00","mainEntityOfPage":{"@id":"https:\/\/www.institutodeengenharia.org.br\/site\/2013\/10\/07\/lixo-de-feira-comeca-a-virar-adubo-na-capital\/"},"wordCount":488,"commentCount":0,"publisher":{"@id":"https:\/\/www.institutodeengenharia.org.br\/site\/#organization"},"articleSection":["Meio Ambiente","Not\u00edcias"],"inLanguage":"pt-BR","potentialAction":[{"@type":"CommentAction","name":"Comment","target":["https:\/\/www.institutodeengenharia.org.br\/site\/2013\/10\/07\/lixo-de-feira-comeca-a-virar-adubo-na-capital\/#respond"]}]},{"@type":"WebPage","@id":"https:\/\/www.institutodeengenharia.org.br\/site\/2013\/10\/07\/lixo-de-feira-comeca-a-virar-adubo-na-capital\/","url":"https:\/\/www.institutodeengenharia.org.br\/site\/2013\/10\/07\/lixo-de-feira-comeca-a-virar-adubo-na-capital\/","name":"Lixo de feira come\u00e7a a virar adubo na capital - Instituto de Engenharia","isPartOf":{"@id":"https:\/\/www.institutodeengenharia.org.br\/site\/#website"},"datePublished":"2013-10-07T23:58:49+00:00","breadcrumb":{"@id":"https:\/\/www.institutodeengenharia.org.br\/site\/2013\/10\/07\/lixo-de-feira-comeca-a-virar-adubo-na-capital\/#breadcrumb"},"inLanguage":"pt-BR","potentialAction":[{"@type":"ReadAction","target":["https:\/\/www.institutodeengenharia.org.br\/site\/2013\/10\/07\/lixo-de-feira-comeca-a-virar-adubo-na-capital\/"]}]},{"@type":"BreadcrumbList","@id":"https:\/\/www.institutodeengenharia.org.br\/site\/2013\/10\/07\/lixo-de-feira-comeca-a-virar-adubo-na-capital\/#breadcrumb","itemListElement":[{"@type":"ListItem","position":1,"name":"In\u00edcio","item":"https:\/\/www.institutodeengenharia.org.br\/site\/"},{"@type":"ListItem","position":2,"name":"Lixo de feira come\u00e7a a virar adubo na capital"}]},{"@type":"WebSite","@id":"https:\/\/www.institutodeengenharia.org.br\/site\/#website","url":"https:\/\/www.institutodeengenharia.org.br\/site\/","name":"Instituto de Engenharia","description":"O Instituto de Engenharia promove a Engenharia em benef\u00edcio do desenvolvimento e da qualidade de vida da sociedade.","publisher":{"@id":"https:\/\/www.institutodeengenharia.org.br\/site\/#organization"},"potentialAction":[{"@type":"SearchAction","target":{"@type":"EntryPoint","urlTemplate":"https:\/\/www.institutodeengenharia.org.br\/site\/?s={search_term_string}"},"query-input":{"@type":"PropertyValueSpecification","valueRequired":true,"valueName":"search_term_string"}}],"inLanguage":"pt-BR"},{"@type":"Organization","@id":"https:\/\/www.institutodeengenharia.org.br\/site\/#organization","name":"Instituto de Engenharia","url":"https:\/\/www.institutodeengenharia.org.br\/site\/","logo":{"@type":"ImageObject","inLanguage":"pt-BR","@id":"https:\/\/www.institutodeengenharia.org.br\/site\/#\/schema\/logo\/image\/","url":"https:\/\/www.institutodeengenharia.org.br\/site\/wp-content\/uploads\/2019\/03\/logo-novo-IE2018-1.jpg","contentUrl":"https:\/\/www.institutodeengenharia.org.br\/site\/wp-content\/uploads\/2019\/03\/logo-novo-IE2018-1.jpg","width":1486,"height":1879,"caption":"Instituto de Engenharia"},"image":{"@id":"https:\/\/www.institutodeengenharia.org.br\/site\/#\/schema\/logo\/image\/"},"sameAs":["https:\/\/www.facebook.com\/institutodeengenharia","https:\/\/x.com\/iengenharia","https:\/\/www.instagram.com\/institutodeengenharia\/","https:\/\/www.linkedin.com\/company\/instituto-de-engenharia\/","https:\/\/www.youtube.com\/channel\/UCXiCAlsSMe977vamW915HxA"]},{"@type":"Person","@id":"https:\/\/www.institutodeengenharia.org.br\/site\/#\/schema\/person\/3b1ff109facef084739fc2edcb9a127f","name":"TMax Tecnologia","image":{"@type":"ImageObject","inLanguage":"pt-BR","@id":"https:\/\/secure.gravatar.com\/avatar\/f912434ef7f389c92cb311fcdae346af848465d638912574b3c669070f797701?s=96&d=mm&r=g","url":"https:\/\/secure.gravatar.com\/avatar\/f912434ef7f389c92cb311fcdae346af848465d638912574b3c669070f797701?s=96&d=mm&r=g","contentUrl":"https:\/\/secure.gravatar.com\/avatar\/f912434ef7f389c92cb311fcdae346af848465d638912574b3c669070f797701?s=96&d=mm&r=g","caption":"TMax Tecnologia"},"url":"https:\/\/www.institutodeengenharia.org.br\/site\/author\/tmax\/"}]}},"_links":{"self":[{"href":"https:\/\/www.institutodeengenharia.org.br\/site\/wp-json\/wp\/v2\/posts\/24009","targetHints":{"allow":["GET"]}}],"collection":[{"href":"https:\/\/www.institutodeengenharia.org.br\/site\/wp-json\/wp\/v2\/posts"}],"about":[{"href":"https:\/\/www.institutodeengenharia.org.br\/site\/wp-json\/wp\/v2\/types\/post"}],"author":[{"embeddable":true,"href":"https:\/\/www.institutodeengenharia.org.br\/site\/wp-json\/wp\/v2\/users\/1"}],"replies":[{"embeddable":true,"href":"https:\/\/www.institutodeengenharia.org.br\/site\/wp-json\/wp\/v2\/comments?post=24009"}],"version-history":[{"count":0,"href":"https:\/\/www.institutodeengenharia.org.br\/site\/wp-json\/wp\/v2\/posts\/24009\/revisions"}],"wp:attachment":[{"href":"https:\/\/www.institutodeengenharia.org.br\/site\/wp-json\/wp\/v2\/media?parent=24009"}],"wp:term":[{"taxonomy":"category","embeddable":true,"href":"https:\/\/www.institutodeengenharia.org.br\/site\/wp-json\/wp\/v2\/categories?post=24009"},{"taxonomy":"post_tag","embeddable":true,"href":"https:\/\/www.institutodeengenharia.org.br\/site\/wp-json\/wp\/v2\/tags?post=24009"}],"curies":[{"name":"wp","href":"https:\/\/api.w.org\/{rel}","templated":true}]}}