{"id":23997,"date":"2013-10-01T23:58:37","date_gmt":"2013-10-01T23:58:37","guid":{"rendered":"https:\/\/www.institutodeengenharia.org.br\/?p=23997"},"modified":"2013-10-01T15:23:35","modified_gmt":"2013-10-01T15:23:35","slug":"um-tour-pelo-palco-da-abertura-da-copa-a-tres-meses-da-entrega","status":"publish","type":"post","link":"https:\/\/www.institutodeengenharia.org.br\/site\/2013\/10\/01\/um-tour-pelo-palco-da-abertura-da-copa-a-tres-meses-da-entrega\/","title":{"rendered":"Um tour pelo palco da abertura da Copa, a tr\u00eas meses da entrega"},"content":{"rendered":"<p><object data=\"http:\/\/www.bbc.co.uk\/emp\/worldwide\/player.swf\" width=\"640\" height=\"360\" type=\"application\/x-shockwave-flash\"><param name=\"movie\" value=\"http:\/\/www.bbc.co.uk\/emp\/worldwide\/player.swf\" \/><param name=\"quality\" value=\"high\" \/><param name=\"wmode\" value=\"default\" \/><param name=\"allowFullScreen\" value=\"true\" \/><param name=\"allowScriptAccess\" value=\"always\" \/><param name=\"flashvars\" value=\"playlist=http:\/\/www.bbc.co.uk\/portuguese\/meta\/dps\/2013\/09\/emp\/130927_video_arena_corinthians_rm_cc.emp.xml&amp;config=http:\/\/www.bbc.co.uk\/worldservice\/scripts\/core\/2\/emp_jsapi_config.xml?500&amp;uxHighlightColour=0xff0000&amp;config_settings_showPopoutButton=true&amp;config_settings_displayMode=standard&amp;config_settings_autoPlay=true&amp;domId=emp-27323763&amp;mediatorHref=http:\/\/open.live.bbc.co.uk\/mediaselector\/5\/select\/version\/2.0\/mediaset\/journalism-pc\/transferformat\/plain\/vpid\/{id}&amp;config_settings_showFooter=false&amp;config_settings_language=pt&amp;embedReferer=http:\/\/www.bbc.co.uk\/portuguese\/&amp;relatedLinksCarousel=true&amp;messagesFileUrl=http:\/\/www.bbc.co.uk\/worldservice\/emp\/3\/vocab\/pt.xml&amp;embedPageUrl=http:\/\/www.bbc.co.uk\/portuguese\/noticias\/2013\/09\/130927_video_arena_corinthians_rm_cc.shtml&amp;config.plugins.fmtjLiveStats.pageType=t2_eav1_Started&amp;showShareButton=true&amp;config_settings_autoPlay=false\" \/><\/object>Em maio deste ano, quando a entidade m\u00e1xima do futebol mundial fez seu alerta, os respons\u00e1veis pela constru\u00e7\u00e3o da Arena Corinthians diziam que 75% das obras estavam conclu\u00eddas. Na \u00e9poca, a Fifa chegou at\u00e9 a considerar a possibilidade de tir\u00e1-la da abertura da Copa do Mundo, em 12 de junho de 2014.<\/p>\n<p>Esta hip\u00f3tese, no entanto, foi totalmente descartada pelo pr\u00f3prio secret\u00e1rio-geral da entidade, J\u00e9r\u00f4me Valcke, na \u00faltima visita oficial feita ao est\u00e1dio, em meados de agosto.&nbsp;<\/p>\n<p>A BBC Brasil esteve no bairro de Itaquera (zona leste da capital paulista) para acompanhar a evolu\u00e7\u00e3o das obras neste m\u00eas e fez um tour pelo est\u00e1dio guiado pelo engenheiro e gerente administrativo e comercial da Arena Corinthians, Ricardo Corregio. Ele apresentou \u00e0 reportagem cada detalhe do futuro palco da abertura do Mundial.&nbsp;<\/p>\n<p>Atualmente, segundo os respons\u00e1veis, a obra est\u00e1 89% conclu\u00edda e vai entrar agora na fase final da constru\u00e7\u00e3o. O gramado j\u00e1 foi plantado no local, a fachada da \u00e1rea leste do est\u00e1dio ficou pronta e at\u00e9 algumas cadeiras j\u00e1 foram fixadas nas arquibancadas.&nbsp;<\/p>\n<p>Do que ainda resta ser feito, a cobertura \u00e9 a parte mais trabalhosa. Segundo Corregio, \u00e9 por conta dela que o prazo final para a entrega da obra se mant\u00e9m no dia 31 de dezembro deste ano.<\/p>\n<p><b>Autor: BBC<\/b><\/p>\n","protected":false},"excerpt":{"rendered":"<p>Se quatro meses atr\u00e1s at\u00e9 a Fifa duvidava que a Arena Corinthians pudesse ficar pronta no final deste ano, hoje ela pr\u00f3pria reconhece que as obras em S\u00e3o Paulo s\u00e3o as mais avan\u00e7adas entre todos os \u00faltimos seis est\u00e1dios a serem entregues para a Copa do Mundo.<\/p>\n","protected":false},"author":1,"featured_media":0,"comment_status":"open","ping_status":"open","sticky":false,"template":"","format":"standard","meta":{"footnotes":""},"categories":[10,6],"tags":[],"class_list":{"0":"post-23997","1":"post","2":"type-post","3":"status-publish","4":"format-standard","6":"category-copa-2014","7":"category-noticias"},"yoast_head":"<!-- This site is optimized with the Yoast SEO plugin v27.2 - https:\/\/yoast.com\/product\/yoast-seo-wordpress\/ -->\n<title>Um tour pelo palco da abertura da Copa, a tr\u00eas meses da entrega - Instituto de Engenharia<\/title>\n<meta name=\"robots\" content=\"index, follow, max-snippet:-1, max-image-preview:large, max-video-preview:-1\" \/>\n<link rel=\"canonical\" href=\"https:\/\/www.institutodeengenharia.org.br\/site\/2013\/10\/01\/um-tour-pelo-palco-da-abertura-da-copa-a-tres-meses-da-entrega\/\" \/>\n<meta property=\"og:locale\" content=\"pt_BR\" \/>\n<meta property=\"og:type\" content=\"article\" \/>\n<meta property=\"og:title\" content=\"Um tour pelo palco da abertura da Copa, a tr\u00eas meses da entrega - Instituto de Engenharia\" \/>\n<meta property=\"og:description\" content=\"Se quatro meses atr\u00e1s at\u00e9 a Fifa duvidava que a Arena Corinthians pudesse ficar pronta no final deste ano, hoje ela pr\u00f3pria reconhece que as obras em S\u00e3o Paulo s\u00e3o as mais avan\u00e7adas entre todos os \u00faltimos seis est\u00e1dios a serem entregues para a Copa do Mundo.\" \/>\n<meta property=\"og:url\" content=\"https:\/\/www.institutodeengenharia.org.br\/site\/2013\/10\/01\/um-tour-pelo-palco-da-abertura-da-copa-a-tres-meses-da-entrega\/\" \/>\n<meta property=\"og:site_name\" content=\"Instituto de Engenharia\" \/>\n<meta property=\"article:publisher\" content=\"https:\/\/www.facebook.com\/institutodeengenharia\" \/>\n<meta property=\"article:published_time\" content=\"2013-10-01T23:58:37+00:00\" \/>\n<meta name=\"author\" content=\"TMax Tecnologia\" \/>\n<meta name=\"twitter:card\" content=\"summary_large_image\" \/>\n<meta name=\"twitter:creator\" content=\"@iengenharia\" \/>\n<meta name=\"twitter:site\" content=\"@iengenharia\" \/>\n<meta name=\"twitter:label1\" content=\"Escrito por\" \/>\n\t<meta name=\"twitter:data1\" content=\"TMax Tecnologia\" \/>\n\t<meta name=\"twitter:label2\" content=\"Est. tempo de leitura\" \/>\n\t<meta name=\"twitter:data2\" content=\"1 minuto\" \/>\n<script type=\"application\/ld+json\" class=\"yoast-schema-graph\">{\"@context\":\"https:\/\/schema.org\",\"@graph\":[{\"@type\":\"Article\",\"@id\":\"https:\/\/www.institutodeengenharia.org.br\/site\/2013\/10\/01\/um-tour-pelo-palco-da-abertura-da-copa-a-tres-meses-da-entrega\/#article\",\"isPartOf\":{\"@id\":\"https:\/\/www.institutodeengenharia.org.br\/site\/2013\/10\/01\/um-tour-pelo-palco-da-abertura-da-copa-a-tres-meses-da-entrega\/\"},\"author\":{\"name\":\"TMax Tecnologia\",\"@id\":\"https:\/\/www.institutodeengenharia.org.br\/site\/#\/schema\/person\/3b1ff109facef084739fc2edcb9a127f\"},\"headline\":\"Um tour pelo palco da abertura da Copa, a tr\u00eas meses da entrega\",\"datePublished\":\"2013-10-01T23:58:37+00:00\",\"mainEntityOfPage\":{\"@id\":\"https:\/\/www.institutodeengenharia.org.br\/site\/2013\/10\/01\/um-tour-pelo-palco-da-abertura-da-copa-a-tres-meses-da-entrega\/\"},\"wordCount\":240,\"commentCount\":0,\"publisher\":{\"@id\":\"https:\/\/www.institutodeengenharia.org.br\/site\/#organization\"},\"articleSection\":[\"Copa 2014\",\"Not\u00edcias\"],\"inLanguage\":\"pt-BR\",\"potentialAction\":[{\"@type\":\"CommentAction\",\"name\":\"Comment\",\"target\":[\"https:\/\/www.institutodeengenharia.org.br\/site\/2013\/10\/01\/um-tour-pelo-palco-da-abertura-da-copa-a-tres-meses-da-entrega\/#respond\"]}]},{\"@type\":\"WebPage\",\"@id\":\"https:\/\/www.institutodeengenharia.org.br\/site\/2013\/10\/01\/um-tour-pelo-palco-da-abertura-da-copa-a-tres-meses-da-entrega\/\",\"url\":\"https:\/\/www.institutodeengenharia.org.br\/site\/2013\/10\/01\/um-tour-pelo-palco-da-abertura-da-copa-a-tres-meses-da-entrega\/\",\"name\":\"Um tour pelo palco da abertura da Copa, a tr\u00eas meses da entrega - Instituto de Engenharia\",\"isPartOf\":{\"@id\":\"https:\/\/www.institutodeengenharia.org.br\/site\/#website\"},\"datePublished\":\"2013-10-01T23:58:37+00:00\",\"breadcrumb\":{\"@id\":\"https:\/\/www.institutodeengenharia.org.br\/site\/2013\/10\/01\/um-tour-pelo-palco-da-abertura-da-copa-a-tres-meses-da-entrega\/#breadcrumb\"},\"inLanguage\":\"pt-BR\",\"potentialAction\":[{\"@type\":\"ReadAction\",\"target\":[\"https:\/\/www.institutodeengenharia.org.br\/site\/2013\/10\/01\/um-tour-pelo-palco-da-abertura-da-copa-a-tres-meses-da-entrega\/\"]}]},{\"@type\":\"BreadcrumbList\",\"@id\":\"https:\/\/www.institutodeengenharia.org.br\/site\/2013\/10\/01\/um-tour-pelo-palco-da-abertura-da-copa-a-tres-meses-da-entrega\/#breadcrumb\",\"itemListElement\":[{\"@type\":\"ListItem\",\"position\":1,\"name\":\"In\u00edcio\",\"item\":\"https:\/\/www.institutodeengenharia.org.br\/site\/\"},{\"@type\":\"ListItem\",\"position\":2,\"name\":\"Um tour pelo palco da abertura da Copa, a tr\u00eas meses da entrega\"}]},{\"@type\":\"WebSite\",\"@id\":\"https:\/\/www.institutodeengenharia.org.br\/site\/#website\",\"url\":\"https:\/\/www.institutodeengenharia.org.br\/site\/\",\"name\":\"Instituto de Engenharia\",\"description\":\"O Instituto de Engenharia promove a Engenharia em benef\u00edcio do desenvolvimento e da qualidade de vida da sociedade.\",\"publisher\":{\"@id\":\"https:\/\/www.institutodeengenharia.org.br\/site\/#organization\"},\"potentialAction\":[{\"@type\":\"SearchAction\",\"target\":{\"@type\":\"EntryPoint\",\"urlTemplate\":\"https:\/\/www.institutodeengenharia.org.br\/site\/?s={search_term_string}\"},\"query-input\":{\"@type\":\"PropertyValueSpecification\",\"valueRequired\":true,\"valueName\":\"search_term_string\"}}],\"inLanguage\":\"pt-BR\"},{\"@type\":\"Organization\",\"@id\":\"https:\/\/www.institutodeengenharia.org.br\/site\/#organization\",\"name\":\"Instituto de Engenharia\",\"url\":\"https:\/\/www.institutodeengenharia.org.br\/site\/\",\"logo\":{\"@type\":\"ImageObject\",\"inLanguage\":\"pt-BR\",\"@id\":\"https:\/\/www.institutodeengenharia.org.br\/site\/#\/schema\/logo\/image\/\",\"url\":\"https:\/\/www.institutodeengenharia.org.br\/site\/wp-content\/uploads\/2019\/03\/logo-novo-IE2018-1.jpg\",\"contentUrl\":\"https:\/\/www.institutodeengenharia.org.br\/site\/wp-content\/uploads\/2019\/03\/logo-novo-IE2018-1.jpg\",\"width\":1486,\"height\":1879,\"caption\":\"Instituto de Engenharia\"},\"image\":{\"@id\":\"https:\/\/www.institutodeengenharia.org.br\/site\/#\/schema\/logo\/image\/\"},\"sameAs\":[\"https:\/\/www.facebook.com\/institutodeengenharia\",\"https:\/\/x.com\/iengenharia\",\"https:\/\/www.instagram.com\/institutodeengenharia\/\",\"https:\/\/www.linkedin.com\/company\/instituto-de-engenharia\/\",\"https:\/\/www.youtube.com\/channel\/UCXiCAlsSMe977vamW915HxA\"]},{\"@type\":\"Person\",\"@id\":\"https:\/\/www.institutodeengenharia.org.br\/site\/#\/schema\/person\/3b1ff109facef084739fc2edcb9a127f\",\"name\":\"TMax Tecnologia\",\"image\":{\"@type\":\"ImageObject\",\"inLanguage\":\"pt-BR\",\"@id\":\"https:\/\/secure.gravatar.com\/avatar\/f912434ef7f389c92cb311fcdae346af848465d638912574b3c669070f797701?s=96&d=mm&r=g\",\"url\":\"https:\/\/secure.gravatar.com\/avatar\/f912434ef7f389c92cb311fcdae346af848465d638912574b3c669070f797701?s=96&d=mm&r=g\",\"contentUrl\":\"https:\/\/secure.gravatar.com\/avatar\/f912434ef7f389c92cb311fcdae346af848465d638912574b3c669070f797701?s=96&d=mm&r=g\",\"caption\":\"TMax Tecnologia\"},\"url\":\"https:\/\/www.institutodeengenharia.org.br\/site\/author\/tmax\/\"}]}<\/script>\n<!-- \/ Yoast SEO plugin. -->","yoast_head_json":{"title":"Um tour pelo palco da abertura da Copa, a tr\u00eas meses da entrega - Instituto de Engenharia","robots":{"index":"index","follow":"follow","max-snippet":"max-snippet:-1","max-image-preview":"max-image-preview:large","max-video-preview":"max-video-preview:-1"},"canonical":"https:\/\/www.institutodeengenharia.org.br\/site\/2013\/10\/01\/um-tour-pelo-palco-da-abertura-da-copa-a-tres-meses-da-entrega\/","og_locale":"pt_BR","og_type":"article","og_title":"Um tour pelo palco da abertura da Copa, a tr\u00eas meses da entrega - Instituto de Engenharia","og_description":"Se quatro meses atr\u00e1s at\u00e9 a Fifa duvidava que a Arena Corinthians pudesse ficar pronta no final deste ano, hoje ela pr\u00f3pria reconhece que as obras em S\u00e3o Paulo s\u00e3o as mais avan\u00e7adas entre todos os \u00faltimos seis est\u00e1dios a serem entregues para a Copa do Mundo.","og_url":"https:\/\/www.institutodeengenharia.org.br\/site\/2013\/10\/01\/um-tour-pelo-palco-da-abertura-da-copa-a-tres-meses-da-entrega\/","og_site_name":"Instituto de Engenharia","article_publisher":"https:\/\/www.facebook.com\/institutodeengenharia","article_published_time":"2013-10-01T23:58:37+00:00","author":"TMax Tecnologia","twitter_card":"summary_large_image","twitter_creator":"@iengenharia","twitter_site":"@iengenharia","twitter_misc":{"Escrito por":"TMax Tecnologia","Est. tempo de leitura":"1 minuto"},"schema":{"@context":"https:\/\/schema.org","@graph":[{"@type":"Article","@id":"https:\/\/www.institutodeengenharia.org.br\/site\/2013\/10\/01\/um-tour-pelo-palco-da-abertura-da-copa-a-tres-meses-da-entrega\/#article","isPartOf":{"@id":"https:\/\/www.institutodeengenharia.org.br\/site\/2013\/10\/01\/um-tour-pelo-palco-da-abertura-da-copa-a-tres-meses-da-entrega\/"},"author":{"name":"TMax Tecnologia","@id":"https:\/\/www.institutodeengenharia.org.br\/site\/#\/schema\/person\/3b1ff109facef084739fc2edcb9a127f"},"headline":"Um tour pelo palco da abertura da Copa, a tr\u00eas meses da entrega","datePublished":"2013-10-01T23:58:37+00:00","mainEntityOfPage":{"@id":"https:\/\/www.institutodeengenharia.org.br\/site\/2013\/10\/01\/um-tour-pelo-palco-da-abertura-da-copa-a-tres-meses-da-entrega\/"},"wordCount":240,"commentCount":0,"publisher":{"@id":"https:\/\/www.institutodeengenharia.org.br\/site\/#organization"},"articleSection":["Copa 2014","Not\u00edcias"],"inLanguage":"pt-BR","potentialAction":[{"@type":"CommentAction","name":"Comment","target":["https:\/\/www.institutodeengenharia.org.br\/site\/2013\/10\/01\/um-tour-pelo-palco-da-abertura-da-copa-a-tres-meses-da-entrega\/#respond"]}]},{"@type":"WebPage","@id":"https:\/\/www.institutodeengenharia.org.br\/site\/2013\/10\/01\/um-tour-pelo-palco-da-abertura-da-copa-a-tres-meses-da-entrega\/","url":"https:\/\/www.institutodeengenharia.org.br\/site\/2013\/10\/01\/um-tour-pelo-palco-da-abertura-da-copa-a-tres-meses-da-entrega\/","name":"Um tour pelo palco da abertura da Copa, a tr\u00eas meses da entrega - Instituto de Engenharia","isPartOf":{"@id":"https:\/\/www.institutodeengenharia.org.br\/site\/#website"},"datePublished":"2013-10-01T23:58:37+00:00","breadcrumb":{"@id":"https:\/\/www.institutodeengenharia.org.br\/site\/2013\/10\/01\/um-tour-pelo-palco-da-abertura-da-copa-a-tres-meses-da-entrega\/#breadcrumb"},"inLanguage":"pt-BR","potentialAction":[{"@type":"ReadAction","target":["https:\/\/www.institutodeengenharia.org.br\/site\/2013\/10\/01\/um-tour-pelo-palco-da-abertura-da-copa-a-tres-meses-da-entrega\/"]}]},{"@type":"BreadcrumbList","@id":"https:\/\/www.institutodeengenharia.org.br\/site\/2013\/10\/01\/um-tour-pelo-palco-da-abertura-da-copa-a-tres-meses-da-entrega\/#breadcrumb","itemListElement":[{"@type":"ListItem","position":1,"name":"In\u00edcio","item":"https:\/\/www.institutodeengenharia.org.br\/site\/"},{"@type":"ListItem","position":2,"name":"Um tour pelo palco da abertura da Copa, a tr\u00eas meses da entrega"}]},{"@type":"WebSite","@id":"https:\/\/www.institutodeengenharia.org.br\/site\/#website","url":"https:\/\/www.institutodeengenharia.org.br\/site\/","name":"Instituto de Engenharia","description":"O Instituto de Engenharia promove a Engenharia em benef\u00edcio do desenvolvimento e da qualidade de vida da sociedade.","publisher":{"@id":"https:\/\/www.institutodeengenharia.org.br\/site\/#organization"},"potentialAction":[{"@type":"SearchAction","target":{"@type":"EntryPoint","urlTemplate":"https:\/\/www.institutodeengenharia.org.br\/site\/?s={search_term_string}"},"query-input":{"@type":"PropertyValueSpecification","valueRequired":true,"valueName":"search_term_string"}}],"inLanguage":"pt-BR"},{"@type":"Organization","@id":"https:\/\/www.institutodeengenharia.org.br\/site\/#organization","name":"Instituto de Engenharia","url":"https:\/\/www.institutodeengenharia.org.br\/site\/","logo":{"@type":"ImageObject","inLanguage":"pt-BR","@id":"https:\/\/www.institutodeengenharia.org.br\/site\/#\/schema\/logo\/image\/","url":"https:\/\/www.institutodeengenharia.org.br\/site\/wp-content\/uploads\/2019\/03\/logo-novo-IE2018-1.jpg","contentUrl":"https:\/\/www.institutodeengenharia.org.br\/site\/wp-content\/uploads\/2019\/03\/logo-novo-IE2018-1.jpg","width":1486,"height":1879,"caption":"Instituto de Engenharia"},"image":{"@id":"https:\/\/www.institutodeengenharia.org.br\/site\/#\/schema\/logo\/image\/"},"sameAs":["https:\/\/www.facebook.com\/institutodeengenharia","https:\/\/x.com\/iengenharia","https:\/\/www.instagram.com\/institutodeengenharia\/","https:\/\/www.linkedin.com\/company\/instituto-de-engenharia\/","https:\/\/www.youtube.com\/channel\/UCXiCAlsSMe977vamW915HxA"]},{"@type":"Person","@id":"https:\/\/www.institutodeengenharia.org.br\/site\/#\/schema\/person\/3b1ff109facef084739fc2edcb9a127f","name":"TMax Tecnologia","image":{"@type":"ImageObject","inLanguage":"pt-BR","@id":"https:\/\/secure.gravatar.com\/avatar\/f912434ef7f389c92cb311fcdae346af848465d638912574b3c669070f797701?s=96&d=mm&r=g","url":"https:\/\/secure.gravatar.com\/avatar\/f912434ef7f389c92cb311fcdae346af848465d638912574b3c669070f797701?s=96&d=mm&r=g","contentUrl":"https:\/\/secure.gravatar.com\/avatar\/f912434ef7f389c92cb311fcdae346af848465d638912574b3c669070f797701?s=96&d=mm&r=g","caption":"TMax Tecnologia"},"url":"https:\/\/www.institutodeengenharia.org.br\/site\/author\/tmax\/"}]}},"_links":{"self":[{"href":"https:\/\/www.institutodeengenharia.org.br\/site\/wp-json\/wp\/v2\/posts\/23997","targetHints":{"allow":["GET"]}}],"collection":[{"href":"https:\/\/www.institutodeengenharia.org.br\/site\/wp-json\/wp\/v2\/posts"}],"about":[{"href":"https:\/\/www.institutodeengenharia.org.br\/site\/wp-json\/wp\/v2\/types\/post"}],"author":[{"embeddable":true,"href":"https:\/\/www.institutodeengenharia.org.br\/site\/wp-json\/wp\/v2\/users\/1"}],"replies":[{"embeddable":true,"href":"https:\/\/www.institutodeengenharia.org.br\/site\/wp-json\/wp\/v2\/comments?post=23997"}],"version-history":[{"count":0,"href":"https:\/\/www.institutodeengenharia.org.br\/site\/wp-json\/wp\/v2\/posts\/23997\/revisions"}],"wp:attachment":[{"href":"https:\/\/www.institutodeengenharia.org.br\/site\/wp-json\/wp\/v2\/media?parent=23997"}],"wp:term":[{"taxonomy":"category","embeddable":true,"href":"https:\/\/www.institutodeengenharia.org.br\/site\/wp-json\/wp\/v2\/categories?post=23997"},{"taxonomy":"post_tag","embeddable":true,"href":"https:\/\/www.institutodeengenharia.org.br\/site\/wp-json\/wp\/v2\/tags?post=23997"}],"curies":[{"name":"wp","href":"https:\/\/api.w.org\/{rel}","templated":true}]}}