{"id":23942,"date":"2013-09-16T23:57:49","date_gmt":"2013-09-16T23:57:49","guid":{"rendered":"https:\/\/www.institutodeengenharia.org.br\/?p=23942"},"modified":"2013-09-16T15:12:21","modified_gmt":"2013-09-16T15:12:21","slug":"metro-de-sp-estuda-o-uso-de-paineis-solares","status":"publish","type":"post","link":"https:\/\/www.institutodeengenharia.org.br\/site\/2013\/09\/16\/metro-de-sp-estuda-o-uso-de-paineis-solares\/","title":{"rendered":"Metr\u00f4 de SP estuda o uso de pain\u00e9is solares"},"content":{"rendered":"<p>Considerado um meio de transporte limpo, por exigir menos emiss\u00e3o de g\u00e1s carb\u00f4nico em seu consumo energ\u00e9tico, o metr\u00f4 pode tornar-se ainda mais &#8220;verde&#8221;, com a instala\u00e7\u00e3o de pain\u00e9is solares. A Companhia do Metropolitano de S\u00e3o Paulo (Metr\u00f4) vem estudando a ado\u00e7\u00e3o dessas placas nas esta\u00e7\u00f5es e nos p\u00e1tios de manuten\u00e7\u00e3o. Elas captam a radia\u00e7\u00e3o do sol e a transformam em eletricidade, reduzindo o consumo de energia convencional. <\/p>\n<p>Um projeto apresentado anteontem na 19.\u00aa Semana Metroferrovi\u00e1ria, evento na regi\u00e3o central da capital que reuniu empresas p\u00fablicas e privadas do setor, mostra que o Metr\u00f4 planeja colocar os pain\u00e9is fotovoltaicos em ao menos tr\u00eas esta\u00e7\u00f5es. Uma delas, a \u00c1gua Rasa, ainda ser\u00e1 constru\u00edda &#8211; na extens\u00e3o da Linha 2-Verde, na zona leste. N\u00e3o h\u00e1, por\u00e9m, estimativa de custos. <\/p>\n<p>O terminal de \u00f4nibus anexo a essa parada poder\u00e1 receber pain\u00e9is em uma \u00e1rea de 5,8 mil metros quadrados, no teto. Essa central deve gerar, na m\u00e9dia anual, 236 megawatts por hora, de acordo com as estimativas preliminares. <\/p>\n<p>Dois futuros p\u00e1tios de manobra e estacionamento de trens tamb\u00e9m v\u00eam sendo cogitados para ter as placas. Um deles, o P\u00e1tio Orat\u00f3rio, na Vila Prudente, zona leste, j\u00e1 est\u00e1 em constru\u00e7\u00e3o e passar\u00e1 a abrigar os trens do monotrilho da Linha 15-Prata no fim deste ano. O outro \u00e9 o Paulo Freire, na regi\u00e3o do Parque Novo Mundo, zona norte, da extens\u00e3o da Linha 2-Verde, que deve come\u00e7ar a ser constru\u00edda em 2014. <\/p>\n<p>Na mesma regi\u00e3o, a Esta\u00e7\u00e3o Vila Prudente, aberta em 2010, pode ganhar placas fotovoltaicas no telhado. Com um teto bem maior, a Esta\u00e7\u00e3o Palmeiras-Barra Funda, na Linha 3-Vermelha, na zona oeste, tamb\u00e9m \u00e9 pleiteada para ganhar os pain\u00e9is. Esses equipamentos, no Metr\u00f4 de S\u00e3o Paulo, n\u00e3o ser\u00e3o usados para a tra\u00e7\u00e3o dos trens, que precisa de muita eletricidade, mas para a ilumina\u00e7\u00e3o e para outros sistemas auxiliares das esta\u00e7\u00f5es e dos p\u00e1tios de manuten\u00e7\u00e3o. <\/p>\n<p>Longo prazo. O estudo, assinado pelos engenheiros Fabio Bernardes e La\u00e9rcio Monteiro e pelos arquitetos Ivan Piccoli e Massaru Saito, todos do Metr\u00f4, indica que, considerando &#8220;a compara\u00e7\u00e3o direta da tarifa de energia&#8221; que a empresa &#8220;paga no mercado livre, no momento&#8221;, parece n\u00e3o ser vantajoso o uso de energia solar &#8211; o Metr\u00f4 desembolsa cerca de 25% a menos por sua energia do que outros consumidores. <\/p>\n<p>Entretanto, o levantamento conclui que &#8220;deve ser fortemente considerado o atual cen\u00e1rio dos projetos da expans\u00e3o da rede para viabilizar um projeto-piloto que auxilie na eficaz defini\u00e7\u00e3o da aplicabilidade do sistema de aproveitamento de energia solar no Metr\u00f4&#8221;. A ideia de usar energia fotovoltaica em esta\u00e7\u00f5es de metr\u00f4 surgiu em Nova York, onde a tecnologia \u00e9 empregada desde 2005. <\/p>\n<p><b>Autor: O Estado de S.Paulo<\/b><\/p>\n","protected":false},"excerpt":{"rendered":"<p>Placas seriam adotadas em 2 p\u00e1tios de manobras e em 3 esta\u00e7\u00f5es: P\u00e1tio Orat\u00f3rio, Vila Prudente e Palmeiras-Barra Funda<\/p>\n","protected":false},"author":1,"featured_media":0,"comment_status":"open","ping_status":"open","sticky":false,"template":"","format":"standard","meta":{"footnotes":""},"categories":[31,6],"tags":[],"class_list":{"0":"post-23942","1":"post","2":"type-post","3":"status-publish","4":"format-standard","6":"category-meio-ambiente","7":"category-noticias"},"yoast_head":"<!-- This site is optimized with the Yoast SEO plugin v27.2 - https:\/\/yoast.com\/product\/yoast-seo-wordpress\/ -->\n<title>Metr\u00f4 de SP estuda o uso de pain\u00e9is solares - Instituto de Engenharia<\/title>\n<meta name=\"robots\" content=\"index, follow, max-snippet:-1, max-image-preview:large, max-video-preview:-1\" \/>\n<link rel=\"canonical\" href=\"https:\/\/www.institutodeengenharia.org.br\/site\/2013\/09\/16\/metro-de-sp-estuda-o-uso-de-paineis-solares\/\" \/>\n<meta property=\"og:locale\" content=\"pt_BR\" \/>\n<meta property=\"og:type\" content=\"article\" \/>\n<meta property=\"og:title\" content=\"Metr\u00f4 de SP estuda o uso de pain\u00e9is solares - Instituto de Engenharia\" \/>\n<meta property=\"og:description\" content=\"Placas seriam adotadas em 2 p\u00e1tios de manobras e em 3 esta\u00e7\u00f5es: P\u00e1tio Orat\u00f3rio, Vila Prudente e Palmeiras-Barra Funda\" \/>\n<meta property=\"og:url\" content=\"https:\/\/www.institutodeengenharia.org.br\/site\/2013\/09\/16\/metro-de-sp-estuda-o-uso-de-paineis-solares\/\" \/>\n<meta property=\"og:site_name\" content=\"Instituto de Engenharia\" \/>\n<meta property=\"article:publisher\" content=\"https:\/\/www.facebook.com\/institutodeengenharia\" \/>\n<meta property=\"article:published_time\" content=\"2013-09-16T23:57:49+00:00\" \/>\n<meta name=\"author\" content=\"TMax Tecnologia\" \/>\n<meta name=\"twitter:card\" content=\"summary_large_image\" \/>\n<meta name=\"twitter:creator\" content=\"@iengenharia\" \/>\n<meta name=\"twitter:site\" content=\"@iengenharia\" \/>\n<meta name=\"twitter:label1\" content=\"Escrito por\" \/>\n\t<meta name=\"twitter:data1\" content=\"TMax Tecnologia\" \/>\n\t<meta name=\"twitter:label2\" content=\"Est. tempo de leitura\" \/>\n\t<meta name=\"twitter:data2\" content=\"2 minutos\" \/>\n<script type=\"application\/ld+json\" class=\"yoast-schema-graph\">{\"@context\":\"https:\/\/schema.org\",\"@graph\":[{\"@type\":\"Article\",\"@id\":\"https:\/\/www.institutodeengenharia.org.br\/site\/2013\/09\/16\/metro-de-sp-estuda-o-uso-de-paineis-solares\/#article\",\"isPartOf\":{\"@id\":\"https:\/\/www.institutodeengenharia.org.br\/site\/2013\/09\/16\/metro-de-sp-estuda-o-uso-de-paineis-solares\/\"},\"author\":{\"name\":\"TMax Tecnologia\",\"@id\":\"https:\/\/www.institutodeengenharia.org.br\/site\/#\/schema\/person\/3b1ff109facef084739fc2edcb9a127f\"},\"headline\":\"Metr\u00f4 de SP estuda o uso de pain\u00e9is solares\",\"datePublished\":\"2013-09-16T23:57:49+00:00\",\"mainEntityOfPage\":{\"@id\":\"https:\/\/www.institutodeengenharia.org.br\/site\/2013\/09\/16\/metro-de-sp-estuda-o-uso-de-paineis-solares\/\"},\"wordCount\":498,\"commentCount\":0,\"publisher\":{\"@id\":\"https:\/\/www.institutodeengenharia.org.br\/site\/#organization\"},\"articleSection\":[\"Meio Ambiente\",\"Not\u00edcias\"],\"inLanguage\":\"pt-BR\",\"potentialAction\":[{\"@type\":\"CommentAction\",\"name\":\"Comment\",\"target\":[\"https:\/\/www.institutodeengenharia.org.br\/site\/2013\/09\/16\/metro-de-sp-estuda-o-uso-de-paineis-solares\/#respond\"]}]},{\"@type\":\"WebPage\",\"@id\":\"https:\/\/www.institutodeengenharia.org.br\/site\/2013\/09\/16\/metro-de-sp-estuda-o-uso-de-paineis-solares\/\",\"url\":\"https:\/\/www.institutodeengenharia.org.br\/site\/2013\/09\/16\/metro-de-sp-estuda-o-uso-de-paineis-solares\/\",\"name\":\"Metr\u00f4 de SP estuda o uso de pain\u00e9is solares - Instituto de Engenharia\",\"isPartOf\":{\"@id\":\"https:\/\/www.institutodeengenharia.org.br\/site\/#website\"},\"datePublished\":\"2013-09-16T23:57:49+00:00\",\"breadcrumb\":{\"@id\":\"https:\/\/www.institutodeengenharia.org.br\/site\/2013\/09\/16\/metro-de-sp-estuda-o-uso-de-paineis-solares\/#breadcrumb\"},\"inLanguage\":\"pt-BR\",\"potentialAction\":[{\"@type\":\"ReadAction\",\"target\":[\"https:\/\/www.institutodeengenharia.org.br\/site\/2013\/09\/16\/metro-de-sp-estuda-o-uso-de-paineis-solares\/\"]}]},{\"@type\":\"BreadcrumbList\",\"@id\":\"https:\/\/www.institutodeengenharia.org.br\/site\/2013\/09\/16\/metro-de-sp-estuda-o-uso-de-paineis-solares\/#breadcrumb\",\"itemListElement\":[{\"@type\":\"ListItem\",\"position\":1,\"name\":\"In\u00edcio\",\"item\":\"https:\/\/www.institutodeengenharia.org.br\/site\/\"},{\"@type\":\"ListItem\",\"position\":2,\"name\":\"Metr\u00f4 de SP estuda o uso de pain\u00e9is solares\"}]},{\"@type\":\"WebSite\",\"@id\":\"https:\/\/www.institutodeengenharia.org.br\/site\/#website\",\"url\":\"https:\/\/www.institutodeengenharia.org.br\/site\/\",\"name\":\"Instituto de Engenharia\",\"description\":\"O Instituto de Engenharia promove a Engenharia em benef\u00edcio do desenvolvimento e da qualidade de vida da sociedade.\",\"publisher\":{\"@id\":\"https:\/\/www.institutodeengenharia.org.br\/site\/#organization\"},\"potentialAction\":[{\"@type\":\"SearchAction\",\"target\":{\"@type\":\"EntryPoint\",\"urlTemplate\":\"https:\/\/www.institutodeengenharia.org.br\/site\/?s={search_term_string}\"},\"query-input\":{\"@type\":\"PropertyValueSpecification\",\"valueRequired\":true,\"valueName\":\"search_term_string\"}}],\"inLanguage\":\"pt-BR\"},{\"@type\":\"Organization\",\"@id\":\"https:\/\/www.institutodeengenharia.org.br\/site\/#organization\",\"name\":\"Instituto de Engenharia\",\"url\":\"https:\/\/www.institutodeengenharia.org.br\/site\/\",\"logo\":{\"@type\":\"ImageObject\",\"inLanguage\":\"pt-BR\",\"@id\":\"https:\/\/www.institutodeengenharia.org.br\/site\/#\/schema\/logo\/image\/\",\"url\":\"https:\/\/www.institutodeengenharia.org.br\/site\/wp-content\/uploads\/2019\/03\/logo-novo-IE2018-1.jpg\",\"contentUrl\":\"https:\/\/www.institutodeengenharia.org.br\/site\/wp-content\/uploads\/2019\/03\/logo-novo-IE2018-1.jpg\",\"width\":1486,\"height\":1879,\"caption\":\"Instituto de Engenharia\"},\"image\":{\"@id\":\"https:\/\/www.institutodeengenharia.org.br\/site\/#\/schema\/logo\/image\/\"},\"sameAs\":[\"https:\/\/www.facebook.com\/institutodeengenharia\",\"https:\/\/x.com\/iengenharia\",\"https:\/\/www.instagram.com\/institutodeengenharia\/\",\"https:\/\/www.linkedin.com\/company\/instituto-de-engenharia\/\",\"https:\/\/www.youtube.com\/channel\/UCXiCAlsSMe977vamW915HxA\"]},{\"@type\":\"Person\",\"@id\":\"https:\/\/www.institutodeengenharia.org.br\/site\/#\/schema\/person\/3b1ff109facef084739fc2edcb9a127f\",\"name\":\"TMax Tecnologia\",\"image\":{\"@type\":\"ImageObject\",\"inLanguage\":\"pt-BR\",\"@id\":\"https:\/\/secure.gravatar.com\/avatar\/f912434ef7f389c92cb311fcdae346af848465d638912574b3c669070f797701?s=96&d=mm&r=g\",\"url\":\"https:\/\/secure.gravatar.com\/avatar\/f912434ef7f389c92cb311fcdae346af848465d638912574b3c669070f797701?s=96&d=mm&r=g\",\"contentUrl\":\"https:\/\/secure.gravatar.com\/avatar\/f912434ef7f389c92cb311fcdae346af848465d638912574b3c669070f797701?s=96&d=mm&r=g\",\"caption\":\"TMax Tecnologia\"},\"url\":\"https:\/\/www.institutodeengenharia.org.br\/site\/author\/tmax\/\"}]}<\/script>\n<!-- \/ Yoast SEO plugin. -->","yoast_head_json":{"title":"Metr\u00f4 de SP estuda o uso de pain\u00e9is solares - Instituto de Engenharia","robots":{"index":"index","follow":"follow","max-snippet":"max-snippet:-1","max-image-preview":"max-image-preview:large","max-video-preview":"max-video-preview:-1"},"canonical":"https:\/\/www.institutodeengenharia.org.br\/site\/2013\/09\/16\/metro-de-sp-estuda-o-uso-de-paineis-solares\/","og_locale":"pt_BR","og_type":"article","og_title":"Metr\u00f4 de SP estuda o uso de pain\u00e9is solares - Instituto de Engenharia","og_description":"Placas seriam adotadas em 2 p\u00e1tios de manobras e em 3 esta\u00e7\u00f5es: P\u00e1tio Orat\u00f3rio, Vila Prudente e Palmeiras-Barra Funda","og_url":"https:\/\/www.institutodeengenharia.org.br\/site\/2013\/09\/16\/metro-de-sp-estuda-o-uso-de-paineis-solares\/","og_site_name":"Instituto de Engenharia","article_publisher":"https:\/\/www.facebook.com\/institutodeengenharia","article_published_time":"2013-09-16T23:57:49+00:00","author":"TMax Tecnologia","twitter_card":"summary_large_image","twitter_creator":"@iengenharia","twitter_site":"@iengenharia","twitter_misc":{"Escrito por":"TMax Tecnologia","Est. tempo de leitura":"2 minutos"},"schema":{"@context":"https:\/\/schema.org","@graph":[{"@type":"Article","@id":"https:\/\/www.institutodeengenharia.org.br\/site\/2013\/09\/16\/metro-de-sp-estuda-o-uso-de-paineis-solares\/#article","isPartOf":{"@id":"https:\/\/www.institutodeengenharia.org.br\/site\/2013\/09\/16\/metro-de-sp-estuda-o-uso-de-paineis-solares\/"},"author":{"name":"TMax Tecnologia","@id":"https:\/\/www.institutodeengenharia.org.br\/site\/#\/schema\/person\/3b1ff109facef084739fc2edcb9a127f"},"headline":"Metr\u00f4 de SP estuda o uso de pain\u00e9is solares","datePublished":"2013-09-16T23:57:49+00:00","mainEntityOfPage":{"@id":"https:\/\/www.institutodeengenharia.org.br\/site\/2013\/09\/16\/metro-de-sp-estuda-o-uso-de-paineis-solares\/"},"wordCount":498,"commentCount":0,"publisher":{"@id":"https:\/\/www.institutodeengenharia.org.br\/site\/#organization"},"articleSection":["Meio Ambiente","Not\u00edcias"],"inLanguage":"pt-BR","potentialAction":[{"@type":"CommentAction","name":"Comment","target":["https:\/\/www.institutodeengenharia.org.br\/site\/2013\/09\/16\/metro-de-sp-estuda-o-uso-de-paineis-solares\/#respond"]}]},{"@type":"WebPage","@id":"https:\/\/www.institutodeengenharia.org.br\/site\/2013\/09\/16\/metro-de-sp-estuda-o-uso-de-paineis-solares\/","url":"https:\/\/www.institutodeengenharia.org.br\/site\/2013\/09\/16\/metro-de-sp-estuda-o-uso-de-paineis-solares\/","name":"Metr\u00f4 de SP estuda o uso de pain\u00e9is solares - Instituto de Engenharia","isPartOf":{"@id":"https:\/\/www.institutodeengenharia.org.br\/site\/#website"},"datePublished":"2013-09-16T23:57:49+00:00","breadcrumb":{"@id":"https:\/\/www.institutodeengenharia.org.br\/site\/2013\/09\/16\/metro-de-sp-estuda-o-uso-de-paineis-solares\/#breadcrumb"},"inLanguage":"pt-BR","potentialAction":[{"@type":"ReadAction","target":["https:\/\/www.institutodeengenharia.org.br\/site\/2013\/09\/16\/metro-de-sp-estuda-o-uso-de-paineis-solares\/"]}]},{"@type":"BreadcrumbList","@id":"https:\/\/www.institutodeengenharia.org.br\/site\/2013\/09\/16\/metro-de-sp-estuda-o-uso-de-paineis-solares\/#breadcrumb","itemListElement":[{"@type":"ListItem","position":1,"name":"In\u00edcio","item":"https:\/\/www.institutodeengenharia.org.br\/site\/"},{"@type":"ListItem","position":2,"name":"Metr\u00f4 de SP estuda o uso de pain\u00e9is solares"}]},{"@type":"WebSite","@id":"https:\/\/www.institutodeengenharia.org.br\/site\/#website","url":"https:\/\/www.institutodeengenharia.org.br\/site\/","name":"Instituto de Engenharia","description":"O Instituto de Engenharia promove a Engenharia em benef\u00edcio do desenvolvimento e da qualidade de vida da sociedade.","publisher":{"@id":"https:\/\/www.institutodeengenharia.org.br\/site\/#organization"},"potentialAction":[{"@type":"SearchAction","target":{"@type":"EntryPoint","urlTemplate":"https:\/\/www.institutodeengenharia.org.br\/site\/?s={search_term_string}"},"query-input":{"@type":"PropertyValueSpecification","valueRequired":true,"valueName":"search_term_string"}}],"inLanguage":"pt-BR"},{"@type":"Organization","@id":"https:\/\/www.institutodeengenharia.org.br\/site\/#organization","name":"Instituto de Engenharia","url":"https:\/\/www.institutodeengenharia.org.br\/site\/","logo":{"@type":"ImageObject","inLanguage":"pt-BR","@id":"https:\/\/www.institutodeengenharia.org.br\/site\/#\/schema\/logo\/image\/","url":"https:\/\/www.institutodeengenharia.org.br\/site\/wp-content\/uploads\/2019\/03\/logo-novo-IE2018-1.jpg","contentUrl":"https:\/\/www.institutodeengenharia.org.br\/site\/wp-content\/uploads\/2019\/03\/logo-novo-IE2018-1.jpg","width":1486,"height":1879,"caption":"Instituto de Engenharia"},"image":{"@id":"https:\/\/www.institutodeengenharia.org.br\/site\/#\/schema\/logo\/image\/"},"sameAs":["https:\/\/www.facebook.com\/institutodeengenharia","https:\/\/x.com\/iengenharia","https:\/\/www.instagram.com\/institutodeengenharia\/","https:\/\/www.linkedin.com\/company\/instituto-de-engenharia\/","https:\/\/www.youtube.com\/channel\/UCXiCAlsSMe977vamW915HxA"]},{"@type":"Person","@id":"https:\/\/www.institutodeengenharia.org.br\/site\/#\/schema\/person\/3b1ff109facef084739fc2edcb9a127f","name":"TMax Tecnologia","image":{"@type":"ImageObject","inLanguage":"pt-BR","@id":"https:\/\/secure.gravatar.com\/avatar\/f912434ef7f389c92cb311fcdae346af848465d638912574b3c669070f797701?s=96&d=mm&r=g","url":"https:\/\/secure.gravatar.com\/avatar\/f912434ef7f389c92cb311fcdae346af848465d638912574b3c669070f797701?s=96&d=mm&r=g","contentUrl":"https:\/\/secure.gravatar.com\/avatar\/f912434ef7f389c92cb311fcdae346af848465d638912574b3c669070f797701?s=96&d=mm&r=g","caption":"TMax Tecnologia"},"url":"https:\/\/www.institutodeengenharia.org.br\/site\/author\/tmax\/"}]}},"_links":{"self":[{"href":"https:\/\/www.institutodeengenharia.org.br\/site\/wp-json\/wp\/v2\/posts\/23942","targetHints":{"allow":["GET"]}}],"collection":[{"href":"https:\/\/www.institutodeengenharia.org.br\/site\/wp-json\/wp\/v2\/posts"}],"about":[{"href":"https:\/\/www.institutodeengenharia.org.br\/site\/wp-json\/wp\/v2\/types\/post"}],"author":[{"embeddable":true,"href":"https:\/\/www.institutodeengenharia.org.br\/site\/wp-json\/wp\/v2\/users\/1"}],"replies":[{"embeddable":true,"href":"https:\/\/www.institutodeengenharia.org.br\/site\/wp-json\/wp\/v2\/comments?post=23942"}],"version-history":[{"count":0,"href":"https:\/\/www.institutodeengenharia.org.br\/site\/wp-json\/wp\/v2\/posts\/23942\/revisions"}],"wp:attachment":[{"href":"https:\/\/www.institutodeengenharia.org.br\/site\/wp-json\/wp\/v2\/media?parent=23942"}],"wp:term":[{"taxonomy":"category","embeddable":true,"href":"https:\/\/www.institutodeengenharia.org.br\/site\/wp-json\/wp\/v2\/categories?post=23942"},{"taxonomy":"post_tag","embeddable":true,"href":"https:\/\/www.institutodeengenharia.org.br\/site\/wp-json\/wp\/v2\/tags?post=23942"}],"curies":[{"name":"wp","href":"https:\/\/api.w.org\/{rel}","templated":true}]}}