{"id":23919,"date":"2013-09-12T23:57:34","date_gmt":"2013-09-12T23:57:34","guid":{"rendered":"https:\/\/www.institutodeengenharia.org.br\/?p=23919"},"modified":"2013-09-12T15:32:51","modified_gmt":"2013-09-12T15:32:51","slug":"instalacao-mostra-a-poluicao-de-sao-paulo-em-tempo-real","status":"publish","type":"post","link":"https:\/\/www.institutodeengenharia.org.br\/site\/2013\/09\/12\/instalacao-mostra-a-poluicao-de-sao-paulo-em-tempo-real\/","title":{"rendered":"Instala\u00e7\u00e3o mostra a polui\u00e7\u00e3o de S\u00e3o Paulo em tempo real"},"content":{"rendered":"<p>Criado pela arquiteta Nere\u00e1 Cavillo e pelo programador Mart\u00edn Nadal, da Espanha, o projeto &#8220;In the air S\u00e3o Paulo&#8221; passa a ser exibido \u00e0 partir desta quinta-feira, 12, na fachada do pr\u00e9dio da FIESP, em plena Avenida Paulista. A instala\u00e7\u00e3o usar\u00e1 LEDs coloridos para mostrar a polui\u00e7\u00e3o a\u00e9rea da cidade, mapeando g\u00e1ses, poeira e outros elementos em suspens\u00e3o. <\/p>\n<p>Cada cor da instala\u00e7\u00e3o representar\u00e1 um tipo de part\u00edcula e sua a\u00e7\u00e3o na atmosfera tamb\u00e9m \u00e9 descrita. O monitoramento \u00e9 feito pela <a target=\"_blank\" href=\"http:\/\/sistemasinter.cetesb.sp.gov.br\/Ar\/php\/mapa_qualidade_rmsp.php\">Companhia do Meio Ambiente do Governo Paulista (CETESB)<\/a> que, atrav\u00e9s de um software, cruza dados para criar padr\u00f5es de comportamento. S\u00e3o essas informa\u00e7\u00f5es que s\u00e3o mostradas na fachada do pr\u00e9dio, transmitindo em tempo real a qualidade do ar em \u00e1reas diferentes da cidade. <\/p>\n<p>Al\u00e9m da instala\u00e7\u00e3o In the Air, o pr\u00e9dio da FIEP tamb\u00e9m ir\u00e1 exibir outras cinco obras relacionadas ao clima e ao meio ambiente na regi\u00e3o. Confira a programa\u00e7\u00e3o completa <a target=\"_blank\" href=\"http:\/\/www.sesisp.org.br\/Cultura\/galeria-de-arte-digital-do-sesi-sp-programa.htm\">aqui<\/a>.<\/p>\n<p><b>Autor: Galileu<\/b><\/p>\n","protected":false},"excerpt":{"rendered":"<p>Projeto que faz parte da Galeria de Arte Digital do Sesi-SP ser\u00e1 apresentado a partir desta quinta-feira, 12 de setembro<\/p>\n","protected":false},"author":1,"featured_media":23920,"comment_status":"open","ping_status":"open","sticky":false,"template":"","format":"standard","meta":{"footnotes":""},"categories":[31,6],"tags":[],"class_list":{"0":"post-23919","1":"post","2":"type-post","3":"status-publish","4":"format-standard","5":"has-post-thumbnail","7":"category-meio-ambiente","8":"category-noticias"},"yoast_head":"<!-- This site is optimized with the Yoast SEO plugin v27.2 - https:\/\/yoast.com\/product\/yoast-seo-wordpress\/ -->\n<title>Instala\u00e7\u00e3o mostra a polui\u00e7\u00e3o de S\u00e3o Paulo em tempo real - Instituto de Engenharia<\/title>\n<meta name=\"robots\" content=\"index, follow, max-snippet:-1, max-image-preview:large, max-video-preview:-1\" \/>\n<link rel=\"canonical\" href=\"https:\/\/www.institutodeengenharia.org.br\/site\/2013\/09\/12\/instalacao-mostra-a-poluicao-de-sao-paulo-em-tempo-real\/\" \/>\n<meta property=\"og:locale\" content=\"pt_BR\" \/>\n<meta property=\"og:type\" content=\"article\" \/>\n<meta property=\"og:title\" content=\"Instala\u00e7\u00e3o mostra a polui\u00e7\u00e3o de S\u00e3o Paulo em tempo real - Instituto de Engenharia\" \/>\n<meta property=\"og:description\" content=\"Projeto que faz parte da Galeria de Arte Digital do Sesi-SP ser\u00e1 apresentado a partir desta quinta-feira, 12 de setembro\" \/>\n<meta property=\"og:url\" content=\"https:\/\/www.institutodeengenharia.org.br\/site\/2013\/09\/12\/instalacao-mostra-a-poluicao-de-sao-paulo-em-tempo-real\/\" \/>\n<meta property=\"og:site_name\" content=\"Instituto de Engenharia\" \/>\n<meta property=\"article:publisher\" content=\"https:\/\/www.facebook.com\/institutodeengenharia\" \/>\n<meta property=\"article:published_time\" content=\"2013-09-12T23:57:34+00:00\" \/>\n<meta property=\"og:image\" content=\"https:\/\/www.institutodeengenharia.org.br\/site\/wp-content\/uploads\/2017\/10\/poluicao(1).jpg\" \/>\n\t<meta property=\"og:image:width\" content=\"600\" \/>\n\t<meta property=\"og:image:height\" content=\"450\" \/>\n\t<meta property=\"og:image:type\" content=\"image\/jpeg\" \/>\n<meta name=\"author\" content=\"TMax Tecnologia\" \/>\n<meta name=\"twitter:card\" content=\"summary_large_image\" \/>\n<meta name=\"twitter:creator\" content=\"@iengenharia\" \/>\n<meta name=\"twitter:site\" content=\"@iengenharia\" \/>\n<meta name=\"twitter:label1\" content=\"Escrito por\" \/>\n\t<meta name=\"twitter:data1\" content=\"TMax Tecnologia\" \/>\n\t<meta name=\"twitter:label2\" content=\"Est. tempo de leitura\" \/>\n\t<meta name=\"twitter:data2\" content=\"1 minuto\" \/>\n<script type=\"application\/ld+json\" class=\"yoast-schema-graph\">{\"@context\":\"https:\/\/schema.org\",\"@graph\":[{\"@type\":\"Article\",\"@id\":\"https:\/\/www.institutodeengenharia.org.br\/site\/2013\/09\/12\/instalacao-mostra-a-poluicao-de-sao-paulo-em-tempo-real\/#article\",\"isPartOf\":{\"@id\":\"https:\/\/www.institutodeengenharia.org.br\/site\/2013\/09\/12\/instalacao-mostra-a-poluicao-de-sao-paulo-em-tempo-real\/\"},\"author\":{\"name\":\"TMax Tecnologia\",\"@id\":\"https:\/\/www.institutodeengenharia.org.br\/site\/#\/schema\/person\/3b1ff109facef084739fc2edcb9a127f\"},\"headline\":\"Instala\u00e7\u00e3o mostra a polui\u00e7\u00e3o de S\u00e3o Paulo em tempo real\",\"datePublished\":\"2013-09-12T23:57:34+00:00\",\"mainEntityOfPage\":{\"@id\":\"https:\/\/www.institutodeengenharia.org.br\/site\/2013\/09\/12\/instalacao-mostra-a-poluicao-de-sao-paulo-em-tempo-real\/\"},\"wordCount\":188,\"commentCount\":0,\"publisher\":{\"@id\":\"https:\/\/www.institutodeengenharia.org.br\/site\/#organization\"},\"image\":{\"@id\":\"https:\/\/www.institutodeengenharia.org.br\/site\/2013\/09\/12\/instalacao-mostra-a-poluicao-de-sao-paulo-em-tempo-real\/#primaryimage\"},\"thumbnailUrl\":\"https:\/\/www.institutodeengenharia.org.br\/site\/wp-content\/uploads\/2017\/10\/poluicao(1).jpg\",\"articleSection\":[\"Meio Ambiente\",\"Not\u00edcias\"],\"inLanguage\":\"pt-BR\",\"potentialAction\":[{\"@type\":\"CommentAction\",\"name\":\"Comment\",\"target\":[\"https:\/\/www.institutodeengenharia.org.br\/site\/2013\/09\/12\/instalacao-mostra-a-poluicao-de-sao-paulo-em-tempo-real\/#respond\"]}]},{\"@type\":\"WebPage\",\"@id\":\"https:\/\/www.institutodeengenharia.org.br\/site\/2013\/09\/12\/instalacao-mostra-a-poluicao-de-sao-paulo-em-tempo-real\/\",\"url\":\"https:\/\/www.institutodeengenharia.org.br\/site\/2013\/09\/12\/instalacao-mostra-a-poluicao-de-sao-paulo-em-tempo-real\/\",\"name\":\"Instala\u00e7\u00e3o mostra a polui\u00e7\u00e3o de S\u00e3o Paulo em tempo real - Instituto de Engenharia\",\"isPartOf\":{\"@id\":\"https:\/\/www.institutodeengenharia.org.br\/site\/#website\"},\"primaryImageOfPage\":{\"@id\":\"https:\/\/www.institutodeengenharia.org.br\/site\/2013\/09\/12\/instalacao-mostra-a-poluicao-de-sao-paulo-em-tempo-real\/#primaryimage\"},\"image\":{\"@id\":\"https:\/\/www.institutodeengenharia.org.br\/site\/2013\/09\/12\/instalacao-mostra-a-poluicao-de-sao-paulo-em-tempo-real\/#primaryimage\"},\"thumbnailUrl\":\"https:\/\/www.institutodeengenharia.org.br\/site\/wp-content\/uploads\/2017\/10\/poluicao(1).jpg\",\"datePublished\":\"2013-09-12T23:57:34+00:00\",\"breadcrumb\":{\"@id\":\"https:\/\/www.institutodeengenharia.org.br\/site\/2013\/09\/12\/instalacao-mostra-a-poluicao-de-sao-paulo-em-tempo-real\/#breadcrumb\"},\"inLanguage\":\"pt-BR\",\"potentialAction\":[{\"@type\":\"ReadAction\",\"target\":[\"https:\/\/www.institutodeengenharia.org.br\/site\/2013\/09\/12\/instalacao-mostra-a-poluicao-de-sao-paulo-em-tempo-real\/\"]}]},{\"@type\":\"ImageObject\",\"inLanguage\":\"pt-BR\",\"@id\":\"https:\/\/www.institutodeengenharia.org.br\/site\/2013\/09\/12\/instalacao-mostra-a-poluicao-de-sao-paulo-em-tempo-real\/#primaryimage\",\"url\":\"https:\/\/www.institutodeengenharia.org.br\/site\/wp-content\/uploads\/2017\/10\/poluicao(1).jpg\",\"contentUrl\":\"https:\/\/www.institutodeengenharia.org.br\/site\/wp-content\/uploads\/2017\/10\/poluicao(1).jpg\",\"width\":600,\"height\":450},{\"@type\":\"BreadcrumbList\",\"@id\":\"https:\/\/www.institutodeengenharia.org.br\/site\/2013\/09\/12\/instalacao-mostra-a-poluicao-de-sao-paulo-em-tempo-real\/#breadcrumb\",\"itemListElement\":[{\"@type\":\"ListItem\",\"position\":1,\"name\":\"In\u00edcio\",\"item\":\"https:\/\/www.institutodeengenharia.org.br\/site\/\"},{\"@type\":\"ListItem\",\"position\":2,\"name\":\"Instala\u00e7\u00e3o mostra a polui\u00e7\u00e3o de S\u00e3o Paulo em tempo real\"}]},{\"@type\":\"WebSite\",\"@id\":\"https:\/\/www.institutodeengenharia.org.br\/site\/#website\",\"url\":\"https:\/\/www.institutodeengenharia.org.br\/site\/\",\"name\":\"Instituto de Engenharia\",\"description\":\"O Instituto de Engenharia promove a Engenharia em benef\u00edcio do desenvolvimento e da qualidade de vida da sociedade.\",\"publisher\":{\"@id\":\"https:\/\/www.institutodeengenharia.org.br\/site\/#organization\"},\"potentialAction\":[{\"@type\":\"SearchAction\",\"target\":{\"@type\":\"EntryPoint\",\"urlTemplate\":\"https:\/\/www.institutodeengenharia.org.br\/site\/?s={search_term_string}\"},\"query-input\":{\"@type\":\"PropertyValueSpecification\",\"valueRequired\":true,\"valueName\":\"search_term_string\"}}],\"inLanguage\":\"pt-BR\"},{\"@type\":\"Organization\",\"@id\":\"https:\/\/www.institutodeengenharia.org.br\/site\/#organization\",\"name\":\"Instituto de Engenharia\",\"url\":\"https:\/\/www.institutodeengenharia.org.br\/site\/\",\"logo\":{\"@type\":\"ImageObject\",\"inLanguage\":\"pt-BR\",\"@id\":\"https:\/\/www.institutodeengenharia.org.br\/site\/#\/schema\/logo\/image\/\",\"url\":\"https:\/\/www.institutodeengenharia.org.br\/site\/wp-content\/uploads\/2019\/03\/logo-novo-IE2018-1.jpg\",\"contentUrl\":\"https:\/\/www.institutodeengenharia.org.br\/site\/wp-content\/uploads\/2019\/03\/logo-novo-IE2018-1.jpg\",\"width\":1486,\"height\":1879,\"caption\":\"Instituto de Engenharia\"},\"image\":{\"@id\":\"https:\/\/www.institutodeengenharia.org.br\/site\/#\/schema\/logo\/image\/\"},\"sameAs\":[\"https:\/\/www.facebook.com\/institutodeengenharia\",\"https:\/\/x.com\/iengenharia\",\"https:\/\/www.instagram.com\/institutodeengenharia\/\",\"https:\/\/www.linkedin.com\/company\/instituto-de-engenharia\/\",\"https:\/\/www.youtube.com\/channel\/UCXiCAlsSMe977vamW915HxA\"]},{\"@type\":\"Person\",\"@id\":\"https:\/\/www.institutodeengenharia.org.br\/site\/#\/schema\/person\/3b1ff109facef084739fc2edcb9a127f\",\"name\":\"TMax Tecnologia\",\"image\":{\"@type\":\"ImageObject\",\"inLanguage\":\"pt-BR\",\"@id\":\"https:\/\/secure.gravatar.com\/avatar\/f912434ef7f389c92cb311fcdae346af848465d638912574b3c669070f797701?s=96&d=mm&r=g\",\"url\":\"https:\/\/secure.gravatar.com\/avatar\/f912434ef7f389c92cb311fcdae346af848465d638912574b3c669070f797701?s=96&d=mm&r=g\",\"contentUrl\":\"https:\/\/secure.gravatar.com\/avatar\/f912434ef7f389c92cb311fcdae346af848465d638912574b3c669070f797701?s=96&d=mm&r=g\",\"caption\":\"TMax Tecnologia\"},\"url\":\"https:\/\/www.institutodeengenharia.org.br\/site\/author\/tmax\/\"}]}<\/script>\n<!-- \/ Yoast SEO plugin. -->","yoast_head_json":{"title":"Instala\u00e7\u00e3o mostra a polui\u00e7\u00e3o de S\u00e3o Paulo em tempo real - Instituto de Engenharia","robots":{"index":"index","follow":"follow","max-snippet":"max-snippet:-1","max-image-preview":"max-image-preview:large","max-video-preview":"max-video-preview:-1"},"canonical":"https:\/\/www.institutodeengenharia.org.br\/site\/2013\/09\/12\/instalacao-mostra-a-poluicao-de-sao-paulo-em-tempo-real\/","og_locale":"pt_BR","og_type":"article","og_title":"Instala\u00e7\u00e3o mostra a polui\u00e7\u00e3o de S\u00e3o Paulo em tempo real - Instituto de Engenharia","og_description":"Projeto que faz parte da Galeria de Arte Digital do Sesi-SP ser\u00e1 apresentado a partir desta quinta-feira, 12 de setembro","og_url":"https:\/\/www.institutodeengenharia.org.br\/site\/2013\/09\/12\/instalacao-mostra-a-poluicao-de-sao-paulo-em-tempo-real\/","og_site_name":"Instituto de Engenharia","article_publisher":"https:\/\/www.facebook.com\/institutodeengenharia","article_published_time":"2013-09-12T23:57:34+00:00","og_image":[{"width":600,"height":450,"url":"https:\/\/www.institutodeengenharia.org.br\/site\/wp-content\/uploads\/2017\/10\/poluicao(1).jpg","type":"image\/jpeg"}],"author":"TMax Tecnologia","twitter_card":"summary_large_image","twitter_creator":"@iengenharia","twitter_site":"@iengenharia","twitter_misc":{"Escrito por":"TMax Tecnologia","Est. tempo de leitura":"1 minuto"},"schema":{"@context":"https:\/\/schema.org","@graph":[{"@type":"Article","@id":"https:\/\/www.institutodeengenharia.org.br\/site\/2013\/09\/12\/instalacao-mostra-a-poluicao-de-sao-paulo-em-tempo-real\/#article","isPartOf":{"@id":"https:\/\/www.institutodeengenharia.org.br\/site\/2013\/09\/12\/instalacao-mostra-a-poluicao-de-sao-paulo-em-tempo-real\/"},"author":{"name":"TMax Tecnologia","@id":"https:\/\/www.institutodeengenharia.org.br\/site\/#\/schema\/person\/3b1ff109facef084739fc2edcb9a127f"},"headline":"Instala\u00e7\u00e3o mostra a polui\u00e7\u00e3o de S\u00e3o Paulo em tempo real","datePublished":"2013-09-12T23:57:34+00:00","mainEntityOfPage":{"@id":"https:\/\/www.institutodeengenharia.org.br\/site\/2013\/09\/12\/instalacao-mostra-a-poluicao-de-sao-paulo-em-tempo-real\/"},"wordCount":188,"commentCount":0,"publisher":{"@id":"https:\/\/www.institutodeengenharia.org.br\/site\/#organization"},"image":{"@id":"https:\/\/www.institutodeengenharia.org.br\/site\/2013\/09\/12\/instalacao-mostra-a-poluicao-de-sao-paulo-em-tempo-real\/#primaryimage"},"thumbnailUrl":"https:\/\/www.institutodeengenharia.org.br\/site\/wp-content\/uploads\/2017\/10\/poluicao(1).jpg","articleSection":["Meio Ambiente","Not\u00edcias"],"inLanguage":"pt-BR","potentialAction":[{"@type":"CommentAction","name":"Comment","target":["https:\/\/www.institutodeengenharia.org.br\/site\/2013\/09\/12\/instalacao-mostra-a-poluicao-de-sao-paulo-em-tempo-real\/#respond"]}]},{"@type":"WebPage","@id":"https:\/\/www.institutodeengenharia.org.br\/site\/2013\/09\/12\/instalacao-mostra-a-poluicao-de-sao-paulo-em-tempo-real\/","url":"https:\/\/www.institutodeengenharia.org.br\/site\/2013\/09\/12\/instalacao-mostra-a-poluicao-de-sao-paulo-em-tempo-real\/","name":"Instala\u00e7\u00e3o mostra a polui\u00e7\u00e3o de S\u00e3o Paulo em tempo real - Instituto de Engenharia","isPartOf":{"@id":"https:\/\/www.institutodeengenharia.org.br\/site\/#website"},"primaryImageOfPage":{"@id":"https:\/\/www.institutodeengenharia.org.br\/site\/2013\/09\/12\/instalacao-mostra-a-poluicao-de-sao-paulo-em-tempo-real\/#primaryimage"},"image":{"@id":"https:\/\/www.institutodeengenharia.org.br\/site\/2013\/09\/12\/instalacao-mostra-a-poluicao-de-sao-paulo-em-tempo-real\/#primaryimage"},"thumbnailUrl":"https:\/\/www.institutodeengenharia.org.br\/site\/wp-content\/uploads\/2017\/10\/poluicao(1).jpg","datePublished":"2013-09-12T23:57:34+00:00","breadcrumb":{"@id":"https:\/\/www.institutodeengenharia.org.br\/site\/2013\/09\/12\/instalacao-mostra-a-poluicao-de-sao-paulo-em-tempo-real\/#breadcrumb"},"inLanguage":"pt-BR","potentialAction":[{"@type":"ReadAction","target":["https:\/\/www.institutodeengenharia.org.br\/site\/2013\/09\/12\/instalacao-mostra-a-poluicao-de-sao-paulo-em-tempo-real\/"]}]},{"@type":"ImageObject","inLanguage":"pt-BR","@id":"https:\/\/www.institutodeengenharia.org.br\/site\/2013\/09\/12\/instalacao-mostra-a-poluicao-de-sao-paulo-em-tempo-real\/#primaryimage","url":"https:\/\/www.institutodeengenharia.org.br\/site\/wp-content\/uploads\/2017\/10\/poluicao(1).jpg","contentUrl":"https:\/\/www.institutodeengenharia.org.br\/site\/wp-content\/uploads\/2017\/10\/poluicao(1).jpg","width":600,"height":450},{"@type":"BreadcrumbList","@id":"https:\/\/www.institutodeengenharia.org.br\/site\/2013\/09\/12\/instalacao-mostra-a-poluicao-de-sao-paulo-em-tempo-real\/#breadcrumb","itemListElement":[{"@type":"ListItem","position":1,"name":"In\u00edcio","item":"https:\/\/www.institutodeengenharia.org.br\/site\/"},{"@type":"ListItem","position":2,"name":"Instala\u00e7\u00e3o mostra a polui\u00e7\u00e3o de S\u00e3o Paulo em tempo real"}]},{"@type":"WebSite","@id":"https:\/\/www.institutodeengenharia.org.br\/site\/#website","url":"https:\/\/www.institutodeengenharia.org.br\/site\/","name":"Instituto de Engenharia","description":"O Instituto de Engenharia promove a Engenharia em benef\u00edcio do desenvolvimento e da qualidade de vida da sociedade.","publisher":{"@id":"https:\/\/www.institutodeengenharia.org.br\/site\/#organization"},"potentialAction":[{"@type":"SearchAction","target":{"@type":"EntryPoint","urlTemplate":"https:\/\/www.institutodeengenharia.org.br\/site\/?s={search_term_string}"},"query-input":{"@type":"PropertyValueSpecification","valueRequired":true,"valueName":"search_term_string"}}],"inLanguage":"pt-BR"},{"@type":"Organization","@id":"https:\/\/www.institutodeengenharia.org.br\/site\/#organization","name":"Instituto de Engenharia","url":"https:\/\/www.institutodeengenharia.org.br\/site\/","logo":{"@type":"ImageObject","inLanguage":"pt-BR","@id":"https:\/\/www.institutodeengenharia.org.br\/site\/#\/schema\/logo\/image\/","url":"https:\/\/www.institutodeengenharia.org.br\/site\/wp-content\/uploads\/2019\/03\/logo-novo-IE2018-1.jpg","contentUrl":"https:\/\/www.institutodeengenharia.org.br\/site\/wp-content\/uploads\/2019\/03\/logo-novo-IE2018-1.jpg","width":1486,"height":1879,"caption":"Instituto de Engenharia"},"image":{"@id":"https:\/\/www.institutodeengenharia.org.br\/site\/#\/schema\/logo\/image\/"},"sameAs":["https:\/\/www.facebook.com\/institutodeengenharia","https:\/\/x.com\/iengenharia","https:\/\/www.instagram.com\/institutodeengenharia\/","https:\/\/www.linkedin.com\/company\/instituto-de-engenharia\/","https:\/\/www.youtube.com\/channel\/UCXiCAlsSMe977vamW915HxA"]},{"@type":"Person","@id":"https:\/\/www.institutodeengenharia.org.br\/site\/#\/schema\/person\/3b1ff109facef084739fc2edcb9a127f","name":"TMax Tecnologia","image":{"@type":"ImageObject","inLanguage":"pt-BR","@id":"https:\/\/secure.gravatar.com\/avatar\/f912434ef7f389c92cb311fcdae346af848465d638912574b3c669070f797701?s=96&d=mm&r=g","url":"https:\/\/secure.gravatar.com\/avatar\/f912434ef7f389c92cb311fcdae346af848465d638912574b3c669070f797701?s=96&d=mm&r=g","contentUrl":"https:\/\/secure.gravatar.com\/avatar\/f912434ef7f389c92cb311fcdae346af848465d638912574b3c669070f797701?s=96&d=mm&r=g","caption":"TMax Tecnologia"},"url":"https:\/\/www.institutodeengenharia.org.br\/site\/author\/tmax\/"}]}},"_links":{"self":[{"href":"https:\/\/www.institutodeengenharia.org.br\/site\/wp-json\/wp\/v2\/posts\/23919","targetHints":{"allow":["GET"]}}],"collection":[{"href":"https:\/\/www.institutodeengenharia.org.br\/site\/wp-json\/wp\/v2\/posts"}],"about":[{"href":"https:\/\/www.institutodeengenharia.org.br\/site\/wp-json\/wp\/v2\/types\/post"}],"author":[{"embeddable":true,"href":"https:\/\/www.institutodeengenharia.org.br\/site\/wp-json\/wp\/v2\/users\/1"}],"replies":[{"embeddable":true,"href":"https:\/\/www.institutodeengenharia.org.br\/site\/wp-json\/wp\/v2\/comments?post=23919"}],"version-history":[{"count":0,"href":"https:\/\/www.institutodeengenharia.org.br\/site\/wp-json\/wp\/v2\/posts\/23919\/revisions"}],"wp:featuredmedia":[{"embeddable":true,"href":"https:\/\/www.institutodeengenharia.org.br\/site\/wp-json\/wp\/v2\/media\/23920"}],"wp:attachment":[{"href":"https:\/\/www.institutodeengenharia.org.br\/site\/wp-json\/wp\/v2\/media?parent=23919"}],"wp:term":[{"taxonomy":"category","embeddable":true,"href":"https:\/\/www.institutodeengenharia.org.br\/site\/wp-json\/wp\/v2\/categories?post=23919"},{"taxonomy":"post_tag","embeddable":true,"href":"https:\/\/www.institutodeengenharia.org.br\/site\/wp-json\/wp\/v2\/tags?post=23919"}],"curies":[{"name":"wp","href":"https:\/\/api.w.org\/{rel}","templated":true}]}}