{"id":23917,"date":"2013-09-12T23:57:33","date_gmt":"2013-09-12T23:57:33","guid":{"rendered":"https:\/\/www.institutodeengenharia.org.br\/?p=23917"},"modified":"2013-09-12T15:25:58","modified_gmt":"2013-09-12T15:25:58","slug":"arena-corinthians-quinto-modulo-da-cobertura-de-arquibancada-e-colocado","status":"publish","type":"post","link":"https:\/\/www.institutodeengenharia.org.br\/site\/2013\/09\/12\/arena-corinthians-quinto-modulo-da-cobertura-de-arquibancada-e-colocado\/","title":{"rendered":"Arena Corinthians: quinto m\u00f3dulo da cobertura de arquibancada \u00e9 colocado"},"content":{"rendered":"<p>A Odebrecht Infraestrutura, respons\u00e1vel pelas obras da Arena Corinthians, divulgou que o quinto m\u00f3dulo met\u00e1lico da cobertura da arquibancada sul foi colocado na tarde da \u00faltima ter\u00e7a-feira. <\/p>\n<p>A pe\u00e7a, que pesa 312 toneladas e teve de ser i\u00e7ada por um superguindaste, \u00e9 o quinto elemento de um conjunto de sete m\u00f3dulos que v\u00e3o formar um v\u00e3o livre de 170 metros, igual ao que j\u00e1 come\u00e7ou a ser montado na arquibancada norte. Os dois conjuntos ser\u00e3o terminados em novembro. <\/p>\n<p>As coberturas das arquibancadas leste e oeste, segundo a Odebrecht, devem ser conclu\u00eddas em outubro, quando v\u00e1rios outros setores do est\u00e1dio tamb\u00e9m estar\u00e3o em fase final de acabamento.<\/p>\n<p>Ainda de acordo com a construtura, j\u00e1 foram conclu\u00eddos v\u00e1rios banheiros, alguns dos 59 espa\u00e7os para lojas, pisos, a fachada de vidro do setor leste (tel\u00e3o de led) e o gramado. <\/p>\n<p>Os servi\u00e7os de acabamento dos vesti\u00e1rios dos jogadores do Corinthians, bem como o dos times visitantes, segue em ritmo acelerado, enquanto a fachada de vidro do setor oeste est\u00e1 com mais de 40% das pe\u00e7as colocadas. <\/p>\n<p>A Odebrecht divulgou ainda que os oper\u00e1rios tamb\u00e9m j\u00e1 come\u00e7aram a erguer o muro que vai delimitar a \u00e1rea total do complexo esportivo, que ter\u00e1 duas grandes \u00e1reas para estacionamentos a c\u00e9u aberto e dois pavimentos, no pr\u00e9dio oeste, para estacionamentos cobertos. No total ser\u00e3o mais de tr\u00eas mil vagas de garagem. As obras da Arena Corinthians, que atualmente contam com 1,6 mil trabalhadores, chegaram a 88% da conclus\u00e3o.<\/p>\n<p><b>Autor: Terra<\/b><\/p>\n","protected":false},"excerpt":{"rendered":"<p>A Odebrecht Infraestrutura, respons\u00e1vel pelas obras da Arena Corinthians, divulgou que o quinto m\u00f3dulo met\u00e1lico da cobertura da arquibancada sul foi colocado na tarde da \u00faltima ter\u00e7a-feira. A pe\u00e7a, que pesa 312 toneladas e teve de ser i\u00e7ada por um superguindaste, \u00e9 o quinto elemento de um conjunto de sete m\u00f3dulos que v\u00e3o formar um [&hellip;]<\/p>\n","protected":false},"author":1,"featured_media":23918,"comment_status":"open","ping_status":"open","sticky":false,"template":"","format":"standard","meta":{"footnotes":""},"categories":[10,6],"tags":[],"class_list":{"0":"post-23917","1":"post","2":"type-post","3":"status-publish","4":"format-standard","5":"has-post-thumbnail","7":"category-copa-2014","8":"category-noticias"},"yoast_head":"<!-- This site is optimized with the Yoast SEO plugin v27.2 - https:\/\/yoast.com\/product\/yoast-seo-wordpress\/ -->\n<title>Arena Corinthians: quinto m\u00f3dulo da cobertura de arquibancada \u00e9 colocado - Instituto de Engenharia<\/title>\n<meta name=\"robots\" content=\"index, follow, max-snippet:-1, max-image-preview:large, max-video-preview:-1\" \/>\n<link rel=\"canonical\" href=\"https:\/\/www.institutodeengenharia.org.br\/site\/2013\/09\/12\/arena-corinthians-quinto-modulo-da-cobertura-de-arquibancada-e-colocado\/\" \/>\n<meta property=\"og:locale\" content=\"pt_BR\" \/>\n<meta property=\"og:type\" content=\"article\" \/>\n<meta property=\"og:title\" content=\"Arena Corinthians: quinto m\u00f3dulo da cobertura de arquibancada \u00e9 colocado - Instituto de Engenharia\" \/>\n<meta property=\"og:description\" content=\"A Odebrecht Infraestrutura, respons\u00e1vel pelas obras da Arena Corinthians, divulgou que o quinto m\u00f3dulo met\u00e1lico da cobertura da arquibancada sul foi colocado na tarde da \u00faltima ter\u00e7a-feira. A pe\u00e7a, que pesa 312 toneladas e teve de ser i\u00e7ada por um superguindaste, \u00e9 o quinto elemento de um conjunto de sete m\u00f3dulos que v\u00e3o formar um [&hellip;]\" \/>\n<meta property=\"og:url\" content=\"https:\/\/www.institutodeengenharia.org.br\/site\/2013\/09\/12\/arena-corinthians-quinto-modulo-da-cobertura-de-arquibancada-e-colocado\/\" \/>\n<meta property=\"og:site_name\" content=\"Instituto de Engenharia\" \/>\n<meta property=\"article:publisher\" content=\"https:\/\/www.facebook.com\/institutodeengenharia\" \/>\n<meta property=\"article:published_time\" content=\"2013-09-12T23:57:33+00:00\" \/>\n<meta property=\"og:image\" content=\"https:\/\/www.institutodeengenharia.org.br\/site\/wp-content\/uploads\/2017\/10\/arena(1).jpg\" \/>\n\t<meta property=\"og:image:width\" content=\"619\" \/>\n\t<meta property=\"og:image:height\" content=\"464\" \/>\n\t<meta property=\"og:image:type\" content=\"image\/jpeg\" \/>\n<meta name=\"author\" content=\"TMax Tecnologia\" \/>\n<meta name=\"twitter:card\" content=\"summary_large_image\" \/>\n<meta name=\"twitter:creator\" content=\"@iengenharia\" \/>\n<meta name=\"twitter:site\" content=\"@iengenharia\" \/>\n<meta name=\"twitter:label1\" content=\"Escrito por\" \/>\n\t<meta name=\"twitter:data1\" content=\"TMax Tecnologia\" \/>\n\t<meta name=\"twitter:label2\" content=\"Est. tempo de leitura\" \/>\n\t<meta name=\"twitter:data2\" content=\"1 minuto\" \/>\n<script type=\"application\/ld+json\" class=\"yoast-schema-graph\">{\"@context\":\"https:\/\/schema.org\",\"@graph\":[{\"@type\":\"Article\",\"@id\":\"https:\/\/www.institutodeengenharia.org.br\/site\/2013\/09\/12\/arena-corinthians-quinto-modulo-da-cobertura-de-arquibancada-e-colocado\/#article\",\"isPartOf\":{\"@id\":\"https:\/\/www.institutodeengenharia.org.br\/site\/2013\/09\/12\/arena-corinthians-quinto-modulo-da-cobertura-de-arquibancada-e-colocado\/\"},\"author\":{\"name\":\"TMax Tecnologia\",\"@id\":\"https:\/\/www.institutodeengenharia.org.br\/site\/#\/schema\/person\/3b1ff109facef084739fc2edcb9a127f\"},\"headline\":\"Arena Corinthians: quinto m\u00f3dulo da cobertura de arquibancada \u00e9 colocado\",\"datePublished\":\"2013-09-12T23:57:33+00:00\",\"mainEntityOfPage\":{\"@id\":\"https:\/\/www.institutodeengenharia.org.br\/site\/2013\/09\/12\/arena-corinthians-quinto-modulo-da-cobertura-de-arquibancada-e-colocado\/\"},\"wordCount\":278,\"commentCount\":0,\"publisher\":{\"@id\":\"https:\/\/www.institutodeengenharia.org.br\/site\/#organization\"},\"image\":{\"@id\":\"https:\/\/www.institutodeengenharia.org.br\/site\/2013\/09\/12\/arena-corinthians-quinto-modulo-da-cobertura-de-arquibancada-e-colocado\/#primaryimage\"},\"thumbnailUrl\":\"https:\/\/www.institutodeengenharia.org.br\/site\/wp-content\/uploads\/2017\/10\/arena(1).jpg\",\"articleSection\":[\"Copa 2014\",\"Not\u00edcias\"],\"inLanguage\":\"pt-BR\",\"potentialAction\":[{\"@type\":\"CommentAction\",\"name\":\"Comment\",\"target\":[\"https:\/\/www.institutodeengenharia.org.br\/site\/2013\/09\/12\/arena-corinthians-quinto-modulo-da-cobertura-de-arquibancada-e-colocado\/#respond\"]}]},{\"@type\":\"WebPage\",\"@id\":\"https:\/\/www.institutodeengenharia.org.br\/site\/2013\/09\/12\/arena-corinthians-quinto-modulo-da-cobertura-de-arquibancada-e-colocado\/\",\"url\":\"https:\/\/www.institutodeengenharia.org.br\/site\/2013\/09\/12\/arena-corinthians-quinto-modulo-da-cobertura-de-arquibancada-e-colocado\/\",\"name\":\"Arena Corinthians: quinto m\u00f3dulo da cobertura de arquibancada \u00e9 colocado - Instituto de Engenharia\",\"isPartOf\":{\"@id\":\"https:\/\/www.institutodeengenharia.org.br\/site\/#website\"},\"primaryImageOfPage\":{\"@id\":\"https:\/\/www.institutodeengenharia.org.br\/site\/2013\/09\/12\/arena-corinthians-quinto-modulo-da-cobertura-de-arquibancada-e-colocado\/#primaryimage\"},\"image\":{\"@id\":\"https:\/\/www.institutodeengenharia.org.br\/site\/2013\/09\/12\/arena-corinthians-quinto-modulo-da-cobertura-de-arquibancada-e-colocado\/#primaryimage\"},\"thumbnailUrl\":\"https:\/\/www.institutodeengenharia.org.br\/site\/wp-content\/uploads\/2017\/10\/arena(1).jpg\",\"datePublished\":\"2013-09-12T23:57:33+00:00\",\"breadcrumb\":{\"@id\":\"https:\/\/www.institutodeengenharia.org.br\/site\/2013\/09\/12\/arena-corinthians-quinto-modulo-da-cobertura-de-arquibancada-e-colocado\/#breadcrumb\"},\"inLanguage\":\"pt-BR\",\"potentialAction\":[{\"@type\":\"ReadAction\",\"target\":[\"https:\/\/www.institutodeengenharia.org.br\/site\/2013\/09\/12\/arena-corinthians-quinto-modulo-da-cobertura-de-arquibancada-e-colocado\/\"]}]},{\"@type\":\"ImageObject\",\"inLanguage\":\"pt-BR\",\"@id\":\"https:\/\/www.institutodeengenharia.org.br\/site\/2013\/09\/12\/arena-corinthians-quinto-modulo-da-cobertura-de-arquibancada-e-colocado\/#primaryimage\",\"url\":\"https:\/\/www.institutodeengenharia.org.br\/site\/wp-content\/uploads\/2017\/10\/arena(1).jpg\",\"contentUrl\":\"https:\/\/www.institutodeengenharia.org.br\/site\/wp-content\/uploads\/2017\/10\/arena(1).jpg\",\"width\":619,\"height\":464},{\"@type\":\"BreadcrumbList\",\"@id\":\"https:\/\/www.institutodeengenharia.org.br\/site\/2013\/09\/12\/arena-corinthians-quinto-modulo-da-cobertura-de-arquibancada-e-colocado\/#breadcrumb\",\"itemListElement\":[{\"@type\":\"ListItem\",\"position\":1,\"name\":\"In\u00edcio\",\"item\":\"https:\/\/www.institutodeengenharia.org.br\/site\/\"},{\"@type\":\"ListItem\",\"position\":2,\"name\":\"Arena Corinthians: quinto m\u00f3dulo da cobertura de arquibancada \u00e9 colocado\"}]},{\"@type\":\"WebSite\",\"@id\":\"https:\/\/www.institutodeengenharia.org.br\/site\/#website\",\"url\":\"https:\/\/www.institutodeengenharia.org.br\/site\/\",\"name\":\"Instituto de Engenharia\",\"description\":\"O Instituto de Engenharia promove a Engenharia em benef\u00edcio do desenvolvimento e da qualidade de vida da sociedade.\",\"publisher\":{\"@id\":\"https:\/\/www.institutodeengenharia.org.br\/site\/#organization\"},\"potentialAction\":[{\"@type\":\"SearchAction\",\"target\":{\"@type\":\"EntryPoint\",\"urlTemplate\":\"https:\/\/www.institutodeengenharia.org.br\/site\/?s={search_term_string}\"},\"query-input\":{\"@type\":\"PropertyValueSpecification\",\"valueRequired\":true,\"valueName\":\"search_term_string\"}}],\"inLanguage\":\"pt-BR\"},{\"@type\":\"Organization\",\"@id\":\"https:\/\/www.institutodeengenharia.org.br\/site\/#organization\",\"name\":\"Instituto de Engenharia\",\"url\":\"https:\/\/www.institutodeengenharia.org.br\/site\/\",\"logo\":{\"@type\":\"ImageObject\",\"inLanguage\":\"pt-BR\",\"@id\":\"https:\/\/www.institutodeengenharia.org.br\/site\/#\/schema\/logo\/image\/\",\"url\":\"https:\/\/www.institutodeengenharia.org.br\/site\/wp-content\/uploads\/2019\/03\/logo-novo-IE2018-1.jpg\",\"contentUrl\":\"https:\/\/www.institutodeengenharia.org.br\/site\/wp-content\/uploads\/2019\/03\/logo-novo-IE2018-1.jpg\",\"width\":1486,\"height\":1879,\"caption\":\"Instituto de Engenharia\"},\"image\":{\"@id\":\"https:\/\/www.institutodeengenharia.org.br\/site\/#\/schema\/logo\/image\/\"},\"sameAs\":[\"https:\/\/www.facebook.com\/institutodeengenharia\",\"https:\/\/x.com\/iengenharia\",\"https:\/\/www.instagram.com\/institutodeengenharia\/\",\"https:\/\/www.linkedin.com\/company\/instituto-de-engenharia\/\",\"https:\/\/www.youtube.com\/channel\/UCXiCAlsSMe977vamW915HxA\"]},{\"@type\":\"Person\",\"@id\":\"https:\/\/www.institutodeengenharia.org.br\/site\/#\/schema\/person\/3b1ff109facef084739fc2edcb9a127f\",\"name\":\"TMax Tecnologia\",\"image\":{\"@type\":\"ImageObject\",\"inLanguage\":\"pt-BR\",\"@id\":\"https:\/\/secure.gravatar.com\/avatar\/f912434ef7f389c92cb311fcdae346af848465d638912574b3c669070f797701?s=96&d=mm&r=g\",\"url\":\"https:\/\/secure.gravatar.com\/avatar\/f912434ef7f389c92cb311fcdae346af848465d638912574b3c669070f797701?s=96&d=mm&r=g\",\"contentUrl\":\"https:\/\/secure.gravatar.com\/avatar\/f912434ef7f389c92cb311fcdae346af848465d638912574b3c669070f797701?s=96&d=mm&r=g\",\"caption\":\"TMax Tecnologia\"},\"url\":\"https:\/\/www.institutodeengenharia.org.br\/site\/author\/tmax\/\"}]}<\/script>\n<!-- \/ Yoast SEO plugin. -->","yoast_head_json":{"title":"Arena Corinthians: quinto m\u00f3dulo da cobertura de arquibancada \u00e9 colocado - Instituto de Engenharia","robots":{"index":"index","follow":"follow","max-snippet":"max-snippet:-1","max-image-preview":"max-image-preview:large","max-video-preview":"max-video-preview:-1"},"canonical":"https:\/\/www.institutodeengenharia.org.br\/site\/2013\/09\/12\/arena-corinthians-quinto-modulo-da-cobertura-de-arquibancada-e-colocado\/","og_locale":"pt_BR","og_type":"article","og_title":"Arena Corinthians: quinto m\u00f3dulo da cobertura de arquibancada \u00e9 colocado - Instituto de Engenharia","og_description":"A Odebrecht Infraestrutura, respons\u00e1vel pelas obras da Arena Corinthians, divulgou que o quinto m\u00f3dulo met\u00e1lico da cobertura da arquibancada sul foi colocado na tarde da \u00faltima ter\u00e7a-feira. A pe\u00e7a, que pesa 312 toneladas e teve de ser i\u00e7ada por um superguindaste, \u00e9 o quinto elemento de um conjunto de sete m\u00f3dulos que v\u00e3o formar um [&hellip;]","og_url":"https:\/\/www.institutodeengenharia.org.br\/site\/2013\/09\/12\/arena-corinthians-quinto-modulo-da-cobertura-de-arquibancada-e-colocado\/","og_site_name":"Instituto de Engenharia","article_publisher":"https:\/\/www.facebook.com\/institutodeengenharia","article_published_time":"2013-09-12T23:57:33+00:00","og_image":[{"width":619,"height":464,"url":"https:\/\/www.institutodeengenharia.org.br\/site\/wp-content\/uploads\/2017\/10\/arena(1).jpg","type":"image\/jpeg"}],"author":"TMax Tecnologia","twitter_card":"summary_large_image","twitter_creator":"@iengenharia","twitter_site":"@iengenharia","twitter_misc":{"Escrito por":"TMax Tecnologia","Est. tempo de leitura":"1 minuto"},"schema":{"@context":"https:\/\/schema.org","@graph":[{"@type":"Article","@id":"https:\/\/www.institutodeengenharia.org.br\/site\/2013\/09\/12\/arena-corinthians-quinto-modulo-da-cobertura-de-arquibancada-e-colocado\/#article","isPartOf":{"@id":"https:\/\/www.institutodeengenharia.org.br\/site\/2013\/09\/12\/arena-corinthians-quinto-modulo-da-cobertura-de-arquibancada-e-colocado\/"},"author":{"name":"TMax Tecnologia","@id":"https:\/\/www.institutodeengenharia.org.br\/site\/#\/schema\/person\/3b1ff109facef084739fc2edcb9a127f"},"headline":"Arena Corinthians: quinto m\u00f3dulo da cobertura de arquibancada \u00e9 colocado","datePublished":"2013-09-12T23:57:33+00:00","mainEntityOfPage":{"@id":"https:\/\/www.institutodeengenharia.org.br\/site\/2013\/09\/12\/arena-corinthians-quinto-modulo-da-cobertura-de-arquibancada-e-colocado\/"},"wordCount":278,"commentCount":0,"publisher":{"@id":"https:\/\/www.institutodeengenharia.org.br\/site\/#organization"},"image":{"@id":"https:\/\/www.institutodeengenharia.org.br\/site\/2013\/09\/12\/arena-corinthians-quinto-modulo-da-cobertura-de-arquibancada-e-colocado\/#primaryimage"},"thumbnailUrl":"https:\/\/www.institutodeengenharia.org.br\/site\/wp-content\/uploads\/2017\/10\/arena(1).jpg","articleSection":["Copa 2014","Not\u00edcias"],"inLanguage":"pt-BR","potentialAction":[{"@type":"CommentAction","name":"Comment","target":["https:\/\/www.institutodeengenharia.org.br\/site\/2013\/09\/12\/arena-corinthians-quinto-modulo-da-cobertura-de-arquibancada-e-colocado\/#respond"]}]},{"@type":"WebPage","@id":"https:\/\/www.institutodeengenharia.org.br\/site\/2013\/09\/12\/arena-corinthians-quinto-modulo-da-cobertura-de-arquibancada-e-colocado\/","url":"https:\/\/www.institutodeengenharia.org.br\/site\/2013\/09\/12\/arena-corinthians-quinto-modulo-da-cobertura-de-arquibancada-e-colocado\/","name":"Arena Corinthians: quinto m\u00f3dulo da cobertura de arquibancada \u00e9 colocado - Instituto de Engenharia","isPartOf":{"@id":"https:\/\/www.institutodeengenharia.org.br\/site\/#website"},"primaryImageOfPage":{"@id":"https:\/\/www.institutodeengenharia.org.br\/site\/2013\/09\/12\/arena-corinthians-quinto-modulo-da-cobertura-de-arquibancada-e-colocado\/#primaryimage"},"image":{"@id":"https:\/\/www.institutodeengenharia.org.br\/site\/2013\/09\/12\/arena-corinthians-quinto-modulo-da-cobertura-de-arquibancada-e-colocado\/#primaryimage"},"thumbnailUrl":"https:\/\/www.institutodeengenharia.org.br\/site\/wp-content\/uploads\/2017\/10\/arena(1).jpg","datePublished":"2013-09-12T23:57:33+00:00","breadcrumb":{"@id":"https:\/\/www.institutodeengenharia.org.br\/site\/2013\/09\/12\/arena-corinthians-quinto-modulo-da-cobertura-de-arquibancada-e-colocado\/#breadcrumb"},"inLanguage":"pt-BR","potentialAction":[{"@type":"ReadAction","target":["https:\/\/www.institutodeengenharia.org.br\/site\/2013\/09\/12\/arena-corinthians-quinto-modulo-da-cobertura-de-arquibancada-e-colocado\/"]}]},{"@type":"ImageObject","inLanguage":"pt-BR","@id":"https:\/\/www.institutodeengenharia.org.br\/site\/2013\/09\/12\/arena-corinthians-quinto-modulo-da-cobertura-de-arquibancada-e-colocado\/#primaryimage","url":"https:\/\/www.institutodeengenharia.org.br\/site\/wp-content\/uploads\/2017\/10\/arena(1).jpg","contentUrl":"https:\/\/www.institutodeengenharia.org.br\/site\/wp-content\/uploads\/2017\/10\/arena(1).jpg","width":619,"height":464},{"@type":"BreadcrumbList","@id":"https:\/\/www.institutodeengenharia.org.br\/site\/2013\/09\/12\/arena-corinthians-quinto-modulo-da-cobertura-de-arquibancada-e-colocado\/#breadcrumb","itemListElement":[{"@type":"ListItem","position":1,"name":"In\u00edcio","item":"https:\/\/www.institutodeengenharia.org.br\/site\/"},{"@type":"ListItem","position":2,"name":"Arena Corinthians: quinto m\u00f3dulo da cobertura de arquibancada \u00e9 colocado"}]},{"@type":"WebSite","@id":"https:\/\/www.institutodeengenharia.org.br\/site\/#website","url":"https:\/\/www.institutodeengenharia.org.br\/site\/","name":"Instituto de Engenharia","description":"O Instituto de Engenharia promove a Engenharia em benef\u00edcio do desenvolvimento e da qualidade de vida da sociedade.","publisher":{"@id":"https:\/\/www.institutodeengenharia.org.br\/site\/#organization"},"potentialAction":[{"@type":"SearchAction","target":{"@type":"EntryPoint","urlTemplate":"https:\/\/www.institutodeengenharia.org.br\/site\/?s={search_term_string}"},"query-input":{"@type":"PropertyValueSpecification","valueRequired":true,"valueName":"search_term_string"}}],"inLanguage":"pt-BR"},{"@type":"Organization","@id":"https:\/\/www.institutodeengenharia.org.br\/site\/#organization","name":"Instituto de Engenharia","url":"https:\/\/www.institutodeengenharia.org.br\/site\/","logo":{"@type":"ImageObject","inLanguage":"pt-BR","@id":"https:\/\/www.institutodeengenharia.org.br\/site\/#\/schema\/logo\/image\/","url":"https:\/\/www.institutodeengenharia.org.br\/site\/wp-content\/uploads\/2019\/03\/logo-novo-IE2018-1.jpg","contentUrl":"https:\/\/www.institutodeengenharia.org.br\/site\/wp-content\/uploads\/2019\/03\/logo-novo-IE2018-1.jpg","width":1486,"height":1879,"caption":"Instituto de Engenharia"},"image":{"@id":"https:\/\/www.institutodeengenharia.org.br\/site\/#\/schema\/logo\/image\/"},"sameAs":["https:\/\/www.facebook.com\/institutodeengenharia","https:\/\/x.com\/iengenharia","https:\/\/www.instagram.com\/institutodeengenharia\/","https:\/\/www.linkedin.com\/company\/instituto-de-engenharia\/","https:\/\/www.youtube.com\/channel\/UCXiCAlsSMe977vamW915HxA"]},{"@type":"Person","@id":"https:\/\/www.institutodeengenharia.org.br\/site\/#\/schema\/person\/3b1ff109facef084739fc2edcb9a127f","name":"TMax Tecnologia","image":{"@type":"ImageObject","inLanguage":"pt-BR","@id":"https:\/\/secure.gravatar.com\/avatar\/f912434ef7f389c92cb311fcdae346af848465d638912574b3c669070f797701?s=96&d=mm&r=g","url":"https:\/\/secure.gravatar.com\/avatar\/f912434ef7f389c92cb311fcdae346af848465d638912574b3c669070f797701?s=96&d=mm&r=g","contentUrl":"https:\/\/secure.gravatar.com\/avatar\/f912434ef7f389c92cb311fcdae346af848465d638912574b3c669070f797701?s=96&d=mm&r=g","caption":"TMax Tecnologia"},"url":"https:\/\/www.institutodeengenharia.org.br\/site\/author\/tmax\/"}]}},"_links":{"self":[{"href":"https:\/\/www.institutodeengenharia.org.br\/site\/wp-json\/wp\/v2\/posts\/23917","targetHints":{"allow":["GET"]}}],"collection":[{"href":"https:\/\/www.institutodeengenharia.org.br\/site\/wp-json\/wp\/v2\/posts"}],"about":[{"href":"https:\/\/www.institutodeengenharia.org.br\/site\/wp-json\/wp\/v2\/types\/post"}],"author":[{"embeddable":true,"href":"https:\/\/www.institutodeengenharia.org.br\/site\/wp-json\/wp\/v2\/users\/1"}],"replies":[{"embeddable":true,"href":"https:\/\/www.institutodeengenharia.org.br\/site\/wp-json\/wp\/v2\/comments?post=23917"}],"version-history":[{"count":0,"href":"https:\/\/www.institutodeengenharia.org.br\/site\/wp-json\/wp\/v2\/posts\/23917\/revisions"}],"wp:featuredmedia":[{"embeddable":true,"href":"https:\/\/www.institutodeengenharia.org.br\/site\/wp-json\/wp\/v2\/media\/23918"}],"wp:attachment":[{"href":"https:\/\/www.institutodeengenharia.org.br\/site\/wp-json\/wp\/v2\/media?parent=23917"}],"wp:term":[{"taxonomy":"category","embeddable":true,"href":"https:\/\/www.institutodeengenharia.org.br\/site\/wp-json\/wp\/v2\/categories?post=23917"},{"taxonomy":"post_tag","embeddable":true,"href":"https:\/\/www.institutodeengenharia.org.br\/site\/wp-json\/wp\/v2\/tags?post=23917"}],"curies":[{"name":"wp","href":"https:\/\/api.w.org\/{rel}","templated":true}]}}