{"id":23871,"date":"2013-09-06T23:56:58","date_gmt":"2013-09-06T23:56:58","guid":{"rendered":"https:\/\/www.institutodeengenharia.org.br\/?p=23871"},"modified":"2013-09-06T11:19:15","modified_gmt":"2013-09-06T11:19:15","slug":"cientistas-descobriram-o-maior-vulcao-da-terra-no-fundo-do-oceano-perto-do-japao","status":"publish","type":"post","link":"https:\/\/www.institutodeengenharia.org.br\/site\/2013\/09\/06\/cientistas-descobriram-o-maior-vulcao-da-terra-no-fundo-do-oceano-perto-do-japao\/","title":{"rendered":"Cientistas descobriram o maior vulc\u00e3o da Terra no fundo do oceano, perto do Jap\u00e3o"},"content":{"rendered":"<p>\nO maior vulc\u00e3o do planeta \u2014 e um dos maiores conhecidos do sistema solar \u2014 ficou escondido por todo esse tempo. Cientistas encontraram o grand\u00e3o descansando no fundo do mar. \u00c9 um monstro.&nbsp;<\/p>\n<p>O Tamu Massif est\u00e1 no fundo do Pac\u00edfico, pr\u00f3ximo \u00e0 costa leste do Jap\u00e3o e ocupa 308 km\u00b2 em sua base, sendo um pouco menor que o estado inteiro de Goi\u00e1s. E embora ele fique longe da superf\u00edcie, seu pico tem 3,5 km de altura. \u00c9 quase metade da altura do Monte Everest. <br \/>\nEmbora o Tamu Massif seja um tanto menor que o gigantesco vulc\u00e3o marciano Olympus Mons, o maior vulc\u00e3o conhecido do nosso sistema solar com 19,3 km de altura, em volume ele \u00e9 apenas 25% menor.&nbsp;<\/p>\n<p>\u00c9 dif\u00edcil um neg\u00f3cio t\u00e3o grande passar despercebido, e os cientistas desconfiavam de que havia alguma coisa l\u00e1 embaixo. Mas eles acreditavam que era um grande sistema com v\u00e1rios vulc\u00f5es at\u00e9 que uma equipe de pesquisadores da Universidade Texas A&amp;M descobriu que, na realidade, trata-se de apenas um vulc\u00e3o. Eles publicaram a descoberta na Nature Geoscience. Ah, e o nome Tamu? N\u00e3o, n\u00e3o tem nada a ver com kaijus; \u00e9 apenas as iniciais da universidade \u2014 em ingles, Texas A&amp;M University.&nbsp;<\/p>\n<p>Felizmente, o Tamu Massif provavelmente est\u00e1 inativo h\u00e1 tempos. As erup\u00e7\u00f5es que o ajudaram a crescer a esse tamanho enorme aconteceram h\u00e1 114 milh\u00f5es de anos. Desde ent\u00e3o, a situa\u00e7\u00e3o \u00e9 calma na regi\u00e3o. E, esperamos, continuar\u00e1 assim.&nbsp;<\/p>\n<p>Talvez existam outros gigantes desconhecidos por a\u00ed; o oceano \u00e9 um lugar enorme. Mas at\u00e9 que encontremos outro adormecido colossal nas profundezas do mar, o Tamu Massif continuar\u00e1 sendo um rei imponente.<\/p>\n<p><b>Autor: GizModo<\/b><\/p>\n","protected":false},"excerpt":{"rendered":"<p>O maior vulc\u00e3o do planeta \u2014 e um dos maiores conhecidos do sistema solar \u2014 ficou escondido por todo esse tempo. Cientistas encontraram o grand\u00e3o descansando no fundo do mar. \u00c9 um monstro.&nbsp; O Tamu Massif est\u00e1 no fundo do Pac\u00edfico, pr\u00f3ximo \u00e0 costa leste do Jap\u00e3o e ocupa 308 km\u00b2 em sua base, sendo [&hellip;]<\/p>\n","protected":false},"author":1,"featured_media":23872,"comment_status":"open","ping_status":"open","sticky":false,"template":"","format":"standard","meta":{"footnotes":""},"categories":[31,6],"tags":[],"class_list":{"0":"post-23871","1":"post","2":"type-post","3":"status-publish","4":"format-standard","5":"has-post-thumbnail","7":"category-meio-ambiente","8":"category-noticias"},"yoast_head":"<!-- This site is optimized with the Yoast SEO plugin v27.2 - https:\/\/yoast.com\/product\/yoast-seo-wordpress\/ -->\n<title>Cientistas descobriram o maior vulc\u00e3o da Terra no fundo do oceano, perto do Jap\u00e3o - Instituto de Engenharia<\/title>\n<meta name=\"robots\" content=\"index, follow, max-snippet:-1, max-image-preview:large, max-video-preview:-1\" \/>\n<link rel=\"canonical\" href=\"https:\/\/www.institutodeengenharia.org.br\/site\/2013\/09\/06\/cientistas-descobriram-o-maior-vulcao-da-terra-no-fundo-do-oceano-perto-do-japao\/\" \/>\n<meta property=\"og:locale\" content=\"pt_BR\" \/>\n<meta property=\"og:type\" content=\"article\" \/>\n<meta property=\"og:title\" content=\"Cientistas descobriram o maior vulc\u00e3o da Terra no fundo do oceano, perto do Jap\u00e3o - Instituto de Engenharia\" \/>\n<meta property=\"og:description\" content=\"O maior vulc\u00e3o do planeta \u2014 e um dos maiores conhecidos do sistema solar \u2014 ficou escondido por todo esse tempo. Cientistas encontraram o grand\u00e3o descansando no fundo do mar. \u00c9 um monstro.&nbsp; O Tamu Massif est\u00e1 no fundo do Pac\u00edfico, pr\u00f3ximo \u00e0 costa leste do Jap\u00e3o e ocupa 308 km\u00b2 em sua base, sendo [&hellip;]\" \/>\n<meta property=\"og:url\" content=\"https:\/\/www.institutodeengenharia.org.br\/site\/2013\/09\/06\/cientistas-descobriram-o-maior-vulcao-da-terra-no-fundo-do-oceano-perto-do-japao\/\" \/>\n<meta property=\"og:site_name\" content=\"Instituto de Engenharia\" \/>\n<meta property=\"article:publisher\" content=\"https:\/\/www.facebook.com\/institutodeengenharia\" \/>\n<meta property=\"article:published_time\" content=\"2013-09-06T23:56:58+00:00\" \/>\n<meta property=\"og:image\" content=\"https:\/\/www.institutodeengenharia.org.br\/site\/wp-content\/uploads\/2017\/10\/vulcao(2).jpg\" \/>\n\t<meta property=\"og:image:width\" content=\"640\" \/>\n\t<meta property=\"og:image:height\" content=\"360\" \/>\n\t<meta property=\"og:image:type\" content=\"image\/jpeg\" \/>\n<meta name=\"author\" content=\"TMax Tecnologia\" \/>\n<meta name=\"twitter:card\" content=\"summary_large_image\" \/>\n<meta name=\"twitter:creator\" content=\"@iengenharia\" \/>\n<meta name=\"twitter:site\" content=\"@iengenharia\" \/>\n<meta name=\"twitter:label1\" content=\"Escrito por\" \/>\n\t<meta name=\"twitter:data1\" content=\"TMax Tecnologia\" \/>\n\t<meta name=\"twitter:label2\" content=\"Est. tempo de leitura\" \/>\n\t<meta name=\"twitter:data2\" content=\"1 minuto\" \/>\n<script type=\"application\/ld+json\" class=\"yoast-schema-graph\">{\"@context\":\"https:\/\/schema.org\",\"@graph\":[{\"@type\":\"Article\",\"@id\":\"https:\/\/www.institutodeengenharia.org.br\/site\/2013\/09\/06\/cientistas-descobriram-o-maior-vulcao-da-terra-no-fundo-do-oceano-perto-do-japao\/#article\",\"isPartOf\":{\"@id\":\"https:\/\/www.institutodeengenharia.org.br\/site\/2013\/09\/06\/cientistas-descobriram-o-maior-vulcao-da-terra-no-fundo-do-oceano-perto-do-japao\/\"},\"author\":{\"name\":\"TMax Tecnologia\",\"@id\":\"https:\/\/www.institutodeengenharia.org.br\/site\/#\/schema\/person\/3b1ff109facef084739fc2edcb9a127f\"},\"headline\":\"Cientistas descobriram o maior vulc\u00e3o da Terra no fundo do oceano, perto do Jap\u00e3o\",\"datePublished\":\"2013-09-06T23:56:58+00:00\",\"mainEntityOfPage\":{\"@id\":\"https:\/\/www.institutodeengenharia.org.br\/site\/2013\/09\/06\/cientistas-descobriram-o-maior-vulcao-da-terra-no-fundo-do-oceano-perto-do-japao\/\"},\"wordCount\":304,\"commentCount\":0,\"publisher\":{\"@id\":\"https:\/\/www.institutodeengenharia.org.br\/site\/#organization\"},\"image\":{\"@id\":\"https:\/\/www.institutodeengenharia.org.br\/site\/2013\/09\/06\/cientistas-descobriram-o-maior-vulcao-da-terra-no-fundo-do-oceano-perto-do-japao\/#primaryimage\"},\"thumbnailUrl\":\"https:\/\/www.institutodeengenharia.org.br\/site\/wp-content\/uploads\/2017\/10\/vulcao(2).jpg\",\"articleSection\":[\"Meio Ambiente\",\"Not\u00edcias\"],\"inLanguage\":\"pt-BR\",\"potentialAction\":[{\"@type\":\"CommentAction\",\"name\":\"Comment\",\"target\":[\"https:\/\/www.institutodeengenharia.org.br\/site\/2013\/09\/06\/cientistas-descobriram-o-maior-vulcao-da-terra-no-fundo-do-oceano-perto-do-japao\/#respond\"]}]},{\"@type\":\"WebPage\",\"@id\":\"https:\/\/www.institutodeengenharia.org.br\/site\/2013\/09\/06\/cientistas-descobriram-o-maior-vulcao-da-terra-no-fundo-do-oceano-perto-do-japao\/\",\"url\":\"https:\/\/www.institutodeengenharia.org.br\/site\/2013\/09\/06\/cientistas-descobriram-o-maior-vulcao-da-terra-no-fundo-do-oceano-perto-do-japao\/\",\"name\":\"Cientistas descobriram o maior vulc\u00e3o da Terra no fundo do oceano, perto do Jap\u00e3o - Instituto de Engenharia\",\"isPartOf\":{\"@id\":\"https:\/\/www.institutodeengenharia.org.br\/site\/#website\"},\"primaryImageOfPage\":{\"@id\":\"https:\/\/www.institutodeengenharia.org.br\/site\/2013\/09\/06\/cientistas-descobriram-o-maior-vulcao-da-terra-no-fundo-do-oceano-perto-do-japao\/#primaryimage\"},\"image\":{\"@id\":\"https:\/\/www.institutodeengenharia.org.br\/site\/2013\/09\/06\/cientistas-descobriram-o-maior-vulcao-da-terra-no-fundo-do-oceano-perto-do-japao\/#primaryimage\"},\"thumbnailUrl\":\"https:\/\/www.institutodeengenharia.org.br\/site\/wp-content\/uploads\/2017\/10\/vulcao(2).jpg\",\"datePublished\":\"2013-09-06T23:56:58+00:00\",\"breadcrumb\":{\"@id\":\"https:\/\/www.institutodeengenharia.org.br\/site\/2013\/09\/06\/cientistas-descobriram-o-maior-vulcao-da-terra-no-fundo-do-oceano-perto-do-japao\/#breadcrumb\"},\"inLanguage\":\"pt-BR\",\"potentialAction\":[{\"@type\":\"ReadAction\",\"target\":[\"https:\/\/www.institutodeengenharia.org.br\/site\/2013\/09\/06\/cientistas-descobriram-o-maior-vulcao-da-terra-no-fundo-do-oceano-perto-do-japao\/\"]}]},{\"@type\":\"ImageObject\",\"inLanguage\":\"pt-BR\",\"@id\":\"https:\/\/www.institutodeengenharia.org.br\/site\/2013\/09\/06\/cientistas-descobriram-o-maior-vulcao-da-terra-no-fundo-do-oceano-perto-do-japao\/#primaryimage\",\"url\":\"https:\/\/www.institutodeengenharia.org.br\/site\/wp-content\/uploads\/2017\/10\/vulcao(2).jpg\",\"contentUrl\":\"https:\/\/www.institutodeengenharia.org.br\/site\/wp-content\/uploads\/2017\/10\/vulcao(2).jpg\",\"width\":640,\"height\":360},{\"@type\":\"BreadcrumbList\",\"@id\":\"https:\/\/www.institutodeengenharia.org.br\/site\/2013\/09\/06\/cientistas-descobriram-o-maior-vulcao-da-terra-no-fundo-do-oceano-perto-do-japao\/#breadcrumb\",\"itemListElement\":[{\"@type\":\"ListItem\",\"position\":1,\"name\":\"In\u00edcio\",\"item\":\"https:\/\/www.institutodeengenharia.org.br\/site\/\"},{\"@type\":\"ListItem\",\"position\":2,\"name\":\"Cientistas descobriram o maior vulc\u00e3o da Terra no fundo do oceano, perto do Jap\u00e3o\"}]},{\"@type\":\"WebSite\",\"@id\":\"https:\/\/www.institutodeengenharia.org.br\/site\/#website\",\"url\":\"https:\/\/www.institutodeengenharia.org.br\/site\/\",\"name\":\"Instituto de Engenharia\",\"description\":\"O Instituto de Engenharia promove a Engenharia em benef\u00edcio do desenvolvimento e da qualidade de vida da sociedade.\",\"publisher\":{\"@id\":\"https:\/\/www.institutodeengenharia.org.br\/site\/#organization\"},\"potentialAction\":[{\"@type\":\"SearchAction\",\"target\":{\"@type\":\"EntryPoint\",\"urlTemplate\":\"https:\/\/www.institutodeengenharia.org.br\/site\/?s={search_term_string}\"},\"query-input\":{\"@type\":\"PropertyValueSpecification\",\"valueRequired\":true,\"valueName\":\"search_term_string\"}}],\"inLanguage\":\"pt-BR\"},{\"@type\":\"Organization\",\"@id\":\"https:\/\/www.institutodeengenharia.org.br\/site\/#organization\",\"name\":\"Instituto de Engenharia\",\"url\":\"https:\/\/www.institutodeengenharia.org.br\/site\/\",\"logo\":{\"@type\":\"ImageObject\",\"inLanguage\":\"pt-BR\",\"@id\":\"https:\/\/www.institutodeengenharia.org.br\/site\/#\/schema\/logo\/image\/\",\"url\":\"https:\/\/www.institutodeengenharia.org.br\/site\/wp-content\/uploads\/2019\/03\/logo-novo-IE2018-1.jpg\",\"contentUrl\":\"https:\/\/www.institutodeengenharia.org.br\/site\/wp-content\/uploads\/2019\/03\/logo-novo-IE2018-1.jpg\",\"width\":1486,\"height\":1879,\"caption\":\"Instituto de Engenharia\"},\"image\":{\"@id\":\"https:\/\/www.institutodeengenharia.org.br\/site\/#\/schema\/logo\/image\/\"},\"sameAs\":[\"https:\/\/www.facebook.com\/institutodeengenharia\",\"https:\/\/x.com\/iengenharia\",\"https:\/\/www.instagram.com\/institutodeengenharia\/\",\"https:\/\/www.linkedin.com\/company\/instituto-de-engenharia\/\",\"https:\/\/www.youtube.com\/channel\/UCXiCAlsSMe977vamW915HxA\"]},{\"@type\":\"Person\",\"@id\":\"https:\/\/www.institutodeengenharia.org.br\/site\/#\/schema\/person\/3b1ff109facef084739fc2edcb9a127f\",\"name\":\"TMax Tecnologia\",\"image\":{\"@type\":\"ImageObject\",\"inLanguage\":\"pt-BR\",\"@id\":\"https:\/\/secure.gravatar.com\/avatar\/f912434ef7f389c92cb311fcdae346af848465d638912574b3c669070f797701?s=96&d=mm&r=g\",\"url\":\"https:\/\/secure.gravatar.com\/avatar\/f912434ef7f389c92cb311fcdae346af848465d638912574b3c669070f797701?s=96&d=mm&r=g\",\"contentUrl\":\"https:\/\/secure.gravatar.com\/avatar\/f912434ef7f389c92cb311fcdae346af848465d638912574b3c669070f797701?s=96&d=mm&r=g\",\"caption\":\"TMax Tecnologia\"},\"url\":\"https:\/\/www.institutodeengenharia.org.br\/site\/author\/tmax\/\"}]}<\/script>\n<!-- \/ Yoast SEO plugin. -->","yoast_head_json":{"title":"Cientistas descobriram o maior vulc\u00e3o da Terra no fundo do oceano, perto do Jap\u00e3o - Instituto de Engenharia","robots":{"index":"index","follow":"follow","max-snippet":"max-snippet:-1","max-image-preview":"max-image-preview:large","max-video-preview":"max-video-preview:-1"},"canonical":"https:\/\/www.institutodeengenharia.org.br\/site\/2013\/09\/06\/cientistas-descobriram-o-maior-vulcao-da-terra-no-fundo-do-oceano-perto-do-japao\/","og_locale":"pt_BR","og_type":"article","og_title":"Cientistas descobriram o maior vulc\u00e3o da Terra no fundo do oceano, perto do Jap\u00e3o - Instituto de Engenharia","og_description":"O maior vulc\u00e3o do planeta \u2014 e um dos maiores conhecidos do sistema solar \u2014 ficou escondido por todo esse tempo. Cientistas encontraram o grand\u00e3o descansando no fundo do mar. \u00c9 um monstro.&nbsp; O Tamu Massif est\u00e1 no fundo do Pac\u00edfico, pr\u00f3ximo \u00e0 costa leste do Jap\u00e3o e ocupa 308 km\u00b2 em sua base, sendo [&hellip;]","og_url":"https:\/\/www.institutodeengenharia.org.br\/site\/2013\/09\/06\/cientistas-descobriram-o-maior-vulcao-da-terra-no-fundo-do-oceano-perto-do-japao\/","og_site_name":"Instituto de Engenharia","article_publisher":"https:\/\/www.facebook.com\/institutodeengenharia","article_published_time":"2013-09-06T23:56:58+00:00","og_image":[{"width":640,"height":360,"url":"https:\/\/www.institutodeengenharia.org.br\/site\/wp-content\/uploads\/2017\/10\/vulcao(2).jpg","type":"image\/jpeg"}],"author":"TMax Tecnologia","twitter_card":"summary_large_image","twitter_creator":"@iengenharia","twitter_site":"@iengenharia","twitter_misc":{"Escrito por":"TMax Tecnologia","Est. tempo de leitura":"1 minuto"},"schema":{"@context":"https:\/\/schema.org","@graph":[{"@type":"Article","@id":"https:\/\/www.institutodeengenharia.org.br\/site\/2013\/09\/06\/cientistas-descobriram-o-maior-vulcao-da-terra-no-fundo-do-oceano-perto-do-japao\/#article","isPartOf":{"@id":"https:\/\/www.institutodeengenharia.org.br\/site\/2013\/09\/06\/cientistas-descobriram-o-maior-vulcao-da-terra-no-fundo-do-oceano-perto-do-japao\/"},"author":{"name":"TMax Tecnologia","@id":"https:\/\/www.institutodeengenharia.org.br\/site\/#\/schema\/person\/3b1ff109facef084739fc2edcb9a127f"},"headline":"Cientistas descobriram o maior vulc\u00e3o da Terra no fundo do oceano, perto do Jap\u00e3o","datePublished":"2013-09-06T23:56:58+00:00","mainEntityOfPage":{"@id":"https:\/\/www.institutodeengenharia.org.br\/site\/2013\/09\/06\/cientistas-descobriram-o-maior-vulcao-da-terra-no-fundo-do-oceano-perto-do-japao\/"},"wordCount":304,"commentCount":0,"publisher":{"@id":"https:\/\/www.institutodeengenharia.org.br\/site\/#organization"},"image":{"@id":"https:\/\/www.institutodeengenharia.org.br\/site\/2013\/09\/06\/cientistas-descobriram-o-maior-vulcao-da-terra-no-fundo-do-oceano-perto-do-japao\/#primaryimage"},"thumbnailUrl":"https:\/\/www.institutodeengenharia.org.br\/site\/wp-content\/uploads\/2017\/10\/vulcao(2).jpg","articleSection":["Meio Ambiente","Not\u00edcias"],"inLanguage":"pt-BR","potentialAction":[{"@type":"CommentAction","name":"Comment","target":["https:\/\/www.institutodeengenharia.org.br\/site\/2013\/09\/06\/cientistas-descobriram-o-maior-vulcao-da-terra-no-fundo-do-oceano-perto-do-japao\/#respond"]}]},{"@type":"WebPage","@id":"https:\/\/www.institutodeengenharia.org.br\/site\/2013\/09\/06\/cientistas-descobriram-o-maior-vulcao-da-terra-no-fundo-do-oceano-perto-do-japao\/","url":"https:\/\/www.institutodeengenharia.org.br\/site\/2013\/09\/06\/cientistas-descobriram-o-maior-vulcao-da-terra-no-fundo-do-oceano-perto-do-japao\/","name":"Cientistas descobriram o maior vulc\u00e3o da Terra no fundo do oceano, perto do Jap\u00e3o - Instituto de Engenharia","isPartOf":{"@id":"https:\/\/www.institutodeengenharia.org.br\/site\/#website"},"primaryImageOfPage":{"@id":"https:\/\/www.institutodeengenharia.org.br\/site\/2013\/09\/06\/cientistas-descobriram-o-maior-vulcao-da-terra-no-fundo-do-oceano-perto-do-japao\/#primaryimage"},"image":{"@id":"https:\/\/www.institutodeengenharia.org.br\/site\/2013\/09\/06\/cientistas-descobriram-o-maior-vulcao-da-terra-no-fundo-do-oceano-perto-do-japao\/#primaryimage"},"thumbnailUrl":"https:\/\/www.institutodeengenharia.org.br\/site\/wp-content\/uploads\/2017\/10\/vulcao(2).jpg","datePublished":"2013-09-06T23:56:58+00:00","breadcrumb":{"@id":"https:\/\/www.institutodeengenharia.org.br\/site\/2013\/09\/06\/cientistas-descobriram-o-maior-vulcao-da-terra-no-fundo-do-oceano-perto-do-japao\/#breadcrumb"},"inLanguage":"pt-BR","potentialAction":[{"@type":"ReadAction","target":["https:\/\/www.institutodeengenharia.org.br\/site\/2013\/09\/06\/cientistas-descobriram-o-maior-vulcao-da-terra-no-fundo-do-oceano-perto-do-japao\/"]}]},{"@type":"ImageObject","inLanguage":"pt-BR","@id":"https:\/\/www.institutodeengenharia.org.br\/site\/2013\/09\/06\/cientistas-descobriram-o-maior-vulcao-da-terra-no-fundo-do-oceano-perto-do-japao\/#primaryimage","url":"https:\/\/www.institutodeengenharia.org.br\/site\/wp-content\/uploads\/2017\/10\/vulcao(2).jpg","contentUrl":"https:\/\/www.institutodeengenharia.org.br\/site\/wp-content\/uploads\/2017\/10\/vulcao(2).jpg","width":640,"height":360},{"@type":"BreadcrumbList","@id":"https:\/\/www.institutodeengenharia.org.br\/site\/2013\/09\/06\/cientistas-descobriram-o-maior-vulcao-da-terra-no-fundo-do-oceano-perto-do-japao\/#breadcrumb","itemListElement":[{"@type":"ListItem","position":1,"name":"In\u00edcio","item":"https:\/\/www.institutodeengenharia.org.br\/site\/"},{"@type":"ListItem","position":2,"name":"Cientistas descobriram o maior vulc\u00e3o da Terra no fundo do oceano, perto do Jap\u00e3o"}]},{"@type":"WebSite","@id":"https:\/\/www.institutodeengenharia.org.br\/site\/#website","url":"https:\/\/www.institutodeengenharia.org.br\/site\/","name":"Instituto de Engenharia","description":"O Instituto de Engenharia promove a Engenharia em benef\u00edcio do desenvolvimento e da qualidade de vida da sociedade.","publisher":{"@id":"https:\/\/www.institutodeengenharia.org.br\/site\/#organization"},"potentialAction":[{"@type":"SearchAction","target":{"@type":"EntryPoint","urlTemplate":"https:\/\/www.institutodeengenharia.org.br\/site\/?s={search_term_string}"},"query-input":{"@type":"PropertyValueSpecification","valueRequired":true,"valueName":"search_term_string"}}],"inLanguage":"pt-BR"},{"@type":"Organization","@id":"https:\/\/www.institutodeengenharia.org.br\/site\/#organization","name":"Instituto de Engenharia","url":"https:\/\/www.institutodeengenharia.org.br\/site\/","logo":{"@type":"ImageObject","inLanguage":"pt-BR","@id":"https:\/\/www.institutodeengenharia.org.br\/site\/#\/schema\/logo\/image\/","url":"https:\/\/www.institutodeengenharia.org.br\/site\/wp-content\/uploads\/2019\/03\/logo-novo-IE2018-1.jpg","contentUrl":"https:\/\/www.institutodeengenharia.org.br\/site\/wp-content\/uploads\/2019\/03\/logo-novo-IE2018-1.jpg","width":1486,"height":1879,"caption":"Instituto de Engenharia"},"image":{"@id":"https:\/\/www.institutodeengenharia.org.br\/site\/#\/schema\/logo\/image\/"},"sameAs":["https:\/\/www.facebook.com\/institutodeengenharia","https:\/\/x.com\/iengenharia","https:\/\/www.instagram.com\/institutodeengenharia\/","https:\/\/www.linkedin.com\/company\/instituto-de-engenharia\/","https:\/\/www.youtube.com\/channel\/UCXiCAlsSMe977vamW915HxA"]},{"@type":"Person","@id":"https:\/\/www.institutodeengenharia.org.br\/site\/#\/schema\/person\/3b1ff109facef084739fc2edcb9a127f","name":"TMax Tecnologia","image":{"@type":"ImageObject","inLanguage":"pt-BR","@id":"https:\/\/secure.gravatar.com\/avatar\/f912434ef7f389c92cb311fcdae346af848465d638912574b3c669070f797701?s=96&d=mm&r=g","url":"https:\/\/secure.gravatar.com\/avatar\/f912434ef7f389c92cb311fcdae346af848465d638912574b3c669070f797701?s=96&d=mm&r=g","contentUrl":"https:\/\/secure.gravatar.com\/avatar\/f912434ef7f389c92cb311fcdae346af848465d638912574b3c669070f797701?s=96&d=mm&r=g","caption":"TMax Tecnologia"},"url":"https:\/\/www.institutodeengenharia.org.br\/site\/author\/tmax\/"}]}},"_links":{"self":[{"href":"https:\/\/www.institutodeengenharia.org.br\/site\/wp-json\/wp\/v2\/posts\/23871","targetHints":{"allow":["GET"]}}],"collection":[{"href":"https:\/\/www.institutodeengenharia.org.br\/site\/wp-json\/wp\/v2\/posts"}],"about":[{"href":"https:\/\/www.institutodeengenharia.org.br\/site\/wp-json\/wp\/v2\/types\/post"}],"author":[{"embeddable":true,"href":"https:\/\/www.institutodeengenharia.org.br\/site\/wp-json\/wp\/v2\/users\/1"}],"replies":[{"embeddable":true,"href":"https:\/\/www.institutodeengenharia.org.br\/site\/wp-json\/wp\/v2\/comments?post=23871"}],"version-history":[{"count":0,"href":"https:\/\/www.institutodeengenharia.org.br\/site\/wp-json\/wp\/v2\/posts\/23871\/revisions"}],"wp:featuredmedia":[{"embeddable":true,"href":"https:\/\/www.institutodeengenharia.org.br\/site\/wp-json\/wp\/v2\/media\/23872"}],"wp:attachment":[{"href":"https:\/\/www.institutodeengenharia.org.br\/site\/wp-json\/wp\/v2\/media?parent=23871"}],"wp:term":[{"taxonomy":"category","embeddable":true,"href":"https:\/\/www.institutodeengenharia.org.br\/site\/wp-json\/wp\/v2\/categories?post=23871"},{"taxonomy":"post_tag","embeddable":true,"href":"https:\/\/www.institutodeengenharia.org.br\/site\/wp-json\/wp\/v2\/tags?post=23871"}],"curies":[{"name":"wp","href":"https:\/\/api.w.org\/{rel}","templated":true}]}}