{"id":23791,"date":"2013-08-21T23:55:52","date_gmt":"2013-08-21T23:55:52","guid":{"rendered":"https:\/\/www.institutodeengenharia.org.br\/?p=23791"},"modified":"2013-08-21T14:52:13","modified_gmt":"2013-08-21T14:52:13","slug":"japao-eleva-gravidade-de-vazamento-radioativo-em-fukushima-entenda","status":"publish","type":"post","link":"https:\/\/www.institutodeengenharia.org.br\/site\/2013\/08\/21\/japao-eleva-gravidade-de-vazamento-radioativo-em-fukushima-entenda\/","title":{"rendered":"Jap\u00e3o eleva gravidade de vazamento radioativo em Fukushima; entenda"},"content":{"rendered":"<p>O n\u00edvel foi de um para tr\u00eas na chamada Escala Internacional de Eventos Nucleares (Ines, na sigla em ing\u00eas), que vai at\u00e9 sete, por causa do vazamento de \u00e1gua radioativa usada no resfriamento do reator danificado.&nbsp;<\/p>\n<p>Esta \u00e9 a primeira vez que o pa\u00eds anuncia um incidente com gravidade medida pela escala Ines desde o terremoto e o tsunami de 2011. O incidente havia sido qualificado como de categoria 1 nesta semana.&nbsp;<\/p>\n<p>O derretimento de tr\u00eas reatores de Fukushima cerca de dois anos atr\u00e1s foi classificado como categoria sete \u2013 antes do ocorrido, apenas o acidente de 1986 na usina at\u00f4mica de Chernobyl, na ent\u00e3o URSS, foi considerado igualmente grave.&nbsp;<\/p>\n<p>A BBC preparou uma s\u00e9rie de perguntas e respostas para ajudar voc\u00ea a entender o que est\u00e1 ocorrendo no Jap\u00e3o.&nbsp;<br \/>\n<strong><br \/>\n\u00c9 o primeiro vazamento em Fukushima desde o tsunami? Por que eles acontecem? <\/p>\n<p><\/strong>J\u00e1 houve pelo menos quatro vazamentos similares. A raiz do problema, ao que tudo indica, s\u00e3o os problemas na estrutura dos tanques de armazenamento.&nbsp;<\/p>\n<p>A Tepco, empresa que administra Fukushima, usa diariamente um grande volume de \u00e1gua para refrigerar os reatores desativados da usina ap\u00f3s o acidente.&nbsp;<\/p>\n<p>Em contato com as varetas de combust\u00edvel nuclear, a \u00e1gua se torna altamente radioativa e precisa ser amarzenada em grandes tanques, onde passa por um processo de purifica\u00e7\u00e3o.&nbsp;<\/p>\n<p>S\u00e3o produzidas 400 toneladas de \u00e1gua radioativa a cada dia, que acabam armazenadas nos mais de mil tanques j\u00e1 constru\u00eddos no local.&nbsp;<\/p>\n<p>Para Neil Hyatt, professor da Universidade de Sheffield, no Reino Unido, os tanques s\u00e3o o problema. <br \/>\n&#8220;Para manter o ritmo de armazenamento da \u00e1gua radioativa, a Tepco optou por usar tanques com veda\u00e7\u00e3o pl\u00e1stica. Rachaduras nessas veda\u00e7\u00f5es foram as causas no vazamento&#8221;, disse.&nbsp;<\/p>\n<p>Acredita-se que um ter\u00e7o dos tanques tenha sido constru\u00eddo dessa forma.<\/p>\n<p><img loading=\"lazy\" decoding=\"async\" width=\"624\" height=\"425\" alt=\"\" src=\"\/site\/userfiles\/fuku_1.jpg\" \/><\/p>\n<p><strong>Qual \u00e9 o perigo que a radioatividade da \u00e1gua representa? <br \/>\n<\/strong><br \/>\nSegundo as autoridades japonesas, o n\u00edvel de radia\u00e7\u00e3o da \u00e1gua de Fukushima \u00e9 extremamente alto, cerca de 8 milh\u00f5es de vezes acima do n\u00edvel normal para \u00e1gua pot\u00e1vel. <br \/>\nPaddy Regan, da Universidade de Surrey, diz que n\u00e3o \u00e9 seguro para ningu\u00e9m \u201cficar mais que alguns minutos no local\u201d. Ela diz que a \u00e1rea precisa ser monitorada.&nbsp;<\/p>\n<p>Ken Buesseler, pesquisador do Woods Hole Oceanographic Institution, dos Estados Unidos, diz que o vazamento em Fukushima deve ser analisado com cautela. <br \/>\nNas medi\u00e7\u00f5es m\u00e9dias, o n\u00edvel de c\u00e9sio radioativo em Fukushima chegou a no m\u00e1ximo um ter\u00e7o do n\u00edvel do mesmo elemento durante o acidente radioativo em Chernobyl.&nbsp;<\/p>\n<p><strong>A eleva\u00e7\u00e3o do alerta de n\u00edvel um para n\u00edvel tr\u00eas signifca que o vazamento \u00e9 pior do que se imaginava? <\/p>\n<p><\/strong>A eleva\u00e7\u00e3o para o n\u00edvel tr\u00eas na escala Ines faz do atual vazamento o mais s\u00e9rio incidente nuclear desde o colapso em si dos reatores de Fukushima, logo ap\u00f3s o tsunami em 2011. <br \/>\nNa escala que vai at\u00e9 sete, o est\u00e1gio tr\u00eas significa que o perigo est\u00e1 restrito \u00e0 \u00e1rea e n\u00e3o \u00e9 uma amea\u00e7a iminente ao p\u00fablico.&nbsp;<\/p>\n<p><strong>O problema de Fukushima est\u00e1 exclusivamente no armazenamento da \u00e1gua? <br \/>\n<\/strong><br \/>\nH\u00e1 outros problemas. Um deles \u00e9 a contamina\u00e7\u00e3o da \u00e1gua das chuvas, que desce das encostas, j\u00e1 recebendo ent\u00e3o um baixo grau de contamina\u00e7\u00e3o. Ao fim, essa \u00e1gua acaba nos arredores da usina. <br \/>\nA Tepco planeja desviar essa \u00e1gua das encostas diretamente para o mar, mas encontra resist\u00eancia dos pescadores.&nbsp;<\/p>\n<p>A Tepco tamb\u00e9m est\u00e1 constru\u00edndo barreiras de a\u00e7o para evitar o vazamento da \u00e1gua no mar e injetando produtos qu\u00edmicos no solo a fim de impermeabiliz\u00e1-lo. <br \/>\nComo a \u00e1rea \u00e9 sujeita a tremores, h\u00e1 sempre o perigo de a \u00e1gua armazenada vazar para o mar em caso de sismo.&nbsp;<\/p>\n<p>Outro grande problema \u00e9 o que fazer com o n\u00facleos dos reatores nucleares danificados durante o tsunami. A Tepco planeja remover 400 toneladas de combust\u00edvel altamente radioativo do reator quatro ainda neste ano. <br \/>\n&#8220;\u00c9 uma outra escala (de problema), um pesadelo, na verdade&#8221;, diz o professor Hyatt.&nbsp;<\/p>\n<p><strong>Como o governo japon\u00eas tem atuado? <br \/>\n<\/strong><br \/>\nO governo interveio e j\u00e1 injetou mais de US$ 12 bilh\u00f5es na Tepco em virtude do acidente em Fukushima. <br \/>\nSegundo o ministro de Ind\u00fastria e Com\u00e9rcio, Yukio Edano, a inje\u00e7\u00e3o de capital foi necess\u00e1ria para garantir que a Tepco n\u00e3o quebrasse e pudesse seguir fornecendo eletricidade e pagando as indeniza\u00e7\u00f5es \u00e0s v\u00edtimas.&nbsp;<\/p>\n<p><strong>Onde tudo isso vai parar? <br \/>\n<\/strong><br \/>\nNo curto prazo, a Tepco ter\u00e1 de construir tanques mais seguros e lidar com o problema da \u00e1gua das chuvas. A empresa espera conseguir tratar a \u00e1gua para jog\u00e1-la ent\u00e3o ao mar. <br \/>\nA Tepco ter\u00e1 ainda de lidar com as varetas radioativas, o que \u00e9 um desafio mais complicado. A AIEA (Ag\u00eancia Internacional de Energia At\u00f4mica) prev\u00ea que o trabalho para neutralisar o perigo representado pelas varetas dure at\u00e9 40 anos, mas alguns especialistas disseram que a limpeza total levaria mais de um s\u00e9culo.<\/p>\n<p><b>Autor: BBC<\/b><\/p>\n","protected":false},"excerpt":{"rendered":"<p>A ag\u00eancia nuclear do Jap\u00e3o elevou nesta quarta-feira o n\u00edvel de gravidade de um vazamento de \u00e1gua com radioatividade na usina nuclear de Fukushima, atingida pelo terremoto e pelo tsunami que causaram grande destrui\u00e7\u00e3o no pa\u00eds em 2011.<\/p>\n","protected":false},"author":1,"featured_media":23792,"comment_status":"open","ping_status":"open","sticky":false,"template":"","format":"standard","meta":{"footnotes":""},"categories":[31,6],"tags":[],"class_list":{"0":"post-23791","1":"post","2":"type-post","3":"status-publish","4":"format-standard","5":"has-post-thumbnail","7":"category-meio-ambiente","8":"category-noticias"},"yoast_head":"<!-- This site is optimized with the Yoast SEO plugin v27.2 - https:\/\/yoast.com\/product\/yoast-seo-wordpress\/ -->\n<title>Jap\u00e3o eleva gravidade de vazamento radioativo em Fukushima; entenda - Instituto de Engenharia<\/title>\n<meta name=\"robots\" content=\"index, follow, max-snippet:-1, max-image-preview:large, max-video-preview:-1\" \/>\n<link rel=\"canonical\" href=\"https:\/\/www.institutodeengenharia.org.br\/site\/2013\/08\/21\/japao-eleva-gravidade-de-vazamento-radioativo-em-fukushima-entenda\/\" \/>\n<meta property=\"og:locale\" content=\"pt_BR\" \/>\n<meta property=\"og:type\" content=\"article\" \/>\n<meta property=\"og:title\" content=\"Jap\u00e3o eleva gravidade de vazamento radioativo em Fukushima; entenda - Instituto de Engenharia\" \/>\n<meta property=\"og:description\" content=\"A ag\u00eancia nuclear do Jap\u00e3o elevou nesta quarta-feira o n\u00edvel de gravidade de um vazamento de \u00e1gua com radioatividade na usina nuclear de Fukushima, atingida pelo terremoto e pelo tsunami que causaram grande destrui\u00e7\u00e3o no pa\u00eds em 2011.\" \/>\n<meta property=\"og:url\" content=\"https:\/\/www.institutodeengenharia.org.br\/site\/2013\/08\/21\/japao-eleva-gravidade-de-vazamento-radioativo-em-fukushima-entenda\/\" \/>\n<meta property=\"og:site_name\" content=\"Instituto de Engenharia\" \/>\n<meta property=\"article:publisher\" content=\"https:\/\/www.facebook.com\/institutodeengenharia\" \/>\n<meta property=\"article:published_time\" content=\"2013-08-21T23:55:52+00:00\" \/>\n<meta property=\"og:image\" content=\"https:\/\/www.institutodeengenharia.org.br\/site\/wp-content\/uploads\/2017\/10\/fuku_2.jpg\" \/>\n\t<meta property=\"og:image:width\" content=\"624\" \/>\n\t<meta property=\"og:image:height\" content=\"351\" \/>\n\t<meta property=\"og:image:type\" content=\"image\/jpeg\" \/>\n<meta name=\"author\" content=\"TMax Tecnologia\" \/>\n<meta name=\"twitter:card\" content=\"summary_large_image\" \/>\n<meta name=\"twitter:creator\" content=\"@iengenharia\" \/>\n<meta name=\"twitter:site\" content=\"@iengenharia\" \/>\n<meta name=\"twitter:label1\" content=\"Escrito por\" \/>\n\t<meta name=\"twitter:data1\" content=\"TMax Tecnologia\" \/>\n\t<meta name=\"twitter:label2\" content=\"Est. tempo de leitura\" \/>\n\t<meta name=\"twitter:data2\" content=\"4 minutos\" \/>\n<script type=\"application\/ld+json\" class=\"yoast-schema-graph\">{\"@context\":\"https:\/\/schema.org\",\"@graph\":[{\"@type\":\"Article\",\"@id\":\"https:\/\/www.institutodeengenharia.org.br\/site\/2013\/08\/21\/japao-eleva-gravidade-de-vazamento-radioativo-em-fukushima-entenda\/#article\",\"isPartOf\":{\"@id\":\"https:\/\/www.institutodeengenharia.org.br\/site\/2013\/08\/21\/japao-eleva-gravidade-de-vazamento-radioativo-em-fukushima-entenda\/\"},\"author\":{\"name\":\"TMax Tecnologia\",\"@id\":\"https:\/\/www.institutodeengenharia.org.br\/site\/#\/schema\/person\/3b1ff109facef084739fc2edcb9a127f\"},\"headline\":\"Jap\u00e3o eleva gravidade de vazamento radioativo em Fukushima; entenda\",\"datePublished\":\"2013-08-21T23:55:52+00:00\",\"mainEntityOfPage\":{\"@id\":\"https:\/\/www.institutodeengenharia.org.br\/site\/2013\/08\/21\/japao-eleva-gravidade-de-vazamento-radioativo-em-fukushima-entenda\/\"},\"wordCount\":870,\"commentCount\":0,\"publisher\":{\"@id\":\"https:\/\/www.institutodeengenharia.org.br\/site\/#organization\"},\"image\":{\"@id\":\"https:\/\/www.institutodeengenharia.org.br\/site\/2013\/08\/21\/japao-eleva-gravidade-de-vazamento-radioativo-em-fukushima-entenda\/#primaryimage\"},\"thumbnailUrl\":\"https:\/\/www.institutodeengenharia.org.br\/site\/wp-content\/uploads\/2017\/10\/fuku_2.jpg\",\"articleSection\":[\"Meio Ambiente\",\"Not\u00edcias\"],\"inLanguage\":\"pt-BR\",\"potentialAction\":[{\"@type\":\"CommentAction\",\"name\":\"Comment\",\"target\":[\"https:\/\/www.institutodeengenharia.org.br\/site\/2013\/08\/21\/japao-eleva-gravidade-de-vazamento-radioativo-em-fukushima-entenda\/#respond\"]}]},{\"@type\":\"WebPage\",\"@id\":\"https:\/\/www.institutodeengenharia.org.br\/site\/2013\/08\/21\/japao-eleva-gravidade-de-vazamento-radioativo-em-fukushima-entenda\/\",\"url\":\"https:\/\/www.institutodeengenharia.org.br\/site\/2013\/08\/21\/japao-eleva-gravidade-de-vazamento-radioativo-em-fukushima-entenda\/\",\"name\":\"Jap\u00e3o eleva gravidade de vazamento radioativo em Fukushima; entenda - Instituto de Engenharia\",\"isPartOf\":{\"@id\":\"https:\/\/www.institutodeengenharia.org.br\/site\/#website\"},\"primaryImageOfPage\":{\"@id\":\"https:\/\/www.institutodeengenharia.org.br\/site\/2013\/08\/21\/japao-eleva-gravidade-de-vazamento-radioativo-em-fukushima-entenda\/#primaryimage\"},\"image\":{\"@id\":\"https:\/\/www.institutodeengenharia.org.br\/site\/2013\/08\/21\/japao-eleva-gravidade-de-vazamento-radioativo-em-fukushima-entenda\/#primaryimage\"},\"thumbnailUrl\":\"https:\/\/www.institutodeengenharia.org.br\/site\/wp-content\/uploads\/2017\/10\/fuku_2.jpg\",\"datePublished\":\"2013-08-21T23:55:52+00:00\",\"breadcrumb\":{\"@id\":\"https:\/\/www.institutodeengenharia.org.br\/site\/2013\/08\/21\/japao-eleva-gravidade-de-vazamento-radioativo-em-fukushima-entenda\/#breadcrumb\"},\"inLanguage\":\"pt-BR\",\"potentialAction\":[{\"@type\":\"ReadAction\",\"target\":[\"https:\/\/www.institutodeengenharia.org.br\/site\/2013\/08\/21\/japao-eleva-gravidade-de-vazamento-radioativo-em-fukushima-entenda\/\"]}]},{\"@type\":\"ImageObject\",\"inLanguage\":\"pt-BR\",\"@id\":\"https:\/\/www.institutodeengenharia.org.br\/site\/2013\/08\/21\/japao-eleva-gravidade-de-vazamento-radioativo-em-fukushima-entenda\/#primaryimage\",\"url\":\"https:\/\/www.institutodeengenharia.org.br\/site\/wp-content\/uploads\/2017\/10\/fuku_2.jpg\",\"contentUrl\":\"https:\/\/www.institutodeengenharia.org.br\/site\/wp-content\/uploads\/2017\/10\/fuku_2.jpg\",\"width\":624,\"height\":351},{\"@type\":\"BreadcrumbList\",\"@id\":\"https:\/\/www.institutodeengenharia.org.br\/site\/2013\/08\/21\/japao-eleva-gravidade-de-vazamento-radioativo-em-fukushima-entenda\/#breadcrumb\",\"itemListElement\":[{\"@type\":\"ListItem\",\"position\":1,\"name\":\"In\u00edcio\",\"item\":\"https:\/\/www.institutodeengenharia.org.br\/site\/\"},{\"@type\":\"ListItem\",\"position\":2,\"name\":\"Jap\u00e3o eleva gravidade de vazamento radioativo em Fukushima; entenda\"}]},{\"@type\":\"WebSite\",\"@id\":\"https:\/\/www.institutodeengenharia.org.br\/site\/#website\",\"url\":\"https:\/\/www.institutodeengenharia.org.br\/site\/\",\"name\":\"Instituto de Engenharia\",\"description\":\"O Instituto de Engenharia promove a Engenharia em benef\u00edcio do desenvolvimento e da qualidade de vida da sociedade.\",\"publisher\":{\"@id\":\"https:\/\/www.institutodeengenharia.org.br\/site\/#organization\"},\"potentialAction\":[{\"@type\":\"SearchAction\",\"target\":{\"@type\":\"EntryPoint\",\"urlTemplate\":\"https:\/\/www.institutodeengenharia.org.br\/site\/?s={search_term_string}\"},\"query-input\":{\"@type\":\"PropertyValueSpecification\",\"valueRequired\":true,\"valueName\":\"search_term_string\"}}],\"inLanguage\":\"pt-BR\"},{\"@type\":\"Organization\",\"@id\":\"https:\/\/www.institutodeengenharia.org.br\/site\/#organization\",\"name\":\"Instituto de Engenharia\",\"url\":\"https:\/\/www.institutodeengenharia.org.br\/site\/\",\"logo\":{\"@type\":\"ImageObject\",\"inLanguage\":\"pt-BR\",\"@id\":\"https:\/\/www.institutodeengenharia.org.br\/site\/#\/schema\/logo\/image\/\",\"url\":\"https:\/\/www.institutodeengenharia.org.br\/site\/wp-content\/uploads\/2019\/03\/logo-novo-IE2018-1.jpg\",\"contentUrl\":\"https:\/\/www.institutodeengenharia.org.br\/site\/wp-content\/uploads\/2019\/03\/logo-novo-IE2018-1.jpg\",\"width\":1486,\"height\":1879,\"caption\":\"Instituto de Engenharia\"},\"image\":{\"@id\":\"https:\/\/www.institutodeengenharia.org.br\/site\/#\/schema\/logo\/image\/\"},\"sameAs\":[\"https:\/\/www.facebook.com\/institutodeengenharia\",\"https:\/\/x.com\/iengenharia\",\"https:\/\/www.instagram.com\/institutodeengenharia\/\",\"https:\/\/www.linkedin.com\/company\/instituto-de-engenharia\/\",\"https:\/\/www.youtube.com\/channel\/UCXiCAlsSMe977vamW915HxA\"]},{\"@type\":\"Person\",\"@id\":\"https:\/\/www.institutodeengenharia.org.br\/site\/#\/schema\/person\/3b1ff109facef084739fc2edcb9a127f\",\"name\":\"TMax Tecnologia\",\"image\":{\"@type\":\"ImageObject\",\"inLanguage\":\"pt-BR\",\"@id\":\"https:\/\/secure.gravatar.com\/avatar\/f912434ef7f389c92cb311fcdae346af848465d638912574b3c669070f797701?s=96&d=mm&r=g\",\"url\":\"https:\/\/secure.gravatar.com\/avatar\/f912434ef7f389c92cb311fcdae346af848465d638912574b3c669070f797701?s=96&d=mm&r=g\",\"contentUrl\":\"https:\/\/secure.gravatar.com\/avatar\/f912434ef7f389c92cb311fcdae346af848465d638912574b3c669070f797701?s=96&d=mm&r=g\",\"caption\":\"TMax Tecnologia\"},\"url\":\"https:\/\/www.institutodeengenharia.org.br\/site\/author\/tmax\/\"}]}<\/script>\n<!-- \/ Yoast SEO plugin. -->","yoast_head_json":{"title":"Jap\u00e3o eleva gravidade de vazamento radioativo em Fukushima; entenda - Instituto de Engenharia","robots":{"index":"index","follow":"follow","max-snippet":"max-snippet:-1","max-image-preview":"max-image-preview:large","max-video-preview":"max-video-preview:-1"},"canonical":"https:\/\/www.institutodeengenharia.org.br\/site\/2013\/08\/21\/japao-eleva-gravidade-de-vazamento-radioativo-em-fukushima-entenda\/","og_locale":"pt_BR","og_type":"article","og_title":"Jap\u00e3o eleva gravidade de vazamento radioativo em Fukushima; entenda - Instituto de Engenharia","og_description":"A ag\u00eancia nuclear do Jap\u00e3o elevou nesta quarta-feira o n\u00edvel de gravidade de um vazamento de \u00e1gua com radioatividade na usina nuclear de Fukushima, atingida pelo terremoto e pelo tsunami que causaram grande destrui\u00e7\u00e3o no pa\u00eds em 2011.","og_url":"https:\/\/www.institutodeengenharia.org.br\/site\/2013\/08\/21\/japao-eleva-gravidade-de-vazamento-radioativo-em-fukushima-entenda\/","og_site_name":"Instituto de Engenharia","article_publisher":"https:\/\/www.facebook.com\/institutodeengenharia","article_published_time":"2013-08-21T23:55:52+00:00","og_image":[{"width":624,"height":351,"url":"https:\/\/www.institutodeengenharia.org.br\/site\/wp-content\/uploads\/2017\/10\/fuku_2.jpg","type":"image\/jpeg"}],"author":"TMax Tecnologia","twitter_card":"summary_large_image","twitter_creator":"@iengenharia","twitter_site":"@iengenharia","twitter_misc":{"Escrito por":"TMax Tecnologia","Est. tempo de leitura":"4 minutos"},"schema":{"@context":"https:\/\/schema.org","@graph":[{"@type":"Article","@id":"https:\/\/www.institutodeengenharia.org.br\/site\/2013\/08\/21\/japao-eleva-gravidade-de-vazamento-radioativo-em-fukushima-entenda\/#article","isPartOf":{"@id":"https:\/\/www.institutodeengenharia.org.br\/site\/2013\/08\/21\/japao-eleva-gravidade-de-vazamento-radioativo-em-fukushima-entenda\/"},"author":{"name":"TMax Tecnologia","@id":"https:\/\/www.institutodeengenharia.org.br\/site\/#\/schema\/person\/3b1ff109facef084739fc2edcb9a127f"},"headline":"Jap\u00e3o eleva gravidade de vazamento radioativo em Fukushima; entenda","datePublished":"2013-08-21T23:55:52+00:00","mainEntityOfPage":{"@id":"https:\/\/www.institutodeengenharia.org.br\/site\/2013\/08\/21\/japao-eleva-gravidade-de-vazamento-radioativo-em-fukushima-entenda\/"},"wordCount":870,"commentCount":0,"publisher":{"@id":"https:\/\/www.institutodeengenharia.org.br\/site\/#organization"},"image":{"@id":"https:\/\/www.institutodeengenharia.org.br\/site\/2013\/08\/21\/japao-eleva-gravidade-de-vazamento-radioativo-em-fukushima-entenda\/#primaryimage"},"thumbnailUrl":"https:\/\/www.institutodeengenharia.org.br\/site\/wp-content\/uploads\/2017\/10\/fuku_2.jpg","articleSection":["Meio Ambiente","Not\u00edcias"],"inLanguage":"pt-BR","potentialAction":[{"@type":"CommentAction","name":"Comment","target":["https:\/\/www.institutodeengenharia.org.br\/site\/2013\/08\/21\/japao-eleva-gravidade-de-vazamento-radioativo-em-fukushima-entenda\/#respond"]}]},{"@type":"WebPage","@id":"https:\/\/www.institutodeengenharia.org.br\/site\/2013\/08\/21\/japao-eleva-gravidade-de-vazamento-radioativo-em-fukushima-entenda\/","url":"https:\/\/www.institutodeengenharia.org.br\/site\/2013\/08\/21\/japao-eleva-gravidade-de-vazamento-radioativo-em-fukushima-entenda\/","name":"Jap\u00e3o eleva gravidade de vazamento radioativo em Fukushima; entenda - Instituto de Engenharia","isPartOf":{"@id":"https:\/\/www.institutodeengenharia.org.br\/site\/#website"},"primaryImageOfPage":{"@id":"https:\/\/www.institutodeengenharia.org.br\/site\/2013\/08\/21\/japao-eleva-gravidade-de-vazamento-radioativo-em-fukushima-entenda\/#primaryimage"},"image":{"@id":"https:\/\/www.institutodeengenharia.org.br\/site\/2013\/08\/21\/japao-eleva-gravidade-de-vazamento-radioativo-em-fukushima-entenda\/#primaryimage"},"thumbnailUrl":"https:\/\/www.institutodeengenharia.org.br\/site\/wp-content\/uploads\/2017\/10\/fuku_2.jpg","datePublished":"2013-08-21T23:55:52+00:00","breadcrumb":{"@id":"https:\/\/www.institutodeengenharia.org.br\/site\/2013\/08\/21\/japao-eleva-gravidade-de-vazamento-radioativo-em-fukushima-entenda\/#breadcrumb"},"inLanguage":"pt-BR","potentialAction":[{"@type":"ReadAction","target":["https:\/\/www.institutodeengenharia.org.br\/site\/2013\/08\/21\/japao-eleva-gravidade-de-vazamento-radioativo-em-fukushima-entenda\/"]}]},{"@type":"ImageObject","inLanguage":"pt-BR","@id":"https:\/\/www.institutodeengenharia.org.br\/site\/2013\/08\/21\/japao-eleva-gravidade-de-vazamento-radioativo-em-fukushima-entenda\/#primaryimage","url":"https:\/\/www.institutodeengenharia.org.br\/site\/wp-content\/uploads\/2017\/10\/fuku_2.jpg","contentUrl":"https:\/\/www.institutodeengenharia.org.br\/site\/wp-content\/uploads\/2017\/10\/fuku_2.jpg","width":624,"height":351},{"@type":"BreadcrumbList","@id":"https:\/\/www.institutodeengenharia.org.br\/site\/2013\/08\/21\/japao-eleva-gravidade-de-vazamento-radioativo-em-fukushima-entenda\/#breadcrumb","itemListElement":[{"@type":"ListItem","position":1,"name":"In\u00edcio","item":"https:\/\/www.institutodeengenharia.org.br\/site\/"},{"@type":"ListItem","position":2,"name":"Jap\u00e3o eleva gravidade de vazamento radioativo em Fukushima; entenda"}]},{"@type":"WebSite","@id":"https:\/\/www.institutodeengenharia.org.br\/site\/#website","url":"https:\/\/www.institutodeengenharia.org.br\/site\/","name":"Instituto de Engenharia","description":"O Instituto de Engenharia promove a Engenharia em benef\u00edcio do desenvolvimento e da qualidade de vida da sociedade.","publisher":{"@id":"https:\/\/www.institutodeengenharia.org.br\/site\/#organization"},"potentialAction":[{"@type":"SearchAction","target":{"@type":"EntryPoint","urlTemplate":"https:\/\/www.institutodeengenharia.org.br\/site\/?s={search_term_string}"},"query-input":{"@type":"PropertyValueSpecification","valueRequired":true,"valueName":"search_term_string"}}],"inLanguage":"pt-BR"},{"@type":"Organization","@id":"https:\/\/www.institutodeengenharia.org.br\/site\/#organization","name":"Instituto de Engenharia","url":"https:\/\/www.institutodeengenharia.org.br\/site\/","logo":{"@type":"ImageObject","inLanguage":"pt-BR","@id":"https:\/\/www.institutodeengenharia.org.br\/site\/#\/schema\/logo\/image\/","url":"https:\/\/www.institutodeengenharia.org.br\/site\/wp-content\/uploads\/2019\/03\/logo-novo-IE2018-1.jpg","contentUrl":"https:\/\/www.institutodeengenharia.org.br\/site\/wp-content\/uploads\/2019\/03\/logo-novo-IE2018-1.jpg","width":1486,"height":1879,"caption":"Instituto de Engenharia"},"image":{"@id":"https:\/\/www.institutodeengenharia.org.br\/site\/#\/schema\/logo\/image\/"},"sameAs":["https:\/\/www.facebook.com\/institutodeengenharia","https:\/\/x.com\/iengenharia","https:\/\/www.instagram.com\/institutodeengenharia\/","https:\/\/www.linkedin.com\/company\/instituto-de-engenharia\/","https:\/\/www.youtube.com\/channel\/UCXiCAlsSMe977vamW915HxA"]},{"@type":"Person","@id":"https:\/\/www.institutodeengenharia.org.br\/site\/#\/schema\/person\/3b1ff109facef084739fc2edcb9a127f","name":"TMax Tecnologia","image":{"@type":"ImageObject","inLanguage":"pt-BR","@id":"https:\/\/secure.gravatar.com\/avatar\/f912434ef7f389c92cb311fcdae346af848465d638912574b3c669070f797701?s=96&d=mm&r=g","url":"https:\/\/secure.gravatar.com\/avatar\/f912434ef7f389c92cb311fcdae346af848465d638912574b3c669070f797701?s=96&d=mm&r=g","contentUrl":"https:\/\/secure.gravatar.com\/avatar\/f912434ef7f389c92cb311fcdae346af848465d638912574b3c669070f797701?s=96&d=mm&r=g","caption":"TMax Tecnologia"},"url":"https:\/\/www.institutodeengenharia.org.br\/site\/author\/tmax\/"}]}},"_links":{"self":[{"href":"https:\/\/www.institutodeengenharia.org.br\/site\/wp-json\/wp\/v2\/posts\/23791","targetHints":{"allow":["GET"]}}],"collection":[{"href":"https:\/\/www.institutodeengenharia.org.br\/site\/wp-json\/wp\/v2\/posts"}],"about":[{"href":"https:\/\/www.institutodeengenharia.org.br\/site\/wp-json\/wp\/v2\/types\/post"}],"author":[{"embeddable":true,"href":"https:\/\/www.institutodeengenharia.org.br\/site\/wp-json\/wp\/v2\/users\/1"}],"replies":[{"embeddable":true,"href":"https:\/\/www.institutodeengenharia.org.br\/site\/wp-json\/wp\/v2\/comments?post=23791"}],"version-history":[{"count":0,"href":"https:\/\/www.institutodeengenharia.org.br\/site\/wp-json\/wp\/v2\/posts\/23791\/revisions"}],"wp:featuredmedia":[{"embeddable":true,"href":"https:\/\/www.institutodeengenharia.org.br\/site\/wp-json\/wp\/v2\/media\/23792"}],"wp:attachment":[{"href":"https:\/\/www.institutodeengenharia.org.br\/site\/wp-json\/wp\/v2\/media?parent=23791"}],"wp:term":[{"taxonomy":"category","embeddable":true,"href":"https:\/\/www.institutodeengenharia.org.br\/site\/wp-json\/wp\/v2\/categories?post=23791"},{"taxonomy":"post_tag","embeddable":true,"href":"https:\/\/www.institutodeengenharia.org.br\/site\/wp-json\/wp\/v2\/tags?post=23791"}],"curies":[{"name":"wp","href":"https:\/\/api.w.org\/{rel}","templated":true}]}}