{"id":23788,"date":"2013-08-20T23:55:49","date_gmt":"2013-08-20T23:55:49","guid":{"rendered":"https:\/\/www.institutodeengenharia.org.br\/?p=23788"},"modified":"2013-08-20T15:51:15","modified_gmt":"2013-08-20T15:51:15","slug":"barco-oceanografico-alpha-delphini-e-inaugurado-em-santos","status":"publish","type":"post","link":"https:\/\/www.institutodeengenharia.org.br\/site\/2013\/08\/20\/barco-oceanografico-alpha-delphini-e-inaugurado-em-santos\/","title":{"rendered":"Barco oceanogr\u00e1fico Alpha Delphini \u00e9 inaugurado em Santos"},"content":{"rendered":"<p>Foi inaugurado em Santos, no litoral de S\u00e3o Paulo, o barco oceanogr\u00e1fico Alpha Delphini, pertencente ao Instituto Oceanogr\u00e1fico (IO), da USP. <\/p>\n<p>O IO j\u00e1 havia adquirido o navio oceanogr\u00e1fico Alpha Crucis, inaugurado em maio de 2012, que j\u00e1 fez at\u00e9 agora sete cruzeiros, incluindo testes e pesquisas. <\/p>\n<p>&#8220;O Alpha Delphini complementa o Alpha Crucis e supre uma car\u00eancia que t\u00ednhamos desde a interrup\u00e7\u00e3o das opera\u00e7\u00f5es do navio Professor W. Besnard, porque tem autonomia equivalente \u00e0 dele, mas com custo menor e maior possibilidade de realiza\u00e7\u00e3o de manobras mar\u00edtimas&#8221;, disse Michel Michaelovitch de Mahiques, diretor do IO-USP. <\/p>\n<p>A paralisa\u00e7\u00e3o do navio Professor W. Besnard &#8211; utilizado de 1967 at\u00e9 2008, quando sofreu um inc\u00eandio e ficou sem condi\u00e7\u00f5es operacionais de pesquisa &#8211; limitou drasticamente os estudos oceanogr\u00e1ficos da institui\u00e7\u00e3o. <\/p>\n<p>Barco oceanogr\u00e1fico <\/p>\n<p>O Alpha Delphini tem autonomia e capacidade de pesquisa intermedi\u00e1ria, ficando entre as pequenas embarca\u00e7\u00f5es e os navios oceanogr\u00e1ficos, capaz de cobrir a \u00e1rea de plataforma continental &#8211; que come\u00e7a na linha da costa e atinge at\u00e9 200 metros de profundidade. <\/p>\n<p>Sua autonomia de navega\u00e7\u00e3o \u00e9 de 10 a 15 dias, dependendo do n\u00famero de tripulantes, e ele poder\u00e1 operar em toda a faixa de 200 milhas mar\u00edtimas da fronteira litor\u00e2nea. O custo total do barco foi de R$ 6 milh\u00f5es. <\/p>\n<p>O Alpha Delphini foi constru\u00eddo pelo estaleiro nacional Inace, tornando-se o primeiro barco oceanogr\u00e1fico constru\u00eddo no Brasil. <\/p>\n<p>O barco levou um ano e sete meses para ser constru\u00eddo e possui mais de 10 mil componentes. \u00c0 exce\u00e7\u00e3o dos sistemas de navega\u00e7\u00e3o e do sistema eletr\u00f4nico, a maior parte dos componentes &#8211; como os dois motores a diesel, os geradores e a m\u00e1quina de leme do navio oceanogr\u00e1fico &#8211; \u00e9 nacional, destacaram os pesquisadores. <\/p>\n<p>Barcos de pesquisa <\/p>\n<p>Al\u00e9m do Alpha Crucis e do Alpha Delphini, o IO-USP possui outros dois barcos pequenos de pesquisa &#8211; o Albacora e o Velliger 2 -, ancorados em suas bases costeiras de ensino e pesquisa em Canan\u00e9ia e Ubatuba, no litoral de S\u00e3o Paulo, e que em breve tamb\u00e9m dever\u00e3o ser substitu\u00eddos. <\/p>\n<p>Quando n\u00e3o estiver em expedi\u00e7\u00f5es, o barco ficar\u00e1 ancorado no armaz\u00e9m n\u00famero oito do Porto de Santos. A ideia dos pesquisadores \u00e9 de que, fora da fase de pesquisas, a embarca\u00e7\u00e3o permane\u00e7a aberta \u00e0 visita\u00e7\u00e3o p\u00fablica. <\/p>\n<p>&#8220;Com essa flotilha de embarca\u00e7\u00f5es para fins de pesquisa, a USP se tornou uma das institui\u00e7\u00f5es de pesquisa mais bem aparelhadas para realizar pesquisa oceanogr\u00e1fica n\u00e3o s\u00f3 no Brasil, como tamb\u00e9m no mundo. Agora, n\u00e3o nos faltam meios flutuantes e equipamentos para essa finalidade&#8221;, disse Mahiques.<\/p>\n<p><b>Autor: Ag\u00eancia Fapesp<\/b><\/p>\n","protected":false},"excerpt":{"rendered":"<p>Foi inaugurado em Santos, no litoral de S\u00e3o Paulo, o barco oceanogr\u00e1fico Alpha Delphini, pertencente ao Instituto Oceanogr\u00e1fico (IO), da USP. O IO j\u00e1 havia adquirido o navio oceanogr\u00e1fico Alpha Crucis, inaugurado em maio de 2012, que j\u00e1 fez at\u00e9 agora sete cruzeiros, incluindo testes e pesquisas. &#8220;O Alpha Delphini complementa o Alpha Crucis e [&hellip;]<\/p>\n","protected":false},"author":1,"featured_media":0,"comment_status":"open","ping_status":"open","sticky":false,"template":"","format":"standard","meta":{"footnotes":""},"categories":[6,35],"tags":[],"class_list":{"0":"post-23788","1":"post","2":"type-post","3":"status-publish","4":"format-standard","6":"category-noticias","7":"category-pesquisa-e-desenvolvimento"},"yoast_head":"<!-- This site is optimized with the Yoast SEO plugin v27.2 - https:\/\/yoast.com\/product\/yoast-seo-wordpress\/ -->\n<title>Barco oceanogr\u00e1fico Alpha Delphini \u00e9 inaugurado em Santos - Instituto de Engenharia<\/title>\n<meta name=\"robots\" content=\"index, follow, max-snippet:-1, max-image-preview:large, max-video-preview:-1\" \/>\n<link rel=\"canonical\" href=\"https:\/\/www.institutodeengenharia.org.br\/site\/2013\/08\/20\/barco-oceanografico-alpha-delphini-e-inaugurado-em-santos\/\" \/>\n<meta property=\"og:locale\" content=\"pt_BR\" \/>\n<meta property=\"og:type\" content=\"article\" \/>\n<meta property=\"og:title\" content=\"Barco oceanogr\u00e1fico Alpha Delphini \u00e9 inaugurado em Santos - Instituto de Engenharia\" \/>\n<meta property=\"og:description\" content=\"Foi inaugurado em Santos, no litoral de S\u00e3o Paulo, o barco oceanogr\u00e1fico Alpha Delphini, pertencente ao Instituto Oceanogr\u00e1fico (IO), da USP. O IO j\u00e1 havia adquirido o navio oceanogr\u00e1fico Alpha Crucis, inaugurado em maio de 2012, que j\u00e1 fez at\u00e9 agora sete cruzeiros, incluindo testes e pesquisas. &#8220;O Alpha Delphini complementa o Alpha Crucis e [&hellip;]\" \/>\n<meta property=\"og:url\" content=\"https:\/\/www.institutodeengenharia.org.br\/site\/2013\/08\/20\/barco-oceanografico-alpha-delphini-e-inaugurado-em-santos\/\" \/>\n<meta property=\"og:site_name\" content=\"Instituto de Engenharia\" \/>\n<meta property=\"article:publisher\" content=\"https:\/\/www.facebook.com\/institutodeengenharia\" \/>\n<meta property=\"article:published_time\" content=\"2013-08-20T23:55:49+00:00\" \/>\n<meta name=\"author\" content=\"TMax Tecnologia\" \/>\n<meta name=\"twitter:card\" content=\"summary_large_image\" \/>\n<meta name=\"twitter:creator\" content=\"@iengenharia\" \/>\n<meta name=\"twitter:site\" content=\"@iengenharia\" \/>\n<meta name=\"twitter:label1\" content=\"Escrito por\" \/>\n\t<meta name=\"twitter:data1\" content=\"TMax Tecnologia\" \/>\n\t<meta name=\"twitter:label2\" content=\"Est. tempo de leitura\" \/>\n\t<meta name=\"twitter:data2\" content=\"2 minutos\" \/>\n<script type=\"application\/ld+json\" class=\"yoast-schema-graph\">{\"@context\":\"https:\/\/schema.org\",\"@graph\":[{\"@type\":\"Article\",\"@id\":\"https:\/\/www.institutodeengenharia.org.br\/site\/2013\/08\/20\/barco-oceanografico-alpha-delphini-e-inaugurado-em-santos\/#article\",\"isPartOf\":{\"@id\":\"https:\/\/www.institutodeengenharia.org.br\/site\/2013\/08\/20\/barco-oceanografico-alpha-delphini-e-inaugurado-em-santos\/\"},\"author\":{\"name\":\"TMax Tecnologia\",\"@id\":\"https:\/\/www.institutodeengenharia.org.br\/site\/#\/schema\/person\/3b1ff109facef084739fc2edcb9a127f\"},\"headline\":\"Barco oceanogr\u00e1fico Alpha Delphini \u00e9 inaugurado em Santos\",\"datePublished\":\"2013-08-20T23:55:49+00:00\",\"mainEntityOfPage\":{\"@id\":\"https:\/\/www.institutodeengenharia.org.br\/site\/2013\/08\/20\/barco-oceanografico-alpha-delphini-e-inaugurado-em-santos\/\"},\"wordCount\":470,\"commentCount\":0,\"publisher\":{\"@id\":\"https:\/\/www.institutodeengenharia.org.br\/site\/#organization\"},\"articleSection\":[\"Not\u00edcias\",\"Pesquisa e Desenvolvimento\"],\"inLanguage\":\"pt-BR\",\"potentialAction\":[{\"@type\":\"CommentAction\",\"name\":\"Comment\",\"target\":[\"https:\/\/www.institutodeengenharia.org.br\/site\/2013\/08\/20\/barco-oceanografico-alpha-delphini-e-inaugurado-em-santos\/#respond\"]}]},{\"@type\":\"WebPage\",\"@id\":\"https:\/\/www.institutodeengenharia.org.br\/site\/2013\/08\/20\/barco-oceanografico-alpha-delphini-e-inaugurado-em-santos\/\",\"url\":\"https:\/\/www.institutodeengenharia.org.br\/site\/2013\/08\/20\/barco-oceanografico-alpha-delphini-e-inaugurado-em-santos\/\",\"name\":\"Barco oceanogr\u00e1fico Alpha Delphini \u00e9 inaugurado em Santos - Instituto de Engenharia\",\"isPartOf\":{\"@id\":\"https:\/\/www.institutodeengenharia.org.br\/site\/#website\"},\"datePublished\":\"2013-08-20T23:55:49+00:00\",\"breadcrumb\":{\"@id\":\"https:\/\/www.institutodeengenharia.org.br\/site\/2013\/08\/20\/barco-oceanografico-alpha-delphini-e-inaugurado-em-santos\/#breadcrumb\"},\"inLanguage\":\"pt-BR\",\"potentialAction\":[{\"@type\":\"ReadAction\",\"target\":[\"https:\/\/www.institutodeengenharia.org.br\/site\/2013\/08\/20\/barco-oceanografico-alpha-delphini-e-inaugurado-em-santos\/\"]}]},{\"@type\":\"BreadcrumbList\",\"@id\":\"https:\/\/www.institutodeengenharia.org.br\/site\/2013\/08\/20\/barco-oceanografico-alpha-delphini-e-inaugurado-em-santos\/#breadcrumb\",\"itemListElement\":[{\"@type\":\"ListItem\",\"position\":1,\"name\":\"In\u00edcio\",\"item\":\"https:\/\/www.institutodeengenharia.org.br\/site\/\"},{\"@type\":\"ListItem\",\"position\":2,\"name\":\"Barco oceanogr\u00e1fico Alpha Delphini \u00e9 inaugurado em Santos\"}]},{\"@type\":\"WebSite\",\"@id\":\"https:\/\/www.institutodeengenharia.org.br\/site\/#website\",\"url\":\"https:\/\/www.institutodeengenharia.org.br\/site\/\",\"name\":\"Instituto de Engenharia\",\"description\":\"O Instituto de Engenharia promove a Engenharia em benef\u00edcio do desenvolvimento e da qualidade de vida da sociedade.\",\"publisher\":{\"@id\":\"https:\/\/www.institutodeengenharia.org.br\/site\/#organization\"},\"potentialAction\":[{\"@type\":\"SearchAction\",\"target\":{\"@type\":\"EntryPoint\",\"urlTemplate\":\"https:\/\/www.institutodeengenharia.org.br\/site\/?s={search_term_string}\"},\"query-input\":{\"@type\":\"PropertyValueSpecification\",\"valueRequired\":true,\"valueName\":\"search_term_string\"}}],\"inLanguage\":\"pt-BR\"},{\"@type\":\"Organization\",\"@id\":\"https:\/\/www.institutodeengenharia.org.br\/site\/#organization\",\"name\":\"Instituto de Engenharia\",\"url\":\"https:\/\/www.institutodeengenharia.org.br\/site\/\",\"logo\":{\"@type\":\"ImageObject\",\"inLanguage\":\"pt-BR\",\"@id\":\"https:\/\/www.institutodeengenharia.org.br\/site\/#\/schema\/logo\/image\/\",\"url\":\"https:\/\/www.institutodeengenharia.org.br\/site\/wp-content\/uploads\/2019\/03\/logo-novo-IE2018-1.jpg\",\"contentUrl\":\"https:\/\/www.institutodeengenharia.org.br\/site\/wp-content\/uploads\/2019\/03\/logo-novo-IE2018-1.jpg\",\"width\":1486,\"height\":1879,\"caption\":\"Instituto de Engenharia\"},\"image\":{\"@id\":\"https:\/\/www.institutodeengenharia.org.br\/site\/#\/schema\/logo\/image\/\"},\"sameAs\":[\"https:\/\/www.facebook.com\/institutodeengenharia\",\"https:\/\/x.com\/iengenharia\",\"https:\/\/www.instagram.com\/institutodeengenharia\/\",\"https:\/\/www.linkedin.com\/company\/instituto-de-engenharia\/\",\"https:\/\/www.youtube.com\/channel\/UCXiCAlsSMe977vamW915HxA\"]},{\"@type\":\"Person\",\"@id\":\"https:\/\/www.institutodeengenharia.org.br\/site\/#\/schema\/person\/3b1ff109facef084739fc2edcb9a127f\",\"name\":\"TMax Tecnologia\",\"image\":{\"@type\":\"ImageObject\",\"inLanguage\":\"pt-BR\",\"@id\":\"https:\/\/secure.gravatar.com\/avatar\/f912434ef7f389c92cb311fcdae346af848465d638912574b3c669070f797701?s=96&d=mm&r=g\",\"url\":\"https:\/\/secure.gravatar.com\/avatar\/f912434ef7f389c92cb311fcdae346af848465d638912574b3c669070f797701?s=96&d=mm&r=g\",\"contentUrl\":\"https:\/\/secure.gravatar.com\/avatar\/f912434ef7f389c92cb311fcdae346af848465d638912574b3c669070f797701?s=96&d=mm&r=g\",\"caption\":\"TMax Tecnologia\"},\"url\":\"https:\/\/www.institutodeengenharia.org.br\/site\/author\/tmax\/\"}]}<\/script>\n<!-- \/ Yoast SEO plugin. -->","yoast_head_json":{"title":"Barco oceanogr\u00e1fico Alpha Delphini \u00e9 inaugurado em Santos - Instituto de Engenharia","robots":{"index":"index","follow":"follow","max-snippet":"max-snippet:-1","max-image-preview":"max-image-preview:large","max-video-preview":"max-video-preview:-1"},"canonical":"https:\/\/www.institutodeengenharia.org.br\/site\/2013\/08\/20\/barco-oceanografico-alpha-delphini-e-inaugurado-em-santos\/","og_locale":"pt_BR","og_type":"article","og_title":"Barco oceanogr\u00e1fico Alpha Delphini \u00e9 inaugurado em Santos - Instituto de Engenharia","og_description":"Foi inaugurado em Santos, no litoral de S\u00e3o Paulo, o barco oceanogr\u00e1fico Alpha Delphini, pertencente ao Instituto Oceanogr\u00e1fico (IO), da USP. O IO j\u00e1 havia adquirido o navio oceanogr\u00e1fico Alpha Crucis, inaugurado em maio de 2012, que j\u00e1 fez at\u00e9 agora sete cruzeiros, incluindo testes e pesquisas. &#8220;O Alpha Delphini complementa o Alpha Crucis e [&hellip;]","og_url":"https:\/\/www.institutodeengenharia.org.br\/site\/2013\/08\/20\/barco-oceanografico-alpha-delphini-e-inaugurado-em-santos\/","og_site_name":"Instituto de Engenharia","article_publisher":"https:\/\/www.facebook.com\/institutodeengenharia","article_published_time":"2013-08-20T23:55:49+00:00","author":"TMax Tecnologia","twitter_card":"summary_large_image","twitter_creator":"@iengenharia","twitter_site":"@iengenharia","twitter_misc":{"Escrito por":"TMax Tecnologia","Est. tempo de leitura":"2 minutos"},"schema":{"@context":"https:\/\/schema.org","@graph":[{"@type":"Article","@id":"https:\/\/www.institutodeengenharia.org.br\/site\/2013\/08\/20\/barco-oceanografico-alpha-delphini-e-inaugurado-em-santos\/#article","isPartOf":{"@id":"https:\/\/www.institutodeengenharia.org.br\/site\/2013\/08\/20\/barco-oceanografico-alpha-delphini-e-inaugurado-em-santos\/"},"author":{"name":"TMax Tecnologia","@id":"https:\/\/www.institutodeengenharia.org.br\/site\/#\/schema\/person\/3b1ff109facef084739fc2edcb9a127f"},"headline":"Barco oceanogr\u00e1fico Alpha Delphini \u00e9 inaugurado em Santos","datePublished":"2013-08-20T23:55:49+00:00","mainEntityOfPage":{"@id":"https:\/\/www.institutodeengenharia.org.br\/site\/2013\/08\/20\/barco-oceanografico-alpha-delphini-e-inaugurado-em-santos\/"},"wordCount":470,"commentCount":0,"publisher":{"@id":"https:\/\/www.institutodeengenharia.org.br\/site\/#organization"},"articleSection":["Not\u00edcias","Pesquisa e Desenvolvimento"],"inLanguage":"pt-BR","potentialAction":[{"@type":"CommentAction","name":"Comment","target":["https:\/\/www.institutodeengenharia.org.br\/site\/2013\/08\/20\/barco-oceanografico-alpha-delphini-e-inaugurado-em-santos\/#respond"]}]},{"@type":"WebPage","@id":"https:\/\/www.institutodeengenharia.org.br\/site\/2013\/08\/20\/barco-oceanografico-alpha-delphini-e-inaugurado-em-santos\/","url":"https:\/\/www.institutodeengenharia.org.br\/site\/2013\/08\/20\/barco-oceanografico-alpha-delphini-e-inaugurado-em-santos\/","name":"Barco oceanogr\u00e1fico Alpha Delphini \u00e9 inaugurado em Santos - Instituto de Engenharia","isPartOf":{"@id":"https:\/\/www.institutodeengenharia.org.br\/site\/#website"},"datePublished":"2013-08-20T23:55:49+00:00","breadcrumb":{"@id":"https:\/\/www.institutodeengenharia.org.br\/site\/2013\/08\/20\/barco-oceanografico-alpha-delphini-e-inaugurado-em-santos\/#breadcrumb"},"inLanguage":"pt-BR","potentialAction":[{"@type":"ReadAction","target":["https:\/\/www.institutodeengenharia.org.br\/site\/2013\/08\/20\/barco-oceanografico-alpha-delphini-e-inaugurado-em-santos\/"]}]},{"@type":"BreadcrumbList","@id":"https:\/\/www.institutodeengenharia.org.br\/site\/2013\/08\/20\/barco-oceanografico-alpha-delphini-e-inaugurado-em-santos\/#breadcrumb","itemListElement":[{"@type":"ListItem","position":1,"name":"In\u00edcio","item":"https:\/\/www.institutodeengenharia.org.br\/site\/"},{"@type":"ListItem","position":2,"name":"Barco oceanogr\u00e1fico Alpha Delphini \u00e9 inaugurado em Santos"}]},{"@type":"WebSite","@id":"https:\/\/www.institutodeengenharia.org.br\/site\/#website","url":"https:\/\/www.institutodeengenharia.org.br\/site\/","name":"Instituto de Engenharia","description":"O Instituto de Engenharia promove a Engenharia em benef\u00edcio do desenvolvimento e da qualidade de vida da sociedade.","publisher":{"@id":"https:\/\/www.institutodeengenharia.org.br\/site\/#organization"},"potentialAction":[{"@type":"SearchAction","target":{"@type":"EntryPoint","urlTemplate":"https:\/\/www.institutodeengenharia.org.br\/site\/?s={search_term_string}"},"query-input":{"@type":"PropertyValueSpecification","valueRequired":true,"valueName":"search_term_string"}}],"inLanguage":"pt-BR"},{"@type":"Organization","@id":"https:\/\/www.institutodeengenharia.org.br\/site\/#organization","name":"Instituto de Engenharia","url":"https:\/\/www.institutodeengenharia.org.br\/site\/","logo":{"@type":"ImageObject","inLanguage":"pt-BR","@id":"https:\/\/www.institutodeengenharia.org.br\/site\/#\/schema\/logo\/image\/","url":"https:\/\/www.institutodeengenharia.org.br\/site\/wp-content\/uploads\/2019\/03\/logo-novo-IE2018-1.jpg","contentUrl":"https:\/\/www.institutodeengenharia.org.br\/site\/wp-content\/uploads\/2019\/03\/logo-novo-IE2018-1.jpg","width":1486,"height":1879,"caption":"Instituto de Engenharia"},"image":{"@id":"https:\/\/www.institutodeengenharia.org.br\/site\/#\/schema\/logo\/image\/"},"sameAs":["https:\/\/www.facebook.com\/institutodeengenharia","https:\/\/x.com\/iengenharia","https:\/\/www.instagram.com\/institutodeengenharia\/","https:\/\/www.linkedin.com\/company\/instituto-de-engenharia\/","https:\/\/www.youtube.com\/channel\/UCXiCAlsSMe977vamW915HxA"]},{"@type":"Person","@id":"https:\/\/www.institutodeengenharia.org.br\/site\/#\/schema\/person\/3b1ff109facef084739fc2edcb9a127f","name":"TMax Tecnologia","image":{"@type":"ImageObject","inLanguage":"pt-BR","@id":"https:\/\/secure.gravatar.com\/avatar\/f912434ef7f389c92cb311fcdae346af848465d638912574b3c669070f797701?s=96&d=mm&r=g","url":"https:\/\/secure.gravatar.com\/avatar\/f912434ef7f389c92cb311fcdae346af848465d638912574b3c669070f797701?s=96&d=mm&r=g","contentUrl":"https:\/\/secure.gravatar.com\/avatar\/f912434ef7f389c92cb311fcdae346af848465d638912574b3c669070f797701?s=96&d=mm&r=g","caption":"TMax Tecnologia"},"url":"https:\/\/www.institutodeengenharia.org.br\/site\/author\/tmax\/"}]}},"_links":{"self":[{"href":"https:\/\/www.institutodeengenharia.org.br\/site\/wp-json\/wp\/v2\/posts\/23788","targetHints":{"allow":["GET"]}}],"collection":[{"href":"https:\/\/www.institutodeengenharia.org.br\/site\/wp-json\/wp\/v2\/posts"}],"about":[{"href":"https:\/\/www.institutodeengenharia.org.br\/site\/wp-json\/wp\/v2\/types\/post"}],"author":[{"embeddable":true,"href":"https:\/\/www.institutodeengenharia.org.br\/site\/wp-json\/wp\/v2\/users\/1"}],"replies":[{"embeddable":true,"href":"https:\/\/www.institutodeengenharia.org.br\/site\/wp-json\/wp\/v2\/comments?post=23788"}],"version-history":[{"count":0,"href":"https:\/\/www.institutodeengenharia.org.br\/site\/wp-json\/wp\/v2\/posts\/23788\/revisions"}],"wp:attachment":[{"href":"https:\/\/www.institutodeengenharia.org.br\/site\/wp-json\/wp\/v2\/media?parent=23788"}],"wp:term":[{"taxonomy":"category","embeddable":true,"href":"https:\/\/www.institutodeengenharia.org.br\/site\/wp-json\/wp\/v2\/categories?post=23788"},{"taxonomy":"post_tag","embeddable":true,"href":"https:\/\/www.institutodeengenharia.org.br\/site\/wp-json\/wp\/v2\/tags?post=23788"}],"curies":[{"name":"wp","href":"https:\/\/api.w.org\/{rel}","templated":true}]}}