{"id":23764,"date":"2013-08-15T23:55:31","date_gmt":"2013-08-15T23:55:31","guid":{"rendered":"https:\/\/www.institutodeengenharia.org.br\/?p=23764"},"modified":"2013-08-15T15:46:20","modified_gmt":"2013-08-15T15:46:20","slug":"120-anos-da-escola-politecnica-da-usp","status":"publish","type":"post","link":"https:\/\/www.institutodeengenharia.org.br\/site\/2013\/08\/15\/120-anos-da-escola-politecnica-da-usp\/","title":{"rendered":"120 anos da Escola Polit\u00e9cnica da USP"},"content":{"rendered":"<p>As comemora\u00e7\u00f5es dos 120 anos da Escola Polit\u00e9cnica da USP, reconhecida como sendo um centro de excel\u00eancia em ensino e pesquisa nas \u00e1reas tecnol\u00f3gica e cient\u00edfica, permitem rememorar sua hist\u00f3ria, suas realiza\u00e7\u00f5es e principalmente suas contribui\u00e7\u00f5es \u00e0 sociedade como um todo. <\/p>\n<p>A POLI &#8211; como \u00e9 chamada desde ent\u00e3o &#8211; foi criada pela Lei Estadual n\u00ba 191 de 24\/08\/1893. Seu autor foi Antonio Francisco de Paula Souza, eminente Engenheiro graduado na Alemanha e seu primeiro diretor, defensor do ensino tecnol\u00f3gico em todos os n\u00edveis; o sistema de ensino tecnol\u00f3gico de S\u00e3o Paulo, com as ETEPs e FATECs, leva seu nome. <\/p>\n<p>A Polit\u00e9cnica de S\u00e3o Paulo foi a terceira escola de Engenharia no Brasil, a primeira escola superior criada por um Estado e a primeira a seguir o modelo alem\u00e3o, at\u00e9 hoje seguido, que alia o ensino pr\u00e1tico com rigorosa forma\u00e7\u00e3o matem\u00e1tica e cient\u00edfica. <\/p>\n<p>As atividades did\u00e1ticas e de pesquisas da POLI geraram outras institui\u00e7\u00f5es, como o IPT e o Instituto de Eletrot\u00e9cnica, atual Instituto de Energia e Ambiente da USP. <\/p>\n<p>Gra\u00e7as a dedica\u00e7\u00e3o de seu corpo docente altamente qualificado, ao longo de seus 120 anos foram desenvolvidos in\u00fameros projetos e estudos pioneiros, muitas vezes em colabora\u00e7\u00e3o com outras entidades. Destacam-se a modelagem das grandes barragens, o desenvolvimento e constru\u00e7\u00e3o no pa\u00eds do primeiro avi\u00e3o, do primeiro computador e o projeto do primeiro navio oceanogr\u00e1fico. <\/p>\n<p>A Escola Polit\u00e9cnica teve papel importante na Revolu\u00e7\u00e3o de 32, projetando e fabricando armamentos e muni\u00e7\u00f5es. <\/p>\n<p>Coube ao polit\u00e9cnico Armando de Salles Oliveira a cria\u00e7\u00e3o da Universidade de S\u00e3o Paulo em 1934, a ela incorporando a Escola Polit\u00e9cnica. Isto refor\u00e7ou a estreita coopera\u00e7\u00e3o com as demais unidades incorporadas e facilitou a colabora\u00e7\u00e3o com as posteriormente criadas, com benef\u00edcios m\u00fatuos. V\u00e1rias unidades da USP, bem como outras institui\u00e7\u00f5es de ensino, tiveram a participa\u00e7\u00e3o da POLI em sua cria\u00e7\u00e3o e estrutura\u00e7\u00e3o. <\/p>\n<p>O perfil polit\u00e9cnico \u00e9 a alma da escola. Sua atua\u00e7\u00e3o profissional nas \u00e1reas t\u00e9cnicas, na pol\u00edtica e na gest\u00e3o de empresas e \u00f3rg\u00e3os p\u00fablicos tem sido fator relevante no desenvolvimento econ\u00f4mico e social do pa\u00eds. Sua forma\u00e7\u00e3o \u00e9 completada por intensa vida acad\u00eamica, onde se destaca o Gr\u00eamio Polit\u00e9cnico, fundado em 1903. <\/p>\n<p>A Escola Polytechnica de S\u00e3o Paulo teve sua aula inaugural em 15 de fevereiro de 1894 no modesto Solar do Marques de Tres Rios; tinha 7 professores, 31 alunos regulares e 28 &#8220;ouvintes&#8221;. <\/p>\n<p>Hoje a Escola Polit\u00e9cnica da USP ocupa 150.000 m\u00b2, tem 500 docentes e 500 funcion\u00e1rios, 4.500 alunos em 17 cursos de gradua\u00e7\u00e3o e 2.500 em 11 cursos de p\u00f3s-gradua\u00e7\u00e3o. Em 2001 lan\u00e7ou um audacioso programa de internacionaliza\u00e7\u00e3o, que desde ent\u00e3o enviou quase 1.800 alunos para realizar parte de seus cursos no exterior, dos quais 720 em duplo-diploma e recebeu, no mesmo per\u00edodo, 1300 estrangeiros. Este processo de internacionaliza\u00e7\u00e3o e os mais de 200 conv\u00eanios com empresas e entidades p\u00fablicas e privadas resultam em constante atualiza\u00e7\u00e3o curricular, inova\u00e7\u00f5es e grande gera\u00e7\u00e3o de conhecimento, evidenciada por significativa produ\u00e7\u00e3o cient\u00edfica. <\/p>\n<p>O crescimento da POLI n\u00e3o \u00e9 e nunca foi um objetivo em si. O objetivo da Escola Polit\u00e9cnica sempre foi contribuir para o desenvolvimento do pa\u00eds, atuando nas \u00e1reas tecnol\u00f3gica e cient\u00edfica, mas sempre consciente das implica\u00e7\u00f5es sociais decorrentes. Tal objetivo foi alcan\u00e7ado nos \u00faltimos 120 anos. A Escola Polit\u00e9cnica da USP est\u00e1 preparada para mant\u00ea-lo nos pr\u00f3ximos 120, consciente das mudan\u00e7as da pr\u00f3pria Engenharia e da sociedade brasileira. <\/p>\n<p><b>Autor: Jos\u00e9 Roberto Cardoso, diretor da Escola Polit\u00e9cnica da USP, e Jos\u00e9 Luiz P. Costa Dias, Eng. Eletricista<\/b><\/p>\n","protected":false},"excerpt":{"rendered":"<p>As comemora\u00e7\u00f5es dos 120 anos da Escola Polit\u00e9cnica da USP, reconhecida como sendo um centro de excel\u00eancia em ensino e pesquisa nas \u00e1reas tecnol\u00f3gica e cient\u00edfica, permitem rememorar sua hist\u00f3ria, suas realiza\u00e7\u00f5es e principalmente suas contribui\u00e7\u00f5es \u00e0 sociedade como um todo. A POLI &#8211; como \u00e9 chamada desde ent\u00e3o &#8211; foi criada pela Lei Estadual [&hellip;]<\/p>\n","protected":false},"author":1,"featured_media":23765,"comment_status":"open","ping_status":"open","sticky":false,"template":"","format":"standard","meta":{"footnotes":""},"categories":[114,35],"tags":[],"class_list":{"0":"post-23764","1":"post","2":"type-post","3":"status-publish","4":"format-standard","5":"has-post-thumbnail","7":"category-artigos","8":"category-pesquisa-e-desenvolvimento"},"yoast_head":"<!-- This site is optimized with the Yoast SEO plugin v27.2 - https:\/\/yoast.com\/product\/yoast-seo-wordpress\/ -->\n<title>120 anos da Escola Polit\u00e9cnica da USP - Instituto de Engenharia<\/title>\n<meta name=\"robots\" content=\"index, follow, max-snippet:-1, max-image-preview:large, max-video-preview:-1\" \/>\n<link rel=\"canonical\" href=\"https:\/\/www.institutodeengenharia.org.br\/site\/2013\/08\/15\/120-anos-da-escola-politecnica-da-usp\/\" \/>\n<meta property=\"og:locale\" content=\"pt_BR\" \/>\n<meta property=\"og:type\" content=\"article\" \/>\n<meta property=\"og:title\" content=\"120 anos da Escola Polit\u00e9cnica da USP - Instituto de Engenharia\" \/>\n<meta property=\"og:description\" content=\"As comemora\u00e7\u00f5es dos 120 anos da Escola Polit\u00e9cnica da USP, reconhecida como sendo um centro de excel\u00eancia em ensino e pesquisa nas \u00e1reas tecnol\u00f3gica e cient\u00edfica, permitem rememorar sua hist\u00f3ria, suas realiza\u00e7\u00f5es e principalmente suas contribui\u00e7\u00f5es \u00e0 sociedade como um todo. A POLI &#8211; como \u00e9 chamada desde ent\u00e3o &#8211; foi criada pela Lei Estadual [&hellip;]\" \/>\n<meta property=\"og:url\" content=\"https:\/\/www.institutodeengenharia.org.br\/site\/2013\/08\/15\/120-anos-da-escola-politecnica-da-usp\/\" \/>\n<meta property=\"og:site_name\" content=\"Instituto de Engenharia\" \/>\n<meta property=\"article:publisher\" content=\"https:\/\/www.facebook.com\/institutodeengenharia\" \/>\n<meta property=\"article:published_time\" content=\"2013-08-15T23:55:31+00:00\" \/>\n<meta property=\"og:image\" content=\"https:\/\/www.institutodeengenharia.org.br\/site\/wp-content\/uploads\/2017\/10\/poli.jpg\" \/>\n\t<meta property=\"og:image:width\" content=\"626\" \/>\n\t<meta property=\"og:image:height\" content=\"96\" \/>\n\t<meta property=\"og:image:type\" content=\"image\/jpeg\" \/>\n<meta name=\"author\" content=\"TMax Tecnologia\" \/>\n<meta name=\"twitter:card\" content=\"summary_large_image\" \/>\n<meta name=\"twitter:creator\" content=\"@iengenharia\" \/>\n<meta name=\"twitter:site\" content=\"@iengenharia\" \/>\n<meta name=\"twitter:label1\" content=\"Escrito por\" \/>\n\t<meta name=\"twitter:data1\" content=\"TMax Tecnologia\" \/>\n\t<meta name=\"twitter:label2\" content=\"Est. tempo de leitura\" \/>\n\t<meta name=\"twitter:data2\" content=\"3 minutos\" \/>\n<script type=\"application\/ld+json\" class=\"yoast-schema-graph\">{\"@context\":\"https:\/\/schema.org\",\"@graph\":[{\"@type\":\"Article\",\"@id\":\"https:\/\/www.institutodeengenharia.org.br\/site\/2013\/08\/15\/120-anos-da-escola-politecnica-da-usp\/#article\",\"isPartOf\":{\"@id\":\"https:\/\/www.institutodeengenharia.org.br\/site\/2013\/08\/15\/120-anos-da-escola-politecnica-da-usp\/\"},\"author\":{\"name\":\"TMax Tecnologia\",\"@id\":\"https:\/\/www.institutodeengenharia.org.br\/site\/#\/schema\/person\/3b1ff109facef084739fc2edcb9a127f\"},\"headline\":\"120 anos da Escola Polit\u00e9cnica da USP\",\"datePublished\":\"2013-08-15T23:55:31+00:00\",\"mainEntityOfPage\":{\"@id\":\"https:\/\/www.institutodeengenharia.org.br\/site\/2013\/08\/15\/120-anos-da-escola-politecnica-da-usp\/\"},\"wordCount\":640,\"commentCount\":0,\"publisher\":{\"@id\":\"https:\/\/www.institutodeengenharia.org.br\/site\/#organization\"},\"image\":{\"@id\":\"https:\/\/www.institutodeengenharia.org.br\/site\/2013\/08\/15\/120-anos-da-escola-politecnica-da-usp\/#primaryimage\"},\"thumbnailUrl\":\"https:\/\/www.institutodeengenharia.org.br\/site\/wp-content\/uploads\/2017\/10\/poli.jpg\",\"articleSection\":[\"Artigos\",\"Pesquisa e Desenvolvimento\"],\"inLanguage\":\"pt-BR\",\"potentialAction\":[{\"@type\":\"CommentAction\",\"name\":\"Comment\",\"target\":[\"https:\/\/www.institutodeengenharia.org.br\/site\/2013\/08\/15\/120-anos-da-escola-politecnica-da-usp\/#respond\"]}]},{\"@type\":\"WebPage\",\"@id\":\"https:\/\/www.institutodeengenharia.org.br\/site\/2013\/08\/15\/120-anos-da-escola-politecnica-da-usp\/\",\"url\":\"https:\/\/www.institutodeengenharia.org.br\/site\/2013\/08\/15\/120-anos-da-escola-politecnica-da-usp\/\",\"name\":\"120 anos da Escola Polit\u00e9cnica da USP - Instituto de Engenharia\",\"isPartOf\":{\"@id\":\"https:\/\/www.institutodeengenharia.org.br\/site\/#website\"},\"primaryImageOfPage\":{\"@id\":\"https:\/\/www.institutodeengenharia.org.br\/site\/2013\/08\/15\/120-anos-da-escola-politecnica-da-usp\/#primaryimage\"},\"image\":{\"@id\":\"https:\/\/www.institutodeengenharia.org.br\/site\/2013\/08\/15\/120-anos-da-escola-politecnica-da-usp\/#primaryimage\"},\"thumbnailUrl\":\"https:\/\/www.institutodeengenharia.org.br\/site\/wp-content\/uploads\/2017\/10\/poli.jpg\",\"datePublished\":\"2013-08-15T23:55:31+00:00\",\"breadcrumb\":{\"@id\":\"https:\/\/www.institutodeengenharia.org.br\/site\/2013\/08\/15\/120-anos-da-escola-politecnica-da-usp\/#breadcrumb\"},\"inLanguage\":\"pt-BR\",\"potentialAction\":[{\"@type\":\"ReadAction\",\"target\":[\"https:\/\/www.institutodeengenharia.org.br\/site\/2013\/08\/15\/120-anos-da-escola-politecnica-da-usp\/\"]}]},{\"@type\":\"ImageObject\",\"inLanguage\":\"pt-BR\",\"@id\":\"https:\/\/www.institutodeengenharia.org.br\/site\/2013\/08\/15\/120-anos-da-escola-politecnica-da-usp\/#primaryimage\",\"url\":\"https:\/\/www.institutodeengenharia.org.br\/site\/wp-content\/uploads\/2017\/10\/poli.jpg\",\"contentUrl\":\"https:\/\/www.institutodeengenharia.org.br\/site\/wp-content\/uploads\/2017\/10\/poli.jpg\",\"width\":626,\"height\":96},{\"@type\":\"BreadcrumbList\",\"@id\":\"https:\/\/www.institutodeengenharia.org.br\/site\/2013\/08\/15\/120-anos-da-escola-politecnica-da-usp\/#breadcrumb\",\"itemListElement\":[{\"@type\":\"ListItem\",\"position\":1,\"name\":\"In\u00edcio\",\"item\":\"https:\/\/www.institutodeengenharia.org.br\/site\/\"},{\"@type\":\"ListItem\",\"position\":2,\"name\":\"120 anos da Escola Polit\u00e9cnica da USP\"}]},{\"@type\":\"WebSite\",\"@id\":\"https:\/\/www.institutodeengenharia.org.br\/site\/#website\",\"url\":\"https:\/\/www.institutodeengenharia.org.br\/site\/\",\"name\":\"Instituto de Engenharia\",\"description\":\"O Instituto de Engenharia promove a Engenharia em benef\u00edcio do desenvolvimento e da qualidade de vida da sociedade.\",\"publisher\":{\"@id\":\"https:\/\/www.institutodeengenharia.org.br\/site\/#organization\"},\"potentialAction\":[{\"@type\":\"SearchAction\",\"target\":{\"@type\":\"EntryPoint\",\"urlTemplate\":\"https:\/\/www.institutodeengenharia.org.br\/site\/?s={search_term_string}\"},\"query-input\":{\"@type\":\"PropertyValueSpecification\",\"valueRequired\":true,\"valueName\":\"search_term_string\"}}],\"inLanguage\":\"pt-BR\"},{\"@type\":\"Organization\",\"@id\":\"https:\/\/www.institutodeengenharia.org.br\/site\/#organization\",\"name\":\"Instituto de Engenharia\",\"url\":\"https:\/\/www.institutodeengenharia.org.br\/site\/\",\"logo\":{\"@type\":\"ImageObject\",\"inLanguage\":\"pt-BR\",\"@id\":\"https:\/\/www.institutodeengenharia.org.br\/site\/#\/schema\/logo\/image\/\",\"url\":\"https:\/\/www.institutodeengenharia.org.br\/site\/wp-content\/uploads\/2019\/03\/logo-novo-IE2018-1.jpg\",\"contentUrl\":\"https:\/\/www.institutodeengenharia.org.br\/site\/wp-content\/uploads\/2019\/03\/logo-novo-IE2018-1.jpg\",\"width\":1486,\"height\":1879,\"caption\":\"Instituto de Engenharia\"},\"image\":{\"@id\":\"https:\/\/www.institutodeengenharia.org.br\/site\/#\/schema\/logo\/image\/\"},\"sameAs\":[\"https:\/\/www.facebook.com\/institutodeengenharia\",\"https:\/\/x.com\/iengenharia\",\"https:\/\/www.instagram.com\/institutodeengenharia\/\",\"https:\/\/www.linkedin.com\/company\/instituto-de-engenharia\/\",\"https:\/\/www.youtube.com\/channel\/UCXiCAlsSMe977vamW915HxA\"]},{\"@type\":\"Person\",\"@id\":\"https:\/\/www.institutodeengenharia.org.br\/site\/#\/schema\/person\/3b1ff109facef084739fc2edcb9a127f\",\"name\":\"TMax Tecnologia\",\"image\":{\"@type\":\"ImageObject\",\"inLanguage\":\"pt-BR\",\"@id\":\"https:\/\/secure.gravatar.com\/avatar\/f912434ef7f389c92cb311fcdae346af848465d638912574b3c669070f797701?s=96&d=mm&r=g\",\"url\":\"https:\/\/secure.gravatar.com\/avatar\/f912434ef7f389c92cb311fcdae346af848465d638912574b3c669070f797701?s=96&d=mm&r=g\",\"contentUrl\":\"https:\/\/secure.gravatar.com\/avatar\/f912434ef7f389c92cb311fcdae346af848465d638912574b3c669070f797701?s=96&d=mm&r=g\",\"caption\":\"TMax Tecnologia\"},\"url\":\"https:\/\/www.institutodeengenharia.org.br\/site\/author\/tmax\/\"}]}<\/script>\n<!-- \/ Yoast SEO plugin. -->","yoast_head_json":{"title":"120 anos da Escola Polit\u00e9cnica da USP - Instituto de Engenharia","robots":{"index":"index","follow":"follow","max-snippet":"max-snippet:-1","max-image-preview":"max-image-preview:large","max-video-preview":"max-video-preview:-1"},"canonical":"https:\/\/www.institutodeengenharia.org.br\/site\/2013\/08\/15\/120-anos-da-escola-politecnica-da-usp\/","og_locale":"pt_BR","og_type":"article","og_title":"120 anos da Escola Polit\u00e9cnica da USP - Instituto de Engenharia","og_description":"As comemora\u00e7\u00f5es dos 120 anos da Escola Polit\u00e9cnica da USP, reconhecida como sendo um centro de excel\u00eancia em ensino e pesquisa nas \u00e1reas tecnol\u00f3gica e cient\u00edfica, permitem rememorar sua hist\u00f3ria, suas realiza\u00e7\u00f5es e principalmente suas contribui\u00e7\u00f5es \u00e0 sociedade como um todo. A POLI &#8211; como \u00e9 chamada desde ent\u00e3o &#8211; foi criada pela Lei Estadual [&hellip;]","og_url":"https:\/\/www.institutodeengenharia.org.br\/site\/2013\/08\/15\/120-anos-da-escola-politecnica-da-usp\/","og_site_name":"Instituto de Engenharia","article_publisher":"https:\/\/www.facebook.com\/institutodeengenharia","article_published_time":"2013-08-15T23:55:31+00:00","og_image":[{"width":626,"height":96,"url":"https:\/\/www.institutodeengenharia.org.br\/site\/wp-content\/uploads\/2017\/10\/poli.jpg","type":"image\/jpeg"}],"author":"TMax Tecnologia","twitter_card":"summary_large_image","twitter_creator":"@iengenharia","twitter_site":"@iengenharia","twitter_misc":{"Escrito por":"TMax Tecnologia","Est. tempo de leitura":"3 minutos"},"schema":{"@context":"https:\/\/schema.org","@graph":[{"@type":"Article","@id":"https:\/\/www.institutodeengenharia.org.br\/site\/2013\/08\/15\/120-anos-da-escola-politecnica-da-usp\/#article","isPartOf":{"@id":"https:\/\/www.institutodeengenharia.org.br\/site\/2013\/08\/15\/120-anos-da-escola-politecnica-da-usp\/"},"author":{"name":"TMax Tecnologia","@id":"https:\/\/www.institutodeengenharia.org.br\/site\/#\/schema\/person\/3b1ff109facef084739fc2edcb9a127f"},"headline":"120 anos da Escola Polit\u00e9cnica da USP","datePublished":"2013-08-15T23:55:31+00:00","mainEntityOfPage":{"@id":"https:\/\/www.institutodeengenharia.org.br\/site\/2013\/08\/15\/120-anos-da-escola-politecnica-da-usp\/"},"wordCount":640,"commentCount":0,"publisher":{"@id":"https:\/\/www.institutodeengenharia.org.br\/site\/#organization"},"image":{"@id":"https:\/\/www.institutodeengenharia.org.br\/site\/2013\/08\/15\/120-anos-da-escola-politecnica-da-usp\/#primaryimage"},"thumbnailUrl":"https:\/\/www.institutodeengenharia.org.br\/site\/wp-content\/uploads\/2017\/10\/poli.jpg","articleSection":["Artigos","Pesquisa e Desenvolvimento"],"inLanguage":"pt-BR","potentialAction":[{"@type":"CommentAction","name":"Comment","target":["https:\/\/www.institutodeengenharia.org.br\/site\/2013\/08\/15\/120-anos-da-escola-politecnica-da-usp\/#respond"]}]},{"@type":"WebPage","@id":"https:\/\/www.institutodeengenharia.org.br\/site\/2013\/08\/15\/120-anos-da-escola-politecnica-da-usp\/","url":"https:\/\/www.institutodeengenharia.org.br\/site\/2013\/08\/15\/120-anos-da-escola-politecnica-da-usp\/","name":"120 anos da Escola Polit\u00e9cnica da USP - Instituto de Engenharia","isPartOf":{"@id":"https:\/\/www.institutodeengenharia.org.br\/site\/#website"},"primaryImageOfPage":{"@id":"https:\/\/www.institutodeengenharia.org.br\/site\/2013\/08\/15\/120-anos-da-escola-politecnica-da-usp\/#primaryimage"},"image":{"@id":"https:\/\/www.institutodeengenharia.org.br\/site\/2013\/08\/15\/120-anos-da-escola-politecnica-da-usp\/#primaryimage"},"thumbnailUrl":"https:\/\/www.institutodeengenharia.org.br\/site\/wp-content\/uploads\/2017\/10\/poli.jpg","datePublished":"2013-08-15T23:55:31+00:00","breadcrumb":{"@id":"https:\/\/www.institutodeengenharia.org.br\/site\/2013\/08\/15\/120-anos-da-escola-politecnica-da-usp\/#breadcrumb"},"inLanguage":"pt-BR","potentialAction":[{"@type":"ReadAction","target":["https:\/\/www.institutodeengenharia.org.br\/site\/2013\/08\/15\/120-anos-da-escola-politecnica-da-usp\/"]}]},{"@type":"ImageObject","inLanguage":"pt-BR","@id":"https:\/\/www.institutodeengenharia.org.br\/site\/2013\/08\/15\/120-anos-da-escola-politecnica-da-usp\/#primaryimage","url":"https:\/\/www.institutodeengenharia.org.br\/site\/wp-content\/uploads\/2017\/10\/poli.jpg","contentUrl":"https:\/\/www.institutodeengenharia.org.br\/site\/wp-content\/uploads\/2017\/10\/poli.jpg","width":626,"height":96},{"@type":"BreadcrumbList","@id":"https:\/\/www.institutodeengenharia.org.br\/site\/2013\/08\/15\/120-anos-da-escola-politecnica-da-usp\/#breadcrumb","itemListElement":[{"@type":"ListItem","position":1,"name":"In\u00edcio","item":"https:\/\/www.institutodeengenharia.org.br\/site\/"},{"@type":"ListItem","position":2,"name":"120 anos da Escola Polit\u00e9cnica da USP"}]},{"@type":"WebSite","@id":"https:\/\/www.institutodeengenharia.org.br\/site\/#website","url":"https:\/\/www.institutodeengenharia.org.br\/site\/","name":"Instituto de Engenharia","description":"O Instituto de Engenharia promove a Engenharia em benef\u00edcio do desenvolvimento e da qualidade de vida da sociedade.","publisher":{"@id":"https:\/\/www.institutodeengenharia.org.br\/site\/#organization"},"potentialAction":[{"@type":"SearchAction","target":{"@type":"EntryPoint","urlTemplate":"https:\/\/www.institutodeengenharia.org.br\/site\/?s={search_term_string}"},"query-input":{"@type":"PropertyValueSpecification","valueRequired":true,"valueName":"search_term_string"}}],"inLanguage":"pt-BR"},{"@type":"Organization","@id":"https:\/\/www.institutodeengenharia.org.br\/site\/#organization","name":"Instituto de Engenharia","url":"https:\/\/www.institutodeengenharia.org.br\/site\/","logo":{"@type":"ImageObject","inLanguage":"pt-BR","@id":"https:\/\/www.institutodeengenharia.org.br\/site\/#\/schema\/logo\/image\/","url":"https:\/\/www.institutodeengenharia.org.br\/site\/wp-content\/uploads\/2019\/03\/logo-novo-IE2018-1.jpg","contentUrl":"https:\/\/www.institutodeengenharia.org.br\/site\/wp-content\/uploads\/2019\/03\/logo-novo-IE2018-1.jpg","width":1486,"height":1879,"caption":"Instituto de Engenharia"},"image":{"@id":"https:\/\/www.institutodeengenharia.org.br\/site\/#\/schema\/logo\/image\/"},"sameAs":["https:\/\/www.facebook.com\/institutodeengenharia","https:\/\/x.com\/iengenharia","https:\/\/www.instagram.com\/institutodeengenharia\/","https:\/\/www.linkedin.com\/company\/instituto-de-engenharia\/","https:\/\/www.youtube.com\/channel\/UCXiCAlsSMe977vamW915HxA"]},{"@type":"Person","@id":"https:\/\/www.institutodeengenharia.org.br\/site\/#\/schema\/person\/3b1ff109facef084739fc2edcb9a127f","name":"TMax Tecnologia","image":{"@type":"ImageObject","inLanguage":"pt-BR","@id":"https:\/\/secure.gravatar.com\/avatar\/f912434ef7f389c92cb311fcdae346af848465d638912574b3c669070f797701?s=96&d=mm&r=g","url":"https:\/\/secure.gravatar.com\/avatar\/f912434ef7f389c92cb311fcdae346af848465d638912574b3c669070f797701?s=96&d=mm&r=g","contentUrl":"https:\/\/secure.gravatar.com\/avatar\/f912434ef7f389c92cb311fcdae346af848465d638912574b3c669070f797701?s=96&d=mm&r=g","caption":"TMax Tecnologia"},"url":"https:\/\/www.institutodeengenharia.org.br\/site\/author\/tmax\/"}]}},"_links":{"self":[{"href":"https:\/\/www.institutodeengenharia.org.br\/site\/wp-json\/wp\/v2\/posts\/23764","targetHints":{"allow":["GET"]}}],"collection":[{"href":"https:\/\/www.institutodeengenharia.org.br\/site\/wp-json\/wp\/v2\/posts"}],"about":[{"href":"https:\/\/www.institutodeengenharia.org.br\/site\/wp-json\/wp\/v2\/types\/post"}],"author":[{"embeddable":true,"href":"https:\/\/www.institutodeengenharia.org.br\/site\/wp-json\/wp\/v2\/users\/1"}],"replies":[{"embeddable":true,"href":"https:\/\/www.institutodeengenharia.org.br\/site\/wp-json\/wp\/v2\/comments?post=23764"}],"version-history":[{"count":0,"href":"https:\/\/www.institutodeengenharia.org.br\/site\/wp-json\/wp\/v2\/posts\/23764\/revisions"}],"wp:featuredmedia":[{"embeddable":true,"href":"https:\/\/www.institutodeengenharia.org.br\/site\/wp-json\/wp\/v2\/media\/23765"}],"wp:attachment":[{"href":"https:\/\/www.institutodeengenharia.org.br\/site\/wp-json\/wp\/v2\/media?parent=23764"}],"wp:term":[{"taxonomy":"category","embeddable":true,"href":"https:\/\/www.institutodeengenharia.org.br\/site\/wp-json\/wp\/v2\/categories?post=23764"},{"taxonomy":"post_tag","embeddable":true,"href":"https:\/\/www.institutodeengenharia.org.br\/site\/wp-json\/wp\/v2\/tags?post=23764"}],"curies":[{"name":"wp","href":"https:\/\/api.w.org\/{rel}","templated":true}]}}