{"id":23727,"date":"2013-08-12T23:55:05","date_gmt":"2013-08-12T23:55:05","guid":{"rendered":"https:\/\/www.institutodeengenharia.org.br\/?p=23727"},"modified":"2013-08-12T12:07:04","modified_gmt":"2013-08-12T12:07:04","slug":"equipamento-da-embrapa-diz-se-fruta-esta-doce-ou-azeda","status":"publish","type":"post","link":"https:\/\/www.institutodeengenharia.org.br\/site\/2013\/08\/12\/equipamento-da-embrapa-diz-se-fruta-esta-doce-ou-azeda\/","title":{"rendered":"Equipamento da Embrapa diz se fruta est\u00e1 doce ou azeda"},"content":{"rendered":"<p>As frutas entram por um t\u00fanel, levadas por uma esteira, e saem catalogadas entre doces e azedas. <\/p>\n<p>Esta \u00e9 uma das v\u00e1rias aplica\u00e7\u00f5es de um equipamento criado pela equipe do pesquisador Luiz Alberto Colnago, da Embrapa Instrumenta\u00e7\u00e3o, em S\u00e3o Carlos (SP). <\/p>\n<p>Composi\u00e7\u00e3o qu\u00edmica <\/p>\n<p>A tecnologia empregada \u00e9 a resson\u00e2ncia magn\u00e9tica, a mesma usada no diagn\u00f3stico de diversos tipos de traumas e doen\u00e7as. <\/p>\n<p>No novo equipamento, a resson\u00e2ncia magn\u00e9tica \u00e9 usada para determinar a composi\u00e7\u00e3o qu\u00edmica dos produtos. <\/p>\n<p>Isto permite, por exemplo, mensurar a quantidade de a\u00e7\u00facar em uma fruta, catalogando cada fruta individualmente entre mais doce e mais azeda. <\/p>\n<p>O equipamento tamb\u00e9m pode detectar outras subst\u00e2ncias, identificando, por exemplo, se alimentos como sucos ou leite foram adulterados. <\/p>\n<p>Ou ser ajustado para avaliar o teor de \u00e1lcool no vinho ou o de gordura em sementes de amendoim ou carnes e embutidos. <\/p>\n<p>Teor de gordura nos alimentos <\/p>\n<p>A an\u00e1lise \u00e9 r\u00e1pida e n\u00e3o gera nenhuma modifica\u00e7\u00e3o no produto analisado. <\/p>\n<p>Al\u00e9m de ser \u00fatil na ind\u00fastria ou na cataloga\u00e7\u00e3o de alimentos em centros distribuidores, o pesquisador afirma que o equipamento \u00e9 pequeno o suficiente para ser disponibilizado em supermercados. <\/p>\n<p>&#8220;A nossa ideia \u00e9 que ele seja um aparelho de uso bem geral, que se possa analisar todos os alimentos que est\u00e3o \u00e0 disposi\u00e7\u00e3o do consumidor: carnes, frutas e verduras. [No caso da] carne, consigo saber o teor de gordura, isso \u00e9 algo que os consumidores est\u00e3o sempre preocupados,&#8221; diz o pesquisador. <\/p>\n<p>&#8220;Se a gente for em um supermercado, frutas, nozes, queijos, qualquer material desses pode ser analisado. E tamb\u00e9m aqueles [alimentos] embalados em pl\u00e1stico ou vidro. Por exemplo, a maionese, \u00e9 poss\u00edvel saber o teor de gordura. Em molhos de saladas tamb\u00e9m, que muitas vezes t\u00eam at\u00e9 50% de gordura&#8221;, explicou Colnago. <\/p>\n<p>A limita\u00e7\u00e3o da tecnologia s\u00e3o os pacotes met\u00e1licos, como latas e embalagens longa vida, que impedem a leitura do conte\u00fado do alimento por interferirem com as ondas de r\u00e1dio emitidas pelo aparelho. <\/p>\n<p>&#8220;Mas, no caso de vidro ou mesmo saquinhos pl\u00e1sticos, posso dizer o estado de fermenta\u00e7\u00e3o do leite &#8211; se foi rec\u00e9m-colhido, se tem um sistema de higieniza\u00e7\u00e3o n\u00e3o muito bom. Temos at\u00e9 como prever quando o leite vai estragar,&#8221; disse Colnago. <\/p>\n<p>Frutos da inova\u00e7\u00e3o <\/p>\n<p>De acordo com o pesquisador, em at\u00e9 dois anos a tecnologia pode estar dispon\u00edvel diretamente ao consumidor e, assim, evitar que produtos falsificados ou sem qualidade sejam comercializados. <\/p>\n<p>Uma empresa argentina, parceira da Embrapa e que ajudou a financiar o desenvolvimento, patenteou parte da tecnologia usada no equipamento.<\/p>\n<p><b>Autor: Ag\u00eancia Brasil<\/b><\/p>\n","protected":false},"excerpt":{"rendered":"<p>As frutas entram por um t\u00fanel, levadas por uma esteira, e saem catalogadas entre doces e azedas. Esta \u00e9 uma das v\u00e1rias aplica\u00e7\u00f5es de um equipamento criado pela equipe do pesquisador Luiz Alberto Colnago, da Embrapa Instrumenta\u00e7\u00e3o, em S\u00e3o Carlos (SP). Composi\u00e7\u00e3o qu\u00edmica A tecnologia empregada \u00e9 a resson\u00e2ncia magn\u00e9tica, a mesma usada no diagn\u00f3stico [&hellip;]<\/p>\n","protected":false},"author":1,"featured_media":0,"comment_status":"open","ping_status":"open","sticky":false,"template":"","format":"standard","meta":{"footnotes":""},"categories":[6,35],"tags":[],"class_list":{"0":"post-23727","1":"post","2":"type-post","3":"status-publish","4":"format-standard","6":"category-noticias","7":"category-pesquisa-e-desenvolvimento"},"yoast_head":"<!-- This site is optimized with the Yoast SEO plugin v27.2 - https:\/\/yoast.com\/product\/yoast-seo-wordpress\/ -->\n<title>Equipamento da Embrapa diz se fruta est\u00e1 doce ou azeda - Instituto de Engenharia<\/title>\n<meta name=\"robots\" content=\"index, follow, max-snippet:-1, max-image-preview:large, max-video-preview:-1\" \/>\n<link rel=\"canonical\" href=\"https:\/\/www.institutodeengenharia.org.br\/site\/2013\/08\/12\/equipamento-da-embrapa-diz-se-fruta-esta-doce-ou-azeda\/\" \/>\n<meta property=\"og:locale\" content=\"pt_BR\" \/>\n<meta property=\"og:type\" content=\"article\" \/>\n<meta property=\"og:title\" content=\"Equipamento da Embrapa diz se fruta est\u00e1 doce ou azeda - Instituto de Engenharia\" \/>\n<meta property=\"og:description\" content=\"As frutas entram por um t\u00fanel, levadas por uma esteira, e saem catalogadas entre doces e azedas. Esta \u00e9 uma das v\u00e1rias aplica\u00e7\u00f5es de um equipamento criado pela equipe do pesquisador Luiz Alberto Colnago, da Embrapa Instrumenta\u00e7\u00e3o, em S\u00e3o Carlos (SP). Composi\u00e7\u00e3o qu\u00edmica A tecnologia empregada \u00e9 a resson\u00e2ncia magn\u00e9tica, a mesma usada no diagn\u00f3stico [&hellip;]\" \/>\n<meta property=\"og:url\" content=\"https:\/\/www.institutodeengenharia.org.br\/site\/2013\/08\/12\/equipamento-da-embrapa-diz-se-fruta-esta-doce-ou-azeda\/\" \/>\n<meta property=\"og:site_name\" content=\"Instituto de Engenharia\" \/>\n<meta property=\"article:publisher\" content=\"https:\/\/www.facebook.com\/institutodeengenharia\" \/>\n<meta property=\"article:published_time\" content=\"2013-08-12T23:55:05+00:00\" \/>\n<meta name=\"author\" content=\"TMax Tecnologia\" \/>\n<meta name=\"twitter:card\" content=\"summary_large_image\" \/>\n<meta name=\"twitter:creator\" content=\"@iengenharia\" \/>\n<meta name=\"twitter:site\" content=\"@iengenharia\" \/>\n<meta name=\"twitter:label1\" content=\"Escrito por\" \/>\n\t<meta name=\"twitter:data1\" content=\"TMax Tecnologia\" \/>\n\t<meta name=\"twitter:label2\" content=\"Est. tempo de leitura\" \/>\n\t<meta name=\"twitter:data2\" content=\"2 minutos\" \/>\n<script type=\"application\/ld+json\" class=\"yoast-schema-graph\">{\"@context\":\"https:\/\/schema.org\",\"@graph\":[{\"@type\":\"Article\",\"@id\":\"https:\/\/www.institutodeengenharia.org.br\/site\/2013\/08\/12\/equipamento-da-embrapa-diz-se-fruta-esta-doce-ou-azeda\/#article\",\"isPartOf\":{\"@id\":\"https:\/\/www.institutodeengenharia.org.br\/site\/2013\/08\/12\/equipamento-da-embrapa-diz-se-fruta-esta-doce-ou-azeda\/\"},\"author\":{\"name\":\"TMax Tecnologia\",\"@id\":\"https:\/\/www.institutodeengenharia.org.br\/site\/#\/schema\/person\/3b1ff109facef084739fc2edcb9a127f\"},\"headline\":\"Equipamento da Embrapa diz se fruta est\u00e1 doce ou azeda\",\"datePublished\":\"2013-08-12T23:55:05+00:00\",\"mainEntityOfPage\":{\"@id\":\"https:\/\/www.institutodeengenharia.org.br\/site\/2013\/08\/12\/equipamento-da-embrapa-diz-se-fruta-esta-doce-ou-azeda\/\"},\"wordCount\":462,\"commentCount\":0,\"publisher\":{\"@id\":\"https:\/\/www.institutodeengenharia.org.br\/site\/#organization\"},\"articleSection\":[\"Not\u00edcias\",\"Pesquisa e Desenvolvimento\"],\"inLanguage\":\"pt-BR\",\"potentialAction\":[{\"@type\":\"CommentAction\",\"name\":\"Comment\",\"target\":[\"https:\/\/www.institutodeengenharia.org.br\/site\/2013\/08\/12\/equipamento-da-embrapa-diz-se-fruta-esta-doce-ou-azeda\/#respond\"]}]},{\"@type\":\"WebPage\",\"@id\":\"https:\/\/www.institutodeengenharia.org.br\/site\/2013\/08\/12\/equipamento-da-embrapa-diz-se-fruta-esta-doce-ou-azeda\/\",\"url\":\"https:\/\/www.institutodeengenharia.org.br\/site\/2013\/08\/12\/equipamento-da-embrapa-diz-se-fruta-esta-doce-ou-azeda\/\",\"name\":\"Equipamento da Embrapa diz se fruta est\u00e1 doce ou azeda - Instituto de Engenharia\",\"isPartOf\":{\"@id\":\"https:\/\/www.institutodeengenharia.org.br\/site\/#website\"},\"datePublished\":\"2013-08-12T23:55:05+00:00\",\"breadcrumb\":{\"@id\":\"https:\/\/www.institutodeengenharia.org.br\/site\/2013\/08\/12\/equipamento-da-embrapa-diz-se-fruta-esta-doce-ou-azeda\/#breadcrumb\"},\"inLanguage\":\"pt-BR\",\"potentialAction\":[{\"@type\":\"ReadAction\",\"target\":[\"https:\/\/www.institutodeengenharia.org.br\/site\/2013\/08\/12\/equipamento-da-embrapa-diz-se-fruta-esta-doce-ou-azeda\/\"]}]},{\"@type\":\"BreadcrumbList\",\"@id\":\"https:\/\/www.institutodeengenharia.org.br\/site\/2013\/08\/12\/equipamento-da-embrapa-diz-se-fruta-esta-doce-ou-azeda\/#breadcrumb\",\"itemListElement\":[{\"@type\":\"ListItem\",\"position\":1,\"name\":\"In\u00edcio\",\"item\":\"https:\/\/www.institutodeengenharia.org.br\/site\/\"},{\"@type\":\"ListItem\",\"position\":2,\"name\":\"Equipamento da Embrapa diz se fruta est\u00e1 doce ou azeda\"}]},{\"@type\":\"WebSite\",\"@id\":\"https:\/\/www.institutodeengenharia.org.br\/site\/#website\",\"url\":\"https:\/\/www.institutodeengenharia.org.br\/site\/\",\"name\":\"Instituto de Engenharia\",\"description\":\"O Instituto de Engenharia promove a Engenharia em benef\u00edcio do desenvolvimento e da qualidade de vida da sociedade.\",\"publisher\":{\"@id\":\"https:\/\/www.institutodeengenharia.org.br\/site\/#organization\"},\"potentialAction\":[{\"@type\":\"SearchAction\",\"target\":{\"@type\":\"EntryPoint\",\"urlTemplate\":\"https:\/\/www.institutodeengenharia.org.br\/site\/?s={search_term_string}\"},\"query-input\":{\"@type\":\"PropertyValueSpecification\",\"valueRequired\":true,\"valueName\":\"search_term_string\"}}],\"inLanguage\":\"pt-BR\"},{\"@type\":\"Organization\",\"@id\":\"https:\/\/www.institutodeengenharia.org.br\/site\/#organization\",\"name\":\"Instituto de Engenharia\",\"url\":\"https:\/\/www.institutodeengenharia.org.br\/site\/\",\"logo\":{\"@type\":\"ImageObject\",\"inLanguage\":\"pt-BR\",\"@id\":\"https:\/\/www.institutodeengenharia.org.br\/site\/#\/schema\/logo\/image\/\",\"url\":\"https:\/\/www.institutodeengenharia.org.br\/site\/wp-content\/uploads\/2019\/03\/logo-novo-IE2018-1.jpg\",\"contentUrl\":\"https:\/\/www.institutodeengenharia.org.br\/site\/wp-content\/uploads\/2019\/03\/logo-novo-IE2018-1.jpg\",\"width\":1486,\"height\":1879,\"caption\":\"Instituto de Engenharia\"},\"image\":{\"@id\":\"https:\/\/www.institutodeengenharia.org.br\/site\/#\/schema\/logo\/image\/\"},\"sameAs\":[\"https:\/\/www.facebook.com\/institutodeengenharia\",\"https:\/\/x.com\/iengenharia\",\"https:\/\/www.instagram.com\/institutodeengenharia\/\",\"https:\/\/www.linkedin.com\/company\/instituto-de-engenharia\/\",\"https:\/\/www.youtube.com\/channel\/UCXiCAlsSMe977vamW915HxA\"]},{\"@type\":\"Person\",\"@id\":\"https:\/\/www.institutodeengenharia.org.br\/site\/#\/schema\/person\/3b1ff109facef084739fc2edcb9a127f\",\"name\":\"TMax Tecnologia\",\"image\":{\"@type\":\"ImageObject\",\"inLanguage\":\"pt-BR\",\"@id\":\"https:\/\/secure.gravatar.com\/avatar\/f912434ef7f389c92cb311fcdae346af848465d638912574b3c669070f797701?s=96&d=mm&r=g\",\"url\":\"https:\/\/secure.gravatar.com\/avatar\/f912434ef7f389c92cb311fcdae346af848465d638912574b3c669070f797701?s=96&d=mm&r=g\",\"contentUrl\":\"https:\/\/secure.gravatar.com\/avatar\/f912434ef7f389c92cb311fcdae346af848465d638912574b3c669070f797701?s=96&d=mm&r=g\",\"caption\":\"TMax Tecnologia\"},\"url\":\"https:\/\/www.institutodeengenharia.org.br\/site\/author\/tmax\/\"}]}<\/script>\n<!-- \/ Yoast SEO plugin. -->","yoast_head_json":{"title":"Equipamento da Embrapa diz se fruta est\u00e1 doce ou azeda - Instituto de Engenharia","robots":{"index":"index","follow":"follow","max-snippet":"max-snippet:-1","max-image-preview":"max-image-preview:large","max-video-preview":"max-video-preview:-1"},"canonical":"https:\/\/www.institutodeengenharia.org.br\/site\/2013\/08\/12\/equipamento-da-embrapa-diz-se-fruta-esta-doce-ou-azeda\/","og_locale":"pt_BR","og_type":"article","og_title":"Equipamento da Embrapa diz se fruta est\u00e1 doce ou azeda - Instituto de Engenharia","og_description":"As frutas entram por um t\u00fanel, levadas por uma esteira, e saem catalogadas entre doces e azedas. Esta \u00e9 uma das v\u00e1rias aplica\u00e7\u00f5es de um equipamento criado pela equipe do pesquisador Luiz Alberto Colnago, da Embrapa Instrumenta\u00e7\u00e3o, em S\u00e3o Carlos (SP). Composi\u00e7\u00e3o qu\u00edmica A tecnologia empregada \u00e9 a resson\u00e2ncia magn\u00e9tica, a mesma usada no diagn\u00f3stico [&hellip;]","og_url":"https:\/\/www.institutodeengenharia.org.br\/site\/2013\/08\/12\/equipamento-da-embrapa-diz-se-fruta-esta-doce-ou-azeda\/","og_site_name":"Instituto de Engenharia","article_publisher":"https:\/\/www.facebook.com\/institutodeengenharia","article_published_time":"2013-08-12T23:55:05+00:00","author":"TMax Tecnologia","twitter_card":"summary_large_image","twitter_creator":"@iengenharia","twitter_site":"@iengenharia","twitter_misc":{"Escrito por":"TMax Tecnologia","Est. tempo de leitura":"2 minutos"},"schema":{"@context":"https:\/\/schema.org","@graph":[{"@type":"Article","@id":"https:\/\/www.institutodeengenharia.org.br\/site\/2013\/08\/12\/equipamento-da-embrapa-diz-se-fruta-esta-doce-ou-azeda\/#article","isPartOf":{"@id":"https:\/\/www.institutodeengenharia.org.br\/site\/2013\/08\/12\/equipamento-da-embrapa-diz-se-fruta-esta-doce-ou-azeda\/"},"author":{"name":"TMax Tecnologia","@id":"https:\/\/www.institutodeengenharia.org.br\/site\/#\/schema\/person\/3b1ff109facef084739fc2edcb9a127f"},"headline":"Equipamento da Embrapa diz se fruta est\u00e1 doce ou azeda","datePublished":"2013-08-12T23:55:05+00:00","mainEntityOfPage":{"@id":"https:\/\/www.institutodeengenharia.org.br\/site\/2013\/08\/12\/equipamento-da-embrapa-diz-se-fruta-esta-doce-ou-azeda\/"},"wordCount":462,"commentCount":0,"publisher":{"@id":"https:\/\/www.institutodeengenharia.org.br\/site\/#organization"},"articleSection":["Not\u00edcias","Pesquisa e Desenvolvimento"],"inLanguage":"pt-BR","potentialAction":[{"@type":"CommentAction","name":"Comment","target":["https:\/\/www.institutodeengenharia.org.br\/site\/2013\/08\/12\/equipamento-da-embrapa-diz-se-fruta-esta-doce-ou-azeda\/#respond"]}]},{"@type":"WebPage","@id":"https:\/\/www.institutodeengenharia.org.br\/site\/2013\/08\/12\/equipamento-da-embrapa-diz-se-fruta-esta-doce-ou-azeda\/","url":"https:\/\/www.institutodeengenharia.org.br\/site\/2013\/08\/12\/equipamento-da-embrapa-diz-se-fruta-esta-doce-ou-azeda\/","name":"Equipamento da Embrapa diz se fruta est\u00e1 doce ou azeda - Instituto de Engenharia","isPartOf":{"@id":"https:\/\/www.institutodeengenharia.org.br\/site\/#website"},"datePublished":"2013-08-12T23:55:05+00:00","breadcrumb":{"@id":"https:\/\/www.institutodeengenharia.org.br\/site\/2013\/08\/12\/equipamento-da-embrapa-diz-se-fruta-esta-doce-ou-azeda\/#breadcrumb"},"inLanguage":"pt-BR","potentialAction":[{"@type":"ReadAction","target":["https:\/\/www.institutodeengenharia.org.br\/site\/2013\/08\/12\/equipamento-da-embrapa-diz-se-fruta-esta-doce-ou-azeda\/"]}]},{"@type":"BreadcrumbList","@id":"https:\/\/www.institutodeengenharia.org.br\/site\/2013\/08\/12\/equipamento-da-embrapa-diz-se-fruta-esta-doce-ou-azeda\/#breadcrumb","itemListElement":[{"@type":"ListItem","position":1,"name":"In\u00edcio","item":"https:\/\/www.institutodeengenharia.org.br\/site\/"},{"@type":"ListItem","position":2,"name":"Equipamento da Embrapa diz se fruta est\u00e1 doce ou azeda"}]},{"@type":"WebSite","@id":"https:\/\/www.institutodeengenharia.org.br\/site\/#website","url":"https:\/\/www.institutodeengenharia.org.br\/site\/","name":"Instituto de Engenharia","description":"O Instituto de Engenharia promove a Engenharia em benef\u00edcio do desenvolvimento e da qualidade de vida da sociedade.","publisher":{"@id":"https:\/\/www.institutodeengenharia.org.br\/site\/#organization"},"potentialAction":[{"@type":"SearchAction","target":{"@type":"EntryPoint","urlTemplate":"https:\/\/www.institutodeengenharia.org.br\/site\/?s={search_term_string}"},"query-input":{"@type":"PropertyValueSpecification","valueRequired":true,"valueName":"search_term_string"}}],"inLanguage":"pt-BR"},{"@type":"Organization","@id":"https:\/\/www.institutodeengenharia.org.br\/site\/#organization","name":"Instituto de Engenharia","url":"https:\/\/www.institutodeengenharia.org.br\/site\/","logo":{"@type":"ImageObject","inLanguage":"pt-BR","@id":"https:\/\/www.institutodeengenharia.org.br\/site\/#\/schema\/logo\/image\/","url":"https:\/\/www.institutodeengenharia.org.br\/site\/wp-content\/uploads\/2019\/03\/logo-novo-IE2018-1.jpg","contentUrl":"https:\/\/www.institutodeengenharia.org.br\/site\/wp-content\/uploads\/2019\/03\/logo-novo-IE2018-1.jpg","width":1486,"height":1879,"caption":"Instituto de Engenharia"},"image":{"@id":"https:\/\/www.institutodeengenharia.org.br\/site\/#\/schema\/logo\/image\/"},"sameAs":["https:\/\/www.facebook.com\/institutodeengenharia","https:\/\/x.com\/iengenharia","https:\/\/www.instagram.com\/institutodeengenharia\/","https:\/\/www.linkedin.com\/company\/instituto-de-engenharia\/","https:\/\/www.youtube.com\/channel\/UCXiCAlsSMe977vamW915HxA"]},{"@type":"Person","@id":"https:\/\/www.institutodeengenharia.org.br\/site\/#\/schema\/person\/3b1ff109facef084739fc2edcb9a127f","name":"TMax Tecnologia","image":{"@type":"ImageObject","inLanguage":"pt-BR","@id":"https:\/\/secure.gravatar.com\/avatar\/f912434ef7f389c92cb311fcdae346af848465d638912574b3c669070f797701?s=96&d=mm&r=g","url":"https:\/\/secure.gravatar.com\/avatar\/f912434ef7f389c92cb311fcdae346af848465d638912574b3c669070f797701?s=96&d=mm&r=g","contentUrl":"https:\/\/secure.gravatar.com\/avatar\/f912434ef7f389c92cb311fcdae346af848465d638912574b3c669070f797701?s=96&d=mm&r=g","caption":"TMax Tecnologia"},"url":"https:\/\/www.institutodeengenharia.org.br\/site\/author\/tmax\/"}]}},"_links":{"self":[{"href":"https:\/\/www.institutodeengenharia.org.br\/site\/wp-json\/wp\/v2\/posts\/23727","targetHints":{"allow":["GET"]}}],"collection":[{"href":"https:\/\/www.institutodeengenharia.org.br\/site\/wp-json\/wp\/v2\/posts"}],"about":[{"href":"https:\/\/www.institutodeengenharia.org.br\/site\/wp-json\/wp\/v2\/types\/post"}],"author":[{"embeddable":true,"href":"https:\/\/www.institutodeengenharia.org.br\/site\/wp-json\/wp\/v2\/users\/1"}],"replies":[{"embeddable":true,"href":"https:\/\/www.institutodeengenharia.org.br\/site\/wp-json\/wp\/v2\/comments?post=23727"}],"version-history":[{"count":0,"href":"https:\/\/www.institutodeengenharia.org.br\/site\/wp-json\/wp\/v2\/posts\/23727\/revisions"}],"wp:attachment":[{"href":"https:\/\/www.institutodeengenharia.org.br\/site\/wp-json\/wp\/v2\/media?parent=23727"}],"wp:term":[{"taxonomy":"category","embeddable":true,"href":"https:\/\/www.institutodeengenharia.org.br\/site\/wp-json\/wp\/v2\/categories?post=23727"},{"taxonomy":"post_tag","embeddable":true,"href":"https:\/\/www.institutodeengenharia.org.br\/site\/wp-json\/wp\/v2\/tags?post=23727"}],"curies":[{"name":"wp","href":"https:\/\/api.w.org\/{rel}","templated":true}]}}