{"id":23699,"date":"2013-08-02T23:54:45","date_gmt":"2013-08-02T23:54:45","guid":{"rendered":"https:\/\/www.institutodeengenharia.org.br\/?p=23699"},"modified":"2013-08-02T11:39:36","modified_gmt":"2013-08-02T11:39:36","slug":"veiculos-sem-motorista-ja-circulam-em-campus-da-usp","status":"publish","type":"post","link":"https:\/\/www.institutodeengenharia.org.br\/site\/2013\/08\/02\/veiculos-sem-motorista-ja-circulam-em-campus-da-usp\/","title":{"rendered":"Ve\u00edculos sem motorista j\u00e1 circulam em campus da USP"},"content":{"rendered":"<p>J\u00e1 s\u00e3o tr\u00eas os ve\u00edculos sem motorista desenvolvidos no Instituto de Ci\u00eancias Matem\u00e1ticas e de Computa\u00e7\u00e3o (ICMC) da USP, em S\u00e3o Carlos (SP). <\/p>\n<p>Os testes est\u00e3o sendo realizados dentro do campus, pois n\u00e3o \u00e9 permitida a circula\u00e7\u00e3o de ve\u00edculos sem motorista em vias p\u00fablicas, por raz\u00f5es de seguran\u00e7a. <\/p>\n<p>&#8220;As vias do local oferecerem uma boa representa\u00e7\u00e3o do ambiente urbano e a possibilidade da realiza\u00e7\u00e3o de experimentos controlados, que seguem todos os protocolos de seguran\u00e7a,&#8221; explica o professor Fernando Os\u00f3rio, um dos coordenadores do projeto Carro Rob\u00f3tico Inteligente para Navega\u00e7\u00e3o Aut\u00f4noma (CaRINA). <\/p>\n<p>&#8220;Todos os ve\u00edculos testados viajam com uma pessoa em seu interior, para situa\u00e7\u00f5es de emerg\u00eancia. Se o sistema computacional deixa de emitir sinais para o controle ou sofre uma pane, esta pessoa pode intervir imediatamente e parar o ve\u00edculo,&#8221; esclarece ele. <\/p>\n<p>Percep\u00e7\u00e3o automobil\u00edstica <\/p>\n<p>Os pesquisadores criaram sistemas para utiliza\u00e7\u00e3o em ve\u00edculos el\u00e9tricos utilit\u00e1rios e carros de passeio, e agora est\u00e3o come\u00e7ando a aplicar a t\u00e9cnica em caminh\u00f5es. <\/p>\n<p>Na primeira fase do projeto CaRINA, iniciado em 2010, foi desenvolvido o prot\u00f3tipo de um sistema aut\u00f4nomo de dire\u00e7\u00e3o para um ve\u00edculo el\u00e9trico utilit\u00e1rio, denominado CaRINA 1.<\/p>\n<p>&#8220;O processo exige inicialmente a adapta\u00e7\u00e3o da parte mec\u00e2nica do ve\u00edculo e instala\u00e7\u00e3o de equipamentos e sensores eletr\u00f4nicos, al\u00e9m de programas de computador que permitam controlar suas fun\u00e7\u00f5es, como acelerar, frear e atuar na dire\u00e7\u00e3o do carro&#8221;, explica o professor Fernando. &#8220;Uma vez dotado de intelig\u00eancia computacional, o sistema tem a capacidade de perceber os objetos ao redor, similar aos sentidos humanos, e decide sobre a movimenta\u00e7\u00e3o do ve\u00edculo&#8221;. <\/p>\n<p>O CaRINA 2, implantado em um ve\u00edculo de passeio, passou por um processo semelhante. &#8220;Foi feita toda a automa\u00e7\u00e3o da parte mec\u00e2nica, implanta\u00e7\u00e3o de dispositivos eletr\u00f4nicos, sensores, computadores, e, por fim, a parte de automa\u00e7\u00e3o necess\u00e1ria para opera\u00e7\u00e3o do ve\u00edculo de forma aut\u00f4noma&#8221;, descreve o professor. <\/p>\n<p>O CaRINA 2 ainda est\u00e1 em processo de desenvolvimento, com os pesquisadores se preparando para submet\u00ea-lo a testes em trajetos mais longos e mais complexos. <\/p>\n<p>Aplica\u00e7\u00f5es na lavoura <\/p>\n<p>Tamb\u00e9m est\u00e1 em desenvolvimento o CaRINA 3, um sistema aut\u00f4nomo para um caminh\u00e3o de 9 toneladas, projeto conhecido como S-Truck (do ingl\u00eas Smart Truck, &#8220;caminh\u00e3o inteligente&#8221;).<\/p>\n<p>&#8220;O ve\u00edculo el\u00e9trico tinha pouca pot\u00eancia no motor e n\u00e3o possu\u00eda troca de marchas, ao contr\u00e1rio do carro de passeio. Este [novo projeto], por sua vez, necessita de cuidados mais complexos de seguran\u00e7a,&#8221; explica o pesquisador. <\/p>\n<p>Embora ainda n\u00e3o haja previs\u00e3o de quando os ve\u00edculos aut\u00f4nomos chegar\u00e3o \u00e0s ruas, a tecnologia de navega\u00e7\u00e3o aut\u00f4noma j\u00e1 encontrou suas primeiras aplica\u00e7\u00f5es. <\/p>\n<p>Em parceria com uma empresa de implementos agr\u00edcolas, a equipe adaptou a tecnologia de vis\u00e3o de m\u00e1quina para ser aplicada em pulverizadores usados na agricultura. <\/p>\n<p>&#8220;A aplica\u00e7\u00e3o de defensivos exige a presen\u00e7a de uma pessoa pr\u00f3xima para controlar a pulveriza\u00e7\u00e3o e desviar a m\u00e1quina de obst\u00e1culos, expondo-a continuamente a subst\u00e2ncias t\u00f3xicas&#8221;, conta o pesquisador. &#8220;Para evitar riscos \u00e0 sa\u00fade foi desenvolvido o prot\u00f3tipo de um pulverizador aut\u00f4nomo dotado de vis\u00e3o computacional capaz de reconhecer os caminhos e evitar danos ao equipamento&#8221;.<\/p>\n<p><b>Autor: Ag\u00eancia USP<\/b><\/p>\n","protected":false},"excerpt":{"rendered":"<p>J\u00e1 s\u00e3o tr\u00eas os ve\u00edculos sem motorista desenvolvidos no Instituto de Ci\u00eancias Matem\u00e1ticas e de Computa\u00e7\u00e3o (ICMC) da USP, em S\u00e3o Carlos (SP). Os testes est\u00e3o sendo realizados dentro do campus, pois n\u00e3o \u00e9 permitida a circula\u00e7\u00e3o de ve\u00edculos sem motorista em vias p\u00fablicas, por raz\u00f5es de seguran\u00e7a. &#8220;As vias do local oferecerem uma boa [&hellip;]<\/p>\n","protected":false},"author":1,"featured_media":0,"comment_status":"open","ping_status":"open","sticky":false,"template":"","format":"standard","meta":{"footnotes":""},"categories":[6,41],"tags":[],"class_list":{"0":"post-23699","1":"post","2":"type-post","3":"status-publish","4":"format-standard","6":"category-noticias","7":"category-transportes"},"yoast_head":"<!-- This site is optimized with the Yoast SEO plugin v27.2 - https:\/\/yoast.com\/product\/yoast-seo-wordpress\/ -->\n<title>Ve\u00edculos sem motorista j\u00e1 circulam em campus da USP - Instituto de Engenharia<\/title>\n<meta name=\"robots\" content=\"index, follow, max-snippet:-1, max-image-preview:large, max-video-preview:-1\" \/>\n<link rel=\"canonical\" href=\"https:\/\/www.institutodeengenharia.org.br\/site\/2013\/08\/02\/veiculos-sem-motorista-ja-circulam-em-campus-da-usp\/\" \/>\n<meta property=\"og:locale\" content=\"pt_BR\" \/>\n<meta property=\"og:type\" content=\"article\" \/>\n<meta property=\"og:title\" content=\"Ve\u00edculos sem motorista j\u00e1 circulam em campus da USP - Instituto de Engenharia\" \/>\n<meta property=\"og:description\" content=\"J\u00e1 s\u00e3o tr\u00eas os ve\u00edculos sem motorista desenvolvidos no Instituto de Ci\u00eancias Matem\u00e1ticas e de Computa\u00e7\u00e3o (ICMC) da USP, em S\u00e3o Carlos (SP). Os testes est\u00e3o sendo realizados dentro do campus, pois n\u00e3o \u00e9 permitida a circula\u00e7\u00e3o de ve\u00edculos sem motorista em vias p\u00fablicas, por raz\u00f5es de seguran\u00e7a. &#8220;As vias do local oferecerem uma boa [&hellip;]\" \/>\n<meta property=\"og:url\" content=\"https:\/\/www.institutodeengenharia.org.br\/site\/2013\/08\/02\/veiculos-sem-motorista-ja-circulam-em-campus-da-usp\/\" \/>\n<meta property=\"og:site_name\" content=\"Instituto de Engenharia\" \/>\n<meta property=\"article:publisher\" content=\"https:\/\/www.facebook.com\/institutodeengenharia\" \/>\n<meta property=\"article:published_time\" content=\"2013-08-02T23:54:45+00:00\" \/>\n<meta name=\"author\" content=\"TMax Tecnologia\" \/>\n<meta name=\"twitter:card\" content=\"summary_large_image\" \/>\n<meta name=\"twitter:creator\" content=\"@iengenharia\" \/>\n<meta name=\"twitter:site\" content=\"@iengenharia\" \/>\n<meta name=\"twitter:label1\" content=\"Escrito por\" \/>\n\t<meta name=\"twitter:data1\" content=\"TMax Tecnologia\" \/>\n\t<meta name=\"twitter:label2\" content=\"Est. tempo de leitura\" \/>\n\t<meta name=\"twitter:data2\" content=\"3 minutos\" \/>\n<script type=\"application\/ld+json\" class=\"yoast-schema-graph\">{\"@context\":\"https:\/\/schema.org\",\"@graph\":[{\"@type\":\"Article\",\"@id\":\"https:\/\/www.institutodeengenharia.org.br\/site\/2013\/08\/02\/veiculos-sem-motorista-ja-circulam-em-campus-da-usp\/#article\",\"isPartOf\":{\"@id\":\"https:\/\/www.institutodeengenharia.org.br\/site\/2013\/08\/02\/veiculos-sem-motorista-ja-circulam-em-campus-da-usp\/\"},\"author\":{\"name\":\"TMax Tecnologia\",\"@id\":\"https:\/\/www.institutodeengenharia.org.br\/site\/#\/schema\/person\/3b1ff109facef084739fc2edcb9a127f\"},\"headline\":\"Ve\u00edculos sem motorista j\u00e1 circulam em campus da USP\",\"datePublished\":\"2013-08-02T23:54:45+00:00\",\"mainEntityOfPage\":{\"@id\":\"https:\/\/www.institutodeengenharia.org.br\/site\/2013\/08\/02\/veiculos-sem-motorista-ja-circulam-em-campus-da-usp\/\"},\"wordCount\":599,\"commentCount\":0,\"publisher\":{\"@id\":\"https:\/\/www.institutodeengenharia.org.br\/site\/#organization\"},\"articleSection\":[\"Not\u00edcias\",\"Transportes\"],\"inLanguage\":\"pt-BR\",\"potentialAction\":[{\"@type\":\"CommentAction\",\"name\":\"Comment\",\"target\":[\"https:\/\/www.institutodeengenharia.org.br\/site\/2013\/08\/02\/veiculos-sem-motorista-ja-circulam-em-campus-da-usp\/#respond\"]}]},{\"@type\":\"WebPage\",\"@id\":\"https:\/\/www.institutodeengenharia.org.br\/site\/2013\/08\/02\/veiculos-sem-motorista-ja-circulam-em-campus-da-usp\/\",\"url\":\"https:\/\/www.institutodeengenharia.org.br\/site\/2013\/08\/02\/veiculos-sem-motorista-ja-circulam-em-campus-da-usp\/\",\"name\":\"Ve\u00edculos sem motorista j\u00e1 circulam em campus da USP - Instituto de Engenharia\",\"isPartOf\":{\"@id\":\"https:\/\/www.institutodeengenharia.org.br\/site\/#website\"},\"datePublished\":\"2013-08-02T23:54:45+00:00\",\"breadcrumb\":{\"@id\":\"https:\/\/www.institutodeengenharia.org.br\/site\/2013\/08\/02\/veiculos-sem-motorista-ja-circulam-em-campus-da-usp\/#breadcrumb\"},\"inLanguage\":\"pt-BR\",\"potentialAction\":[{\"@type\":\"ReadAction\",\"target\":[\"https:\/\/www.institutodeengenharia.org.br\/site\/2013\/08\/02\/veiculos-sem-motorista-ja-circulam-em-campus-da-usp\/\"]}]},{\"@type\":\"BreadcrumbList\",\"@id\":\"https:\/\/www.institutodeengenharia.org.br\/site\/2013\/08\/02\/veiculos-sem-motorista-ja-circulam-em-campus-da-usp\/#breadcrumb\",\"itemListElement\":[{\"@type\":\"ListItem\",\"position\":1,\"name\":\"In\u00edcio\",\"item\":\"https:\/\/www.institutodeengenharia.org.br\/site\/\"},{\"@type\":\"ListItem\",\"position\":2,\"name\":\"Ve\u00edculos sem motorista j\u00e1 circulam em campus da USP\"}]},{\"@type\":\"WebSite\",\"@id\":\"https:\/\/www.institutodeengenharia.org.br\/site\/#website\",\"url\":\"https:\/\/www.institutodeengenharia.org.br\/site\/\",\"name\":\"Instituto de Engenharia\",\"description\":\"O Instituto de Engenharia promove a Engenharia em benef\u00edcio do desenvolvimento e da qualidade de vida da sociedade.\",\"publisher\":{\"@id\":\"https:\/\/www.institutodeengenharia.org.br\/site\/#organization\"},\"potentialAction\":[{\"@type\":\"SearchAction\",\"target\":{\"@type\":\"EntryPoint\",\"urlTemplate\":\"https:\/\/www.institutodeengenharia.org.br\/site\/?s={search_term_string}\"},\"query-input\":{\"@type\":\"PropertyValueSpecification\",\"valueRequired\":true,\"valueName\":\"search_term_string\"}}],\"inLanguage\":\"pt-BR\"},{\"@type\":\"Organization\",\"@id\":\"https:\/\/www.institutodeengenharia.org.br\/site\/#organization\",\"name\":\"Instituto de Engenharia\",\"url\":\"https:\/\/www.institutodeengenharia.org.br\/site\/\",\"logo\":{\"@type\":\"ImageObject\",\"inLanguage\":\"pt-BR\",\"@id\":\"https:\/\/www.institutodeengenharia.org.br\/site\/#\/schema\/logo\/image\/\",\"url\":\"https:\/\/www.institutodeengenharia.org.br\/site\/wp-content\/uploads\/2019\/03\/logo-novo-IE2018-1.jpg\",\"contentUrl\":\"https:\/\/www.institutodeengenharia.org.br\/site\/wp-content\/uploads\/2019\/03\/logo-novo-IE2018-1.jpg\",\"width\":1486,\"height\":1879,\"caption\":\"Instituto de Engenharia\"},\"image\":{\"@id\":\"https:\/\/www.institutodeengenharia.org.br\/site\/#\/schema\/logo\/image\/\"},\"sameAs\":[\"https:\/\/www.facebook.com\/institutodeengenharia\",\"https:\/\/x.com\/iengenharia\",\"https:\/\/www.instagram.com\/institutodeengenharia\/\",\"https:\/\/www.linkedin.com\/company\/instituto-de-engenharia\/\",\"https:\/\/www.youtube.com\/channel\/UCXiCAlsSMe977vamW915HxA\"]},{\"@type\":\"Person\",\"@id\":\"https:\/\/www.institutodeengenharia.org.br\/site\/#\/schema\/person\/3b1ff109facef084739fc2edcb9a127f\",\"name\":\"TMax Tecnologia\",\"image\":{\"@type\":\"ImageObject\",\"inLanguage\":\"pt-BR\",\"@id\":\"https:\/\/secure.gravatar.com\/avatar\/f912434ef7f389c92cb311fcdae346af848465d638912574b3c669070f797701?s=96&d=mm&r=g\",\"url\":\"https:\/\/secure.gravatar.com\/avatar\/f912434ef7f389c92cb311fcdae346af848465d638912574b3c669070f797701?s=96&d=mm&r=g\",\"contentUrl\":\"https:\/\/secure.gravatar.com\/avatar\/f912434ef7f389c92cb311fcdae346af848465d638912574b3c669070f797701?s=96&d=mm&r=g\",\"caption\":\"TMax Tecnologia\"},\"url\":\"https:\/\/www.institutodeengenharia.org.br\/site\/author\/tmax\/\"}]}<\/script>\n<!-- \/ Yoast SEO plugin. -->","yoast_head_json":{"title":"Ve\u00edculos sem motorista j\u00e1 circulam em campus da USP - Instituto de Engenharia","robots":{"index":"index","follow":"follow","max-snippet":"max-snippet:-1","max-image-preview":"max-image-preview:large","max-video-preview":"max-video-preview:-1"},"canonical":"https:\/\/www.institutodeengenharia.org.br\/site\/2013\/08\/02\/veiculos-sem-motorista-ja-circulam-em-campus-da-usp\/","og_locale":"pt_BR","og_type":"article","og_title":"Ve\u00edculos sem motorista j\u00e1 circulam em campus da USP - Instituto de Engenharia","og_description":"J\u00e1 s\u00e3o tr\u00eas os ve\u00edculos sem motorista desenvolvidos no Instituto de Ci\u00eancias Matem\u00e1ticas e de Computa\u00e7\u00e3o (ICMC) da USP, em S\u00e3o Carlos (SP). Os testes est\u00e3o sendo realizados dentro do campus, pois n\u00e3o \u00e9 permitida a circula\u00e7\u00e3o de ve\u00edculos sem motorista em vias p\u00fablicas, por raz\u00f5es de seguran\u00e7a. &#8220;As vias do local oferecerem uma boa [&hellip;]","og_url":"https:\/\/www.institutodeengenharia.org.br\/site\/2013\/08\/02\/veiculos-sem-motorista-ja-circulam-em-campus-da-usp\/","og_site_name":"Instituto de Engenharia","article_publisher":"https:\/\/www.facebook.com\/institutodeengenharia","article_published_time":"2013-08-02T23:54:45+00:00","author":"TMax Tecnologia","twitter_card":"summary_large_image","twitter_creator":"@iengenharia","twitter_site":"@iengenharia","twitter_misc":{"Escrito por":"TMax Tecnologia","Est. tempo de leitura":"3 minutos"},"schema":{"@context":"https:\/\/schema.org","@graph":[{"@type":"Article","@id":"https:\/\/www.institutodeengenharia.org.br\/site\/2013\/08\/02\/veiculos-sem-motorista-ja-circulam-em-campus-da-usp\/#article","isPartOf":{"@id":"https:\/\/www.institutodeengenharia.org.br\/site\/2013\/08\/02\/veiculos-sem-motorista-ja-circulam-em-campus-da-usp\/"},"author":{"name":"TMax Tecnologia","@id":"https:\/\/www.institutodeengenharia.org.br\/site\/#\/schema\/person\/3b1ff109facef084739fc2edcb9a127f"},"headline":"Ve\u00edculos sem motorista j\u00e1 circulam em campus da USP","datePublished":"2013-08-02T23:54:45+00:00","mainEntityOfPage":{"@id":"https:\/\/www.institutodeengenharia.org.br\/site\/2013\/08\/02\/veiculos-sem-motorista-ja-circulam-em-campus-da-usp\/"},"wordCount":599,"commentCount":0,"publisher":{"@id":"https:\/\/www.institutodeengenharia.org.br\/site\/#organization"},"articleSection":["Not\u00edcias","Transportes"],"inLanguage":"pt-BR","potentialAction":[{"@type":"CommentAction","name":"Comment","target":["https:\/\/www.institutodeengenharia.org.br\/site\/2013\/08\/02\/veiculos-sem-motorista-ja-circulam-em-campus-da-usp\/#respond"]}]},{"@type":"WebPage","@id":"https:\/\/www.institutodeengenharia.org.br\/site\/2013\/08\/02\/veiculos-sem-motorista-ja-circulam-em-campus-da-usp\/","url":"https:\/\/www.institutodeengenharia.org.br\/site\/2013\/08\/02\/veiculos-sem-motorista-ja-circulam-em-campus-da-usp\/","name":"Ve\u00edculos sem motorista j\u00e1 circulam em campus da USP - Instituto de Engenharia","isPartOf":{"@id":"https:\/\/www.institutodeengenharia.org.br\/site\/#website"},"datePublished":"2013-08-02T23:54:45+00:00","breadcrumb":{"@id":"https:\/\/www.institutodeengenharia.org.br\/site\/2013\/08\/02\/veiculos-sem-motorista-ja-circulam-em-campus-da-usp\/#breadcrumb"},"inLanguage":"pt-BR","potentialAction":[{"@type":"ReadAction","target":["https:\/\/www.institutodeengenharia.org.br\/site\/2013\/08\/02\/veiculos-sem-motorista-ja-circulam-em-campus-da-usp\/"]}]},{"@type":"BreadcrumbList","@id":"https:\/\/www.institutodeengenharia.org.br\/site\/2013\/08\/02\/veiculos-sem-motorista-ja-circulam-em-campus-da-usp\/#breadcrumb","itemListElement":[{"@type":"ListItem","position":1,"name":"In\u00edcio","item":"https:\/\/www.institutodeengenharia.org.br\/site\/"},{"@type":"ListItem","position":2,"name":"Ve\u00edculos sem motorista j\u00e1 circulam em campus da USP"}]},{"@type":"WebSite","@id":"https:\/\/www.institutodeengenharia.org.br\/site\/#website","url":"https:\/\/www.institutodeengenharia.org.br\/site\/","name":"Instituto de Engenharia","description":"O Instituto de Engenharia promove a Engenharia em benef\u00edcio do desenvolvimento e da qualidade de vida da sociedade.","publisher":{"@id":"https:\/\/www.institutodeengenharia.org.br\/site\/#organization"},"potentialAction":[{"@type":"SearchAction","target":{"@type":"EntryPoint","urlTemplate":"https:\/\/www.institutodeengenharia.org.br\/site\/?s={search_term_string}"},"query-input":{"@type":"PropertyValueSpecification","valueRequired":true,"valueName":"search_term_string"}}],"inLanguage":"pt-BR"},{"@type":"Organization","@id":"https:\/\/www.institutodeengenharia.org.br\/site\/#organization","name":"Instituto de Engenharia","url":"https:\/\/www.institutodeengenharia.org.br\/site\/","logo":{"@type":"ImageObject","inLanguage":"pt-BR","@id":"https:\/\/www.institutodeengenharia.org.br\/site\/#\/schema\/logo\/image\/","url":"https:\/\/www.institutodeengenharia.org.br\/site\/wp-content\/uploads\/2019\/03\/logo-novo-IE2018-1.jpg","contentUrl":"https:\/\/www.institutodeengenharia.org.br\/site\/wp-content\/uploads\/2019\/03\/logo-novo-IE2018-1.jpg","width":1486,"height":1879,"caption":"Instituto de Engenharia"},"image":{"@id":"https:\/\/www.institutodeengenharia.org.br\/site\/#\/schema\/logo\/image\/"},"sameAs":["https:\/\/www.facebook.com\/institutodeengenharia","https:\/\/x.com\/iengenharia","https:\/\/www.instagram.com\/institutodeengenharia\/","https:\/\/www.linkedin.com\/company\/instituto-de-engenharia\/","https:\/\/www.youtube.com\/channel\/UCXiCAlsSMe977vamW915HxA"]},{"@type":"Person","@id":"https:\/\/www.institutodeengenharia.org.br\/site\/#\/schema\/person\/3b1ff109facef084739fc2edcb9a127f","name":"TMax Tecnologia","image":{"@type":"ImageObject","inLanguage":"pt-BR","@id":"https:\/\/secure.gravatar.com\/avatar\/f912434ef7f389c92cb311fcdae346af848465d638912574b3c669070f797701?s=96&d=mm&r=g","url":"https:\/\/secure.gravatar.com\/avatar\/f912434ef7f389c92cb311fcdae346af848465d638912574b3c669070f797701?s=96&d=mm&r=g","contentUrl":"https:\/\/secure.gravatar.com\/avatar\/f912434ef7f389c92cb311fcdae346af848465d638912574b3c669070f797701?s=96&d=mm&r=g","caption":"TMax Tecnologia"},"url":"https:\/\/www.institutodeengenharia.org.br\/site\/author\/tmax\/"}]}},"_links":{"self":[{"href":"https:\/\/www.institutodeengenharia.org.br\/site\/wp-json\/wp\/v2\/posts\/23699","targetHints":{"allow":["GET"]}}],"collection":[{"href":"https:\/\/www.institutodeengenharia.org.br\/site\/wp-json\/wp\/v2\/posts"}],"about":[{"href":"https:\/\/www.institutodeengenharia.org.br\/site\/wp-json\/wp\/v2\/types\/post"}],"author":[{"embeddable":true,"href":"https:\/\/www.institutodeengenharia.org.br\/site\/wp-json\/wp\/v2\/users\/1"}],"replies":[{"embeddable":true,"href":"https:\/\/www.institutodeengenharia.org.br\/site\/wp-json\/wp\/v2\/comments?post=23699"}],"version-history":[{"count":0,"href":"https:\/\/www.institutodeengenharia.org.br\/site\/wp-json\/wp\/v2\/posts\/23699\/revisions"}],"wp:attachment":[{"href":"https:\/\/www.institutodeengenharia.org.br\/site\/wp-json\/wp\/v2\/media?parent=23699"}],"wp:term":[{"taxonomy":"category","embeddable":true,"href":"https:\/\/www.institutodeengenharia.org.br\/site\/wp-json\/wp\/v2\/categories?post=23699"},{"taxonomy":"post_tag","embeddable":true,"href":"https:\/\/www.institutodeengenharia.org.br\/site\/wp-json\/wp\/v2\/tags?post=23699"}],"curies":[{"name":"wp","href":"https:\/\/api.w.org\/{rel}","templated":true}]}}