{"id":23691,"date":"2013-07-31T23:54:39","date_gmt":"2013-07-31T23:54:39","guid":{"rendered":"https:\/\/www.institutodeengenharia.org.br\/?p=23691"},"modified":"2013-07-31T11:40:25","modified_gmt":"2013-07-31T11:40:25","slug":"inaugurado-laboratorio-que-fara-sonar-do-submarino-nuclear-brasileiro","status":"publish","type":"post","link":"https:\/\/www.institutodeengenharia.org.br\/site\/2013\/07\/31\/inaugurado-laboratorio-que-fara-sonar-do-submarino-nuclear-brasileiro\/","title":{"rendered":"Inaugurado laborat\u00f3rio que far\u00e1 sonar do submarino nuclear brasileiro"},"content":{"rendered":"<p>O Instituto de P\u00f3s-Gradua\u00e7\u00e3o e Pesquisa de Engenharia (Coppe) da Universidade Federal do Rio de Janeiro (UFRJ) vai atuar junto com a Marinha no desenvolvimento do submarino nuclear brasileiro. <\/p>\n<p>Para isso, foi inaugurado o Laborat\u00f3rio de Tecnologia Sonar (LabSonar), que desenvolver\u00e1 tecnologias para acompanhar, detectar e classificar ru\u00eddos produzidos pelos motores e condi\u00e7\u00f5es operativas de navios. <\/p>\n<p>&#8220;A constru\u00e7\u00e3o de um submarino nuclear representa muito para o Brasil e ser\u00e1 um grande incentivo para as pesquisas que realizamos na Coppe. No momento, nossos pesquisadores est\u00e3o envolvidos na constru\u00e7\u00e3o do sonar do submarino nuclear, mas outras tecnologias ainda ter\u00e3o que ser desenvolvidas no pa\u00eds, como sistemas para retirada de gases dos submarinos, postos nucleares para abastecimento, entre outros&#8221;, disse o professor Jos\u00e9 Seixas, coordenador do LabSonar. <\/p>\n<p>O sonar a ser desenvolvido no LabSonar \u00e9 do tipo passivo, que acompanha, detecta e classifica os ru\u00eddos produzidos no mar pelos motores dos navios e suas condi\u00e7\u00f5es operativas. H\u00e1 tamb\u00e9m possibilidades de projetos com os sonares ativos, que emitem sinais, ouvem o eco e detectam os corpos presentes. <\/p>\n<p>&#8220;Trata-se de uma \u00e1rea muito sens\u00edvel, com tecnologia cara. Atualmente os alvos irradiam menos ru\u00eddo e os sonares precisam ser cada vez mais sofisticados para detect\u00e1-los. Nesse contexto, est\u00e1 cada vez mais complexo projetar os sonares,&#8221; explicou o professor Seixas. <\/p>\n<p>Segundo um acordo firmado em 2009 entre o Brasil e Fran\u00e7a para transfer\u00eancia de tecnologia, o pa\u00eds dever\u00e1 adquirir um submarino nuclear franc\u00eas. <\/p>\n<p>Antes, ser\u00e3o fabricados no pa\u00eds submarinos convencionais da classe Scorp\u00e8ne, com repasse de tecnologia. <\/p>\n<p>A Marinha estima que cada submarino produzido no pa\u00eds contar\u00e1 com pelo menos 36 mil itens produzidos por mais de 30 empresas brasileiras. <\/p>\n<p>&#8220;N\u00f3s vamos construir junto com a Fran\u00e7a quatro submarinos convencionais, esse \u00e9 um projeto franc\u00eas e n\u00f3s temos \u00edndices de nacionaliza\u00e7\u00e3o. Mas o maior desafio \u00e9 n\u00f3s projetarmos,&#8221; disse Wilson Barbosa Guerra, secret\u00e1rio de Ci\u00eancia, Tecnologia e Inova\u00e7\u00e3o da Marinha. <\/p>\n<p>O LabSonar vai colaborar na capacita\u00e7\u00e3o da Marinha na produ\u00e7\u00e3o dos seus pr\u00f3prios materiais e assessor\u00e1-la nas negocia\u00e7\u00f5es para transfer\u00eancia de tecnologia. <\/p>\n<p>O submarino nuclear brasileiro dever\u00e1 ficar pronto em 2025.<\/p>\n<p><b>Autor: Inova\u00e7\u00e3o Tecnol\u00f3gica<\/b><\/p>\n","protected":false},"excerpt":{"rendered":"<p>O Instituto de P\u00f3s-Gradua\u00e7\u00e3o e Pesquisa de Engenharia (Coppe) da Universidade Federal do Rio de Janeiro (UFRJ) vai atuar junto com a Marinha no desenvolvimento do submarino nuclear brasileiro. Para isso, foi inaugurado o Laborat\u00f3rio de Tecnologia Sonar (LabSonar), que desenvolver\u00e1 tecnologias para acompanhar, detectar e classificar ru\u00eddos produzidos pelos motores e condi\u00e7\u00f5es operativas de [&hellip;]<\/p>\n","protected":false},"author":1,"featured_media":0,"comment_status":"open","ping_status":"open","sticky":false,"template":"","format":"standard","meta":{"footnotes":""},"categories":[6,35],"tags":[],"class_list":{"0":"post-23691","1":"post","2":"type-post","3":"status-publish","4":"format-standard","6":"category-noticias","7":"category-pesquisa-e-desenvolvimento"},"yoast_head":"<!-- This site is optimized with the Yoast SEO plugin v27.2 - https:\/\/yoast.com\/product\/yoast-seo-wordpress\/ -->\n<title>Inaugurado laborat\u00f3rio que far\u00e1 sonar do submarino nuclear brasileiro - Instituto de Engenharia<\/title>\n<meta name=\"robots\" content=\"index, follow, max-snippet:-1, max-image-preview:large, max-video-preview:-1\" \/>\n<link rel=\"canonical\" href=\"https:\/\/www.institutodeengenharia.org.br\/site\/2013\/07\/31\/inaugurado-laboratorio-que-fara-sonar-do-submarino-nuclear-brasileiro\/\" \/>\n<meta property=\"og:locale\" content=\"pt_BR\" \/>\n<meta property=\"og:type\" content=\"article\" \/>\n<meta property=\"og:title\" content=\"Inaugurado laborat\u00f3rio que far\u00e1 sonar do submarino nuclear brasileiro - Instituto de Engenharia\" \/>\n<meta property=\"og:description\" content=\"O Instituto de P\u00f3s-Gradua\u00e7\u00e3o e Pesquisa de Engenharia (Coppe) da Universidade Federal do Rio de Janeiro (UFRJ) vai atuar junto com a Marinha no desenvolvimento do submarino nuclear brasileiro. Para isso, foi inaugurado o Laborat\u00f3rio de Tecnologia Sonar (LabSonar), que desenvolver\u00e1 tecnologias para acompanhar, detectar e classificar ru\u00eddos produzidos pelos motores e condi\u00e7\u00f5es operativas de [&hellip;]\" \/>\n<meta property=\"og:url\" content=\"https:\/\/www.institutodeengenharia.org.br\/site\/2013\/07\/31\/inaugurado-laboratorio-que-fara-sonar-do-submarino-nuclear-brasileiro\/\" \/>\n<meta property=\"og:site_name\" content=\"Instituto de Engenharia\" \/>\n<meta property=\"article:publisher\" content=\"https:\/\/www.facebook.com\/institutodeengenharia\" \/>\n<meta property=\"article:published_time\" content=\"2013-07-31T23:54:39+00:00\" \/>\n<meta name=\"author\" content=\"TMax Tecnologia\" \/>\n<meta name=\"twitter:card\" content=\"summary_large_image\" \/>\n<meta name=\"twitter:creator\" content=\"@iengenharia\" \/>\n<meta name=\"twitter:site\" content=\"@iengenharia\" \/>\n<meta name=\"twitter:label1\" content=\"Escrito por\" \/>\n\t<meta name=\"twitter:data1\" content=\"TMax Tecnologia\" \/>\n\t<meta name=\"twitter:label2\" content=\"Est. tempo de leitura\" \/>\n\t<meta name=\"twitter:data2\" content=\"2 minutos\" \/>\n<script type=\"application\/ld+json\" class=\"yoast-schema-graph\">{\"@context\":\"https:\/\/schema.org\",\"@graph\":[{\"@type\":\"Article\",\"@id\":\"https:\/\/www.institutodeengenharia.org.br\/site\/2013\/07\/31\/inaugurado-laboratorio-que-fara-sonar-do-submarino-nuclear-brasileiro\/#article\",\"isPartOf\":{\"@id\":\"https:\/\/www.institutodeengenharia.org.br\/site\/2013\/07\/31\/inaugurado-laboratorio-que-fara-sonar-do-submarino-nuclear-brasileiro\/\"},\"author\":{\"name\":\"TMax Tecnologia\",\"@id\":\"https:\/\/www.institutodeengenharia.org.br\/site\/#\/schema\/person\/3b1ff109facef084739fc2edcb9a127f\"},\"headline\":\"Inaugurado laborat\u00f3rio que far\u00e1 sonar do submarino nuclear brasileiro\",\"datePublished\":\"2013-07-31T23:54:39+00:00\",\"mainEntityOfPage\":{\"@id\":\"https:\/\/www.institutodeengenharia.org.br\/site\/2013\/07\/31\/inaugurado-laboratorio-que-fara-sonar-do-submarino-nuclear-brasileiro\/\"},\"wordCount\":391,\"commentCount\":0,\"publisher\":{\"@id\":\"https:\/\/www.institutodeengenharia.org.br\/site\/#organization\"},\"articleSection\":[\"Not\u00edcias\",\"Pesquisa e Desenvolvimento\"],\"inLanguage\":\"pt-BR\",\"potentialAction\":[{\"@type\":\"CommentAction\",\"name\":\"Comment\",\"target\":[\"https:\/\/www.institutodeengenharia.org.br\/site\/2013\/07\/31\/inaugurado-laboratorio-que-fara-sonar-do-submarino-nuclear-brasileiro\/#respond\"]}]},{\"@type\":\"WebPage\",\"@id\":\"https:\/\/www.institutodeengenharia.org.br\/site\/2013\/07\/31\/inaugurado-laboratorio-que-fara-sonar-do-submarino-nuclear-brasileiro\/\",\"url\":\"https:\/\/www.institutodeengenharia.org.br\/site\/2013\/07\/31\/inaugurado-laboratorio-que-fara-sonar-do-submarino-nuclear-brasileiro\/\",\"name\":\"Inaugurado laborat\u00f3rio que far\u00e1 sonar do submarino nuclear brasileiro - Instituto de Engenharia\",\"isPartOf\":{\"@id\":\"https:\/\/www.institutodeengenharia.org.br\/site\/#website\"},\"datePublished\":\"2013-07-31T23:54:39+00:00\",\"breadcrumb\":{\"@id\":\"https:\/\/www.institutodeengenharia.org.br\/site\/2013\/07\/31\/inaugurado-laboratorio-que-fara-sonar-do-submarino-nuclear-brasileiro\/#breadcrumb\"},\"inLanguage\":\"pt-BR\",\"potentialAction\":[{\"@type\":\"ReadAction\",\"target\":[\"https:\/\/www.institutodeengenharia.org.br\/site\/2013\/07\/31\/inaugurado-laboratorio-que-fara-sonar-do-submarino-nuclear-brasileiro\/\"]}]},{\"@type\":\"BreadcrumbList\",\"@id\":\"https:\/\/www.institutodeengenharia.org.br\/site\/2013\/07\/31\/inaugurado-laboratorio-que-fara-sonar-do-submarino-nuclear-brasileiro\/#breadcrumb\",\"itemListElement\":[{\"@type\":\"ListItem\",\"position\":1,\"name\":\"In\u00edcio\",\"item\":\"https:\/\/www.institutodeengenharia.org.br\/site\/\"},{\"@type\":\"ListItem\",\"position\":2,\"name\":\"Inaugurado laborat\u00f3rio que far\u00e1 sonar do submarino nuclear brasileiro\"}]},{\"@type\":\"WebSite\",\"@id\":\"https:\/\/www.institutodeengenharia.org.br\/site\/#website\",\"url\":\"https:\/\/www.institutodeengenharia.org.br\/site\/\",\"name\":\"Instituto de Engenharia\",\"description\":\"O Instituto de Engenharia promove a Engenharia em benef\u00edcio do desenvolvimento e da qualidade de vida da sociedade.\",\"publisher\":{\"@id\":\"https:\/\/www.institutodeengenharia.org.br\/site\/#organization\"},\"potentialAction\":[{\"@type\":\"SearchAction\",\"target\":{\"@type\":\"EntryPoint\",\"urlTemplate\":\"https:\/\/www.institutodeengenharia.org.br\/site\/?s={search_term_string}\"},\"query-input\":{\"@type\":\"PropertyValueSpecification\",\"valueRequired\":true,\"valueName\":\"search_term_string\"}}],\"inLanguage\":\"pt-BR\"},{\"@type\":\"Organization\",\"@id\":\"https:\/\/www.institutodeengenharia.org.br\/site\/#organization\",\"name\":\"Instituto de Engenharia\",\"url\":\"https:\/\/www.institutodeengenharia.org.br\/site\/\",\"logo\":{\"@type\":\"ImageObject\",\"inLanguage\":\"pt-BR\",\"@id\":\"https:\/\/www.institutodeengenharia.org.br\/site\/#\/schema\/logo\/image\/\",\"url\":\"https:\/\/www.institutodeengenharia.org.br\/site\/wp-content\/uploads\/2019\/03\/logo-novo-IE2018-1.jpg\",\"contentUrl\":\"https:\/\/www.institutodeengenharia.org.br\/site\/wp-content\/uploads\/2019\/03\/logo-novo-IE2018-1.jpg\",\"width\":1486,\"height\":1879,\"caption\":\"Instituto de Engenharia\"},\"image\":{\"@id\":\"https:\/\/www.institutodeengenharia.org.br\/site\/#\/schema\/logo\/image\/\"},\"sameAs\":[\"https:\/\/www.facebook.com\/institutodeengenharia\",\"https:\/\/x.com\/iengenharia\",\"https:\/\/www.instagram.com\/institutodeengenharia\/\",\"https:\/\/www.linkedin.com\/company\/instituto-de-engenharia\/\",\"https:\/\/www.youtube.com\/channel\/UCXiCAlsSMe977vamW915HxA\"]},{\"@type\":\"Person\",\"@id\":\"https:\/\/www.institutodeengenharia.org.br\/site\/#\/schema\/person\/3b1ff109facef084739fc2edcb9a127f\",\"name\":\"TMax Tecnologia\",\"image\":{\"@type\":\"ImageObject\",\"inLanguage\":\"pt-BR\",\"@id\":\"https:\/\/secure.gravatar.com\/avatar\/f912434ef7f389c92cb311fcdae346af848465d638912574b3c669070f797701?s=96&d=mm&r=g\",\"url\":\"https:\/\/secure.gravatar.com\/avatar\/f912434ef7f389c92cb311fcdae346af848465d638912574b3c669070f797701?s=96&d=mm&r=g\",\"contentUrl\":\"https:\/\/secure.gravatar.com\/avatar\/f912434ef7f389c92cb311fcdae346af848465d638912574b3c669070f797701?s=96&d=mm&r=g\",\"caption\":\"TMax Tecnologia\"},\"url\":\"https:\/\/www.institutodeengenharia.org.br\/site\/author\/tmax\/\"}]}<\/script>\n<!-- \/ Yoast SEO plugin. -->","yoast_head_json":{"title":"Inaugurado laborat\u00f3rio que far\u00e1 sonar do submarino nuclear brasileiro - Instituto de Engenharia","robots":{"index":"index","follow":"follow","max-snippet":"max-snippet:-1","max-image-preview":"max-image-preview:large","max-video-preview":"max-video-preview:-1"},"canonical":"https:\/\/www.institutodeengenharia.org.br\/site\/2013\/07\/31\/inaugurado-laboratorio-que-fara-sonar-do-submarino-nuclear-brasileiro\/","og_locale":"pt_BR","og_type":"article","og_title":"Inaugurado laborat\u00f3rio que far\u00e1 sonar do submarino nuclear brasileiro - Instituto de Engenharia","og_description":"O Instituto de P\u00f3s-Gradua\u00e7\u00e3o e Pesquisa de Engenharia (Coppe) da Universidade Federal do Rio de Janeiro (UFRJ) vai atuar junto com a Marinha no desenvolvimento do submarino nuclear brasileiro. Para isso, foi inaugurado o Laborat\u00f3rio de Tecnologia Sonar (LabSonar), que desenvolver\u00e1 tecnologias para acompanhar, detectar e classificar ru\u00eddos produzidos pelos motores e condi\u00e7\u00f5es operativas de [&hellip;]","og_url":"https:\/\/www.institutodeengenharia.org.br\/site\/2013\/07\/31\/inaugurado-laboratorio-que-fara-sonar-do-submarino-nuclear-brasileiro\/","og_site_name":"Instituto de Engenharia","article_publisher":"https:\/\/www.facebook.com\/institutodeengenharia","article_published_time":"2013-07-31T23:54:39+00:00","author":"TMax Tecnologia","twitter_card":"summary_large_image","twitter_creator":"@iengenharia","twitter_site":"@iengenharia","twitter_misc":{"Escrito por":"TMax Tecnologia","Est. tempo de leitura":"2 minutos"},"schema":{"@context":"https:\/\/schema.org","@graph":[{"@type":"Article","@id":"https:\/\/www.institutodeengenharia.org.br\/site\/2013\/07\/31\/inaugurado-laboratorio-que-fara-sonar-do-submarino-nuclear-brasileiro\/#article","isPartOf":{"@id":"https:\/\/www.institutodeengenharia.org.br\/site\/2013\/07\/31\/inaugurado-laboratorio-que-fara-sonar-do-submarino-nuclear-brasileiro\/"},"author":{"name":"TMax Tecnologia","@id":"https:\/\/www.institutodeengenharia.org.br\/site\/#\/schema\/person\/3b1ff109facef084739fc2edcb9a127f"},"headline":"Inaugurado laborat\u00f3rio que far\u00e1 sonar do submarino nuclear brasileiro","datePublished":"2013-07-31T23:54:39+00:00","mainEntityOfPage":{"@id":"https:\/\/www.institutodeengenharia.org.br\/site\/2013\/07\/31\/inaugurado-laboratorio-que-fara-sonar-do-submarino-nuclear-brasileiro\/"},"wordCount":391,"commentCount":0,"publisher":{"@id":"https:\/\/www.institutodeengenharia.org.br\/site\/#organization"},"articleSection":["Not\u00edcias","Pesquisa e Desenvolvimento"],"inLanguage":"pt-BR","potentialAction":[{"@type":"CommentAction","name":"Comment","target":["https:\/\/www.institutodeengenharia.org.br\/site\/2013\/07\/31\/inaugurado-laboratorio-que-fara-sonar-do-submarino-nuclear-brasileiro\/#respond"]}]},{"@type":"WebPage","@id":"https:\/\/www.institutodeengenharia.org.br\/site\/2013\/07\/31\/inaugurado-laboratorio-que-fara-sonar-do-submarino-nuclear-brasileiro\/","url":"https:\/\/www.institutodeengenharia.org.br\/site\/2013\/07\/31\/inaugurado-laboratorio-que-fara-sonar-do-submarino-nuclear-brasileiro\/","name":"Inaugurado laborat\u00f3rio que far\u00e1 sonar do submarino nuclear brasileiro - Instituto de Engenharia","isPartOf":{"@id":"https:\/\/www.institutodeengenharia.org.br\/site\/#website"},"datePublished":"2013-07-31T23:54:39+00:00","breadcrumb":{"@id":"https:\/\/www.institutodeengenharia.org.br\/site\/2013\/07\/31\/inaugurado-laboratorio-que-fara-sonar-do-submarino-nuclear-brasileiro\/#breadcrumb"},"inLanguage":"pt-BR","potentialAction":[{"@type":"ReadAction","target":["https:\/\/www.institutodeengenharia.org.br\/site\/2013\/07\/31\/inaugurado-laboratorio-que-fara-sonar-do-submarino-nuclear-brasileiro\/"]}]},{"@type":"BreadcrumbList","@id":"https:\/\/www.institutodeengenharia.org.br\/site\/2013\/07\/31\/inaugurado-laboratorio-que-fara-sonar-do-submarino-nuclear-brasileiro\/#breadcrumb","itemListElement":[{"@type":"ListItem","position":1,"name":"In\u00edcio","item":"https:\/\/www.institutodeengenharia.org.br\/site\/"},{"@type":"ListItem","position":2,"name":"Inaugurado laborat\u00f3rio que far\u00e1 sonar do submarino nuclear brasileiro"}]},{"@type":"WebSite","@id":"https:\/\/www.institutodeengenharia.org.br\/site\/#website","url":"https:\/\/www.institutodeengenharia.org.br\/site\/","name":"Instituto de Engenharia","description":"O Instituto de Engenharia promove a Engenharia em benef\u00edcio do desenvolvimento e da qualidade de vida da sociedade.","publisher":{"@id":"https:\/\/www.institutodeengenharia.org.br\/site\/#organization"},"potentialAction":[{"@type":"SearchAction","target":{"@type":"EntryPoint","urlTemplate":"https:\/\/www.institutodeengenharia.org.br\/site\/?s={search_term_string}"},"query-input":{"@type":"PropertyValueSpecification","valueRequired":true,"valueName":"search_term_string"}}],"inLanguage":"pt-BR"},{"@type":"Organization","@id":"https:\/\/www.institutodeengenharia.org.br\/site\/#organization","name":"Instituto de Engenharia","url":"https:\/\/www.institutodeengenharia.org.br\/site\/","logo":{"@type":"ImageObject","inLanguage":"pt-BR","@id":"https:\/\/www.institutodeengenharia.org.br\/site\/#\/schema\/logo\/image\/","url":"https:\/\/www.institutodeengenharia.org.br\/site\/wp-content\/uploads\/2019\/03\/logo-novo-IE2018-1.jpg","contentUrl":"https:\/\/www.institutodeengenharia.org.br\/site\/wp-content\/uploads\/2019\/03\/logo-novo-IE2018-1.jpg","width":1486,"height":1879,"caption":"Instituto de Engenharia"},"image":{"@id":"https:\/\/www.institutodeengenharia.org.br\/site\/#\/schema\/logo\/image\/"},"sameAs":["https:\/\/www.facebook.com\/institutodeengenharia","https:\/\/x.com\/iengenharia","https:\/\/www.instagram.com\/institutodeengenharia\/","https:\/\/www.linkedin.com\/company\/instituto-de-engenharia\/","https:\/\/www.youtube.com\/channel\/UCXiCAlsSMe977vamW915HxA"]},{"@type":"Person","@id":"https:\/\/www.institutodeengenharia.org.br\/site\/#\/schema\/person\/3b1ff109facef084739fc2edcb9a127f","name":"TMax Tecnologia","image":{"@type":"ImageObject","inLanguage":"pt-BR","@id":"https:\/\/secure.gravatar.com\/avatar\/f912434ef7f389c92cb311fcdae346af848465d638912574b3c669070f797701?s=96&d=mm&r=g","url":"https:\/\/secure.gravatar.com\/avatar\/f912434ef7f389c92cb311fcdae346af848465d638912574b3c669070f797701?s=96&d=mm&r=g","contentUrl":"https:\/\/secure.gravatar.com\/avatar\/f912434ef7f389c92cb311fcdae346af848465d638912574b3c669070f797701?s=96&d=mm&r=g","caption":"TMax Tecnologia"},"url":"https:\/\/www.institutodeengenharia.org.br\/site\/author\/tmax\/"}]}},"_links":{"self":[{"href":"https:\/\/www.institutodeengenharia.org.br\/site\/wp-json\/wp\/v2\/posts\/23691","targetHints":{"allow":["GET"]}}],"collection":[{"href":"https:\/\/www.institutodeengenharia.org.br\/site\/wp-json\/wp\/v2\/posts"}],"about":[{"href":"https:\/\/www.institutodeengenharia.org.br\/site\/wp-json\/wp\/v2\/types\/post"}],"author":[{"embeddable":true,"href":"https:\/\/www.institutodeengenharia.org.br\/site\/wp-json\/wp\/v2\/users\/1"}],"replies":[{"embeddable":true,"href":"https:\/\/www.institutodeengenharia.org.br\/site\/wp-json\/wp\/v2\/comments?post=23691"}],"version-history":[{"count":0,"href":"https:\/\/www.institutodeengenharia.org.br\/site\/wp-json\/wp\/v2\/posts\/23691\/revisions"}],"wp:attachment":[{"href":"https:\/\/www.institutodeengenharia.org.br\/site\/wp-json\/wp\/v2\/media?parent=23691"}],"wp:term":[{"taxonomy":"category","embeddable":true,"href":"https:\/\/www.institutodeengenharia.org.br\/site\/wp-json\/wp\/v2\/categories?post=23691"},{"taxonomy":"post_tag","embeddable":true,"href":"https:\/\/www.institutodeengenharia.org.br\/site\/wp-json\/wp\/v2\/tags?post=23691"}],"curies":[{"name":"wp","href":"https:\/\/api.w.org\/{rel}","templated":true}]}}