{"id":23682,"date":"2013-07-30T23:54:32","date_gmt":"2013-07-30T23:54:32","guid":{"rendered":"https:\/\/www.institutodeengenharia.org.br\/?p=23682"},"modified":"2013-07-30T11:08:08","modified_gmt":"2013-07-30T11:08:08","slug":"universidade-precisa-ser-repensada-para-servir-a-sociedade","status":"publish","type":"post","link":"https:\/\/www.institutodeengenharia.org.br\/site\/2013\/07\/30\/universidade-precisa-ser-repensada-para-servir-a-sociedade\/","title":{"rendered":"Universidade precisa ser repensada para servir \u00e0 sociedade"},"content":{"rendered":"<p>A universidade deve &#8220;sintonizar&#8221; as demandas da sociedade, unindo-se sobretudo \u00e0s empresas no caminho da inova\u00e7\u00e3o tecnol\u00f3gica. <\/p>\n<p>&#8220;Hoje os dois sistemas &#8211; a ind\u00fastria e o que gera conhecimento &#8211; agem separados. O Brasil tem relativa compet\u00eancia dos dois lados, mas s\u00e3o dois mundos que pouco se falam&#8221;, argumentou o Ministro da Ci\u00eancia, Tecnologia e Inova\u00e7\u00e3o, Marco Ant\u00f4nio Raupp. <\/p>\n<p>A declara\u00e7\u00e3o foi feita em debate promovido pela Associa\u00e7\u00e3o Nacional dos P\u00f3s-Graduandos (ANPG), durante a 65\u00aa Reuni\u00e3o da Sociedade Brasileira para o Progresso da Ci\u00eancia (SBPC). <\/p>\n<p>Ele citou como exce\u00e7\u00e3o casos de sucesso de empresas, como a Petrobras e a Embraer, al\u00e9m do setor agropecu\u00e1rio, que promoveram a inova\u00e7\u00e3o porque tinham bases tecnol\u00f3gicas desenvolvidas. <\/p>\n<p>O ministro apontou como a\u00e7\u00e3o estrat\u00e9gica do governo para atacar o problema o programa Inova Empresa, recentemente lan\u00e7ado, que visa utilizar a capacidade existente de gera\u00e7\u00e3o de conhecimento e correr os riscos tecnol\u00f3gicos de investir na inova\u00e7\u00e3o junto com as empresas. <\/p>\n<p>Uma das iniciativas foi a cria\u00e7\u00e3o da Empresa Brasileira de Pesquisa e Inova\u00e7\u00e3o Industrial (Embrapii), que tem por objetivo promover a coopera\u00e7\u00e3o entre os dois setores. <\/p>\n<p>&#8220;A ideia \u00e9 estimular a parceria entre os agentes de pesquisa na universidade e as empresas para que juntos eles possam assumir responsabilidades conjuntas para o desenvolvimento de projetos de interesse de ambos&#8221;, afirmou o Ministro. <\/p>\n<p>Acad\u00eamica demais <\/p>\n<p>&#8220;A ci\u00eancia brasileira se tornou muito acad\u00eamica e, para participar do processo de inova\u00e7\u00e3o nas empresas, precisa formar recursos humanos adequados. Quando critico a universidade \u00e9 porque ela sempre ficou fechada em si mesmo, temos que ter maior intera\u00e7\u00e3o com as empresas para o estudante sair de l\u00e1 mais qualificado. Temos que repensar o sistema universit\u00e1rio&#8221;, sugeriu Raupp. <\/p>\n<p>Ao ser questionado sobre a poss\u00edvel inefic\u00e1cia da separa\u00e7\u00e3o de pol\u00edticas p\u00fablicas para o desenvolvimento econ\u00f4mico e social e sobre o papel da universidade na escolha entre atender as demandas de mercado, as sociais ou as acad\u00eamicas, o ministro falou da import\u00e2ncia de a universidade adotar uma postura ampla e atenta aos diversos anseios da sociedade. <\/p>\n<p>&#8220;A ci\u00eancia b\u00e1sica precisa ser feita, s\u00f3 n\u00e3o podemos esquecer a ci\u00eancia aplicada&#8221;, alertou. &#8220;Se n\u00e3o tivermos atividade econ\u00f4mica n\u00e3o teremos dinheiro, do pagamento de tributos, por exemplo, para investir no que \u00e9 preciso. Cabe ao governo ser um intermedi\u00e1rio entre os diversos atores da sociedade.&#8221; <\/p>\n<p>&#8220;O papel da universidade \u00e9 avan\u00e7ar com o conhecimento e preparar as novas gera\u00e7\u00f5es com esse esp\u00edrito cr\u00edtico para entender aspectos da vida nacional e as suas necessidades. O compromisso social \u00e9 saber gerar solu\u00e7\u00f5es para a sociedade. Precisamos fazer as duas coisas, uma inspira a outra&#8221;, concluiu. <\/p>\n<p><b>Autor:  MCTI<\/b><\/p>\n","protected":false},"excerpt":{"rendered":"<p>A universidade deve &#8220;sintonizar&#8221; as demandas da sociedade, unindo-se sobretudo \u00e0s empresas no caminho da inova\u00e7\u00e3o tecnol\u00f3gica. &#8220;Hoje os dois sistemas &#8211; a ind\u00fastria e o que gera conhecimento &#8211; agem separados. O Brasil tem relativa compet\u00eancia dos dois lados, mas s\u00e3o dois mundos que pouco se falam&#8221;, argumentou o Ministro da Ci\u00eancia, Tecnologia e [&hellip;]<\/p>\n","protected":false},"author":1,"featured_media":0,"comment_status":"open","ping_status":"open","sticky":false,"template":"","format":"standard","meta":{"footnotes":""},"categories":[6,35],"tags":[],"class_list":{"0":"post-23682","1":"post","2":"type-post","3":"status-publish","4":"format-standard","6":"category-noticias","7":"category-pesquisa-e-desenvolvimento"},"yoast_head":"<!-- This site is optimized with the Yoast SEO plugin v27.2 - https:\/\/yoast.com\/product\/yoast-seo-wordpress\/ -->\n<title>Universidade precisa ser repensada para servir \u00e0 sociedade - Instituto de Engenharia<\/title>\n<meta name=\"robots\" content=\"index, follow, max-snippet:-1, max-image-preview:large, max-video-preview:-1\" \/>\n<link rel=\"canonical\" href=\"https:\/\/www.institutodeengenharia.org.br\/site\/2013\/07\/30\/universidade-precisa-ser-repensada-para-servir-a-sociedade\/\" \/>\n<meta property=\"og:locale\" content=\"pt_BR\" \/>\n<meta property=\"og:type\" content=\"article\" \/>\n<meta property=\"og:title\" content=\"Universidade precisa ser repensada para servir \u00e0 sociedade - Instituto de Engenharia\" \/>\n<meta property=\"og:description\" content=\"A universidade deve &#8220;sintonizar&#8221; as demandas da sociedade, unindo-se sobretudo \u00e0s empresas no caminho da inova\u00e7\u00e3o tecnol\u00f3gica. &#8220;Hoje os dois sistemas &#8211; a ind\u00fastria e o que gera conhecimento &#8211; agem separados. O Brasil tem relativa compet\u00eancia dos dois lados, mas s\u00e3o dois mundos que pouco se falam&#8221;, argumentou o Ministro da Ci\u00eancia, Tecnologia e [&hellip;]\" \/>\n<meta property=\"og:url\" content=\"https:\/\/www.institutodeengenharia.org.br\/site\/2013\/07\/30\/universidade-precisa-ser-repensada-para-servir-a-sociedade\/\" \/>\n<meta property=\"og:site_name\" content=\"Instituto de Engenharia\" \/>\n<meta property=\"article:publisher\" content=\"https:\/\/www.facebook.com\/institutodeengenharia\" \/>\n<meta property=\"article:published_time\" content=\"2013-07-30T23:54:32+00:00\" \/>\n<meta name=\"author\" content=\"TMax Tecnologia\" \/>\n<meta name=\"twitter:card\" content=\"summary_large_image\" \/>\n<meta name=\"twitter:creator\" content=\"@iengenharia\" \/>\n<meta name=\"twitter:site\" content=\"@iengenharia\" \/>\n<meta name=\"twitter:label1\" content=\"Escrito por\" \/>\n\t<meta name=\"twitter:data1\" content=\"TMax Tecnologia\" \/>\n\t<meta name=\"twitter:label2\" content=\"Est. tempo de leitura\" \/>\n\t<meta name=\"twitter:data2\" content=\"2 minutos\" \/>\n<script type=\"application\/ld+json\" class=\"yoast-schema-graph\">{\"@context\":\"https:\/\/schema.org\",\"@graph\":[{\"@type\":\"Article\",\"@id\":\"https:\/\/www.institutodeengenharia.org.br\/site\/2013\/07\/30\/universidade-precisa-ser-repensada-para-servir-a-sociedade\/#article\",\"isPartOf\":{\"@id\":\"https:\/\/www.institutodeengenharia.org.br\/site\/2013\/07\/30\/universidade-precisa-ser-repensada-para-servir-a-sociedade\/\"},\"author\":{\"name\":\"TMax Tecnologia\",\"@id\":\"https:\/\/www.institutodeengenharia.org.br\/site\/#\/schema\/person\/3b1ff109facef084739fc2edcb9a127f\"},\"headline\":\"Universidade precisa ser repensada para servir \u00e0 sociedade\",\"datePublished\":\"2013-07-30T23:54:32+00:00\",\"mainEntityOfPage\":{\"@id\":\"https:\/\/www.institutodeengenharia.org.br\/site\/2013\/07\/30\/universidade-precisa-ser-repensada-para-servir-a-sociedade\/\"},\"wordCount\":483,\"commentCount\":0,\"publisher\":{\"@id\":\"https:\/\/www.institutodeengenharia.org.br\/site\/#organization\"},\"articleSection\":[\"Not\u00edcias\",\"Pesquisa e Desenvolvimento\"],\"inLanguage\":\"pt-BR\",\"potentialAction\":[{\"@type\":\"CommentAction\",\"name\":\"Comment\",\"target\":[\"https:\/\/www.institutodeengenharia.org.br\/site\/2013\/07\/30\/universidade-precisa-ser-repensada-para-servir-a-sociedade\/#respond\"]}]},{\"@type\":\"WebPage\",\"@id\":\"https:\/\/www.institutodeengenharia.org.br\/site\/2013\/07\/30\/universidade-precisa-ser-repensada-para-servir-a-sociedade\/\",\"url\":\"https:\/\/www.institutodeengenharia.org.br\/site\/2013\/07\/30\/universidade-precisa-ser-repensada-para-servir-a-sociedade\/\",\"name\":\"Universidade precisa ser repensada para servir \u00e0 sociedade - Instituto de Engenharia\",\"isPartOf\":{\"@id\":\"https:\/\/www.institutodeengenharia.org.br\/site\/#website\"},\"datePublished\":\"2013-07-30T23:54:32+00:00\",\"breadcrumb\":{\"@id\":\"https:\/\/www.institutodeengenharia.org.br\/site\/2013\/07\/30\/universidade-precisa-ser-repensada-para-servir-a-sociedade\/#breadcrumb\"},\"inLanguage\":\"pt-BR\",\"potentialAction\":[{\"@type\":\"ReadAction\",\"target\":[\"https:\/\/www.institutodeengenharia.org.br\/site\/2013\/07\/30\/universidade-precisa-ser-repensada-para-servir-a-sociedade\/\"]}]},{\"@type\":\"BreadcrumbList\",\"@id\":\"https:\/\/www.institutodeengenharia.org.br\/site\/2013\/07\/30\/universidade-precisa-ser-repensada-para-servir-a-sociedade\/#breadcrumb\",\"itemListElement\":[{\"@type\":\"ListItem\",\"position\":1,\"name\":\"In\u00edcio\",\"item\":\"https:\/\/www.institutodeengenharia.org.br\/site\/\"},{\"@type\":\"ListItem\",\"position\":2,\"name\":\"Universidade precisa ser repensada para servir \u00e0 sociedade\"}]},{\"@type\":\"WebSite\",\"@id\":\"https:\/\/www.institutodeengenharia.org.br\/site\/#website\",\"url\":\"https:\/\/www.institutodeengenharia.org.br\/site\/\",\"name\":\"Instituto de Engenharia\",\"description\":\"O Instituto de Engenharia promove a Engenharia em benef\u00edcio do desenvolvimento e da qualidade de vida da sociedade.\",\"publisher\":{\"@id\":\"https:\/\/www.institutodeengenharia.org.br\/site\/#organization\"},\"potentialAction\":[{\"@type\":\"SearchAction\",\"target\":{\"@type\":\"EntryPoint\",\"urlTemplate\":\"https:\/\/www.institutodeengenharia.org.br\/site\/?s={search_term_string}\"},\"query-input\":{\"@type\":\"PropertyValueSpecification\",\"valueRequired\":true,\"valueName\":\"search_term_string\"}}],\"inLanguage\":\"pt-BR\"},{\"@type\":\"Organization\",\"@id\":\"https:\/\/www.institutodeengenharia.org.br\/site\/#organization\",\"name\":\"Instituto de Engenharia\",\"url\":\"https:\/\/www.institutodeengenharia.org.br\/site\/\",\"logo\":{\"@type\":\"ImageObject\",\"inLanguage\":\"pt-BR\",\"@id\":\"https:\/\/www.institutodeengenharia.org.br\/site\/#\/schema\/logo\/image\/\",\"url\":\"https:\/\/www.institutodeengenharia.org.br\/site\/wp-content\/uploads\/2019\/03\/logo-novo-IE2018-1.jpg\",\"contentUrl\":\"https:\/\/www.institutodeengenharia.org.br\/site\/wp-content\/uploads\/2019\/03\/logo-novo-IE2018-1.jpg\",\"width\":1486,\"height\":1879,\"caption\":\"Instituto de Engenharia\"},\"image\":{\"@id\":\"https:\/\/www.institutodeengenharia.org.br\/site\/#\/schema\/logo\/image\/\"},\"sameAs\":[\"https:\/\/www.facebook.com\/institutodeengenharia\",\"https:\/\/x.com\/iengenharia\",\"https:\/\/www.instagram.com\/institutodeengenharia\/\",\"https:\/\/www.linkedin.com\/company\/instituto-de-engenharia\/\",\"https:\/\/www.youtube.com\/channel\/UCXiCAlsSMe977vamW915HxA\"]},{\"@type\":\"Person\",\"@id\":\"https:\/\/www.institutodeengenharia.org.br\/site\/#\/schema\/person\/3b1ff109facef084739fc2edcb9a127f\",\"name\":\"TMax Tecnologia\",\"image\":{\"@type\":\"ImageObject\",\"inLanguage\":\"pt-BR\",\"@id\":\"https:\/\/secure.gravatar.com\/avatar\/f912434ef7f389c92cb311fcdae346af848465d638912574b3c669070f797701?s=96&d=mm&r=g\",\"url\":\"https:\/\/secure.gravatar.com\/avatar\/f912434ef7f389c92cb311fcdae346af848465d638912574b3c669070f797701?s=96&d=mm&r=g\",\"contentUrl\":\"https:\/\/secure.gravatar.com\/avatar\/f912434ef7f389c92cb311fcdae346af848465d638912574b3c669070f797701?s=96&d=mm&r=g\",\"caption\":\"TMax Tecnologia\"},\"url\":\"https:\/\/www.institutodeengenharia.org.br\/site\/author\/tmax\/\"}]}<\/script>\n<!-- \/ Yoast SEO plugin. -->","yoast_head_json":{"title":"Universidade precisa ser repensada para servir \u00e0 sociedade - Instituto de Engenharia","robots":{"index":"index","follow":"follow","max-snippet":"max-snippet:-1","max-image-preview":"max-image-preview:large","max-video-preview":"max-video-preview:-1"},"canonical":"https:\/\/www.institutodeengenharia.org.br\/site\/2013\/07\/30\/universidade-precisa-ser-repensada-para-servir-a-sociedade\/","og_locale":"pt_BR","og_type":"article","og_title":"Universidade precisa ser repensada para servir \u00e0 sociedade - Instituto de Engenharia","og_description":"A universidade deve &#8220;sintonizar&#8221; as demandas da sociedade, unindo-se sobretudo \u00e0s empresas no caminho da inova\u00e7\u00e3o tecnol\u00f3gica. &#8220;Hoje os dois sistemas &#8211; a ind\u00fastria e o que gera conhecimento &#8211; agem separados. O Brasil tem relativa compet\u00eancia dos dois lados, mas s\u00e3o dois mundos que pouco se falam&#8221;, argumentou o Ministro da Ci\u00eancia, Tecnologia e [&hellip;]","og_url":"https:\/\/www.institutodeengenharia.org.br\/site\/2013\/07\/30\/universidade-precisa-ser-repensada-para-servir-a-sociedade\/","og_site_name":"Instituto de Engenharia","article_publisher":"https:\/\/www.facebook.com\/institutodeengenharia","article_published_time":"2013-07-30T23:54:32+00:00","author":"TMax Tecnologia","twitter_card":"summary_large_image","twitter_creator":"@iengenharia","twitter_site":"@iengenharia","twitter_misc":{"Escrito por":"TMax Tecnologia","Est. tempo de leitura":"2 minutos"},"schema":{"@context":"https:\/\/schema.org","@graph":[{"@type":"Article","@id":"https:\/\/www.institutodeengenharia.org.br\/site\/2013\/07\/30\/universidade-precisa-ser-repensada-para-servir-a-sociedade\/#article","isPartOf":{"@id":"https:\/\/www.institutodeengenharia.org.br\/site\/2013\/07\/30\/universidade-precisa-ser-repensada-para-servir-a-sociedade\/"},"author":{"name":"TMax Tecnologia","@id":"https:\/\/www.institutodeengenharia.org.br\/site\/#\/schema\/person\/3b1ff109facef084739fc2edcb9a127f"},"headline":"Universidade precisa ser repensada para servir \u00e0 sociedade","datePublished":"2013-07-30T23:54:32+00:00","mainEntityOfPage":{"@id":"https:\/\/www.institutodeengenharia.org.br\/site\/2013\/07\/30\/universidade-precisa-ser-repensada-para-servir-a-sociedade\/"},"wordCount":483,"commentCount":0,"publisher":{"@id":"https:\/\/www.institutodeengenharia.org.br\/site\/#organization"},"articleSection":["Not\u00edcias","Pesquisa e Desenvolvimento"],"inLanguage":"pt-BR","potentialAction":[{"@type":"CommentAction","name":"Comment","target":["https:\/\/www.institutodeengenharia.org.br\/site\/2013\/07\/30\/universidade-precisa-ser-repensada-para-servir-a-sociedade\/#respond"]}]},{"@type":"WebPage","@id":"https:\/\/www.institutodeengenharia.org.br\/site\/2013\/07\/30\/universidade-precisa-ser-repensada-para-servir-a-sociedade\/","url":"https:\/\/www.institutodeengenharia.org.br\/site\/2013\/07\/30\/universidade-precisa-ser-repensada-para-servir-a-sociedade\/","name":"Universidade precisa ser repensada para servir \u00e0 sociedade - Instituto de Engenharia","isPartOf":{"@id":"https:\/\/www.institutodeengenharia.org.br\/site\/#website"},"datePublished":"2013-07-30T23:54:32+00:00","breadcrumb":{"@id":"https:\/\/www.institutodeengenharia.org.br\/site\/2013\/07\/30\/universidade-precisa-ser-repensada-para-servir-a-sociedade\/#breadcrumb"},"inLanguage":"pt-BR","potentialAction":[{"@type":"ReadAction","target":["https:\/\/www.institutodeengenharia.org.br\/site\/2013\/07\/30\/universidade-precisa-ser-repensada-para-servir-a-sociedade\/"]}]},{"@type":"BreadcrumbList","@id":"https:\/\/www.institutodeengenharia.org.br\/site\/2013\/07\/30\/universidade-precisa-ser-repensada-para-servir-a-sociedade\/#breadcrumb","itemListElement":[{"@type":"ListItem","position":1,"name":"In\u00edcio","item":"https:\/\/www.institutodeengenharia.org.br\/site\/"},{"@type":"ListItem","position":2,"name":"Universidade precisa ser repensada para servir \u00e0 sociedade"}]},{"@type":"WebSite","@id":"https:\/\/www.institutodeengenharia.org.br\/site\/#website","url":"https:\/\/www.institutodeengenharia.org.br\/site\/","name":"Instituto de Engenharia","description":"O Instituto de Engenharia promove a Engenharia em benef\u00edcio do desenvolvimento e da qualidade de vida da sociedade.","publisher":{"@id":"https:\/\/www.institutodeengenharia.org.br\/site\/#organization"},"potentialAction":[{"@type":"SearchAction","target":{"@type":"EntryPoint","urlTemplate":"https:\/\/www.institutodeengenharia.org.br\/site\/?s={search_term_string}"},"query-input":{"@type":"PropertyValueSpecification","valueRequired":true,"valueName":"search_term_string"}}],"inLanguage":"pt-BR"},{"@type":"Organization","@id":"https:\/\/www.institutodeengenharia.org.br\/site\/#organization","name":"Instituto de Engenharia","url":"https:\/\/www.institutodeengenharia.org.br\/site\/","logo":{"@type":"ImageObject","inLanguage":"pt-BR","@id":"https:\/\/www.institutodeengenharia.org.br\/site\/#\/schema\/logo\/image\/","url":"https:\/\/www.institutodeengenharia.org.br\/site\/wp-content\/uploads\/2019\/03\/logo-novo-IE2018-1.jpg","contentUrl":"https:\/\/www.institutodeengenharia.org.br\/site\/wp-content\/uploads\/2019\/03\/logo-novo-IE2018-1.jpg","width":1486,"height":1879,"caption":"Instituto de Engenharia"},"image":{"@id":"https:\/\/www.institutodeengenharia.org.br\/site\/#\/schema\/logo\/image\/"},"sameAs":["https:\/\/www.facebook.com\/institutodeengenharia","https:\/\/x.com\/iengenharia","https:\/\/www.instagram.com\/institutodeengenharia\/","https:\/\/www.linkedin.com\/company\/instituto-de-engenharia\/","https:\/\/www.youtube.com\/channel\/UCXiCAlsSMe977vamW915HxA"]},{"@type":"Person","@id":"https:\/\/www.institutodeengenharia.org.br\/site\/#\/schema\/person\/3b1ff109facef084739fc2edcb9a127f","name":"TMax Tecnologia","image":{"@type":"ImageObject","inLanguage":"pt-BR","@id":"https:\/\/secure.gravatar.com\/avatar\/f912434ef7f389c92cb311fcdae346af848465d638912574b3c669070f797701?s=96&d=mm&r=g","url":"https:\/\/secure.gravatar.com\/avatar\/f912434ef7f389c92cb311fcdae346af848465d638912574b3c669070f797701?s=96&d=mm&r=g","contentUrl":"https:\/\/secure.gravatar.com\/avatar\/f912434ef7f389c92cb311fcdae346af848465d638912574b3c669070f797701?s=96&d=mm&r=g","caption":"TMax Tecnologia"},"url":"https:\/\/www.institutodeengenharia.org.br\/site\/author\/tmax\/"}]}},"_links":{"self":[{"href":"https:\/\/www.institutodeengenharia.org.br\/site\/wp-json\/wp\/v2\/posts\/23682","targetHints":{"allow":["GET"]}}],"collection":[{"href":"https:\/\/www.institutodeengenharia.org.br\/site\/wp-json\/wp\/v2\/posts"}],"about":[{"href":"https:\/\/www.institutodeengenharia.org.br\/site\/wp-json\/wp\/v2\/types\/post"}],"author":[{"embeddable":true,"href":"https:\/\/www.institutodeengenharia.org.br\/site\/wp-json\/wp\/v2\/users\/1"}],"replies":[{"embeddable":true,"href":"https:\/\/www.institutodeengenharia.org.br\/site\/wp-json\/wp\/v2\/comments?post=23682"}],"version-history":[{"count":0,"href":"https:\/\/www.institutodeengenharia.org.br\/site\/wp-json\/wp\/v2\/posts\/23682\/revisions"}],"wp:attachment":[{"href":"https:\/\/www.institutodeengenharia.org.br\/site\/wp-json\/wp\/v2\/media?parent=23682"}],"wp:term":[{"taxonomy":"category","embeddable":true,"href":"https:\/\/www.institutodeengenharia.org.br\/site\/wp-json\/wp\/v2\/categories?post=23682"},{"taxonomy":"post_tag","embeddable":true,"href":"https:\/\/www.institutodeengenharia.org.br\/site\/wp-json\/wp\/v2\/tags?post=23682"}],"curies":[{"name":"wp","href":"https:\/\/api.w.org\/{rel}","templated":true}]}}