{"id":23666,"date":"2013-07-26T23:54:18","date_gmt":"2013-07-26T23:54:18","guid":{"rendered":"https:\/\/www.institutodeengenharia.org.br\/?p=23666"},"modified":"2013-07-26T11:07:29","modified_gmt":"2013-07-26T11:07:29","slug":"cobertura-do-engenhao-no-rio-de-janeiro-sera-reforcada-com-cabos-estaiados","status":"publish","type":"post","link":"https:\/\/www.institutodeengenharia.org.br\/site\/2013\/07\/26\/cobertura-do-engenhao-no-rio-de-janeiro-sera-reforcada-com-cabos-estaiados\/","title":{"rendered":"Cobertura do Engenh\u00e3o, no Rio de Janeiro, ser\u00e1 refor\u00e7ada com cabos estaiados"},"content":{"rendered":"<p>A Empresa Municipal de Urbaniza\u00e7\u00e3o (RioUrbe) anunciou na \u00faltima quarta-feira (24) que o Est\u00e1dio Ol\u00edmpico Jo\u00e3o Havelange (Engenh\u00e3o), interditado desde de mar\u00e7o, j\u00e1 possui projeto definitivo de refor\u00e7o da cobertura. O projeto, da empresa alem\u00e3 SBP, a mesma que apontou as falhas ap\u00f3s um laudo t\u00e9cnico, consiste na instala\u00e7\u00e3o de dois cabos estaiados nos lados oeste e leste do est\u00e1dio, que v\u00e3o &#8220;pin\u00e7ar&#8221; a cobertura, distribuindo a carga das estruturas comprometidas.<\/p>\n<p>Segundo a empresa, ainda n\u00e3o h\u00e1 defini\u00e7\u00e3o do custo para os reparos na cobertura, mas a Prefeitura do Rio de Janeiro garantiu que n\u00e3o haver\u00e1 dinheiro p\u00fablico na nova interven\u00e7\u00e3o. <\/p>\n<p>As obras foram iniciadas neste m\u00eas, com a elabora\u00e7\u00e3o do projeto executivo e montagem do canteiro de obras no Engenh\u00e3o. Ainda neste ano, ser\u00e1 realizada a prepara\u00e7\u00e3o da cobertura e iniciada a instala\u00e7\u00e3o do sistema de cabos estaiados. Para o in\u00edcio de 2014, est\u00e1 prevista a pr\u00e9-montagem das bases da cobertura no solo. <\/p>\n<p>O est\u00e1dio deve ser reaberto em janeiro de 2015.<\/p>\n<p><b>Autor: T\u00e9chne<\/b><\/p>\n","protected":false},"excerpt":{"rendered":"<p>Cabos nos lados oeste e leste da arena v\u00e3o &#8220;pin\u00e7ar&#8221; a cobertura, distribuindo a carga das estruturas comprometidas, segundo a alem\u00e3 SBP<\/p>\n","protected":false},"author":1,"featured_media":23667,"comment_status":"open","ping_status":"open","sticky":false,"template":"","format":"standard","meta":{"footnotes":""},"categories":[10,6],"tags":[],"class_list":{"0":"post-23666","1":"post","2":"type-post","3":"status-publish","4":"format-standard","5":"has-post-thumbnail","7":"category-copa-2014","8":"category-noticias"},"yoast_head":"<!-- This site is optimized with the Yoast SEO plugin v27.2 - https:\/\/yoast.com\/product\/yoast-seo-wordpress\/ -->\n<title>Cobertura do Engenh\u00e3o, no Rio de Janeiro, ser\u00e1 refor\u00e7ada com cabos estaiados - Instituto de Engenharia<\/title>\n<meta name=\"robots\" content=\"index, follow, max-snippet:-1, max-image-preview:large, max-video-preview:-1\" \/>\n<link rel=\"canonical\" href=\"https:\/\/www.institutodeengenharia.org.br\/site\/2013\/07\/26\/cobertura-do-engenhao-no-rio-de-janeiro-sera-reforcada-com-cabos-estaiados\/\" \/>\n<meta property=\"og:locale\" content=\"pt_BR\" \/>\n<meta property=\"og:type\" content=\"article\" \/>\n<meta property=\"og:title\" content=\"Cobertura do Engenh\u00e3o, no Rio de Janeiro, ser\u00e1 refor\u00e7ada com cabos estaiados - Instituto de Engenharia\" \/>\n<meta property=\"og:description\" content=\"Cabos nos lados oeste e leste da arena v\u00e3o &quot;pin\u00e7ar&quot; a cobertura, distribuindo a carga das estruturas comprometidas, segundo a alem\u00e3 SBP\" \/>\n<meta property=\"og:url\" content=\"https:\/\/www.institutodeengenharia.org.br\/site\/2013\/07\/26\/cobertura-do-engenhao-no-rio-de-janeiro-sera-reforcada-com-cabos-estaiados\/\" \/>\n<meta property=\"og:site_name\" content=\"Instituto de Engenharia\" \/>\n<meta property=\"article:publisher\" content=\"https:\/\/www.facebook.com\/institutodeengenharia\" \/>\n<meta property=\"article:published_time\" content=\"2013-07-26T23:54:18+00:00\" \/>\n<meta property=\"og:image\" content=\"https:\/\/www.institutodeengenharia.org.br\/site\/wp-content\/uploads\/2017\/10\/estadio(1).jpg\" \/>\n\t<meta property=\"og:image:width\" content=\"610\" \/>\n\t<meta property=\"og:image:height\" content=\"431\" \/>\n\t<meta property=\"og:image:type\" content=\"image\/jpeg\" \/>\n<meta name=\"author\" content=\"TMax Tecnologia\" \/>\n<meta name=\"twitter:card\" content=\"summary_large_image\" \/>\n<meta name=\"twitter:creator\" content=\"@iengenharia\" \/>\n<meta name=\"twitter:site\" content=\"@iengenharia\" \/>\n<meta name=\"twitter:label1\" content=\"Escrito por\" \/>\n\t<meta name=\"twitter:data1\" content=\"TMax Tecnologia\" \/>\n\t<meta name=\"twitter:label2\" content=\"Est. tempo de leitura\" \/>\n\t<meta name=\"twitter:data2\" content=\"1 minuto\" \/>\n<script type=\"application\/ld+json\" class=\"yoast-schema-graph\">{\"@context\":\"https:\/\/schema.org\",\"@graph\":[{\"@type\":\"Article\",\"@id\":\"https:\/\/www.institutodeengenharia.org.br\/site\/2013\/07\/26\/cobertura-do-engenhao-no-rio-de-janeiro-sera-reforcada-com-cabos-estaiados\/#article\",\"isPartOf\":{\"@id\":\"https:\/\/www.institutodeengenharia.org.br\/site\/2013\/07\/26\/cobertura-do-engenhao-no-rio-de-janeiro-sera-reforcada-com-cabos-estaiados\/\"},\"author\":{\"name\":\"TMax Tecnologia\",\"@id\":\"https:\/\/www.institutodeengenharia.org.br\/site\/#\/schema\/person\/3b1ff109facef084739fc2edcb9a127f\"},\"headline\":\"Cobertura do Engenh\u00e3o, no Rio de Janeiro, ser\u00e1 refor\u00e7ada com cabos estaiados\",\"datePublished\":\"2013-07-26T23:54:18+00:00\",\"mainEntityOfPage\":{\"@id\":\"https:\/\/www.institutodeengenharia.org.br\/site\/2013\/07\/26\/cobertura-do-engenhao-no-rio-de-janeiro-sera-reforcada-com-cabos-estaiados\/\"},\"wordCount\":203,\"commentCount\":0,\"publisher\":{\"@id\":\"https:\/\/www.institutodeengenharia.org.br\/site\/#organization\"},\"image\":{\"@id\":\"https:\/\/www.institutodeengenharia.org.br\/site\/2013\/07\/26\/cobertura-do-engenhao-no-rio-de-janeiro-sera-reforcada-com-cabos-estaiados\/#primaryimage\"},\"thumbnailUrl\":\"https:\/\/www.institutodeengenharia.org.br\/site\/wp-content\/uploads\/2017\/10\/estadio(1).jpg\",\"articleSection\":[\"Copa 2014\",\"Not\u00edcias\"],\"inLanguage\":\"pt-BR\",\"potentialAction\":[{\"@type\":\"CommentAction\",\"name\":\"Comment\",\"target\":[\"https:\/\/www.institutodeengenharia.org.br\/site\/2013\/07\/26\/cobertura-do-engenhao-no-rio-de-janeiro-sera-reforcada-com-cabos-estaiados\/#respond\"]}]},{\"@type\":\"WebPage\",\"@id\":\"https:\/\/www.institutodeengenharia.org.br\/site\/2013\/07\/26\/cobertura-do-engenhao-no-rio-de-janeiro-sera-reforcada-com-cabos-estaiados\/\",\"url\":\"https:\/\/www.institutodeengenharia.org.br\/site\/2013\/07\/26\/cobertura-do-engenhao-no-rio-de-janeiro-sera-reforcada-com-cabos-estaiados\/\",\"name\":\"Cobertura do Engenh\u00e3o, no Rio de Janeiro, ser\u00e1 refor\u00e7ada com cabos estaiados - Instituto de Engenharia\",\"isPartOf\":{\"@id\":\"https:\/\/www.institutodeengenharia.org.br\/site\/#website\"},\"primaryImageOfPage\":{\"@id\":\"https:\/\/www.institutodeengenharia.org.br\/site\/2013\/07\/26\/cobertura-do-engenhao-no-rio-de-janeiro-sera-reforcada-com-cabos-estaiados\/#primaryimage\"},\"image\":{\"@id\":\"https:\/\/www.institutodeengenharia.org.br\/site\/2013\/07\/26\/cobertura-do-engenhao-no-rio-de-janeiro-sera-reforcada-com-cabos-estaiados\/#primaryimage\"},\"thumbnailUrl\":\"https:\/\/www.institutodeengenharia.org.br\/site\/wp-content\/uploads\/2017\/10\/estadio(1).jpg\",\"datePublished\":\"2013-07-26T23:54:18+00:00\",\"breadcrumb\":{\"@id\":\"https:\/\/www.institutodeengenharia.org.br\/site\/2013\/07\/26\/cobertura-do-engenhao-no-rio-de-janeiro-sera-reforcada-com-cabos-estaiados\/#breadcrumb\"},\"inLanguage\":\"pt-BR\",\"potentialAction\":[{\"@type\":\"ReadAction\",\"target\":[\"https:\/\/www.institutodeengenharia.org.br\/site\/2013\/07\/26\/cobertura-do-engenhao-no-rio-de-janeiro-sera-reforcada-com-cabos-estaiados\/\"]}]},{\"@type\":\"ImageObject\",\"inLanguage\":\"pt-BR\",\"@id\":\"https:\/\/www.institutodeengenharia.org.br\/site\/2013\/07\/26\/cobertura-do-engenhao-no-rio-de-janeiro-sera-reforcada-com-cabos-estaiados\/#primaryimage\",\"url\":\"https:\/\/www.institutodeengenharia.org.br\/site\/wp-content\/uploads\/2017\/10\/estadio(1).jpg\",\"contentUrl\":\"https:\/\/www.institutodeengenharia.org.br\/site\/wp-content\/uploads\/2017\/10\/estadio(1).jpg\",\"width\":610,\"height\":431},{\"@type\":\"BreadcrumbList\",\"@id\":\"https:\/\/www.institutodeengenharia.org.br\/site\/2013\/07\/26\/cobertura-do-engenhao-no-rio-de-janeiro-sera-reforcada-com-cabos-estaiados\/#breadcrumb\",\"itemListElement\":[{\"@type\":\"ListItem\",\"position\":1,\"name\":\"In\u00edcio\",\"item\":\"https:\/\/www.institutodeengenharia.org.br\/site\/\"},{\"@type\":\"ListItem\",\"position\":2,\"name\":\"Cobertura do Engenh\u00e3o, no Rio de Janeiro, ser\u00e1 refor\u00e7ada com cabos estaiados\"}]},{\"@type\":\"WebSite\",\"@id\":\"https:\/\/www.institutodeengenharia.org.br\/site\/#website\",\"url\":\"https:\/\/www.institutodeengenharia.org.br\/site\/\",\"name\":\"Instituto de Engenharia\",\"description\":\"O Instituto de Engenharia promove a Engenharia em benef\u00edcio do desenvolvimento e da qualidade de vida da sociedade.\",\"publisher\":{\"@id\":\"https:\/\/www.institutodeengenharia.org.br\/site\/#organization\"},\"potentialAction\":[{\"@type\":\"SearchAction\",\"target\":{\"@type\":\"EntryPoint\",\"urlTemplate\":\"https:\/\/www.institutodeengenharia.org.br\/site\/?s={search_term_string}\"},\"query-input\":{\"@type\":\"PropertyValueSpecification\",\"valueRequired\":true,\"valueName\":\"search_term_string\"}}],\"inLanguage\":\"pt-BR\"},{\"@type\":\"Organization\",\"@id\":\"https:\/\/www.institutodeengenharia.org.br\/site\/#organization\",\"name\":\"Instituto de Engenharia\",\"url\":\"https:\/\/www.institutodeengenharia.org.br\/site\/\",\"logo\":{\"@type\":\"ImageObject\",\"inLanguage\":\"pt-BR\",\"@id\":\"https:\/\/www.institutodeengenharia.org.br\/site\/#\/schema\/logo\/image\/\",\"url\":\"https:\/\/www.institutodeengenharia.org.br\/site\/wp-content\/uploads\/2019\/03\/logo-novo-IE2018-1.jpg\",\"contentUrl\":\"https:\/\/www.institutodeengenharia.org.br\/site\/wp-content\/uploads\/2019\/03\/logo-novo-IE2018-1.jpg\",\"width\":1486,\"height\":1879,\"caption\":\"Instituto de Engenharia\"},\"image\":{\"@id\":\"https:\/\/www.institutodeengenharia.org.br\/site\/#\/schema\/logo\/image\/\"},\"sameAs\":[\"https:\/\/www.facebook.com\/institutodeengenharia\",\"https:\/\/x.com\/iengenharia\",\"https:\/\/www.instagram.com\/institutodeengenharia\/\",\"https:\/\/www.linkedin.com\/company\/instituto-de-engenharia\/\",\"https:\/\/www.youtube.com\/channel\/UCXiCAlsSMe977vamW915HxA\"]},{\"@type\":\"Person\",\"@id\":\"https:\/\/www.institutodeengenharia.org.br\/site\/#\/schema\/person\/3b1ff109facef084739fc2edcb9a127f\",\"name\":\"TMax Tecnologia\",\"image\":{\"@type\":\"ImageObject\",\"inLanguage\":\"pt-BR\",\"@id\":\"https:\/\/secure.gravatar.com\/avatar\/f912434ef7f389c92cb311fcdae346af848465d638912574b3c669070f797701?s=96&d=mm&r=g\",\"url\":\"https:\/\/secure.gravatar.com\/avatar\/f912434ef7f389c92cb311fcdae346af848465d638912574b3c669070f797701?s=96&d=mm&r=g\",\"contentUrl\":\"https:\/\/secure.gravatar.com\/avatar\/f912434ef7f389c92cb311fcdae346af848465d638912574b3c669070f797701?s=96&d=mm&r=g\",\"caption\":\"TMax Tecnologia\"},\"url\":\"https:\/\/www.institutodeengenharia.org.br\/site\/author\/tmax\/\"}]}<\/script>\n<!-- \/ Yoast SEO plugin. -->","yoast_head_json":{"title":"Cobertura do Engenh\u00e3o, no Rio de Janeiro, ser\u00e1 refor\u00e7ada com cabos estaiados - Instituto de Engenharia","robots":{"index":"index","follow":"follow","max-snippet":"max-snippet:-1","max-image-preview":"max-image-preview:large","max-video-preview":"max-video-preview:-1"},"canonical":"https:\/\/www.institutodeengenharia.org.br\/site\/2013\/07\/26\/cobertura-do-engenhao-no-rio-de-janeiro-sera-reforcada-com-cabos-estaiados\/","og_locale":"pt_BR","og_type":"article","og_title":"Cobertura do Engenh\u00e3o, no Rio de Janeiro, ser\u00e1 refor\u00e7ada com cabos estaiados - Instituto de Engenharia","og_description":"Cabos nos lados oeste e leste da arena v\u00e3o \"pin\u00e7ar\" a cobertura, distribuindo a carga das estruturas comprometidas, segundo a alem\u00e3 SBP","og_url":"https:\/\/www.institutodeengenharia.org.br\/site\/2013\/07\/26\/cobertura-do-engenhao-no-rio-de-janeiro-sera-reforcada-com-cabos-estaiados\/","og_site_name":"Instituto de Engenharia","article_publisher":"https:\/\/www.facebook.com\/institutodeengenharia","article_published_time":"2013-07-26T23:54:18+00:00","og_image":[{"width":610,"height":431,"url":"https:\/\/www.institutodeengenharia.org.br\/site\/wp-content\/uploads\/2017\/10\/estadio(1).jpg","type":"image\/jpeg"}],"author":"TMax Tecnologia","twitter_card":"summary_large_image","twitter_creator":"@iengenharia","twitter_site":"@iengenharia","twitter_misc":{"Escrito por":"TMax Tecnologia","Est. tempo de leitura":"1 minuto"},"schema":{"@context":"https:\/\/schema.org","@graph":[{"@type":"Article","@id":"https:\/\/www.institutodeengenharia.org.br\/site\/2013\/07\/26\/cobertura-do-engenhao-no-rio-de-janeiro-sera-reforcada-com-cabos-estaiados\/#article","isPartOf":{"@id":"https:\/\/www.institutodeengenharia.org.br\/site\/2013\/07\/26\/cobertura-do-engenhao-no-rio-de-janeiro-sera-reforcada-com-cabos-estaiados\/"},"author":{"name":"TMax Tecnologia","@id":"https:\/\/www.institutodeengenharia.org.br\/site\/#\/schema\/person\/3b1ff109facef084739fc2edcb9a127f"},"headline":"Cobertura do Engenh\u00e3o, no Rio de Janeiro, ser\u00e1 refor\u00e7ada com cabos estaiados","datePublished":"2013-07-26T23:54:18+00:00","mainEntityOfPage":{"@id":"https:\/\/www.institutodeengenharia.org.br\/site\/2013\/07\/26\/cobertura-do-engenhao-no-rio-de-janeiro-sera-reforcada-com-cabos-estaiados\/"},"wordCount":203,"commentCount":0,"publisher":{"@id":"https:\/\/www.institutodeengenharia.org.br\/site\/#organization"},"image":{"@id":"https:\/\/www.institutodeengenharia.org.br\/site\/2013\/07\/26\/cobertura-do-engenhao-no-rio-de-janeiro-sera-reforcada-com-cabos-estaiados\/#primaryimage"},"thumbnailUrl":"https:\/\/www.institutodeengenharia.org.br\/site\/wp-content\/uploads\/2017\/10\/estadio(1).jpg","articleSection":["Copa 2014","Not\u00edcias"],"inLanguage":"pt-BR","potentialAction":[{"@type":"CommentAction","name":"Comment","target":["https:\/\/www.institutodeengenharia.org.br\/site\/2013\/07\/26\/cobertura-do-engenhao-no-rio-de-janeiro-sera-reforcada-com-cabos-estaiados\/#respond"]}]},{"@type":"WebPage","@id":"https:\/\/www.institutodeengenharia.org.br\/site\/2013\/07\/26\/cobertura-do-engenhao-no-rio-de-janeiro-sera-reforcada-com-cabos-estaiados\/","url":"https:\/\/www.institutodeengenharia.org.br\/site\/2013\/07\/26\/cobertura-do-engenhao-no-rio-de-janeiro-sera-reforcada-com-cabos-estaiados\/","name":"Cobertura do Engenh\u00e3o, no Rio de Janeiro, ser\u00e1 refor\u00e7ada com cabos estaiados - Instituto de Engenharia","isPartOf":{"@id":"https:\/\/www.institutodeengenharia.org.br\/site\/#website"},"primaryImageOfPage":{"@id":"https:\/\/www.institutodeengenharia.org.br\/site\/2013\/07\/26\/cobertura-do-engenhao-no-rio-de-janeiro-sera-reforcada-com-cabos-estaiados\/#primaryimage"},"image":{"@id":"https:\/\/www.institutodeengenharia.org.br\/site\/2013\/07\/26\/cobertura-do-engenhao-no-rio-de-janeiro-sera-reforcada-com-cabos-estaiados\/#primaryimage"},"thumbnailUrl":"https:\/\/www.institutodeengenharia.org.br\/site\/wp-content\/uploads\/2017\/10\/estadio(1).jpg","datePublished":"2013-07-26T23:54:18+00:00","breadcrumb":{"@id":"https:\/\/www.institutodeengenharia.org.br\/site\/2013\/07\/26\/cobertura-do-engenhao-no-rio-de-janeiro-sera-reforcada-com-cabos-estaiados\/#breadcrumb"},"inLanguage":"pt-BR","potentialAction":[{"@type":"ReadAction","target":["https:\/\/www.institutodeengenharia.org.br\/site\/2013\/07\/26\/cobertura-do-engenhao-no-rio-de-janeiro-sera-reforcada-com-cabos-estaiados\/"]}]},{"@type":"ImageObject","inLanguage":"pt-BR","@id":"https:\/\/www.institutodeengenharia.org.br\/site\/2013\/07\/26\/cobertura-do-engenhao-no-rio-de-janeiro-sera-reforcada-com-cabos-estaiados\/#primaryimage","url":"https:\/\/www.institutodeengenharia.org.br\/site\/wp-content\/uploads\/2017\/10\/estadio(1).jpg","contentUrl":"https:\/\/www.institutodeengenharia.org.br\/site\/wp-content\/uploads\/2017\/10\/estadio(1).jpg","width":610,"height":431},{"@type":"BreadcrumbList","@id":"https:\/\/www.institutodeengenharia.org.br\/site\/2013\/07\/26\/cobertura-do-engenhao-no-rio-de-janeiro-sera-reforcada-com-cabos-estaiados\/#breadcrumb","itemListElement":[{"@type":"ListItem","position":1,"name":"In\u00edcio","item":"https:\/\/www.institutodeengenharia.org.br\/site\/"},{"@type":"ListItem","position":2,"name":"Cobertura do Engenh\u00e3o, no Rio de Janeiro, ser\u00e1 refor\u00e7ada com cabos estaiados"}]},{"@type":"WebSite","@id":"https:\/\/www.institutodeengenharia.org.br\/site\/#website","url":"https:\/\/www.institutodeengenharia.org.br\/site\/","name":"Instituto de Engenharia","description":"O Instituto de Engenharia promove a Engenharia em benef\u00edcio do desenvolvimento e da qualidade de vida da sociedade.","publisher":{"@id":"https:\/\/www.institutodeengenharia.org.br\/site\/#organization"},"potentialAction":[{"@type":"SearchAction","target":{"@type":"EntryPoint","urlTemplate":"https:\/\/www.institutodeengenharia.org.br\/site\/?s={search_term_string}"},"query-input":{"@type":"PropertyValueSpecification","valueRequired":true,"valueName":"search_term_string"}}],"inLanguage":"pt-BR"},{"@type":"Organization","@id":"https:\/\/www.institutodeengenharia.org.br\/site\/#organization","name":"Instituto de Engenharia","url":"https:\/\/www.institutodeengenharia.org.br\/site\/","logo":{"@type":"ImageObject","inLanguage":"pt-BR","@id":"https:\/\/www.institutodeengenharia.org.br\/site\/#\/schema\/logo\/image\/","url":"https:\/\/www.institutodeengenharia.org.br\/site\/wp-content\/uploads\/2019\/03\/logo-novo-IE2018-1.jpg","contentUrl":"https:\/\/www.institutodeengenharia.org.br\/site\/wp-content\/uploads\/2019\/03\/logo-novo-IE2018-1.jpg","width":1486,"height":1879,"caption":"Instituto de Engenharia"},"image":{"@id":"https:\/\/www.institutodeengenharia.org.br\/site\/#\/schema\/logo\/image\/"},"sameAs":["https:\/\/www.facebook.com\/institutodeengenharia","https:\/\/x.com\/iengenharia","https:\/\/www.instagram.com\/institutodeengenharia\/","https:\/\/www.linkedin.com\/company\/instituto-de-engenharia\/","https:\/\/www.youtube.com\/channel\/UCXiCAlsSMe977vamW915HxA"]},{"@type":"Person","@id":"https:\/\/www.institutodeengenharia.org.br\/site\/#\/schema\/person\/3b1ff109facef084739fc2edcb9a127f","name":"TMax Tecnologia","image":{"@type":"ImageObject","inLanguage":"pt-BR","@id":"https:\/\/secure.gravatar.com\/avatar\/f912434ef7f389c92cb311fcdae346af848465d638912574b3c669070f797701?s=96&d=mm&r=g","url":"https:\/\/secure.gravatar.com\/avatar\/f912434ef7f389c92cb311fcdae346af848465d638912574b3c669070f797701?s=96&d=mm&r=g","contentUrl":"https:\/\/secure.gravatar.com\/avatar\/f912434ef7f389c92cb311fcdae346af848465d638912574b3c669070f797701?s=96&d=mm&r=g","caption":"TMax Tecnologia"},"url":"https:\/\/www.institutodeengenharia.org.br\/site\/author\/tmax\/"}]}},"_links":{"self":[{"href":"https:\/\/www.institutodeengenharia.org.br\/site\/wp-json\/wp\/v2\/posts\/23666","targetHints":{"allow":["GET"]}}],"collection":[{"href":"https:\/\/www.institutodeengenharia.org.br\/site\/wp-json\/wp\/v2\/posts"}],"about":[{"href":"https:\/\/www.institutodeengenharia.org.br\/site\/wp-json\/wp\/v2\/types\/post"}],"author":[{"embeddable":true,"href":"https:\/\/www.institutodeengenharia.org.br\/site\/wp-json\/wp\/v2\/users\/1"}],"replies":[{"embeddable":true,"href":"https:\/\/www.institutodeengenharia.org.br\/site\/wp-json\/wp\/v2\/comments?post=23666"}],"version-history":[{"count":0,"href":"https:\/\/www.institutodeengenharia.org.br\/site\/wp-json\/wp\/v2\/posts\/23666\/revisions"}],"wp:featuredmedia":[{"embeddable":true,"href":"https:\/\/www.institutodeengenharia.org.br\/site\/wp-json\/wp\/v2\/media\/23667"}],"wp:attachment":[{"href":"https:\/\/www.institutodeengenharia.org.br\/site\/wp-json\/wp\/v2\/media?parent=23666"}],"wp:term":[{"taxonomy":"category","embeddable":true,"href":"https:\/\/www.institutodeengenharia.org.br\/site\/wp-json\/wp\/v2\/categories?post=23666"},{"taxonomy":"post_tag","embeddable":true,"href":"https:\/\/www.institutodeengenharia.org.br\/site\/wp-json\/wp\/v2\/tags?post=23666"}],"curies":[{"name":"wp","href":"https:\/\/api.w.org\/{rel}","templated":true}]}}