{"id":23635,"date":"2013-07-18T23:54:00","date_gmt":"2013-07-18T23:54:00","guid":{"rendered":"https:\/\/www.institutodeengenharia.org.br\/?p=23635"},"modified":"2013-07-18T11:29:38","modified_gmt":"2013-07-18T11:29:38","slug":"estado-de-sao-paulo-tera-fundo-de-recursos-para-remediacao-de-areas-contaminadas","status":"publish","type":"post","link":"https:\/\/www.institutodeengenharia.org.br\/site\/2013\/07\/18\/estado-de-sao-paulo-tera-fundo-de-recursos-para-remediacao-de-areas-contaminadas\/","title":{"rendered":"Estado de S\u00e3o Paulo ter\u00e1 fundo de recursos para remedia\u00e7\u00e3o de \u00e1reas contaminadas"},"content":{"rendered":"<p>Sancionado em 5 de junho de 2013, o decreto n\u00ba 59.263 regulamenta a Lei n\u00ba 13.577, de 8 de julho de 2009, e detalha os processos de investiga\u00e7\u00e3o e remedia\u00e7\u00e3o de \u00e1reas contaminadas no Estado de S\u00e3o Paulo. Em geral, a lei trata da prote\u00e7\u00e3o da qualidade do solo contra contamina\u00e7\u00f5es e do cadastramento e tratamento de \u00e1reas contaminadas. Mas a grande novidade do decreto \u00e9 que, enfim, sair\u00e1 do papel o Fundo Estadual para Preven\u00e7\u00e3o e Remedia\u00e7\u00e3o de \u00c1reas Contaminadas (Feprac), fundo de investimento vinculado \u00e0 Secretaria do Meio Ambiente. <\/p>\n<p>O objetivo do Feprac \u00e9 disponibilizar recursos para que a Companhia Ambiental do Estado de S\u00e3o Paulo (Cetesb) possa investigar e remediar terrenos contaminados no Estado paulista, principalmente \u00e1reas p\u00fablicas &#8211; e tamb\u00e9m privadas &#8211; consideradas &#8220;\u00f3rf\u00e3s&#8221;, em que o respons\u00e1vel legal n\u00e3o atendeu \u00e0 legisla\u00e7\u00e3o. <\/p>\n<p>&#8220;O decreto tem muitas quest\u00f5es importantes, mas a principal \u00e9 a cria\u00e7\u00e3o do Feprac, que \u00e9 um fundo estadual com recursos para recupera\u00e7\u00e3o de \u00e1reas \u00f3rf\u00e3s p\u00fablicas e particulares tamb\u00e9m. Esperamos come\u00e7ar a oper\u00e1-lo em breve&#8221;, destacou o secret\u00e1rio estadual de Meio Ambiente, Bruno Covas, durante o semin\u00e1rio internacional Investiga\u00e7\u00e3o e Biorremedia\u00e7\u00e3o de \u00c1reas Complexas Contaminadas, realizado na \u00faltima ter\u00e7a-feira (16), em S\u00e3o Paulo. <\/p>\n<p>Para Elton Gloeden, gerente do departamento de \u00e1reas contaminadas da Cetesb, que tamb\u00e9m esteve no evento, &#8220;o decreto \u00e9 um marco para o setor&#8221;. Segundo ele, a Cetesb j\u00e1 est\u00e1 trabalhando para colocar o novo texto em pr\u00e1tica. Um dos primeiros passos, de acordo com ele, \u00e9 a cria\u00e7\u00e3o de um conselho gestor para o Feprac, que dever\u00e1 ser formado ainda este ano. <\/p>\n<p>Com a escassez de terrenos no mercado imobili\u00e1rio, a remedia\u00e7\u00e3o de \u00e1reas de contaminadas tem interessado cada vez mais as empresas do setor. Segundo levantamento da Cetesb, at\u00e9 dezembro de 2012 o Estado de S\u00e3o Paulo possu\u00eda mais de 4,5 mil \u00e1reas contaminadas registradas. H\u00e1 13 anos, em 2002, havia apenas 255 \u00e1reas registradas, segundo Gloeden.<\/p>\n<p><b>Autor: Revista Constru\u00e7\u00e3o Mercado<\/b><\/p>\n","protected":false},"excerpt":{"rendered":"<p>Decreto regulamenta lei 13.577-09 e prev\u00ea cria\u00e7\u00e3o do Feprac, que destinar\u00e1 recursos para a Cetesb recuperar \u00e1reas consideradas &#8220;\u00f3rf\u00e3s&#8221; <\/p>\n","protected":false},"author":1,"featured_media":23636,"comment_status":"open","ping_status":"open","sticky":false,"template":"","format":"standard","meta":{"footnotes":""},"categories":[31,6],"tags":[],"class_list":{"0":"post-23635","1":"post","2":"type-post","3":"status-publish","4":"format-standard","5":"has-post-thumbnail","7":"category-meio-ambiente","8":"category-noticias"},"yoast_head":"<!-- This site is optimized with the Yoast SEO plugin v27.2 - https:\/\/yoast.com\/product\/yoast-seo-wordpress\/ -->\n<title>Estado de S\u00e3o Paulo ter\u00e1 fundo de recursos para remedia\u00e7\u00e3o de \u00e1reas contaminadas - Instituto de Engenharia<\/title>\n<meta name=\"robots\" content=\"index, follow, max-snippet:-1, max-image-preview:large, max-video-preview:-1\" \/>\n<link rel=\"canonical\" href=\"https:\/\/www.institutodeengenharia.org.br\/site\/2013\/07\/18\/estado-de-sao-paulo-tera-fundo-de-recursos-para-remediacao-de-areas-contaminadas\/\" \/>\n<meta property=\"og:locale\" content=\"pt_BR\" \/>\n<meta property=\"og:type\" content=\"article\" \/>\n<meta property=\"og:title\" content=\"Estado de S\u00e3o Paulo ter\u00e1 fundo de recursos para remedia\u00e7\u00e3o de \u00e1reas contaminadas - Instituto de Engenharia\" \/>\n<meta property=\"og:description\" content=\"Decreto regulamenta lei 13.577-09 e prev\u00ea cria\u00e7\u00e3o do Feprac, que destinar\u00e1 recursos para a Cetesb recuperar \u00e1reas consideradas &quot;\u00f3rf\u00e3s&quot;\" \/>\n<meta property=\"og:url\" content=\"https:\/\/www.institutodeengenharia.org.br\/site\/2013\/07\/18\/estado-de-sao-paulo-tera-fundo-de-recursos-para-remediacao-de-areas-contaminadas\/\" \/>\n<meta property=\"og:site_name\" content=\"Instituto de Engenharia\" \/>\n<meta property=\"article:publisher\" content=\"https:\/\/www.facebook.com\/institutodeengenharia\" \/>\n<meta property=\"article:published_time\" content=\"2013-07-18T23:54:00+00:00\" \/>\n<meta property=\"og:image\" content=\"https:\/\/www.institutodeengenharia.org.br\/site\/wp-content\/uploads\/2017\/10\/solo.jpg\" \/>\n\t<meta property=\"og:image:width\" content=\"300\" \/>\n\t<meta property=\"og:image:height\" content=\"200\" \/>\n\t<meta property=\"og:image:type\" content=\"image\/jpeg\" \/>\n<meta name=\"author\" content=\"TMax Tecnologia\" \/>\n<meta name=\"twitter:card\" content=\"summary_large_image\" \/>\n<meta name=\"twitter:creator\" content=\"@iengenharia\" \/>\n<meta name=\"twitter:site\" content=\"@iengenharia\" \/>\n<meta name=\"twitter:label1\" content=\"Escrito por\" \/>\n\t<meta name=\"twitter:data1\" content=\"TMax Tecnologia\" \/>\n\t<meta name=\"twitter:label2\" content=\"Est. tempo de leitura\" \/>\n\t<meta name=\"twitter:data2\" content=\"2 minutos\" \/>\n<script type=\"application\/ld+json\" class=\"yoast-schema-graph\">{\"@context\":\"https:\/\/schema.org\",\"@graph\":[{\"@type\":\"Article\",\"@id\":\"https:\/\/www.institutodeengenharia.org.br\/site\/2013\/07\/18\/estado-de-sao-paulo-tera-fundo-de-recursos-para-remediacao-de-areas-contaminadas\/#article\",\"isPartOf\":{\"@id\":\"https:\/\/www.institutodeengenharia.org.br\/site\/2013\/07\/18\/estado-de-sao-paulo-tera-fundo-de-recursos-para-remediacao-de-areas-contaminadas\/\"},\"author\":{\"name\":\"TMax Tecnologia\",\"@id\":\"https:\/\/www.institutodeengenharia.org.br\/site\/#\/schema\/person\/3b1ff109facef084739fc2edcb9a127f\"},\"headline\":\"Estado de S\u00e3o Paulo ter\u00e1 fundo de recursos para remedia\u00e7\u00e3o de \u00e1reas contaminadas\",\"datePublished\":\"2013-07-18T23:54:00+00:00\",\"mainEntityOfPage\":{\"@id\":\"https:\/\/www.institutodeengenharia.org.br\/site\/2013\/07\/18\/estado-de-sao-paulo-tera-fundo-de-recursos-para-remediacao-de-areas-contaminadas\/\"},\"wordCount\":355,\"commentCount\":0,\"publisher\":{\"@id\":\"https:\/\/www.institutodeengenharia.org.br\/site\/#organization\"},\"image\":{\"@id\":\"https:\/\/www.institutodeengenharia.org.br\/site\/2013\/07\/18\/estado-de-sao-paulo-tera-fundo-de-recursos-para-remediacao-de-areas-contaminadas\/#primaryimage\"},\"thumbnailUrl\":\"https:\/\/www.institutodeengenharia.org.br\/site\/wp-content\/uploads\/2017\/10\/solo.jpg\",\"articleSection\":[\"Meio Ambiente\",\"Not\u00edcias\"],\"inLanguage\":\"pt-BR\",\"potentialAction\":[{\"@type\":\"CommentAction\",\"name\":\"Comment\",\"target\":[\"https:\/\/www.institutodeengenharia.org.br\/site\/2013\/07\/18\/estado-de-sao-paulo-tera-fundo-de-recursos-para-remediacao-de-areas-contaminadas\/#respond\"]}]},{\"@type\":\"WebPage\",\"@id\":\"https:\/\/www.institutodeengenharia.org.br\/site\/2013\/07\/18\/estado-de-sao-paulo-tera-fundo-de-recursos-para-remediacao-de-areas-contaminadas\/\",\"url\":\"https:\/\/www.institutodeengenharia.org.br\/site\/2013\/07\/18\/estado-de-sao-paulo-tera-fundo-de-recursos-para-remediacao-de-areas-contaminadas\/\",\"name\":\"Estado de S\u00e3o Paulo ter\u00e1 fundo de recursos para remedia\u00e7\u00e3o de \u00e1reas contaminadas - Instituto de Engenharia\",\"isPartOf\":{\"@id\":\"https:\/\/www.institutodeengenharia.org.br\/site\/#website\"},\"primaryImageOfPage\":{\"@id\":\"https:\/\/www.institutodeengenharia.org.br\/site\/2013\/07\/18\/estado-de-sao-paulo-tera-fundo-de-recursos-para-remediacao-de-areas-contaminadas\/#primaryimage\"},\"image\":{\"@id\":\"https:\/\/www.institutodeengenharia.org.br\/site\/2013\/07\/18\/estado-de-sao-paulo-tera-fundo-de-recursos-para-remediacao-de-areas-contaminadas\/#primaryimage\"},\"thumbnailUrl\":\"https:\/\/www.institutodeengenharia.org.br\/site\/wp-content\/uploads\/2017\/10\/solo.jpg\",\"datePublished\":\"2013-07-18T23:54:00+00:00\",\"breadcrumb\":{\"@id\":\"https:\/\/www.institutodeengenharia.org.br\/site\/2013\/07\/18\/estado-de-sao-paulo-tera-fundo-de-recursos-para-remediacao-de-areas-contaminadas\/#breadcrumb\"},\"inLanguage\":\"pt-BR\",\"potentialAction\":[{\"@type\":\"ReadAction\",\"target\":[\"https:\/\/www.institutodeengenharia.org.br\/site\/2013\/07\/18\/estado-de-sao-paulo-tera-fundo-de-recursos-para-remediacao-de-areas-contaminadas\/\"]}]},{\"@type\":\"ImageObject\",\"inLanguage\":\"pt-BR\",\"@id\":\"https:\/\/www.institutodeengenharia.org.br\/site\/2013\/07\/18\/estado-de-sao-paulo-tera-fundo-de-recursos-para-remediacao-de-areas-contaminadas\/#primaryimage\",\"url\":\"https:\/\/www.institutodeengenharia.org.br\/site\/wp-content\/uploads\/2017\/10\/solo.jpg\",\"contentUrl\":\"https:\/\/www.institutodeengenharia.org.br\/site\/wp-content\/uploads\/2017\/10\/solo.jpg\",\"width\":300,\"height\":200},{\"@type\":\"BreadcrumbList\",\"@id\":\"https:\/\/www.institutodeengenharia.org.br\/site\/2013\/07\/18\/estado-de-sao-paulo-tera-fundo-de-recursos-para-remediacao-de-areas-contaminadas\/#breadcrumb\",\"itemListElement\":[{\"@type\":\"ListItem\",\"position\":1,\"name\":\"In\u00edcio\",\"item\":\"https:\/\/www.institutodeengenharia.org.br\/site\/\"},{\"@type\":\"ListItem\",\"position\":2,\"name\":\"Estado de S\u00e3o Paulo ter\u00e1 fundo de recursos para remedia\u00e7\u00e3o de \u00e1reas contaminadas\"}]},{\"@type\":\"WebSite\",\"@id\":\"https:\/\/www.institutodeengenharia.org.br\/site\/#website\",\"url\":\"https:\/\/www.institutodeengenharia.org.br\/site\/\",\"name\":\"Instituto de Engenharia\",\"description\":\"O Instituto de Engenharia promove a Engenharia em benef\u00edcio do desenvolvimento e da qualidade de vida da sociedade.\",\"publisher\":{\"@id\":\"https:\/\/www.institutodeengenharia.org.br\/site\/#organization\"},\"potentialAction\":[{\"@type\":\"SearchAction\",\"target\":{\"@type\":\"EntryPoint\",\"urlTemplate\":\"https:\/\/www.institutodeengenharia.org.br\/site\/?s={search_term_string}\"},\"query-input\":{\"@type\":\"PropertyValueSpecification\",\"valueRequired\":true,\"valueName\":\"search_term_string\"}}],\"inLanguage\":\"pt-BR\"},{\"@type\":\"Organization\",\"@id\":\"https:\/\/www.institutodeengenharia.org.br\/site\/#organization\",\"name\":\"Instituto de Engenharia\",\"url\":\"https:\/\/www.institutodeengenharia.org.br\/site\/\",\"logo\":{\"@type\":\"ImageObject\",\"inLanguage\":\"pt-BR\",\"@id\":\"https:\/\/www.institutodeengenharia.org.br\/site\/#\/schema\/logo\/image\/\",\"url\":\"https:\/\/www.institutodeengenharia.org.br\/site\/wp-content\/uploads\/2019\/03\/logo-novo-IE2018-1.jpg\",\"contentUrl\":\"https:\/\/www.institutodeengenharia.org.br\/site\/wp-content\/uploads\/2019\/03\/logo-novo-IE2018-1.jpg\",\"width\":1486,\"height\":1879,\"caption\":\"Instituto de Engenharia\"},\"image\":{\"@id\":\"https:\/\/www.institutodeengenharia.org.br\/site\/#\/schema\/logo\/image\/\"},\"sameAs\":[\"https:\/\/www.facebook.com\/institutodeengenharia\",\"https:\/\/x.com\/iengenharia\",\"https:\/\/www.instagram.com\/institutodeengenharia\/\",\"https:\/\/www.linkedin.com\/company\/instituto-de-engenharia\/\",\"https:\/\/www.youtube.com\/channel\/UCXiCAlsSMe977vamW915HxA\"]},{\"@type\":\"Person\",\"@id\":\"https:\/\/www.institutodeengenharia.org.br\/site\/#\/schema\/person\/3b1ff109facef084739fc2edcb9a127f\",\"name\":\"TMax Tecnologia\",\"image\":{\"@type\":\"ImageObject\",\"inLanguage\":\"pt-BR\",\"@id\":\"https:\/\/secure.gravatar.com\/avatar\/f912434ef7f389c92cb311fcdae346af848465d638912574b3c669070f797701?s=96&d=mm&r=g\",\"url\":\"https:\/\/secure.gravatar.com\/avatar\/f912434ef7f389c92cb311fcdae346af848465d638912574b3c669070f797701?s=96&d=mm&r=g\",\"contentUrl\":\"https:\/\/secure.gravatar.com\/avatar\/f912434ef7f389c92cb311fcdae346af848465d638912574b3c669070f797701?s=96&d=mm&r=g\",\"caption\":\"TMax Tecnologia\"},\"url\":\"https:\/\/www.institutodeengenharia.org.br\/site\/author\/tmax\/\"}]}<\/script>\n<!-- \/ Yoast SEO plugin. -->","yoast_head_json":{"title":"Estado de S\u00e3o Paulo ter\u00e1 fundo de recursos para remedia\u00e7\u00e3o de \u00e1reas contaminadas - Instituto de Engenharia","robots":{"index":"index","follow":"follow","max-snippet":"max-snippet:-1","max-image-preview":"max-image-preview:large","max-video-preview":"max-video-preview:-1"},"canonical":"https:\/\/www.institutodeengenharia.org.br\/site\/2013\/07\/18\/estado-de-sao-paulo-tera-fundo-de-recursos-para-remediacao-de-areas-contaminadas\/","og_locale":"pt_BR","og_type":"article","og_title":"Estado de S\u00e3o Paulo ter\u00e1 fundo de recursos para remedia\u00e7\u00e3o de \u00e1reas contaminadas - Instituto de Engenharia","og_description":"Decreto regulamenta lei 13.577-09 e prev\u00ea cria\u00e7\u00e3o do Feprac, que destinar\u00e1 recursos para a Cetesb recuperar \u00e1reas consideradas \"\u00f3rf\u00e3s\"","og_url":"https:\/\/www.institutodeengenharia.org.br\/site\/2013\/07\/18\/estado-de-sao-paulo-tera-fundo-de-recursos-para-remediacao-de-areas-contaminadas\/","og_site_name":"Instituto de Engenharia","article_publisher":"https:\/\/www.facebook.com\/institutodeengenharia","article_published_time":"2013-07-18T23:54:00+00:00","og_image":[{"width":300,"height":200,"url":"https:\/\/www.institutodeengenharia.org.br\/site\/wp-content\/uploads\/2017\/10\/solo.jpg","type":"image\/jpeg"}],"author":"TMax Tecnologia","twitter_card":"summary_large_image","twitter_creator":"@iengenharia","twitter_site":"@iengenharia","twitter_misc":{"Escrito por":"TMax Tecnologia","Est. tempo de leitura":"2 minutos"},"schema":{"@context":"https:\/\/schema.org","@graph":[{"@type":"Article","@id":"https:\/\/www.institutodeengenharia.org.br\/site\/2013\/07\/18\/estado-de-sao-paulo-tera-fundo-de-recursos-para-remediacao-de-areas-contaminadas\/#article","isPartOf":{"@id":"https:\/\/www.institutodeengenharia.org.br\/site\/2013\/07\/18\/estado-de-sao-paulo-tera-fundo-de-recursos-para-remediacao-de-areas-contaminadas\/"},"author":{"name":"TMax Tecnologia","@id":"https:\/\/www.institutodeengenharia.org.br\/site\/#\/schema\/person\/3b1ff109facef084739fc2edcb9a127f"},"headline":"Estado de S\u00e3o Paulo ter\u00e1 fundo de recursos para remedia\u00e7\u00e3o de \u00e1reas contaminadas","datePublished":"2013-07-18T23:54:00+00:00","mainEntityOfPage":{"@id":"https:\/\/www.institutodeengenharia.org.br\/site\/2013\/07\/18\/estado-de-sao-paulo-tera-fundo-de-recursos-para-remediacao-de-areas-contaminadas\/"},"wordCount":355,"commentCount":0,"publisher":{"@id":"https:\/\/www.institutodeengenharia.org.br\/site\/#organization"},"image":{"@id":"https:\/\/www.institutodeengenharia.org.br\/site\/2013\/07\/18\/estado-de-sao-paulo-tera-fundo-de-recursos-para-remediacao-de-areas-contaminadas\/#primaryimage"},"thumbnailUrl":"https:\/\/www.institutodeengenharia.org.br\/site\/wp-content\/uploads\/2017\/10\/solo.jpg","articleSection":["Meio Ambiente","Not\u00edcias"],"inLanguage":"pt-BR","potentialAction":[{"@type":"CommentAction","name":"Comment","target":["https:\/\/www.institutodeengenharia.org.br\/site\/2013\/07\/18\/estado-de-sao-paulo-tera-fundo-de-recursos-para-remediacao-de-areas-contaminadas\/#respond"]}]},{"@type":"WebPage","@id":"https:\/\/www.institutodeengenharia.org.br\/site\/2013\/07\/18\/estado-de-sao-paulo-tera-fundo-de-recursos-para-remediacao-de-areas-contaminadas\/","url":"https:\/\/www.institutodeengenharia.org.br\/site\/2013\/07\/18\/estado-de-sao-paulo-tera-fundo-de-recursos-para-remediacao-de-areas-contaminadas\/","name":"Estado de S\u00e3o Paulo ter\u00e1 fundo de recursos para remedia\u00e7\u00e3o de \u00e1reas contaminadas - Instituto de Engenharia","isPartOf":{"@id":"https:\/\/www.institutodeengenharia.org.br\/site\/#website"},"primaryImageOfPage":{"@id":"https:\/\/www.institutodeengenharia.org.br\/site\/2013\/07\/18\/estado-de-sao-paulo-tera-fundo-de-recursos-para-remediacao-de-areas-contaminadas\/#primaryimage"},"image":{"@id":"https:\/\/www.institutodeengenharia.org.br\/site\/2013\/07\/18\/estado-de-sao-paulo-tera-fundo-de-recursos-para-remediacao-de-areas-contaminadas\/#primaryimage"},"thumbnailUrl":"https:\/\/www.institutodeengenharia.org.br\/site\/wp-content\/uploads\/2017\/10\/solo.jpg","datePublished":"2013-07-18T23:54:00+00:00","breadcrumb":{"@id":"https:\/\/www.institutodeengenharia.org.br\/site\/2013\/07\/18\/estado-de-sao-paulo-tera-fundo-de-recursos-para-remediacao-de-areas-contaminadas\/#breadcrumb"},"inLanguage":"pt-BR","potentialAction":[{"@type":"ReadAction","target":["https:\/\/www.institutodeengenharia.org.br\/site\/2013\/07\/18\/estado-de-sao-paulo-tera-fundo-de-recursos-para-remediacao-de-areas-contaminadas\/"]}]},{"@type":"ImageObject","inLanguage":"pt-BR","@id":"https:\/\/www.institutodeengenharia.org.br\/site\/2013\/07\/18\/estado-de-sao-paulo-tera-fundo-de-recursos-para-remediacao-de-areas-contaminadas\/#primaryimage","url":"https:\/\/www.institutodeengenharia.org.br\/site\/wp-content\/uploads\/2017\/10\/solo.jpg","contentUrl":"https:\/\/www.institutodeengenharia.org.br\/site\/wp-content\/uploads\/2017\/10\/solo.jpg","width":300,"height":200},{"@type":"BreadcrumbList","@id":"https:\/\/www.institutodeengenharia.org.br\/site\/2013\/07\/18\/estado-de-sao-paulo-tera-fundo-de-recursos-para-remediacao-de-areas-contaminadas\/#breadcrumb","itemListElement":[{"@type":"ListItem","position":1,"name":"In\u00edcio","item":"https:\/\/www.institutodeengenharia.org.br\/site\/"},{"@type":"ListItem","position":2,"name":"Estado de S\u00e3o Paulo ter\u00e1 fundo de recursos para remedia\u00e7\u00e3o de \u00e1reas contaminadas"}]},{"@type":"WebSite","@id":"https:\/\/www.institutodeengenharia.org.br\/site\/#website","url":"https:\/\/www.institutodeengenharia.org.br\/site\/","name":"Instituto de Engenharia","description":"O Instituto de Engenharia promove a Engenharia em benef\u00edcio do desenvolvimento e da qualidade de vida da sociedade.","publisher":{"@id":"https:\/\/www.institutodeengenharia.org.br\/site\/#organization"},"potentialAction":[{"@type":"SearchAction","target":{"@type":"EntryPoint","urlTemplate":"https:\/\/www.institutodeengenharia.org.br\/site\/?s={search_term_string}"},"query-input":{"@type":"PropertyValueSpecification","valueRequired":true,"valueName":"search_term_string"}}],"inLanguage":"pt-BR"},{"@type":"Organization","@id":"https:\/\/www.institutodeengenharia.org.br\/site\/#organization","name":"Instituto de Engenharia","url":"https:\/\/www.institutodeengenharia.org.br\/site\/","logo":{"@type":"ImageObject","inLanguage":"pt-BR","@id":"https:\/\/www.institutodeengenharia.org.br\/site\/#\/schema\/logo\/image\/","url":"https:\/\/www.institutodeengenharia.org.br\/site\/wp-content\/uploads\/2019\/03\/logo-novo-IE2018-1.jpg","contentUrl":"https:\/\/www.institutodeengenharia.org.br\/site\/wp-content\/uploads\/2019\/03\/logo-novo-IE2018-1.jpg","width":1486,"height":1879,"caption":"Instituto de Engenharia"},"image":{"@id":"https:\/\/www.institutodeengenharia.org.br\/site\/#\/schema\/logo\/image\/"},"sameAs":["https:\/\/www.facebook.com\/institutodeengenharia","https:\/\/x.com\/iengenharia","https:\/\/www.instagram.com\/institutodeengenharia\/","https:\/\/www.linkedin.com\/company\/instituto-de-engenharia\/","https:\/\/www.youtube.com\/channel\/UCXiCAlsSMe977vamW915HxA"]},{"@type":"Person","@id":"https:\/\/www.institutodeengenharia.org.br\/site\/#\/schema\/person\/3b1ff109facef084739fc2edcb9a127f","name":"TMax Tecnologia","image":{"@type":"ImageObject","inLanguage":"pt-BR","@id":"https:\/\/secure.gravatar.com\/avatar\/f912434ef7f389c92cb311fcdae346af848465d638912574b3c669070f797701?s=96&d=mm&r=g","url":"https:\/\/secure.gravatar.com\/avatar\/f912434ef7f389c92cb311fcdae346af848465d638912574b3c669070f797701?s=96&d=mm&r=g","contentUrl":"https:\/\/secure.gravatar.com\/avatar\/f912434ef7f389c92cb311fcdae346af848465d638912574b3c669070f797701?s=96&d=mm&r=g","caption":"TMax Tecnologia"},"url":"https:\/\/www.institutodeengenharia.org.br\/site\/author\/tmax\/"}]}},"_links":{"self":[{"href":"https:\/\/www.institutodeengenharia.org.br\/site\/wp-json\/wp\/v2\/posts\/23635","targetHints":{"allow":["GET"]}}],"collection":[{"href":"https:\/\/www.institutodeengenharia.org.br\/site\/wp-json\/wp\/v2\/posts"}],"about":[{"href":"https:\/\/www.institutodeengenharia.org.br\/site\/wp-json\/wp\/v2\/types\/post"}],"author":[{"embeddable":true,"href":"https:\/\/www.institutodeengenharia.org.br\/site\/wp-json\/wp\/v2\/users\/1"}],"replies":[{"embeddable":true,"href":"https:\/\/www.institutodeengenharia.org.br\/site\/wp-json\/wp\/v2\/comments?post=23635"}],"version-history":[{"count":0,"href":"https:\/\/www.institutodeengenharia.org.br\/site\/wp-json\/wp\/v2\/posts\/23635\/revisions"}],"wp:featuredmedia":[{"embeddable":true,"href":"https:\/\/www.institutodeengenharia.org.br\/site\/wp-json\/wp\/v2\/media\/23636"}],"wp:attachment":[{"href":"https:\/\/www.institutodeengenharia.org.br\/site\/wp-json\/wp\/v2\/media?parent=23635"}],"wp:term":[{"taxonomy":"category","embeddable":true,"href":"https:\/\/www.institutodeengenharia.org.br\/site\/wp-json\/wp\/v2\/categories?post=23635"},{"taxonomy":"post_tag","embeddable":true,"href":"https:\/\/www.institutodeengenharia.org.br\/site\/wp-json\/wp\/v2\/tags?post=23635"}],"curies":[{"name":"wp","href":"https:\/\/api.w.org\/{rel}","templated":true}]}}